{"id":12447,"date":"2015-12-01T08:24:56","date_gmt":"2015-12-01T07:24:56","guid":{"rendered":"https:\/\/www.m-q.ch\/?p=12447"},"modified":"2021-02-17T09:18:12","modified_gmt":"2021-02-17T08:18:12","slug":"qualitaet-ist-nichts-statisches","status":"publish","type":"post","link":"https:\/\/www.m-q.ch\/de\/qualitaet-ist-nichts-statisches\/","title":{"rendered":"\u00abQualit\u00e4t ist nichts Statisches\u00bb"},"content":{"rendered":"<p><img loading=\"lazy\" decoding=\"async\" class=\"alignnone size-full wp-image-12462\" src=\"https:\/\/www.m-q.ch\/wp-content\/uploads\/2021\/02\/Qualitaet-ist-nichts-Statisches.jpg\" alt=\"\u00abQualit\u00e4t ist nichts Statisches\u00bb\" width=\"840\" height=\"735\" srcset=\"https:\/\/www.m-q.ch\/wp-content\/uploads\/2021\/02\/Qualitaet-ist-nichts-Statisches.jpg 840w, https:\/\/www.m-q.ch\/wp-content\/uploads\/2021\/02\/Qualitaet-ist-nichts-Statisches-768x672.jpg 768w, https:\/\/www.m-q.ch\/wp-content\/uploads\/2021\/02\/Qualitaet-ist-nichts-Statisches-14x12.jpg 14w, https:\/\/www.m-q.ch\/wp-content\/uploads\/2021\/02\/Qualitaet-ist-nichts-Statisches-200x175.jpg 200w, https:\/\/www.m-q.ch\/wp-content\/uploads\/2021\/02\/Qualitaet-ist-nichts-Statisches-400x350.jpg 400w, https:\/\/www.m-q.ch\/wp-content\/uploads\/2021\/02\/Qualitaet-ist-nichts-Statisches-300x263.jpg 300w\" sizes=\"auto, (max-width: 840px) 100vw, 840px\" \/><\/p>\n<p>&nbsp;<\/p>\n<p>&nbsp;<\/p>\n<p>&nbsp;<\/p>\n<p>Ruedi Lustenberger hat vor knapp zwei Jahren das Pr\u00e4sidium der SAQ \u00fcbernommen. Nach seinem R\u00fccktritt aus der Politik \u2013 er sass seit 1999 f\u00fcr die Luzerner CVP im Nationalrat \u2013 hat er nun mehr Zeit, sich seiner Verbandst\u00e4tigkeit zu widmen.<\/p>\n<p>&nbsp;<\/p>\n<p><em><strong>Herr Lustenberger, wie haben Sie das Jubil\u00e4umsjahr aus Ihrer ganz pers\u00f6nlichen Warte erlebt?<\/strong> <\/em><\/p>\n<p><em>Ruedi Lustenberger:<\/em> Ich habe es gleichsam als \u00abjunger\u00bb Pr\u00e4sident \u2013 also im Sinne von \u00abjung an Amtsjahren \u00bb \u2013 erleben d\u00fcrfen. Zusammen mit dem Gesch\u00e4ftsf\u00fchrer und dem Vorstand konnte ich die Anl\u00e4sse vorbereiten und durfte schliesslich feststellen, dass wir die verschiedenen Aktivit\u00e4ten \u00fcber eine ideale Zeitspanne entfalten konnten. Besonders gut gefallen haben mir alle die jungen Leute, die wir am Tag der Schweizer Qualit\u00e4t als Qualit\u00e4tsbotschafter ausgezeichnet haben. Mit diesen jungen Berufsleuten, die an den Berufsmeisterschaften der Swiss Skills dabei waren, konnten wir ein gutes Zeichen setzen.<\/p>\n<p>&nbsp;<\/p>\n<p><em><strong>Wie geht es nun mit diesen Qualit\u00e4tsbotschaftern weiter?<\/strong> <\/em><\/p>\n<p>Wir werden uns an einer n\u00e4chsten Vorstandssitzung noch Gedanken machen, wie wir den Nutzen der Qualit\u00e4tsbotschafter allenfalls noch nachhaltiger gestalten k\u00f6nnen. Entschieden ist noch nichts, aber die Idee war in jedem Fall gut. Weil: Bei allen diesen jungen Leuten konnte man an den Swiss Skills \u2013 und auch an den World Skills \u2013 beobachten, wie sie die Schweizer Qualit\u00e4t, die weltweit einen guten Ruf geniesst, verk\u00f6rpert und lebendig dargestellt haben. Mir liegt unser duales Berufsbildungssystem sehr am Herzen, ich habe ja selber zwei Dutzend Lehrlinge in meiner Schreinerei ausgebildet. Es war ein sch\u00f6nes Zeichen der SAQ, in ihrem Jubil\u00e4umsjahr genau darauf zur\u00fcckzugreifen. Denn es ist unser Bildungssystem, welches die Schweizer Qualit\u00e4t am Leben erh\u00e4lt und in die Zukunft tr\u00e4gt. Wir hatten zudem eine w\u00fcrdige Jubil\u00e4umsfeier anl\u00e4sslich des Tags der Schweizer Qualit\u00e4t. Besonders hat mich gefreut, dass Bundesr\u00e4tin Doris Leuthard diese Feier beehrt hat. Denn es ist nicht selbstverst\u00e4ndlich, dass ein Mitglied der Landesregierung einem Verband, der 50-j\u00e4hrig wird, einfach so die Ehre erweist.<\/p>\n<p>&nbsp;<\/p>\n<p><em><strong>Wie sind Sie zufrieden mit der Wahrnehmung des Verbands in der \u00d6ffentlichkeit? Ein Auftritt eines Bundesrats m\u00fcsste ja auf eine hohe Relevanz hindeuten.<\/strong> <\/em><\/p>\n<p>Wenn ein Verband wie die SAQ irgendwo noch einen Nachholbedarf hat, dann ist es in diesem Bereich \u2013 nach dem Motto: Tue Gutes und rede dar\u00fcber. Klar: Unsere Mitglieder kennen die SAQ und sch\u00e4tzen ihre Arbeit. Doch in der breiten \u00d6ffentlichkeit sind wir noch zu wenig bekannt. Oder anders gesagt: Alle Menschen, die sich tagt\u00e4glich mit Qualit\u00e4t befassen, haben in der \u00d6ffentlichkeit nicht die Wahrnehmung, die sie eigentlich verdienen w\u00fcrden.<\/p>\n<p>&nbsp;<\/p>\n<p><em><strong>Sie konnten als \u00abjunger\u00bb Pr\u00e4sident das Jubil\u00e4umsjahr gleichsam nutzen, den Verband von der Pike auf kennenzulernen, sei es an der Jubil\u00e4umsfeier oder an einem \u00abVerbands- Gipfeltreffen\u00bb in Zermatt. Worin bestanden denn f\u00fcr Sie weitere H\u00f6hepunkte?<\/strong> <\/em><\/p>\n<p>Diese Frage, finde ich, ist gut gestellt. Denn als Pr\u00e4sident, der gerade mal anderthalb Jahre im Amt ist, hatte ich an diesem Gipfeltreffen die Gelegenheit, unsere Basis besser kennenzulernen. Ich ziehe in diesem Zusammenhang gerne den Vergleich zu vielen anderen Organisationen: Die SAQ ist ja \u00e4hnlich aufgestellt wie die Eidgenossenschaft. Mit ihren Sektionen ist sie f\u00f6deral organisiert wie die Schweiz mit ihren Kantonen. F\u00f6deralismus ist eben ein gutes Modell; mehr noch: Unser System ist nicht nur f\u00f6deral, sondern auch subsidi\u00e4r. Diese Kombination von F\u00f6deralismus und Subsidiarit\u00e4t garantiert denn auch den Erfolg, weil Verantwortung und Kompetenzen an die Basis delegiert werden.<\/p>\n<p>&nbsp;<\/p>\n<p><em><strong>Doch nun h\u00f6rt man immer wieder von Nachwuchssorgen bei Verb\u00e4nden: Es werde immer schwieriger, j\u00fcngere Vorstandsmitglieder zu finden. Was unternimmt die SAQ diesbez\u00fcglich, um auch in Zukunft weiterhin gut aufgestellt zu bleiben?<\/strong><\/em><\/p>\n<p>Auf der Ebene der SAQ-Dachorganisation mache ich mir diesbez\u00fcglich keine Sorgen. Vor zehn Jahren hatten wir das grosse Gl\u00fcck, mit Peter Bieri einen engagierten, umsichtigen und strategisch denkenden Gesch\u00e4ftsf\u00fchrer gewinnen zu k\u00f6nnen. Die SAQ ist ihm deshalb zu einem grossen Dank verpflichtet. Im Vorstand findet eine kontinuierliche Erneuerung statt. Der Vorstand hat eine \u00fcberschaubare Gr\u00f6sse und ist besetzt mit guten Fachspezialisten. Ich bin vielleicht der Einzige, der \u00fcber kein fundiertes Wissen im Bereich Qualit\u00e4tsmanagement verf\u00fcgt.<\/p>\n<p>&nbsp;<\/p>\n<p><em><strong>Braucht dies ein Pr\u00e4sident \u00fcberhaupt?<\/strong> <\/em><\/p>\n<p>Ein Pr\u00e4sident ben\u00f6tigt vor allem ein gutes Netzwerk, auch politisch, und die F\u00e4higkeit, die verschiedenen Kompetenzen zu b\u00fcndeln. Es macht mir jedenfalls Freude, mit den Leuten im Vorstand zusammenzuarbeiten. Und da bin ich weiter zuversichtlich. Eher Sorge bereitet mir, dass wir in den Sektionen zwar immer wieder j\u00fcngere Mitglieder gewinnen k\u00f6nnen, aber nicht f\u00fcr die Vorstandsarbeit. Dies w\u00fcrde neuen Schwung und neue Ideen bringen. Darauf werden wir in Zukunft mehr unser Augenmerk richten. Wann immer es Vakanzen gibt, sollen diese wom\u00f6glich durch j\u00fcngere Kr\u00e4fte gef\u00fcllt werden. Bei der Pr\u00e4sidentin und den Pr\u00e4sidenten der Sektionen verf\u00fcgen wir \u00fcber langj\u00e4hrig aktive, sehr engagierte Personen. Ihnen gilt an dieser Stelle auch mein Dank f\u00fcr ihre Arbeit.<\/p>\n<p>&nbsp;<\/p>\n<p><em><strong>Qualit\u00e4tsmanagement bildet einen zentralen Inhalt der SAQArbeit. Ich behaupte: Durch Qualit\u00e4tsmanagementsysteme wird \u00abQualit\u00e4t\u00bb immer mehr standardisiert, d.h. auch austauschbar. Inwiefern setzt man hier Alleinstellungsmerkmale aufs Spiel?<\/strong> <\/em><\/p>\n<p>Ich glaube, diese Frage stellt sich aus einer anderen Perspektive. Die Qualit\u00e4t entwickelt sich ja ebenfalls immer weiter, sie ist nichts Statisches, sondern etwas Lebendiges. Ich kann dies vielleicht an einem Beispiel zeigen: Die Schweizer Banken hatten lange Zeit den Ruf, sehr seri\u00f6s zu sein. Aufgrund ihrer hohen Qualit\u00e4tsstandards genossen sie das Vertrauen einer internationalen Kundschaft. Das ging gut, bis einige \u00abUnf\u00e4lle\u00bb passierten. Es zeigte sich, wie man dieses Vertrauen innert K\u00fcrze verlieren kann. Die Banken haben aber \u2013 auch auf politischen Druck hin \u2013 gut und rasch reagiert, indem sie die Glaubw\u00fcrdigkeit der eigenen Leute wieder herstellen konnten. Dies geschah unter anderem dadurch, indem<\/p>\n<p>&nbsp;<\/p>\n<p><em><strong>Die Kombination von F\u00f6deralismus und Subsidiarit\u00e4t garantiert den Erfolg.<\/strong><\/em><\/p>\n<p>&nbsp;<\/p>\n<p>man nicht nur auf gute Ausbildung achtete, sondern auch auf die stetige Weiterbildung \u2013 und das wollte man auch dokumentiert haben. Die Branche hat mit der Einf\u00fchrung der Zertifizierung von Kundenberatern Bank, welche durch die SAQ nach dem ISOStandard 17024 durchgef\u00fchrt wird, rasch reagiert.<\/p>\n<p>&nbsp;<\/p>\n<p><em><strong>Der erfolgreiche Bereich Personenzertifizierung d\u00fcrfte den Verband sicher noch weiter besch\u00e4ftigen. Wenn wir anderweitig in die Zukunft schauen: Welche Visionen verfolgen Sie als SAQ-Pr\u00e4sident?<\/strong> <\/em><\/p>\n<p>Wir wollen uns in jenen Feldern, die wir aktuell bew\u00e4hrt und erfolgreich bewirtschaften, weiterentwickeln und die Leaderposition behalten. In der Personenzertifizierung sehen wir in der Tat weiteres Wachstumspotenzial. Ferner wollen wir in der \u00f6ffentlichen Wahrnehmung mehr Platz erhalten. Unbedingt festhalten wollen wir aber am Milizsystem, aufbauend auf dem f\u00f6deralen und subsidi\u00e4ren System. Die Qualit\u00e4t eines Produkts ist weitgehend von der Qualit\u00e4t der Menschen abh\u00e4ngig, die es herstellen und vertreiben. Das duale Berufsbildungssystem ist hier ein entscheidender Faktor. Dort sehen wir die Chance, dass sich die Schweizer Volkswirtschaft im internationalen Wettbewerb behaupten kann. Das h\u00e4ngt weitgehend davon ab, wie wir die Qualit\u00e4t der Personen auf einem hohen Level bewahren k\u00f6nnen. Das ist eine Herausforderung, gerade wenn wir die demografische Entwicklung beobachten und ganz allgemein die Schnelllebigkeit. Es ist ja nicht die Entwicklung an sich, die einem Sorge bereitet, sondern ihr Tempo. Damit die Menschen dieses Tempo mithalten k\u00f6nnen, braucht es permanente Weiterbildung \u2013 unabh\u00e4ngig davon, ob jemand eine Berufslehre absolviert hat oder ein Universit\u00e4tsstudium. Dort kann die SAQ ihren Beitrag leisten. Meine Vision ist es, dass wir in dieser rasanten Entwicklung selbst mithalten k\u00f6nnen bzw. den Menschen helfen k\u00f6nnen, dass sie mitkommen.<\/p>\n<p>&nbsp;<\/p>\n<p><em><strong>Im Idealfall m\u00fcsste man eigentlich der Entwicklung immer einen Schritt voraus sein. Gerade bei der Politik hat man zuweilen den Eindruck, sie sei immer mehr nur am Reagieren statt am Agieren.<\/strong> <\/em><\/p>\n<p>In bestimmten Bereichen ist dies wohl systembedingt. In einem System wie der Schweizer Demokratie hat die Politik h\u00e4ufig die Rolle der Feuerwehr. Andernfalls w\u00fcrden wir Gefahr laufen, zu stark im Voraus in eine liberale Wirtschaft einzugreifen zu wollen. Wichtig ist allerdings, dass die Feuerwehr den Brand m\u00f6glichst schnell lokalisieren und l\u00f6schen kann. Die Rolle der Politik interpretiere ich so: Sie hat den Hang zur \u00dcberregulierung; wenn sie einen Brand l\u00f6scht, will sie die Sache zuweilen fast zu gut machen und baut hinterher fast zu viele Brandschutzmassnahmen ein. Diese hemmen dann die Wirtschaft und sind mit vielen administrativen Aufw\u00e4nden verbunden.<\/p>\n<p>&nbsp;<\/p>\n<p><em><strong>Nun sind Zertifizierungen auch mit administrativen Prozessen verbunden. Also profitiert ja die SAQ durchaus direkt oder indirekt von solchen Aufw\u00e4nden.<\/strong> <\/em><\/p>\n<p>Das sehen Sie richtig. Aber mit einem entscheidenden Unterschied zum administrativen Aufwand, der von der \u00f6ffentlichen Hand verordnet ist. Den haben n\u00e4mlich alle. F\u00fcr unsere Zertifizierungen ist dieser Aufwand ja freiwillig. Jene Unternehmen, die diesen in Kauf nehmen, k\u00f6nnen sich daraus einen Wettbewerbsvorteil erhoffen, der den administrativen Aufwand bei Weitem kompensiert.<\/p>\n<p>&nbsp;<\/p>\n<p><em><strong>Lassen Sie mich nochmals auf das Tempo von Entwicklungen zur\u00fcckkommen. Davon betroffen sind ja auch die verschiedenen Verb\u00e4nde, die es gibt. Inwiefern sind sie von der Schnelllebigkeit \u00fcberfordert? Oder sind sie gar in der Lage, das Tempo selbst vorzugeben?<\/strong> <\/em><\/p>\n<p>Ein Verband legitimiert sich einzig und allein durch seine Mitglieder bzw. Kunden, welche seine Dienstleistungen in Anspruch nehmen und partizipieren wollen. Wenn ein Verband oder eine Organisation diese Anforderung nicht erf\u00fcllen kann, dann wird er oder sie \u00fcber kurz oder lang wegsterben. Aus dieser absoluten Optik heraus ist man selbst gefordert, und es ist deshalb wichtig, dass man die Bed\u00fcrfnisse der Kunden abholen geht. Die SAQ wird im n\u00e4chsten Jahr eine Befragung unter ihren Mitgliedern durchf\u00fchren und dabei auch selbstkritische Fragen stellen. Nur so erh\u00e4lt man Antworten darauf, was man in der Vergangenheit vielleicht noch etwas besser h\u00e4tte machen k\u00f6nnen. Und vor allem wird man Antworten darauf erhalten, was in Zukunft im Markt gefragt sein wird.<\/p>\n<p>&nbsp;<\/p>\n<p>&nbsp;<\/p>\n<p>&nbsp;<\/p>\n","protected":false},"excerpt":{"rendered":"<p>&nbsp; &nbsp; &nbsp; Ruedi Lustenberger hat vor knapp zwei Jahren das Pr\u00e4sidium der SAQ \u00fcbernommen. Nach seinem R\u00fccktritt aus der Politik \u2013 er sass seit 1999 f\u00fcr die Luzerner CVP im Nationalrat \u2013 hat er nun mehr Zeit, sich seiner Verbandst\u00e4tigkeit zu widmen. &nbsp; Herr Lustenberger, wie haben Sie das Jubil\u00e4umsjahr aus Ihrer ganz pers\u00f6nlichen [&hellip;]<\/p>\n","protected":false},"author":62,"featured_media":12462,"comment_status":"closed","ping_status":"closed","sticky":false,"template":"","format":"standard","meta":{"_acf_changed":false,"footnotes":""},"categories":[4448],"tags":[4801],"class_list":["post-12447","post","type-post","status-publish","format-standard","has-post-thumbnail","hentry","category-allgemein","tag-12-2015"],"acf":[],"yoast_head":"<!-- This site is optimized with the Yoast SEO plugin v26.2 - https:\/\/yoast.com\/wordpress\/plugins\/seo\/ -->\n<title>\u00abQualit\u00e4t ist nichts Statisches\u00bb - MQ Management und Qualit\u00e4t<\/title>\n<meta name=\"description\" content=\"SAQ-Pr\u00e4sident Ruedi Lustenberger zieht im folgendenInterview eine pers\u00f6nliche Bilanz zum Jubil\u00e4umsjahrund blickt in die Zukunft. Diese wird gepr\u00e4gt seindurch ein immer schnelleres Tempo bei neuenEntwicklungen. Doch der Verband zeigt sich in denAugen seines Pr\u00e4sidenten gut daf\u00fcr ger\u00fcstet.\" \/>\n<meta name=\"robots\" content=\"index, follow, max-snippet:-1, max-image-preview:large, max-video-preview:-1\" \/>\n<link rel=\"canonical\" href=\"https:\/\/www.m-q.ch\/de\/qualitaet-ist-nichts-statisches\/\" \/>\n<meta property=\"og:locale\" content=\"de_DE\" \/>\n<meta property=\"og:type\" content=\"article\" \/>\n<meta property=\"og:title\" content=\"\u00abQualit\u00e4t ist nichts Statisches\u00bb - MQ Management und Qualit\u00e4t\" \/>\n<meta property=\"og:description\" content=\"SAQ-Pr\u00e4sident Ruedi Lustenberger zieht im folgendenInterview eine pers\u00f6nliche Bilanz zum Jubil\u00e4umsjahrund blickt in die Zukunft. Diese wird gepr\u00e4gt seindurch ein immer schnelleres Tempo bei neuenEntwicklungen. Doch der Verband zeigt sich in denAugen seines Pr\u00e4sidenten gut daf\u00fcr ger\u00fcstet.\" \/>\n<meta property=\"og:url\" content=\"https:\/\/www.m-q.ch\/de\/qualitaet-ist-nichts-statisches\/\" \/>\n<meta property=\"og:site_name\" content=\"MQ Management und Qualit\u00e4t\" \/>\n<meta property=\"article:publisher\" content=\"https:\/\/www.facebook.com\/ManagementUndQualitaet\" \/>\n<meta property=\"article:published_time\" content=\"2015-12-01T07:24:56+00:00\" \/>\n<meta property=\"article:modified_time\" content=\"2021-02-17T08:18:12+00:00\" \/>\n<meta property=\"og:image\" content=\"https:\/\/www.m-q.ch\/wp-content\/uploads\/2021\/02\/Qualitaet-ist-nichts-Statisches.jpg\" \/>\n\t<meta property=\"og:image:width\" content=\"840\" \/>\n\t<meta property=\"og:image:height\" content=\"735\" \/>\n\t<meta property=\"og:image:type\" content=\"image\/jpeg\" \/>\n<meta name=\"author\" content=\"upwork_2\" \/>\n<meta name=\"twitter:card\" content=\"summary_large_image\" \/>\n<meta name=\"twitter:label1\" content=\"Verfasst von\" \/>\n\t<meta name=\"twitter:data1\" content=\"upwork_2\" \/>\n\t<meta name=\"twitter:label2\" content=\"Gesch\u00e4tzte Lesezeit\" \/>\n\t<meta name=\"twitter:data2\" content=\"8\u00a0Minuten\" \/>\n<script type=\"application\/ld+json\" class=\"yoast-schema-graph\">{\"@context\":\"https:\/\/schema.org\",\"@graph\":[{\"@type\":\"Article\",\"@id\":\"https:\/\/www.m-q.ch\/qualitaet-ist-nichts-statisches\/#article\",\"isPartOf\":{\"@id\":\"https:\/\/www.m-q.ch\/qualitaet-ist-nichts-statisches\/\"},\"author\":{\"name\":\"upwork_2\",\"@id\":\"https:\/\/www.m-q.ch\/fr\/#\/schema\/person\/71f647a41e4a3e361e6230f5134f3ba9\"},\"headline\":\"\u00abQualit\u00e4t ist nichts Statisches\u00bb\",\"datePublished\":\"2015-12-01T07:24:56+00:00\",\"dateModified\":\"2021-02-17T08:18:12+00:00\",\"mainEntityOfPage\":{\"@id\":\"https:\/\/www.m-q.ch\/qualitaet-ist-nichts-statisches\/\"},\"wordCount\":1661,\"publisher\":{\"@id\":\"https:\/\/www.m-q.ch\/fr\/#organization\"},\"image\":{\"@id\":\"https:\/\/www.m-q.ch\/qualitaet-ist-nichts-statisches\/#primaryimage\"},\"thumbnailUrl\":\"https:\/\/www.m-q.ch\/wp-content\/uploads\/2021\/02\/Qualitaet-ist-nichts-Statisches.jpg\",\"keywords\":[\"12\/2015\"],\"inLanguage\":\"de\"},{\"@type\":\"WebPage\",\"@id\":\"https:\/\/www.m-q.ch\/qualitaet-ist-nichts-statisches\/\",\"url\":\"https:\/\/www.m-q.ch\/qualitaet-ist-nichts-statisches\/\",\"name\":\"\u00abQualit\u00e4t ist nichts Statisches\u00bb - MQ Management und Qualit\u00e4t\",\"isPartOf\":{\"@id\":\"https:\/\/www.m-q.ch\/fr\/#website\"},\"primaryImageOfPage\":{\"@id\":\"https:\/\/www.m-q.ch\/qualitaet-ist-nichts-statisches\/#primaryimage\"},\"image\":{\"@id\":\"https:\/\/www.m-q.ch\/qualitaet-ist-nichts-statisches\/#primaryimage\"},\"thumbnailUrl\":\"https:\/\/www.m-q.ch\/wp-content\/uploads\/2021\/02\/Qualitaet-ist-nichts-Statisches.jpg\",\"datePublished\":\"2015-12-01T07:24:56+00:00\",\"dateModified\":\"2021-02-17T08:18:12+00:00\",\"description\":\"SAQ-Pr\u00e4sident Ruedi Lustenberger zieht im folgendenInterview eine pers\u00f6nliche Bilanz zum Jubil\u00e4umsjahrund blickt in die Zukunft. Diese wird gepr\u00e4gt seindurch ein immer schnelleres Tempo bei neuenEntwicklungen. Doch der Verband zeigt sich in denAugen seines Pr\u00e4sidenten gut daf\u00fcr ger\u00fcstet.\",\"breadcrumb\":{\"@id\":\"https:\/\/www.m-q.ch\/qualitaet-ist-nichts-statisches\/#breadcrumb\"},\"inLanguage\":\"de\",\"potentialAction\":[{\"@type\":\"ReadAction\",\"target\":[\"https:\/\/www.m-q.ch\/qualitaet-ist-nichts-statisches\/\"]}]},{\"@type\":\"ImageObject\",\"inLanguage\":\"de\",\"@id\":\"https:\/\/www.m-q.ch\/qualitaet-ist-nichts-statisches\/#primaryimage\",\"url\":\"https:\/\/www.m-q.ch\/wp-content\/uploads\/2021\/02\/Qualitaet-ist-nichts-Statisches.jpg\",\"contentUrl\":\"https:\/\/www.m-q.ch\/wp-content\/uploads\/2021\/02\/Qualitaet-ist-nichts-Statisches.jpg\",\"width\":840,\"height\":735,\"caption\":\"\u00abQualit\u00e4t ist nichts Statisches\u00bb\"},{\"@type\":\"BreadcrumbList\",\"@id\":\"https:\/\/www.m-q.ch\/qualitaet-ist-nichts-statisches\/#breadcrumb\",\"itemListElement\":[{\"@type\":\"ListItem\",\"position\":1,\"name\":\"Allgemein\",\"item\":\"https:\/\/www.m-q.ch\/kategorie\/allgemein\/\"},{\"@type\":\"ListItem\",\"position\":2,\"name\":\"\u00abQualit\u00e4t ist nichts Statisches\u00bb\"}]},{\"@type\":\"WebSite\",\"@id\":\"https:\/\/www.m-q.ch\/fr\/#website\",\"url\":\"https:\/\/www.m-q.ch\/fr\/\",\"name\":\"MQ Management und Qualit\u00e4t\",\"description\":\"Plattform f\u00fcr integrierte Managementsysteme.\",\"publisher\":{\"@id\":\"https:\/\/www.m-q.ch\/fr\/#organization\"},\"potentialAction\":[{\"@type\":\"SearchAction\",\"target\":{\"@type\":\"EntryPoint\",\"urlTemplate\":\"https:\/\/www.m-q.ch\/fr\/?s={search_term_string}\"},\"query-input\":{\"@type\":\"PropertyValueSpecification\",\"valueRequired\":true,\"valueName\":\"search_term_string\"}}],\"inLanguage\":\"de\"},{\"@type\":\"Organization\",\"@id\":\"https:\/\/www.m-q.ch\/fr\/#organization\",\"name\":\"Galledia Fachmedien AG\",\"url\":\"https:\/\/www.m-q.ch\/fr\/\",\"logo\":{\"@type\":\"ImageObject\",\"inLanguage\":\"de\",\"@id\":\"https:\/\/www.m-q.ch\/fr\/#\/schema\/logo\/image\/\",\"url\":\"https:\/\/www.m-q.ch\/wp-content\/uploads\/2020\/12\/cropped-logo_small.png\",\"contentUrl\":\"https:\/\/www.m-q.ch\/wp-content\/uploads\/2020\/12\/cropped-logo_small.png\",\"width\":512,\"height\":512,\"caption\":\"Galledia Fachmedien AG\"},\"image\":{\"@id\":\"https:\/\/www.m-q.ch\/fr\/#\/schema\/logo\/image\/\"},\"sameAs\":[\"https:\/\/www.facebook.com\/ManagementUndQualitaet\",\"https:\/\/www.linkedin.com\/showcase\/17982321\/admin\/\"]},{\"@type\":\"Person\",\"@id\":\"https:\/\/www.m-q.ch\/fr\/#\/schema\/person\/71f647a41e4a3e361e6230f5134f3ba9\",\"name\":\"upwork_2\",\"image\":{\"@type\":\"ImageObject\",\"inLanguage\":\"de\",\"@id\":\"https:\/\/www.m-q.ch\/fr\/#\/schema\/person\/image\/\",\"url\":\"https:\/\/secure.gravatar.com\/avatar\/777b90ab56092bbf3c85feacda5c1bce?s=96&d=mm&r=g\",\"contentUrl\":\"https:\/\/secure.gravatar.com\/avatar\/777b90ab56092bbf3c85feacda5c1bce?s=96&d=mm&r=g\",\"caption\":\"upwork_2\"},\"url\":\"https:\/\/www.m-q.ch\/de\/author\/upwork_2\/\"}]}<\/script>\n<!-- \/ Yoast SEO plugin. -->","yoast_head_json":{"title":"\u00abQualit\u00e4t ist nichts Statisches\u00bb - MQ Management und Qualit\u00e4t","description":"SAQ-Pr\u00e4sident Ruedi Lustenberger zieht im folgendenInterview eine pers\u00f6nliche Bilanz zum Jubil\u00e4umsjahrund blickt in die Zukunft. Diese wird gepr\u00e4gt seindurch ein immer schnelleres Tempo bei neuenEntwicklungen. Doch der Verband zeigt sich in denAugen seines Pr\u00e4sidenten gut daf\u00fcr ger\u00fcstet.","robots":{"index":"index","follow":"follow","max-snippet":"max-snippet:-1","max-image-preview":"max-image-preview:large","max-video-preview":"max-video-preview:-1"},"canonical":"https:\/\/www.m-q.ch\/de\/qualitaet-ist-nichts-statisches\/","og_locale":"de_DE","og_type":"article","og_title":"\u00abQualit\u00e4t ist nichts Statisches\u00bb - MQ Management und Qualit\u00e4t","og_description":"SAQ-Pr\u00e4sident Ruedi Lustenberger zieht im folgendenInterview eine pers\u00f6nliche Bilanz zum Jubil\u00e4umsjahrund blickt in die Zukunft. Diese wird gepr\u00e4gt seindurch ein immer schnelleres Tempo bei neuenEntwicklungen. Doch der Verband zeigt sich in denAugen seines Pr\u00e4sidenten gut daf\u00fcr ger\u00fcstet.","og_url":"https:\/\/www.m-q.ch\/de\/qualitaet-ist-nichts-statisches\/","og_site_name":"MQ Management und Qualit\u00e4t","article_publisher":"https:\/\/www.facebook.com\/ManagementUndQualitaet","article_published_time":"2015-12-01T07:24:56+00:00","article_modified_time":"2021-02-17T08:18:12+00:00","og_image":[{"width":840,"height":735,"url":"https:\/\/www.m-q.ch\/wp-content\/uploads\/2021\/02\/Qualitaet-ist-nichts-Statisches.jpg","type":"image\/jpeg"}],"author":"upwork_2","twitter_card":"summary_large_image","twitter_misc":{"Verfasst von":"upwork_2","Gesch\u00e4tzte Lesezeit":"8\u00a0Minuten"},"schema":{"@context":"https:\/\/schema.org","@graph":[{"@type":"Article","@id":"https:\/\/www.m-q.ch\/qualitaet-ist-nichts-statisches\/#article","isPartOf":{"@id":"https:\/\/www.m-q.ch\/qualitaet-ist-nichts-statisches\/"},"author":{"name":"upwork_2","@id":"https:\/\/www.m-q.ch\/fr\/#\/schema\/person\/71f647a41e4a3e361e6230f5134f3ba9"},"headline":"\u00abQualit\u00e4t ist nichts Statisches\u00bb","datePublished":"2015-12-01T07:24:56+00:00","dateModified":"2021-02-17T08:18:12+00:00","mainEntityOfPage":{"@id":"https:\/\/www.m-q.ch\/qualitaet-ist-nichts-statisches\/"},"wordCount":1661,"publisher":{"@id":"https:\/\/www.m-q.ch\/fr\/#organization"},"image":{"@id":"https:\/\/www.m-q.ch\/qualitaet-ist-nichts-statisches\/#primaryimage"},"thumbnailUrl":"https:\/\/www.m-q.ch\/wp-content\/uploads\/2021\/02\/Qualitaet-ist-nichts-Statisches.jpg","keywords":["12\/2015"],"inLanguage":"de"},{"@type":"WebPage","@id":"https:\/\/www.m-q.ch\/qualitaet-ist-nichts-statisches\/","url":"https:\/\/www.m-q.ch\/qualitaet-ist-nichts-statisches\/","name":"\u00abQualit\u00e4t ist nichts Statisches\u00bb - MQ Management und Qualit\u00e4t","isPartOf":{"@id":"https:\/\/www.m-q.ch\/fr\/#website"},"primaryImageOfPage":{"@id":"https:\/\/www.m-q.ch\/qualitaet-ist-nichts-statisches\/#primaryimage"},"image":{"@id":"https:\/\/www.m-q.ch\/qualitaet-ist-nichts-statisches\/#primaryimage"},"thumbnailUrl":"https:\/\/www.m-q.ch\/wp-content\/uploads\/2021\/02\/Qualitaet-ist-nichts-Statisches.jpg","datePublished":"2015-12-01T07:24:56+00:00","dateModified":"2021-02-17T08:18:12+00:00","description":"SAQ-Pr\u00e4sident Ruedi Lustenberger zieht im folgendenInterview eine pers\u00f6nliche Bilanz zum Jubil\u00e4umsjahrund blickt in die Zukunft. Diese wird gepr\u00e4gt seindurch ein immer schnelleres Tempo bei neuenEntwicklungen. Doch der Verband zeigt sich in denAugen seines Pr\u00e4sidenten gut daf\u00fcr ger\u00fcstet.","breadcrumb":{"@id":"https:\/\/www.m-q.ch\/qualitaet-ist-nichts-statisches\/#breadcrumb"},"inLanguage":"de","potentialAction":[{"@type":"ReadAction","target":["https:\/\/www.m-q.ch\/qualitaet-ist-nichts-statisches\/"]}]},{"@type":"ImageObject","inLanguage":"de","@id":"https:\/\/www.m-q.ch\/qualitaet-ist-nichts-statisches\/#primaryimage","url":"https:\/\/www.m-q.ch\/wp-content\/uploads\/2021\/02\/Qualitaet-ist-nichts-Statisches.jpg","contentUrl":"https:\/\/www.m-q.ch\/wp-content\/uploads\/2021\/02\/Qualitaet-ist-nichts-Statisches.jpg","width":840,"height":735,"caption":"\u00abQualit\u00e4t ist nichts Statisches\u00bb"},{"@type":"BreadcrumbList","@id":"https:\/\/www.m-q.ch\/qualitaet-ist-nichts-statisches\/#breadcrumb","itemListElement":[{"@type":"ListItem","position":1,"name":"Allgemein","item":"https:\/\/www.m-q.ch\/kategorie\/allgemein\/"},{"@type":"ListItem","position":2,"name":"\u00abQualit\u00e4t ist nichts Statisches\u00bb"}]},{"@type":"WebSite","@id":"https:\/\/www.m-q.ch\/fr\/#website","url":"https:\/\/www.m-q.ch\/fr\/","name":"MQ Management und Qualit\u00e4t","description":"Plattform f\u00fcr integrierte Managementsysteme.","publisher":{"@id":"https:\/\/www.m-q.ch\/fr\/#organization"},"potentialAction":[{"@type":"SearchAction","target":{"@type":"EntryPoint","urlTemplate":"https:\/\/www.m-q.ch\/fr\/?s={search_term_string}"},"query-input":{"@type":"PropertyValueSpecification","valueRequired":true,"valueName":"search_term_string"}}],"inLanguage":"de"},{"@type":"Organization","@id":"https:\/\/www.m-q.ch\/fr\/#organization","name":"Galledia Fachmedien AG","url":"https:\/\/www.m-q.ch\/fr\/","logo":{"@type":"ImageObject","inLanguage":"de","@id":"https:\/\/www.m-q.ch\/fr\/#\/schema\/logo\/image\/","url":"https:\/\/www.m-q.ch\/wp-content\/uploads\/2020\/12\/cropped-logo_small.png","contentUrl":"https:\/\/www.m-q.ch\/wp-content\/uploads\/2020\/12\/cropped-logo_small.png","width":512,"height":512,"caption":"Galledia Fachmedien AG"},"image":{"@id":"https:\/\/www.m-q.ch\/fr\/#\/schema\/logo\/image\/"},"sameAs":["https:\/\/www.facebook.com\/ManagementUndQualitaet","https:\/\/www.linkedin.com\/showcase\/17982321\/admin\/"]},{"@type":"Person","@id":"https:\/\/www.m-q.ch\/fr\/#\/schema\/person\/71f647a41e4a3e361e6230f5134f3ba9","name":"upwork_2","image":{"@type":"ImageObject","inLanguage":"de","@id":"https:\/\/www.m-q.ch\/fr\/#\/schema\/person\/image\/","url":"https:\/\/secure.gravatar.com\/avatar\/777b90ab56092bbf3c85feacda5c1bce?s=96&d=mm&r=g","contentUrl":"https:\/\/secure.gravatar.com\/avatar\/777b90ab56092bbf3c85feacda5c1bce?s=96&d=mm&r=g","caption":"upwork_2"},"url":"https:\/\/www.m-q.ch\/de\/author\/upwork_2\/"}]}},"_links":{"self":[{"href":"https:\/\/www.m-q.ch\/de\/wp-json\/wp\/v2\/posts\/12447","targetHints":{"allow":["GET"]}}],"collection":[{"href":"https:\/\/www.m-q.ch\/de\/wp-json\/wp\/v2\/posts"}],"about":[{"href":"https:\/\/www.m-q.ch\/de\/wp-json\/wp\/v2\/types\/post"}],"author":[{"embeddable":true,"href":"https:\/\/www.m-q.ch\/de\/wp-json\/wp\/v2\/users\/62"}],"replies":[{"embeddable":true,"href":"https:\/\/www.m-q.ch\/de\/wp-json\/wp\/v2\/comments?post=12447"}],"version-history":[{"count":1,"href":"https:\/\/www.m-q.ch\/de\/wp-json\/wp\/v2\/posts\/12447\/revisions"}],"predecessor-version":[{"id":12463,"href":"https:\/\/www.m-q.ch\/de\/wp-json\/wp\/v2\/posts\/12447\/revisions\/12463"}],"wp:featuredmedia":[{"embeddable":true,"href":"https:\/\/www.m-q.ch\/de\/wp-json\/wp\/v2\/media\/12462"}],"wp:attachment":[{"href":"https:\/\/www.m-q.ch\/de\/wp-json\/wp\/v2\/media?parent=12447"}],"wp:term":[{"taxonomy":"category","embeddable":true,"href":"https:\/\/www.m-q.ch\/de\/wp-json\/wp\/v2\/categories?post=12447"},{"taxonomy":"post_tag","embeddable":true,"href":"https:\/\/www.m-q.ch\/de\/wp-json\/wp\/v2\/tags?post=12447"}],"curies":[{"name":"wp","href":"https:\/\/api.w.org\/{rel}","templated":true}]}}