{"id":12460,"date":"2015-12-23T08:32:48","date_gmt":"2015-12-23T07:32:48","guid":{"rendered":"https:\/\/www.m-q.ch\/?p=12460"},"modified":"2021-02-17T11:30:01","modified_gmt":"2021-02-17T10:30:01","slug":"hannes-setzt-das-leitbild-um","status":"publish","type":"post","link":"https:\/\/www.m-q.ch\/de\/hannes-setzt-das-leitbild-um\/","title":{"rendered":"Hannes setzt das Leitbild um"},"content":{"rendered":"<p><img loading=\"lazy\" decoding=\"async\" class=\"alignnone size-full wp-image-12538\" src=\"https:\/\/www.m-q.ch\/wp-content\/uploads\/2021\/02\/Hannes-setzt-das-Leitbild-um.jpg\" alt=\"Hannes setzt das Leitbild um\" width=\"876\" height=\"536\" srcset=\"https:\/\/www.m-q.ch\/wp-content\/uploads\/2021\/02\/Hannes-setzt-das-Leitbild-um.jpg 876w, https:\/\/www.m-q.ch\/wp-content\/uploads\/2021\/02\/Hannes-setzt-das-Leitbild-um-768x470.jpg 768w, https:\/\/www.m-q.ch\/wp-content\/uploads\/2021\/02\/Hannes-setzt-das-Leitbild-um-16x10.jpg 16w, https:\/\/www.m-q.ch\/wp-content\/uploads\/2021\/02\/Hannes-setzt-das-Leitbild-um-286x175.jpg 286w, https:\/\/www.m-q.ch\/wp-content\/uploads\/2021\/02\/Hannes-setzt-das-Leitbild-um-572x350.jpg 572w, https:\/\/www.m-q.ch\/wp-content\/uploads\/2021\/02\/Hannes-setzt-das-Leitbild-um-300x184.jpg 300w\" sizes=\"auto, (max-width: 876px) 100vw, 876px\" \/><\/p>\n<p>&nbsp;<\/p>\n<p>&nbsp;<\/p>\n<p>&nbsp;<\/p>\n<p>Teilnehmer waren die Mitglieder der Gesch\u00e4ftsleitung. Sie hatten sich aus dem hektischen Alltag zur\u00fcckgezogen, um ein neues Leitbild zu erarbeiten. Das war auch bitter n\u00f6tig, nachdem sich das Unternehmen stark ver\u00e4ndert hatte: Auslagerung der Produktion und St\u00e4rkung der beiden Kernkompetenzen \u00abVerkauf und Marketing\u00bb. Das h\u00f6rt sich zwar gut an, dessen ist sich Hannes bewusst. Im Endeffekt bedeutet es aber, dass ein Grossteil des Gesch\u00e4fts heute im fern\u00f6stlichen Ausland gemacht wird. Hier sind bloss noch Stabsstellen wie Personal, Finanzen und eben das Marketing angesiedelt.<\/p>\n<p>&nbsp;<\/p>\n<p>F\u00fcnf neue Leits\u00e4tze sollen k\u00fcnftig klar, unmissverst\u00e4ndlich und unverwechselbar aufzeigen, was dem Unternehmen wichtig ist:<\/p>\n<p>&nbsp;<\/p>\n<p><em><strong>1.<\/strong> Unsere Mitarbeiter sind das wichtigste Kapital. <\/em><\/p>\n<p>&nbsp;<\/p>\n<p><em><strong>2.<\/strong> Unsere Kunden stehen bei uns im Mittelpunkt des Handelns. <\/em><\/p>\n<p>&nbsp;<\/p>\n<p><em><strong>3.<\/strong> Unsere soziale Verantwortung nehmen wir \u00fcberzeugt wahr. <\/em><\/p>\n<p>&nbsp;<\/p>\n<p><em><strong>4.<\/strong> Unsere Finanzen stehen auf gesunden Beinen. <\/em><\/p>\n<p>&nbsp;<\/p>\n<p><em><strong>5.<\/strong> Unsere Entwicklung dient unserem Fortschritt und findet laufend statt.<\/em><\/p>\n<p>&nbsp;<\/p>\n<p>Das ist die Ausbeute der beiden Tage. Jetzt geht es darum, Texte zur Umsetzung der Leits\u00e4tze vorzubereiten, um sie in einem neuerlichen Workshop zu diskutieren und zu verabschieden. Jedes Mitglied der Gesch\u00e4ftsleitung erhielt einen Satz und muss bis Ende n\u00e4chster Woche einen Textvorschlag pr\u00e4sentieren. \u00abUnsere Kunden stehen bei uns im Mittelpunkt \u00bb wurde Hannes demokratisch zugeteilt.<\/p>\n<p>&nbsp;<\/p>\n<p>Er ist sich bewusst, dass er wieder einmal den unangenehmsten Satz gefasst hat. Er verf\u00e4llt ins Sinnieren: \u00abJahrelang wurden Leistungen abgebaut, Preise angehoben, die Produktpalette verkleinert, pers\u00f6nliche Ansprechpartner durch eine Web-Info-Box und Praktikanten durch ein ausgelagertes Call-Center in Irland ersetzt. Und jetzt soll er den Kunden mit ein paar S\u00e4tzen klarmachen, dass sie besser bedient werden denn je.\u00bb Nun gut\u2026, es ist nicht an ihm, philosophische Fragen zu stellen, er sitzt im gleichen Boot. Das Unternehmen steht unter Druck und er muss unweigerlich mitziehen.<\/p>\n<p>&nbsp;<\/p>\n<p>\u00abUnsere Kunden stehen bei uns im Mittelpunkt\u00bb. Wie kann man diesen Satz konkreter formulieren? Hannes denkt in kundennutzenorientierten Formulierungen. \u00abMit unserer neuen, kompakten Produktpalette haben Sie jederzeit den \u00dcberblick und sparen Zeit, sich durch ein un\u00fcbersichtliches Angebot hindurchzuarbeiten \u00bb. In diese Richtung k\u00f6nnte es gehen. \u00abMit unserer neuen Web- Info-Box k\u00f6nnen Sie jederzeit \u2013 auch mitten in der Nacht \u2013 Ihr Anliegen an uns richten.\u00bb Das ist durchaus ein Fortschritt. Man bedenke, Mitten in der Nacht hat der Kunde einen Gedanken, tastet nach dem Smartphone auf dem Nachttisch, tippt das Anliegen ein und schl\u00e4ft weiter. Er muss nicht mehr die B\u00fcrozeiten ber\u00fccksichtigen. Zus\u00e4tzlich hat er nach der Eingabe ein paar Tage Zeit, selber nach L\u00f6sungen zu suchen, denn bis sich vom Unternehmen schliesslich jemand meldet, vergehen sicherlich die standardisierten 72 Stunden.<\/p>\n<p>&nbsp;<\/p>\n<p>Damit ist Hannes beim n\u00e4chsten Satz: \u00abDurch klare Standards in den Antwortfristen k\u00f6nnen Sie Ihren Arbeitsalltag pr\u00e4zise planen. \u00bb Das heisst zwar im Klartext, dass drei Tage lang \u00fcberhaupt nichts geht. Da dies aber von Beginn weg klar ist, erwartet auch niemand vorher etwas.<\/p>\n<p>&nbsp;<\/p>\n<p>Jetzt fehlt noch die Begr\u00fcndung f\u00fcr den Preisanstieg der vergangenen zwei Jahre. \u00abDank einer marktorientierten Preisstruktur profitieren Sie von einem transparenten Benchmark mit unseren Mitbewerbern. \u00bb Das h\u00f6rt sich doch gut an. Man weiss zwar nicht, womit man sich vom Konkurrenten unterscheidet, muss aber auch nicht mehr \u00fcber den Preis diskutieren, weil dieser sowieso gleich und abgesprochen ist. Man braucht es bloss nicht zu sagen.<\/p>\n<p>&nbsp;<\/p>\n<p>Das Leitbild f\u00fcllt sich langsam mit Inhalt. Hannes \u00fcberzeugt sich selbst: \u00abEs ist wichtig, dass ein Leitbild nicht ein Papiertiger bleibt, sondern dank konkreten Kundennutzen im Alltag gelebt und vom Kunden positiv erlebt wird\u00bb. Er ist froh, damit einen effektiven Nutzen gestiftet zu haben &#8230;<\/p>\n","protected":false},"excerpt":{"rendered":"<p>&nbsp; &nbsp; &nbsp; Teilnehmer waren die Mitglieder der Gesch\u00e4ftsleitung. Sie hatten sich aus dem hektischen Alltag zur\u00fcckgezogen, um ein neues Leitbild zu erarbeiten. Das war auch bitter n\u00f6tig, nachdem sich das Unternehmen stark ver\u00e4ndert hatte: Auslagerung der Produktion und St\u00e4rkung der beiden Kernkompetenzen \u00abVerkauf und Marketing\u00bb. Das h\u00f6rt sich zwar gut an, dessen ist sich [&hellip;]<\/p>\n","protected":false},"author":62,"featured_media":12538,"comment_status":"closed","ping_status":"closed","sticky":false,"template":"","format":"standard","meta":{"_acf_changed":false,"footnotes":""},"categories":[4448],"tags":[4801],"class_list":["post-12460","post","type-post","status-publish","format-standard","has-post-thumbnail","hentry","category-allgemein","tag-12-2015"],"acf":[],"yoast_head":"<!-- This site is optimized with the Yoast SEO plugin v26.2 - https:\/\/yoast.com\/wordpress\/plugins\/seo\/ -->\n<title>Hannes setzt das Leitbild um - MQ Management und Qualit\u00e4t<\/title>\n<meta name=\"description\" content=\"Hannes kehrt an seinen Arbeitsplatzzur\u00fcck. Die vergangenenbeiden Tage verbrachteer in einem angenehmenSeminarhotel in einemKlausurworkshop.\" \/>\n<meta name=\"robots\" content=\"index, follow, max-snippet:-1, max-image-preview:large, max-video-preview:-1\" \/>\n<link rel=\"canonical\" href=\"https:\/\/www.m-q.ch\/de\/hannes-setzt-das-leitbild-um\/\" \/>\n<meta property=\"og:locale\" content=\"de_DE\" \/>\n<meta property=\"og:type\" content=\"article\" \/>\n<meta property=\"og:title\" content=\"Hannes setzt das Leitbild um - MQ Management und Qualit\u00e4t\" \/>\n<meta property=\"og:description\" content=\"Hannes kehrt an seinen Arbeitsplatzzur\u00fcck. Die vergangenenbeiden Tage verbrachteer in einem angenehmenSeminarhotel in einemKlausurworkshop.\" \/>\n<meta property=\"og:url\" content=\"https:\/\/www.m-q.ch\/de\/hannes-setzt-das-leitbild-um\/\" \/>\n<meta property=\"og:site_name\" content=\"MQ Management und Qualit\u00e4t\" \/>\n<meta property=\"article:publisher\" content=\"https:\/\/www.facebook.com\/ManagementUndQualitaet\" \/>\n<meta property=\"article:published_time\" content=\"2015-12-23T07:32:48+00:00\" \/>\n<meta property=\"article:modified_time\" content=\"2021-02-17T10:30:01+00:00\" \/>\n<meta property=\"og:image\" content=\"https:\/\/www.m-q.ch\/wp-content\/uploads\/2021\/02\/Hannes-setzt-das-Leitbild-um.jpg\" \/>\n\t<meta property=\"og:image:width\" content=\"876\" \/>\n\t<meta property=\"og:image:height\" content=\"536\" \/>\n\t<meta property=\"og:image:type\" content=\"image\/jpeg\" \/>\n<meta name=\"author\" content=\"upwork_2\" \/>\n<meta name=\"twitter:card\" content=\"summary_large_image\" \/>\n<meta name=\"twitter:label1\" content=\"Verfasst von\" \/>\n\t<meta name=\"twitter:data1\" content=\"upwork_2\" \/>\n\t<meta name=\"twitter:label2\" content=\"Gesch\u00e4tzte Lesezeit\" \/>\n\t<meta name=\"twitter:data2\" content=\"3\u00a0Minuten\" \/>\n<script type=\"application\/ld+json\" class=\"yoast-schema-graph\">{\"@context\":\"https:\/\/schema.org\",\"@graph\":[{\"@type\":\"Article\",\"@id\":\"https:\/\/www.m-q.ch\/hannes-setzt-das-leitbild-um\/#article\",\"isPartOf\":{\"@id\":\"https:\/\/www.m-q.ch\/hannes-setzt-das-leitbild-um\/\"},\"author\":{\"name\":\"upwork_2\",\"@id\":\"https:\/\/www.m-q.ch\/fr\/#\/schema\/person\/71f647a41e4a3e361e6230f5134f3ba9\"},\"headline\":\"Hannes setzt das Leitbild um\",\"datePublished\":\"2015-12-23T07:32:48+00:00\",\"dateModified\":\"2021-02-17T10:30:01+00:00\",\"mainEntityOfPage\":{\"@id\":\"https:\/\/www.m-q.ch\/hannes-setzt-das-leitbild-um\/\"},\"wordCount\":606,\"publisher\":{\"@id\":\"https:\/\/www.m-q.ch\/fr\/#organization\"},\"image\":{\"@id\":\"https:\/\/www.m-q.ch\/hannes-setzt-das-leitbild-um\/#primaryimage\"},\"thumbnailUrl\":\"https:\/\/www.m-q.ch\/wp-content\/uploads\/2021\/02\/Hannes-setzt-das-Leitbild-um.jpg\",\"keywords\":[\"12\/2015\"],\"inLanguage\":\"de\"},{\"@type\":\"WebPage\",\"@id\":\"https:\/\/www.m-q.ch\/hannes-setzt-das-leitbild-um\/\",\"url\":\"https:\/\/www.m-q.ch\/hannes-setzt-das-leitbild-um\/\",\"name\":\"Hannes setzt das Leitbild um - MQ Management und Qualit\u00e4t\",\"isPartOf\":{\"@id\":\"https:\/\/www.m-q.ch\/fr\/#website\"},\"primaryImageOfPage\":{\"@id\":\"https:\/\/www.m-q.ch\/hannes-setzt-das-leitbild-um\/#primaryimage\"},\"image\":{\"@id\":\"https:\/\/www.m-q.ch\/hannes-setzt-das-leitbild-um\/#primaryimage\"},\"thumbnailUrl\":\"https:\/\/www.m-q.ch\/wp-content\/uploads\/2021\/02\/Hannes-setzt-das-Leitbild-um.jpg\",\"datePublished\":\"2015-12-23T07:32:48+00:00\",\"dateModified\":\"2021-02-17T10:30:01+00:00\",\"description\":\"Hannes kehrt an seinen Arbeitsplatzzur\u00fcck. Die vergangenenbeiden Tage verbrachteer in einem angenehmenSeminarhotel in einemKlausurworkshop.\",\"breadcrumb\":{\"@id\":\"https:\/\/www.m-q.ch\/hannes-setzt-das-leitbild-um\/#breadcrumb\"},\"inLanguage\":\"de\",\"potentialAction\":[{\"@type\":\"ReadAction\",\"target\":[\"https:\/\/www.m-q.ch\/hannes-setzt-das-leitbild-um\/\"]}]},{\"@type\":\"ImageObject\",\"inLanguage\":\"de\",\"@id\":\"https:\/\/www.m-q.ch\/hannes-setzt-das-leitbild-um\/#primaryimage\",\"url\":\"https:\/\/www.m-q.ch\/wp-content\/uploads\/2021\/02\/Hannes-setzt-das-Leitbild-um.jpg\",\"contentUrl\":\"https:\/\/www.m-q.ch\/wp-content\/uploads\/2021\/02\/Hannes-setzt-das-Leitbild-um.jpg\",\"width\":876,\"height\":536,\"caption\":\"Hannes setzt das Leitbild um\"},{\"@type\":\"BreadcrumbList\",\"@id\":\"https:\/\/www.m-q.ch\/hannes-setzt-das-leitbild-um\/#breadcrumb\",\"itemListElement\":[{\"@type\":\"ListItem\",\"position\":1,\"name\":\"Allgemein\",\"item\":\"https:\/\/www.m-q.ch\/kategorie\/allgemein\/\"},{\"@type\":\"ListItem\",\"position\":2,\"name\":\"Hannes setzt das Leitbild um\"}]},{\"@type\":\"WebSite\",\"@id\":\"https:\/\/www.m-q.ch\/fr\/#website\",\"url\":\"https:\/\/www.m-q.ch\/fr\/\",\"name\":\"MQ Management und Qualit\u00e4t\",\"description\":\"Plattform f\u00fcr integrierte Managementsysteme.\",\"publisher\":{\"@id\":\"https:\/\/www.m-q.ch\/fr\/#organization\"},\"potentialAction\":[{\"@type\":\"SearchAction\",\"target\":{\"@type\":\"EntryPoint\",\"urlTemplate\":\"https:\/\/www.m-q.ch\/fr\/?s={search_term_string}\"},\"query-input\":{\"@type\":\"PropertyValueSpecification\",\"valueRequired\":true,\"valueName\":\"search_term_string\"}}],\"inLanguage\":\"de\"},{\"@type\":\"Organization\",\"@id\":\"https:\/\/www.m-q.ch\/fr\/#organization\",\"name\":\"Galledia Fachmedien AG\",\"url\":\"https:\/\/www.m-q.ch\/fr\/\",\"logo\":{\"@type\":\"ImageObject\",\"inLanguage\":\"de\",\"@id\":\"https:\/\/www.m-q.ch\/fr\/#\/schema\/logo\/image\/\",\"url\":\"https:\/\/www.m-q.ch\/wp-content\/uploads\/2020\/12\/cropped-logo_small.png\",\"contentUrl\":\"https:\/\/www.m-q.ch\/wp-content\/uploads\/2020\/12\/cropped-logo_small.png\",\"width\":512,\"height\":512,\"caption\":\"Galledia Fachmedien AG\"},\"image\":{\"@id\":\"https:\/\/www.m-q.ch\/fr\/#\/schema\/logo\/image\/\"},\"sameAs\":[\"https:\/\/www.facebook.com\/ManagementUndQualitaet\",\"https:\/\/www.linkedin.com\/showcase\/17982321\/admin\/\"]},{\"@type\":\"Person\",\"@id\":\"https:\/\/www.m-q.ch\/fr\/#\/schema\/person\/71f647a41e4a3e361e6230f5134f3ba9\",\"name\":\"upwork_2\",\"image\":{\"@type\":\"ImageObject\",\"inLanguage\":\"de\",\"@id\":\"https:\/\/www.m-q.ch\/fr\/#\/schema\/person\/image\/\",\"url\":\"https:\/\/secure.gravatar.com\/avatar\/777b90ab56092bbf3c85feacda5c1bce?s=96&d=mm&r=g\",\"contentUrl\":\"https:\/\/secure.gravatar.com\/avatar\/777b90ab56092bbf3c85feacda5c1bce?s=96&d=mm&r=g\",\"caption\":\"upwork_2\"},\"url\":\"https:\/\/www.m-q.ch\/de\/author\/upwork_2\/\"}]}<\/script>\n<!-- \/ Yoast SEO plugin. -->","yoast_head_json":{"title":"Hannes setzt das Leitbild um - MQ Management und Qualit\u00e4t","description":"Hannes kehrt an seinen Arbeitsplatzzur\u00fcck. Die vergangenenbeiden Tage verbrachteer in einem angenehmenSeminarhotel in einemKlausurworkshop.","robots":{"index":"index","follow":"follow","max-snippet":"max-snippet:-1","max-image-preview":"max-image-preview:large","max-video-preview":"max-video-preview:-1"},"canonical":"https:\/\/www.m-q.ch\/de\/hannes-setzt-das-leitbild-um\/","og_locale":"de_DE","og_type":"article","og_title":"Hannes setzt das Leitbild um - MQ Management und Qualit\u00e4t","og_description":"Hannes kehrt an seinen Arbeitsplatzzur\u00fcck. Die vergangenenbeiden Tage verbrachteer in einem angenehmenSeminarhotel in einemKlausurworkshop.","og_url":"https:\/\/www.m-q.ch\/de\/hannes-setzt-das-leitbild-um\/","og_site_name":"MQ Management und Qualit\u00e4t","article_publisher":"https:\/\/www.facebook.com\/ManagementUndQualitaet","article_published_time":"2015-12-23T07:32:48+00:00","article_modified_time":"2021-02-17T10:30:01+00:00","og_image":[{"width":876,"height":536,"url":"https:\/\/www.m-q.ch\/wp-content\/uploads\/2021\/02\/Hannes-setzt-das-Leitbild-um.jpg","type":"image\/jpeg"}],"author":"upwork_2","twitter_card":"summary_large_image","twitter_misc":{"Verfasst von":"upwork_2","Gesch\u00e4tzte Lesezeit":"3\u00a0Minuten"},"schema":{"@context":"https:\/\/schema.org","@graph":[{"@type":"Article","@id":"https:\/\/www.m-q.ch\/hannes-setzt-das-leitbild-um\/#article","isPartOf":{"@id":"https:\/\/www.m-q.ch\/hannes-setzt-das-leitbild-um\/"},"author":{"name":"upwork_2","@id":"https:\/\/www.m-q.ch\/fr\/#\/schema\/person\/71f647a41e4a3e361e6230f5134f3ba9"},"headline":"Hannes setzt das Leitbild um","datePublished":"2015-12-23T07:32:48+00:00","dateModified":"2021-02-17T10:30:01+00:00","mainEntityOfPage":{"@id":"https:\/\/www.m-q.ch\/hannes-setzt-das-leitbild-um\/"},"wordCount":606,"publisher":{"@id":"https:\/\/www.m-q.ch\/fr\/#organization"},"image":{"@id":"https:\/\/www.m-q.ch\/hannes-setzt-das-leitbild-um\/#primaryimage"},"thumbnailUrl":"https:\/\/www.m-q.ch\/wp-content\/uploads\/2021\/02\/Hannes-setzt-das-Leitbild-um.jpg","keywords":["12\/2015"],"inLanguage":"de"},{"@type":"WebPage","@id":"https:\/\/www.m-q.ch\/hannes-setzt-das-leitbild-um\/","url":"https:\/\/www.m-q.ch\/hannes-setzt-das-leitbild-um\/","name":"Hannes setzt das Leitbild um - MQ Management und Qualit\u00e4t","isPartOf":{"@id":"https:\/\/www.m-q.ch\/fr\/#website"},"primaryImageOfPage":{"@id":"https:\/\/www.m-q.ch\/hannes-setzt-das-leitbild-um\/#primaryimage"},"image":{"@id":"https:\/\/www.m-q.ch\/hannes-setzt-das-leitbild-um\/#primaryimage"},"thumbnailUrl":"https:\/\/www.m-q.ch\/wp-content\/uploads\/2021\/02\/Hannes-setzt-das-Leitbild-um.jpg","datePublished":"2015-12-23T07:32:48+00:00","dateModified":"2021-02-17T10:30:01+00:00","description":"Hannes kehrt an seinen Arbeitsplatzzur\u00fcck. Die vergangenenbeiden Tage verbrachteer in einem angenehmenSeminarhotel in einemKlausurworkshop.","breadcrumb":{"@id":"https:\/\/www.m-q.ch\/hannes-setzt-das-leitbild-um\/#breadcrumb"},"inLanguage":"de","potentialAction":[{"@type":"ReadAction","target":["https:\/\/www.m-q.ch\/hannes-setzt-das-leitbild-um\/"]}]},{"@type":"ImageObject","inLanguage":"de","@id":"https:\/\/www.m-q.ch\/hannes-setzt-das-leitbild-um\/#primaryimage","url":"https:\/\/www.m-q.ch\/wp-content\/uploads\/2021\/02\/Hannes-setzt-das-Leitbild-um.jpg","contentUrl":"https:\/\/www.m-q.ch\/wp-content\/uploads\/2021\/02\/Hannes-setzt-das-Leitbild-um.jpg","width":876,"height":536,"caption":"Hannes setzt das Leitbild um"},{"@type":"BreadcrumbList","@id":"https:\/\/www.m-q.ch\/hannes-setzt-das-leitbild-um\/#breadcrumb","itemListElement":[{"@type":"ListItem","position":1,"name":"Allgemein","item":"https:\/\/www.m-q.ch\/kategorie\/allgemein\/"},{"@type":"ListItem","position":2,"name":"Hannes setzt das Leitbild um"}]},{"@type":"WebSite","@id":"https:\/\/www.m-q.ch\/fr\/#website","url":"https:\/\/www.m-q.ch\/fr\/","name":"MQ Management und Qualit\u00e4t","description":"Plattform f\u00fcr integrierte Managementsysteme.","publisher":{"@id":"https:\/\/www.m-q.ch\/fr\/#organization"},"potentialAction":[{"@type":"SearchAction","target":{"@type":"EntryPoint","urlTemplate":"https:\/\/www.m-q.ch\/fr\/?s={search_term_string}"},"query-input":{"@type":"PropertyValueSpecification","valueRequired":true,"valueName":"search_term_string"}}],"inLanguage":"de"},{"@type":"Organization","@id":"https:\/\/www.m-q.ch\/fr\/#organization","name":"Galledia Fachmedien AG","url":"https:\/\/www.m-q.ch\/fr\/","logo":{"@type":"ImageObject","inLanguage":"de","@id":"https:\/\/www.m-q.ch\/fr\/#\/schema\/logo\/image\/","url":"https:\/\/www.m-q.ch\/wp-content\/uploads\/2020\/12\/cropped-logo_small.png","contentUrl":"https:\/\/www.m-q.ch\/wp-content\/uploads\/2020\/12\/cropped-logo_small.png","width":512,"height":512,"caption":"Galledia Fachmedien AG"},"image":{"@id":"https:\/\/www.m-q.ch\/fr\/#\/schema\/logo\/image\/"},"sameAs":["https:\/\/www.facebook.com\/ManagementUndQualitaet","https:\/\/www.linkedin.com\/showcase\/17982321\/admin\/"]},{"@type":"Person","@id":"https:\/\/www.m-q.ch\/fr\/#\/schema\/person\/71f647a41e4a3e361e6230f5134f3ba9","name":"upwork_2","image":{"@type":"ImageObject","inLanguage":"de","@id":"https:\/\/www.m-q.ch\/fr\/#\/schema\/person\/image\/","url":"https:\/\/secure.gravatar.com\/avatar\/777b90ab56092bbf3c85feacda5c1bce?s=96&d=mm&r=g","contentUrl":"https:\/\/secure.gravatar.com\/avatar\/777b90ab56092bbf3c85feacda5c1bce?s=96&d=mm&r=g","caption":"upwork_2"},"url":"https:\/\/www.m-q.ch\/de\/author\/upwork_2\/"}]}},"_links":{"self":[{"href":"https:\/\/www.m-q.ch\/de\/wp-json\/wp\/v2\/posts\/12460","targetHints":{"allow":["GET"]}}],"collection":[{"href":"https:\/\/www.m-q.ch\/de\/wp-json\/wp\/v2\/posts"}],"about":[{"href":"https:\/\/www.m-q.ch\/de\/wp-json\/wp\/v2\/types\/post"}],"author":[{"embeddable":true,"href":"https:\/\/www.m-q.ch\/de\/wp-json\/wp\/v2\/users\/62"}],"replies":[{"embeddable":true,"href":"https:\/\/www.m-q.ch\/de\/wp-json\/wp\/v2\/comments?post=12460"}],"version-history":[{"count":1,"href":"https:\/\/www.m-q.ch\/de\/wp-json\/wp\/v2\/posts\/12460\/revisions"}],"predecessor-version":[{"id":12539,"href":"https:\/\/www.m-q.ch\/de\/wp-json\/wp\/v2\/posts\/12460\/revisions\/12539"}],"wp:featuredmedia":[{"embeddable":true,"href":"https:\/\/www.m-q.ch\/de\/wp-json\/wp\/v2\/media\/12538"}],"wp:attachment":[{"href":"https:\/\/www.m-q.ch\/de\/wp-json\/wp\/v2\/media?parent=12460"}],"wp:term":[{"taxonomy":"category","embeddable":true,"href":"https:\/\/www.m-q.ch\/de\/wp-json\/wp\/v2\/categories?post=12460"},{"taxonomy":"post_tag","embeddable":true,"href":"https:\/\/www.m-q.ch\/de\/wp-json\/wp\/v2\/tags?post=12460"}],"curies":[{"name":"wp","href":"https:\/\/api.w.org\/{rel}","templated":true}]}}