{"id":12528,"date":"2014-11-19T08:11:15","date_gmt":"2014-11-19T07:11:15","guid":{"rendered":"https:\/\/www.m-q.ch\/?p=12528"},"modified":"2021-02-18T08:16:51","modified_gmt":"2021-02-18T07:16:51","slug":"oekologische-und-soziale-risiken-miteinbeziehen","status":"publish","type":"post","link":"https:\/\/www.m-q.ch\/de\/oekologische-und-soziale-risiken-miteinbeziehen\/","title":{"rendered":"\u00ab\u00d6kologische und soziale Risiken miteinbeziehen\u00bb"},"content":{"rendered":"<p><img loading=\"lazy\" decoding=\"async\" class=\"alignnone size-full wp-image-12619\" src=\"https:\/\/www.m-q.ch\/wp-content\/uploads\/2021\/02\/Oekologische-und-soziale-Risiken-miteinbeziehen.jpg\" alt=\"\u00ab\u00d6kologische und soziale Risiken miteinbeziehen\u00bb\" width=\"837\" height=\"1395\" srcset=\"https:\/\/www.m-q.ch\/wp-content\/uploads\/2021\/02\/Oekologische-und-soziale-Risiken-miteinbeziehen.jpg 837w, https:\/\/www.m-q.ch\/wp-content\/uploads\/2021\/02\/Oekologische-und-soziale-Risiken-miteinbeziehen-768x1280.jpg 768w, https:\/\/www.m-q.ch\/wp-content\/uploads\/2021\/02\/Oekologische-und-soziale-Risiken-miteinbeziehen-7x12.jpg 7w, https:\/\/www.m-q.ch\/wp-content\/uploads\/2021\/02\/Oekologische-und-soziale-Risiken-miteinbeziehen-105x175.jpg 105w, https:\/\/www.m-q.ch\/wp-content\/uploads\/2021\/02\/Oekologische-und-soziale-Risiken-miteinbeziehen-210x350.jpg 210w, https:\/\/www.m-q.ch\/wp-content\/uploads\/2021\/02\/Oekologische-und-soziale-Risiken-miteinbeziehen-480x800.jpg 480w, https:\/\/www.m-q.ch\/wp-content\/uploads\/2021\/02\/Oekologische-und-soziale-Risiken-miteinbeziehen-300x500.jpg 300w\" sizes=\"auto, (max-width: 837px) 100vw, 837px\" \/><\/p>\n<p>&nbsp;<\/p>\n<p>&nbsp;<\/p>\n<p>&nbsp;<\/p>\n<p><strong>Herr Bakker, wenn Sie einen Nachhaltigkeitsbericht \u00fcber sich selbst schreiben m\u00fcssten, was st\u00fcnde da drin?<\/strong><\/p>\n<p>&nbsp;<\/p>\n<p>Wenn ich das tats\u00e4chlich m\u00fcsste, w\u00fcrde ich sicher meine Flugmeilen erw\u00e4hnen. Ich bin in meiner Funktion als Pr\u00e4sident des WBCSD sehr oft global unterwegs und fliege f\u00fcr eine Veranstaltung auch mal rund um die Welt. Meine CO2-Emissionen sind also sehr wesentlich. Ein zweiter wesentlicher Punkt sind die sozialen Auswirkungen meines Tuns. Was bedeutet meine Abwesenheit f\u00fcr meine Familie? In der Folge stelle ich mir die Frage: Kann ich dieses Ausmass an Emissionen und Abwesenheit mit meiner T\u00e4tigkeit rechtfertigen? Dadurch kommen wir zu einem aktuellen Problem, n\u00e4mlich, wie ich die Auswirkungen meines Tuns messe. Diese Messbarkeit ist besonders bei sozialen Faktoren noch nicht gegeben.<\/p>\n<p><strong>Was heisst das f\u00fcr die Unternehmen?<\/strong><\/p>\n<p>&nbsp;<\/p>\n<p>Die haben genau dasselbe Problem. Die finanziellen Kennzahlen, die Ausmasse finanzieller Risiken sind genau definiert und die Berichterstattung dar\u00fcber ist etabliert. Auch das Naturkapital l\u00e4sst sich mittlerweile relativ gut messen. Doch beim sozialen Kapital, bei den Mitarbeitenden und den Menschen entlang der ganzen Wertsch\u00f6pfungskette, da hinken wir noch hinterher.<\/p>\n<p><strong>Wo liegen bei der Berichterstattung die Unterschiede zwischen kleinen und grossen Unternehmen?<\/strong><\/p>\n<p>&nbsp;<\/p>\n<p>Grunds\u00e4tzlich ist die Notwendigkeit, einen Nachhaltigkeitsbericht zu schreiben, f\u00fcr jedes Unternehmen, egal welcher Gr\u00f6sse, dieselbe. Denn sowohl kleine als auch grosse Unternehmen haben Vor- und Nachteile. Die grossen haben zwar mehr Kapazit\u00e4ten, um einen Nachhaltigkeitsbericht zu schreiben. Daf\u00fcr ist ihre Wertsch\u00f6pfungskette viel komplexer und schwieriger zu kontrollieren als bei den kleinen. Diese wiederum klagen dar\u00fcber, dass sie keine Ressourcen haben, einen Nachhaltigkeitsbericht zu schreiben. Doch \u00fcber kurz oder lang werden sich alle Unternehmen dieser Sache annehmen m\u00fcssen. Denn wenn Grosskonzerne \u00fcber ihre Wertsch\u00f6pfungskette berichten, werden die kleineren Unternehmen, welche vielleicht Teil dieser Kette sind, die wesentlichen Zahlen schliesslich ebenfalls erheben m\u00fcssen. Wichtig ist dabei, Mass zu halten: Ein KMU muss nicht \u00fcber 40 verschiedene Themen berichten, vielleicht reichen f\u00fcnf bis zehn Indikatoren, um die Auswirkungen des Unternehmens auf die Umwelt zu beschreiben.<\/p>\n<p><strong>Was sind die aktuellen Trends in der Nachhaltigkeitsberichterstattung?<\/strong><\/p>\n<p>&nbsp;<\/p>\n<p>Die Szene entwickelt sich rasant. Der externe Druck auf die Unternehmen, zum Beispiel durch die Klimaerw\u00e4rmung und die Ersch\u00f6pfung unserer Ressourcen, w\u00e4chst. Das Problem ist nur, dass wir bisher noch keine optimale Sprache haben, um \u00fcber die Auswirkungen von Unternehmen zu berichten. Daf\u00fcr m\u00fcssen wir sinnvolle Standards entwickeln, um die Vergleichbarkeit der Berichterstattung zu erreichen. Da es aber bereits mehrere Standards wie GRI (Global Reporting Initiative), SASB (Sustainability Accounting Standards Board) oder IIRC (International Integrated Reporting Council) gibt, m\u00fcssen wir den Unternehmen hier Unterst\u00fctzung anbieten. Es muss klar sein, welche Standards sich f\u00fcr welches Unternehmen eignen. Deshalb ist der WBCSD derzeit daran, eine Entscheidungsgrundlage daf\u00fcr zu entwickeln.<\/p>\n<p><strong>Ein weiterer Trend ist, dass die integrierte Berichterstattung an Bedeutung gewinnt. Warum ist das so?<\/strong><\/p>\n<p>&nbsp;<\/p>\n<p>Die Trennung von finanziellem Gesch\u00e4ftsbericht und nicht-finanziellem Nachhaltigkeitsreporting ist bereits im Ansatz falsch. Denn die Entscheidungen, die ein Unternehmen trifft, sollten sowohl finanzielle, \u00f6kologische als auch soziale Aspekte miteinbeziehen.<\/p>\n<p><strong>Die Risikoanalyse bezieht sich heute aber bei den meisten Unternehmen nur auf finanzielle Risiken. <\/strong><\/p>\n<p>&nbsp;<\/p>\n<p>Genau, so wie der Aktienkurs eines Unternehmens auf den finanziellen Resultaten basiert. Das heisst also, dass diese Trennung nicht nur bei der Berichterstattung aufgehoben werden muss, sondern in der Unternehmensf\u00fchrung allgemein. Unternehmen m\u00fcssen ihre Art, wie sie heute ihre Entscheidungen treffen, grunds\u00e4tzlich \u00e4ndern.<\/p>\n<p><strong>K\u00f6nnen Sie aktuelle Beispiele nennen, wo soziale und \u00f6kologische Risiken f\u00fcr ein Unternehmen eine grosse Rolle spielen?<\/strong><\/p>\n<p>&nbsp;<\/p>\n<p>Denken Sie mal an Ebola. Wer weiss, vielleicht breitet sich das Ebolavirus auch in Europa aus und wird zu einer Epidemie. Was bedeutet es f\u00fcr eine Fabrik, wenn pl\u00f6tzlich die H\u00e4lfte der Mitarbeitenden ausf\u00e4llt? Oder nehmen wir das Beispiel Klimaver\u00e4nderung. In Regionen, die bisher eher trocken waren, f\u00e4llt pl\u00f6tzlich viel mehr Regen, es gibt vermehrt Schlammlawinen. Fabriken werden besch\u00e4digt oder zerst\u00f6rt. Diese Art von Risiken muss ein Unternehmen wahrnehmen und verstehen lernen. Die Risikoanalyse sollte also vermehrt auch Fragen zu sozialen und \u00f6kologischen Faktoren stellen. So kann ein Unternehmen bessere Entscheidungen treffen, seine Auswirkungen besser analysieren und messen und schliesslich auch besser \u00fcber die Auswirkungen des eigenen Tuns berichten<\/p>\n","protected":false},"excerpt":{"rendered":"<p>&nbsp; &nbsp; &nbsp; Herr Bakker, wenn Sie einen Nachhaltigkeitsbericht \u00fcber sich selbst schreiben m\u00fcssten, was st\u00fcnde da drin? &nbsp; Wenn ich das tats\u00e4chlich m\u00fcsste, w\u00fcrde ich sicher meine Flugmeilen erw\u00e4hnen. Ich bin in meiner Funktion als Pr\u00e4sident des WBCSD sehr oft global unterwegs und fliege f\u00fcr eine Veranstaltung auch mal rund um die Welt. Meine [&hellip;]<\/p>\n","protected":false},"author":66,"featured_media":12619,"comment_status":"closed","ping_status":"closed","sticky":false,"template":"","format":"standard","meta":{"_acf_changed":false,"footnotes":""},"categories":[1],"tags":[4800],"class_list":["post-12528","post","type-post","status-publish","format-standard","has-post-thumbnail","hentry","category-unkategorisiert","tag-11-2014"],"acf":[],"yoast_head":"<!-- This site is optimized with the Yoast SEO plugin v26.2 - https:\/\/yoast.com\/wordpress\/plugins\/seo\/ -->\n<title>\u00ab\u00d6kologische und soziale Risiken miteinbeziehen\u00bb - MQ Management und Qualit\u00e4t<\/title>\n<meta name=\"description\" content=\"Peter Bakker ist Pr\u00e4sident des Unternehmerverbandes World Business Council for Sustainable Development (WBCSD), der sich global f\u00fcr eine nachhaltige Wirtschaft einsetzt. Anfang Oktober sprach Bakker an einem Anlass seines Schweizer Netzwerkpartners \u00d6bu \u00fcber die Trends in der Nachhaltigkeitsberichterstattung. Im Interview erkl\u00e4rt er, warum die Risikoanalysen der Firmen in Zukunft vermehrt auch \u00f6kologische und soziale Risiken betrachten m\u00fcssen.\" \/>\n<meta name=\"robots\" content=\"index, follow, max-snippet:-1, max-image-preview:large, max-video-preview:-1\" \/>\n<link rel=\"canonical\" href=\"https:\/\/www.m-q.ch\/de\/oekologische-und-soziale-risiken-miteinbeziehen\/\" \/>\n<meta property=\"og:locale\" content=\"de_DE\" \/>\n<meta property=\"og:type\" content=\"article\" \/>\n<meta property=\"og:title\" content=\"\u00ab\u00d6kologische und soziale Risiken miteinbeziehen\u00bb - MQ Management und Qualit\u00e4t\" \/>\n<meta property=\"og:description\" content=\"Peter Bakker ist Pr\u00e4sident des Unternehmerverbandes World Business Council for Sustainable Development (WBCSD), der sich global f\u00fcr eine nachhaltige Wirtschaft einsetzt. Anfang Oktober sprach Bakker an einem Anlass seines Schweizer Netzwerkpartners \u00d6bu \u00fcber die Trends in der Nachhaltigkeitsberichterstattung. Im Interview erkl\u00e4rt er, warum die Risikoanalysen der Firmen in Zukunft vermehrt auch \u00f6kologische und soziale Risiken betrachten m\u00fcssen.\" \/>\n<meta property=\"og:url\" content=\"https:\/\/www.m-q.ch\/de\/oekologische-und-soziale-risiken-miteinbeziehen\/\" \/>\n<meta property=\"og:site_name\" content=\"MQ Management und Qualit\u00e4t\" \/>\n<meta property=\"article:publisher\" content=\"https:\/\/www.facebook.com\/ManagementUndQualitaet\" \/>\n<meta property=\"article:published_time\" content=\"2014-11-19T07:11:15+00:00\" \/>\n<meta property=\"article:modified_time\" content=\"2021-02-18T07:16:51+00:00\" \/>\n<meta property=\"og:image\" content=\"https:\/\/www.m-q.ch\/wp-content\/uploads\/2021\/02\/Oekologische-und-soziale-Risiken-miteinbeziehen.jpg\" \/>\n\t<meta property=\"og:image:width\" content=\"837\" \/>\n\t<meta property=\"og:image:height\" content=\"1395\" \/>\n\t<meta property=\"og:image:type\" content=\"image\/jpeg\" \/>\n<meta name=\"author\" content=\"upwork_1\" \/>\n<meta name=\"twitter:card\" content=\"summary_large_image\" \/>\n<meta name=\"twitter:label1\" content=\"Verfasst von\" \/>\n\t<meta name=\"twitter:data1\" content=\"upwork_1\" \/>\n\t<meta name=\"twitter:label2\" content=\"Gesch\u00e4tzte Lesezeit\" \/>\n\t<meta name=\"twitter:data2\" content=\"4\u00a0Minuten\" \/>\n<script type=\"application\/ld+json\" class=\"yoast-schema-graph\">{\"@context\":\"https:\/\/schema.org\",\"@graph\":[{\"@type\":\"Article\",\"@id\":\"https:\/\/www.m-q.ch\/fr\/inclusion-des-risques-environnementaux-et-sociaux\/#article\",\"isPartOf\":{\"@id\":\"https:\/\/www.m-q.ch\/fr\/inclusion-des-risques-environnementaux-et-sociaux\/\"},\"author\":{\"name\":\"upwork_1\",\"@id\":\"https:\/\/www.m-q.ch\/fr\/#\/schema\/person\/0bdf39ca27d0b9b779f5b8af54b3f7d7\"},\"headline\":\"\u00ab\u00d6kologische und soziale Risiken miteinbeziehen\u00bb\",\"datePublished\":\"2014-11-19T07:11:15+00:00\",\"dateModified\":\"2021-02-18T07:16:51+00:00\",\"mainEntityOfPage\":{\"@id\":\"https:\/\/www.m-q.ch\/fr\/inclusion-des-risques-environnementaux-et-sociaux\/\"},\"wordCount\":724,\"publisher\":{\"@id\":\"https:\/\/www.m-q.ch\/fr\/#organization\"},\"image\":{\"@id\":\"https:\/\/www.m-q.ch\/fr\/inclusion-des-risques-environnementaux-et-sociaux\/#primaryimage\"},\"thumbnailUrl\":\"https:\/\/www.m-q.ch\/wp-content\/uploads\/2021\/02\/Oekologische-und-soziale-Risiken-miteinbeziehen.jpg\",\"keywords\":[\"11\/2014\"],\"articleSection\":[\"Unkategorisiert\"],\"inLanguage\":\"de\"},{\"@type\":\"WebPage\",\"@id\":\"https:\/\/www.m-q.ch\/fr\/inclusion-des-risques-environnementaux-et-sociaux\/\",\"url\":\"https:\/\/www.m-q.ch\/fr\/inclusion-des-risques-environnementaux-et-sociaux\/\",\"name\":\"\u00ab\u00d6kologische und soziale Risiken miteinbeziehen\u00bb - MQ Management und Qualit\u00e4t\",\"isPartOf\":{\"@id\":\"https:\/\/www.m-q.ch\/fr\/#website\"},\"primaryImageOfPage\":{\"@id\":\"https:\/\/www.m-q.ch\/fr\/inclusion-des-risques-environnementaux-et-sociaux\/#primaryimage\"},\"image\":{\"@id\":\"https:\/\/www.m-q.ch\/fr\/inclusion-des-risques-environnementaux-et-sociaux\/#primaryimage\"},\"thumbnailUrl\":\"https:\/\/www.m-q.ch\/wp-content\/uploads\/2021\/02\/Oekologische-und-soziale-Risiken-miteinbeziehen.jpg\",\"datePublished\":\"2014-11-19T07:11:15+00:00\",\"dateModified\":\"2021-02-18T07:16:51+00:00\",\"description\":\"Peter Bakker ist Pr\u00e4sident des Unternehmerverbandes World Business Council for Sustainable Development (WBCSD), der sich global f\u00fcr eine nachhaltige Wirtschaft einsetzt. Anfang Oktober sprach Bakker an einem Anlass seines Schweizer Netzwerkpartners \u00d6bu \u00fcber die Trends in der Nachhaltigkeitsberichterstattung. Im Interview erkl\u00e4rt er, warum die Risikoanalysen der Firmen in Zukunft vermehrt auch \u00f6kologische und soziale Risiken betrachten m\u00fcssen.\",\"breadcrumb\":{\"@id\":\"https:\/\/www.m-q.ch\/fr\/inclusion-des-risques-environnementaux-et-sociaux\/#breadcrumb\"},\"inLanguage\":\"de\",\"potentialAction\":[{\"@type\":\"ReadAction\",\"target\":[\"https:\/\/www.m-q.ch\/fr\/inclusion-des-risques-environnementaux-et-sociaux\/\"]}]},{\"@type\":\"ImageObject\",\"inLanguage\":\"de\",\"@id\":\"https:\/\/www.m-q.ch\/fr\/inclusion-des-risques-environnementaux-et-sociaux\/#primaryimage\",\"url\":\"https:\/\/www.m-q.ch\/wp-content\/uploads\/2021\/02\/Oekologische-und-soziale-Risiken-miteinbeziehen.jpg\",\"contentUrl\":\"https:\/\/www.m-q.ch\/wp-content\/uploads\/2021\/02\/Oekologische-und-soziale-Risiken-miteinbeziehen.jpg\",\"width\":837,\"height\":1395,\"caption\":\"\u00ab\u00d6kologische und soziale Risiken miteinbeziehen\u00bb\"},{\"@type\":\"BreadcrumbList\",\"@id\":\"https:\/\/www.m-q.ch\/fr\/inclusion-des-risques-environnementaux-et-sociaux\/#breadcrumb\",\"itemListElement\":[{\"@type\":\"ListItem\",\"position\":1,\"name\":\"Unkategorisiert\",\"item\":\"https:\/\/www.m-q.ch\/it\/categoria\/senza-categoria\/\"},{\"@type\":\"ListItem\",\"position\":2,\"name\":\"\u00ab\u00d6kologische und soziale Risiken miteinbeziehen\u00bb\"}]},{\"@type\":\"WebSite\",\"@id\":\"https:\/\/www.m-q.ch\/fr\/#website\",\"url\":\"https:\/\/www.m-q.ch\/fr\/\",\"name\":\"MQ Management und Qualit\u00e4t\",\"description\":\"Plattform f\u00fcr integrierte Managementsysteme.\",\"publisher\":{\"@id\":\"https:\/\/www.m-q.ch\/fr\/#organization\"},\"potentialAction\":[{\"@type\":\"SearchAction\",\"target\":{\"@type\":\"EntryPoint\",\"urlTemplate\":\"https:\/\/www.m-q.ch\/fr\/?s={search_term_string}\"},\"query-input\":{\"@type\":\"PropertyValueSpecification\",\"valueRequired\":true,\"valueName\":\"search_term_string\"}}],\"inLanguage\":\"de\"},{\"@type\":\"Organization\",\"@id\":\"https:\/\/www.m-q.ch\/fr\/#organization\",\"name\":\"Galledia Fachmedien AG\",\"url\":\"https:\/\/www.m-q.ch\/fr\/\",\"logo\":{\"@type\":\"ImageObject\",\"inLanguage\":\"de\",\"@id\":\"https:\/\/www.m-q.ch\/fr\/#\/schema\/logo\/image\/\",\"url\":\"https:\/\/www.m-q.ch\/wp-content\/uploads\/2020\/12\/cropped-logo_small.png\",\"contentUrl\":\"https:\/\/www.m-q.ch\/wp-content\/uploads\/2020\/12\/cropped-logo_small.png\",\"width\":512,\"height\":512,\"caption\":\"Galledia Fachmedien AG\"},\"image\":{\"@id\":\"https:\/\/www.m-q.ch\/fr\/#\/schema\/logo\/image\/\"},\"sameAs\":[\"https:\/\/www.facebook.com\/ManagementUndQualitaet\",\"https:\/\/www.linkedin.com\/showcase\/17982321\/admin\/\"]},{\"@type\":\"Person\",\"@id\":\"https:\/\/www.m-q.ch\/fr\/#\/schema\/person\/0bdf39ca27d0b9b779f5b8af54b3f7d7\",\"name\":\"upwork_1\",\"image\":{\"@type\":\"ImageObject\",\"inLanguage\":\"de\",\"@id\":\"https:\/\/www.m-q.ch\/fr\/#\/schema\/person\/image\/\",\"url\":\"https:\/\/secure.gravatar.com\/avatar\/04d4d0fdc5886d535809f17d0eace7f6?s=96&d=mm&r=g\",\"contentUrl\":\"https:\/\/secure.gravatar.com\/avatar\/04d4d0fdc5886d535809f17d0eace7f6?s=96&d=mm&r=g\",\"caption\":\"upwork_1\"},\"url\":\"https:\/\/www.m-q.ch\/de\/author\/upwork_1\/\"}]}<\/script>\n<!-- \/ Yoast SEO plugin. -->","yoast_head_json":{"title":"\u00ab\u00d6kologische und soziale Risiken miteinbeziehen\u00bb - MQ Management und Qualit\u00e4t","description":"Peter Bakker ist Pr\u00e4sident des Unternehmerverbandes World Business Council for Sustainable Development (WBCSD), der sich global f\u00fcr eine nachhaltige Wirtschaft einsetzt. Anfang Oktober sprach Bakker an einem Anlass seines Schweizer Netzwerkpartners \u00d6bu \u00fcber die Trends in der Nachhaltigkeitsberichterstattung. Im Interview erkl\u00e4rt er, warum die Risikoanalysen der Firmen in Zukunft vermehrt auch \u00f6kologische und soziale Risiken betrachten m\u00fcssen.","robots":{"index":"index","follow":"follow","max-snippet":"max-snippet:-1","max-image-preview":"max-image-preview:large","max-video-preview":"max-video-preview:-1"},"canonical":"https:\/\/www.m-q.ch\/de\/oekologische-und-soziale-risiken-miteinbeziehen\/","og_locale":"de_DE","og_type":"article","og_title":"\u00ab\u00d6kologische und soziale Risiken miteinbeziehen\u00bb - MQ Management und Qualit\u00e4t","og_description":"Peter Bakker ist Pr\u00e4sident des Unternehmerverbandes World Business Council for Sustainable Development (WBCSD), der sich global f\u00fcr eine nachhaltige Wirtschaft einsetzt. Anfang Oktober sprach Bakker an einem Anlass seines Schweizer Netzwerkpartners \u00d6bu \u00fcber die Trends in der Nachhaltigkeitsberichterstattung. Im Interview erkl\u00e4rt er, warum die Risikoanalysen der Firmen in Zukunft vermehrt auch \u00f6kologische und soziale Risiken betrachten m\u00fcssen.","og_url":"https:\/\/www.m-q.ch\/de\/oekologische-und-soziale-risiken-miteinbeziehen\/","og_site_name":"MQ Management und Qualit\u00e4t","article_publisher":"https:\/\/www.facebook.com\/ManagementUndQualitaet","article_published_time":"2014-11-19T07:11:15+00:00","article_modified_time":"2021-02-18T07:16:51+00:00","og_image":[{"width":837,"height":1395,"url":"https:\/\/www.m-q.ch\/wp-content\/uploads\/2021\/02\/Oekologische-und-soziale-Risiken-miteinbeziehen.jpg","type":"image\/jpeg"}],"author":"upwork_1","twitter_card":"summary_large_image","twitter_misc":{"Verfasst von":"upwork_1","Gesch\u00e4tzte Lesezeit":"4\u00a0Minuten"},"schema":{"@context":"https:\/\/schema.org","@graph":[{"@type":"Article","@id":"https:\/\/www.m-q.ch\/fr\/inclusion-des-risques-environnementaux-et-sociaux\/#article","isPartOf":{"@id":"https:\/\/www.m-q.ch\/fr\/inclusion-des-risques-environnementaux-et-sociaux\/"},"author":{"name":"upwork_1","@id":"https:\/\/www.m-q.ch\/fr\/#\/schema\/person\/0bdf39ca27d0b9b779f5b8af54b3f7d7"},"headline":"\u00ab\u00d6kologische und soziale Risiken miteinbeziehen\u00bb","datePublished":"2014-11-19T07:11:15+00:00","dateModified":"2021-02-18T07:16:51+00:00","mainEntityOfPage":{"@id":"https:\/\/www.m-q.ch\/fr\/inclusion-des-risques-environnementaux-et-sociaux\/"},"wordCount":724,"publisher":{"@id":"https:\/\/www.m-q.ch\/fr\/#organization"},"image":{"@id":"https:\/\/www.m-q.ch\/fr\/inclusion-des-risques-environnementaux-et-sociaux\/#primaryimage"},"thumbnailUrl":"https:\/\/www.m-q.ch\/wp-content\/uploads\/2021\/02\/Oekologische-und-soziale-Risiken-miteinbeziehen.jpg","keywords":["11\/2014"],"articleSection":["Unkategorisiert"],"inLanguage":"de"},{"@type":"WebPage","@id":"https:\/\/www.m-q.ch\/fr\/inclusion-des-risques-environnementaux-et-sociaux\/","url":"https:\/\/www.m-q.ch\/fr\/inclusion-des-risques-environnementaux-et-sociaux\/","name":"\u00ab\u00d6kologische und soziale Risiken miteinbeziehen\u00bb - MQ Management und Qualit\u00e4t","isPartOf":{"@id":"https:\/\/www.m-q.ch\/fr\/#website"},"primaryImageOfPage":{"@id":"https:\/\/www.m-q.ch\/fr\/inclusion-des-risques-environnementaux-et-sociaux\/#primaryimage"},"image":{"@id":"https:\/\/www.m-q.ch\/fr\/inclusion-des-risques-environnementaux-et-sociaux\/#primaryimage"},"thumbnailUrl":"https:\/\/www.m-q.ch\/wp-content\/uploads\/2021\/02\/Oekologische-und-soziale-Risiken-miteinbeziehen.jpg","datePublished":"2014-11-19T07:11:15+00:00","dateModified":"2021-02-18T07:16:51+00:00","description":"Peter Bakker ist Pr\u00e4sident des Unternehmerverbandes World Business Council for Sustainable Development (WBCSD), der sich global f\u00fcr eine nachhaltige Wirtschaft einsetzt. Anfang Oktober sprach Bakker an einem Anlass seines Schweizer Netzwerkpartners \u00d6bu \u00fcber die Trends in der Nachhaltigkeitsberichterstattung. Im Interview erkl\u00e4rt er, warum die Risikoanalysen der Firmen in Zukunft vermehrt auch \u00f6kologische und soziale Risiken betrachten m\u00fcssen.","breadcrumb":{"@id":"https:\/\/www.m-q.ch\/fr\/inclusion-des-risques-environnementaux-et-sociaux\/#breadcrumb"},"inLanguage":"de","potentialAction":[{"@type":"ReadAction","target":["https:\/\/www.m-q.ch\/fr\/inclusion-des-risques-environnementaux-et-sociaux\/"]}]},{"@type":"ImageObject","inLanguage":"de","@id":"https:\/\/www.m-q.ch\/fr\/inclusion-des-risques-environnementaux-et-sociaux\/#primaryimage","url":"https:\/\/www.m-q.ch\/wp-content\/uploads\/2021\/02\/Oekologische-und-soziale-Risiken-miteinbeziehen.jpg","contentUrl":"https:\/\/www.m-q.ch\/wp-content\/uploads\/2021\/02\/Oekologische-und-soziale-Risiken-miteinbeziehen.jpg","width":837,"height":1395,"caption":"\u00ab\u00d6kologische und soziale Risiken miteinbeziehen\u00bb"},{"@type":"BreadcrumbList","@id":"https:\/\/www.m-q.ch\/fr\/inclusion-des-risques-environnementaux-et-sociaux\/#breadcrumb","itemListElement":[{"@type":"ListItem","position":1,"name":"Unkategorisiert","item":"https:\/\/www.m-q.ch\/it\/categoria\/senza-categoria\/"},{"@type":"ListItem","position":2,"name":"\u00ab\u00d6kologische und soziale Risiken miteinbeziehen\u00bb"}]},{"@type":"WebSite","@id":"https:\/\/www.m-q.ch\/fr\/#website","url":"https:\/\/www.m-q.ch\/fr\/","name":"MQ Management und Qualit\u00e4t","description":"Plattform f\u00fcr integrierte Managementsysteme.","publisher":{"@id":"https:\/\/www.m-q.ch\/fr\/#organization"},"potentialAction":[{"@type":"SearchAction","target":{"@type":"EntryPoint","urlTemplate":"https:\/\/www.m-q.ch\/fr\/?s={search_term_string}"},"query-input":{"@type":"PropertyValueSpecification","valueRequired":true,"valueName":"search_term_string"}}],"inLanguage":"de"},{"@type":"Organization","@id":"https:\/\/www.m-q.ch\/fr\/#organization","name":"Galledia Fachmedien AG","url":"https:\/\/www.m-q.ch\/fr\/","logo":{"@type":"ImageObject","inLanguage":"de","@id":"https:\/\/www.m-q.ch\/fr\/#\/schema\/logo\/image\/","url":"https:\/\/www.m-q.ch\/wp-content\/uploads\/2020\/12\/cropped-logo_small.png","contentUrl":"https:\/\/www.m-q.ch\/wp-content\/uploads\/2020\/12\/cropped-logo_small.png","width":512,"height":512,"caption":"Galledia Fachmedien AG"},"image":{"@id":"https:\/\/www.m-q.ch\/fr\/#\/schema\/logo\/image\/"},"sameAs":["https:\/\/www.facebook.com\/ManagementUndQualitaet","https:\/\/www.linkedin.com\/showcase\/17982321\/admin\/"]},{"@type":"Person","@id":"https:\/\/www.m-q.ch\/fr\/#\/schema\/person\/0bdf39ca27d0b9b779f5b8af54b3f7d7","name":"upwork_1","image":{"@type":"ImageObject","inLanguage":"de","@id":"https:\/\/www.m-q.ch\/fr\/#\/schema\/person\/image\/","url":"https:\/\/secure.gravatar.com\/avatar\/04d4d0fdc5886d535809f17d0eace7f6?s=96&d=mm&r=g","contentUrl":"https:\/\/secure.gravatar.com\/avatar\/04d4d0fdc5886d535809f17d0eace7f6?s=96&d=mm&r=g","caption":"upwork_1"},"url":"https:\/\/www.m-q.ch\/de\/author\/upwork_1\/"}]}},"_links":{"self":[{"href":"https:\/\/www.m-q.ch\/de\/wp-json\/wp\/v2\/posts\/12528","targetHints":{"allow":["GET"]}}],"collection":[{"href":"https:\/\/www.m-q.ch\/de\/wp-json\/wp\/v2\/posts"}],"about":[{"href":"https:\/\/www.m-q.ch\/de\/wp-json\/wp\/v2\/types\/post"}],"author":[{"embeddable":true,"href":"https:\/\/www.m-q.ch\/de\/wp-json\/wp\/v2\/users\/66"}],"replies":[{"embeddable":true,"href":"https:\/\/www.m-q.ch\/de\/wp-json\/wp\/v2\/comments?post=12528"}],"version-history":[{"count":1,"href":"https:\/\/www.m-q.ch\/de\/wp-json\/wp\/v2\/posts\/12528\/revisions"}],"predecessor-version":[{"id":12622,"href":"https:\/\/www.m-q.ch\/de\/wp-json\/wp\/v2\/posts\/12528\/revisions\/12622"}],"wp:featuredmedia":[{"embeddable":true,"href":"https:\/\/www.m-q.ch\/de\/wp-json\/wp\/v2\/media\/12619"}],"wp:attachment":[{"href":"https:\/\/www.m-q.ch\/de\/wp-json\/wp\/v2\/media?parent=12528"}],"wp:term":[{"taxonomy":"category","embeddable":true,"href":"https:\/\/www.m-q.ch\/de\/wp-json\/wp\/v2\/categories?post=12528"},{"taxonomy":"post_tag","embeddable":true,"href":"https:\/\/www.m-q.ch\/de\/wp-json\/wp\/v2\/tags?post=12528"}],"curies":[{"name":"wp","href":"https:\/\/api.w.org\/{rel}","templated":true}]}}