{"id":1281,"date":"2017-03-22T11:32:44","date_gmt":"2017-03-22T10:32:44","guid":{"rendered":"https:\/\/www.m-q.ch\/?p=1281"},"modified":"2017-03-22T15:43:51","modified_gmt":"2017-03-22T14:43:51","slug":"1281-2","status":"publish","type":"post","link":"https:\/\/www.m-q.ch\/de\/1281-2\/","title":{"rendered":"Potenzial und Risiken einer Demokratie in einer digitalisierten Welt"},"content":{"rendered":"<p>&nbsp;<\/p>\n<p>&nbsp;<\/p>\n<figure id=\"attachment_1282\" aria-describedby=\"caption-attachment-1282\" style=\"width: 680px\" class=\"wp-caption alignnone\"><img loading=\"lazy\" decoding=\"async\" class=\"size-medium wp-image-1282\" src=\"https:\/\/www.m-q.ch\/wp-content\/uploads\/2017\/03\/Potenzial-und-Risiken-der-Demokratie-mq-managment-u-qualit\u00e4t-680x454.jpg\" alt=\"\" width=\"680\" height=\"454\" srcset=\"https:\/\/www.m-q.ch\/wp-content\/uploads\/2017\/03\/Potenzial-und-Risiken-der-Demokratie-mq-managment-u-qualit\u00e4t-680x454.jpg 680w, https:\/\/www.m-q.ch\/wp-content\/uploads\/2017\/03\/Potenzial-und-Risiken-der-Demokratie-mq-managment-u-qualit\u00e4t-768x513.jpg 768w, https:\/\/www.m-q.ch\/wp-content\/uploads\/2017\/03\/Potenzial-und-Risiken-der-Demokratie-mq-managment-u-qualit\u00e4t-16x12.jpg 16w, https:\/\/www.m-q.ch\/wp-content\/uploads\/2017\/03\/Potenzial-und-Risiken-der-Demokratie-mq-managment-u-qualit\u00e4t-262x175.jpg 262w, https:\/\/www.m-q.ch\/wp-content\/uploads\/2017\/03\/Potenzial-und-Risiken-der-Demokratie-mq-managment-u-qualit\u00e4t-524x350.jpg 524w, https:\/\/www.m-q.ch\/wp-content\/uploads\/2017\/03\/Potenzial-und-Risiken-der-Demokratie-mq-managment-u-qualit\u00e4t-920x614.jpg 920w, https:\/\/www.m-q.ch\/wp-content\/uploads\/2017\/03\/Potenzial-und-Risiken-der-Demokratie-mq-managment-u-qualit\u00e4t-300x200.jpg 300w, https:\/\/www.m-q.ch\/wp-content\/uploads\/2017\/03\/Potenzial-und-Risiken-der-Demokratie-mq-managment-u-qualit\u00e4t-624x417.jpg 624w, https:\/\/www.m-q.ch\/wp-content\/uploads\/2017\/03\/Potenzial-und-Risiken-der-Demokratie-mq-managment-u-qualit\u00e4t.jpg 999w\" sizes=\"auto, (max-width: 680px) 100vw, 680px\" \/><figcaption id=\"caption-attachment-1282\" class=\"wp-caption-text\">In der Politik von heute ist nur schon eine Minute sprechen eine lange Zeit. (Bild: Depositphotos_Khakimullin)<\/figcaption><\/figure>\n<p>Welche Potentiale und Risiken birgt die politische Kommunikation f\u00fcr eine Demokratie? Die Digitalisierung pr\u00e4gt heute schon Form, Art und Inhalte der gesellschaftlichen Debatte und politischen Meinungsfindung. In einem Aspekt sind sich viele Medien- und Politikexperten einig: Wir alle tendieren immer mehr dazu, in unseren eigenen &#8222;Filterblasen&#8220; zu leben.<\/p>\n<p>Bestimmt durch Algorithmen bekommen wir online vorwiegend Nachrichten und Informationen zu sehen, die uns in unseren Ansichten weiter best\u00e4tigen. Standpunktfremde Informationen werden oft gar nicht erst in unseren Meinungsbildungsprozess integriert \u2013 ohne dass wir uns dessen bewusst sind. Dies gilt nat\u00fcrlich auch f\u00fcr die Offline-Welt. Denn meist umgeben wir uns auch hier mit Menschen, die ein \u00e4hnliches Weltbild vertreten. Somit wird unsere eigene Meinung im sozialen Umfeld meist best\u00e4tigt.<\/p>\n<p><strong>Filterblase oder Informationsfreiheit<\/strong><\/p>\n<p>Software-Algorithmen k\u00f6nnen diesen Effekt um ein Vielfaches verst\u00e4rken. Gesucht sind neue Ideen, wie die Filterblaseneffekte durchbrochen werden k\u00f6nnen. W\u00fcrde es wom\u00f6glich helfen, wenn wir auf sozialen Medien jeweils die M\u00f6glichkeit erhielten, uns per Mausklick anzeigen zu lassen, was jemand zu sehen bekommt, der ein &#8222;gegenteiliges&#8220; Profil hat? Wie w\u00e4re dies umzusetzen und in einer von Algorithmen gesteuerten Welt zu \u00fcberpr\u00fcfen?<\/p>\n<p>Noch ist unklar, welchen Effekt Filterblasen im Rahmen von politischen Entscheidungsprozessen tats\u00e4chlich haben. Schliesslich er\u00f6ffnet das Internet, insbesondere soziale Medien, auch nie dagewesene M\u00f6glichkeiten, Informationen aller Art zu beziehen und sich mit Nutzern aus der ganzen Welt mit unterschiedlichen Perspektiven zu vernetzen.<\/p>\n<p><strong>Overload und fehlende Deutungshoheit<\/strong><\/p>\n<p>Auch f\u00e4llt uns die Einsch\u00e4tzung von Medieninhalten zunehmend schwerer. Dies h\u00e4ngt zum einen mit einem \u00dcberfluss an Botschaften, Kan\u00e4len und Sendern zusammen, mit denen wir t\u00e4glich konfrontiert sind. Zum anderen findet insbesondere im Kontext der sozialen Medien ein ausgepr\u00e4gter Kampf um Deutungshoheit statt. Es mangelt an entideologisierten, faktenbasierten und interessenunabh\u00e4ngigen Debatten. Oder es existieren zu viele widerspr\u00fcchliche&#8220;Fakten&#8220;.<\/p>\n<p>Bei einigen Menschen machen sich dadurch zunehmend Skepsis und ein Ohnmachtsgef\u00fchl breit, wie in Zukunft unter diesen Bedingungen eine informierte und ausgewogene Entscheidungsfindung \u00fcberhaupt m\u00f6glich sein soll.<\/p>\n<p><strong>Chance f\u00fcr die Demokratie<\/strong><\/p>\n<p>Ad\u00e4quate politische Partizipation stellt eine wesentliche Grundlage der Demokratie dar. Neben wichtigen Faktoren wie der Meinungs- und der Pressefreiheit ist dabei insbesondere auch der ausgewogene Diskurs eine wichtige Voraussetzung, um sich zu informieren und um kompetente Entscheidungen bei Wahl- und Abstimmungsprozessen treffen zu k\u00f6nnen. Verst\u00e4rkt die Digitalisierung eine Polarisierung durch Filterblasen und f\u00f6rderte sie postfaktische Auseinandersetzungen? Oder hilft sie im Gegenteil, Meinungsvielfalt aufzuzeigen und Transparenz sowie Interaktion zu leben?<\/p>\n<p><em><strong>These 1: Zunehmende Transparenz und weitreichende Inklusion<\/strong><\/em><\/p>\n<p><em>Die Digitalisierung und die wachsende Relevanz sozialer Medien haben zu niedrigeren Barrieren auch f\u00fcr die politische Partizipation und damit zu einer neuen Offenheit von Politikern gef\u00fchrt. Dadurch wird eine weitreichende Inklusion erm\u00f6glicht. B\u00fcrgerinnen und B\u00fcrger k\u00f6nnen direkt mit hochrangigen Politikern in Dialog treten.<\/em><\/p>\n<p><em><strong>These 2: Verst\u00e4rkte Sichtbarkeit von Kritik<\/strong><\/em><\/p>\n<p><em>Die zunehmende Transparenz erlaubt es der Bev\u00f6lkerung, Kritik aber auch Missmut einfacher zu zeigen und sich f\u00fcr ihre Anliegen zu vernetzen. Daten k\u00f6nnen nicht nur analysiert, sondern auch einfach visualisiert werden. Zusammenh\u00e4nge werden dadurch offensichtlicher oder gar neu entdeckt \u2013 seien es Finanzzahlen, Schadstoffe oder demographische Informationen. <\/em><\/p>\n<p><em>Gruppierungen mit sozialen, politischen, \u00f6kologischen oder wirtschaftlichen Interessen, aber auch beh\u00f6rdliche Institutionen und Organisationen k\u00f6nnen enorm schnell und einfach ihre Anliegen an die breite \u00d6ffentlichkeit herantragen. Neue Formen der Kollaboration, wie etwa Open Innovation oder Crowdfunding, schaffen hierbei Potenziale f\u00fcr die breite Beteiligung.<\/em><\/p>\n<p><em><strong>These 3: Taten statt Worte bei lokaler Partizipation<\/strong><\/em><\/p>\n<p><em>Immer gr\u00f6sser wird auch das Interesse an lokalen Partizipationsprozessen \u2013 meist digital durchgef\u00fchrt oder zumindest gest\u00fctzt \u2013, welche helfen die Akzeptanz politischer Entscheidungen und das Vertrauen in die Entscheidungstr\u00e4ger zu erh\u00f6hen und kreative L\u00f6sungen zu unterst\u00fctzen.<\/em><\/p>\n<p><em>Diese Entwicklung steht im starken Gegensatz zur h\u00e4ufig proklamierten Politikverdrossenheit, insbesondere der j\u00fcngeren Generation. Vor allem die j\u00fcngeren B\u00fcrgerinnen und B\u00fcrger sind dort t\u00e4tig, wo gef\u00fchlt tats\u00e4chlich direkt etwas bewirkt werden kann. Gerade f\u00fcr sie verlieren klassische Wahlen und Abstimmungen an Attraktivit\u00e4t und damit auch an Relevanz.\u00a0<\/em><\/p>\n<p><em>Dies mag zum einen an einer gewissen &#8222;Wahl-ohne-Resultate&#8220;-M\u00fcdigkeit liegen, zum anderen aber auch an einer \u00dcberforderung mit der Komplexit\u00e4t der Materie und der Menge an Inhalten, Akteuren und Interpretationen.<\/em><\/p>\n<p><em><strong>These 4: Zunehmende Entscheidungsdelegation<\/strong><\/em><\/p>\n<p><em>Der Erfolg populistischer Parteien l\u00e4sst zus\u00e4tzlich vermuten, dass die eigenst\u00e4ndige, differenzierte Abw\u00e4gung von Argumenten zunehmend einer Delegation der Entscheidungskompetenz an die \u00fcberzeugendste Partei oder Person weicht. Wenn jedoch auf eine elaborierte Analyse von Argumenten verzichtet wird, k\u00f6nnen emotional aufgeladene Statements, charismatische Pers\u00f6nlichkeiten und das Versprechen von Massnahmen leichter \u00fcberzeugen. <\/em><\/p>\n<blockquote><p>Um dem entgegenzuwirken werden aktuell neue Mechanismen und Ideen diskutiert. Beispielweise schl\u00e4gt der Historiker David Van Reybrouck vermehrt Laien-Gremien als weitere Empfehlungsinstanz.<\/p><\/blockquote>\n<p>Ein weiterf\u00fchrender <a href=\"http:\/\/www.wallstein-verlag.de\/9783835318717-david-van-reybrouck-gegen-wahlen.html\">Link<\/a> zum Thema &#8222;Laien-Gremien als weitere Empfehlungsinstanz&#8220;.<\/p>\n<p><strong>Fazit: Die digitale Zukunft mitgestalten <\/strong><\/p>\n<p>Damit wir als Individuen wie auch als Gesellschaft mit der fortschreitenden Digitalisierung Schritt halten k\u00f6nnen, ist eine hohe digitale Kompetenz sowie aktives Engagement gefordert. Das braucht neue technische F\u00e4higkeiten, aber ebenso die Kompetenz, mit Information, Unsicherheit und aktiver Beeinflussung umzugehen. Es gilt, sich t\u00e4glich mit Gegenargumenten jenseits der eigenen Filterblase auseinanderzusetzen.<\/p>\n<p>Gesellschaftlich lohnt es sich, einen Dialog zwischen zunehmend polarisierten Positionen on- und offline zu f\u00f6rdern. Die Politik und \u00f6ffentliche Hand k\u00f6nnen dazu beitragen, digitale Kl\u00fcfte zu \u00fcberbr\u00fccken. Unternehmen und Individuen sind gefordert, die Transformation gerade auch im Bereich der politischen Kommunikation und Partizipation zu meistern. Ansonsten laufen wir Gefahr, Schachfiguren in einem Spiel zu werden, dessen Spielregeln von einflussreichen Entscheidungstr\u00e4gern und Influencern geschrieben werden.<\/p>\n<p>Der Weg der aktiven Mitgestaltung ist aufwendig. Sich selber einzubringen kann unangenehm sein. Als Lohn winken informierte Meinungsbildungsprozesse und eine Gesellschaft, die partizipativ ihre Demokratie weiterentwickelt und lebt.<\/p>\n<p><a href=\"http:\/\/www.risiko-dialog.ch\">www.risiko-dialog.ch<\/a><\/p>\n<p>&nbsp;<\/p>\n<p><strong>Sich selber einzubringen, kann unangenehm sein, weil sich die Welt rasant weiterentwickelt. Siehe Social Media T\u00e4tigkeiten in &#8222;<a href=\"http:\/\/www.visualcapitalist.com\/what-happens-internet-minute-2016\">Einer Internet Minute<\/a>&#8222;:<\/strong><\/p>\n<p><img loading=\"lazy\" decoding=\"async\" class=\"alignnone wp-image-1284 size-medium\" src=\"https:\/\/www.m-q.ch\/wp-content\/uploads\/2017\/03\/internet-minute-2016-680x773.png\" alt=\"\" width=\"680\" height=\"773\" srcset=\"https:\/\/www.m-q.ch\/wp-content\/uploads\/2017\/03\/internet-minute-2016-680x773.png 680w, https:\/\/www.m-q.ch\/wp-content\/uploads\/2017\/03\/internet-minute-2016-11x12.png 11w, https:\/\/www.m-q.ch\/wp-content\/uploads\/2017\/03\/internet-minute-2016-154x175.png 154w, https:\/\/www.m-q.ch\/wp-content\/uploads\/2017\/03\/internet-minute-2016-308x350.png 308w, https:\/\/www.m-q.ch\/wp-content\/uploads\/2017\/03\/internet-minute-2016-704x800.png 704w, https:\/\/www.m-q.ch\/wp-content\/uploads\/2017\/03\/internet-minute-2016-300x341.png 300w, https:\/\/www.m-q.ch\/wp-content\/uploads\/2017\/03\/internet-minute-2016-624x709.png 624w, https:\/\/www.m-q.ch\/wp-content\/uploads\/2017\/03\/internet-minute-2016.png 720w\" sizes=\"auto, (max-width: 680px) 100vw, 680px\" \/><\/p>\n<p>&nbsp;<\/p>\n<p>&nbsp;<\/p>\n<p>&nbsp;<\/p>\n<p>&nbsp;<\/p>\n<p>&nbsp;<\/p>\n<p>&nbsp;<\/p>\n<p>&nbsp;<\/p>\n<p>&nbsp;<\/p>\n<p>&nbsp;<\/p>\n","protected":false},"excerpt":{"rendered":"<p>&nbsp; &nbsp; Welche Potentiale und Risiken birgt die politische Kommunikation f\u00fcr eine Demokratie? Die Digitalisierung pr\u00e4gt heute schon Form, Art und Inhalte der gesellschaftlichen Debatte und politischen Meinungsfindung. In einem Aspekt sind sich viele Medien- und Politikexperten einig: Wir alle tendieren immer mehr dazu, in unseren eigenen &#8222;Filterblasen&#8220; zu leben. Bestimmt durch Algorithmen bekommen wir [&hellip;]<\/p>\n","protected":false},"author":35,"featured_media":1282,"comment_status":"open","ping_status":"open","sticky":false,"template":"","format":"standard","meta":{"_acf_changed":false,"footnotes":""},"categories":[4],"tags":[3499,3372],"class_list":["post-1281","post","type-post","status-publish","format-standard","has-post-thumbnail","hentry","category-risikomanagement","tag-demokratie","tag-digitalisierung"],"acf":[],"yoast_head":"<!-- This site is optimized with the Yoast SEO plugin v26.2 - https:\/\/yoast.com\/wordpress\/plugins\/seo\/ -->\n<title>Potenzial und Risiken einer Demokratie in einer digitalisierten Welt - MQ Management und Qualit\u00e4t<\/title>\n<meta name=\"description\" content=\"Potential und Risiken einer Demokratie: Die Digitalisierung ver\u00e4ndert unsere Lebenswelten rasant und erm\u00f6glicht neue Formen der politischen Debatte.\" \/>\n<meta name=\"robots\" content=\"index, follow, max-snippet:-1, max-image-preview:large, max-video-preview:-1\" \/>\n<link rel=\"canonical\" href=\"https:\/\/www.m-q.ch\/de\/1281-2\/\" \/>\n<meta property=\"og:locale\" content=\"de_DE\" \/>\n<meta property=\"og:type\" content=\"article\" \/>\n<meta property=\"og:title\" content=\"Potenzial und Risiken einer Demokratie in einer digitalisierten Welt - MQ Management und Qualit\u00e4t\" \/>\n<meta property=\"og:description\" content=\"Potential und Risiken einer Demokratie: Die Digitalisierung ver\u00e4ndert unsere Lebenswelten rasant und erm\u00f6glicht neue Formen der politischen Debatte.\" \/>\n<meta property=\"og:url\" content=\"https:\/\/www.m-q.ch\/de\/1281-2\/\" \/>\n<meta property=\"og:site_name\" content=\"MQ Management und Qualit\u00e4t\" \/>\n<meta property=\"article:publisher\" content=\"https:\/\/www.facebook.com\/ManagementUndQualitaet\" \/>\n<meta property=\"article:published_time\" content=\"2017-03-22T10:32:44+00:00\" \/>\n<meta property=\"article:modified_time\" content=\"2017-03-22T14:43:51+00:00\" \/>\n<meta property=\"og:image\" content=\"https:\/\/www.m-q.ch\/wp-content\/uploads\/2017\/03\/Potenzial-und-Risiken-der-Demokratie-mq-managment-u-qualit\u00e4t.jpg\" \/>\n\t<meta property=\"og:image:width\" content=\"999\" \/>\n\t<meta property=\"og:image:height\" content=\"667\" \/>\n\t<meta property=\"og:image:type\" content=\"image\/jpeg\" \/>\n<meta name=\"author\" content=\"Roger Str\u00e4ssle\" \/>\n<meta name=\"twitter:card\" content=\"summary_large_image\" \/>\n<meta name=\"twitter:label1\" content=\"Verfasst von\" \/>\n\t<meta name=\"twitter:data1\" content=\"Roger Str\u00e4ssle\" \/>\n\t<meta name=\"twitter:label2\" content=\"Gesch\u00e4tzte Lesezeit\" \/>\n\t<meta name=\"twitter:data2\" content=\"5\u00a0Minuten\" \/>\n<script type=\"application\/ld+json\" class=\"yoast-schema-graph\">{\"@context\":\"https:\/\/schema.org\",\"@graph\":[{\"@type\":\"Article\",\"@id\":\"https:\/\/www.m-q.ch\/1281-2\/#article\",\"isPartOf\":{\"@id\":\"https:\/\/www.m-q.ch\/1281-2\/\"},\"author\":{\"name\":\"Roger Str\u00e4ssle\",\"@id\":\"https:\/\/www.m-q.ch\/fr\/#\/schema\/person\/47d540e081acd98ccbeb69b55df653d7\"},\"headline\":\"Potenzial und Risiken einer Demokratie in einer digitalisierten Welt\",\"datePublished\":\"2017-03-22T10:32:44+00:00\",\"dateModified\":\"2017-03-22T14:43:51+00:00\",\"mainEntityOfPage\":{\"@id\":\"https:\/\/www.m-q.ch\/1281-2\/\"},\"wordCount\":1025,\"commentCount\":0,\"publisher\":{\"@id\":\"https:\/\/www.m-q.ch\/fr\/#organization\"},\"image\":{\"@id\":\"https:\/\/www.m-q.ch\/1281-2\/#primaryimage\"},\"thumbnailUrl\":\"https:\/\/www.m-q.ch\/wp-content\/uploads\/2017\/03\/Potenzial-und-Risiken-der-Demokratie-mq-managment-u-qualit\u00e4t.jpg\",\"keywords\":[\"Demokratie\",\"Digitalisierung\"],\"articleSection\":[\"Risikomanagement\"],\"inLanguage\":\"de\"},{\"@type\":\"WebPage\",\"@id\":\"https:\/\/www.m-q.ch\/1281-2\/\",\"url\":\"https:\/\/www.m-q.ch\/1281-2\/\",\"name\":\"Potenzial und Risiken einer Demokratie in einer digitalisierten Welt - MQ Management und Qualit\u00e4t\",\"isPartOf\":{\"@id\":\"https:\/\/www.m-q.ch\/fr\/#website\"},\"primaryImageOfPage\":{\"@id\":\"https:\/\/www.m-q.ch\/1281-2\/#primaryimage\"},\"image\":{\"@id\":\"https:\/\/www.m-q.ch\/1281-2\/#primaryimage\"},\"thumbnailUrl\":\"https:\/\/www.m-q.ch\/wp-content\/uploads\/2017\/03\/Potenzial-und-Risiken-der-Demokratie-mq-managment-u-qualit\u00e4t.jpg\",\"datePublished\":\"2017-03-22T10:32:44+00:00\",\"dateModified\":\"2017-03-22T14:43:51+00:00\",\"description\":\"Potential und Risiken einer Demokratie: Die Digitalisierung ver\u00e4ndert unsere Lebenswelten rasant und erm\u00f6glicht neue Formen der politischen Debatte.\",\"breadcrumb\":{\"@id\":\"https:\/\/www.m-q.ch\/1281-2\/#breadcrumb\"},\"inLanguage\":\"de\",\"potentialAction\":[{\"@type\":\"ReadAction\",\"target\":[\"https:\/\/www.m-q.ch\/1281-2\/\"]}]},{\"@type\":\"ImageObject\",\"inLanguage\":\"de\",\"@id\":\"https:\/\/www.m-q.ch\/1281-2\/#primaryimage\",\"url\":\"https:\/\/www.m-q.ch\/wp-content\/uploads\/2017\/03\/Potenzial-und-Risiken-der-Demokratie-mq-managment-u-qualit\u00e4t.jpg\",\"contentUrl\":\"https:\/\/www.m-q.ch\/wp-content\/uploads\/2017\/03\/Potenzial-und-Risiken-der-Demokratie-mq-managment-u-qualit\u00e4t.jpg\",\"width\":999,\"height\":667,\"caption\":\"In der Politik ist nur schon eine Minute kommunizieren eine lange Zeit. (Bild: Depositphotos_Khakimullin)\"},{\"@type\":\"BreadcrumbList\",\"@id\":\"https:\/\/www.m-q.ch\/1281-2\/#breadcrumb\",\"itemListElement\":[{\"@type\":\"ListItem\",\"position\":1,\"name\":\"Risikomanagement\",\"item\":\"https:\/\/www.m-q.ch\/kategorie\/risikomanagement\/\"},{\"@type\":\"ListItem\",\"position\":2,\"name\":\"Potenzial und Risiken einer Demokratie in einer digitalisierten Welt\"}]},{\"@type\":\"WebSite\",\"@id\":\"https:\/\/www.m-q.ch\/fr\/#website\",\"url\":\"https:\/\/www.m-q.ch\/fr\/\",\"name\":\"MQ Management und Qualit\u00e4t\",\"description\":\"Plattform f\u00fcr integrierte Managementsysteme.\",\"publisher\":{\"@id\":\"https:\/\/www.m-q.ch\/fr\/#organization\"},\"potentialAction\":[{\"@type\":\"SearchAction\",\"target\":{\"@type\":\"EntryPoint\",\"urlTemplate\":\"https:\/\/www.m-q.ch\/fr\/?s={search_term_string}\"},\"query-input\":{\"@type\":\"PropertyValueSpecification\",\"valueRequired\":true,\"valueName\":\"search_term_string\"}}],\"inLanguage\":\"de\"},{\"@type\":\"Organization\",\"@id\":\"https:\/\/www.m-q.ch\/fr\/#organization\",\"name\":\"Galledia Fachmedien AG\",\"url\":\"https:\/\/www.m-q.ch\/fr\/\",\"logo\":{\"@type\":\"ImageObject\",\"inLanguage\":\"de\",\"@id\":\"https:\/\/www.m-q.ch\/fr\/#\/schema\/logo\/image\/\",\"url\":\"https:\/\/www.m-q.ch\/wp-content\/uploads\/2020\/12\/cropped-logo_small.png\",\"contentUrl\":\"https:\/\/www.m-q.ch\/wp-content\/uploads\/2020\/12\/cropped-logo_small.png\",\"width\":512,\"height\":512,\"caption\":\"Galledia Fachmedien AG\"},\"image\":{\"@id\":\"https:\/\/www.m-q.ch\/fr\/#\/schema\/logo\/image\/\"},\"sameAs\":[\"https:\/\/www.facebook.com\/ManagementUndQualitaet\",\"https:\/\/www.linkedin.com\/showcase\/17982321\/admin\/\"]},{\"@type\":\"Person\",\"@id\":\"https:\/\/www.m-q.ch\/fr\/#\/schema\/person\/47d540e081acd98ccbeb69b55df653d7\",\"name\":\"Roger Str\u00e4ssle\",\"image\":{\"@type\":\"ImageObject\",\"inLanguage\":\"de\",\"@id\":\"https:\/\/www.m-q.ch\/fr\/#\/schema\/person\/image\/\",\"url\":\"https:\/\/secure.gravatar.com\/avatar\/e4dde3046d8a184d2e2d27651a418883?s=96&d=mm&r=g\",\"contentUrl\":\"https:\/\/secure.gravatar.com\/avatar\/e4dde3046d8a184d2e2d27651a418883?s=96&d=mm&r=g\",\"caption\":\"Roger Str\u00e4ssle\"},\"url\":\"https:\/\/www.m-q.ch\/de\/author\/roger-straessle\/\"}]}<\/script>\n<!-- \/ Yoast SEO plugin. -->","yoast_head_json":{"title":"Potenzial und Risiken einer Demokratie in einer digitalisierten Welt - MQ Management und Qualit\u00e4t","description":"Potential und Risiken einer Demokratie: Die Digitalisierung ver\u00e4ndert unsere Lebenswelten rasant und erm\u00f6glicht neue Formen der politischen Debatte.","robots":{"index":"index","follow":"follow","max-snippet":"max-snippet:-1","max-image-preview":"max-image-preview:large","max-video-preview":"max-video-preview:-1"},"canonical":"https:\/\/www.m-q.ch\/de\/1281-2\/","og_locale":"de_DE","og_type":"article","og_title":"Potenzial und Risiken einer Demokratie in einer digitalisierten Welt - MQ Management und Qualit\u00e4t","og_description":"Potential und Risiken einer Demokratie: Die Digitalisierung ver\u00e4ndert unsere Lebenswelten rasant und erm\u00f6glicht neue Formen der politischen Debatte.","og_url":"https:\/\/www.m-q.ch\/de\/1281-2\/","og_site_name":"MQ Management und Qualit\u00e4t","article_publisher":"https:\/\/www.facebook.com\/ManagementUndQualitaet","article_published_time":"2017-03-22T10:32:44+00:00","article_modified_time":"2017-03-22T14:43:51+00:00","og_image":[{"width":999,"height":667,"url":"https:\/\/www.m-q.ch\/wp-content\/uploads\/2017\/03\/Potenzial-und-Risiken-der-Demokratie-mq-managment-u-qualit\u00e4t.jpg","type":"image\/jpeg"}],"author":"Roger Str\u00e4ssle","twitter_card":"summary_large_image","twitter_misc":{"Verfasst von":"Roger Str\u00e4ssle","Gesch\u00e4tzte Lesezeit":"5\u00a0Minuten"},"schema":{"@context":"https:\/\/schema.org","@graph":[{"@type":"Article","@id":"https:\/\/www.m-q.ch\/1281-2\/#article","isPartOf":{"@id":"https:\/\/www.m-q.ch\/1281-2\/"},"author":{"name":"Roger Str\u00e4ssle","@id":"https:\/\/www.m-q.ch\/fr\/#\/schema\/person\/47d540e081acd98ccbeb69b55df653d7"},"headline":"Potenzial und Risiken einer Demokratie in einer digitalisierten Welt","datePublished":"2017-03-22T10:32:44+00:00","dateModified":"2017-03-22T14:43:51+00:00","mainEntityOfPage":{"@id":"https:\/\/www.m-q.ch\/1281-2\/"},"wordCount":1025,"commentCount":0,"publisher":{"@id":"https:\/\/www.m-q.ch\/fr\/#organization"},"image":{"@id":"https:\/\/www.m-q.ch\/1281-2\/#primaryimage"},"thumbnailUrl":"https:\/\/www.m-q.ch\/wp-content\/uploads\/2017\/03\/Potenzial-und-Risiken-der-Demokratie-mq-managment-u-qualit\u00e4t.jpg","keywords":["Demokratie","Digitalisierung"],"articleSection":["Risikomanagement"],"inLanguage":"de"},{"@type":"WebPage","@id":"https:\/\/www.m-q.ch\/1281-2\/","url":"https:\/\/www.m-q.ch\/1281-2\/","name":"Potenzial und Risiken einer Demokratie in einer digitalisierten Welt - MQ Management und Qualit\u00e4t","isPartOf":{"@id":"https:\/\/www.m-q.ch\/fr\/#website"},"primaryImageOfPage":{"@id":"https:\/\/www.m-q.ch\/1281-2\/#primaryimage"},"image":{"@id":"https:\/\/www.m-q.ch\/1281-2\/#primaryimage"},"thumbnailUrl":"https:\/\/www.m-q.ch\/wp-content\/uploads\/2017\/03\/Potenzial-und-Risiken-der-Demokratie-mq-managment-u-qualit\u00e4t.jpg","datePublished":"2017-03-22T10:32:44+00:00","dateModified":"2017-03-22T14:43:51+00:00","description":"Potential und Risiken einer Demokratie: Die Digitalisierung ver\u00e4ndert unsere Lebenswelten rasant und erm\u00f6glicht neue Formen der politischen Debatte.","breadcrumb":{"@id":"https:\/\/www.m-q.ch\/1281-2\/#breadcrumb"},"inLanguage":"de","potentialAction":[{"@type":"ReadAction","target":["https:\/\/www.m-q.ch\/1281-2\/"]}]},{"@type":"ImageObject","inLanguage":"de","@id":"https:\/\/www.m-q.ch\/1281-2\/#primaryimage","url":"https:\/\/www.m-q.ch\/wp-content\/uploads\/2017\/03\/Potenzial-und-Risiken-der-Demokratie-mq-managment-u-qualit\u00e4t.jpg","contentUrl":"https:\/\/www.m-q.ch\/wp-content\/uploads\/2017\/03\/Potenzial-und-Risiken-der-Demokratie-mq-managment-u-qualit\u00e4t.jpg","width":999,"height":667,"caption":"In der Politik ist nur schon eine Minute kommunizieren eine lange Zeit. (Bild: Depositphotos_Khakimullin)"},{"@type":"BreadcrumbList","@id":"https:\/\/www.m-q.ch\/1281-2\/#breadcrumb","itemListElement":[{"@type":"ListItem","position":1,"name":"Risikomanagement","item":"https:\/\/www.m-q.ch\/kategorie\/risikomanagement\/"},{"@type":"ListItem","position":2,"name":"Potenzial und Risiken einer Demokratie in einer digitalisierten Welt"}]},{"@type":"WebSite","@id":"https:\/\/www.m-q.ch\/fr\/#website","url":"https:\/\/www.m-q.ch\/fr\/","name":"MQ Management und Qualit\u00e4t","description":"Plattform f\u00fcr integrierte Managementsysteme.","publisher":{"@id":"https:\/\/www.m-q.ch\/fr\/#organization"},"potentialAction":[{"@type":"SearchAction","target":{"@type":"EntryPoint","urlTemplate":"https:\/\/www.m-q.ch\/fr\/?s={search_term_string}"},"query-input":{"@type":"PropertyValueSpecification","valueRequired":true,"valueName":"search_term_string"}}],"inLanguage":"de"},{"@type":"Organization","@id":"https:\/\/www.m-q.ch\/fr\/#organization","name":"Galledia Fachmedien AG","url":"https:\/\/www.m-q.ch\/fr\/","logo":{"@type":"ImageObject","inLanguage":"de","@id":"https:\/\/www.m-q.ch\/fr\/#\/schema\/logo\/image\/","url":"https:\/\/www.m-q.ch\/wp-content\/uploads\/2020\/12\/cropped-logo_small.png","contentUrl":"https:\/\/www.m-q.ch\/wp-content\/uploads\/2020\/12\/cropped-logo_small.png","width":512,"height":512,"caption":"Galledia Fachmedien AG"},"image":{"@id":"https:\/\/www.m-q.ch\/fr\/#\/schema\/logo\/image\/"},"sameAs":["https:\/\/www.facebook.com\/ManagementUndQualitaet","https:\/\/www.linkedin.com\/showcase\/17982321\/admin\/"]},{"@type":"Person","@id":"https:\/\/www.m-q.ch\/fr\/#\/schema\/person\/47d540e081acd98ccbeb69b55df653d7","name":"Roger Str\u00e4ssle","image":{"@type":"ImageObject","inLanguage":"de","@id":"https:\/\/www.m-q.ch\/fr\/#\/schema\/person\/image\/","url":"https:\/\/secure.gravatar.com\/avatar\/e4dde3046d8a184d2e2d27651a418883?s=96&d=mm&r=g","contentUrl":"https:\/\/secure.gravatar.com\/avatar\/e4dde3046d8a184d2e2d27651a418883?s=96&d=mm&r=g","caption":"Roger Str\u00e4ssle"},"url":"https:\/\/www.m-q.ch\/de\/author\/roger-straessle\/"}]}},"_links":{"self":[{"href":"https:\/\/www.m-q.ch\/de\/wp-json\/wp\/v2\/posts\/1281","targetHints":{"allow":["GET"]}}],"collection":[{"href":"https:\/\/www.m-q.ch\/de\/wp-json\/wp\/v2\/posts"}],"about":[{"href":"https:\/\/www.m-q.ch\/de\/wp-json\/wp\/v2\/types\/post"}],"author":[{"embeddable":true,"href":"https:\/\/www.m-q.ch\/de\/wp-json\/wp\/v2\/users\/35"}],"replies":[{"embeddable":true,"href":"https:\/\/www.m-q.ch\/de\/wp-json\/wp\/v2\/comments?post=1281"}],"version-history":[{"count":2,"href":"https:\/\/www.m-q.ch\/de\/wp-json\/wp\/v2\/posts\/1281\/revisions"}],"predecessor-version":[{"id":1286,"href":"https:\/\/www.m-q.ch\/de\/wp-json\/wp\/v2\/posts\/1281\/revisions\/1286"}],"wp:featuredmedia":[{"embeddable":true,"href":"https:\/\/www.m-q.ch\/de\/wp-json\/wp\/v2\/media\/1282"}],"wp:attachment":[{"href":"https:\/\/www.m-q.ch\/de\/wp-json\/wp\/v2\/media?parent=1281"}],"wp:term":[{"taxonomy":"category","embeddable":true,"href":"https:\/\/www.m-q.ch\/de\/wp-json\/wp\/v2\/categories?post=1281"},{"taxonomy":"post_tag","embeddable":true,"href":"https:\/\/www.m-q.ch\/de\/wp-json\/wp\/v2\/tags?post=1281"}],"curies":[{"name":"wp","href":"https:\/\/api.w.org\/{rel}","templated":true}]}}