{"id":1287,"date":"2017-03-22T15:43:15","date_gmt":"2017-03-22T14:43:15","guid":{"rendered":"https:\/\/www.m-q.ch\/?p=1287"},"modified":"2017-03-29T13:33:07","modified_gmt":"2017-03-29T11:33:07","slug":"schweizer-praezisionsunternehmen-gewinnt-cebit-preis","status":"publish","type":"post","link":"https:\/\/www.m-q.ch\/de\/schweizer-praezisionsunternehmen-gewinnt-cebit-preis\/","title":{"rendered":"Schweizer Pr\u00e4zisionsunternehmen gewinnt CeBIT Preis"},"content":{"rendered":"<figure id=\"attachment_1288\" aria-describedby=\"caption-attachment-1288\" style=\"width: 680px\" class=\"wp-caption alignnone\"><img loading=\"lazy\" decoding=\"async\" class=\"size-medium wp-image-1288\" src=\"https:\/\/www.m-q.ch\/wp-content\/uploads\/2017\/03\/Schweizer-Pr\u00e4zisionsunternehmen-gewinnt-CeBIT-Preis-mq-management-u-qualit\u00e4t--680x453.jpg\" alt=\"\" width=\"680\" height=\"453\" srcset=\"https:\/\/www.m-q.ch\/wp-content\/uploads\/2017\/03\/Schweizer-Pr\u00e4zisionsunternehmen-gewinnt-CeBIT-Preis-mq-management-u-qualit\u00e4t--680x453.jpg 680w, https:\/\/www.m-q.ch\/wp-content\/uploads\/2017\/03\/Schweizer-Pr\u00e4zisionsunternehmen-gewinnt-CeBIT-Preis-mq-management-u-qualit\u00e4t--768x512.jpg 768w, https:\/\/www.m-q.ch\/wp-content\/uploads\/2017\/03\/Schweizer-Pr\u00e4zisionsunternehmen-gewinnt-CeBIT-Preis-mq-management-u-qualit\u00e4t--1536x1024.jpg 1536w, https:\/\/www.m-q.ch\/wp-content\/uploads\/2017\/03\/Schweizer-Pr\u00e4zisionsunternehmen-gewinnt-CeBIT-Preis-mq-management-u-qualit\u00e4t--2048x1365.jpg 2048w, https:\/\/www.m-q.ch\/wp-content\/uploads\/2017\/03\/Schweizer-Pr\u00e4zisionsunternehmen-gewinnt-CeBIT-Preis-mq-management-u-qualit\u00e4t--16x12.jpg 16w, https:\/\/www.m-q.ch\/wp-content\/uploads\/2017\/03\/Schweizer-Pr\u00e4zisionsunternehmen-gewinnt-CeBIT-Preis-mq-management-u-qualit\u00e4t--263x175.jpg 263w, https:\/\/www.m-q.ch\/wp-content\/uploads\/2017\/03\/Schweizer-Pr\u00e4zisionsunternehmen-gewinnt-CeBIT-Preis-mq-management-u-qualit\u00e4t--525x350.jpg 525w, https:\/\/www.m-q.ch\/wp-content\/uploads\/2017\/03\/Schweizer-Pr\u00e4zisionsunternehmen-gewinnt-CeBIT-Preis-mq-management-u-qualit\u00e4t--1200x800.jpg 1200w, https:\/\/www.m-q.ch\/wp-content\/uploads\/2017\/03\/Schweizer-Pr\u00e4zisionsunternehmen-gewinnt-CeBIT-Preis-mq-management-u-qualit\u00e4t--920x613.jpg 920w, https:\/\/www.m-q.ch\/wp-content\/uploads\/2017\/03\/Schweizer-Pr\u00e4zisionsunternehmen-gewinnt-CeBIT-Preis-mq-management-u-qualit\u00e4t--1400x933.jpg 1400w, https:\/\/www.m-q.ch\/wp-content\/uploads\/2017\/03\/Schweizer-Pr\u00e4zisionsunternehmen-gewinnt-CeBIT-Preis-mq-management-u-qualit\u00e4t--300x200.jpg 300w, https:\/\/www.m-q.ch\/wp-content\/uploads\/2017\/03\/Schweizer-Pr\u00e4zisionsunternehmen-gewinnt-CeBIT-Preis-mq-management-u-qualit\u00e4t--1024x683.jpg 1024w, https:\/\/www.m-q.ch\/wp-content\/uploads\/2017\/03\/Schweizer-Pr\u00e4zisionsunternehmen-gewinnt-CeBIT-Preis-mq-management-u-qualit\u00e4t--624x416.jpg 624w\" sizes=\"auto, (max-width: 680px) 100vw, 680px\" \/><figcaption id=\"caption-attachment-1288\" class=\"wp-caption-text\">Bundeskanzlerin Angela Merkel dr\u00fcckt der Firma Sennheiser, INNOVATIONSPREIS-IT Sieger, ihre Sympathie an der CeBIT aus. (Bild: ZvG_CeBIT)<\/figcaption><\/figure>\n<p>Beate Heider, Redaktionsleiterin und Mitgr\u00fcnderin der Initiative Mittelstand sowie Mitinitiatorin des INNOVATIONSPREIS-IT, \u00fcberreichte den strahlenden Siegern ihren Pokal und eine Urkunde. Mit Blitzlichtgewitter und \u00f6ffentlicher Anerkennung hat sich die Preis\u00fcbergabe f\u00fcr die Sieger direkt bezahlt gemacht. Die Auszeichnung ist dabei Zeichen und Anerkennung zugleich f\u00fcr den Mut zur Innovation sowie die viele geleistete Arbeit, die hinter den pr\u00e4mierten L\u00f6sungen steckt.<\/p>\n<p>Sogar Bundeskanzlerin Angela Merkel hat einem INNOVATIONSPREIS-IT Sieger, der Firma Sennheiser, die Ehre erwiesen und sich die Innovationen zeigen lassen.<\/p>\n<p><strong>Schweizer Sonderpreis<\/strong><\/p>\n<p>Auch in diesem Jahr sind f\u00fcr den INNOVATIONSPREIS-IT wieder mehrere tausend innovative Bewerbungen eingegangen. Ausgezeichnet wurde je ein Gewinner aus 38 Kategorien und 16 Bundesl\u00e4ndern. Dar\u00fcber hinaus wurden zwei Sonderauszeichnungen f\u00fcr \u00d6sterreich und die Schweiz vergeben.<\/p>\n<p>PAXXON (Schweiz) wurde mit dem diesj\u00e4hrigen Preis ausgezeichnet. Die SFS Group AG ist ein Unternehmen f\u00fcr mechanische Befestigungssysteme und Pr\u00e4zisionskomponenten. Der Hauptsitz befindet sich in Heerbrugg in der Schweiz. Um die Produktvielfallt zu veranschaulichen, setzt die SFS auf die L\u00f6sung PAXXON.<\/p>\n<p><strong>IT-Bestenliste <\/strong><\/p>\n<p>Neben den Siegern sind auch die Finalisten sowie die BEST OF in den jeweiligen Kategorien, die mit ihren IT-L\u00f6sungen das vielf\u00e4ltige Angebot ausgezeichneter IT-Produkte bereichern, auf der Internetseite der Initiative Mittelstand zu finden. Sie alle konnten eine namhafte Expertenjury aus hochkar\u00e4tigen Wissenschaftlern, Branchenexperten und Fachjournalisten \u00fcberzeugen.<\/p>\n<p>Schon bald erfolgt dann das n\u00e4chste Highlight: die Ver\u00f6ffentlichung der neuen IT-Bestenliste 2017. Das exklusive Online-Kompendium umfasst die innovativsten und zukunftsf\u00e4higsten IT-Produkte f\u00fcr mittelst\u00e4ndische Unternehmen.<\/p>\n<p>Mehr Informationen \u00fcbers CeBIT Programm finden Sie <a href=\"http:\/\/www.imittelstand.de\/\">hier<\/a><\/p>\n<p>&nbsp;<\/p>\n<p>&nbsp;<\/p>\n","protected":false},"excerpt":{"rendered":"<p>Beate Heider, Redaktionsleiterin und Mitgr\u00fcnderin der Initiative Mittelstand sowie Mitinitiatorin des INNOVATIONSPREIS-IT, \u00fcberreichte den strahlenden Siegern ihren Pokal und eine Urkunde. Mit Blitzlichtgewitter und \u00f6ffentlicher Anerkennung hat sich die Preis\u00fcbergabe f\u00fcr die Sieger direkt bezahlt gemacht. Die Auszeichnung ist dabei Zeichen und Anerkennung zugleich f\u00fcr den Mut zur Innovation sowie die viele geleistete Arbeit, die [&hellip;]<\/p>\n","protected":false},"author":35,"featured_media":1288,"comment_status":"open","ping_status":"open","sticky":false,"template":"","format":"standard","meta":{"_acf_changed":false,"footnotes":""},"categories":[1],"tags":[3500,3399,3501],"class_list":["post-1287","post","type-post","status-publish","format-standard","has-post-thumbnail","hentry","category-unkategorisiert","tag-cebit","tag-innovation","tag-it"],"acf":[],"yoast_head":"<!-- This site is optimized with the Yoast SEO plugin v26.2 - https:\/\/yoast.com\/wordpress\/plugins\/seo\/ -->\n<title>Schweizer Pr\u00e4zisionsunternehmen gewinnt CeBIT Preis - MQ Management und Qualit\u00e4t<\/title>\n<meta name=\"description\" content=\"Die CeBIT vergibt auch dieses Jahr Preise an solide und ebenso innovative Unternehmen. PAXXON (Schweiz) wurde mit dem diesj\u00e4hrigen Preis ausgezeichnet.\" \/>\n<meta name=\"robots\" content=\"index, follow, max-snippet:-1, max-image-preview:large, max-video-preview:-1\" \/>\n<link rel=\"canonical\" href=\"https:\/\/www.m-q.ch\/de\/schweizer-praezisionsunternehmen-gewinnt-cebit-preis\/\" \/>\n<meta property=\"og:locale\" content=\"de_DE\" \/>\n<meta property=\"og:type\" content=\"article\" \/>\n<meta property=\"og:title\" content=\"Schweizer Pr\u00e4zisionsunternehmen gewinnt CeBIT Preis - MQ Management und Qualit\u00e4t\" \/>\n<meta property=\"og:description\" content=\"Die CeBIT vergibt auch dieses Jahr Preise an solide und ebenso innovative Unternehmen. PAXXON (Schweiz) wurde mit dem diesj\u00e4hrigen Preis ausgezeichnet.\" \/>\n<meta property=\"og:url\" content=\"https:\/\/www.m-q.ch\/de\/schweizer-praezisionsunternehmen-gewinnt-cebit-preis\/\" \/>\n<meta property=\"og:site_name\" content=\"MQ Management und Qualit\u00e4t\" \/>\n<meta property=\"article:publisher\" content=\"https:\/\/www.facebook.com\/ManagementUndQualitaet\" \/>\n<meta property=\"article:published_time\" content=\"2017-03-22T14:43:15+00:00\" \/>\n<meta property=\"article:modified_time\" content=\"2017-03-29T11:33:07+00:00\" \/>\n<meta property=\"og:image\" content=\"https:\/\/www.m-q.ch\/wp-content\/uploads\/2017\/03\/Schweizer-Pr\u00e4zisionsunternehmen-gewinnt-CeBIT-Preis-mq-management-u-qualit\u00e4t--1024x683.jpg\" \/>\n\t<meta property=\"og:image:width\" content=\"1024\" \/>\n\t<meta property=\"og:image:height\" content=\"683\" \/>\n\t<meta property=\"og:image:type\" content=\"image\/jpeg\" \/>\n<meta name=\"author\" content=\"Roger Str\u00e4ssle\" \/>\n<meta name=\"twitter:card\" content=\"summary_large_image\" \/>\n<meta name=\"twitter:label1\" content=\"Verfasst von\" \/>\n\t<meta name=\"twitter:data1\" content=\"Roger Str\u00e4ssle\" \/>\n\t<meta name=\"twitter:label2\" content=\"Gesch\u00e4tzte Lesezeit\" \/>\n\t<meta name=\"twitter:data2\" content=\"1\u00a0Minute\" \/>\n<script type=\"application\/ld+json\" class=\"yoast-schema-graph\">{\"@context\":\"https:\/\/schema.org\",\"@graph\":[{\"@type\":\"Article\",\"@id\":\"https:\/\/www.m-q.ch\/de\/schweizer-praezisionsunternehmen-gewinnt-cebit-preis\/#article\",\"isPartOf\":{\"@id\":\"https:\/\/www.m-q.ch\/de\/schweizer-praezisionsunternehmen-gewinnt-cebit-preis\/\"},\"author\":{\"name\":\"Roger Str\u00e4ssle\",\"@id\":\"https:\/\/www.m-q.ch\/fr\/#\/schema\/person\/47d540e081acd98ccbeb69b55df653d7\"},\"headline\":\"Schweizer Pr\u00e4zisionsunternehmen gewinnt CeBIT Preis\",\"datePublished\":\"2017-03-22T14:43:15+00:00\",\"dateModified\":\"2017-03-29T11:33:07+00:00\",\"mainEntityOfPage\":{\"@id\":\"https:\/\/www.m-q.ch\/de\/schweizer-praezisionsunternehmen-gewinnt-cebit-preis\/\"},\"wordCount\":292,\"commentCount\":0,\"publisher\":{\"@id\":\"https:\/\/www.m-q.ch\/fr\/#organization\"},\"image\":{\"@id\":\"https:\/\/www.m-q.ch\/de\/schweizer-praezisionsunternehmen-gewinnt-cebit-preis\/#primaryimage\"},\"thumbnailUrl\":\"https:\/\/www.m-q.ch\/wp-content\/uploads\/2017\/03\/Schweizer-Pr\u00e4zisionsunternehmen-gewinnt-CeBIT-Preis-mq-management-u-qualit\u00e4t-.jpg\",\"keywords\":[\"CeBIT\",\"Innovation\",\"IT\"],\"articleSection\":[\"Unkategorisiert\"],\"inLanguage\":\"de\"},{\"@type\":\"WebPage\",\"@id\":\"https:\/\/www.m-q.ch\/de\/schweizer-praezisionsunternehmen-gewinnt-cebit-preis\/\",\"url\":\"https:\/\/www.m-q.ch\/de\/schweizer-praezisionsunternehmen-gewinnt-cebit-preis\/\",\"name\":\"Schweizer Pr\u00e4zisionsunternehmen gewinnt CeBIT Preis - MQ Management und Qualit\u00e4t\",\"isPartOf\":{\"@id\":\"https:\/\/www.m-q.ch\/fr\/#website\"},\"primaryImageOfPage\":{\"@id\":\"https:\/\/www.m-q.ch\/de\/schweizer-praezisionsunternehmen-gewinnt-cebit-preis\/#primaryimage\"},\"image\":{\"@id\":\"https:\/\/www.m-q.ch\/de\/schweizer-praezisionsunternehmen-gewinnt-cebit-preis\/#primaryimage\"},\"thumbnailUrl\":\"https:\/\/www.m-q.ch\/wp-content\/uploads\/2017\/03\/Schweizer-Pr\u00e4zisionsunternehmen-gewinnt-CeBIT-Preis-mq-management-u-qualit\u00e4t-.jpg\",\"datePublished\":\"2017-03-22T14:43:15+00:00\",\"dateModified\":\"2017-03-29T11:33:07+00:00\",\"description\":\"Die CeBIT vergibt auch dieses Jahr Preise an solide und ebenso innovative Unternehmen. PAXXON (Schweiz) wurde mit dem diesj\u00e4hrigen Preis ausgezeichnet.\",\"breadcrumb\":{\"@id\":\"https:\/\/www.m-q.ch\/de\/schweizer-praezisionsunternehmen-gewinnt-cebit-preis\/#breadcrumb\"},\"inLanguage\":\"de\",\"potentialAction\":[{\"@type\":\"ReadAction\",\"target\":[\"https:\/\/www.m-q.ch\/de\/schweizer-praezisionsunternehmen-gewinnt-cebit-preis\/\"]}]},{\"@type\":\"ImageObject\",\"inLanguage\":\"de\",\"@id\":\"https:\/\/www.m-q.ch\/de\/schweizer-praezisionsunternehmen-gewinnt-cebit-preis\/#primaryimage\",\"url\":\"https:\/\/www.m-q.ch\/wp-content\/uploads\/2017\/03\/Schweizer-Pr\u00e4zisionsunternehmen-gewinnt-CeBIT-Preis-mq-management-u-qualit\u00e4t-.jpg\",\"contentUrl\":\"https:\/\/www.m-q.ch\/wp-content\/uploads\/2017\/03\/Schweizer-Pr\u00e4zisionsunternehmen-gewinnt-CeBIT-Preis-mq-management-u-qualit\u00e4t-.jpg\",\"width\":2400,\"height\":1600,\"caption\":\"Angela Merkel dr\u00fcckt der Firma Sennheiser, INNOVATIONSPREIS-IT Sieger, ihre Sympathie an der CeBIT aus. (Bild: ZvG_CeBIT)\"},{\"@type\":\"BreadcrumbList\",\"@id\":\"https:\/\/www.m-q.ch\/de\/schweizer-praezisionsunternehmen-gewinnt-cebit-preis\/#breadcrumb\",\"itemListElement\":[{\"@type\":\"ListItem\",\"position\":1,\"name\":\"Unkategorisiert\",\"item\":\"https:\/\/www.m-q.ch\/it\/categoria\/senza-categoria\/\"},{\"@type\":\"ListItem\",\"position\":2,\"name\":\"Schweizer Pr\u00e4zisionsunternehmen gewinnt CeBIT Preis\"}]},{\"@type\":\"WebSite\",\"@id\":\"https:\/\/www.m-q.ch\/fr\/#website\",\"url\":\"https:\/\/www.m-q.ch\/fr\/\",\"name\":\"MQ Management und Qualit\u00e4t\",\"description\":\"Plattform f\u00fcr integrierte Managementsysteme.\",\"publisher\":{\"@id\":\"https:\/\/www.m-q.ch\/fr\/#organization\"},\"potentialAction\":[{\"@type\":\"SearchAction\",\"target\":{\"@type\":\"EntryPoint\",\"urlTemplate\":\"https:\/\/www.m-q.ch\/fr\/?s={search_term_string}\"},\"query-input\":{\"@type\":\"PropertyValueSpecification\",\"valueRequired\":true,\"valueName\":\"search_term_string\"}}],\"inLanguage\":\"de\"},{\"@type\":\"Organization\",\"@id\":\"https:\/\/www.m-q.ch\/fr\/#organization\",\"name\":\"Galledia Fachmedien AG\",\"url\":\"https:\/\/www.m-q.ch\/fr\/\",\"logo\":{\"@type\":\"ImageObject\",\"inLanguage\":\"de\",\"@id\":\"https:\/\/www.m-q.ch\/fr\/#\/schema\/logo\/image\/\",\"url\":\"https:\/\/www.m-q.ch\/wp-content\/uploads\/2020\/12\/cropped-logo_small.png\",\"contentUrl\":\"https:\/\/www.m-q.ch\/wp-content\/uploads\/2020\/12\/cropped-logo_small.png\",\"width\":512,\"height\":512,\"caption\":\"Galledia Fachmedien AG\"},\"image\":{\"@id\":\"https:\/\/www.m-q.ch\/fr\/#\/schema\/logo\/image\/\"},\"sameAs\":[\"https:\/\/www.facebook.com\/ManagementUndQualitaet\",\"https:\/\/www.linkedin.com\/showcase\/17982321\/admin\/\"]},{\"@type\":\"Person\",\"@id\":\"https:\/\/www.m-q.ch\/fr\/#\/schema\/person\/47d540e081acd98ccbeb69b55df653d7\",\"name\":\"Roger Str\u00e4ssle\",\"image\":{\"@type\":\"ImageObject\",\"inLanguage\":\"de\",\"@id\":\"https:\/\/www.m-q.ch\/fr\/#\/schema\/person\/image\/\",\"url\":\"https:\/\/secure.gravatar.com\/avatar\/e4dde3046d8a184d2e2d27651a418883?s=96&d=mm&r=g\",\"contentUrl\":\"https:\/\/secure.gravatar.com\/avatar\/e4dde3046d8a184d2e2d27651a418883?s=96&d=mm&r=g\",\"caption\":\"Roger Str\u00e4ssle\"},\"url\":\"https:\/\/www.m-q.ch\/de\/author\/roger-straessle\/\"}]}<\/script>\n<!-- \/ Yoast SEO plugin. -->","yoast_head_json":{"title":"Schweizer Pr\u00e4zisionsunternehmen gewinnt CeBIT Preis - MQ Management und Qualit\u00e4t","description":"Die CeBIT vergibt auch dieses Jahr Preise an solide und ebenso innovative Unternehmen. PAXXON (Schweiz) wurde mit dem diesj\u00e4hrigen Preis ausgezeichnet.","robots":{"index":"index","follow":"follow","max-snippet":"max-snippet:-1","max-image-preview":"max-image-preview:large","max-video-preview":"max-video-preview:-1"},"canonical":"https:\/\/www.m-q.ch\/de\/schweizer-praezisionsunternehmen-gewinnt-cebit-preis\/","og_locale":"de_DE","og_type":"article","og_title":"Schweizer Pr\u00e4zisionsunternehmen gewinnt CeBIT Preis - MQ Management und Qualit\u00e4t","og_description":"Die CeBIT vergibt auch dieses Jahr Preise an solide und ebenso innovative Unternehmen. PAXXON (Schweiz) wurde mit dem diesj\u00e4hrigen Preis ausgezeichnet.","og_url":"https:\/\/www.m-q.ch\/de\/schweizer-praezisionsunternehmen-gewinnt-cebit-preis\/","og_site_name":"MQ Management und Qualit\u00e4t","article_publisher":"https:\/\/www.facebook.com\/ManagementUndQualitaet","article_published_time":"2017-03-22T14:43:15+00:00","article_modified_time":"2017-03-29T11:33:07+00:00","og_image":[{"width":1024,"height":683,"url":"https:\/\/www.m-q.ch\/wp-content\/uploads\/2017\/03\/Schweizer-Pr\u00e4zisionsunternehmen-gewinnt-CeBIT-Preis-mq-management-u-qualit\u00e4t--1024x683.jpg","type":"image\/jpeg"}],"author":"Roger Str\u00e4ssle","twitter_card":"summary_large_image","twitter_misc":{"Verfasst von":"Roger Str\u00e4ssle","Gesch\u00e4tzte Lesezeit":"1\u00a0Minute"},"schema":{"@context":"https:\/\/schema.org","@graph":[{"@type":"Article","@id":"https:\/\/www.m-q.ch\/de\/schweizer-praezisionsunternehmen-gewinnt-cebit-preis\/#article","isPartOf":{"@id":"https:\/\/www.m-q.ch\/de\/schweizer-praezisionsunternehmen-gewinnt-cebit-preis\/"},"author":{"name":"Roger Str\u00e4ssle","@id":"https:\/\/www.m-q.ch\/fr\/#\/schema\/person\/47d540e081acd98ccbeb69b55df653d7"},"headline":"Schweizer Pr\u00e4zisionsunternehmen gewinnt CeBIT Preis","datePublished":"2017-03-22T14:43:15+00:00","dateModified":"2017-03-29T11:33:07+00:00","mainEntityOfPage":{"@id":"https:\/\/www.m-q.ch\/de\/schweizer-praezisionsunternehmen-gewinnt-cebit-preis\/"},"wordCount":292,"commentCount":0,"publisher":{"@id":"https:\/\/www.m-q.ch\/fr\/#organization"},"image":{"@id":"https:\/\/www.m-q.ch\/de\/schweizer-praezisionsunternehmen-gewinnt-cebit-preis\/#primaryimage"},"thumbnailUrl":"https:\/\/www.m-q.ch\/wp-content\/uploads\/2017\/03\/Schweizer-Pr\u00e4zisionsunternehmen-gewinnt-CeBIT-Preis-mq-management-u-qualit\u00e4t-.jpg","keywords":["CeBIT","Innovation","IT"],"articleSection":["Unkategorisiert"],"inLanguage":"de"},{"@type":"WebPage","@id":"https:\/\/www.m-q.ch\/de\/schweizer-praezisionsunternehmen-gewinnt-cebit-preis\/","url":"https:\/\/www.m-q.ch\/de\/schweizer-praezisionsunternehmen-gewinnt-cebit-preis\/","name":"Schweizer Pr\u00e4zisionsunternehmen gewinnt CeBIT Preis - MQ Management und Qualit\u00e4t","isPartOf":{"@id":"https:\/\/www.m-q.ch\/fr\/#website"},"primaryImageOfPage":{"@id":"https:\/\/www.m-q.ch\/de\/schweizer-praezisionsunternehmen-gewinnt-cebit-preis\/#primaryimage"},"image":{"@id":"https:\/\/www.m-q.ch\/de\/schweizer-praezisionsunternehmen-gewinnt-cebit-preis\/#primaryimage"},"thumbnailUrl":"https:\/\/www.m-q.ch\/wp-content\/uploads\/2017\/03\/Schweizer-Pr\u00e4zisionsunternehmen-gewinnt-CeBIT-Preis-mq-management-u-qualit\u00e4t-.jpg","datePublished":"2017-03-22T14:43:15+00:00","dateModified":"2017-03-29T11:33:07+00:00","description":"Die CeBIT vergibt auch dieses Jahr Preise an solide und ebenso innovative Unternehmen. PAXXON (Schweiz) wurde mit dem diesj\u00e4hrigen Preis ausgezeichnet.","breadcrumb":{"@id":"https:\/\/www.m-q.ch\/de\/schweizer-praezisionsunternehmen-gewinnt-cebit-preis\/#breadcrumb"},"inLanguage":"de","potentialAction":[{"@type":"ReadAction","target":["https:\/\/www.m-q.ch\/de\/schweizer-praezisionsunternehmen-gewinnt-cebit-preis\/"]}]},{"@type":"ImageObject","inLanguage":"de","@id":"https:\/\/www.m-q.ch\/de\/schweizer-praezisionsunternehmen-gewinnt-cebit-preis\/#primaryimage","url":"https:\/\/www.m-q.ch\/wp-content\/uploads\/2017\/03\/Schweizer-Pr\u00e4zisionsunternehmen-gewinnt-CeBIT-Preis-mq-management-u-qualit\u00e4t-.jpg","contentUrl":"https:\/\/www.m-q.ch\/wp-content\/uploads\/2017\/03\/Schweizer-Pr\u00e4zisionsunternehmen-gewinnt-CeBIT-Preis-mq-management-u-qualit\u00e4t-.jpg","width":2400,"height":1600,"caption":"Angela Merkel dr\u00fcckt der Firma Sennheiser, INNOVATIONSPREIS-IT Sieger, ihre Sympathie an der CeBIT aus. (Bild: ZvG_CeBIT)"},{"@type":"BreadcrumbList","@id":"https:\/\/www.m-q.ch\/de\/schweizer-praezisionsunternehmen-gewinnt-cebit-preis\/#breadcrumb","itemListElement":[{"@type":"ListItem","position":1,"name":"Unkategorisiert","item":"https:\/\/www.m-q.ch\/it\/categoria\/senza-categoria\/"},{"@type":"ListItem","position":2,"name":"Schweizer Pr\u00e4zisionsunternehmen gewinnt CeBIT Preis"}]},{"@type":"WebSite","@id":"https:\/\/www.m-q.ch\/fr\/#website","url":"https:\/\/www.m-q.ch\/fr\/","name":"MQ Management und Qualit\u00e4t","description":"Plattform f\u00fcr integrierte Managementsysteme.","publisher":{"@id":"https:\/\/www.m-q.ch\/fr\/#organization"},"potentialAction":[{"@type":"SearchAction","target":{"@type":"EntryPoint","urlTemplate":"https:\/\/www.m-q.ch\/fr\/?s={search_term_string}"},"query-input":{"@type":"PropertyValueSpecification","valueRequired":true,"valueName":"search_term_string"}}],"inLanguage":"de"},{"@type":"Organization","@id":"https:\/\/www.m-q.ch\/fr\/#organization","name":"Galledia Fachmedien AG","url":"https:\/\/www.m-q.ch\/fr\/","logo":{"@type":"ImageObject","inLanguage":"de","@id":"https:\/\/www.m-q.ch\/fr\/#\/schema\/logo\/image\/","url":"https:\/\/www.m-q.ch\/wp-content\/uploads\/2020\/12\/cropped-logo_small.png","contentUrl":"https:\/\/www.m-q.ch\/wp-content\/uploads\/2020\/12\/cropped-logo_small.png","width":512,"height":512,"caption":"Galledia Fachmedien AG"},"image":{"@id":"https:\/\/www.m-q.ch\/fr\/#\/schema\/logo\/image\/"},"sameAs":["https:\/\/www.facebook.com\/ManagementUndQualitaet","https:\/\/www.linkedin.com\/showcase\/17982321\/admin\/"]},{"@type":"Person","@id":"https:\/\/www.m-q.ch\/fr\/#\/schema\/person\/47d540e081acd98ccbeb69b55df653d7","name":"Roger Str\u00e4ssle","image":{"@type":"ImageObject","inLanguage":"de","@id":"https:\/\/www.m-q.ch\/fr\/#\/schema\/person\/image\/","url":"https:\/\/secure.gravatar.com\/avatar\/e4dde3046d8a184d2e2d27651a418883?s=96&d=mm&r=g","contentUrl":"https:\/\/secure.gravatar.com\/avatar\/e4dde3046d8a184d2e2d27651a418883?s=96&d=mm&r=g","caption":"Roger Str\u00e4ssle"},"url":"https:\/\/www.m-q.ch\/de\/author\/roger-straessle\/"}]}},"_links":{"self":[{"href":"https:\/\/www.m-q.ch\/de\/wp-json\/wp\/v2\/posts\/1287","targetHints":{"allow":["GET"]}}],"collection":[{"href":"https:\/\/www.m-q.ch\/de\/wp-json\/wp\/v2\/posts"}],"about":[{"href":"https:\/\/www.m-q.ch\/de\/wp-json\/wp\/v2\/types\/post"}],"author":[{"embeddable":true,"href":"https:\/\/www.m-q.ch\/de\/wp-json\/wp\/v2\/users\/35"}],"replies":[{"embeddable":true,"href":"https:\/\/www.m-q.ch\/de\/wp-json\/wp\/v2\/comments?post=1287"}],"version-history":[{"count":3,"href":"https:\/\/www.m-q.ch\/de\/wp-json\/wp\/v2\/posts\/1287\/revisions"}],"predecessor-version":[{"id":1291,"href":"https:\/\/www.m-q.ch\/de\/wp-json\/wp\/v2\/posts\/1287\/revisions\/1291"}],"wp:featuredmedia":[{"embeddable":true,"href":"https:\/\/www.m-q.ch\/de\/wp-json\/wp\/v2\/media\/1288"}],"wp:attachment":[{"href":"https:\/\/www.m-q.ch\/de\/wp-json\/wp\/v2\/media?parent=1287"}],"wp:term":[{"taxonomy":"category","embeddable":true,"href":"https:\/\/www.m-q.ch\/de\/wp-json\/wp\/v2\/categories?post=1287"},{"taxonomy":"post_tag","embeddable":true,"href":"https:\/\/www.m-q.ch\/de\/wp-json\/wp\/v2\/tags?post=1287"}],"curies":[{"name":"wp","href":"https:\/\/api.w.org\/{rel}","templated":true}]}}