{"id":12890,"date":"2021-02-26T08:48:58","date_gmt":"2021-02-26T07:48:58","guid":{"rendered":"https:\/\/www.m-q.ch\/?p=12890"},"modified":"2021-03-23T10:48:21","modified_gmt":"2021-03-23T09:48:21","slug":"bfh-und-reha-rheinfelden-vertiefen-kooperation","status":"publish","type":"post","link":"https:\/\/www.m-q.ch\/de\/bfh-und-reha-rheinfelden-vertiefen-kooperation\/","title":{"rendered":"BFH und Reha Rheinfelden vertiefen Kooperation"},"content":{"rendered":"<p>&nbsp;<\/p>\n<figure id=\"attachment_12891\" aria-describedby=\"caption-attachment-12891\" style=\"width: 540px\" class=\"wp-caption alignleft\"><img loading=\"lazy\" decoding=\"async\" class=\"size-full wp-image-12891\" src=\"https:\/\/www.m-q.ch\/wp-content\/uploads\/2021\/02\/Reha.jpg\" alt=\"\" width=\"540\" height=\"360\" srcset=\"https:\/\/www.m-q.ch\/wp-content\/uploads\/2021\/02\/Reha.jpg 540w, https:\/\/www.m-q.ch\/wp-content\/uploads\/2021\/02\/Reha-16x12.jpg 16w, https:\/\/www.m-q.ch\/wp-content\/uploads\/2021\/02\/Reha-263x175.jpg 263w, https:\/\/www.m-q.ch\/wp-content\/uploads\/2021\/02\/Reha-525x350.jpg 525w, https:\/\/www.m-q.ch\/wp-content\/uploads\/2021\/02\/Reha-300x200.jpg 300w\" sizes=\"auto, (max-width: 540px) 100vw, 540px\" \/><figcaption id=\"caption-attachment-12891\" class=\"wp-caption-text\">\u00a9 IRPT<\/figcaption><\/figure>\n<p>Die beiden Organisationen arbeiten schon seit \u00fcber zehn Jahren zusammen. Bei dieser j\u00fcngsten klinischen Kooperation des Instituts f\u00fcr Rehabilitation und Leistungstechnologie (IRPT) der Berner Fachhochschule (BFH) mit der Reha Rheinfelden gehe es in erster Linie darum, neue technische Ger\u00e4te und Applikationen in Studien mit neurologisch betroffenen Patientinnen und Patienten einzusetzen und zu pr\u00fcfen. Dazu geh\u00f6ren technische Validierungsstudien, klinische Pilot- und Machbarkeitsstudien und randomisierte kontrollierte Studien. Die Forschungsergebnisse werden in der Regel durch einen wirksamen und umsetzungsorientierten Wissens- und Technologietransfer der Wirtschaft, Gesellschaft und Kultur zug\u00e4nglich gemacht, wie es in der Medienmitteilung heisst.<\/p>\n<p><strong>Klinikbezogene Aktivit\u00e4ten im Rahmen des Studiums<\/strong><strong>\u00a0<\/strong><\/p>\n<p>Das zweite Ziel der Kooperation sei es, Studierenden der BFH diverse klinikbezogene Aktivit\u00e4ten im Rahmen ihres Studiums zu offerieren. Dies erfolge unter anderem durch gemeinsame Projekt-, Bachelor-, Master- und PhD-Arbeiten, Clinical Visits, und klinische Vorlesungen. Dies insbesondere in den Bachelorstudieng\u00e4ngen Mikro- und Medizintechnik, Medizininformatik, Maschinentechnik sowie in den Masterstudieng\u00e4ngen Engineering, Biomedical Engineering und Physiotherapie.<\/p>\n<p><strong>\u00a0<\/strong><strong>Vorteile f\u00fcr beide Partner<\/strong><strong>\u00a0<\/strong><\/p>\n<p>\u00abDie Verbindung von wissenschaftlicher Forschung mit praxisrelevanten Fragen ist ein wichtiges Anliegen unserer Klinik\u00bb betont Thierry Ettlin, Chefarzt und Medizinischer Direktor der Reha Rheinfelden. \u00abIn der BFH haben wir eine ideale Partnerin, die sich durch ihre starke Praxisorientierung auszeichnet.\u00bb Auch Lukas Rohr, Leiter des Departements Technik und Informatik betont die ausgewogene Partnerschaft: \u00abDie Reha Rheinfelden erm\u00f6glicht uns einen direkten Zugang zu Patientinnen und Patienten. Das ist f\u00fcr die Entwicklung von neuen Technologien und Produkten sehr wertvoll. Zudem verf\u00fcgt die Klinik \u00fcber eine eigene starke wissenschaftliche Abteilung, die uns optimal erg\u00e4nzt\u00bb.<\/p>\n<p><strong>\u00a0<\/strong><strong>Erfolgreiche Zusammenarbeit in der Vergangenheit<\/strong><\/p>\n<p>In der Vergangenheit arbeiteten die beiden Institutionen beispielsweise im Projekt \u00abCardio Robot\u00bb zusammen. Das Projekt evaluierte den Einsatz von neuartiger Rehabilitationsrobotik-Technologien, um die k\u00f6rperliche Leistungsf\u00e4higkeit und Erholung nach einem Schlaganfall zu verbessern.<\/p>\n<p><em>Quelle: <a href=\"http:\/\/www.bfh.ch\/de\/forschung\/forschungsbereiche\/institut-rehabilitation-leistungstechnologie\/\">IRPT<\/a><\/em><\/p>\n<p>&nbsp;<\/p>\n","protected":false},"excerpt":{"rendered":"<p>&nbsp; Die beiden Organisationen arbeiten schon seit \u00fcber zehn Jahren zusammen. Bei dieser j\u00fcngsten klinischen Kooperation des Instituts f\u00fcr Rehabilitation und Leistungstechnologie (IRPT) der Berner Fachhochschule (BFH) mit der Reha Rheinfelden gehe es in erster Linie darum, neue technische Ger\u00e4te und Applikationen in Studien mit neurologisch betroffenen Patientinnen und Patienten einzusetzen und zu pr\u00fcfen. Dazu [&hellip;]<\/p>\n","protected":false},"author":35,"featured_media":12891,"comment_status":"closed","ping_status":"closed","sticky":false,"template":"","format":"standard","meta":{"_acf_changed":false,"footnotes":""},"categories":[4448],"tags":[3422,4818,4816,4817,4819],"class_list":["post-12890","post","type-post","status-publish","format-standard","has-post-thumbnail","hentry","category-allgemein","tag-berner-fachhochschule","tag-bfh","tag-institut-fuer-rehabilitation-und-leistungstechnologie","tag-irpt","tag-reha-rheinfelden"],"acf":[],"yoast_head":"<!-- This site is optimized with the Yoast SEO plugin v26.2 - https:\/\/yoast.com\/wordpress\/plugins\/seo\/ -->\n<title>BFH und Reha Rheinfelden vertiefen Kooperation - MQ Management und Qualit\u00e4t<\/title>\n<meta name=\"description\" content=\"Die Berner Fachhochschule und die Reha Rheinfelden vertiefen ihre Kooperation im Bereich praxisorientierte Forschung und Lehre. Es geht um den Einsatz neuer technischen Ger\u00e4te und Applikationen im Zusammenhang mit neurologisch betroffenen Patienten.\" \/>\n<meta name=\"robots\" content=\"index, follow, max-snippet:-1, max-image-preview:large, max-video-preview:-1\" \/>\n<link rel=\"canonical\" href=\"https:\/\/www.m-q.ch\/de\/bfh-und-reha-rheinfelden-vertiefen-kooperation\/\" \/>\n<meta property=\"og:locale\" content=\"de_DE\" \/>\n<meta property=\"og:type\" content=\"article\" \/>\n<meta property=\"og:title\" content=\"BFH und Reha Rheinfelden vertiefen Kooperation - MQ Management und Qualit\u00e4t\" \/>\n<meta property=\"og:description\" content=\"Die Berner Fachhochschule und die Reha Rheinfelden vertiefen ihre Kooperation im Bereich praxisorientierte Forschung und Lehre. Es geht um den Einsatz neuer technischen Ger\u00e4te und Applikationen im Zusammenhang mit neurologisch betroffenen Patienten.\" \/>\n<meta property=\"og:url\" content=\"https:\/\/www.m-q.ch\/de\/bfh-und-reha-rheinfelden-vertiefen-kooperation\/\" \/>\n<meta property=\"og:site_name\" content=\"MQ Management und Qualit\u00e4t\" \/>\n<meta property=\"article:publisher\" content=\"https:\/\/www.facebook.com\/ManagementUndQualitaet\" \/>\n<meta property=\"article:published_time\" content=\"2021-02-26T07:48:58+00:00\" \/>\n<meta property=\"article:modified_time\" content=\"2021-03-23T09:48:21+00:00\" \/>\n<meta property=\"og:image\" content=\"https:\/\/www.m-q.ch\/wp-content\/uploads\/2021\/02\/Reha.jpg\" \/>\n\t<meta property=\"og:image:width\" content=\"540\" \/>\n\t<meta property=\"og:image:height\" content=\"360\" \/>\n\t<meta property=\"og:image:type\" content=\"image\/jpeg\" \/>\n<meta name=\"author\" content=\"Roger Str\u00e4ssle\" \/>\n<meta name=\"twitter:card\" content=\"summary_large_image\" \/>\n<meta name=\"twitter:label1\" content=\"Verfasst von\" \/>\n\t<meta name=\"twitter:data1\" content=\"Roger Str\u00e4ssle\" \/>\n\t<meta name=\"twitter:label2\" content=\"Gesch\u00e4tzte Lesezeit\" \/>\n\t<meta name=\"twitter:data2\" content=\"2\u00a0Minuten\" \/>\n<script type=\"application\/ld+json\" class=\"yoast-schema-graph\">{\"@context\":\"https:\/\/schema.org\",\"@graph\":[{\"@type\":\"Article\",\"@id\":\"https:\/\/www.m-q.ch\/bfh-und-reha-rheinfelden-vertiefen-kooperation\/#article\",\"isPartOf\":{\"@id\":\"https:\/\/www.m-q.ch\/bfh-und-reha-rheinfelden-vertiefen-kooperation\/\"},\"author\":{\"name\":\"Roger Str\u00e4ssle\",\"@id\":\"https:\/\/www.m-q.ch\/fr\/#\/schema\/person\/47d540e081acd98ccbeb69b55df653d7\"},\"headline\":\"BFH und Reha Rheinfelden vertiefen Kooperation\",\"datePublished\":\"2021-02-26T07:48:58+00:00\",\"dateModified\":\"2021-03-23T09:48:21+00:00\",\"mainEntityOfPage\":{\"@id\":\"https:\/\/www.m-q.ch\/bfh-und-reha-rheinfelden-vertiefen-kooperation\/\"},\"wordCount\":318,\"publisher\":{\"@id\":\"https:\/\/www.m-q.ch\/fr\/#organization\"},\"image\":{\"@id\":\"https:\/\/www.m-q.ch\/bfh-und-reha-rheinfelden-vertiefen-kooperation\/#primaryimage\"},\"thumbnailUrl\":\"https:\/\/www.m-q.ch\/wp-content\/uploads\/2021\/02\/Reha.jpg\",\"keywords\":[\"Berner Fachhochschule\",\"BFH\",\"Institut f\u00fcr Rehabilitation und Leistungstechnologie\",\"IRPT\",\"Reha Rheinfelden\"],\"inLanguage\":\"de\"},{\"@type\":\"WebPage\",\"@id\":\"https:\/\/www.m-q.ch\/bfh-und-reha-rheinfelden-vertiefen-kooperation\/\",\"url\":\"https:\/\/www.m-q.ch\/bfh-und-reha-rheinfelden-vertiefen-kooperation\/\",\"name\":\"BFH und Reha Rheinfelden vertiefen Kooperation - MQ Management und Qualit\u00e4t\",\"isPartOf\":{\"@id\":\"https:\/\/www.m-q.ch\/fr\/#website\"},\"primaryImageOfPage\":{\"@id\":\"https:\/\/www.m-q.ch\/bfh-und-reha-rheinfelden-vertiefen-kooperation\/#primaryimage\"},\"image\":{\"@id\":\"https:\/\/www.m-q.ch\/bfh-und-reha-rheinfelden-vertiefen-kooperation\/#primaryimage\"},\"thumbnailUrl\":\"https:\/\/www.m-q.ch\/wp-content\/uploads\/2021\/02\/Reha.jpg\",\"datePublished\":\"2021-02-26T07:48:58+00:00\",\"dateModified\":\"2021-03-23T09:48:21+00:00\",\"description\":\"Die Berner Fachhochschule und die Reha Rheinfelden vertiefen ihre Kooperation im Bereich praxisorientierte Forschung und Lehre. Es geht um den Einsatz neuer technischen Ger\u00e4te und Applikationen im Zusammenhang mit neurologisch betroffenen Patienten.\",\"breadcrumb\":{\"@id\":\"https:\/\/www.m-q.ch\/bfh-und-reha-rheinfelden-vertiefen-kooperation\/#breadcrumb\"},\"inLanguage\":\"de\",\"potentialAction\":[{\"@type\":\"ReadAction\",\"target\":[\"https:\/\/www.m-q.ch\/bfh-und-reha-rheinfelden-vertiefen-kooperation\/\"]}]},{\"@type\":\"ImageObject\",\"inLanguage\":\"de\",\"@id\":\"https:\/\/www.m-q.ch\/bfh-und-reha-rheinfelden-vertiefen-kooperation\/#primaryimage\",\"url\":\"https:\/\/www.m-q.ch\/wp-content\/uploads\/2021\/02\/Reha.jpg\",\"contentUrl\":\"https:\/\/www.m-q.ch\/wp-content\/uploads\/2021\/02\/Reha.jpg\",\"width\":540,\"height\":360,\"caption\":\"\u00a9 IRPT\"},{\"@type\":\"BreadcrumbList\",\"@id\":\"https:\/\/www.m-q.ch\/bfh-und-reha-rheinfelden-vertiefen-kooperation\/#breadcrumb\",\"itemListElement\":[{\"@type\":\"ListItem\",\"position\":1,\"name\":\"Allgemein\",\"item\":\"https:\/\/www.m-q.ch\/kategorie\/allgemein\/\"},{\"@type\":\"ListItem\",\"position\":2,\"name\":\"BFH und Reha Rheinfelden vertiefen Kooperation\"}]},{\"@type\":\"WebSite\",\"@id\":\"https:\/\/www.m-q.ch\/fr\/#website\",\"url\":\"https:\/\/www.m-q.ch\/fr\/\",\"name\":\"MQ Management und Qualit\u00e4t\",\"description\":\"Plattform f\u00fcr integrierte Managementsysteme.\",\"publisher\":{\"@id\":\"https:\/\/www.m-q.ch\/fr\/#organization\"},\"potentialAction\":[{\"@type\":\"SearchAction\",\"target\":{\"@type\":\"EntryPoint\",\"urlTemplate\":\"https:\/\/www.m-q.ch\/fr\/?s={search_term_string}\"},\"query-input\":{\"@type\":\"PropertyValueSpecification\",\"valueRequired\":true,\"valueName\":\"search_term_string\"}}],\"inLanguage\":\"de\"},{\"@type\":\"Organization\",\"@id\":\"https:\/\/www.m-q.ch\/fr\/#organization\",\"name\":\"Galledia Fachmedien AG\",\"url\":\"https:\/\/www.m-q.ch\/fr\/\",\"logo\":{\"@type\":\"ImageObject\",\"inLanguage\":\"de\",\"@id\":\"https:\/\/www.m-q.ch\/fr\/#\/schema\/logo\/image\/\",\"url\":\"https:\/\/www.m-q.ch\/wp-content\/uploads\/2020\/12\/cropped-logo_small.png\",\"contentUrl\":\"https:\/\/www.m-q.ch\/wp-content\/uploads\/2020\/12\/cropped-logo_small.png\",\"width\":512,\"height\":512,\"caption\":\"Galledia Fachmedien AG\"},\"image\":{\"@id\":\"https:\/\/www.m-q.ch\/fr\/#\/schema\/logo\/image\/\"},\"sameAs\":[\"https:\/\/www.facebook.com\/ManagementUndQualitaet\",\"https:\/\/www.linkedin.com\/showcase\/17982321\/admin\/\"]},{\"@type\":\"Person\",\"@id\":\"https:\/\/www.m-q.ch\/fr\/#\/schema\/person\/47d540e081acd98ccbeb69b55df653d7\",\"name\":\"Roger Str\u00e4ssle\",\"image\":{\"@type\":\"ImageObject\",\"inLanguage\":\"de\",\"@id\":\"https:\/\/www.m-q.ch\/fr\/#\/schema\/person\/image\/\",\"url\":\"https:\/\/secure.gravatar.com\/avatar\/e4dde3046d8a184d2e2d27651a418883?s=96&d=mm&r=g\",\"contentUrl\":\"https:\/\/secure.gravatar.com\/avatar\/e4dde3046d8a184d2e2d27651a418883?s=96&d=mm&r=g\",\"caption\":\"Roger Str\u00e4ssle\"},\"url\":\"https:\/\/www.m-q.ch\/de\/author\/roger-straessle\/\"}]}<\/script>\n<!-- \/ Yoast SEO plugin. -->","yoast_head_json":{"title":"BFH und Reha Rheinfelden vertiefen Kooperation - MQ Management und Qualit\u00e4t","description":"Die Berner Fachhochschule und die Reha Rheinfelden vertiefen ihre Kooperation im Bereich praxisorientierte Forschung und Lehre. Es geht um den Einsatz neuer technischen Ger\u00e4te und Applikationen im Zusammenhang mit neurologisch betroffenen Patienten.","robots":{"index":"index","follow":"follow","max-snippet":"max-snippet:-1","max-image-preview":"max-image-preview:large","max-video-preview":"max-video-preview:-1"},"canonical":"https:\/\/www.m-q.ch\/de\/bfh-und-reha-rheinfelden-vertiefen-kooperation\/","og_locale":"de_DE","og_type":"article","og_title":"BFH und Reha Rheinfelden vertiefen Kooperation - MQ Management und Qualit\u00e4t","og_description":"Die Berner Fachhochschule und die Reha Rheinfelden vertiefen ihre Kooperation im Bereich praxisorientierte Forschung und Lehre. Es geht um den Einsatz neuer technischen Ger\u00e4te und Applikationen im Zusammenhang mit neurologisch betroffenen Patienten.","og_url":"https:\/\/www.m-q.ch\/de\/bfh-und-reha-rheinfelden-vertiefen-kooperation\/","og_site_name":"MQ Management und Qualit\u00e4t","article_publisher":"https:\/\/www.facebook.com\/ManagementUndQualitaet","article_published_time":"2021-02-26T07:48:58+00:00","article_modified_time":"2021-03-23T09:48:21+00:00","og_image":[{"width":540,"height":360,"url":"https:\/\/www.m-q.ch\/wp-content\/uploads\/2021\/02\/Reha.jpg","type":"image\/jpeg"}],"author":"Roger Str\u00e4ssle","twitter_card":"summary_large_image","twitter_misc":{"Verfasst von":"Roger Str\u00e4ssle","Gesch\u00e4tzte Lesezeit":"2\u00a0Minuten"},"schema":{"@context":"https:\/\/schema.org","@graph":[{"@type":"Article","@id":"https:\/\/www.m-q.ch\/bfh-und-reha-rheinfelden-vertiefen-kooperation\/#article","isPartOf":{"@id":"https:\/\/www.m-q.ch\/bfh-und-reha-rheinfelden-vertiefen-kooperation\/"},"author":{"name":"Roger Str\u00e4ssle","@id":"https:\/\/www.m-q.ch\/fr\/#\/schema\/person\/47d540e081acd98ccbeb69b55df653d7"},"headline":"BFH und Reha Rheinfelden vertiefen Kooperation","datePublished":"2021-02-26T07:48:58+00:00","dateModified":"2021-03-23T09:48:21+00:00","mainEntityOfPage":{"@id":"https:\/\/www.m-q.ch\/bfh-und-reha-rheinfelden-vertiefen-kooperation\/"},"wordCount":318,"publisher":{"@id":"https:\/\/www.m-q.ch\/fr\/#organization"},"image":{"@id":"https:\/\/www.m-q.ch\/bfh-und-reha-rheinfelden-vertiefen-kooperation\/#primaryimage"},"thumbnailUrl":"https:\/\/www.m-q.ch\/wp-content\/uploads\/2021\/02\/Reha.jpg","keywords":["Berner Fachhochschule","BFH","Institut f\u00fcr Rehabilitation und Leistungstechnologie","IRPT","Reha Rheinfelden"],"inLanguage":"de"},{"@type":"WebPage","@id":"https:\/\/www.m-q.ch\/bfh-und-reha-rheinfelden-vertiefen-kooperation\/","url":"https:\/\/www.m-q.ch\/bfh-und-reha-rheinfelden-vertiefen-kooperation\/","name":"BFH und Reha Rheinfelden vertiefen Kooperation - MQ Management und Qualit\u00e4t","isPartOf":{"@id":"https:\/\/www.m-q.ch\/fr\/#website"},"primaryImageOfPage":{"@id":"https:\/\/www.m-q.ch\/bfh-und-reha-rheinfelden-vertiefen-kooperation\/#primaryimage"},"image":{"@id":"https:\/\/www.m-q.ch\/bfh-und-reha-rheinfelden-vertiefen-kooperation\/#primaryimage"},"thumbnailUrl":"https:\/\/www.m-q.ch\/wp-content\/uploads\/2021\/02\/Reha.jpg","datePublished":"2021-02-26T07:48:58+00:00","dateModified":"2021-03-23T09:48:21+00:00","description":"Die Berner Fachhochschule und die Reha Rheinfelden vertiefen ihre Kooperation im Bereich praxisorientierte Forschung und Lehre. Es geht um den Einsatz neuer technischen Ger\u00e4te und Applikationen im Zusammenhang mit neurologisch betroffenen Patienten.","breadcrumb":{"@id":"https:\/\/www.m-q.ch\/bfh-und-reha-rheinfelden-vertiefen-kooperation\/#breadcrumb"},"inLanguage":"de","potentialAction":[{"@type":"ReadAction","target":["https:\/\/www.m-q.ch\/bfh-und-reha-rheinfelden-vertiefen-kooperation\/"]}]},{"@type":"ImageObject","inLanguage":"de","@id":"https:\/\/www.m-q.ch\/bfh-und-reha-rheinfelden-vertiefen-kooperation\/#primaryimage","url":"https:\/\/www.m-q.ch\/wp-content\/uploads\/2021\/02\/Reha.jpg","contentUrl":"https:\/\/www.m-q.ch\/wp-content\/uploads\/2021\/02\/Reha.jpg","width":540,"height":360,"caption":"\u00a9 IRPT"},{"@type":"BreadcrumbList","@id":"https:\/\/www.m-q.ch\/bfh-und-reha-rheinfelden-vertiefen-kooperation\/#breadcrumb","itemListElement":[{"@type":"ListItem","position":1,"name":"Allgemein","item":"https:\/\/www.m-q.ch\/kategorie\/allgemein\/"},{"@type":"ListItem","position":2,"name":"BFH und Reha Rheinfelden vertiefen Kooperation"}]},{"@type":"WebSite","@id":"https:\/\/www.m-q.ch\/fr\/#website","url":"https:\/\/www.m-q.ch\/fr\/","name":"MQ Management und Qualit\u00e4t","description":"Plattform f\u00fcr integrierte Managementsysteme.","publisher":{"@id":"https:\/\/www.m-q.ch\/fr\/#organization"},"potentialAction":[{"@type":"SearchAction","target":{"@type":"EntryPoint","urlTemplate":"https:\/\/www.m-q.ch\/fr\/?s={search_term_string}"},"query-input":{"@type":"PropertyValueSpecification","valueRequired":true,"valueName":"search_term_string"}}],"inLanguage":"de"},{"@type":"Organization","@id":"https:\/\/www.m-q.ch\/fr\/#organization","name":"Galledia Fachmedien AG","url":"https:\/\/www.m-q.ch\/fr\/","logo":{"@type":"ImageObject","inLanguage":"de","@id":"https:\/\/www.m-q.ch\/fr\/#\/schema\/logo\/image\/","url":"https:\/\/www.m-q.ch\/wp-content\/uploads\/2020\/12\/cropped-logo_small.png","contentUrl":"https:\/\/www.m-q.ch\/wp-content\/uploads\/2020\/12\/cropped-logo_small.png","width":512,"height":512,"caption":"Galledia Fachmedien AG"},"image":{"@id":"https:\/\/www.m-q.ch\/fr\/#\/schema\/logo\/image\/"},"sameAs":["https:\/\/www.facebook.com\/ManagementUndQualitaet","https:\/\/www.linkedin.com\/showcase\/17982321\/admin\/"]},{"@type":"Person","@id":"https:\/\/www.m-q.ch\/fr\/#\/schema\/person\/47d540e081acd98ccbeb69b55df653d7","name":"Roger Str\u00e4ssle","image":{"@type":"ImageObject","inLanguage":"de","@id":"https:\/\/www.m-q.ch\/fr\/#\/schema\/person\/image\/","url":"https:\/\/secure.gravatar.com\/avatar\/e4dde3046d8a184d2e2d27651a418883?s=96&d=mm&r=g","contentUrl":"https:\/\/secure.gravatar.com\/avatar\/e4dde3046d8a184d2e2d27651a418883?s=96&d=mm&r=g","caption":"Roger Str\u00e4ssle"},"url":"https:\/\/www.m-q.ch\/de\/author\/roger-straessle\/"}]}},"_links":{"self":[{"href":"https:\/\/www.m-q.ch\/de\/wp-json\/wp\/v2\/posts\/12890","targetHints":{"allow":["GET"]}}],"collection":[{"href":"https:\/\/www.m-q.ch\/de\/wp-json\/wp\/v2\/posts"}],"about":[{"href":"https:\/\/www.m-q.ch\/de\/wp-json\/wp\/v2\/types\/post"}],"author":[{"embeddable":true,"href":"https:\/\/www.m-q.ch\/de\/wp-json\/wp\/v2\/users\/35"}],"replies":[{"embeddable":true,"href":"https:\/\/www.m-q.ch\/de\/wp-json\/wp\/v2\/comments?post=12890"}],"version-history":[{"count":3,"href":"https:\/\/www.m-q.ch\/de\/wp-json\/wp\/v2\/posts\/12890\/revisions"}],"predecessor-version":[{"id":13104,"href":"https:\/\/www.m-q.ch\/de\/wp-json\/wp\/v2\/posts\/12890\/revisions\/13104"}],"wp:featuredmedia":[{"embeddable":true,"href":"https:\/\/www.m-q.ch\/de\/wp-json\/wp\/v2\/media\/12891"}],"wp:attachment":[{"href":"https:\/\/www.m-q.ch\/de\/wp-json\/wp\/v2\/media?parent=12890"}],"wp:term":[{"taxonomy":"category","embeddable":true,"href":"https:\/\/www.m-q.ch\/de\/wp-json\/wp\/v2\/categories?post=12890"},{"taxonomy":"post_tag","embeddable":true,"href":"https:\/\/www.m-q.ch\/de\/wp-json\/wp\/v2\/tags?post=12890"}],"curies":[{"name":"wp","href":"https:\/\/api.w.org\/{rel}","templated":true}]}}