{"id":13108,"date":"2021-03-08T10:58:14","date_gmt":"2021-03-08T09:58:14","guid":{"rendered":"https:\/\/www.m-q.ch\/?p=13108"},"modified":"2021-03-11T10:50:00","modified_gmt":"2021-03-11T09:50:00","slug":"covid-19-infektionsschutz-durch-lueftungs-und-luftreinigungstechnik","status":"publish","type":"post","link":"https:\/\/www.m-q.ch\/de\/covid-19-infektionsschutz-durch-lueftungs-und-luftreinigungstechnik\/","title":{"rendered":"Covid-19: Infektionsschutz durch L\u00fcftungs- und Luftreinigungstechnik"},"content":{"rendered":"<figure id=\"attachment_13125\" aria-describedby=\"caption-attachment-13125\" style=\"width: 999px\" class=\"wp-caption aligncenter\"><img loading=\"lazy\" decoding=\"async\" class=\"size-full wp-image-13125\" src=\"https:\/\/www.m-q.ch\/wp-content\/uploads\/2021\/03\/Depositphotos_191194836_s-2019.jpg\" alt=\"\" width=\"999\" height=\"667\" srcset=\"https:\/\/www.m-q.ch\/wp-content\/uploads\/2021\/03\/Depositphotos_191194836_s-2019.jpg 999w, https:\/\/www.m-q.ch\/wp-content\/uploads\/2021\/03\/Depositphotos_191194836_s-2019-768x513.jpg 768w, https:\/\/www.m-q.ch\/wp-content\/uploads\/2021\/03\/Depositphotos_191194836_s-2019-16x12.jpg 16w, https:\/\/www.m-q.ch\/wp-content\/uploads\/2021\/03\/Depositphotos_191194836_s-2019-262x175.jpg 262w, https:\/\/www.m-q.ch\/wp-content\/uploads\/2021\/03\/Depositphotos_191194836_s-2019-524x350.jpg 524w, https:\/\/www.m-q.ch\/wp-content\/uploads\/2021\/03\/Depositphotos_191194836_s-2019-920x614.jpg 920w, https:\/\/www.m-q.ch\/wp-content\/uploads\/2021\/03\/Depositphotos_191194836_s-2019-300x200.jpg 300w\" sizes=\"auto, (max-width: 999px) 100vw, 999px\" \/><figcaption id=\"caption-attachment-13125\" class=\"wp-caption-text\">\u00a9 Depositphotos, gorgev<\/figcaption><\/figure>\n<p>Eine entscheidende Erkenntnis lautet, dass ausschliesslich maschinelle L\u00fcftungsanlagen f\u00fcr einen ganzj\u00e4hrig garantierten Luftaustausch sorgen und bei ausreichender Dimensionierung das Infektionsrisiko erheblich reduzieren. Stoss- und Querl\u00fcftung \u00fcber Fenster sind in den meisten F\u00e4llen energetisch ung\u00fcnstiger und auch das Wohlbefinden der Menschen im Raum wird dadurch oftmals eingeschr\u00e4nkt. Ein vergleichbarer Infektionsschutz wie bei gut dimensionierten maschinellen L\u00fcftungsanlagen kann nur unter idealen und in der Praxis selten zutreffenden Annahmen erreicht werden. Ist lediglich Stoss- und Querl\u00fcftung m\u00f6glich, so reduzieren ausreichend dimensionierte Sekund\u00e4rluftreinigungsger\u00e4te das Infektionsrisiko in R\u00e4umen deutlich und eignen sich somit als zus\u00e4tzliche Massnahme.<\/p>\n<p>Zu diesen Ergebnissen kommt der VDMA-Fachverband Allgemeine Lufttechnik im Informationsblatt \u00ab<a href=\"http:\/\/klt.vdma.org\/documents\/105879\/0\/Raumlufttechnische%20Anlagen%20in%20Zeiten%20von%20COVID-19%20Bewertung%20des%20Infektionsrisikos%20durch%20aerosolgebundene%20Viren%20%20%20bei%20unterschiedlichen%20L\u00fcftungs-%20und%20Luftreinigungsverfahren%20in%20R\u00e4umen\/b38f01f1-a0ee-5f98-f883-30792985fcbb?t=940651.7\">Raumlufttechnische Anlagen in Zeiten von COVID-19 \u2013 Bewertung des Infektionsrisikos durch aerosolgebundene Viren\u00a0bei unterschiedlichen L\u00fcftungs- und Luftreinigungsverfahren in R\u00e4umen<\/a>\u00bb. Die Publikation ist eine Zusammenfassung der Studie \u00abAbsch\u00e4tzung des Infektionsrisikos durch aerosolgebundene Viren in bel\u00fcfteten R\u00e4umen\u00bb. Diese Studie vergleicht das Infektionsrisiko verschiedener Innenraumumgebungen und bewertet unterschiedliche L\u00fcftungs- und Luftreinigungsmassnahmen unter zus\u00e4tzlicher Ber\u00fccksichtigung des Tragens einer Mund-Nase-Bedeckung (MNB).\u00a0<\/p>\n<p>Generell beurteilen sowohl die Studie als auch deren Zusammenfassung im VDMA-Informationsblatt ausschliesslich die Aerosolpartikel verursachten Infektionen \u00fcber den Luftweg. Entstanden ist die Studie in Kooperation der folgenden Institute:<\/p>\n<p>\u2022\u00a0\u00a0 \u00a0Institute for Energy Efficient Buildings and Indoor Climate (EBC), RWTH Aachen<br \/>\n\u2022\u00a0\u00a0 \u00a0Institut f\u00fcr Arbeits-, Sozial- und Umweltmedizin, RWTH Aachen<br \/>\n\u2022\u00a0\u00a0 \u00a0IBO Innenraumanalytik OG, Wien<br \/>\n\u2022\u00a0\u00a0 \u00a0Heinz Trox Wissenschafts gGmbH, Aachen<\/p>\n<p><strong>Informationsschrift zur richtigen Bel\u00fcftung von R\u00e4umen<\/strong><\/p>\n<p>Nur mit einer infektionsschutzgerechten L\u00fcftung k\u00f6nnen Konzepte zur Wieder\u00f6ffnung zum Beispiel von Versammlungsr\u00e4umen sinnvoll umgesetzt werden. Eine Handreichung hierzu bietet die Ver\u00f6ffentlichung des VDMA Fachverbandes \u00ab<a href=\"http:\/\/klt.vdma.org\/documents\/105879\/0\/Raumlufttechnische%20Anlagen%20in%20Zeiten%20von%20COVID-19%20-%20Anforderungen%20an%20L\u00fcftung%20und%20Luftreinigung%20zur%20Reduktion%20%20des%20Infektionsrisikos%20\u00fcber%20den%20Luftweg%20\u2013%20AHA%20+%20L\u00fcftung\/c2f1eebb-114c-63de-37d8-532a76eb6edb?t=121539.77\">Raumlufttechnische Anlagen in Zeiten von COVID-19 \u2013 Anforderungen an L\u00fcftung und Luftreinigung zur Reduktion des Infektionsrisikos \u00fcber den Luftweg \u2013 AHA + L\u00fcftung<\/a>\u00bb. \u00a0Die Informationsschrift beschreibt ein Verfahren, das auf Basis europ\u00e4ischer Normen die Anforderungen an eine infektionsschutzgerechte L\u00fcftung definiert und R\u00e4ume individuell bewertbar macht.\u00a0<\/p>\n<p>\nBei einem Seminarraum zum Beispiel ist der Aktivit\u00e4tsgrad gering, da die Personen im Raum normal atmen und nur vereinzelt sprechen. Es werden aber auch Einrichtungen mit einem h\u00f6heren Aktivit\u00e4tsgrad bewertet. Hierzu z\u00e4hlen beispielsweise Restaurants, Fitnessstudios oder auch Theater. In diesen R\u00e4umlichkeiten spricht die Mehrzahl der anwesenden Personen und ist auch k\u00f6rperlich aktiv, so dass die Atmung mit erh\u00f6hter Frequenz erfolgt.\u00a0<\/p>\n<p>Durch das Berechnungs- und Bewertungsverfahren sowie entsprechenden Infektionsschutzmassnahmen zur Reduzierung der Virenlast in der Raumluft k\u00f6nnten pauschale Schliessungen von Nutzr\u00e4umen und Geb\u00e4uden ganzer Wirtschaftszweige k\u00fcnftig vermieden werden \u2013 die Einhaltung der AHA-Regeln und eine angepasste Belegungsdichte vorausgesetzt.<\/p>\n<p>Die Publikation basiert auf dem Anfang Februar erschienen Status-Report 52 des Fachverbandes Geb\u00e4ude-Klima e.V. (FGK). Sowohl FGK als auch der\u00a0Fachverband Allgemeine Lufttechnik des VDMA bringen die Expertise ihrer Mitglieder ein, um sich an Politik und \u00d6ffentlichkeit zu wenden. Sie bieten Entscheidungsgrundlagen f\u00fcr flexible beziehungsweise differenzierte \u00d6ffnungsstrategien, immer unter der Voraussetzung, dass ergriffene Massnahmen und eingesetzte Techniken nachweislich geeignet sind, das Infektionsrisiko gering zu halten.\u00a0<\/p>\n<p><em>Weitere Informationen des VDMA zum Thema Covid-19 finden Sie <a href=\"http:\/\/www.vdma.org\/corona\">hier<\/a>.<\/em><\/p>\n<p><em>Infos zum Thema \u00abNeue Norm f\u00fcr Covid-Beatmungsger\u00e4te\u00bb finden Sie <a href=\"http:\/\/www.m-q.ch\/de\/neue-norm-fuer-covid-beatmungsgeraete\/\">hier<\/a>.\u00a0<\/em><\/p>\n","protected":false},"excerpt":{"rendered":"<p>Eine entscheidende Erkenntnis lautet, dass ausschliesslich maschinelle L\u00fcftungsanlagen f\u00fcr einen ganzj\u00e4hrig garantierten Luftaustausch sorgen und bei ausreichender Dimensionierung das Infektionsrisiko erheblich reduzieren. Stoss- und Querl\u00fcftung \u00fcber Fenster sind in den meisten F\u00e4llen energetisch ung\u00fcnstiger und auch das Wohlbefinden der Menschen im Raum wird dadurch oftmals eingeschr\u00e4nkt. Ein vergleichbarer Infektionsschutz wie bei gut dimensionierten maschinellen L\u00fcftungsanlagen [&hellip;]<\/p>\n","protected":false},"author":35,"featured_media":13125,"comment_status":"closed","ping_status":"closed","sticky":false,"template":"","format":"standard","meta":{"_acf_changed":false,"footnotes":""},"categories":[4],"tags":[4832,4831,4834,4833],"class_list":["post-13108","post","type-post","status-publish","format-standard","has-post-thumbnail","hentry","category-risikomanagement","tag-infektionsschutz","tag-lueftungs-und-luftreinigungstechnik","tag-vdma-fachverband-allgemeine-lufttechnik","tag-virushaltiger-aerosole"],"acf":[],"yoast_head":"<!-- This site is optimized with the Yoast SEO plugin v26.2 - https:\/\/yoast.com\/wordpress\/plugins\/seo\/ -->\n<title>Covid-19: Infektionsschutz durch L\u00fcftungs- und Luftreinigungstechnik - MQ Management und Qualit\u00e4t<\/title>\n<meta name=\"description\" content=\"Die richtige L\u00fcftungs- und Luftreinigungstechnik kann einen erheblichen Beitrag zum Infektionsschutz leisten. Denn: Der Haupt\u00fcbertragungsweg von Covid-19 ist das Einatmen virushaltiger Aerosole ist, die eine infekti\u00f6se Person in die Luft abgegeben hat. Die Infektionsrisiken sind dabei stark von der Versorgung des Raumes mit \u00abvirusfreier\u00bb Luft und der Anzahl und Aktivit\u00e4t anwesender Menschen abh\u00e4ngig.\" \/>\n<meta name=\"robots\" content=\"index, follow, max-snippet:-1, max-image-preview:large, max-video-preview:-1\" \/>\n<link rel=\"canonical\" href=\"https:\/\/www.m-q.ch\/de\/covid-19-infektionsschutz-durch-lueftungs-und-luftreinigungstechnik\/\" \/>\n<meta property=\"og:locale\" content=\"de_DE\" \/>\n<meta property=\"og:type\" content=\"article\" \/>\n<meta property=\"og:title\" content=\"Covid-19: Infektionsschutz durch L\u00fcftungs- und Luftreinigungstechnik - MQ Management und Qualit\u00e4t\" \/>\n<meta property=\"og:description\" content=\"Die richtige L\u00fcftungs- und Luftreinigungstechnik kann einen erheblichen Beitrag zum Infektionsschutz leisten. Denn: Der Haupt\u00fcbertragungsweg von Covid-19 ist das Einatmen virushaltiger Aerosole ist, die eine infekti\u00f6se Person in die Luft abgegeben hat. Die Infektionsrisiken sind dabei stark von der Versorgung des Raumes mit \u00abvirusfreier\u00bb Luft und der Anzahl und Aktivit\u00e4t anwesender Menschen abh\u00e4ngig.\" \/>\n<meta property=\"og:url\" content=\"https:\/\/www.m-q.ch\/de\/covid-19-infektionsschutz-durch-lueftungs-und-luftreinigungstechnik\/\" \/>\n<meta property=\"og:site_name\" content=\"MQ Management und Qualit\u00e4t\" \/>\n<meta property=\"article:publisher\" content=\"https:\/\/www.facebook.com\/ManagementUndQualitaet\" \/>\n<meta property=\"article:published_time\" content=\"2021-03-08T09:58:14+00:00\" \/>\n<meta property=\"article:modified_time\" content=\"2021-03-11T09:50:00+00:00\" \/>\n<meta property=\"og:image\" content=\"https:\/\/www.m-q.ch\/wp-content\/uploads\/2021\/03\/Depositphotos_191194836_s-2019.jpg\" \/>\n\t<meta property=\"og:image:width\" content=\"999\" \/>\n\t<meta property=\"og:image:height\" content=\"667\" \/>\n\t<meta property=\"og:image:type\" content=\"image\/jpeg\" \/>\n<meta name=\"author\" content=\"Roger Str\u00e4ssle\" \/>\n<meta name=\"twitter:card\" content=\"summary_large_image\" \/>\n<meta name=\"twitter:label1\" content=\"Verfasst von\" \/>\n\t<meta name=\"twitter:data1\" content=\"Roger Str\u00e4ssle\" \/>\n\t<meta name=\"twitter:label2\" content=\"Gesch\u00e4tzte Lesezeit\" \/>\n\t<meta name=\"twitter:data2\" content=\"3\u00a0Minuten\" \/>\n<script type=\"application\/ld+json\" class=\"yoast-schema-graph\">{\"@context\":\"https:\/\/schema.org\",\"@graph\":[{\"@type\":\"Article\",\"@id\":\"https:\/\/www.m-q.ch\/covid-19-infektionsschutz-durch-lueftungs-und-luftreinigungstechnik\/#article\",\"isPartOf\":{\"@id\":\"https:\/\/www.m-q.ch\/covid-19-infektionsschutz-durch-lueftungs-und-luftreinigungstechnik\/\"},\"author\":{\"name\":\"Roger Str\u00e4ssle\",\"@id\":\"https:\/\/www.m-q.ch\/fr\/#\/schema\/person\/47d540e081acd98ccbeb69b55df653d7\"},\"headline\":\"Covid-19: Infektionsschutz durch L\u00fcftungs- und Luftreinigungstechnik\",\"datePublished\":\"2021-03-08T09:58:14+00:00\",\"dateModified\":\"2021-03-11T09:50:00+00:00\",\"mainEntityOfPage\":{\"@id\":\"https:\/\/www.m-q.ch\/covid-19-infektionsschutz-durch-lueftungs-und-luftreinigungstechnik\/\"},\"wordCount\":533,\"publisher\":{\"@id\":\"https:\/\/www.m-q.ch\/fr\/#organization\"},\"image\":{\"@id\":\"https:\/\/www.m-q.ch\/covid-19-infektionsschutz-durch-lueftungs-und-luftreinigungstechnik\/#primaryimage\"},\"thumbnailUrl\":\"https:\/\/www.m-q.ch\/wp-content\/uploads\/2021\/03\/Depositphotos_191194836_s-2019.jpg\",\"keywords\":[\"Infektionsschutz\",\"L\u00fcftungs- und Luftreinigungstechnik\",\"VDMA-Fachverband Allgemeine Lufttechnik\",\"virushaltiger Aerosole\"],\"articleSection\":[\"Risikomanagement\"],\"inLanguage\":\"de\"},{\"@type\":\"WebPage\",\"@id\":\"https:\/\/www.m-q.ch\/covid-19-infektionsschutz-durch-lueftungs-und-luftreinigungstechnik\/\",\"url\":\"https:\/\/www.m-q.ch\/covid-19-infektionsschutz-durch-lueftungs-und-luftreinigungstechnik\/\",\"name\":\"Covid-19: Infektionsschutz durch L\u00fcftungs- und Luftreinigungstechnik - MQ Management und Qualit\u00e4t\",\"isPartOf\":{\"@id\":\"https:\/\/www.m-q.ch\/fr\/#website\"},\"primaryImageOfPage\":{\"@id\":\"https:\/\/www.m-q.ch\/covid-19-infektionsschutz-durch-lueftungs-und-luftreinigungstechnik\/#primaryimage\"},\"image\":{\"@id\":\"https:\/\/www.m-q.ch\/covid-19-infektionsschutz-durch-lueftungs-und-luftreinigungstechnik\/#primaryimage\"},\"thumbnailUrl\":\"https:\/\/www.m-q.ch\/wp-content\/uploads\/2021\/03\/Depositphotos_191194836_s-2019.jpg\",\"datePublished\":\"2021-03-08T09:58:14+00:00\",\"dateModified\":\"2021-03-11T09:50:00+00:00\",\"description\":\"Die richtige L\u00fcftungs- und Luftreinigungstechnik kann einen erheblichen Beitrag zum Infektionsschutz leisten. Denn: Der Haupt\u00fcbertragungsweg von Covid-19 ist das Einatmen virushaltiger Aerosole ist, die eine infekti\u00f6se Person in die Luft abgegeben hat. Die Infektionsrisiken sind dabei stark von der Versorgung des Raumes mit \u00abvirusfreier\u00bb Luft und der Anzahl und Aktivit\u00e4t anwesender Menschen abh\u00e4ngig.\",\"breadcrumb\":{\"@id\":\"https:\/\/www.m-q.ch\/covid-19-infektionsschutz-durch-lueftungs-und-luftreinigungstechnik\/#breadcrumb\"},\"inLanguage\":\"de\",\"potentialAction\":[{\"@type\":\"ReadAction\",\"target\":[\"https:\/\/www.m-q.ch\/covid-19-infektionsschutz-durch-lueftungs-und-luftreinigungstechnik\/\"]}]},{\"@type\":\"ImageObject\",\"inLanguage\":\"de\",\"@id\":\"https:\/\/www.m-q.ch\/covid-19-infektionsschutz-durch-lueftungs-und-luftreinigungstechnik\/#primaryimage\",\"url\":\"https:\/\/www.m-q.ch\/wp-content\/uploads\/2021\/03\/Depositphotos_191194836_s-2019.jpg\",\"contentUrl\":\"https:\/\/www.m-q.ch\/wp-content\/uploads\/2021\/03\/Depositphotos_191194836_s-2019.jpg\",\"width\":999,\"height\":667,\"caption\":\"\u00a9 Depositphotos, gorgev\"},{\"@type\":\"BreadcrumbList\",\"@id\":\"https:\/\/www.m-q.ch\/covid-19-infektionsschutz-durch-lueftungs-und-luftreinigungstechnik\/#breadcrumb\",\"itemListElement\":[{\"@type\":\"ListItem\",\"position\":1,\"name\":\"Risikomanagement\",\"item\":\"https:\/\/www.m-q.ch\/kategorie\/risikomanagement\/\"},{\"@type\":\"ListItem\",\"position\":2,\"name\":\"Covid-19: Infektionsschutz durch L\u00fcftungs- und Luftreinigungstechnik\"}]},{\"@type\":\"WebSite\",\"@id\":\"https:\/\/www.m-q.ch\/fr\/#website\",\"url\":\"https:\/\/www.m-q.ch\/fr\/\",\"name\":\"MQ Management und Qualit\u00e4t\",\"description\":\"Plattform f\u00fcr integrierte Managementsysteme.\",\"publisher\":{\"@id\":\"https:\/\/www.m-q.ch\/fr\/#organization\"},\"potentialAction\":[{\"@type\":\"SearchAction\",\"target\":{\"@type\":\"EntryPoint\",\"urlTemplate\":\"https:\/\/www.m-q.ch\/fr\/?s={search_term_string}\"},\"query-input\":{\"@type\":\"PropertyValueSpecification\",\"valueRequired\":true,\"valueName\":\"search_term_string\"}}],\"inLanguage\":\"de\"},{\"@type\":\"Organization\",\"@id\":\"https:\/\/www.m-q.ch\/fr\/#organization\",\"name\":\"Galledia Fachmedien AG\",\"url\":\"https:\/\/www.m-q.ch\/fr\/\",\"logo\":{\"@type\":\"ImageObject\",\"inLanguage\":\"de\",\"@id\":\"https:\/\/www.m-q.ch\/fr\/#\/schema\/logo\/image\/\",\"url\":\"https:\/\/www.m-q.ch\/wp-content\/uploads\/2020\/12\/cropped-logo_small.png\",\"contentUrl\":\"https:\/\/www.m-q.ch\/wp-content\/uploads\/2020\/12\/cropped-logo_small.png\",\"width\":512,\"height\":512,\"caption\":\"Galledia Fachmedien AG\"},\"image\":{\"@id\":\"https:\/\/www.m-q.ch\/fr\/#\/schema\/logo\/image\/\"},\"sameAs\":[\"https:\/\/www.facebook.com\/ManagementUndQualitaet\",\"https:\/\/www.linkedin.com\/showcase\/17982321\/admin\/\"]},{\"@type\":\"Person\",\"@id\":\"https:\/\/www.m-q.ch\/fr\/#\/schema\/person\/47d540e081acd98ccbeb69b55df653d7\",\"name\":\"Roger Str\u00e4ssle\",\"image\":{\"@type\":\"ImageObject\",\"inLanguage\":\"de\",\"@id\":\"https:\/\/www.m-q.ch\/fr\/#\/schema\/person\/image\/\",\"url\":\"https:\/\/secure.gravatar.com\/avatar\/e4dde3046d8a184d2e2d27651a418883?s=96&d=mm&r=g\",\"contentUrl\":\"https:\/\/secure.gravatar.com\/avatar\/e4dde3046d8a184d2e2d27651a418883?s=96&d=mm&r=g\",\"caption\":\"Roger Str\u00e4ssle\"},\"url\":\"https:\/\/www.m-q.ch\/de\/author\/roger-straessle\/\"}]}<\/script>\n<!-- \/ Yoast SEO plugin. -->","yoast_head_json":{"title":"Covid-19: Infektionsschutz durch L\u00fcftungs- und Luftreinigungstechnik - MQ Management und Qualit\u00e4t","description":"Die richtige L\u00fcftungs- und Luftreinigungstechnik kann einen erheblichen Beitrag zum Infektionsschutz leisten. Denn: Der Haupt\u00fcbertragungsweg von Covid-19 ist das Einatmen virushaltiger Aerosole ist, die eine infekti\u00f6se Person in die Luft abgegeben hat. Die Infektionsrisiken sind dabei stark von der Versorgung des Raumes mit \u00abvirusfreier\u00bb Luft und der Anzahl und Aktivit\u00e4t anwesender Menschen abh\u00e4ngig.","robots":{"index":"index","follow":"follow","max-snippet":"max-snippet:-1","max-image-preview":"max-image-preview:large","max-video-preview":"max-video-preview:-1"},"canonical":"https:\/\/www.m-q.ch\/de\/covid-19-infektionsschutz-durch-lueftungs-und-luftreinigungstechnik\/","og_locale":"de_DE","og_type":"article","og_title":"Covid-19: Infektionsschutz durch L\u00fcftungs- und Luftreinigungstechnik - MQ Management und Qualit\u00e4t","og_description":"Die richtige L\u00fcftungs- und Luftreinigungstechnik kann einen erheblichen Beitrag zum Infektionsschutz leisten. Denn: Der Haupt\u00fcbertragungsweg von Covid-19 ist das Einatmen virushaltiger Aerosole ist, die eine infekti\u00f6se Person in die Luft abgegeben hat. Die Infektionsrisiken sind dabei stark von der Versorgung des Raumes mit \u00abvirusfreier\u00bb Luft und der Anzahl und Aktivit\u00e4t anwesender Menschen abh\u00e4ngig.","og_url":"https:\/\/www.m-q.ch\/de\/covid-19-infektionsschutz-durch-lueftungs-und-luftreinigungstechnik\/","og_site_name":"MQ Management und Qualit\u00e4t","article_publisher":"https:\/\/www.facebook.com\/ManagementUndQualitaet","article_published_time":"2021-03-08T09:58:14+00:00","article_modified_time":"2021-03-11T09:50:00+00:00","og_image":[{"width":999,"height":667,"url":"https:\/\/www.m-q.ch\/wp-content\/uploads\/2021\/03\/Depositphotos_191194836_s-2019.jpg","type":"image\/jpeg"}],"author":"Roger Str\u00e4ssle","twitter_card":"summary_large_image","twitter_misc":{"Verfasst von":"Roger Str\u00e4ssle","Gesch\u00e4tzte Lesezeit":"3\u00a0Minuten"},"schema":{"@context":"https:\/\/schema.org","@graph":[{"@type":"Article","@id":"https:\/\/www.m-q.ch\/covid-19-infektionsschutz-durch-lueftungs-und-luftreinigungstechnik\/#article","isPartOf":{"@id":"https:\/\/www.m-q.ch\/covid-19-infektionsschutz-durch-lueftungs-und-luftreinigungstechnik\/"},"author":{"name":"Roger Str\u00e4ssle","@id":"https:\/\/www.m-q.ch\/fr\/#\/schema\/person\/47d540e081acd98ccbeb69b55df653d7"},"headline":"Covid-19: Infektionsschutz durch L\u00fcftungs- und Luftreinigungstechnik","datePublished":"2021-03-08T09:58:14+00:00","dateModified":"2021-03-11T09:50:00+00:00","mainEntityOfPage":{"@id":"https:\/\/www.m-q.ch\/covid-19-infektionsschutz-durch-lueftungs-und-luftreinigungstechnik\/"},"wordCount":533,"publisher":{"@id":"https:\/\/www.m-q.ch\/fr\/#organization"},"image":{"@id":"https:\/\/www.m-q.ch\/covid-19-infektionsschutz-durch-lueftungs-und-luftreinigungstechnik\/#primaryimage"},"thumbnailUrl":"https:\/\/www.m-q.ch\/wp-content\/uploads\/2021\/03\/Depositphotos_191194836_s-2019.jpg","keywords":["Infektionsschutz","L\u00fcftungs- und Luftreinigungstechnik","VDMA-Fachverband Allgemeine Lufttechnik","virushaltiger Aerosole"],"articleSection":["Risikomanagement"],"inLanguage":"de"},{"@type":"WebPage","@id":"https:\/\/www.m-q.ch\/covid-19-infektionsschutz-durch-lueftungs-und-luftreinigungstechnik\/","url":"https:\/\/www.m-q.ch\/covid-19-infektionsschutz-durch-lueftungs-und-luftreinigungstechnik\/","name":"Covid-19: Infektionsschutz durch L\u00fcftungs- und Luftreinigungstechnik - MQ Management und Qualit\u00e4t","isPartOf":{"@id":"https:\/\/www.m-q.ch\/fr\/#website"},"primaryImageOfPage":{"@id":"https:\/\/www.m-q.ch\/covid-19-infektionsschutz-durch-lueftungs-und-luftreinigungstechnik\/#primaryimage"},"image":{"@id":"https:\/\/www.m-q.ch\/covid-19-infektionsschutz-durch-lueftungs-und-luftreinigungstechnik\/#primaryimage"},"thumbnailUrl":"https:\/\/www.m-q.ch\/wp-content\/uploads\/2021\/03\/Depositphotos_191194836_s-2019.jpg","datePublished":"2021-03-08T09:58:14+00:00","dateModified":"2021-03-11T09:50:00+00:00","description":"Die richtige L\u00fcftungs- und Luftreinigungstechnik kann einen erheblichen Beitrag zum Infektionsschutz leisten. Denn: Der Haupt\u00fcbertragungsweg von Covid-19 ist das Einatmen virushaltiger Aerosole ist, die eine infekti\u00f6se Person in die Luft abgegeben hat. Die Infektionsrisiken sind dabei stark von der Versorgung des Raumes mit \u00abvirusfreier\u00bb Luft und der Anzahl und Aktivit\u00e4t anwesender Menschen abh\u00e4ngig.","breadcrumb":{"@id":"https:\/\/www.m-q.ch\/covid-19-infektionsschutz-durch-lueftungs-und-luftreinigungstechnik\/#breadcrumb"},"inLanguage":"de","potentialAction":[{"@type":"ReadAction","target":["https:\/\/www.m-q.ch\/covid-19-infektionsschutz-durch-lueftungs-und-luftreinigungstechnik\/"]}]},{"@type":"ImageObject","inLanguage":"de","@id":"https:\/\/www.m-q.ch\/covid-19-infektionsschutz-durch-lueftungs-und-luftreinigungstechnik\/#primaryimage","url":"https:\/\/www.m-q.ch\/wp-content\/uploads\/2021\/03\/Depositphotos_191194836_s-2019.jpg","contentUrl":"https:\/\/www.m-q.ch\/wp-content\/uploads\/2021\/03\/Depositphotos_191194836_s-2019.jpg","width":999,"height":667,"caption":"\u00a9 Depositphotos, gorgev"},{"@type":"BreadcrumbList","@id":"https:\/\/www.m-q.ch\/covid-19-infektionsschutz-durch-lueftungs-und-luftreinigungstechnik\/#breadcrumb","itemListElement":[{"@type":"ListItem","position":1,"name":"Risikomanagement","item":"https:\/\/www.m-q.ch\/kategorie\/risikomanagement\/"},{"@type":"ListItem","position":2,"name":"Covid-19: Infektionsschutz durch L\u00fcftungs- und Luftreinigungstechnik"}]},{"@type":"WebSite","@id":"https:\/\/www.m-q.ch\/fr\/#website","url":"https:\/\/www.m-q.ch\/fr\/","name":"MQ Management und Qualit\u00e4t","description":"Plattform f\u00fcr integrierte Managementsysteme.","publisher":{"@id":"https:\/\/www.m-q.ch\/fr\/#organization"},"potentialAction":[{"@type":"SearchAction","target":{"@type":"EntryPoint","urlTemplate":"https:\/\/www.m-q.ch\/fr\/?s={search_term_string}"},"query-input":{"@type":"PropertyValueSpecification","valueRequired":true,"valueName":"search_term_string"}}],"inLanguage":"de"},{"@type":"Organization","@id":"https:\/\/www.m-q.ch\/fr\/#organization","name":"Galledia Fachmedien AG","url":"https:\/\/www.m-q.ch\/fr\/","logo":{"@type":"ImageObject","inLanguage":"de","@id":"https:\/\/www.m-q.ch\/fr\/#\/schema\/logo\/image\/","url":"https:\/\/www.m-q.ch\/wp-content\/uploads\/2020\/12\/cropped-logo_small.png","contentUrl":"https:\/\/www.m-q.ch\/wp-content\/uploads\/2020\/12\/cropped-logo_small.png","width":512,"height":512,"caption":"Galledia Fachmedien AG"},"image":{"@id":"https:\/\/www.m-q.ch\/fr\/#\/schema\/logo\/image\/"},"sameAs":["https:\/\/www.facebook.com\/ManagementUndQualitaet","https:\/\/www.linkedin.com\/showcase\/17982321\/admin\/"]},{"@type":"Person","@id":"https:\/\/www.m-q.ch\/fr\/#\/schema\/person\/47d540e081acd98ccbeb69b55df653d7","name":"Roger Str\u00e4ssle","image":{"@type":"ImageObject","inLanguage":"de","@id":"https:\/\/www.m-q.ch\/fr\/#\/schema\/person\/image\/","url":"https:\/\/secure.gravatar.com\/avatar\/e4dde3046d8a184d2e2d27651a418883?s=96&d=mm&r=g","contentUrl":"https:\/\/secure.gravatar.com\/avatar\/e4dde3046d8a184d2e2d27651a418883?s=96&d=mm&r=g","caption":"Roger Str\u00e4ssle"},"url":"https:\/\/www.m-q.ch\/de\/author\/roger-straessle\/"}]}},"_links":{"self":[{"href":"https:\/\/www.m-q.ch\/de\/wp-json\/wp\/v2\/posts\/13108","targetHints":{"allow":["GET"]}}],"collection":[{"href":"https:\/\/www.m-q.ch\/de\/wp-json\/wp\/v2\/posts"}],"about":[{"href":"https:\/\/www.m-q.ch\/de\/wp-json\/wp\/v2\/types\/post"}],"author":[{"embeddable":true,"href":"https:\/\/www.m-q.ch\/de\/wp-json\/wp\/v2\/users\/35"}],"replies":[{"embeddable":true,"href":"https:\/\/www.m-q.ch\/de\/wp-json\/wp\/v2\/comments?post=13108"}],"version-history":[{"count":8,"href":"https:\/\/www.m-q.ch\/de\/wp-json\/wp\/v2\/posts\/13108\/revisions"}],"predecessor-version":[{"id":13126,"href":"https:\/\/www.m-q.ch\/de\/wp-json\/wp\/v2\/posts\/13108\/revisions\/13126"}],"wp:featuredmedia":[{"embeddable":true,"href":"https:\/\/www.m-q.ch\/de\/wp-json\/wp\/v2\/media\/13125"}],"wp:attachment":[{"href":"https:\/\/www.m-q.ch\/de\/wp-json\/wp\/v2\/media?parent=13108"}],"wp:term":[{"taxonomy":"category","embeddable":true,"href":"https:\/\/www.m-q.ch\/de\/wp-json\/wp\/v2\/categories?post=13108"},{"taxonomy":"post_tag","embeddable":true,"href":"https:\/\/www.m-q.ch\/de\/wp-json\/wp\/v2\/tags?post=13108"}],"curies":[{"name":"wp","href":"https:\/\/api.w.org\/{rel}","templated":true}]}}