{"id":13887,"date":"2021-03-24T09:00:50","date_gmt":"2021-03-24T08:00:50","guid":{"rendered":"https:\/\/www.m-q.ch\/?p=13887"},"modified":"2021-03-29T08:59:40","modified_gmt":"2021-03-29T06:59:40","slug":"philipp-keller-wird-neuer-chief-risk-officer-von-generali-schweiz","status":"publish","type":"post","link":"https:\/\/www.m-q.ch\/de\/philipp-keller-wird-neuer-chief-risk-officer-von-generali-schweiz\/","title":{"rendered":"Philipp Keller wird neuer Chief Risk Officer von Generali Schweiz"},"content":{"rendered":"<figure id=\"attachment_13888\" aria-describedby=\"caption-attachment-13888\" style=\"width: 2560px\" class=\"wp-caption alignnone\"><img loading=\"lazy\" decoding=\"async\" class=\"size-full wp-image-13888\" src=\"https:\/\/www.m-q.ch\/wp-content\/uploads\/2021\/03\/philipp-keller_def-scaled.jpg\" alt=\"\" width=\"2560\" height=\"1944\" srcset=\"https:\/\/www.m-q.ch\/wp-content\/uploads\/2021\/03\/philipp-keller_def-scaled.jpg 2560w, https:\/\/www.m-q.ch\/wp-content\/uploads\/2021\/03\/philipp-keller_def-768x583.jpg 768w, https:\/\/www.m-q.ch\/wp-content\/uploads\/2021\/03\/philipp-keller_def-1536x1167.jpg 1536w, https:\/\/www.m-q.ch\/wp-content\/uploads\/2021\/03\/philipp-keller_def-2048x1555.jpg 2048w, https:\/\/www.m-q.ch\/wp-content\/uploads\/2021\/03\/philipp-keller_def-16x12.jpg 16w, https:\/\/www.m-q.ch\/wp-content\/uploads\/2021\/03\/philipp-keller_def-230x175.jpg 230w, https:\/\/www.m-q.ch\/wp-content\/uploads\/2021\/03\/philipp-keller_def-461x350.jpg 461w, https:\/\/www.m-q.ch\/wp-content\/uploads\/2021\/03\/philipp-keller_def-1053x800.jpg 1053w, https:\/\/www.m-q.ch\/wp-content\/uploads\/2021\/03\/philipp-keller_def-920x699.jpg 920w, https:\/\/www.m-q.ch\/wp-content\/uploads\/2021\/03\/philipp-keller_def-1400x1063.jpg 1400w, https:\/\/www.m-q.ch\/wp-content\/uploads\/2021\/03\/philipp-keller_def-1843x1400.jpg 1843w, https:\/\/www.m-q.ch\/wp-content\/uploads\/2021\/03\/philipp-keller_def-300x228.jpg 300w\" sizes=\"auto, (max-width: 2560px) 100vw, 2560px\" \/><figcaption id=\"caption-attachment-13888\" class=\"wp-caption-text\">Philipp Keller, neuer Chief Risk Officer von Generali Schweiz. \u00a9 zVg<\/figcaption><\/figure>\n<p>Beim Bundesamt f\u00fcr Privatversicherungen (BPV, heute FINMA) entwickelte und implementierte Philipp Keller den Swiss Solvency Test (SST) mit. Von 2009 bis 2018 war er beim Pr\u00fcfungs- und Beratungsunternehmen Deloitte in Z\u00fcrich verantwortlich f\u00fcr das Financial Risk Management. Er leitete dort ein Team von quantitativen Analysten sowie Experten im qualitativen Risk Management und beriet Unternehmen im Finanzsektor. Anschliessend verantwortete er als Chief Operating Officer beim Verm\u00f6gensverwalter Quantica Capital das operative Gesch\u00e4ft sowie das Risk Management. Vor seinem Wechsel zu Generali Schweiz war er als Senior Advisor in den Bereichen Risk Management und Regulations f\u00fcr die Strategieberatung Boston Consulting Group t\u00e4tig.<\/p>\n<p><strong>Fundierte Erfahrung im Risk Management<\/strong><\/p>\n<p>Der 56 Jahre alte Keller, der in Ermatingen TG lebt, hat an der ETH Z\u00fcrich Mathematik studiert mit Spezialisierung auf mathematische Statistik und dynamische Systeme. 1996 promovierte er an der ETH Z\u00fcrich im Bereich \u00abDynamical Systems and Numerical Analysis\u00bb. Er ist Vorstandsmitglied der Schweizerischen Aktuarvereinigung (SAV). Als wissenschaftlicher Beirat unterst\u00fctzt er zudem das \u00abCenter for Finance and Insurance\u00bb der Universit\u00e4t Z\u00fcrich.<\/p>\n<p>\u00abUm langfristigen Unternehmenswert zu schaffen, stelle ich als Chief Risk Officer sicher, dass die Risiken so gesteuert werden, dass die Erwartungen der Versicherten, der Aktion\u00e4re und aller anderen Stakeholder von Generali Schweiz erf\u00fcllt werden\u00bb, sagt Keller zu seinem Stellenantritt bei Generali Schweiz.<\/p>\n<p>Andreas Kr\u00fcmmel, CEO von Generali Schweiz: \u00abPhilipp Keller war im Finanzsektor sowohl auf Unternehmens- und Aufsichtsseite als auch in der Beratung t\u00e4tig. Er bringt fundierte Erfahrung im Risk Management sowie in regulatorischen Themen in unser Unternehmen ein.\u00bb<\/p>\n","protected":false},"excerpt":{"rendered":"<p>Beim Bundesamt f\u00fcr Privatversicherungen (BPV, heute FINMA) entwickelte und implementierte Philipp Keller den Swiss Solvency Test (SST) mit. Von 2009 bis 2018 war er beim Pr\u00fcfungs- und Beratungsunternehmen Deloitte in Z\u00fcrich verantwortlich f\u00fcr das Financial Risk Management. Er leitete dort ein Team von quantitativen Analysten sowie Experten im qualitativen Risk Management und beriet Unternehmen im [&hellip;]<\/p>\n","protected":false},"author":35,"featured_media":13888,"comment_status":"closed","ping_status":"closed","sticky":false,"template":"","format":"standard","meta":{"_acf_changed":false,"footnotes":""},"categories":[4],"tags":[4871,4872,4870],"class_list":["post-13887","post","type-post","status-publish","format-standard","has-post-thumbnail","hentry","category-risikomanagement","tag-chief-risk-officer","tag-generali-schweiz","tag-philipp-keller"],"acf":[],"yoast_head":"<!-- This site is optimized with the Yoast SEO plugin v26.2 - https:\/\/yoast.com\/wordpress\/plugins\/seo\/ -->\n<title>Philipp Keller wird neuer Chief Risk Officer von Generali Schweiz - MQ Management und Qualit\u00e4t<\/title>\n<meta name=\"description\" content=\"Philipp Keller \u00fcbernimmt als neuer Chief Risk Officer von Generali Schweiz per 1. Mai 2021 die Abteilung Risk Management und wird Mitglied der Gesch\u00e4ftsleitung.\" \/>\n<meta name=\"robots\" content=\"index, follow, max-snippet:-1, max-image-preview:large, max-video-preview:-1\" \/>\n<link rel=\"canonical\" href=\"https:\/\/www.m-q.ch\/de\/philipp-keller-wird-neuer-chief-risk-officer-von-generali-schweiz\/\" \/>\n<meta property=\"og:locale\" content=\"de_DE\" \/>\n<meta property=\"og:type\" content=\"article\" \/>\n<meta property=\"og:title\" content=\"Philipp Keller wird neuer Chief Risk Officer von Generali Schweiz - MQ Management und Qualit\u00e4t\" \/>\n<meta property=\"og:description\" content=\"Philipp Keller \u00fcbernimmt als neuer Chief Risk Officer von Generali Schweiz per 1. Mai 2021 die Abteilung Risk Management und wird Mitglied der Gesch\u00e4ftsleitung.\" \/>\n<meta property=\"og:url\" content=\"https:\/\/www.m-q.ch\/de\/philipp-keller-wird-neuer-chief-risk-officer-von-generali-schweiz\/\" \/>\n<meta property=\"og:site_name\" content=\"MQ Management und Qualit\u00e4t\" \/>\n<meta property=\"article:publisher\" content=\"https:\/\/www.facebook.com\/ManagementUndQualitaet\" \/>\n<meta property=\"article:published_time\" content=\"2021-03-24T08:00:50+00:00\" \/>\n<meta property=\"article:modified_time\" content=\"2021-03-29T06:59:40+00:00\" \/>\n<meta property=\"og:image\" content=\"https:\/\/www.m-q.ch\/wp-content\/uploads\/2021\/03\/philipp-keller_def-scaled.jpg\" \/>\n\t<meta property=\"og:image:width\" content=\"2560\" \/>\n\t<meta property=\"og:image:height\" content=\"1944\" \/>\n\t<meta property=\"og:image:type\" content=\"image\/jpeg\" \/>\n<meta name=\"author\" content=\"Roger Str\u00e4ssle\" \/>\n<meta name=\"twitter:card\" content=\"summary_large_image\" \/>\n<meta name=\"twitter:label1\" content=\"Verfasst von\" \/>\n\t<meta name=\"twitter:data1\" content=\"Roger Str\u00e4ssle\" \/>\n\t<meta name=\"twitter:label2\" content=\"Gesch\u00e4tzte Lesezeit\" \/>\n\t<meta name=\"twitter:data2\" content=\"1\u00a0Minute\" \/>\n<script type=\"application\/ld+json\" class=\"yoast-schema-graph\">{\"@context\":\"https:\/\/schema.org\",\"@graph\":[{\"@type\":\"Article\",\"@id\":\"https:\/\/www.m-q.ch\/philipp-keller-wird-neuer-chief-risk-officer-von-generali-schweiz\/#article\",\"isPartOf\":{\"@id\":\"https:\/\/www.m-q.ch\/philipp-keller-wird-neuer-chief-risk-officer-von-generali-schweiz\/\"},\"author\":{\"name\":\"Roger Str\u00e4ssle\",\"@id\":\"https:\/\/www.m-q.ch\/fr\/#\/schema\/person\/47d540e081acd98ccbeb69b55df653d7\"},\"headline\":\"Philipp Keller wird neuer Chief Risk Officer von Generali Schweiz\",\"datePublished\":\"2021-03-24T08:00:50+00:00\",\"dateModified\":\"2021-03-29T06:59:40+00:00\",\"mainEntityOfPage\":{\"@id\":\"https:\/\/www.m-q.ch\/philipp-keller-wird-neuer-chief-risk-officer-von-generali-schweiz\/\"},\"wordCount\":284,\"publisher\":{\"@id\":\"https:\/\/www.m-q.ch\/fr\/#organization\"},\"image\":{\"@id\":\"https:\/\/www.m-q.ch\/philipp-keller-wird-neuer-chief-risk-officer-von-generali-schweiz\/#primaryimage\"},\"thumbnailUrl\":\"https:\/\/www.m-q.ch\/wp-content\/uploads\/2021\/03\/philipp-keller_def-scaled.jpg\",\"keywords\":[\"Chief Risk Officer\",\"Generali Schweiz\",\"Philipp Keller\"],\"articleSection\":[\"Risikomanagement\"],\"inLanguage\":\"de\"},{\"@type\":\"WebPage\",\"@id\":\"https:\/\/www.m-q.ch\/philipp-keller-wird-neuer-chief-risk-officer-von-generali-schweiz\/\",\"url\":\"https:\/\/www.m-q.ch\/philipp-keller-wird-neuer-chief-risk-officer-von-generali-schweiz\/\",\"name\":\"Philipp Keller wird neuer Chief Risk Officer von Generali Schweiz - MQ Management und Qualit\u00e4t\",\"isPartOf\":{\"@id\":\"https:\/\/www.m-q.ch\/fr\/#website\"},\"primaryImageOfPage\":{\"@id\":\"https:\/\/www.m-q.ch\/philipp-keller-wird-neuer-chief-risk-officer-von-generali-schweiz\/#primaryimage\"},\"image\":{\"@id\":\"https:\/\/www.m-q.ch\/philipp-keller-wird-neuer-chief-risk-officer-von-generali-schweiz\/#primaryimage\"},\"thumbnailUrl\":\"https:\/\/www.m-q.ch\/wp-content\/uploads\/2021\/03\/philipp-keller_def-scaled.jpg\",\"datePublished\":\"2021-03-24T08:00:50+00:00\",\"dateModified\":\"2021-03-29T06:59:40+00:00\",\"description\":\"Philipp Keller \u00fcbernimmt als neuer Chief Risk Officer von Generali Schweiz per 1. Mai 2021 die Abteilung Risk Management und wird Mitglied der Gesch\u00e4ftsleitung.\",\"breadcrumb\":{\"@id\":\"https:\/\/www.m-q.ch\/philipp-keller-wird-neuer-chief-risk-officer-von-generali-schweiz\/#breadcrumb\"},\"inLanguage\":\"de\",\"potentialAction\":[{\"@type\":\"ReadAction\",\"target\":[\"https:\/\/www.m-q.ch\/philipp-keller-wird-neuer-chief-risk-officer-von-generali-schweiz\/\"]}]},{\"@type\":\"ImageObject\",\"inLanguage\":\"de\",\"@id\":\"https:\/\/www.m-q.ch\/philipp-keller-wird-neuer-chief-risk-officer-von-generali-schweiz\/#primaryimage\",\"url\":\"https:\/\/www.m-q.ch\/wp-content\/uploads\/2021\/03\/philipp-keller_def-scaled.jpg\",\"contentUrl\":\"https:\/\/www.m-q.ch\/wp-content\/uploads\/2021\/03\/philipp-keller_def-scaled.jpg\",\"width\":2560,\"height\":1944,\"caption\":\"Philipp Keller, neuer Chief Risk Officer von Generali Schweiz. \u00a9 PD\"},{\"@type\":\"BreadcrumbList\",\"@id\":\"https:\/\/www.m-q.ch\/philipp-keller-wird-neuer-chief-risk-officer-von-generali-schweiz\/#breadcrumb\",\"itemListElement\":[{\"@type\":\"ListItem\",\"position\":1,\"name\":\"Risikomanagement\",\"item\":\"https:\/\/www.m-q.ch\/kategorie\/risikomanagement\/\"},{\"@type\":\"ListItem\",\"position\":2,\"name\":\"Philipp Keller wird neuer Chief Risk Officer von Generali Schweiz\"}]},{\"@type\":\"WebSite\",\"@id\":\"https:\/\/www.m-q.ch\/fr\/#website\",\"url\":\"https:\/\/www.m-q.ch\/fr\/\",\"name\":\"MQ Management und Qualit\u00e4t\",\"description\":\"Plattform f\u00fcr integrierte Managementsysteme.\",\"publisher\":{\"@id\":\"https:\/\/www.m-q.ch\/fr\/#organization\"},\"potentialAction\":[{\"@type\":\"SearchAction\",\"target\":{\"@type\":\"EntryPoint\",\"urlTemplate\":\"https:\/\/www.m-q.ch\/fr\/?s={search_term_string}\"},\"query-input\":{\"@type\":\"PropertyValueSpecification\",\"valueRequired\":true,\"valueName\":\"search_term_string\"}}],\"inLanguage\":\"de\"},{\"@type\":\"Organization\",\"@id\":\"https:\/\/www.m-q.ch\/fr\/#organization\",\"name\":\"Galledia Fachmedien AG\",\"url\":\"https:\/\/www.m-q.ch\/fr\/\",\"logo\":{\"@type\":\"ImageObject\",\"inLanguage\":\"de\",\"@id\":\"https:\/\/www.m-q.ch\/fr\/#\/schema\/logo\/image\/\",\"url\":\"https:\/\/www.m-q.ch\/wp-content\/uploads\/2020\/12\/cropped-logo_small.png\",\"contentUrl\":\"https:\/\/www.m-q.ch\/wp-content\/uploads\/2020\/12\/cropped-logo_small.png\",\"width\":512,\"height\":512,\"caption\":\"Galledia Fachmedien AG\"},\"image\":{\"@id\":\"https:\/\/www.m-q.ch\/fr\/#\/schema\/logo\/image\/\"},\"sameAs\":[\"https:\/\/www.facebook.com\/ManagementUndQualitaet\",\"https:\/\/www.linkedin.com\/showcase\/17982321\/admin\/\"]},{\"@type\":\"Person\",\"@id\":\"https:\/\/www.m-q.ch\/fr\/#\/schema\/person\/47d540e081acd98ccbeb69b55df653d7\",\"name\":\"Roger Str\u00e4ssle\",\"image\":{\"@type\":\"ImageObject\",\"inLanguage\":\"de\",\"@id\":\"https:\/\/www.m-q.ch\/fr\/#\/schema\/person\/image\/\",\"url\":\"https:\/\/secure.gravatar.com\/avatar\/e4dde3046d8a184d2e2d27651a418883?s=96&d=mm&r=g\",\"contentUrl\":\"https:\/\/secure.gravatar.com\/avatar\/e4dde3046d8a184d2e2d27651a418883?s=96&d=mm&r=g\",\"caption\":\"Roger Str\u00e4ssle\"},\"url\":\"https:\/\/www.m-q.ch\/de\/author\/roger-straessle\/\"}]}<\/script>\n<!-- \/ Yoast SEO plugin. -->","yoast_head_json":{"title":"Philipp Keller wird neuer Chief Risk Officer von Generali Schweiz - MQ Management und Qualit\u00e4t","description":"Philipp Keller \u00fcbernimmt als neuer Chief Risk Officer von Generali Schweiz per 1. Mai 2021 die Abteilung Risk Management und wird Mitglied der Gesch\u00e4ftsleitung.","robots":{"index":"index","follow":"follow","max-snippet":"max-snippet:-1","max-image-preview":"max-image-preview:large","max-video-preview":"max-video-preview:-1"},"canonical":"https:\/\/www.m-q.ch\/de\/philipp-keller-wird-neuer-chief-risk-officer-von-generali-schweiz\/","og_locale":"de_DE","og_type":"article","og_title":"Philipp Keller wird neuer Chief Risk Officer von Generali Schweiz - MQ Management und Qualit\u00e4t","og_description":"Philipp Keller \u00fcbernimmt als neuer Chief Risk Officer von Generali Schweiz per 1. Mai 2021 die Abteilung Risk Management und wird Mitglied der Gesch\u00e4ftsleitung.","og_url":"https:\/\/www.m-q.ch\/de\/philipp-keller-wird-neuer-chief-risk-officer-von-generali-schweiz\/","og_site_name":"MQ Management und Qualit\u00e4t","article_publisher":"https:\/\/www.facebook.com\/ManagementUndQualitaet","article_published_time":"2021-03-24T08:00:50+00:00","article_modified_time":"2021-03-29T06:59:40+00:00","og_image":[{"width":2560,"height":1944,"url":"https:\/\/www.m-q.ch\/wp-content\/uploads\/2021\/03\/philipp-keller_def-scaled.jpg","type":"image\/jpeg"}],"author":"Roger Str\u00e4ssle","twitter_card":"summary_large_image","twitter_misc":{"Verfasst von":"Roger Str\u00e4ssle","Gesch\u00e4tzte Lesezeit":"1\u00a0Minute"},"schema":{"@context":"https:\/\/schema.org","@graph":[{"@type":"Article","@id":"https:\/\/www.m-q.ch\/philipp-keller-wird-neuer-chief-risk-officer-von-generali-schweiz\/#article","isPartOf":{"@id":"https:\/\/www.m-q.ch\/philipp-keller-wird-neuer-chief-risk-officer-von-generali-schweiz\/"},"author":{"name":"Roger Str\u00e4ssle","@id":"https:\/\/www.m-q.ch\/fr\/#\/schema\/person\/47d540e081acd98ccbeb69b55df653d7"},"headline":"Philipp Keller wird neuer Chief Risk Officer von Generali Schweiz","datePublished":"2021-03-24T08:00:50+00:00","dateModified":"2021-03-29T06:59:40+00:00","mainEntityOfPage":{"@id":"https:\/\/www.m-q.ch\/philipp-keller-wird-neuer-chief-risk-officer-von-generali-schweiz\/"},"wordCount":284,"publisher":{"@id":"https:\/\/www.m-q.ch\/fr\/#organization"},"image":{"@id":"https:\/\/www.m-q.ch\/philipp-keller-wird-neuer-chief-risk-officer-von-generali-schweiz\/#primaryimage"},"thumbnailUrl":"https:\/\/www.m-q.ch\/wp-content\/uploads\/2021\/03\/philipp-keller_def-scaled.jpg","keywords":["Chief Risk Officer","Generali Schweiz","Philipp Keller"],"articleSection":["Risikomanagement"],"inLanguage":"de"},{"@type":"WebPage","@id":"https:\/\/www.m-q.ch\/philipp-keller-wird-neuer-chief-risk-officer-von-generali-schweiz\/","url":"https:\/\/www.m-q.ch\/philipp-keller-wird-neuer-chief-risk-officer-von-generali-schweiz\/","name":"Philipp Keller wird neuer Chief Risk Officer von Generali Schweiz - MQ Management und Qualit\u00e4t","isPartOf":{"@id":"https:\/\/www.m-q.ch\/fr\/#website"},"primaryImageOfPage":{"@id":"https:\/\/www.m-q.ch\/philipp-keller-wird-neuer-chief-risk-officer-von-generali-schweiz\/#primaryimage"},"image":{"@id":"https:\/\/www.m-q.ch\/philipp-keller-wird-neuer-chief-risk-officer-von-generali-schweiz\/#primaryimage"},"thumbnailUrl":"https:\/\/www.m-q.ch\/wp-content\/uploads\/2021\/03\/philipp-keller_def-scaled.jpg","datePublished":"2021-03-24T08:00:50+00:00","dateModified":"2021-03-29T06:59:40+00:00","description":"Philipp Keller \u00fcbernimmt als neuer Chief Risk Officer von Generali Schweiz per 1. Mai 2021 die Abteilung Risk Management und wird Mitglied der Gesch\u00e4ftsleitung.","breadcrumb":{"@id":"https:\/\/www.m-q.ch\/philipp-keller-wird-neuer-chief-risk-officer-von-generali-schweiz\/#breadcrumb"},"inLanguage":"de","potentialAction":[{"@type":"ReadAction","target":["https:\/\/www.m-q.ch\/philipp-keller-wird-neuer-chief-risk-officer-von-generali-schweiz\/"]}]},{"@type":"ImageObject","inLanguage":"de","@id":"https:\/\/www.m-q.ch\/philipp-keller-wird-neuer-chief-risk-officer-von-generali-schweiz\/#primaryimage","url":"https:\/\/www.m-q.ch\/wp-content\/uploads\/2021\/03\/philipp-keller_def-scaled.jpg","contentUrl":"https:\/\/www.m-q.ch\/wp-content\/uploads\/2021\/03\/philipp-keller_def-scaled.jpg","width":2560,"height":1944,"caption":"Philipp Keller, neuer Chief Risk Officer von Generali Schweiz. \u00a9 PD"},{"@type":"BreadcrumbList","@id":"https:\/\/www.m-q.ch\/philipp-keller-wird-neuer-chief-risk-officer-von-generali-schweiz\/#breadcrumb","itemListElement":[{"@type":"ListItem","position":1,"name":"Risikomanagement","item":"https:\/\/www.m-q.ch\/kategorie\/risikomanagement\/"},{"@type":"ListItem","position":2,"name":"Philipp Keller wird neuer Chief Risk Officer von Generali Schweiz"}]},{"@type":"WebSite","@id":"https:\/\/www.m-q.ch\/fr\/#website","url":"https:\/\/www.m-q.ch\/fr\/","name":"MQ Management und Qualit\u00e4t","description":"Plattform f\u00fcr integrierte Managementsysteme.","publisher":{"@id":"https:\/\/www.m-q.ch\/fr\/#organization"},"potentialAction":[{"@type":"SearchAction","target":{"@type":"EntryPoint","urlTemplate":"https:\/\/www.m-q.ch\/fr\/?s={search_term_string}"},"query-input":{"@type":"PropertyValueSpecification","valueRequired":true,"valueName":"search_term_string"}}],"inLanguage":"de"},{"@type":"Organization","@id":"https:\/\/www.m-q.ch\/fr\/#organization","name":"Galledia Fachmedien AG","url":"https:\/\/www.m-q.ch\/fr\/","logo":{"@type":"ImageObject","inLanguage":"de","@id":"https:\/\/www.m-q.ch\/fr\/#\/schema\/logo\/image\/","url":"https:\/\/www.m-q.ch\/wp-content\/uploads\/2020\/12\/cropped-logo_small.png","contentUrl":"https:\/\/www.m-q.ch\/wp-content\/uploads\/2020\/12\/cropped-logo_small.png","width":512,"height":512,"caption":"Galledia Fachmedien AG"},"image":{"@id":"https:\/\/www.m-q.ch\/fr\/#\/schema\/logo\/image\/"},"sameAs":["https:\/\/www.facebook.com\/ManagementUndQualitaet","https:\/\/www.linkedin.com\/showcase\/17982321\/admin\/"]},{"@type":"Person","@id":"https:\/\/www.m-q.ch\/fr\/#\/schema\/person\/47d540e081acd98ccbeb69b55df653d7","name":"Roger Str\u00e4ssle","image":{"@type":"ImageObject","inLanguage":"de","@id":"https:\/\/www.m-q.ch\/fr\/#\/schema\/person\/image\/","url":"https:\/\/secure.gravatar.com\/avatar\/e4dde3046d8a184d2e2d27651a418883?s=96&d=mm&r=g","contentUrl":"https:\/\/secure.gravatar.com\/avatar\/e4dde3046d8a184d2e2d27651a418883?s=96&d=mm&r=g","caption":"Roger Str\u00e4ssle"},"url":"https:\/\/www.m-q.ch\/de\/author\/roger-straessle\/"}]}},"_links":{"self":[{"href":"https:\/\/www.m-q.ch\/de\/wp-json\/wp\/v2\/posts\/13887","targetHints":{"allow":["GET"]}}],"collection":[{"href":"https:\/\/www.m-q.ch\/de\/wp-json\/wp\/v2\/posts"}],"about":[{"href":"https:\/\/www.m-q.ch\/de\/wp-json\/wp\/v2\/types\/post"}],"author":[{"embeddable":true,"href":"https:\/\/www.m-q.ch\/de\/wp-json\/wp\/v2\/users\/35"}],"replies":[{"embeddable":true,"href":"https:\/\/www.m-q.ch\/de\/wp-json\/wp\/v2\/comments?post=13887"}],"version-history":[{"count":1,"href":"https:\/\/www.m-q.ch\/de\/wp-json\/wp\/v2\/posts\/13887\/revisions"}],"predecessor-version":[{"id":13889,"href":"https:\/\/www.m-q.ch\/de\/wp-json\/wp\/v2\/posts\/13887\/revisions\/13889"}],"wp:featuredmedia":[{"embeddable":true,"href":"https:\/\/www.m-q.ch\/de\/wp-json\/wp\/v2\/media\/13888"}],"wp:attachment":[{"href":"https:\/\/www.m-q.ch\/de\/wp-json\/wp\/v2\/media?parent=13887"}],"wp:term":[{"taxonomy":"category","embeddable":true,"href":"https:\/\/www.m-q.ch\/de\/wp-json\/wp\/v2\/categories?post=13887"},{"taxonomy":"post_tag","embeddable":true,"href":"https:\/\/www.m-q.ch\/de\/wp-json\/wp\/v2\/tags?post=13887"}],"curies":[{"name":"wp","href":"https:\/\/api.w.org\/{rel}","templated":true}]}}