{"id":14029,"date":"2021-03-30T10:12:04","date_gmt":"2021-03-30T08:12:04","guid":{"rendered":"https:\/\/www.m-q.ch\/?p=14029"},"modified":"2021-04-01T11:51:00","modified_gmt":"2021-04-01T09:51:00","slug":"staatsraetin-cesla-amarelle-wird-neue-praesidentin-der-hes-so","status":"publish","type":"post","link":"https:\/\/www.m-q.ch\/de\/staatsraetin-cesla-amarelle-wird-neue-praesidentin-der-hes-so\/","title":{"rendered":"Staatsr\u00e4tin Cesla Amarelle wird neue Pr\u00e4sidentin der HES-SO"},"content":{"rendered":"<figure id=\"attachment_14030\" aria-describedby=\"caption-attachment-14030\" style=\"width: 875px\" class=\"wp-caption aligncenter\"><img loading=\"lazy\" decoding=\"async\" class=\"size-full wp-image-14030\" src=\"https:\/\/www.m-q.ch\/wp-content\/uploads\/2021\/03\/Cesla-Amarella.jpg\" alt=\"HES-SO\" width=\"875\" height=\"597\" srcset=\"https:\/\/www.m-q.ch\/wp-content\/uploads\/2021\/03\/Cesla-Amarella.jpg 875w, https:\/\/www.m-q.ch\/wp-content\/uploads\/2021\/03\/Cesla-Amarella-768x524.jpg 768w, https:\/\/www.m-q.ch\/wp-content\/uploads\/2021\/03\/Cesla-Amarella-16x12.jpg 16w, https:\/\/www.m-q.ch\/wp-content\/uploads\/2021\/03\/Cesla-Amarella-256x175.jpg 256w, https:\/\/www.m-q.ch\/wp-content\/uploads\/2021\/03\/Cesla-Amarella-513x350.jpg 513w, https:\/\/www.m-q.ch\/wp-content\/uploads\/2021\/03\/Cesla-Amarella-300x205.jpg 300w\" sizes=\"auto, (max-width: 875px) 100vw, 875px\" \/><figcaption id=\"caption-attachment-14030\" class=\"wp-caption-text\">Cesla Amarelle (Bild: <a href=\"http:\/\/www.cesla-amarelle.ch\">www.cesla-amarelle.ch<\/a>)<\/figcaption><\/figure>\n<p>&nbsp;<\/p>\n<p>Cesla Amarelle, Staatsr\u00e4tin und Vorsteherin des Bildungs-, Jugend- und Kulturdepartements des Kantons Waadt, wird neue Pr\u00e4sidentin der <a href=\"http:\/\/WWW.HES-SO.CH\">HES-SO<\/a> f\u00fcr die Periode vom 1. Juli 2021 bis 30. Juni 2023. Das Vizepr\u00e4sidium wird von der Region Arc (Kantone Neuenburg, Jura und Bern) wahrgenommen. Amarelle muss noch bestimmen, wer die Neuenburger Staatsr\u00e4tin Monika Maire-Hefti als Vizepr\u00e4sidentin abl\u00f6sen und die Region in Zukunft vertreten wird.<\/p>\n<p><strong>Mandat der Rektorin Luciana Vaccaro erneuert <\/strong><\/p>\n<p>Der Regierungsausschuss hat zudem das Mandat der Rektorin Luciana Vaccaro um vier Jahre bis am 30. September 2025 verl\u00e4ngert. Vaccaro, die seit 2013 als Rektorin amtet und deren Mandat 2017 erstmals erneuert wurde, hat die Entwicklung der HES-SO in den vergangenen acht Jahren vorangetrieben und die Fachhochschule Westschweiz als unverzichtbare Akteurin in der Schweizer Hochschullandschaft positioniert, wie es in der Medienmitteilung der Fachhochschule heisst. Der Regierungsausschuss sch\u00e4tze ihre hervorragende Arbeit und freue sich darauf, den Ausbau der Ausbildungsangebote und der Forschungsaktivit\u00e4ten der Hochschule zum Wohle der Gesellschaft und der Wirtschaft der franz\u00f6sischen Schweiz gemeinsam mit ihr weiterzuverfolgen.<\/p>\n<p><strong>Ein stabiles und dauerhaftes Finanzmodell <\/strong><\/p>\n<p>Ferner hat der Regierungsausschuss den Finanzentwicklungsplan verabschiedet, der die finanzielle Stabilit\u00e4t der HES-SO und ihrer Tr\u00e4gerkantone f\u00fcr den Zeitraum 2022\u20132024 sicherstellen wird. Dieses neue Finanzmodell nimmt R\u00fccksicht auf die Entwicklung der Studierendenzahlen in den verschiedenen Studieng\u00e4ngen und sorgt zugleich f\u00fcr ein Gleichgewicht zwischen Kantonen und Fachbereichen. Die HES-SO wird in diesem Zeitraum ein moderates finanzielles Wachstum verzeichnen.<\/p>\n<p><strong>Digitalisierung und Nachhaltigkeit als oberste Priorit\u00e4ten <\/strong><\/p>\n<p>Gem\u00e4ss Angaben wird die HES-SO im Laufe des Jahres 2021 mehrere strategische Pilotprojekte durchf\u00fchren, mit dem Ziel, die Herausforderungen der Digitalisierung und Nachhaltigkeit besser in die Lehre einzubeziehen. Mit diesen Ans\u00e4tzen sollen verschiedene Instrumente vorgeschlagen werden, um das Bewusstsein der Studierenden und des Lehrk\u00f6rpers f\u00fcr diese Themen und bew\u00e4hrte Praktiken zu f\u00f6rdern, wie es heisst. Der Regierungsausschuss habe die Finanzierung dieser Projekte Ende 2020 f\u00fcr eine Pilotphase genehmigt, die bis Ende 2021 dauert. An seiner Sitzung im kommenden November werde er \u00fcber eine Weiterf\u00fchrung entscheiden.<\/p>\n<p><strong>Die Fachhochschule der Westschweizer Kantone <\/strong><\/p>\n<p>Der Regierungsausschuss setzt sich aus den f\u00fcr den Bildungsbereich verantwortlichen Staatsr\u00e4tinnen und Staatsr\u00e4ten der Westschweizer Partnerkantone der HES-SO zusammen: Aktuell sind dies Cesla Amarelle (Waadt), Olivier Curty (Freiburg), Christophe Darbellay (Wallis), Anne Emery-Torracinta (Genf) und Monika Maire-Hefti (Neuenburg, Vertreterin der Region Arc, deren Mandat am Ende dieser Legislaturperiode ausl\u00e4uft). Die Mitglieder des Regierungsausschusses \u00fcben die Oberaufsicht \u00fcber die HES-SO aus und gew\u00e4hrleisten ihre strategische Steuerung.<\/p>\n<p><em>Quelle: HES-SO<\/em><\/p>\n","protected":false},"excerpt":{"rendered":"<p>&nbsp; Cesla Amarelle, Staatsr\u00e4tin und Vorsteherin des Bildungs-, Jugend- und Kulturdepartements des Kantons Waadt, wird neue Pr\u00e4sidentin der HES-SO f\u00fcr die Periode vom 1. Juli 2021 bis 30. Juni 2023. Das Vizepr\u00e4sidium wird von der Region Arc (Kantone Neuenburg, Jura und Bern) wahrgenommen. Amarelle muss noch bestimmen, wer die Neuenburger Staatsr\u00e4tin Monika Maire-Hefti als Vizepr\u00e4sidentin [&hellip;]<\/p>\n","protected":false},"author":35,"featured_media":14030,"comment_status":"closed","ping_status":"closed","sticky":false,"template":"","format":"standard","meta":{"_acf_changed":false,"footnotes":""},"categories":[4448],"tags":[4881,4880,4882],"class_list":["post-14029","post","type-post","status-publish","format-standard","has-post-thumbnail","hentry","category-allgemein","tag-cesla-amarelle","tag-hes-so","tag-luciana-vaccaro"],"acf":[],"yoast_head":"<!-- This site is optimized with the Yoast SEO plugin v26.2 - https:\/\/yoast.com\/wordpress\/plugins\/seo\/ -->\n<title>Staatsr\u00e4tin Cesla Amarelle wird neue Pr\u00e4sidentin der HES-SO - MQ Management und Qualit\u00e4t<\/title>\n<meta name=\"description\" content=\"Die Waadtl\u00e4nder Staatsr\u00e4tin Cesla Amarelle wird neue Pr\u00e4sidentin der Fachhochschule Westschweiz HES-SO. Sie wird Nachfolgerin von Staatsrat Olivier Curty.\" \/>\n<meta name=\"robots\" content=\"index, follow, max-snippet:-1, max-image-preview:large, max-video-preview:-1\" \/>\n<link rel=\"canonical\" href=\"https:\/\/www.m-q.ch\/de\/staatsraetin-cesla-amarelle-wird-neue-praesidentin-der-hes-so\/\" \/>\n<meta property=\"og:locale\" content=\"de_DE\" \/>\n<meta property=\"og:type\" content=\"article\" \/>\n<meta property=\"og:title\" content=\"Staatsr\u00e4tin Cesla Amarelle wird neue Pr\u00e4sidentin der HES-SO - MQ Management und Qualit\u00e4t\" \/>\n<meta property=\"og:description\" content=\"Die Waadtl\u00e4nder Staatsr\u00e4tin Cesla Amarelle wird neue Pr\u00e4sidentin der Fachhochschule Westschweiz HES-SO. Sie wird Nachfolgerin von Staatsrat Olivier Curty.\" \/>\n<meta property=\"og:url\" content=\"https:\/\/www.m-q.ch\/de\/staatsraetin-cesla-amarelle-wird-neue-praesidentin-der-hes-so\/\" \/>\n<meta property=\"og:site_name\" content=\"MQ Management und Qualit\u00e4t\" \/>\n<meta property=\"article:publisher\" content=\"https:\/\/www.facebook.com\/ManagementUndQualitaet\" \/>\n<meta property=\"article:published_time\" content=\"2021-03-30T08:12:04+00:00\" \/>\n<meta property=\"article:modified_time\" content=\"2021-04-01T09:51:00+00:00\" \/>\n<meta property=\"og:image\" content=\"https:\/\/www.m-q.ch\/wp-content\/uploads\/2021\/03\/Cesla-Amarella.jpg\" \/>\n\t<meta property=\"og:image:width\" content=\"875\" \/>\n\t<meta property=\"og:image:height\" content=\"597\" \/>\n\t<meta property=\"og:image:type\" content=\"image\/jpeg\" \/>\n<meta name=\"author\" content=\"Roger Str\u00e4ssle\" \/>\n<meta name=\"twitter:card\" content=\"summary_large_image\" \/>\n<meta name=\"twitter:label1\" content=\"Verfasst von\" \/>\n\t<meta name=\"twitter:data1\" content=\"Roger Str\u00e4ssle\" \/>\n\t<meta name=\"twitter:label2\" content=\"Gesch\u00e4tzte Lesezeit\" \/>\n\t<meta name=\"twitter:data2\" content=\"2\u00a0Minuten\" \/>\n<script type=\"application\/ld+json\" class=\"yoast-schema-graph\">{\"@context\":\"https:\/\/schema.org\",\"@graph\":[{\"@type\":\"Article\",\"@id\":\"https:\/\/www.m-q.ch\/staatsraetin-cesla-amarelle-wird-neue-praesidentin-der-hes-so\/#article\",\"isPartOf\":{\"@id\":\"https:\/\/www.m-q.ch\/staatsraetin-cesla-amarelle-wird-neue-praesidentin-der-hes-so\/\"},\"author\":{\"name\":\"Roger Str\u00e4ssle\",\"@id\":\"https:\/\/www.m-q.ch\/fr\/#\/schema\/person\/47d540e081acd98ccbeb69b55df653d7\"},\"headline\":\"Staatsr\u00e4tin Cesla Amarelle wird neue Pr\u00e4sidentin der HES-SO\",\"datePublished\":\"2021-03-30T08:12:04+00:00\",\"dateModified\":\"2021-04-01T09:51:00+00:00\",\"mainEntityOfPage\":{\"@id\":\"https:\/\/www.m-q.ch\/staatsraetin-cesla-amarelle-wird-neue-praesidentin-der-hes-so\/\"},\"wordCount\":434,\"publisher\":{\"@id\":\"https:\/\/www.m-q.ch\/fr\/#organization\"},\"image\":{\"@id\":\"https:\/\/www.m-q.ch\/staatsraetin-cesla-amarelle-wird-neue-praesidentin-der-hes-so\/#primaryimage\"},\"thumbnailUrl\":\"https:\/\/www.m-q.ch\/wp-content\/uploads\/2021\/03\/Cesla-Amarella.jpg\",\"keywords\":[\"Cesla Amarelle\",\"HES-SO\",\"Luciana Vaccaro\"],\"inLanguage\":\"de\"},{\"@type\":\"WebPage\",\"@id\":\"https:\/\/www.m-q.ch\/staatsraetin-cesla-amarelle-wird-neue-praesidentin-der-hes-so\/\",\"url\":\"https:\/\/www.m-q.ch\/staatsraetin-cesla-amarelle-wird-neue-praesidentin-der-hes-so\/\",\"name\":\"Staatsr\u00e4tin Cesla Amarelle wird neue Pr\u00e4sidentin der HES-SO - MQ Management und Qualit\u00e4t\",\"isPartOf\":{\"@id\":\"https:\/\/www.m-q.ch\/fr\/#website\"},\"primaryImageOfPage\":{\"@id\":\"https:\/\/www.m-q.ch\/staatsraetin-cesla-amarelle-wird-neue-praesidentin-der-hes-so\/#primaryimage\"},\"image\":{\"@id\":\"https:\/\/www.m-q.ch\/staatsraetin-cesla-amarelle-wird-neue-praesidentin-der-hes-so\/#primaryimage\"},\"thumbnailUrl\":\"https:\/\/www.m-q.ch\/wp-content\/uploads\/2021\/03\/Cesla-Amarella.jpg\",\"datePublished\":\"2021-03-30T08:12:04+00:00\",\"dateModified\":\"2021-04-01T09:51:00+00:00\",\"description\":\"Die Waadtl\u00e4nder Staatsr\u00e4tin Cesla Amarelle wird neue Pr\u00e4sidentin der Fachhochschule Westschweiz HES-SO. Sie wird Nachfolgerin von Staatsrat Olivier Curty.\",\"breadcrumb\":{\"@id\":\"https:\/\/www.m-q.ch\/staatsraetin-cesla-amarelle-wird-neue-praesidentin-der-hes-so\/#breadcrumb\"},\"inLanguage\":\"de\",\"potentialAction\":[{\"@type\":\"ReadAction\",\"target\":[\"https:\/\/www.m-q.ch\/staatsraetin-cesla-amarelle-wird-neue-praesidentin-der-hes-so\/\"]}]},{\"@type\":\"ImageObject\",\"inLanguage\":\"de\",\"@id\":\"https:\/\/www.m-q.ch\/staatsraetin-cesla-amarelle-wird-neue-praesidentin-der-hes-so\/#primaryimage\",\"url\":\"https:\/\/www.m-q.ch\/wp-content\/uploads\/2021\/03\/Cesla-Amarella.jpg\",\"contentUrl\":\"https:\/\/www.m-q.ch\/wp-content\/uploads\/2021\/03\/Cesla-Amarella.jpg\",\"width\":875,\"height\":597,\"caption\":\"Cesla Amarelle (Bild: www.cesla-amarelle.ch)\"},{\"@type\":\"BreadcrumbList\",\"@id\":\"https:\/\/www.m-q.ch\/staatsraetin-cesla-amarelle-wird-neue-praesidentin-der-hes-so\/#breadcrumb\",\"itemListElement\":[{\"@type\":\"ListItem\",\"position\":1,\"name\":\"Allgemein\",\"item\":\"https:\/\/www.m-q.ch\/kategorie\/allgemein\/\"},{\"@type\":\"ListItem\",\"position\":2,\"name\":\"Staatsr\u00e4tin Cesla Amarelle wird neue Pr\u00e4sidentin der HES-SO\"}]},{\"@type\":\"WebSite\",\"@id\":\"https:\/\/www.m-q.ch\/fr\/#website\",\"url\":\"https:\/\/www.m-q.ch\/fr\/\",\"name\":\"MQ Management und Qualit\u00e4t\",\"description\":\"Plattform f\u00fcr integrierte Managementsysteme.\",\"publisher\":{\"@id\":\"https:\/\/www.m-q.ch\/fr\/#organization\"},\"potentialAction\":[{\"@type\":\"SearchAction\",\"target\":{\"@type\":\"EntryPoint\",\"urlTemplate\":\"https:\/\/www.m-q.ch\/fr\/?s={search_term_string}\"},\"query-input\":{\"@type\":\"PropertyValueSpecification\",\"valueRequired\":true,\"valueName\":\"search_term_string\"}}],\"inLanguage\":\"de\"},{\"@type\":\"Organization\",\"@id\":\"https:\/\/www.m-q.ch\/fr\/#organization\",\"name\":\"Galledia Fachmedien AG\",\"url\":\"https:\/\/www.m-q.ch\/fr\/\",\"logo\":{\"@type\":\"ImageObject\",\"inLanguage\":\"de\",\"@id\":\"https:\/\/www.m-q.ch\/fr\/#\/schema\/logo\/image\/\",\"url\":\"https:\/\/www.m-q.ch\/wp-content\/uploads\/2020\/12\/cropped-logo_small.png\",\"contentUrl\":\"https:\/\/www.m-q.ch\/wp-content\/uploads\/2020\/12\/cropped-logo_small.png\",\"width\":512,\"height\":512,\"caption\":\"Galledia Fachmedien AG\"},\"image\":{\"@id\":\"https:\/\/www.m-q.ch\/fr\/#\/schema\/logo\/image\/\"},\"sameAs\":[\"https:\/\/www.facebook.com\/ManagementUndQualitaet\",\"https:\/\/www.linkedin.com\/showcase\/17982321\/admin\/\"]},{\"@type\":\"Person\",\"@id\":\"https:\/\/www.m-q.ch\/fr\/#\/schema\/person\/47d540e081acd98ccbeb69b55df653d7\",\"name\":\"Roger Str\u00e4ssle\",\"image\":{\"@type\":\"ImageObject\",\"inLanguage\":\"de\",\"@id\":\"https:\/\/www.m-q.ch\/fr\/#\/schema\/person\/image\/\",\"url\":\"https:\/\/secure.gravatar.com\/avatar\/e4dde3046d8a184d2e2d27651a418883?s=96&d=mm&r=g\",\"contentUrl\":\"https:\/\/secure.gravatar.com\/avatar\/e4dde3046d8a184d2e2d27651a418883?s=96&d=mm&r=g\",\"caption\":\"Roger Str\u00e4ssle\"},\"url\":\"https:\/\/www.m-q.ch\/de\/author\/roger-straessle\/\"}]}<\/script>\n<!-- \/ Yoast SEO plugin. -->","yoast_head_json":{"title":"Staatsr\u00e4tin Cesla Amarelle wird neue Pr\u00e4sidentin der HES-SO - MQ Management und Qualit\u00e4t","description":"Die Waadtl\u00e4nder Staatsr\u00e4tin Cesla Amarelle wird neue Pr\u00e4sidentin der Fachhochschule Westschweiz HES-SO. Sie wird Nachfolgerin von Staatsrat Olivier Curty.","robots":{"index":"index","follow":"follow","max-snippet":"max-snippet:-1","max-image-preview":"max-image-preview:large","max-video-preview":"max-video-preview:-1"},"canonical":"https:\/\/www.m-q.ch\/de\/staatsraetin-cesla-amarelle-wird-neue-praesidentin-der-hes-so\/","og_locale":"de_DE","og_type":"article","og_title":"Staatsr\u00e4tin Cesla Amarelle wird neue Pr\u00e4sidentin der HES-SO - MQ Management und Qualit\u00e4t","og_description":"Die Waadtl\u00e4nder Staatsr\u00e4tin Cesla Amarelle wird neue Pr\u00e4sidentin der Fachhochschule Westschweiz HES-SO. Sie wird Nachfolgerin von Staatsrat Olivier Curty.","og_url":"https:\/\/www.m-q.ch\/de\/staatsraetin-cesla-amarelle-wird-neue-praesidentin-der-hes-so\/","og_site_name":"MQ Management und Qualit\u00e4t","article_publisher":"https:\/\/www.facebook.com\/ManagementUndQualitaet","article_published_time":"2021-03-30T08:12:04+00:00","article_modified_time":"2021-04-01T09:51:00+00:00","og_image":[{"width":875,"height":597,"url":"https:\/\/www.m-q.ch\/wp-content\/uploads\/2021\/03\/Cesla-Amarella.jpg","type":"image\/jpeg"}],"author":"Roger Str\u00e4ssle","twitter_card":"summary_large_image","twitter_misc":{"Verfasst von":"Roger Str\u00e4ssle","Gesch\u00e4tzte Lesezeit":"2\u00a0Minuten"},"schema":{"@context":"https:\/\/schema.org","@graph":[{"@type":"Article","@id":"https:\/\/www.m-q.ch\/staatsraetin-cesla-amarelle-wird-neue-praesidentin-der-hes-so\/#article","isPartOf":{"@id":"https:\/\/www.m-q.ch\/staatsraetin-cesla-amarelle-wird-neue-praesidentin-der-hes-so\/"},"author":{"name":"Roger Str\u00e4ssle","@id":"https:\/\/www.m-q.ch\/fr\/#\/schema\/person\/47d540e081acd98ccbeb69b55df653d7"},"headline":"Staatsr\u00e4tin Cesla Amarelle wird neue Pr\u00e4sidentin der HES-SO","datePublished":"2021-03-30T08:12:04+00:00","dateModified":"2021-04-01T09:51:00+00:00","mainEntityOfPage":{"@id":"https:\/\/www.m-q.ch\/staatsraetin-cesla-amarelle-wird-neue-praesidentin-der-hes-so\/"},"wordCount":434,"publisher":{"@id":"https:\/\/www.m-q.ch\/fr\/#organization"},"image":{"@id":"https:\/\/www.m-q.ch\/staatsraetin-cesla-amarelle-wird-neue-praesidentin-der-hes-so\/#primaryimage"},"thumbnailUrl":"https:\/\/www.m-q.ch\/wp-content\/uploads\/2021\/03\/Cesla-Amarella.jpg","keywords":["Cesla Amarelle","HES-SO","Luciana Vaccaro"],"inLanguage":"de"},{"@type":"WebPage","@id":"https:\/\/www.m-q.ch\/staatsraetin-cesla-amarelle-wird-neue-praesidentin-der-hes-so\/","url":"https:\/\/www.m-q.ch\/staatsraetin-cesla-amarelle-wird-neue-praesidentin-der-hes-so\/","name":"Staatsr\u00e4tin Cesla Amarelle wird neue Pr\u00e4sidentin der HES-SO - MQ Management und Qualit\u00e4t","isPartOf":{"@id":"https:\/\/www.m-q.ch\/fr\/#website"},"primaryImageOfPage":{"@id":"https:\/\/www.m-q.ch\/staatsraetin-cesla-amarelle-wird-neue-praesidentin-der-hes-so\/#primaryimage"},"image":{"@id":"https:\/\/www.m-q.ch\/staatsraetin-cesla-amarelle-wird-neue-praesidentin-der-hes-so\/#primaryimage"},"thumbnailUrl":"https:\/\/www.m-q.ch\/wp-content\/uploads\/2021\/03\/Cesla-Amarella.jpg","datePublished":"2021-03-30T08:12:04+00:00","dateModified":"2021-04-01T09:51:00+00:00","description":"Die Waadtl\u00e4nder Staatsr\u00e4tin Cesla Amarelle wird neue Pr\u00e4sidentin der Fachhochschule Westschweiz HES-SO. Sie wird Nachfolgerin von Staatsrat Olivier Curty.","breadcrumb":{"@id":"https:\/\/www.m-q.ch\/staatsraetin-cesla-amarelle-wird-neue-praesidentin-der-hes-so\/#breadcrumb"},"inLanguage":"de","potentialAction":[{"@type":"ReadAction","target":["https:\/\/www.m-q.ch\/staatsraetin-cesla-amarelle-wird-neue-praesidentin-der-hes-so\/"]}]},{"@type":"ImageObject","inLanguage":"de","@id":"https:\/\/www.m-q.ch\/staatsraetin-cesla-amarelle-wird-neue-praesidentin-der-hes-so\/#primaryimage","url":"https:\/\/www.m-q.ch\/wp-content\/uploads\/2021\/03\/Cesla-Amarella.jpg","contentUrl":"https:\/\/www.m-q.ch\/wp-content\/uploads\/2021\/03\/Cesla-Amarella.jpg","width":875,"height":597,"caption":"Cesla Amarelle (Bild: www.cesla-amarelle.ch)"},{"@type":"BreadcrumbList","@id":"https:\/\/www.m-q.ch\/staatsraetin-cesla-amarelle-wird-neue-praesidentin-der-hes-so\/#breadcrumb","itemListElement":[{"@type":"ListItem","position":1,"name":"Allgemein","item":"https:\/\/www.m-q.ch\/kategorie\/allgemein\/"},{"@type":"ListItem","position":2,"name":"Staatsr\u00e4tin Cesla Amarelle wird neue Pr\u00e4sidentin der HES-SO"}]},{"@type":"WebSite","@id":"https:\/\/www.m-q.ch\/fr\/#website","url":"https:\/\/www.m-q.ch\/fr\/","name":"MQ Management und Qualit\u00e4t","description":"Plattform f\u00fcr integrierte Managementsysteme.","publisher":{"@id":"https:\/\/www.m-q.ch\/fr\/#organization"},"potentialAction":[{"@type":"SearchAction","target":{"@type":"EntryPoint","urlTemplate":"https:\/\/www.m-q.ch\/fr\/?s={search_term_string}"},"query-input":{"@type":"PropertyValueSpecification","valueRequired":true,"valueName":"search_term_string"}}],"inLanguage":"de"},{"@type":"Organization","@id":"https:\/\/www.m-q.ch\/fr\/#organization","name":"Galledia Fachmedien AG","url":"https:\/\/www.m-q.ch\/fr\/","logo":{"@type":"ImageObject","inLanguage":"de","@id":"https:\/\/www.m-q.ch\/fr\/#\/schema\/logo\/image\/","url":"https:\/\/www.m-q.ch\/wp-content\/uploads\/2020\/12\/cropped-logo_small.png","contentUrl":"https:\/\/www.m-q.ch\/wp-content\/uploads\/2020\/12\/cropped-logo_small.png","width":512,"height":512,"caption":"Galledia Fachmedien AG"},"image":{"@id":"https:\/\/www.m-q.ch\/fr\/#\/schema\/logo\/image\/"},"sameAs":["https:\/\/www.facebook.com\/ManagementUndQualitaet","https:\/\/www.linkedin.com\/showcase\/17982321\/admin\/"]},{"@type":"Person","@id":"https:\/\/www.m-q.ch\/fr\/#\/schema\/person\/47d540e081acd98ccbeb69b55df653d7","name":"Roger Str\u00e4ssle","image":{"@type":"ImageObject","inLanguage":"de","@id":"https:\/\/www.m-q.ch\/fr\/#\/schema\/person\/image\/","url":"https:\/\/secure.gravatar.com\/avatar\/e4dde3046d8a184d2e2d27651a418883?s=96&d=mm&r=g","contentUrl":"https:\/\/secure.gravatar.com\/avatar\/e4dde3046d8a184d2e2d27651a418883?s=96&d=mm&r=g","caption":"Roger Str\u00e4ssle"},"url":"https:\/\/www.m-q.ch\/de\/author\/roger-straessle\/"}]}},"_links":{"self":[{"href":"https:\/\/www.m-q.ch\/de\/wp-json\/wp\/v2\/posts\/14029","targetHints":{"allow":["GET"]}}],"collection":[{"href":"https:\/\/www.m-q.ch\/de\/wp-json\/wp\/v2\/posts"}],"about":[{"href":"https:\/\/www.m-q.ch\/de\/wp-json\/wp\/v2\/types\/post"}],"author":[{"embeddable":true,"href":"https:\/\/www.m-q.ch\/de\/wp-json\/wp\/v2\/users\/35"}],"replies":[{"embeddable":true,"href":"https:\/\/www.m-q.ch\/de\/wp-json\/wp\/v2\/comments?post=14029"}],"version-history":[{"count":1,"href":"https:\/\/www.m-q.ch\/de\/wp-json\/wp\/v2\/posts\/14029\/revisions"}],"predecessor-version":[{"id":14031,"href":"https:\/\/www.m-q.ch\/de\/wp-json\/wp\/v2\/posts\/14029\/revisions\/14031"}],"wp:featuredmedia":[{"embeddable":true,"href":"https:\/\/www.m-q.ch\/de\/wp-json\/wp\/v2\/media\/14030"}],"wp:attachment":[{"href":"https:\/\/www.m-q.ch\/de\/wp-json\/wp\/v2\/media?parent=14029"}],"wp:term":[{"taxonomy":"category","embeddable":true,"href":"https:\/\/www.m-q.ch\/de\/wp-json\/wp\/v2\/categories?post=14029"},{"taxonomy":"post_tag","embeddable":true,"href":"https:\/\/www.m-q.ch\/de\/wp-json\/wp\/v2\/tags?post=14029"}],"curies":[{"name":"wp","href":"https:\/\/api.w.org\/{rel}","templated":true}]}}