{"id":14189,"date":"2021-04-26T14:50:47","date_gmt":"2021-04-26T12:50:47","guid":{"rendered":"https:\/\/www.m-q.ch\/?p=14189"},"modified":"2021-05-17T11:42:34","modified_gmt":"2021-05-17T09:42:34","slug":"innovationspark-ost","status":"publish","type":"post","link":"https:\/\/www.m-q.ch\/de\/innovationspark-ost\/","title":{"rendered":"Mehr Gewicht f\u00fcr Innovationspark der Ostschweiz"},"content":{"rendered":"<figure id=\"attachment_14192\" aria-describedby=\"caption-attachment-14192\" style=\"width: 837px\" class=\"wp-caption aligncenter\"><img loading=\"lazy\" decoding=\"async\" class=\"wp-image-14192 size-full\" src=\"https:\/\/www.m-q.ch\/wp-content\/uploads\/2021\/04\/innopark-1.jpg\" alt=\"Innovationspark\" width=\"837\" height=\"467\" srcset=\"https:\/\/www.m-q.ch\/wp-content\/uploads\/2021\/04\/innopark-1.jpg 837w, https:\/\/www.m-q.ch\/wp-content\/uploads\/2021\/04\/innopark-1-768x429.jpg 768w, https:\/\/www.m-q.ch\/wp-content\/uploads\/2021\/04\/innopark-1-16x9.jpg 16w, https:\/\/www.m-q.ch\/wp-content\/uploads\/2021\/04\/innopark-1-314x175.jpg 314w, https:\/\/www.m-q.ch\/wp-content\/uploads\/2021\/04\/innopark-1-627x350.jpg 627w, https:\/\/www.m-q.ch\/wp-content\/uploads\/2021\/04\/innopark-1-300x167.jpg 300w\" sizes=\"auto, (max-width: 837px) 100vw, 837px\" \/><figcaption id=\"caption-attachment-14192\" class=\"wp-caption-text\">\u00a9 Depositphotos, Vitalik Radko<\/figcaption><\/figure>\n<p>Hauptstandort des <a href=\"http:\/\/www.innovationspark-ost.ch\">Innovationsparks Ost<\/a> ist der Campus Lerchenfeld bei der Empa, Stadt St. Gallen. In Buchs SG entstehe ein Nebenstandort, heisst es in der bundesr\u00e4tlichen Mitteilung. In der Tr\u00e4gerschaft vertreten sind neben St. Gallen die Kantone Appenzell Ausserrhoden, Appenzell Innerrhoden, Thurgau sowie das F\u00fcrstentum Liechtenstein.<\/p>\n<h3><strong>Was bietet der Innovationspark Ost?<\/strong><\/h3>\n<p>Laut Angaben bietet der Innovationspark Ost eine Entwicklungs-, Labor- und Arbeitsinfrastruktur, die Forschungsteams von Unternehmen und wissenschaftliche Institutionen f\u00fcr gemeinsame Innovationsprojekte nutzen k\u00f6nnen. In diesem \u00d6kosystem k\u00f6nnen sie ihre Wettbewerbsf\u00e4higkeit und Innovationsleistung weiter steigern, wie betont wird.<\/p>\n<p>Mit dem Bundesratsentscheid sei ein einj\u00e4hriges Pr\u00fcf- und Genehmigungsverfahren abgeschlossen, welches die Beurteilung des Projekts durch eine unabh\u00e4ngige Expertenjury beinhaltete. Mit dem Anschluss an die <a href=\"http:\/\/www.sbfi.admin.ch\/sbfi\/de\/home\/forschung-und-innovation\/forschung-und-innovation-in-der-schweiz\/schweizerischer-innovationspark.html\">Dachorganisation des Schweizerischen Innovationsparks<\/a>, die Stiftung <a href=\"http:\/\/www.switzerland-innovation.com\">\u00abSwitzerland Innovation\u00bb<\/a>, erfolge nun die Aufnahme des Innovationsparks Ost in das gesamtschweizerische Netzwerk.<\/p>\n<h3><strong>Public-Private-Partnership-Initiative<\/strong><\/h3>\n<p>Der Schweizerische Innovationspark ist eine von Bund und Kantonen, der Wissenschaft und der Privatwirtschaft betriebene Public-Private-Partnership-Initiative von nationaler Bedeutung. Unter der Dachmarke \u00abSwitzerland Innovation\u00bb umfasste der Innovationspark bisher f\u00fcnf Standorttr\u00e4ger (im Umfeld der beiden Eidgen\u00f6ssischen Technischen Hochschulen in Z\u00fcrich und Lausanne sowie im Aargau, in der Nordwestschweiz und in Biel). An drei dieser Netzwerkstandorte sind jeweils mehrere regionale Standorte angeschlossen. K\u00fcrzlich haben sich die Standorte Zentralschweiz und Tessin an den Standorttr\u00e4ger \u00abSwitzerland Innovation Park Z\u00fcrich\u00bb angeschlossen, wie der Bundesrat schreibt.<\/p>\n<p>Die Standorte w\u00fcrden grunds\u00e4tzlich durch die Standortkantone und private Investoren finanziert. Durch die Vermietung von Fl\u00e4chen f\u00fcr die Ansiedlung von Unternehmen und die Erbringung von Dienstleistungen sollen sie mittelfristig selbsttragend werden, wie es heisst. Die privatrechtliche Stiftung \u00abSwitzerland Innovation\u00bb fungiere als Dachorganisation und Schnittstelle zum Bund.<\/p>\n<p><em>Quelle: Bund<\/em><\/p>\n<p><a href=\"http:\/\/www.m-q.ch\/de\/innovationspark-schafft-grossen-volkswirtschaftlichen-nutzen\/\"><em>Weitere Artikel zum Thema: Innovationspark schafft grossen volkswirtschaftlichen Nutzen<\/em><\/a><\/p>\n<p>&nbsp;<\/p>\n","protected":false},"excerpt":{"rendered":"<p>Hauptstandort des Innovationsparks Ost ist der Campus Lerchenfeld bei der Empa, Stadt St. Gallen. In Buchs SG entstehe ein Nebenstandort, heisst es in der bundesr\u00e4tlichen Mitteilung. In der Tr\u00e4gerschaft vertreten sind neben St. Gallen die Kantone Appenzell Ausserrhoden, Appenzell Innerrhoden, Thurgau sowie das F\u00fcrstentum Liechtenstein. Was bietet der Innovationspark Ost? Laut Angaben bietet der Innovationspark [&hellip;]<\/p>\n","protected":false},"author":35,"featured_media":14192,"comment_status":"closed","ping_status":"closed","sticky":false,"template":"","format":"standard","meta":{"_acf_changed":false,"footnotes":""},"categories":[4448],"tags":[4923,4924],"class_list":["post-14189","post","type-post","status-publish","format-standard","has-post-thumbnail","hentry","category-allgemein","tag-innovationspark-ost","tag-switzerland-innovation"],"acf":[],"yoast_head":"<!-- This site is optimized with the Yoast SEO plugin v26.2 - https:\/\/yoast.com\/wordpress\/plugins\/seo\/ -->\n<title>Mehr Gewicht f\u00fcr Innovationspark der Ostschweiz - MQ Management und Qualit\u00e4t<\/title>\n<meta name=\"description\" content=\"Die Aufnahme des Innovationsparks Ost als sechsten Standorttr\u00e4ger in das Gesamtnetzwerk Schweizerischer Innovationspark ist genehmigt.\" \/>\n<meta name=\"robots\" content=\"index, follow, max-snippet:-1, max-image-preview:large, max-video-preview:-1\" \/>\n<link rel=\"canonical\" href=\"https:\/\/www.m-q.ch\/de\/innovationspark-ost\/\" \/>\n<meta property=\"og:locale\" content=\"de_DE\" \/>\n<meta property=\"og:type\" content=\"article\" \/>\n<meta property=\"og:title\" content=\"Mehr Gewicht f\u00fcr Innovationspark der Ostschweiz - MQ Management und Qualit\u00e4t\" \/>\n<meta property=\"og:description\" content=\"Die Aufnahme des Innovationsparks Ost als sechsten Standorttr\u00e4ger in das Gesamtnetzwerk Schweizerischer Innovationspark ist genehmigt.\" \/>\n<meta property=\"og:url\" content=\"https:\/\/www.m-q.ch\/de\/innovationspark-ost\/\" \/>\n<meta property=\"og:site_name\" content=\"MQ Management und Qualit\u00e4t\" \/>\n<meta property=\"article:publisher\" content=\"https:\/\/www.facebook.com\/ManagementUndQualitaet\" \/>\n<meta property=\"article:published_time\" content=\"2021-04-26T12:50:47+00:00\" \/>\n<meta property=\"article:modified_time\" content=\"2021-05-17T09:42:34+00:00\" \/>\n<meta property=\"og:image\" content=\"https:\/\/www.m-q.ch\/wp-content\/uploads\/2021\/04\/innopark-1.jpg\" \/>\n\t<meta property=\"og:image:width\" content=\"837\" \/>\n\t<meta property=\"og:image:height\" content=\"467\" \/>\n\t<meta property=\"og:image:type\" content=\"image\/jpeg\" \/>\n<meta name=\"author\" content=\"Roger Str\u00e4ssle\" \/>\n<meta name=\"twitter:card\" content=\"summary_large_image\" \/>\n<meta name=\"twitter:label1\" content=\"Verfasst von\" \/>\n\t<meta name=\"twitter:data1\" content=\"Roger Str\u00e4ssle\" \/>\n\t<meta name=\"twitter:label2\" content=\"Gesch\u00e4tzte Lesezeit\" \/>\n\t<meta name=\"twitter:data2\" content=\"2\u00a0Minuten\" \/>\n<script type=\"application\/ld+json\" class=\"yoast-schema-graph\">{\"@context\":\"https:\/\/schema.org\",\"@graph\":[{\"@type\":\"Article\",\"@id\":\"https:\/\/www.m-q.ch\/innovationspark-ost\/#article\",\"isPartOf\":{\"@id\":\"https:\/\/www.m-q.ch\/innovationspark-ost\/\"},\"author\":{\"name\":\"Roger Str\u00e4ssle\",\"@id\":\"https:\/\/www.m-q.ch\/fr\/#\/schema\/person\/47d540e081acd98ccbeb69b55df653d7\"},\"headline\":\"Mehr Gewicht f\u00fcr Innovationspark der Ostschweiz\",\"datePublished\":\"2021-04-26T12:50:47+00:00\",\"dateModified\":\"2021-05-17T09:42:34+00:00\",\"mainEntityOfPage\":{\"@id\":\"https:\/\/www.m-q.ch\/innovationspark-ost\/\"},\"wordCount\":308,\"publisher\":{\"@id\":\"https:\/\/www.m-q.ch\/fr\/#organization\"},\"image\":{\"@id\":\"https:\/\/www.m-q.ch\/innovationspark-ost\/#primaryimage\"},\"thumbnailUrl\":\"https:\/\/www.m-q.ch\/wp-content\/uploads\/2021\/04\/innopark-1.jpg\",\"keywords\":[\"Innovationspark Ost\",\"Switzerland Innovation\"],\"inLanguage\":\"de\"},{\"@type\":\"WebPage\",\"@id\":\"https:\/\/www.m-q.ch\/innovationspark-ost\/\",\"url\":\"https:\/\/www.m-q.ch\/innovationspark-ost\/\",\"name\":\"Mehr Gewicht f\u00fcr Innovationspark der Ostschweiz - MQ Management und Qualit\u00e4t\",\"isPartOf\":{\"@id\":\"https:\/\/www.m-q.ch\/fr\/#website\"},\"primaryImageOfPage\":{\"@id\":\"https:\/\/www.m-q.ch\/innovationspark-ost\/#primaryimage\"},\"image\":{\"@id\":\"https:\/\/www.m-q.ch\/innovationspark-ost\/#primaryimage\"},\"thumbnailUrl\":\"https:\/\/www.m-q.ch\/wp-content\/uploads\/2021\/04\/innopark-1.jpg\",\"datePublished\":\"2021-04-26T12:50:47+00:00\",\"dateModified\":\"2021-05-17T09:42:34+00:00\",\"description\":\"Die Aufnahme des Innovationsparks Ost als sechsten Standorttr\u00e4ger in das Gesamtnetzwerk Schweizerischer Innovationspark ist genehmigt.\",\"breadcrumb\":{\"@id\":\"https:\/\/www.m-q.ch\/innovationspark-ost\/#breadcrumb\"},\"inLanguage\":\"de\",\"potentialAction\":[{\"@type\":\"ReadAction\",\"target\":[\"https:\/\/www.m-q.ch\/innovationspark-ost\/\"]}]},{\"@type\":\"ImageObject\",\"inLanguage\":\"de\",\"@id\":\"https:\/\/www.m-q.ch\/innovationspark-ost\/#primaryimage\",\"url\":\"https:\/\/www.m-q.ch\/wp-content\/uploads\/2021\/04\/innopark-1.jpg\",\"contentUrl\":\"https:\/\/www.m-q.ch\/wp-content\/uploads\/2021\/04\/innopark-1.jpg\",\"width\":837,\"height\":467,\"caption\":\"\u00a9 Depositphotos, Vitalik Radko\"},{\"@type\":\"BreadcrumbList\",\"@id\":\"https:\/\/www.m-q.ch\/innovationspark-ost\/#breadcrumb\",\"itemListElement\":[{\"@type\":\"ListItem\",\"position\":1,\"name\":\"Allgemein\",\"item\":\"https:\/\/www.m-q.ch\/kategorie\/allgemein\/\"},{\"@type\":\"ListItem\",\"position\":2,\"name\":\"Mehr Gewicht f\u00fcr Innovationspark der Ostschweiz\"}]},{\"@type\":\"WebSite\",\"@id\":\"https:\/\/www.m-q.ch\/fr\/#website\",\"url\":\"https:\/\/www.m-q.ch\/fr\/\",\"name\":\"MQ Management und Qualit\u00e4t\",\"description\":\"Plattform f\u00fcr integrierte Managementsysteme.\",\"publisher\":{\"@id\":\"https:\/\/www.m-q.ch\/fr\/#organization\"},\"potentialAction\":[{\"@type\":\"SearchAction\",\"target\":{\"@type\":\"EntryPoint\",\"urlTemplate\":\"https:\/\/www.m-q.ch\/fr\/?s={search_term_string}\"},\"query-input\":{\"@type\":\"PropertyValueSpecification\",\"valueRequired\":true,\"valueName\":\"search_term_string\"}}],\"inLanguage\":\"de\"},{\"@type\":\"Organization\",\"@id\":\"https:\/\/www.m-q.ch\/fr\/#organization\",\"name\":\"Galledia Fachmedien AG\",\"url\":\"https:\/\/www.m-q.ch\/fr\/\",\"logo\":{\"@type\":\"ImageObject\",\"inLanguage\":\"de\",\"@id\":\"https:\/\/www.m-q.ch\/fr\/#\/schema\/logo\/image\/\",\"url\":\"https:\/\/www.m-q.ch\/wp-content\/uploads\/2020\/12\/cropped-logo_small.png\",\"contentUrl\":\"https:\/\/www.m-q.ch\/wp-content\/uploads\/2020\/12\/cropped-logo_small.png\",\"width\":512,\"height\":512,\"caption\":\"Galledia Fachmedien AG\"},\"image\":{\"@id\":\"https:\/\/www.m-q.ch\/fr\/#\/schema\/logo\/image\/\"},\"sameAs\":[\"https:\/\/www.facebook.com\/ManagementUndQualitaet\",\"https:\/\/www.linkedin.com\/showcase\/17982321\/admin\/\"]},{\"@type\":\"Person\",\"@id\":\"https:\/\/www.m-q.ch\/fr\/#\/schema\/person\/47d540e081acd98ccbeb69b55df653d7\",\"name\":\"Roger Str\u00e4ssle\",\"image\":{\"@type\":\"ImageObject\",\"inLanguage\":\"de\",\"@id\":\"https:\/\/www.m-q.ch\/fr\/#\/schema\/person\/image\/\",\"url\":\"https:\/\/secure.gravatar.com\/avatar\/e4dde3046d8a184d2e2d27651a418883?s=96&d=mm&r=g\",\"contentUrl\":\"https:\/\/secure.gravatar.com\/avatar\/e4dde3046d8a184d2e2d27651a418883?s=96&d=mm&r=g\",\"caption\":\"Roger Str\u00e4ssle\"},\"url\":\"https:\/\/www.m-q.ch\/de\/author\/roger-straessle\/\"}]}<\/script>\n<!-- \/ Yoast SEO plugin. -->","yoast_head_json":{"title":"Mehr Gewicht f\u00fcr Innovationspark der Ostschweiz - MQ Management und Qualit\u00e4t","description":"Die Aufnahme des Innovationsparks Ost als sechsten Standorttr\u00e4ger in das Gesamtnetzwerk Schweizerischer Innovationspark ist genehmigt.","robots":{"index":"index","follow":"follow","max-snippet":"max-snippet:-1","max-image-preview":"max-image-preview:large","max-video-preview":"max-video-preview:-1"},"canonical":"https:\/\/www.m-q.ch\/de\/innovationspark-ost\/","og_locale":"de_DE","og_type":"article","og_title":"Mehr Gewicht f\u00fcr Innovationspark der Ostschweiz - MQ Management und Qualit\u00e4t","og_description":"Die Aufnahme des Innovationsparks Ost als sechsten Standorttr\u00e4ger in das Gesamtnetzwerk Schweizerischer Innovationspark ist genehmigt.","og_url":"https:\/\/www.m-q.ch\/de\/innovationspark-ost\/","og_site_name":"MQ Management und Qualit\u00e4t","article_publisher":"https:\/\/www.facebook.com\/ManagementUndQualitaet","article_published_time":"2021-04-26T12:50:47+00:00","article_modified_time":"2021-05-17T09:42:34+00:00","og_image":[{"width":837,"height":467,"url":"https:\/\/www.m-q.ch\/wp-content\/uploads\/2021\/04\/innopark-1.jpg","type":"image\/jpeg"}],"author":"Roger Str\u00e4ssle","twitter_card":"summary_large_image","twitter_misc":{"Verfasst von":"Roger Str\u00e4ssle","Gesch\u00e4tzte Lesezeit":"2\u00a0Minuten"},"schema":{"@context":"https:\/\/schema.org","@graph":[{"@type":"Article","@id":"https:\/\/www.m-q.ch\/innovationspark-ost\/#article","isPartOf":{"@id":"https:\/\/www.m-q.ch\/innovationspark-ost\/"},"author":{"name":"Roger Str\u00e4ssle","@id":"https:\/\/www.m-q.ch\/fr\/#\/schema\/person\/47d540e081acd98ccbeb69b55df653d7"},"headline":"Mehr Gewicht f\u00fcr Innovationspark der Ostschweiz","datePublished":"2021-04-26T12:50:47+00:00","dateModified":"2021-05-17T09:42:34+00:00","mainEntityOfPage":{"@id":"https:\/\/www.m-q.ch\/innovationspark-ost\/"},"wordCount":308,"publisher":{"@id":"https:\/\/www.m-q.ch\/fr\/#organization"},"image":{"@id":"https:\/\/www.m-q.ch\/innovationspark-ost\/#primaryimage"},"thumbnailUrl":"https:\/\/www.m-q.ch\/wp-content\/uploads\/2021\/04\/innopark-1.jpg","keywords":["Innovationspark Ost","Switzerland Innovation"],"inLanguage":"de"},{"@type":"WebPage","@id":"https:\/\/www.m-q.ch\/innovationspark-ost\/","url":"https:\/\/www.m-q.ch\/innovationspark-ost\/","name":"Mehr Gewicht f\u00fcr Innovationspark der Ostschweiz - MQ Management und Qualit\u00e4t","isPartOf":{"@id":"https:\/\/www.m-q.ch\/fr\/#website"},"primaryImageOfPage":{"@id":"https:\/\/www.m-q.ch\/innovationspark-ost\/#primaryimage"},"image":{"@id":"https:\/\/www.m-q.ch\/innovationspark-ost\/#primaryimage"},"thumbnailUrl":"https:\/\/www.m-q.ch\/wp-content\/uploads\/2021\/04\/innopark-1.jpg","datePublished":"2021-04-26T12:50:47+00:00","dateModified":"2021-05-17T09:42:34+00:00","description":"Die Aufnahme des Innovationsparks Ost als sechsten Standorttr\u00e4ger in das Gesamtnetzwerk Schweizerischer Innovationspark ist genehmigt.","breadcrumb":{"@id":"https:\/\/www.m-q.ch\/innovationspark-ost\/#breadcrumb"},"inLanguage":"de","potentialAction":[{"@type":"ReadAction","target":["https:\/\/www.m-q.ch\/innovationspark-ost\/"]}]},{"@type":"ImageObject","inLanguage":"de","@id":"https:\/\/www.m-q.ch\/innovationspark-ost\/#primaryimage","url":"https:\/\/www.m-q.ch\/wp-content\/uploads\/2021\/04\/innopark-1.jpg","contentUrl":"https:\/\/www.m-q.ch\/wp-content\/uploads\/2021\/04\/innopark-1.jpg","width":837,"height":467,"caption":"\u00a9 Depositphotos, Vitalik Radko"},{"@type":"BreadcrumbList","@id":"https:\/\/www.m-q.ch\/innovationspark-ost\/#breadcrumb","itemListElement":[{"@type":"ListItem","position":1,"name":"Allgemein","item":"https:\/\/www.m-q.ch\/kategorie\/allgemein\/"},{"@type":"ListItem","position":2,"name":"Mehr Gewicht f\u00fcr Innovationspark der Ostschweiz"}]},{"@type":"WebSite","@id":"https:\/\/www.m-q.ch\/fr\/#website","url":"https:\/\/www.m-q.ch\/fr\/","name":"MQ Management und Qualit\u00e4t","description":"Plattform f\u00fcr integrierte Managementsysteme.","publisher":{"@id":"https:\/\/www.m-q.ch\/fr\/#organization"},"potentialAction":[{"@type":"SearchAction","target":{"@type":"EntryPoint","urlTemplate":"https:\/\/www.m-q.ch\/fr\/?s={search_term_string}"},"query-input":{"@type":"PropertyValueSpecification","valueRequired":true,"valueName":"search_term_string"}}],"inLanguage":"de"},{"@type":"Organization","@id":"https:\/\/www.m-q.ch\/fr\/#organization","name":"Galledia Fachmedien AG","url":"https:\/\/www.m-q.ch\/fr\/","logo":{"@type":"ImageObject","inLanguage":"de","@id":"https:\/\/www.m-q.ch\/fr\/#\/schema\/logo\/image\/","url":"https:\/\/www.m-q.ch\/wp-content\/uploads\/2020\/12\/cropped-logo_small.png","contentUrl":"https:\/\/www.m-q.ch\/wp-content\/uploads\/2020\/12\/cropped-logo_small.png","width":512,"height":512,"caption":"Galledia Fachmedien AG"},"image":{"@id":"https:\/\/www.m-q.ch\/fr\/#\/schema\/logo\/image\/"},"sameAs":["https:\/\/www.facebook.com\/ManagementUndQualitaet","https:\/\/www.linkedin.com\/showcase\/17982321\/admin\/"]},{"@type":"Person","@id":"https:\/\/www.m-q.ch\/fr\/#\/schema\/person\/47d540e081acd98ccbeb69b55df653d7","name":"Roger Str\u00e4ssle","image":{"@type":"ImageObject","inLanguage":"de","@id":"https:\/\/www.m-q.ch\/fr\/#\/schema\/person\/image\/","url":"https:\/\/secure.gravatar.com\/avatar\/e4dde3046d8a184d2e2d27651a418883?s=96&d=mm&r=g","contentUrl":"https:\/\/secure.gravatar.com\/avatar\/e4dde3046d8a184d2e2d27651a418883?s=96&d=mm&r=g","caption":"Roger Str\u00e4ssle"},"url":"https:\/\/www.m-q.ch\/de\/author\/roger-straessle\/"}]}},"_links":{"self":[{"href":"https:\/\/www.m-q.ch\/de\/wp-json\/wp\/v2\/posts\/14189","targetHints":{"allow":["GET"]}}],"collection":[{"href":"https:\/\/www.m-q.ch\/de\/wp-json\/wp\/v2\/posts"}],"about":[{"href":"https:\/\/www.m-q.ch\/de\/wp-json\/wp\/v2\/types\/post"}],"author":[{"embeddable":true,"href":"https:\/\/www.m-q.ch\/de\/wp-json\/wp\/v2\/users\/35"}],"replies":[{"embeddable":true,"href":"https:\/\/www.m-q.ch\/de\/wp-json\/wp\/v2\/comments?post=14189"}],"version-history":[{"count":5,"href":"https:\/\/www.m-q.ch\/de\/wp-json\/wp\/v2\/posts\/14189\/revisions"}],"predecessor-version":[{"id":14329,"href":"https:\/\/www.m-q.ch\/de\/wp-json\/wp\/v2\/posts\/14189\/revisions\/14329"}],"wp:featuredmedia":[{"embeddable":true,"href":"https:\/\/www.m-q.ch\/de\/wp-json\/wp\/v2\/media\/14192"}],"wp:attachment":[{"href":"https:\/\/www.m-q.ch\/de\/wp-json\/wp\/v2\/media?parent=14189"}],"wp:term":[{"taxonomy":"category","embeddable":true,"href":"https:\/\/www.m-q.ch\/de\/wp-json\/wp\/v2\/categories?post=14189"},{"taxonomy":"post_tag","embeddable":true,"href":"https:\/\/www.m-q.ch\/de\/wp-json\/wp\/v2\/tags?post=14189"}],"curies":[{"name":"wp","href":"https:\/\/api.w.org\/{rel}","templated":true}]}}