{"id":14231,"date":"2021-05-04T18:00:09","date_gmt":"2021-05-04T16:00:09","guid":{"rendered":"https:\/\/www.m-q.ch\/?p=14231"},"modified":"2021-05-11T18:30:40","modified_gmt":"2021-05-11T16:30:40","slug":"seghezzi-preis-verliehen","status":"publish","type":"post","link":"https:\/\/www.m-q.ch\/de\/seghezzi-preis-verliehen\/","title":{"rendered":"SFAQ verleiht Seghezzi-Preis"},"content":{"rendered":"<figure id=\"attachment_14241\" aria-describedby=\"caption-attachment-14241\" style=\"width: 2560px\" class=\"wp-caption alignnone\"><img loading=\"lazy\" decoding=\"async\" class=\"size-full wp-image-14241\" src=\"https:\/\/www.m-q.ch\/wp-content\/uploads\/2021\/05\/IMG_3029klein-scaled.jpg\" alt=\"\" width=\"2560\" height=\"1625\" srcset=\"https:\/\/www.m-q.ch\/wp-content\/uploads\/2021\/05\/IMG_3029klein-scaled.jpg 2560w, https:\/\/www.m-q.ch\/wp-content\/uploads\/2021\/05\/IMG_3029klein-768x487.jpg 768w, https:\/\/www.m-q.ch\/wp-content\/uploads\/2021\/05\/IMG_3029klein-1536x975.jpg 1536w, https:\/\/www.m-q.ch\/wp-content\/uploads\/2021\/05\/IMG_3029klein-2048x1300.jpg 2048w, https:\/\/www.m-q.ch\/wp-content\/uploads\/2021\/05\/IMG_3029klein-16x10.jpg 16w, https:\/\/www.m-q.ch\/wp-content\/uploads\/2021\/05\/IMG_3029klein-276x175.jpg 276w, https:\/\/www.m-q.ch\/wp-content\/uploads\/2021\/05\/IMG_3029klein-551x350.jpg 551w, https:\/\/www.m-q.ch\/wp-content\/uploads\/2021\/05\/IMG_3029klein-1260x800.jpg 1260w, https:\/\/www.m-q.ch\/wp-content\/uploads\/2021\/05\/IMG_3029klein-920x584.jpg 920w, https:\/\/www.m-q.ch\/wp-content\/uploads\/2021\/05\/IMG_3029klein-1400x889.jpg 1400w, https:\/\/www.m-q.ch\/wp-content\/uploads\/2021\/05\/IMG_3029klein-300x190.jpg 300w\" sizes=\"auto, (max-width: 2560px) 100vw, 2560px\" \/><figcaption id=\"caption-attachment-14241\" class=\"wp-caption-text\">V.l.n.r.: Jury-Pr\u00e4sidentin Martina Z\u00f6lch, Preisgewinner Philipp Schaber sowie SFAQ-Stiftungsratsmitglied Felix M\u00fcller. \u00a9 Roger Str\u00e4ssle<\/figcaption><\/figure>\n<p>Auch der diesj\u00e4hrige <a href=\"http:\/\/saq.ch\/de\/veranstaltungen\/tag_der_schweizer_qualitaet\/tsq_2021\/programm\/\">\u00abTag der Schweizer Qualit\u00e4t\u00bb<\/a> der SAQ vom 4. Mai 2021 musste pandemiebedingt virtuell durchgef\u00fchrt werden. Vor Ort waren jedoch die Referenten, aber auch der Seghezzi-Preistr\u00e4ger und die Jury. Und so konnte Prof. Dr. Martina Z\u00f6lch, SFAQ-Stiftungsratsmitglied und Pr\u00e4sidentin der Jury, Philipp Schaber den Award 2021 zur F\u00f6rderung eines integrierten Managements von Qualit\u00e4t feierlich \u00fcberreichen.<\/p>\n<p>Philipp Schaber hat zun\u00e4chst an der Technischen Universit\u00e4t in Graz seinen Bachelor of Science in Mechanical Engineering &amp; Business Transformation abgeschlossen, bevor er an der ETH Z\u00fcrich ein Masterstudium in Management, Technology and Economics aufgenommen und erfolgreich absolviert hat. Sein Werdegang wurde jetzt mit dem Seghezzi-Preis gekr\u00f6nt: Der in \u00d6sterreich geborene Schaber (1993) erhielt f\u00fcr seine hervorragenden Leistungen im Rahmen seiner Masterthesis zu \u00abUsing deep learning to detect assembly errors\u00bb die Preissumme von 10&#8217;000 Franken.<\/p>\n<h4><strong>Un\u00fcberwachte Methoden des maschinellen Lernens nutzen<\/strong><\/h4>\n<p>Prof. Dr. Torbj\u00f6rn Netland sowie Julian Senoner waren Betreuer der Masterthesis, die Philipp Schaber im August 2020 erfolgreich abgeschlossen hat. In seiner Arbeit ging Schaber in Zusammenarbeit mit Siemens Smart Infrastructure (SI) der Frage nach, ob un\u00fcberwachte Methoden des maschinellen Lernens genutzt werden k\u00f6nnen, um Montagefehler in der Fertigung zu erkennen.<\/p>\n<p>Diese interessante Forschungsfrage ist von hoher praktischer Relevanz, in einer Zeit, in der maschinelles Lernen kurz vor dem Durchbruch in der Fertigung steht, wie die SFAQ betont.<\/p>\n<p>In seiner Masterarbeit schlage Schaber einen un\u00fcberwachten maschinellen Lernansatz vor, der nur auf Basis \u00abfehlerfreier\u00bb Bildern trainiert werden k\u00f6nne. Zuverl\u00e4ssige Fehlerentdeckungsmechanismen sowie die rechnerische Effizienz sollen durch gezielte Kombination von Transfer-Lernen und \u00abN\u00e4chste-Nachbarn-Klassifikation\u00bb erreicht werden.<\/p>\n<h4><strong>Empirischer Nachweis erbracht<\/strong><\/h4>\n<p>Philipp Schaber hat in zwei Versuchsanlagen bei Siemens Smart Infrastructure diese Herausforderungen einem Praxistest unterzogen. Im Rahmen seiner Feldtests konnte er den empirischen Nachweis erbringen, wie mit dem vorgeschlagenen Ansatz Montagefehler in der Praxis zuverl\u00e4ssig erkannt werden k\u00f6nnen und dies bei hoher Recheneffizienz, wie die SFAQ schreibt.<\/p>\n<p>Die Forschungsarbeit von Philipp Schaber sei somit ein ausgezeichnetes Beispiel daf\u00fcr, wie maschinelles Lernen das Qualit\u00e4tsmanagement unterst\u00fctzen k\u00f6nne. Mit der vorliegenden Arbeit habe modellbasiert und empirisch \u00fcberzeugend eine Forschungsl\u00fccke geschlossen werden k\u00f6nnen, die von hoher Praxisrelevanz sei.<\/p>\n<h4><strong>Jury-Begr\u00fcndung<\/strong><\/h4>\n<p>Die Jury begr\u00fcndet ihre Entscheidung wie folgt:<\/p>\n<p><em>Das <strong>Innovationspotenzial<\/strong> der Arbeit ist beachtlich: <\/em>Der Ansatz des \u00abunsupervised approach\u00bb an sich ist innovativ. Bislang wurden Fehlerent\u00addeckungs\u00ad\u00admechanismen \u00fcberwiegend an fehlerhaften Produkten gelernt. \u00abDeep Learning\u00bb um den methodischen Ansatz des \u00abunsupervised approach\u00bb zu erweitern und in Verbindung zu neuronalen Netzwerk\u00adtheorien zu bringen, er\u00f6ffnet neue Perspektiven f\u00fcr das maschinelle Lernen und vergr\u00f6ssert den Anwendungsbereich des \u00abDeep Learning\u00bb-Ansatzes.<\/p>\n<p>Da der \u00abUnsupervised Machine Learning\u00bb-Ansatz auf einem Training basiert, das mit fehlerfreien Bildern arbeitet, wird dadurch ein \u00e4usserst effizienter Einsatz von Rechenleistungen erm\u00f6glicht. Wie in der Arbeit empirisch nachgewiesen werden konnte, ergibt sich eine deutliche Reduktion des Aufwands bei nahezu unver\u00e4nderter Aussagekraft, was die Fehlererkennung betrifft.<\/p>\n<p><em>Hier zeigt sich die <strong>hohe Praxisrelevanz<\/strong> der Arbeit:<\/em> Fehlererkennung in der Fertigung und Montage von Leiterplatten basiert bislang weitgehend auf der Kontrolle durch Besch\u00e4ftigte, die ausserhalb der Grossserienfertigung immer noch unumg\u00e4nglich ist. Doch deren Wahrnehmung ist fehleranf\u00e4llig, woraus Folgekosten entstehen k\u00f6nnen und die Ausf\u00fchrung solcher Arbeitst\u00e4tigkeiten ist h\u00e4ufig belastend.<\/p>\n<p>Mit dem vorgeschlagenen Ansatz ist maschinelle Fehlererkennung auch bei der Fertigung von kleinen und mittleren Serien einsetzbar, was den Anwendungsbereich deutlich vergr\u00f6ssern d\u00fcrfte.<\/p>\n<p>Neben dem innovativen theoretischen und methodischen Zugang zu effizienter und effektiver Fehlererkennung werden somit auch betriebswirtschaftliche Fragen von Fehlerkosten und Personaleinsatz aufgeworfen. Die an der Schnittstelle von BWL, Technik und Computer Sciences angelegte Arbeit leistet somit auch einen integrativen Beitrag f\u00fcr das allgemeine Management und den Stellenwert von Qualit\u00e4t.<\/p>\n<p>Abschliessend betont die Jury: \u00abWir freuen uns, diese innovative Arbeit von hoher wissenschaftlicher und praktischer Relevanz mit dem Seghezzi-Preis 2021 auszeichnen zu k\u00f6nnen.\u00bb<\/p>\n<p><em>Der <a href=\"http:\/\/saq.ch\/de\/seghezzi-preis\/\">Seghezzi-Preis<\/a> wird alle zwei Jahre ausgeschrieben.<\/em><\/p>\n<p><img loading=\"lazy\" decoding=\"async\" class=\"size-full wp-image-14244\" src=\"https:\/\/www.m-q.ch\/wp-content\/uploads\/2021\/05\/IMG_3016.jpg\" alt=\"\" width=\"2046\" height=\"1462\" srcset=\"https:\/\/www.m-q.ch\/wp-content\/uploads\/2021\/05\/IMG_3016.jpg 2046w, https:\/\/www.m-q.ch\/wp-content\/uploads\/2021\/05\/IMG_3016-768x549.jpg 768w, https:\/\/www.m-q.ch\/wp-content\/uploads\/2021\/05\/IMG_3016-1536x1098.jpg 1536w, https:\/\/www.m-q.ch\/wp-content\/uploads\/2021\/05\/IMG_3016-16x12.jpg 16w, https:\/\/www.m-q.ch\/wp-content\/uploads\/2021\/05\/IMG_3016-245x175.jpg 245w, https:\/\/www.m-q.ch\/wp-content\/uploads\/2021\/05\/IMG_3016-490x350.jpg 490w, https:\/\/www.m-q.ch\/wp-content\/uploads\/2021\/05\/IMG_3016-1120x800.jpg 1120w, https:\/\/www.m-q.ch\/wp-content\/uploads\/2021\/05\/IMG_3016-920x657.jpg 920w, https:\/\/www.m-q.ch\/wp-content\/uploads\/2021\/05\/IMG_3016-1400x1000.jpg 1400w, https:\/\/www.m-q.ch\/wp-content\/uploads\/2021\/05\/IMG_3016-1959x1400.jpg 1959w, https:\/\/www.m-q.ch\/wp-content\/uploads\/2021\/05\/IMG_3016-300x214.jpg 300w\" sizes=\"auto, (max-width: 2046px) 100vw, 2046px\" \/><\/p>\n<p>Die Kr\u00f6nung f\u00fcr seine Masterarbeit \u2013 Philipp Schaber mit dem Seghezzi-Preis. \u00a9 R. Str\u00e4ssle<\/p>\n","protected":false},"excerpt":{"rendered":"<p>Auch der diesj\u00e4hrige \u00abTag der Schweizer Qualit\u00e4t\u00bb der SAQ vom 4. Mai 2021 musste pandemiebedingt virtuell durchgef\u00fchrt werden. Vor Ort waren jedoch die Referenten, aber auch der Seghezzi-Preistr\u00e4ger und die Jury. Und so konnte Prof. Dr. Martina Z\u00f6lch, SFAQ-Stiftungsratsmitglied und Pr\u00e4sidentin der Jury, Philipp Schaber den Award 2021 zur F\u00f6rderung eines integrierten Managements von Qualit\u00e4t [&hellip;]<\/p>\n","protected":false},"author":35,"featured_media":14241,"comment_status":"closed","ping_status":"closed","sticky":false,"template":"","format":"standard","meta":{"_acf_changed":false,"footnotes":""},"categories":[3303],"tags":[4945,4942,4944,4943],"class_list":["post-14231","post","type-post","status-publish","format-standard","has-post-thumbnail","hentry","category-qualitaetsmanagement","tag-using-deep-learning-to-detect-assembly-errors","tag-saw","tag-schweizerischen-stiftung-fuer-forschung-und-ausbildung-qualitaet","tag-sffaq"],"acf":[],"yoast_head":"<!-- This site is optimized with the Yoast SEO plugin v26.2 - https:\/\/yoast.com\/wordpress\/plugins\/seo\/ -->\n<title>SFAQ verleiht Seghezzi-Preis - MQ Management und Qualit\u00e4t<\/title>\n<meta name=\"description\" content=\"Die SFAQ (Schweizerischen Stiftung f\u00fcr Forschung und Ausbildung Qualit\u00e4t) hat den Seghezzi-Award 2021 verliehen.\" \/>\n<meta name=\"robots\" content=\"index, follow, max-snippet:-1, max-image-preview:large, max-video-preview:-1\" \/>\n<link rel=\"canonical\" href=\"https:\/\/www.m-q.ch\/de\/seghezzi-preis-verliehen\/\" \/>\n<meta property=\"og:locale\" content=\"de_DE\" \/>\n<meta property=\"og:type\" content=\"article\" \/>\n<meta property=\"og:title\" content=\"SFAQ verleiht Seghezzi-Preis - MQ Management und Qualit\u00e4t\" \/>\n<meta property=\"og:description\" content=\"Die SFAQ (Schweizerischen Stiftung f\u00fcr Forschung und Ausbildung Qualit\u00e4t) hat den Seghezzi-Award 2021 verliehen.\" \/>\n<meta property=\"og:url\" content=\"https:\/\/www.m-q.ch\/de\/seghezzi-preis-verliehen\/\" \/>\n<meta property=\"og:site_name\" content=\"MQ Management und Qualit\u00e4t\" \/>\n<meta property=\"article:publisher\" content=\"https:\/\/www.facebook.com\/ManagementUndQualitaet\" \/>\n<meta property=\"article:published_time\" content=\"2021-05-04T16:00:09+00:00\" \/>\n<meta property=\"article:modified_time\" content=\"2021-05-11T16:30:40+00:00\" \/>\n<meta property=\"og:image\" content=\"https:\/\/www.m-q.ch\/wp-content\/uploads\/2021\/05\/IMG_3029klein-scaled.jpg\" \/>\n\t<meta property=\"og:image:width\" content=\"2560\" \/>\n\t<meta property=\"og:image:height\" content=\"1625\" \/>\n\t<meta property=\"og:image:type\" content=\"image\/jpeg\" \/>\n<meta name=\"author\" content=\"Roger Str\u00e4ssle\" \/>\n<meta name=\"twitter:card\" content=\"summary_large_image\" \/>\n<meta name=\"twitter:label1\" content=\"Verfasst von\" \/>\n\t<meta name=\"twitter:data1\" content=\"Roger Str\u00e4ssle\" \/>\n\t<meta name=\"twitter:label2\" content=\"Gesch\u00e4tzte Lesezeit\" \/>\n\t<meta name=\"twitter:data2\" content=\"3\u00a0Minuten\" \/>\n<script type=\"application\/ld+json\" class=\"yoast-schema-graph\">{\"@context\":\"https:\/\/schema.org\",\"@graph\":[{\"@type\":\"Article\",\"@id\":\"https:\/\/www.m-q.ch\/seghezzi-preis-verliehen\/#article\",\"isPartOf\":{\"@id\":\"https:\/\/www.m-q.ch\/seghezzi-preis-verliehen\/\"},\"author\":{\"name\":\"Roger Str\u00e4ssle\",\"@id\":\"https:\/\/www.m-q.ch\/fr\/#\/schema\/person\/47d540e081acd98ccbeb69b55df653d7\"},\"headline\":\"SFAQ verleiht Seghezzi-Preis\",\"datePublished\":\"2021-05-04T16:00:09+00:00\",\"dateModified\":\"2021-05-11T16:30:40+00:00\",\"mainEntityOfPage\":{\"@id\":\"https:\/\/www.m-q.ch\/seghezzi-preis-verliehen\/\"},\"wordCount\":691,\"publisher\":{\"@id\":\"https:\/\/www.m-q.ch\/fr\/#organization\"},\"image\":{\"@id\":\"https:\/\/www.m-q.ch\/seghezzi-preis-verliehen\/#primaryimage\"},\"thumbnailUrl\":\"https:\/\/www.m-q.ch\/wp-content\/uploads\/2021\/05\/IMG_3029klein-scaled.jpg\",\"keywords\":[\"\u00abUsing deep learning to detect assembly errors\u00bb\",\"SAW\",\"Schweizerischen Stiftung f\u00fcr Forschung und Ausbildung Qualit\u00e4t\",\"SFFAQ\"],\"articleSection\":[\"Qualit\u00e4tsmanagement\"],\"inLanguage\":\"de\"},{\"@type\":\"WebPage\",\"@id\":\"https:\/\/www.m-q.ch\/seghezzi-preis-verliehen\/\",\"url\":\"https:\/\/www.m-q.ch\/seghezzi-preis-verliehen\/\",\"name\":\"SFAQ verleiht Seghezzi-Preis - MQ Management und Qualit\u00e4t\",\"isPartOf\":{\"@id\":\"https:\/\/www.m-q.ch\/fr\/#website\"},\"primaryImageOfPage\":{\"@id\":\"https:\/\/www.m-q.ch\/seghezzi-preis-verliehen\/#primaryimage\"},\"image\":{\"@id\":\"https:\/\/www.m-q.ch\/seghezzi-preis-verliehen\/#primaryimage\"},\"thumbnailUrl\":\"https:\/\/www.m-q.ch\/wp-content\/uploads\/2021\/05\/IMG_3029klein-scaled.jpg\",\"datePublished\":\"2021-05-04T16:00:09+00:00\",\"dateModified\":\"2021-05-11T16:30:40+00:00\",\"description\":\"Die SFAQ (Schweizerischen Stiftung f\u00fcr Forschung und Ausbildung Qualit\u00e4t) hat den Seghezzi-Award 2021 verliehen.\",\"breadcrumb\":{\"@id\":\"https:\/\/www.m-q.ch\/seghezzi-preis-verliehen\/#breadcrumb\"},\"inLanguage\":\"de\",\"potentialAction\":[{\"@type\":\"ReadAction\",\"target\":[\"https:\/\/www.m-q.ch\/seghezzi-preis-verliehen\/\"]}]},{\"@type\":\"ImageObject\",\"inLanguage\":\"de\",\"@id\":\"https:\/\/www.m-q.ch\/seghezzi-preis-verliehen\/#primaryimage\",\"url\":\"https:\/\/www.m-q.ch\/wp-content\/uploads\/2021\/05\/IMG_3029klein-scaled.jpg\",\"contentUrl\":\"https:\/\/www.m-q.ch\/wp-content\/uploads\/2021\/05\/IMG_3029klein-scaled.jpg\",\"width\":2560,\"height\":1625,\"caption\":\"V.l.n.r.: Jury-Pr\u00e4sidentin Martina Z\u00f6lch, Preisgewinner Philipp Schaber sowie SFAQ-Stiftungsratsmitglied Felix M\u00fcller. \u00a9 Roger Str\u00e4ssle\"},{\"@type\":\"BreadcrumbList\",\"@id\":\"https:\/\/www.m-q.ch\/seghezzi-preis-verliehen\/#breadcrumb\",\"itemListElement\":[{\"@type\":\"ListItem\",\"position\":1,\"name\":\"Qualit\u00e4tsmanagement\",\"item\":\"https:\/\/www.m-q.ch\/kategorie\/qualitaetsmanagement\/\"},{\"@type\":\"ListItem\",\"position\":2,\"name\":\"SFAQ verleiht Seghezzi-Preis\"}]},{\"@type\":\"WebSite\",\"@id\":\"https:\/\/www.m-q.ch\/fr\/#website\",\"url\":\"https:\/\/www.m-q.ch\/fr\/\",\"name\":\"MQ Management und Qualit\u00e4t\",\"description\":\"Plattform f\u00fcr integrierte Managementsysteme.\",\"publisher\":{\"@id\":\"https:\/\/www.m-q.ch\/fr\/#organization\"},\"potentialAction\":[{\"@type\":\"SearchAction\",\"target\":{\"@type\":\"EntryPoint\",\"urlTemplate\":\"https:\/\/www.m-q.ch\/fr\/?s={search_term_string}\"},\"query-input\":{\"@type\":\"PropertyValueSpecification\",\"valueRequired\":true,\"valueName\":\"search_term_string\"}}],\"inLanguage\":\"de\"},{\"@type\":\"Organization\",\"@id\":\"https:\/\/www.m-q.ch\/fr\/#organization\",\"name\":\"Galledia Fachmedien AG\",\"url\":\"https:\/\/www.m-q.ch\/fr\/\",\"logo\":{\"@type\":\"ImageObject\",\"inLanguage\":\"de\",\"@id\":\"https:\/\/www.m-q.ch\/fr\/#\/schema\/logo\/image\/\",\"url\":\"https:\/\/www.m-q.ch\/wp-content\/uploads\/2020\/12\/cropped-logo_small.png\",\"contentUrl\":\"https:\/\/www.m-q.ch\/wp-content\/uploads\/2020\/12\/cropped-logo_small.png\",\"width\":512,\"height\":512,\"caption\":\"Galledia Fachmedien AG\"},\"image\":{\"@id\":\"https:\/\/www.m-q.ch\/fr\/#\/schema\/logo\/image\/\"},\"sameAs\":[\"https:\/\/www.facebook.com\/ManagementUndQualitaet\",\"https:\/\/www.linkedin.com\/showcase\/17982321\/admin\/\"]},{\"@type\":\"Person\",\"@id\":\"https:\/\/www.m-q.ch\/fr\/#\/schema\/person\/47d540e081acd98ccbeb69b55df653d7\",\"name\":\"Roger Str\u00e4ssle\",\"image\":{\"@type\":\"ImageObject\",\"inLanguage\":\"de\",\"@id\":\"https:\/\/www.m-q.ch\/fr\/#\/schema\/person\/image\/\",\"url\":\"https:\/\/secure.gravatar.com\/avatar\/e4dde3046d8a184d2e2d27651a418883?s=96&d=mm&r=g\",\"contentUrl\":\"https:\/\/secure.gravatar.com\/avatar\/e4dde3046d8a184d2e2d27651a418883?s=96&d=mm&r=g\",\"caption\":\"Roger Str\u00e4ssle\"},\"url\":\"https:\/\/www.m-q.ch\/de\/author\/roger-straessle\/\"}]}<\/script>\n<!-- \/ Yoast SEO plugin. -->","yoast_head_json":{"title":"SFAQ verleiht Seghezzi-Preis - MQ Management und Qualit\u00e4t","description":"Die SFAQ (Schweizerischen Stiftung f\u00fcr Forschung und Ausbildung Qualit\u00e4t) hat den Seghezzi-Award 2021 verliehen.","robots":{"index":"index","follow":"follow","max-snippet":"max-snippet:-1","max-image-preview":"max-image-preview:large","max-video-preview":"max-video-preview:-1"},"canonical":"https:\/\/www.m-q.ch\/de\/seghezzi-preis-verliehen\/","og_locale":"de_DE","og_type":"article","og_title":"SFAQ verleiht Seghezzi-Preis - MQ Management und Qualit\u00e4t","og_description":"Die SFAQ (Schweizerischen Stiftung f\u00fcr Forschung und Ausbildung Qualit\u00e4t) hat den Seghezzi-Award 2021 verliehen.","og_url":"https:\/\/www.m-q.ch\/de\/seghezzi-preis-verliehen\/","og_site_name":"MQ Management und Qualit\u00e4t","article_publisher":"https:\/\/www.facebook.com\/ManagementUndQualitaet","article_published_time":"2021-05-04T16:00:09+00:00","article_modified_time":"2021-05-11T16:30:40+00:00","og_image":[{"width":2560,"height":1625,"url":"https:\/\/www.m-q.ch\/wp-content\/uploads\/2021\/05\/IMG_3029klein-scaled.jpg","type":"image\/jpeg"}],"author":"Roger Str\u00e4ssle","twitter_card":"summary_large_image","twitter_misc":{"Verfasst von":"Roger Str\u00e4ssle","Gesch\u00e4tzte Lesezeit":"3\u00a0Minuten"},"schema":{"@context":"https:\/\/schema.org","@graph":[{"@type":"Article","@id":"https:\/\/www.m-q.ch\/seghezzi-preis-verliehen\/#article","isPartOf":{"@id":"https:\/\/www.m-q.ch\/seghezzi-preis-verliehen\/"},"author":{"name":"Roger Str\u00e4ssle","@id":"https:\/\/www.m-q.ch\/fr\/#\/schema\/person\/47d540e081acd98ccbeb69b55df653d7"},"headline":"SFAQ verleiht Seghezzi-Preis","datePublished":"2021-05-04T16:00:09+00:00","dateModified":"2021-05-11T16:30:40+00:00","mainEntityOfPage":{"@id":"https:\/\/www.m-q.ch\/seghezzi-preis-verliehen\/"},"wordCount":691,"publisher":{"@id":"https:\/\/www.m-q.ch\/fr\/#organization"},"image":{"@id":"https:\/\/www.m-q.ch\/seghezzi-preis-verliehen\/#primaryimage"},"thumbnailUrl":"https:\/\/www.m-q.ch\/wp-content\/uploads\/2021\/05\/IMG_3029klein-scaled.jpg","keywords":["\u00abUsing deep learning to detect assembly errors\u00bb","SAW","Schweizerischen Stiftung f\u00fcr Forschung und Ausbildung Qualit\u00e4t","SFFAQ"],"articleSection":["Qualit\u00e4tsmanagement"],"inLanguage":"de"},{"@type":"WebPage","@id":"https:\/\/www.m-q.ch\/seghezzi-preis-verliehen\/","url":"https:\/\/www.m-q.ch\/seghezzi-preis-verliehen\/","name":"SFAQ verleiht Seghezzi-Preis - MQ Management und Qualit\u00e4t","isPartOf":{"@id":"https:\/\/www.m-q.ch\/fr\/#website"},"primaryImageOfPage":{"@id":"https:\/\/www.m-q.ch\/seghezzi-preis-verliehen\/#primaryimage"},"image":{"@id":"https:\/\/www.m-q.ch\/seghezzi-preis-verliehen\/#primaryimage"},"thumbnailUrl":"https:\/\/www.m-q.ch\/wp-content\/uploads\/2021\/05\/IMG_3029klein-scaled.jpg","datePublished":"2021-05-04T16:00:09+00:00","dateModified":"2021-05-11T16:30:40+00:00","description":"Die SFAQ (Schweizerischen Stiftung f\u00fcr Forschung und Ausbildung Qualit\u00e4t) hat den Seghezzi-Award 2021 verliehen.","breadcrumb":{"@id":"https:\/\/www.m-q.ch\/seghezzi-preis-verliehen\/#breadcrumb"},"inLanguage":"de","potentialAction":[{"@type":"ReadAction","target":["https:\/\/www.m-q.ch\/seghezzi-preis-verliehen\/"]}]},{"@type":"ImageObject","inLanguage":"de","@id":"https:\/\/www.m-q.ch\/seghezzi-preis-verliehen\/#primaryimage","url":"https:\/\/www.m-q.ch\/wp-content\/uploads\/2021\/05\/IMG_3029klein-scaled.jpg","contentUrl":"https:\/\/www.m-q.ch\/wp-content\/uploads\/2021\/05\/IMG_3029klein-scaled.jpg","width":2560,"height":1625,"caption":"V.l.n.r.: Jury-Pr\u00e4sidentin Martina Z\u00f6lch, Preisgewinner Philipp Schaber sowie SFAQ-Stiftungsratsmitglied Felix M\u00fcller. \u00a9 Roger Str\u00e4ssle"},{"@type":"BreadcrumbList","@id":"https:\/\/www.m-q.ch\/seghezzi-preis-verliehen\/#breadcrumb","itemListElement":[{"@type":"ListItem","position":1,"name":"Qualit\u00e4tsmanagement","item":"https:\/\/www.m-q.ch\/kategorie\/qualitaetsmanagement\/"},{"@type":"ListItem","position":2,"name":"SFAQ verleiht Seghezzi-Preis"}]},{"@type":"WebSite","@id":"https:\/\/www.m-q.ch\/fr\/#website","url":"https:\/\/www.m-q.ch\/fr\/","name":"MQ Management und Qualit\u00e4t","description":"Plattform f\u00fcr integrierte Managementsysteme.","publisher":{"@id":"https:\/\/www.m-q.ch\/fr\/#organization"},"potentialAction":[{"@type":"SearchAction","target":{"@type":"EntryPoint","urlTemplate":"https:\/\/www.m-q.ch\/fr\/?s={search_term_string}"},"query-input":{"@type":"PropertyValueSpecification","valueRequired":true,"valueName":"search_term_string"}}],"inLanguage":"de"},{"@type":"Organization","@id":"https:\/\/www.m-q.ch\/fr\/#organization","name":"Galledia Fachmedien AG","url":"https:\/\/www.m-q.ch\/fr\/","logo":{"@type":"ImageObject","inLanguage":"de","@id":"https:\/\/www.m-q.ch\/fr\/#\/schema\/logo\/image\/","url":"https:\/\/www.m-q.ch\/wp-content\/uploads\/2020\/12\/cropped-logo_small.png","contentUrl":"https:\/\/www.m-q.ch\/wp-content\/uploads\/2020\/12\/cropped-logo_small.png","width":512,"height":512,"caption":"Galledia Fachmedien AG"},"image":{"@id":"https:\/\/www.m-q.ch\/fr\/#\/schema\/logo\/image\/"},"sameAs":["https:\/\/www.facebook.com\/ManagementUndQualitaet","https:\/\/www.linkedin.com\/showcase\/17982321\/admin\/"]},{"@type":"Person","@id":"https:\/\/www.m-q.ch\/fr\/#\/schema\/person\/47d540e081acd98ccbeb69b55df653d7","name":"Roger Str\u00e4ssle","image":{"@type":"ImageObject","inLanguage":"de","@id":"https:\/\/www.m-q.ch\/fr\/#\/schema\/person\/image\/","url":"https:\/\/secure.gravatar.com\/avatar\/e4dde3046d8a184d2e2d27651a418883?s=96&d=mm&r=g","contentUrl":"https:\/\/secure.gravatar.com\/avatar\/e4dde3046d8a184d2e2d27651a418883?s=96&d=mm&r=g","caption":"Roger Str\u00e4ssle"},"url":"https:\/\/www.m-q.ch\/de\/author\/roger-straessle\/"}]}},"_links":{"self":[{"href":"https:\/\/www.m-q.ch\/de\/wp-json\/wp\/v2\/posts\/14231","targetHints":{"allow":["GET"]}}],"collection":[{"href":"https:\/\/www.m-q.ch\/de\/wp-json\/wp\/v2\/posts"}],"about":[{"href":"https:\/\/www.m-q.ch\/de\/wp-json\/wp\/v2\/types\/post"}],"author":[{"embeddable":true,"href":"https:\/\/www.m-q.ch\/de\/wp-json\/wp\/v2\/users\/35"}],"replies":[{"embeddable":true,"href":"https:\/\/www.m-q.ch\/de\/wp-json\/wp\/v2\/comments?post=14231"}],"version-history":[{"count":16,"href":"https:\/\/www.m-q.ch\/de\/wp-json\/wp\/v2\/posts\/14231\/revisions"}],"predecessor-version":[{"id":14298,"href":"https:\/\/www.m-q.ch\/de\/wp-json\/wp\/v2\/posts\/14231\/revisions\/14298"}],"wp:featuredmedia":[{"embeddable":true,"href":"https:\/\/www.m-q.ch\/de\/wp-json\/wp\/v2\/media\/14241"}],"wp:attachment":[{"href":"https:\/\/www.m-q.ch\/de\/wp-json\/wp\/v2\/media?parent=14231"}],"wp:term":[{"taxonomy":"category","embeddable":true,"href":"https:\/\/www.m-q.ch\/de\/wp-json\/wp\/v2\/categories?post=14231"},{"taxonomy":"post_tag","embeddable":true,"href":"https:\/\/www.m-q.ch\/de\/wp-json\/wp\/v2\/tags?post=14231"}],"curies":[{"name":"wp","href":"https:\/\/api.w.org\/{rel}","templated":true}]}}