{"id":14429,"date":"2021-06-02T10:40:59","date_gmt":"2021-06-02T08:40:59","guid":{"rendered":"https:\/\/www.m-q.ch\/?p=14429"},"modified":"2021-06-03T14:00:51","modified_gmt":"2021-06-03T12:00:51","slug":"arbeitssicherheit","status":"publish","type":"post","link":"https:\/\/www.m-q.ch\/de\/arbeitssicherheit\/","title":{"rendered":"Korrekter Umgang mit Lasten entlastet das Firmenbudget"},"content":{"rendered":"<figure id=\"attachment_14430\" aria-describedby=\"caption-attachment-14430\" style=\"width: 2520px\" class=\"wp-caption aligncenter\"><img loading=\"lazy\" decoding=\"async\" class=\"wp-image-14430 size-full\" src=\"https:\/\/www.m-q.ch\/wp-content\/uploads\/2021\/05\/Lasten_heben_MM.jpg\" alt=\"Arbeitssicherheit, Suva, Ausfalltage, schwere Lasten\" width=\"2520\" height=\"1418\" srcset=\"https:\/\/www.m-q.ch\/wp-content\/uploads\/2021\/05\/Lasten_heben_MM.jpg 2520w, https:\/\/www.m-q.ch\/wp-content\/uploads\/2021\/05\/Lasten_heben_MM-768x432.jpg 768w, https:\/\/www.m-q.ch\/wp-content\/uploads\/2021\/05\/Lasten_heben_MM-1536x864.jpg 1536w, https:\/\/www.m-q.ch\/wp-content\/uploads\/2021\/05\/Lasten_heben_MM-2048x1152.jpg 2048w, https:\/\/www.m-q.ch\/wp-content\/uploads\/2021\/05\/Lasten_heben_MM-16x9.jpg 16w, https:\/\/www.m-q.ch\/wp-content\/uploads\/2021\/05\/Lasten_heben_MM-311x175.jpg 311w, https:\/\/www.m-q.ch\/wp-content\/uploads\/2021\/05\/Lasten_heben_MM-622x350.jpg 622w, https:\/\/www.m-q.ch\/wp-content\/uploads\/2021\/05\/Lasten_heben_MM-1422x800.jpg 1422w, https:\/\/www.m-q.ch\/wp-content\/uploads\/2021\/05\/Lasten_heben_MM-920x518.jpg 920w, https:\/\/www.m-q.ch\/wp-content\/uploads\/2021\/05\/Lasten_heben_MM-1400x788.jpg 1400w, https:\/\/www.m-q.ch\/wp-content\/uploads\/2021\/05\/Lasten_heben_MM-300x169.jpg 300w\" sizes=\"auto, (max-width: 2520px) 100vw, 2520px\" \/><figcaption id=\"caption-attachment-14430\" class=\"wp-caption-text\">Hilfsmittel ben\u00fctzen, Arbeitssicherheit geht vor. \u00a9 Suva<\/figcaption><\/figure>\n<p>Wer schwere Lasten falsch und ohne Hilfsmittel transportiert, schadet seinem K\u00f6rper. \u00abK\u00f6rperliche \u00dcberlastungen k\u00f6nnen Sehnenentz\u00fcndungen, Abn\u00fctzungserscheinungen wie beispielsweise Arthrose oder zu R\u00fcckenbeschwerden f\u00fchren. In Extremfall \u00e4ussern sich diese R\u00fcckenbeschwerden mit einem Bandscheibenvorfall\u00bb, erkl\u00e4rt Christian M\u00fcller, Experte f\u00fcr Ergonomie bei der Suva.<\/p>\n<h3>Ausfalltage kosten ein Verm\u00f6gen<\/h3>\n<p>Abgesehen von k\u00f6rperlichem Leid, entstehen hohe Kosten, weil die verletzten Arbeitnehmenden am Arbeitsplatz ausfallen. Die Statistik zeigt, dass 670&#8217;000 Arbeitnehmende an berufsbedingten Beschwerden des Bewegungsapparats leiden und dadurch im Schnitt w\u00e4hrend drei Arbeitstagen pro Jahr fehlen. Die Suva rechnet mit rund 1000 Franken pro Ausfalltag, womit sich die Kosten insgesamt auf \u00fcber 2 Milliarden Franken belaufen, welche das Gesundheitssystem, die Betriebe und den gesamten Werkplatz Schweiz belasten.<strong>\u00a0<\/strong><\/p>\n<h3><strong>Zeit sparen mit Hilfsmitteln<\/strong><\/h3>\n<p>Der Einsatz von Hilfsmitteln erm\u00f6glicht\u00a0die nachhaltige Verminderung von Unf\u00e4llen, \u00dcberbelastungen sowie letztendlich k\u00f6rperlichen Beschwerden. Der Nutzen geht aber dar\u00fcber hinaus, denn mit Hilfsmitteln kann auch Zeit gespart werden. \u00abEin Paketzusteller, der bei der Arbeit geeignete Hilfsmittel verwendet, schont seinen Bewegungsapparat und spart viel Kraft. Damit kann er sein Arbeitstempo auch an einem langen Arbeitstag bis zum Feierabend halten.\u00bb, sagt M\u00fcller.<\/p>\n<p>Die Hilfsmittel sind zahlreich und ihr Einsatz unterscheidet sich vom zu transportierenden Gegenstand sowie vom Anwendungsort. Beim Transfer von Paketen gibt es diverse Hilfsmittel, die den Arbeitsalltag erleichtern k\u00f6nnen. Sind die Pakete beim Bereitstellen der Lieferungen auf Paletten gestapelt, erm\u00f6glicht der Einsatz eines Scherenhubwagens, dass man die Pakete auf H\u00fcfth\u00f6he heben kann, was den R\u00fccken massiv entlastet. Bei besonders schweren Paketen k\u00f6nnen Hebehilfen wie beispielsweise Vakuumheber eingesetzt werden. Ist die Auslieferung beim Kunden \u00fcber flache Zug\u00e4nge m\u00f6glich, kann man Rollwagen oder Sackkarren einsetzen. Bei Treppenzug\u00e4ngen schaffen Treppensteiger Abhilfe. Zudem kann bei kleineren Paketen ein Traggurt sinnvoll sein.<\/p>\n<p>Neben dem Einsatz von Hilfsmitteln ist es wichtig, die Tourenplanung und den Fahrzeugverlad so zu gestalten, dass jedes Paket nur minimal und optimalerweise nur bei der Auslieferung selbst bewegt wird. Auch hier lassen sich Zeit und Kr\u00e4fte sparen.<\/p>\n<h3><strong>Imagegewinn dank Professionalit\u00e4t<\/strong><\/h3>\n<p>Nicht zuletzt zahlt ein professioneller Umgang mit Lasten auch auf das Unternehmensimage ein. Denn welcher Kunde freut sich, wenn er einem verschwitzten und gestressten Paketlieferanten die T\u00fcre \u00f6ffnen muss? Ein Unternehmen, dass seine Arbeitnehmenden professionell ausr\u00fcstet strahlt zudem Vertrauen aus gegen\u00fcber dem Kunden, dass die bestellte Ware ohne Zwischenf\u00e4lle und Transportsch\u00e4den beim Kunden ankommt.<\/p>\n<p><em>Weitere Informationen:<\/em><\/p>\n<ul>\n<li><em><a href=\"https:\/\/www.suva.ch\/de-CH\/material\/Factsheets\/clever-mit-lasten-umgehen\">Clever mit Lasten umgehen: Hilfsmittel einsetzen \u2013 es lohnt sich!\u00a0<\/a>\u00a0<\/em><\/li>\n<li><em><a href=\"https:\/\/www.suva.ch\/de-ch\/praevention\/sachthemen\/koerperliche-belastungen\">Ergonomie und k\u00f6rperliche Belastungen\u00a0<\/a>\u00a0<\/em><\/li>\n<li><a href=\"https:\/\/www.suva.ch\/de-CH\/material\/Kurs-Veranstaltung\/anmeldung-stas-schweizerische-tagung-fuer-arbeitssicherheit\"><em>Schweizerische Tagung f\u00fcr Arbeitssicherheit (STAS) vom 30. September 2021\u00a0<\/em><\/a>\u00a0<\/li>\n<\/ul>\n<p><em>Quelle: Suva<\/em><\/p>\n<p>&nbsp;<\/p>\n<p><em><strong>Weitere Themen:<\/strong>\u00a0<a href=\"https:\/\/www.m-q.ch\/de\/viele-richtlinien-ein-ziel-weniger-unfaelle\/\">Viele Richtlinien \u2013 ein Ziel: weniger Unf\u00e4lle<\/a><\/em><\/p>\n","protected":false},"excerpt":{"rendered":"<p>Wer schwere Lasten falsch und ohne Hilfsmittel transportiert, schadet seinem K\u00f6rper. \u00abK\u00f6rperliche \u00dcberlastungen k\u00f6nnen Sehnenentz\u00fcndungen, Abn\u00fctzungserscheinungen wie beispielsweise Arthrose oder zu R\u00fcckenbeschwerden f\u00fchren. In Extremfall \u00e4ussern sich diese R\u00fcckenbeschwerden mit einem Bandscheibenvorfall\u00bb, erkl\u00e4rt Christian M\u00fcller, Experte f\u00fcr Ergonomie bei der Suva. Ausfalltage kosten ein Verm\u00f6gen Abgesehen von k\u00f6rperlichem Leid, entstehen hohe Kosten, weil die verletzten [&hellip;]<\/p>\n","protected":false},"author":35,"featured_media":14430,"comment_status":"closed","ping_status":"closed","sticky":false,"template":"","format":"standard","meta":{"_acf_changed":false,"footnotes":""},"categories":[4],"tags":[3348,4995,4996,4997,4998],"class_list":["post-14429","post","type-post","status-publish","format-standard","has-post-thumbnail","hentry","category-risikomanagement","tag-arbeitssicherheit","tag-ausfalltage","tag-schwere-lasten","tag-treppenhilfe","tag-treppensteiger"],"acf":[],"yoast_head":"<!-- This site is optimized with the Yoast SEO plugin v26.2 - https:\/\/yoast.com\/wordpress\/plugins\/seo\/ -->\n<title>Korrekter Umgang mit Lasten entlastet das Firmenbudget - MQ Management und Qualit\u00e4t<\/title>\n<meta name=\"description\" content=\"Arbeitssicherheit geht vor, auch beim Heben, Tragen usw. von Lasten, denn das kann zu Beschwerden am Bewegungsapparat f\u00fchren.\" \/>\n<meta name=\"robots\" content=\"index, follow, max-snippet:-1, max-image-preview:large, max-video-preview:-1\" \/>\n<link rel=\"canonical\" href=\"https:\/\/www.m-q.ch\/de\/arbeitssicherheit\/\" \/>\n<meta property=\"og:locale\" content=\"de_DE\" \/>\n<meta property=\"og:type\" content=\"article\" \/>\n<meta property=\"og:title\" content=\"Korrekter Umgang mit Lasten entlastet das Firmenbudget - MQ Management und Qualit\u00e4t\" \/>\n<meta property=\"og:description\" content=\"Arbeitssicherheit geht vor, auch beim Heben, Tragen usw. von Lasten, denn das kann zu Beschwerden am Bewegungsapparat f\u00fchren.\" \/>\n<meta property=\"og:url\" content=\"https:\/\/www.m-q.ch\/de\/arbeitssicherheit\/\" \/>\n<meta property=\"og:site_name\" content=\"MQ Management und Qualit\u00e4t\" \/>\n<meta property=\"article:publisher\" content=\"https:\/\/www.facebook.com\/ManagementUndQualitaet\" \/>\n<meta property=\"article:published_time\" content=\"2021-06-02T08:40:59+00:00\" \/>\n<meta property=\"article:modified_time\" content=\"2021-06-03T12:00:51+00:00\" \/>\n<meta property=\"og:image\" content=\"https:\/\/www.m-q.ch\/wp-content\/uploads\/2021\/05\/Lasten_heben_MM.jpg\" \/>\n\t<meta property=\"og:image:width\" content=\"2520\" \/>\n\t<meta property=\"og:image:height\" content=\"1418\" \/>\n\t<meta property=\"og:image:type\" content=\"image\/jpeg\" \/>\n<meta name=\"author\" content=\"Roger Str\u00e4ssle\" \/>\n<meta name=\"twitter:card\" content=\"summary_large_image\" \/>\n<meta name=\"twitter:label1\" content=\"Verfasst von\" \/>\n\t<meta name=\"twitter:data1\" content=\"Roger Str\u00e4ssle\" \/>\n\t<meta name=\"twitter:label2\" content=\"Gesch\u00e4tzte Lesezeit\" \/>\n\t<meta name=\"twitter:data2\" content=\"2\u00a0Minuten\" \/>\n<script type=\"application\/ld+json\" class=\"yoast-schema-graph\">{\"@context\":\"https:\/\/schema.org\",\"@graph\":[{\"@type\":\"Article\",\"@id\":\"https:\/\/www.m-q.ch\/arbeitssicherheit\/#article\",\"isPartOf\":{\"@id\":\"https:\/\/www.m-q.ch\/arbeitssicherheit\/\"},\"author\":{\"name\":\"Roger Str\u00e4ssle\",\"@id\":\"https:\/\/www.m-q.ch\/fr\/#\/schema\/person\/47d540e081acd98ccbeb69b55df653d7\"},\"headline\":\"Korrekter Umgang mit Lasten entlastet das Firmenbudget\",\"datePublished\":\"2021-06-02T08:40:59+00:00\",\"dateModified\":\"2021-06-03T12:00:51+00:00\",\"mainEntityOfPage\":{\"@id\":\"https:\/\/www.m-q.ch\/arbeitssicherheit\/\"},\"wordCount\":459,\"publisher\":{\"@id\":\"https:\/\/www.m-q.ch\/fr\/#organization\"},\"image\":{\"@id\":\"https:\/\/www.m-q.ch\/arbeitssicherheit\/#primaryimage\"},\"thumbnailUrl\":\"https:\/\/www.m-q.ch\/wp-content\/uploads\/2021\/05\/Lasten_heben_MM.jpg\",\"keywords\":[\"Arbeitssicherheit\",\"Ausfalltage\",\"schwere Lasten\",\"Treppenhilfe\",\"Treppensteiger\"],\"articleSection\":[\"Risikomanagement\"],\"inLanguage\":\"de\"},{\"@type\":\"WebPage\",\"@id\":\"https:\/\/www.m-q.ch\/arbeitssicherheit\/\",\"url\":\"https:\/\/www.m-q.ch\/arbeitssicherheit\/\",\"name\":\"Korrekter Umgang mit Lasten entlastet das Firmenbudget - MQ Management und Qualit\u00e4t\",\"isPartOf\":{\"@id\":\"https:\/\/www.m-q.ch\/fr\/#website\"},\"primaryImageOfPage\":{\"@id\":\"https:\/\/www.m-q.ch\/arbeitssicherheit\/#primaryimage\"},\"image\":{\"@id\":\"https:\/\/www.m-q.ch\/arbeitssicherheit\/#primaryimage\"},\"thumbnailUrl\":\"https:\/\/www.m-q.ch\/wp-content\/uploads\/2021\/05\/Lasten_heben_MM.jpg\",\"datePublished\":\"2021-06-02T08:40:59+00:00\",\"dateModified\":\"2021-06-03T12:00:51+00:00\",\"description\":\"Arbeitssicherheit geht vor, auch beim Heben, Tragen usw. von Lasten, denn das kann zu Beschwerden am Bewegungsapparat f\u00fchren.\",\"breadcrumb\":{\"@id\":\"https:\/\/www.m-q.ch\/arbeitssicherheit\/#breadcrumb\"},\"inLanguage\":\"de\",\"potentialAction\":[{\"@type\":\"ReadAction\",\"target\":[\"https:\/\/www.m-q.ch\/arbeitssicherheit\/\"]}]},{\"@type\":\"ImageObject\",\"inLanguage\":\"de\",\"@id\":\"https:\/\/www.m-q.ch\/arbeitssicherheit\/#primaryimage\",\"url\":\"https:\/\/www.m-q.ch\/wp-content\/uploads\/2021\/05\/Lasten_heben_MM.jpg\",\"contentUrl\":\"https:\/\/www.m-q.ch\/wp-content\/uploads\/2021\/05\/Lasten_heben_MM.jpg\",\"width\":2520,\"height\":1418,\"caption\":\"\u00a9 Suva\"},{\"@type\":\"BreadcrumbList\",\"@id\":\"https:\/\/www.m-q.ch\/arbeitssicherheit\/#breadcrumb\",\"itemListElement\":[{\"@type\":\"ListItem\",\"position\":1,\"name\":\"Risikomanagement\",\"item\":\"https:\/\/www.m-q.ch\/kategorie\/risikomanagement\/\"},{\"@type\":\"ListItem\",\"position\":2,\"name\":\"Korrekter Umgang mit Lasten entlastet das Firmenbudget\"}]},{\"@type\":\"WebSite\",\"@id\":\"https:\/\/www.m-q.ch\/fr\/#website\",\"url\":\"https:\/\/www.m-q.ch\/fr\/\",\"name\":\"MQ Management und Qualit\u00e4t\",\"description\":\"Plattform f\u00fcr integrierte Managementsysteme.\",\"publisher\":{\"@id\":\"https:\/\/www.m-q.ch\/fr\/#organization\"},\"potentialAction\":[{\"@type\":\"SearchAction\",\"target\":{\"@type\":\"EntryPoint\",\"urlTemplate\":\"https:\/\/www.m-q.ch\/fr\/?s={search_term_string}\"},\"query-input\":{\"@type\":\"PropertyValueSpecification\",\"valueRequired\":true,\"valueName\":\"search_term_string\"}}],\"inLanguage\":\"de\"},{\"@type\":\"Organization\",\"@id\":\"https:\/\/www.m-q.ch\/fr\/#organization\",\"name\":\"Galledia Fachmedien AG\",\"url\":\"https:\/\/www.m-q.ch\/fr\/\",\"logo\":{\"@type\":\"ImageObject\",\"inLanguage\":\"de\",\"@id\":\"https:\/\/www.m-q.ch\/fr\/#\/schema\/logo\/image\/\",\"url\":\"https:\/\/www.m-q.ch\/wp-content\/uploads\/2020\/12\/cropped-logo_small.png\",\"contentUrl\":\"https:\/\/www.m-q.ch\/wp-content\/uploads\/2020\/12\/cropped-logo_small.png\",\"width\":512,\"height\":512,\"caption\":\"Galledia Fachmedien AG\"},\"image\":{\"@id\":\"https:\/\/www.m-q.ch\/fr\/#\/schema\/logo\/image\/\"},\"sameAs\":[\"https:\/\/www.facebook.com\/ManagementUndQualitaet\",\"https:\/\/www.linkedin.com\/showcase\/17982321\/admin\/\"]},{\"@type\":\"Person\",\"@id\":\"https:\/\/www.m-q.ch\/fr\/#\/schema\/person\/47d540e081acd98ccbeb69b55df653d7\",\"name\":\"Roger Str\u00e4ssle\",\"image\":{\"@type\":\"ImageObject\",\"inLanguage\":\"de\",\"@id\":\"https:\/\/www.m-q.ch\/fr\/#\/schema\/person\/image\/\",\"url\":\"https:\/\/secure.gravatar.com\/avatar\/e4dde3046d8a184d2e2d27651a418883?s=96&d=mm&r=g\",\"contentUrl\":\"https:\/\/secure.gravatar.com\/avatar\/e4dde3046d8a184d2e2d27651a418883?s=96&d=mm&r=g\",\"caption\":\"Roger Str\u00e4ssle\"},\"url\":\"https:\/\/www.m-q.ch\/de\/author\/roger-straessle\/\"}]}<\/script>\n<!-- \/ Yoast SEO plugin. -->","yoast_head_json":{"title":"Korrekter Umgang mit Lasten entlastet das Firmenbudget - MQ Management und Qualit\u00e4t","description":"Arbeitssicherheit geht vor, auch beim Heben, Tragen usw. von Lasten, denn das kann zu Beschwerden am Bewegungsapparat f\u00fchren.","robots":{"index":"index","follow":"follow","max-snippet":"max-snippet:-1","max-image-preview":"max-image-preview:large","max-video-preview":"max-video-preview:-1"},"canonical":"https:\/\/www.m-q.ch\/de\/arbeitssicherheit\/","og_locale":"de_DE","og_type":"article","og_title":"Korrekter Umgang mit Lasten entlastet das Firmenbudget - MQ Management und Qualit\u00e4t","og_description":"Arbeitssicherheit geht vor, auch beim Heben, Tragen usw. von Lasten, denn das kann zu Beschwerden am Bewegungsapparat f\u00fchren.","og_url":"https:\/\/www.m-q.ch\/de\/arbeitssicherheit\/","og_site_name":"MQ Management und Qualit\u00e4t","article_publisher":"https:\/\/www.facebook.com\/ManagementUndQualitaet","article_published_time":"2021-06-02T08:40:59+00:00","article_modified_time":"2021-06-03T12:00:51+00:00","og_image":[{"width":2520,"height":1418,"url":"https:\/\/www.m-q.ch\/wp-content\/uploads\/2021\/05\/Lasten_heben_MM.jpg","type":"image\/jpeg"}],"author":"Roger Str\u00e4ssle","twitter_card":"summary_large_image","twitter_misc":{"Verfasst von":"Roger Str\u00e4ssle","Gesch\u00e4tzte Lesezeit":"2\u00a0Minuten"},"schema":{"@context":"https:\/\/schema.org","@graph":[{"@type":"Article","@id":"https:\/\/www.m-q.ch\/arbeitssicherheit\/#article","isPartOf":{"@id":"https:\/\/www.m-q.ch\/arbeitssicherheit\/"},"author":{"name":"Roger Str\u00e4ssle","@id":"https:\/\/www.m-q.ch\/fr\/#\/schema\/person\/47d540e081acd98ccbeb69b55df653d7"},"headline":"Korrekter Umgang mit Lasten entlastet das Firmenbudget","datePublished":"2021-06-02T08:40:59+00:00","dateModified":"2021-06-03T12:00:51+00:00","mainEntityOfPage":{"@id":"https:\/\/www.m-q.ch\/arbeitssicherheit\/"},"wordCount":459,"publisher":{"@id":"https:\/\/www.m-q.ch\/fr\/#organization"},"image":{"@id":"https:\/\/www.m-q.ch\/arbeitssicherheit\/#primaryimage"},"thumbnailUrl":"https:\/\/www.m-q.ch\/wp-content\/uploads\/2021\/05\/Lasten_heben_MM.jpg","keywords":["Arbeitssicherheit","Ausfalltage","schwere Lasten","Treppenhilfe","Treppensteiger"],"articleSection":["Risikomanagement"],"inLanguage":"de"},{"@type":"WebPage","@id":"https:\/\/www.m-q.ch\/arbeitssicherheit\/","url":"https:\/\/www.m-q.ch\/arbeitssicherheit\/","name":"Korrekter Umgang mit Lasten entlastet das Firmenbudget - MQ Management und Qualit\u00e4t","isPartOf":{"@id":"https:\/\/www.m-q.ch\/fr\/#website"},"primaryImageOfPage":{"@id":"https:\/\/www.m-q.ch\/arbeitssicherheit\/#primaryimage"},"image":{"@id":"https:\/\/www.m-q.ch\/arbeitssicherheit\/#primaryimage"},"thumbnailUrl":"https:\/\/www.m-q.ch\/wp-content\/uploads\/2021\/05\/Lasten_heben_MM.jpg","datePublished":"2021-06-02T08:40:59+00:00","dateModified":"2021-06-03T12:00:51+00:00","description":"Arbeitssicherheit geht vor, auch beim Heben, Tragen usw. von Lasten, denn das kann zu Beschwerden am Bewegungsapparat f\u00fchren.","breadcrumb":{"@id":"https:\/\/www.m-q.ch\/arbeitssicherheit\/#breadcrumb"},"inLanguage":"de","potentialAction":[{"@type":"ReadAction","target":["https:\/\/www.m-q.ch\/arbeitssicherheit\/"]}]},{"@type":"ImageObject","inLanguage":"de","@id":"https:\/\/www.m-q.ch\/arbeitssicherheit\/#primaryimage","url":"https:\/\/www.m-q.ch\/wp-content\/uploads\/2021\/05\/Lasten_heben_MM.jpg","contentUrl":"https:\/\/www.m-q.ch\/wp-content\/uploads\/2021\/05\/Lasten_heben_MM.jpg","width":2520,"height":1418,"caption":"\u00a9 Suva"},{"@type":"BreadcrumbList","@id":"https:\/\/www.m-q.ch\/arbeitssicherheit\/#breadcrumb","itemListElement":[{"@type":"ListItem","position":1,"name":"Risikomanagement","item":"https:\/\/www.m-q.ch\/kategorie\/risikomanagement\/"},{"@type":"ListItem","position":2,"name":"Korrekter Umgang mit Lasten entlastet das Firmenbudget"}]},{"@type":"WebSite","@id":"https:\/\/www.m-q.ch\/fr\/#website","url":"https:\/\/www.m-q.ch\/fr\/","name":"MQ Management und Qualit\u00e4t","description":"Plattform f\u00fcr integrierte Managementsysteme.","publisher":{"@id":"https:\/\/www.m-q.ch\/fr\/#organization"},"potentialAction":[{"@type":"SearchAction","target":{"@type":"EntryPoint","urlTemplate":"https:\/\/www.m-q.ch\/fr\/?s={search_term_string}"},"query-input":{"@type":"PropertyValueSpecification","valueRequired":true,"valueName":"search_term_string"}}],"inLanguage":"de"},{"@type":"Organization","@id":"https:\/\/www.m-q.ch\/fr\/#organization","name":"Galledia Fachmedien AG","url":"https:\/\/www.m-q.ch\/fr\/","logo":{"@type":"ImageObject","inLanguage":"de","@id":"https:\/\/www.m-q.ch\/fr\/#\/schema\/logo\/image\/","url":"https:\/\/www.m-q.ch\/wp-content\/uploads\/2020\/12\/cropped-logo_small.png","contentUrl":"https:\/\/www.m-q.ch\/wp-content\/uploads\/2020\/12\/cropped-logo_small.png","width":512,"height":512,"caption":"Galledia Fachmedien AG"},"image":{"@id":"https:\/\/www.m-q.ch\/fr\/#\/schema\/logo\/image\/"},"sameAs":["https:\/\/www.facebook.com\/ManagementUndQualitaet","https:\/\/www.linkedin.com\/showcase\/17982321\/admin\/"]},{"@type":"Person","@id":"https:\/\/www.m-q.ch\/fr\/#\/schema\/person\/47d540e081acd98ccbeb69b55df653d7","name":"Roger Str\u00e4ssle","image":{"@type":"ImageObject","inLanguage":"de","@id":"https:\/\/www.m-q.ch\/fr\/#\/schema\/person\/image\/","url":"https:\/\/secure.gravatar.com\/avatar\/e4dde3046d8a184d2e2d27651a418883?s=96&d=mm&r=g","contentUrl":"https:\/\/secure.gravatar.com\/avatar\/e4dde3046d8a184d2e2d27651a418883?s=96&d=mm&r=g","caption":"Roger Str\u00e4ssle"},"url":"https:\/\/www.m-q.ch\/de\/author\/roger-straessle\/"}]}},"_links":{"self":[{"href":"https:\/\/www.m-q.ch\/de\/wp-json\/wp\/v2\/posts\/14429","targetHints":{"allow":["GET"]}}],"collection":[{"href":"https:\/\/www.m-q.ch\/de\/wp-json\/wp\/v2\/posts"}],"about":[{"href":"https:\/\/www.m-q.ch\/de\/wp-json\/wp\/v2\/types\/post"}],"author":[{"embeddable":true,"href":"https:\/\/www.m-q.ch\/de\/wp-json\/wp\/v2\/users\/35"}],"replies":[{"embeddable":true,"href":"https:\/\/www.m-q.ch\/de\/wp-json\/wp\/v2\/comments?post=14429"}],"version-history":[{"count":4,"href":"https:\/\/www.m-q.ch\/de\/wp-json\/wp\/v2\/posts\/14429\/revisions"}],"predecessor-version":[{"id":14434,"href":"https:\/\/www.m-q.ch\/de\/wp-json\/wp\/v2\/posts\/14429\/revisions\/14434"}],"wp:featuredmedia":[{"embeddable":true,"href":"https:\/\/www.m-q.ch\/de\/wp-json\/wp\/v2\/media\/14430"}],"wp:attachment":[{"href":"https:\/\/www.m-q.ch\/de\/wp-json\/wp\/v2\/media?parent=14429"}],"wp:term":[{"taxonomy":"category","embeddable":true,"href":"https:\/\/www.m-q.ch\/de\/wp-json\/wp\/v2\/categories?post=14429"},{"taxonomy":"post_tag","embeddable":true,"href":"https:\/\/www.m-q.ch\/de\/wp-json\/wp\/v2\/tags?post=14429"}],"curies":[{"name":"wp","href":"https:\/\/api.w.org\/{rel}","templated":true}]}}