{"id":14602,"date":"2021-06-18T16:28:28","date_gmt":"2021-06-18T14:28:28","guid":{"rendered":"https:\/\/www.m-q.ch\/?p=14602"},"modified":"2021-06-25T08:52:32","modified_gmt":"2021-06-25T06:52:32","slug":"coronavirus-obergrenze-fuer-notleidende-kmu-erhoeht","status":"publish","type":"post","link":"https:\/\/www.m-q.ch\/de\/coronavirus-obergrenze-fuer-notleidende-kmu-erhoeht\/","title":{"rendered":"Coronavirus: Obergrenze f\u00fcr notleidende KMU erh\u00f6ht"},"content":{"rendered":"<figure id=\"attachment_14603\" aria-describedby=\"caption-attachment-14603\" style=\"width: 999px\" class=\"wp-caption aligncenter\"><img loading=\"lazy\" decoding=\"async\" class=\"size-full wp-image-14603\" src=\"https:\/\/www.m-q.ch\/wp-content\/uploads\/2021\/06\/Depositphotos_4555166_s-2019.jpg\" alt=\"H\u00e4rtefallregelung\" width=\"999\" height=\"733\" srcset=\"https:\/\/www.m-q.ch\/wp-content\/uploads\/2021\/06\/Depositphotos_4555166_s-2019.jpg 999w, https:\/\/www.m-q.ch\/wp-content\/uploads\/2021\/06\/Depositphotos_4555166_s-2019-768x564.jpg 768w, https:\/\/www.m-q.ch\/wp-content\/uploads\/2021\/06\/Depositphotos_4555166_s-2019-16x12.jpg 16w, https:\/\/www.m-q.ch\/wp-content\/uploads\/2021\/06\/Depositphotos_4555166_s-2019-239x175.jpg 239w, https:\/\/www.m-q.ch\/wp-content\/uploads\/2021\/06\/Depositphotos_4555166_s-2019-477x350.jpg 477w, https:\/\/www.m-q.ch\/wp-content\/uploads\/2021\/06\/Depositphotos_4555166_s-2019-920x675.jpg 920w, https:\/\/www.m-q.ch\/wp-content\/uploads\/2021\/06\/Depositphotos_4555166_s-2019-300x220.jpg 300w\" sizes=\"auto, (max-width: 999px) 100vw, 999px\" \/><figcaption id=\"caption-attachment-14603\" class=\"wp-caption-text\">\u00a9 Depositphotos, jukai5<\/figcaption><\/figure>\n<p>Zur Transitionsstrategie des Bundesrates geh\u00f6rt, dass die ausserordentlichen Abfederungsmassnahmen f\u00fcr Unternehmen schrittweise auslaufen und die ordentlichen und bew\u00e4hrten Instrumente wieder zur Anwendung kommen sollen (Normalisierung). Der Austausch mit den Kantonen hat gezeigt, dass die heute zur Verf\u00fcgung stehenden H\u00e4rtefallhilfen f\u00fcr den Grossteil der Unternehmen ausreichend sind. Die Kantone weisen jedoch darauf hin, dass einzelne Unternehmen zus\u00e4tzliche Unterst\u00fctzung brauchen. Betroffen sind vor allem Unternehmen, die bereits lange unter der Pandemie leiden und derzeit die Obergrenzen der H\u00e4rtefallhilfe erreichen oder grosse Unternehmen mit besonderen Strukturen.<\/p>\n<h3>\u00dcbergang zur Normalit\u00e4t abfedern<\/h3>\n<p>Der Bundesrat hat nach Konsultation der Kantone, Sozialpartner und Branchenverb\u00e4nde sowie der beiden Wirtschaftskommissionen zwei letzte punktuelle Anpassungen an der H\u00e4rtefallverordnung beschlossen, um ein abruptes Auslaufen der Hilfen zu vermeiden und den \u00dcbergang zur Normalit\u00e4t f\u00fcr diese Unternehmen abzufedern:<\/p>\n<p><strong><em>Erh\u00f6hung Obergrenze:<\/em><\/strong> Die Obergrenze f\u00fcr A-Fonds-perdu-Beitr\u00e4ge wird f\u00fcr Unternehmen mit einem Jahresumsatz bis 5 Millionen Franken, die einen Umsatzr\u00fcckgang von mehr als 70 Prozent aufweisen, von 20 auf 30 Prozent des Jahresumsatzes und maximal 1,5 Millionen Franken erh\u00f6ht. Damit wird analog zu den Unternehmen mit einem Jahresumsatz von \u00fcber 5 Millionen Franken auch f\u00fcr die kleineren Unternehmen eine \u00abH\u00e4rtefall-im-H\u00e4rtefall-Regel\u00bb geschaffen.<\/p>\n<p><strong><em>Zuteilung der Bundesratsreserve:<\/em><\/strong> Gest\u00fctzt auf Artikel 12 Absatz 2 des Covid-19-Gesetzes kann der Bundesrat besonders betroffenen Kantonen Zusatzbeitr\u00e4ge an kantonale H\u00e4rtefallmassnahmen leisten, ohne dass sich die Kantone an diesen Beitr\u00e4gen finanziell beteiligen. F\u00fcr diese sogenannte \u00abBundesratsreserve\u00bb wurden 1 Milliarde Franken reserviert. Der Bundesrat hat entschieden, eine erste Tranche in H\u00f6he von 300 Millionen auf die Kantone zu verteilen, damit sie den spezifischen Bed\u00fcrfnissen der Unternehmen in ihrem Kanton Rechnung tragen k\u00f6nnen. Dabei d\u00fcrfen die Kantone beim Einsatz dieser Zusatzbeitr\u00e4ge des Bundes von einzelnen Bestimmungen der H\u00e4rtefallverordnung abweichen. Gr\u00f6sseren Spielraum haben sie insbesondere bei der Festlegung der Obergrenzen und der Bemessung der Hilfen. Zudem haben sie die M\u00f6glichkeit, die Zusatzbeitr\u00e4ge des Bundes f\u00fcr die Finanzierung von Vorleistungen einzusetzen, die sie zwischen dem 1. M\u00e4rz 2020 und dem 25. September 2020 erbracht haben. Ebenso k\u00f6nnen sie Unternehmen unterst\u00fctzen, die bereits eine branchenspezifische Covid-19-Finanzhilfe erhalten haben. Dies jedoch nur, sofern die bisherige Finanzhilfe geringer als eine H\u00e4rtefallhilfe nach bisherigem Recht ausgefallen ist. Es ist den Kantonen \u00fcberlassen, wie sie innerhalb der geltenden rechtlichen Rahmenbedingungen die Zusatzbeitr\u00e4ge einsetzen m\u00f6chten. \u00a0<\/p>\n<p>Die Einf\u00fchrung der \u00abH\u00e4rtefall-im-H\u00e4rtefall-Regel\u00bb f\u00fcr die kleinen Unternehmen mit einem Jahresumsatz bis 5 Millionen Franken d\u00fcrfte Mehrausgaben von h\u00f6chstens 500 Millionen Franken verursachen. Dieser Betrag kann ebenso wie die Zuteilung der 300 Millionen Franken der Bundesratsreserve durch die bestehenden und bereits bewilligten Kredite finanziert werden. <em>(Pressemeldung Bund)<\/em><\/p>\n<p><em>Die kantonalen Kontaktdaten und Statistiken zur Umsetzung sind auf <a href=\"https:\/\/covid19.easygov.swiss\/haertefaelle\/\">https:\/\/covid19.easygov.swiss\/haertefaelle\/<\/a> verf\u00fcgbar.<\/em><\/p>\n<p>&nbsp;<\/p>\n","protected":false},"excerpt":{"rendered":"<p>Zur Transitionsstrategie des Bundesrates geh\u00f6rt, dass die ausserordentlichen Abfederungsmassnahmen f\u00fcr Unternehmen schrittweise auslaufen und die ordentlichen und bew\u00e4hrten Instrumente wieder zur Anwendung kommen sollen (Normalisierung). Der Austausch mit den Kantonen hat gezeigt, dass die heute zur Verf\u00fcgung stehenden H\u00e4rtefallhilfen f\u00fcr den Grossteil der Unternehmen ausreichend sind. Die Kantone weisen jedoch darauf hin, dass einzelne Unternehmen [&hellip;]<\/p>\n","protected":false},"author":35,"featured_media":14603,"comment_status":"closed","ping_status":"closed","sticky":false,"template":"","format":"standard","meta":{"_acf_changed":false,"footnotes":""},"categories":[4448],"tags":[5025,4625],"class_list":["post-14602","post","type-post","status-publish","format-standard","has-post-thumbnail","hentry","category-allgemein","tag-haertefall-im-haertefall-regel","tag-haertefallregelung"],"acf":[],"yoast_head":"<!-- This site is optimized with the Yoast SEO plugin v26.2 - https:\/\/yoast.com\/wordpress\/plugins\/seo\/ -->\n<title>Coronavirus: Obergrenze f\u00fcr notleidende KMU erh\u00f6ht - MQ Management und Qualit\u00e4t<\/title>\n<meta name=\"description\" content=\"Der Bundesrat hat punktuelle Anpassungen an der H\u00e4rtefallverordnung beschlossen, um stark betroffenen Unternehmen h\u00f6here Unterst\u00fctzungen zuzusprechen.\" \/>\n<meta name=\"robots\" content=\"index, follow, max-snippet:-1, max-image-preview:large, max-video-preview:-1\" \/>\n<link rel=\"canonical\" href=\"https:\/\/www.m-q.ch\/de\/coronavirus-obergrenze-fuer-notleidende-kmu-erhoeht\/\" \/>\n<meta property=\"og:locale\" content=\"de_DE\" \/>\n<meta property=\"og:type\" content=\"article\" \/>\n<meta property=\"og:title\" content=\"Coronavirus: Obergrenze f\u00fcr notleidende KMU erh\u00f6ht - MQ Management und Qualit\u00e4t\" \/>\n<meta property=\"og:description\" content=\"Der Bundesrat hat punktuelle Anpassungen an der H\u00e4rtefallverordnung beschlossen, um stark betroffenen Unternehmen h\u00f6here Unterst\u00fctzungen zuzusprechen.\" \/>\n<meta property=\"og:url\" content=\"https:\/\/www.m-q.ch\/de\/coronavirus-obergrenze-fuer-notleidende-kmu-erhoeht\/\" \/>\n<meta property=\"og:site_name\" content=\"MQ Management und Qualit\u00e4t\" \/>\n<meta property=\"article:publisher\" content=\"https:\/\/www.facebook.com\/ManagementUndQualitaet\" \/>\n<meta property=\"article:published_time\" content=\"2021-06-18T14:28:28+00:00\" \/>\n<meta property=\"article:modified_time\" content=\"2021-06-25T06:52:32+00:00\" \/>\n<meta property=\"og:image\" content=\"https:\/\/www.m-q.ch\/wp-content\/uploads\/2021\/06\/Depositphotos_4555166_s-2019.jpg\" \/>\n\t<meta property=\"og:image:width\" content=\"999\" \/>\n\t<meta property=\"og:image:height\" content=\"733\" \/>\n\t<meta property=\"og:image:type\" content=\"image\/jpeg\" \/>\n<meta name=\"author\" content=\"Roger Str\u00e4ssle\" \/>\n<meta name=\"twitter:card\" content=\"summary_large_image\" \/>\n<meta name=\"twitter:label1\" content=\"Verfasst von\" \/>\n\t<meta name=\"twitter:data1\" content=\"Roger Str\u00e4ssle\" \/>\n\t<meta name=\"twitter:label2\" content=\"Gesch\u00e4tzte Lesezeit\" \/>\n\t<meta name=\"twitter:data2\" content=\"2\u00a0Minuten\" \/>\n<script type=\"application\/ld+json\" class=\"yoast-schema-graph\">{\"@context\":\"https:\/\/schema.org\",\"@graph\":[{\"@type\":\"Article\",\"@id\":\"https:\/\/www.m-q.ch\/coronavirus-obergrenze-fuer-notleidende-kmu-erhoeht\/#article\",\"isPartOf\":{\"@id\":\"https:\/\/www.m-q.ch\/coronavirus-obergrenze-fuer-notleidende-kmu-erhoeht\/\"},\"author\":{\"name\":\"Roger Str\u00e4ssle\",\"@id\":\"https:\/\/www.m-q.ch\/fr\/#\/schema\/person\/47d540e081acd98ccbeb69b55df653d7\"},\"headline\":\"Coronavirus: Obergrenze f\u00fcr notleidende KMU erh\u00f6ht\",\"datePublished\":\"2021-06-18T14:28:28+00:00\",\"dateModified\":\"2021-06-25T06:52:32+00:00\",\"mainEntityOfPage\":{\"@id\":\"https:\/\/www.m-q.ch\/coronavirus-obergrenze-fuer-notleidende-kmu-erhoeht\/\"},\"wordCount\":477,\"publisher\":{\"@id\":\"https:\/\/www.m-q.ch\/fr\/#organization\"},\"image\":{\"@id\":\"https:\/\/www.m-q.ch\/coronavirus-obergrenze-fuer-notleidende-kmu-erhoeht\/#primaryimage\"},\"thumbnailUrl\":\"https:\/\/www.m-q.ch\/wp-content\/uploads\/2021\/06\/Depositphotos_4555166_s-2019.jpg\",\"keywords\":[\"H\u00e4rtefall-im-H\u00e4rtefall-Regel\",\"H\u00e4rtefallregelung\"],\"inLanguage\":\"de\"},{\"@type\":\"WebPage\",\"@id\":\"https:\/\/www.m-q.ch\/coronavirus-obergrenze-fuer-notleidende-kmu-erhoeht\/\",\"url\":\"https:\/\/www.m-q.ch\/coronavirus-obergrenze-fuer-notleidende-kmu-erhoeht\/\",\"name\":\"Coronavirus: Obergrenze f\u00fcr notleidende KMU erh\u00f6ht - MQ Management und Qualit\u00e4t\",\"isPartOf\":{\"@id\":\"https:\/\/www.m-q.ch\/fr\/#website\"},\"primaryImageOfPage\":{\"@id\":\"https:\/\/www.m-q.ch\/coronavirus-obergrenze-fuer-notleidende-kmu-erhoeht\/#primaryimage\"},\"image\":{\"@id\":\"https:\/\/www.m-q.ch\/coronavirus-obergrenze-fuer-notleidende-kmu-erhoeht\/#primaryimage\"},\"thumbnailUrl\":\"https:\/\/www.m-q.ch\/wp-content\/uploads\/2021\/06\/Depositphotos_4555166_s-2019.jpg\",\"datePublished\":\"2021-06-18T14:28:28+00:00\",\"dateModified\":\"2021-06-25T06:52:32+00:00\",\"description\":\"Der Bundesrat hat punktuelle Anpassungen an der H\u00e4rtefallverordnung beschlossen, um stark betroffenen Unternehmen h\u00f6here Unterst\u00fctzungen zuzusprechen.\",\"breadcrumb\":{\"@id\":\"https:\/\/www.m-q.ch\/coronavirus-obergrenze-fuer-notleidende-kmu-erhoeht\/#breadcrumb\"},\"inLanguage\":\"de\",\"potentialAction\":[{\"@type\":\"ReadAction\",\"target\":[\"https:\/\/www.m-q.ch\/coronavirus-obergrenze-fuer-notleidende-kmu-erhoeht\/\"]}]},{\"@type\":\"ImageObject\",\"inLanguage\":\"de\",\"@id\":\"https:\/\/www.m-q.ch\/coronavirus-obergrenze-fuer-notleidende-kmu-erhoeht\/#primaryimage\",\"url\":\"https:\/\/www.m-q.ch\/wp-content\/uploads\/2021\/06\/Depositphotos_4555166_s-2019.jpg\",\"contentUrl\":\"https:\/\/www.m-q.ch\/wp-content\/uploads\/2021\/06\/Depositphotos_4555166_s-2019.jpg\",\"width\":999,\"height\":733,\"caption\":\"\u00a9 Depositphotos, jukai5\"},{\"@type\":\"BreadcrumbList\",\"@id\":\"https:\/\/www.m-q.ch\/coronavirus-obergrenze-fuer-notleidende-kmu-erhoeht\/#breadcrumb\",\"itemListElement\":[{\"@type\":\"ListItem\",\"position\":1,\"name\":\"Allgemein\",\"item\":\"https:\/\/www.m-q.ch\/kategorie\/allgemein\/\"},{\"@type\":\"ListItem\",\"position\":2,\"name\":\"Coronavirus: Obergrenze f\u00fcr notleidende KMU erh\u00f6ht\"}]},{\"@type\":\"WebSite\",\"@id\":\"https:\/\/www.m-q.ch\/fr\/#website\",\"url\":\"https:\/\/www.m-q.ch\/fr\/\",\"name\":\"MQ Management und Qualit\u00e4t\",\"description\":\"Plattform f\u00fcr integrierte Managementsysteme.\",\"publisher\":{\"@id\":\"https:\/\/www.m-q.ch\/fr\/#organization\"},\"potentialAction\":[{\"@type\":\"SearchAction\",\"target\":{\"@type\":\"EntryPoint\",\"urlTemplate\":\"https:\/\/www.m-q.ch\/fr\/?s={search_term_string}\"},\"query-input\":{\"@type\":\"PropertyValueSpecification\",\"valueRequired\":true,\"valueName\":\"search_term_string\"}}],\"inLanguage\":\"de\"},{\"@type\":\"Organization\",\"@id\":\"https:\/\/www.m-q.ch\/fr\/#organization\",\"name\":\"Galledia Fachmedien AG\",\"url\":\"https:\/\/www.m-q.ch\/fr\/\",\"logo\":{\"@type\":\"ImageObject\",\"inLanguage\":\"de\",\"@id\":\"https:\/\/www.m-q.ch\/fr\/#\/schema\/logo\/image\/\",\"url\":\"https:\/\/www.m-q.ch\/wp-content\/uploads\/2020\/12\/cropped-logo_small.png\",\"contentUrl\":\"https:\/\/www.m-q.ch\/wp-content\/uploads\/2020\/12\/cropped-logo_small.png\",\"width\":512,\"height\":512,\"caption\":\"Galledia Fachmedien AG\"},\"image\":{\"@id\":\"https:\/\/www.m-q.ch\/fr\/#\/schema\/logo\/image\/\"},\"sameAs\":[\"https:\/\/www.facebook.com\/ManagementUndQualitaet\",\"https:\/\/www.linkedin.com\/showcase\/17982321\/admin\/\"]},{\"@type\":\"Person\",\"@id\":\"https:\/\/www.m-q.ch\/fr\/#\/schema\/person\/47d540e081acd98ccbeb69b55df653d7\",\"name\":\"Roger Str\u00e4ssle\",\"image\":{\"@type\":\"ImageObject\",\"inLanguage\":\"de\",\"@id\":\"https:\/\/www.m-q.ch\/fr\/#\/schema\/person\/image\/\",\"url\":\"https:\/\/secure.gravatar.com\/avatar\/e4dde3046d8a184d2e2d27651a418883?s=96&d=mm&r=g\",\"contentUrl\":\"https:\/\/secure.gravatar.com\/avatar\/e4dde3046d8a184d2e2d27651a418883?s=96&d=mm&r=g\",\"caption\":\"Roger Str\u00e4ssle\"},\"url\":\"https:\/\/www.m-q.ch\/de\/author\/roger-straessle\/\"}]}<\/script>\n<!-- \/ Yoast SEO plugin. -->","yoast_head_json":{"title":"Coronavirus: Obergrenze f\u00fcr notleidende KMU erh\u00f6ht - MQ Management und Qualit\u00e4t","description":"Der Bundesrat hat punktuelle Anpassungen an der H\u00e4rtefallverordnung beschlossen, um stark betroffenen Unternehmen h\u00f6here Unterst\u00fctzungen zuzusprechen.","robots":{"index":"index","follow":"follow","max-snippet":"max-snippet:-1","max-image-preview":"max-image-preview:large","max-video-preview":"max-video-preview:-1"},"canonical":"https:\/\/www.m-q.ch\/de\/coronavirus-obergrenze-fuer-notleidende-kmu-erhoeht\/","og_locale":"de_DE","og_type":"article","og_title":"Coronavirus: Obergrenze f\u00fcr notleidende KMU erh\u00f6ht - MQ Management und Qualit\u00e4t","og_description":"Der Bundesrat hat punktuelle Anpassungen an der H\u00e4rtefallverordnung beschlossen, um stark betroffenen Unternehmen h\u00f6here Unterst\u00fctzungen zuzusprechen.","og_url":"https:\/\/www.m-q.ch\/de\/coronavirus-obergrenze-fuer-notleidende-kmu-erhoeht\/","og_site_name":"MQ Management und Qualit\u00e4t","article_publisher":"https:\/\/www.facebook.com\/ManagementUndQualitaet","article_published_time":"2021-06-18T14:28:28+00:00","article_modified_time":"2021-06-25T06:52:32+00:00","og_image":[{"width":999,"height":733,"url":"https:\/\/www.m-q.ch\/wp-content\/uploads\/2021\/06\/Depositphotos_4555166_s-2019.jpg","type":"image\/jpeg"}],"author":"Roger Str\u00e4ssle","twitter_card":"summary_large_image","twitter_misc":{"Verfasst von":"Roger Str\u00e4ssle","Gesch\u00e4tzte Lesezeit":"2\u00a0Minuten"},"schema":{"@context":"https:\/\/schema.org","@graph":[{"@type":"Article","@id":"https:\/\/www.m-q.ch\/coronavirus-obergrenze-fuer-notleidende-kmu-erhoeht\/#article","isPartOf":{"@id":"https:\/\/www.m-q.ch\/coronavirus-obergrenze-fuer-notleidende-kmu-erhoeht\/"},"author":{"name":"Roger Str\u00e4ssle","@id":"https:\/\/www.m-q.ch\/fr\/#\/schema\/person\/47d540e081acd98ccbeb69b55df653d7"},"headline":"Coronavirus: Obergrenze f\u00fcr notleidende KMU erh\u00f6ht","datePublished":"2021-06-18T14:28:28+00:00","dateModified":"2021-06-25T06:52:32+00:00","mainEntityOfPage":{"@id":"https:\/\/www.m-q.ch\/coronavirus-obergrenze-fuer-notleidende-kmu-erhoeht\/"},"wordCount":477,"publisher":{"@id":"https:\/\/www.m-q.ch\/fr\/#organization"},"image":{"@id":"https:\/\/www.m-q.ch\/coronavirus-obergrenze-fuer-notleidende-kmu-erhoeht\/#primaryimage"},"thumbnailUrl":"https:\/\/www.m-q.ch\/wp-content\/uploads\/2021\/06\/Depositphotos_4555166_s-2019.jpg","keywords":["H\u00e4rtefall-im-H\u00e4rtefall-Regel","H\u00e4rtefallregelung"],"inLanguage":"de"},{"@type":"WebPage","@id":"https:\/\/www.m-q.ch\/coronavirus-obergrenze-fuer-notleidende-kmu-erhoeht\/","url":"https:\/\/www.m-q.ch\/coronavirus-obergrenze-fuer-notleidende-kmu-erhoeht\/","name":"Coronavirus: Obergrenze f\u00fcr notleidende KMU erh\u00f6ht - MQ Management und Qualit\u00e4t","isPartOf":{"@id":"https:\/\/www.m-q.ch\/fr\/#website"},"primaryImageOfPage":{"@id":"https:\/\/www.m-q.ch\/coronavirus-obergrenze-fuer-notleidende-kmu-erhoeht\/#primaryimage"},"image":{"@id":"https:\/\/www.m-q.ch\/coronavirus-obergrenze-fuer-notleidende-kmu-erhoeht\/#primaryimage"},"thumbnailUrl":"https:\/\/www.m-q.ch\/wp-content\/uploads\/2021\/06\/Depositphotos_4555166_s-2019.jpg","datePublished":"2021-06-18T14:28:28+00:00","dateModified":"2021-06-25T06:52:32+00:00","description":"Der Bundesrat hat punktuelle Anpassungen an der H\u00e4rtefallverordnung beschlossen, um stark betroffenen Unternehmen h\u00f6here Unterst\u00fctzungen zuzusprechen.","breadcrumb":{"@id":"https:\/\/www.m-q.ch\/coronavirus-obergrenze-fuer-notleidende-kmu-erhoeht\/#breadcrumb"},"inLanguage":"de","potentialAction":[{"@type":"ReadAction","target":["https:\/\/www.m-q.ch\/coronavirus-obergrenze-fuer-notleidende-kmu-erhoeht\/"]}]},{"@type":"ImageObject","inLanguage":"de","@id":"https:\/\/www.m-q.ch\/coronavirus-obergrenze-fuer-notleidende-kmu-erhoeht\/#primaryimage","url":"https:\/\/www.m-q.ch\/wp-content\/uploads\/2021\/06\/Depositphotos_4555166_s-2019.jpg","contentUrl":"https:\/\/www.m-q.ch\/wp-content\/uploads\/2021\/06\/Depositphotos_4555166_s-2019.jpg","width":999,"height":733,"caption":"\u00a9 Depositphotos, jukai5"},{"@type":"BreadcrumbList","@id":"https:\/\/www.m-q.ch\/coronavirus-obergrenze-fuer-notleidende-kmu-erhoeht\/#breadcrumb","itemListElement":[{"@type":"ListItem","position":1,"name":"Allgemein","item":"https:\/\/www.m-q.ch\/kategorie\/allgemein\/"},{"@type":"ListItem","position":2,"name":"Coronavirus: Obergrenze f\u00fcr notleidende KMU erh\u00f6ht"}]},{"@type":"WebSite","@id":"https:\/\/www.m-q.ch\/fr\/#website","url":"https:\/\/www.m-q.ch\/fr\/","name":"MQ Management und Qualit\u00e4t","description":"Plattform f\u00fcr integrierte Managementsysteme.","publisher":{"@id":"https:\/\/www.m-q.ch\/fr\/#organization"},"potentialAction":[{"@type":"SearchAction","target":{"@type":"EntryPoint","urlTemplate":"https:\/\/www.m-q.ch\/fr\/?s={search_term_string}"},"query-input":{"@type":"PropertyValueSpecification","valueRequired":true,"valueName":"search_term_string"}}],"inLanguage":"de"},{"@type":"Organization","@id":"https:\/\/www.m-q.ch\/fr\/#organization","name":"Galledia Fachmedien AG","url":"https:\/\/www.m-q.ch\/fr\/","logo":{"@type":"ImageObject","inLanguage":"de","@id":"https:\/\/www.m-q.ch\/fr\/#\/schema\/logo\/image\/","url":"https:\/\/www.m-q.ch\/wp-content\/uploads\/2020\/12\/cropped-logo_small.png","contentUrl":"https:\/\/www.m-q.ch\/wp-content\/uploads\/2020\/12\/cropped-logo_small.png","width":512,"height":512,"caption":"Galledia Fachmedien AG"},"image":{"@id":"https:\/\/www.m-q.ch\/fr\/#\/schema\/logo\/image\/"},"sameAs":["https:\/\/www.facebook.com\/ManagementUndQualitaet","https:\/\/www.linkedin.com\/showcase\/17982321\/admin\/"]},{"@type":"Person","@id":"https:\/\/www.m-q.ch\/fr\/#\/schema\/person\/47d540e081acd98ccbeb69b55df653d7","name":"Roger Str\u00e4ssle","image":{"@type":"ImageObject","inLanguage":"de","@id":"https:\/\/www.m-q.ch\/fr\/#\/schema\/person\/image\/","url":"https:\/\/secure.gravatar.com\/avatar\/e4dde3046d8a184d2e2d27651a418883?s=96&d=mm&r=g","contentUrl":"https:\/\/secure.gravatar.com\/avatar\/e4dde3046d8a184d2e2d27651a418883?s=96&d=mm&r=g","caption":"Roger Str\u00e4ssle"},"url":"https:\/\/www.m-q.ch\/de\/author\/roger-straessle\/"}]}},"_links":{"self":[{"href":"https:\/\/www.m-q.ch\/de\/wp-json\/wp\/v2\/posts\/14602","targetHints":{"allow":["GET"]}}],"collection":[{"href":"https:\/\/www.m-q.ch\/de\/wp-json\/wp\/v2\/posts"}],"about":[{"href":"https:\/\/www.m-q.ch\/de\/wp-json\/wp\/v2\/types\/post"}],"author":[{"embeddable":true,"href":"https:\/\/www.m-q.ch\/de\/wp-json\/wp\/v2\/users\/35"}],"replies":[{"embeddable":true,"href":"https:\/\/www.m-q.ch\/de\/wp-json\/wp\/v2\/comments?post=14602"}],"version-history":[{"count":1,"href":"https:\/\/www.m-q.ch\/de\/wp-json\/wp\/v2\/posts\/14602\/revisions"}],"predecessor-version":[{"id":14604,"href":"https:\/\/www.m-q.ch\/de\/wp-json\/wp\/v2\/posts\/14602\/revisions\/14604"}],"wp:featuredmedia":[{"embeddable":true,"href":"https:\/\/www.m-q.ch\/de\/wp-json\/wp\/v2\/media\/14603"}],"wp:attachment":[{"href":"https:\/\/www.m-q.ch\/de\/wp-json\/wp\/v2\/media?parent=14602"}],"wp:term":[{"taxonomy":"category","embeddable":true,"href":"https:\/\/www.m-q.ch\/de\/wp-json\/wp\/v2\/categories?post=14602"},{"taxonomy":"post_tag","embeddable":true,"href":"https:\/\/www.m-q.ch\/de\/wp-json\/wp\/v2\/tags?post=14602"}],"curies":[{"name":"wp","href":"https:\/\/api.w.org\/{rel}","templated":true}]}}