{"id":14850,"date":"2021-08-03T07:35:35","date_gmt":"2021-08-03T05:35:35","guid":{"rendered":"https:\/\/www.m-q.ch\/?p=14850"},"modified":"2021-08-06T16:42:48","modified_gmt":"2021-08-06T14:42:48","slug":"schweiz-eu-dreistufiger-eth-plan-soll-weiterhelfen","status":"publish","type":"post","link":"https:\/\/www.m-q.ch\/de\/schweiz-eu-dreistufiger-eth-plan-soll-weiterhelfen\/","title":{"rendered":"Schweiz \u2013 EU: Dreistufiger ETH-Plan soll weiterhelfen"},"content":{"rendered":"<p>Mehr als zwei Monate nach der Entscheidung des Bunderates, die Verhandlungen zum Rahmenabkommen abzubrechen, ist es ruhig geworden um die zuk\u00fcnftigen Beziehungen der Schweiz zur Europ\u00e4ischen Union. Trotz des Beschlusses der EU-\u200bKommission, die Schweiz in den EU-\u200bRahmenprogrammen f\u00fcr Forschung und Innovation als nicht-\u200b\u200b\u200bassoziierten Drittstaat zu behandeln (siehe <a href=\"https:\/\/ethz.ch\/services\/de\/news-und-veranstaltungen\/intern-aktuell\/archiv\/2021\/07\/schweiz-ab-sofort-nicht-assoziierter-drittstaat-bei-horizon-europe.html\">ETH-\u200bNews vom 14.7.2021<\/a>), spricht kaum jemand mehr davon, wie es nun weitergehen soll.<\/p>\n<p>Diese sommerliche Stille wird nun von zwei ETH-\u200bForschenden durchbrochen. In einem neuen Diskussionsbeitrag zeigen ETH-\u200bProfessor Michael Amb\u00fchl und die Postdoktorandin Daniela Scherer von der <a href=\"https:\/\/necom.ethz.ch\/\">Professur f\u00fcr Verhandlungsf\u00fchrung<\/a> auf, welche Optionen aus verhandlungstheoretischer Sicht am ehesten Erfolg versprechen. \u00abWir haben einen dreistufigen Plan skizziert, wie sich die Partnerschaft zwischen der Schweiz und der EU nach dem Abbruch der Verhandlungen im Mai weiterentwickeln k\u00f6nnte\u00bb, erkl\u00e4rt Amb\u00fchl.<\/p>\n<h3><strong>Vertrauen durch unilaterale Massnahmen st\u00e4rken<\/strong><\/h3>\n<p>In einem ersten Schritt soll das gegenseitige Vertrauen zwischen der Schweiz und der EU durch unilaterale Massnahmen gest\u00e4rkt werden. Die Autoren empfehlen, dass der Bundesrat zun\u00e4chst, wie er das bereits begonnen hat, den Austausch mit Br\u00fcssel und mit den europ\u00e4ischen Hauptst\u00e4dten intensiviert.<\/p>\n<p>Zudem w\u00e4re es gem\u00e4ss den Autoren sinnvoll, dass das Parlament die sogenannte Koh\u00e4sionsmilliarde freigibt, die Personenfreiz\u00fcgigkeit mit Kroatien vollst\u00e4ndig normalisiert und enger mit der EU in der Pandemiebew\u00e4ltigung und beim Klimaschutz zusammenarbeitet. In dieser Stufe m\u00fcsste ausserdem alles darangesetzt werden, so Scherer, \u00abdass die Forschungszusammenarbeit wieder den ihr geb\u00fchrenden Platz einnehmen kann.\u00bb<\/p>\n<figure id=\"attachment_14852\" aria-describedby=\"caption-attachment-14852\" style=\"width: 726px\" class=\"wp-caption alignnone\"><img loading=\"lazy\" decoding=\"async\" class=\"size-full wp-image-14852\" src=\"https:\/\/www.m-q.ch\/wp-content\/uploads\/2021\/08\/ETH_Plan.jpg\" alt=\"ETH-Plan\" width=\"726\" height=\"894\" srcset=\"https:\/\/www.m-q.ch\/wp-content\/uploads\/2021\/08\/ETH_Plan.jpg 726w, https:\/\/www.m-q.ch\/wp-content\/uploads\/2021\/08\/ETH_Plan-10x12.jpg 10w, https:\/\/www.m-q.ch\/wp-content\/uploads\/2021\/08\/ETH_Plan-142x175.jpg 142w, https:\/\/www.m-q.ch\/wp-content\/uploads\/2021\/08\/ETH_Plan-284x350.jpg 284w, https:\/\/www.m-q.ch\/wp-content\/uploads\/2021\/08\/ETH_Plan-650x800.jpg 650w, https:\/\/www.m-q.ch\/wp-content\/uploads\/2021\/08\/ETH_Plan-300x369.jpg 300w\" sizes=\"auto, (max-width: 726px) 100vw, 726px\" \/><figcaption id=\"caption-attachment-14852\" class=\"wp-caption-text\">Der Plan von Scherer und Amb\u00fchl sieht drei Stufen vor, um die Beziehung der Schweiz zur EU weiterzuentwickeln.<\/figcaption><\/figure>\n<h3><strong>Europapolitische Vision kl\u00e4ren<\/strong><\/h3>\n<p>In der zweiten Stufe von Amb\u00fchl und Scherers Plan soll der Bundesrat eine innenpolitisch m\u00f6glichst breit abgest\u00fctzte Erkl\u00e4rung erarbeiten, wie er die bilaterale Partnerschaft mit der EU in Zukunft gestalten will. Diese m\u00fcsste daher auch vom Schweizer Parlament in Form einer Erkl\u00e4rung oder eines Planungsbeschlusses abgesegnet werden.<\/p>\n<p>\u00abDie vom Parlament getragenen europapolitischen Vision w\u00fcrde die Glaubw\u00fcrdigkeit des Bundesrats gegen\u00fcber der EU st\u00e4rken und den Weg f\u00fcr weitere Verhandlungen ebnen\u00bb, so Scherer. In ihr k\u00e4me zum Ausdruck, dass die Schweiz bereit sei, im Rahmen eines Gesamtpaketes eine neue institutionelle Regelung f\u00fcr den bilateralen Weg auszuhandeln, die auch den Besonderheiten der Schweiz als Nicht-\u200bMitglied Rechnung geb\u00fchrend tr\u00e4gt.<strong>\u00a0<\/strong><\/p>\n<h3><strong>Ein neues Verhandlungspaket schn\u00fcren<\/strong><\/h3>\n<p>In der dritten Stufe sieht der Plan vor, dass die Schweiz erneut Verhandlungen mit der EU aufnimmt. Um die Verhandlungsmasse zu vergr\u00f6ssern und dadurch einen Interessenausgleich zwischen beiden Parteien zu vereinfachen, m\u00fcsste ein Verhandlungspaket m\u00f6glichst breit geschn\u00fcrt sein. \u00a0Sollte das f\u00fcr die Assoziierung zu Horizon Europe notwendige \u00abUmbrella Agreement\u00bb bis dann noch nicht ausgehandelt sein, m\u00fcsste dies sp\u00e4testens hier erfolgen.<\/p>\n<p>Ein Kernbestandteil dieses f\u00fcnf Bereiche umfassenden Gesamtpakets, das die Autoren Bilaterale III nennen, bleibt aber neben der Anpassung bestehender Abkommen, der Zusicherung f\u00fcr neue Abkommen, einer Erh\u00f6hung des Koh\u00e4sionsbeitrages und der Institutionalisierung eines regelm\u00e4ssigen Dialoges auf Ministerebene vor allem die Neuverhandlung einer institutionellen Basis f\u00fcr ausgew\u00e4hlte bestehende und zuk\u00fcnftige Marktzugangsabkommen. Diese Basis m\u00fcsste sich den Autoren zu Folge aber in einigen Punkten vom Entwurf des Rahmenabkommen abheben.<\/p>\n<h3><strong>Rechts\u00fcbernahme ohne Super-\u200bGuillotine<\/strong><\/h3>\n<p>Vor diesem Hintergrund empfehlen Amb\u00fchl und Scherer, dass die Schweiz bei der dynamischen Rechts\u00fcbernahme unter anderem in den vitalen Bereichen des Lohnschutzes, der Unionsb\u00fcrgerrichtlinie und der staatlichen Beihilfen von Anfang an auf Ausnahmen, sogenannte Opt-\u200bOuts, bestehen sollte.<\/p>\n<p>Dar\u00fcber hinaus schlagen die Autoren vor, dass die dynamische Anpassung an EU-\u200bRecht nicht wie beim Rahmenabkommen durch einen separaten Vertrag, sondern durch eine Revision der bestehenden Abkommen geregelt w\u00fcrde. Dies h\u00e4tte f\u00fcr Scherer und Amb\u00fchl den Vorteil, dass es keine Erweiterung der in den bestehenden Abkommen bereits vorgesehenen K\u00fcndigungsbestimmungen, der sogenannten Guillotinen-\u200bKlausel, g\u00e4be.<strong>\u00a0<\/strong><\/p>\n<h3><strong>Streitbeilegung ohne den Europ\u00e4ischen Gerichtshof<\/strong><\/h3>\n<p>Zu guter Letzt zeigen Scherer und Amb\u00fchl auch bei der Streitbeilegung eine alternative Variante ohne formale Beteiligung des Europ\u00e4ischen Gerichtshof (EuGH) auf. \u00dcbernimmt die Schweiz neues EU-\u200bRecht nicht, w\u00e4re es der EU gestattet, ohne vorheriges Anrufen eines Gerichts Ausgleichsmassnahmen gegen die Schweiz zu beschliessen. Allerdings h\u00e4tte die Schweiz dann die M\u00f6glichkeit, von einem unabh\u00e4ngigen Schiedsgericht pr\u00fcfen zu lassen, ob die getroffenen Ausgleichsmassnahmen angemessen sind.<\/p>\n<p>Innenpolitisch k\u00f6nnte dieses weniger stark verrechtlichte Vorgehen einen Streitpunkt beseitigen, ohne die Kompetenz des Europ\u00e4ischen Gerichtshofes zu beschneiden. Im \u00dcbrigen ist ein \u00e4hnliches Streitbeilegungsverfahren zwischen der Schweiz und der EU bereits in Kraft: Die EU hat ihm im Zollsicherheitsabkommen von 2009 zugestimmt.<\/p>\n<h3><strong>Politische Machbarkeit<\/strong><\/h3>\n<p><strong>\u00a0<\/strong>Doch wie realistisch sind diese Vorschl\u00e4ge? Sowohl bei der Streitbeilegung als auch bei der von Amb\u00fchl und Scherer vorgeschlagenen Rechts\u00fcbernahme mit Ausnahmen stellt sich die Frage, warum die EU in Zukunft darauf eingehen sollte, wenn sie doch genau dies bis jetzt abgelehnt hat. \u00abWeil es letztlich in ihrem eigenen Interesse ist\u00bb, erkl\u00e4rt Scherer. Denn f\u00fcr die Autoren enthalten die auf allen drei Stufen skizzierten Massnahmen wesentliche Konzessionen zu Gunsten der EU und somit eine klare Verbesserung des Status quo f\u00fcr die EU.<\/p>\n<p>Auch muss es sich Schweiz-\u200bintern noch erweisen, dass ein breiter Konsens angesichts der im Europadossier vorherrschenden politischen Differenzen erreichbar ist. Doch die Autoren sind auch in diesem Punkt weniger pessimistisch als andere Kommentatorinnen und Kommentatoren: Ein Paket, das keine explizite Rolle f\u00fcr den EuGH vorsieht, die Guillotinen-\u200bKlausel nicht erweitert und Ausnahmen in wichtigen Bereichen erlaubt, sollte auch innenpolitisch auf gr\u00f6ssere Akzeptanz stossen.<\/p>\n<p><em>\u00a0<\/em><em>Literaturhinweis:<\/em><\/p>\n<p><em>Amb\u00fchl M., Scherer D. S., Schweiz \u2013 EU: Wie weiter?, in: <a href=\"https:\/\/jusletter.weblaw.ch\/juslissues\/2021\/1073\/schweiz---eu--wie-we_37c83fd761.html__ONCE\">Jusletter &#8211; 2. August 2021<\/a>.<\/em><\/p>\n","protected":false},"excerpt":{"rendered":"<p>Mehr als zwei Monate nach der Entscheidung des Bunderates, die Verhandlungen zum Rahmenabkommen abzubrechen, ist es ruhig geworden um die zuk\u00fcnftigen Beziehungen der Schweiz zur Europ\u00e4ischen Union. Trotz des Beschlusses der EU-\u200bKommission, die Schweiz in den EU-\u200bRahmenprogrammen f\u00fcr Forschung und Innovation als nicht-\u200b\u200b\u200bassoziierten Drittstaat zu behandeln (siehe ETH-\u200bNews vom 14.7.2021), spricht kaum jemand mehr davon, [&hellip;]<\/p>\n","protected":false},"author":35,"featured_media":14851,"comment_status":"closed","ping_status":"closed","sticky":false,"template":"","format":"standard","meta":{"_acf_changed":false,"footnotes":""},"categories":[1],"tags":[5079],"class_list":["post-14850","post","type-post","status-publish","format-standard","has-post-thumbnail","hentry","category-unkategorisiert","tag-eth-plan"],"acf":[],"yoast_head":"<!-- This site is optimized with the Yoast SEO plugin v26.2 - https:\/\/yoast.com\/wordpress\/plugins\/seo\/ -->\n<title>Schweiz \u2013 EU: Dreistufiger ETH-Plan soll weiterhelfen - MQ Management und Qualit\u00e4t<\/title>\n<meta name=\"robots\" content=\"index, follow, max-snippet:-1, max-image-preview:large, max-video-preview:-1\" \/>\n<link rel=\"canonical\" href=\"https:\/\/www.m-q.ch\/de\/schweiz-eu-dreistufiger-eth-plan-soll-weiterhelfen\/\" \/>\n<meta property=\"og:locale\" content=\"de_DE\" \/>\n<meta property=\"og:type\" content=\"article\" \/>\n<meta property=\"og:title\" content=\"Schweiz \u2013 EU: Dreistufiger ETH-Plan soll weiterhelfen - MQ Management und Qualit\u00e4t\" \/>\n<meta property=\"og:description\" content=\"Mehr als zwei Monate nach der Entscheidung des Bunderates, die Verhandlungen zum Rahmenabkommen abzubrechen, ist es ruhig geworden um die zuk\u00fcnftigen Beziehungen der Schweiz zur Europ\u00e4ischen Union. Trotz des Beschlusses der EU-\u200bKommission, die Schweiz in den EU-\u200bRahmenprogrammen f\u00fcr Forschung und Innovation als nicht-\u200b\u200b\u200bassoziierten Drittstaat zu behandeln (siehe ETH-\u200bNews vom 14.7.2021), spricht kaum jemand mehr davon, [&hellip;]\" \/>\n<meta property=\"og:url\" content=\"https:\/\/www.m-q.ch\/de\/schweiz-eu-dreistufiger-eth-plan-soll-weiterhelfen\/\" \/>\n<meta property=\"og:site_name\" content=\"MQ Management und Qualit\u00e4t\" \/>\n<meta property=\"article:publisher\" content=\"https:\/\/www.facebook.com\/ManagementUndQualitaet\" \/>\n<meta property=\"article:published_time\" content=\"2021-08-03T05:35:35+00:00\" \/>\n<meta property=\"article:modified_time\" content=\"2021-08-06T14:42:48+00:00\" \/>\n<meta property=\"og:image\" content=\"https:\/\/www.m-q.ch\/wp-content\/uploads\/2021\/08\/Depositphotos_61436309_s-2019-1.jpg\" \/>\n\t<meta property=\"og:image:width\" content=\"1000\" \/>\n\t<meta property=\"og:image:height\" content=\"668\" \/>\n\t<meta property=\"og:image:type\" content=\"image\/jpeg\" \/>\n<meta name=\"author\" content=\"Roger Str\u00e4ssle\" \/>\n<meta name=\"twitter:card\" content=\"summary_large_image\" \/>\n<meta name=\"twitter:label1\" content=\"Verfasst von\" \/>\n\t<meta name=\"twitter:data1\" content=\"Roger Str\u00e4ssle\" \/>\n\t<meta name=\"twitter:label2\" content=\"Gesch\u00e4tzte Lesezeit\" \/>\n\t<meta name=\"twitter:data2\" content=\"5\u00a0Minuten\" \/>\n<script type=\"application\/ld+json\" class=\"yoast-schema-graph\">{\"@context\":\"https:\/\/schema.org\",\"@graph\":[{\"@type\":\"Article\",\"@id\":\"https:\/\/www.m-q.ch\/fr\/swiss-eu-three-step-eth-plan-should-help-further\/#article\",\"isPartOf\":{\"@id\":\"https:\/\/www.m-q.ch\/fr\/swiss-eu-three-step-eth-plan-should-help-further\/\"},\"author\":{\"name\":\"Roger Str\u00e4ssle\",\"@id\":\"https:\/\/www.m-q.ch\/fr\/#\/schema\/person\/47d540e081acd98ccbeb69b55df653d7\"},\"headline\":\"Schweiz \u2013 EU: Dreistufiger ETH-Plan soll weiterhelfen\",\"datePublished\":\"2021-08-03T05:35:35+00:00\",\"dateModified\":\"2021-08-06T14:42:48+00:00\",\"mainEntityOfPage\":{\"@id\":\"https:\/\/www.m-q.ch\/fr\/swiss-eu-three-step-eth-plan-should-help-further\/\"},\"wordCount\":956,\"publisher\":{\"@id\":\"https:\/\/www.m-q.ch\/fr\/#organization\"},\"image\":{\"@id\":\"https:\/\/www.m-q.ch\/fr\/swiss-eu-three-step-eth-plan-should-help-further\/#primaryimage\"},\"thumbnailUrl\":\"https:\/\/www.m-q.ch\/wp-content\/uploads\/2021\/08\/Depositphotos_61436309_s-2019-1.jpg\",\"keywords\":[\"ETH-Plan\"],\"articleSection\":[\"Unkategorisiert\"],\"inLanguage\":\"de\"},{\"@type\":\"WebPage\",\"@id\":\"https:\/\/www.m-q.ch\/fr\/swiss-eu-three-step-eth-plan-should-help-further\/\",\"url\":\"https:\/\/www.m-q.ch\/fr\/swiss-eu-three-step-eth-plan-should-help-further\/\",\"name\":\"Schweiz \u2013 EU: Dreistufiger ETH-Plan soll weiterhelfen - MQ Management und Qualit\u00e4t\",\"isPartOf\":{\"@id\":\"https:\/\/www.m-q.ch\/fr\/#website\"},\"primaryImageOfPage\":{\"@id\":\"https:\/\/www.m-q.ch\/fr\/swiss-eu-three-step-eth-plan-should-help-further\/#primaryimage\"},\"image\":{\"@id\":\"https:\/\/www.m-q.ch\/fr\/swiss-eu-three-step-eth-plan-should-help-further\/#primaryimage\"},\"thumbnailUrl\":\"https:\/\/www.m-q.ch\/wp-content\/uploads\/2021\/08\/Depositphotos_61436309_s-2019-1.jpg\",\"datePublished\":\"2021-08-03T05:35:35+00:00\",\"dateModified\":\"2021-08-06T14:42:48+00:00\",\"breadcrumb\":{\"@id\":\"https:\/\/www.m-q.ch\/fr\/swiss-eu-three-step-eth-plan-should-help-further\/#breadcrumb\"},\"inLanguage\":\"de\",\"potentialAction\":[{\"@type\":\"ReadAction\",\"target\":[\"https:\/\/www.m-q.ch\/fr\/swiss-eu-three-step-eth-plan-should-help-further\/\"]}]},{\"@type\":\"ImageObject\",\"inLanguage\":\"de\",\"@id\":\"https:\/\/www.m-q.ch\/fr\/swiss-eu-three-step-eth-plan-should-help-further\/#primaryimage\",\"url\":\"https:\/\/www.m-q.ch\/wp-content\/uploads\/2021\/08\/Depositphotos_61436309_s-2019-1.jpg\",\"contentUrl\":\"https:\/\/www.m-q.ch\/wp-content\/uploads\/2021\/08\/Depositphotos_61436309_s-2019-1.jpg\",\"width\":1000,\"height\":668,\"caption\":\"\u00a9 Depositphotos, Zerbor\"},{\"@type\":\"BreadcrumbList\",\"@id\":\"https:\/\/www.m-q.ch\/fr\/swiss-eu-three-step-eth-plan-should-help-further\/#breadcrumb\",\"itemListElement\":[{\"@type\":\"ListItem\",\"position\":1,\"name\":\"Unkategorisiert\",\"item\":\"https:\/\/www.m-q.ch\/it\/categoria\/senza-categoria\/\"},{\"@type\":\"ListItem\",\"position\":2,\"name\":\"Schweiz \u2013 EU: Dreistufiger ETH-Plan soll weiterhelfen\"}]},{\"@type\":\"WebSite\",\"@id\":\"https:\/\/www.m-q.ch\/fr\/#website\",\"url\":\"https:\/\/www.m-q.ch\/fr\/\",\"name\":\"MQ Management und Qualit\u00e4t\",\"description\":\"Plattform f\u00fcr integrierte Managementsysteme.\",\"publisher\":{\"@id\":\"https:\/\/www.m-q.ch\/fr\/#organization\"},\"potentialAction\":[{\"@type\":\"SearchAction\",\"target\":{\"@type\":\"EntryPoint\",\"urlTemplate\":\"https:\/\/www.m-q.ch\/fr\/?s={search_term_string}\"},\"query-input\":{\"@type\":\"PropertyValueSpecification\",\"valueRequired\":true,\"valueName\":\"search_term_string\"}}],\"inLanguage\":\"de\"},{\"@type\":\"Organization\",\"@id\":\"https:\/\/www.m-q.ch\/fr\/#organization\",\"name\":\"Galledia Fachmedien AG\",\"url\":\"https:\/\/www.m-q.ch\/fr\/\",\"logo\":{\"@type\":\"ImageObject\",\"inLanguage\":\"de\",\"@id\":\"https:\/\/www.m-q.ch\/fr\/#\/schema\/logo\/image\/\",\"url\":\"https:\/\/www.m-q.ch\/wp-content\/uploads\/2020\/12\/cropped-logo_small.png\",\"contentUrl\":\"https:\/\/www.m-q.ch\/wp-content\/uploads\/2020\/12\/cropped-logo_small.png\",\"width\":512,\"height\":512,\"caption\":\"Galledia Fachmedien AG\"},\"image\":{\"@id\":\"https:\/\/www.m-q.ch\/fr\/#\/schema\/logo\/image\/\"},\"sameAs\":[\"https:\/\/www.facebook.com\/ManagementUndQualitaet\",\"https:\/\/www.linkedin.com\/showcase\/17982321\/admin\/\"]},{\"@type\":\"Person\",\"@id\":\"https:\/\/www.m-q.ch\/fr\/#\/schema\/person\/47d540e081acd98ccbeb69b55df653d7\",\"name\":\"Roger Str\u00e4ssle\",\"image\":{\"@type\":\"ImageObject\",\"inLanguage\":\"de\",\"@id\":\"https:\/\/www.m-q.ch\/fr\/#\/schema\/person\/image\/\",\"url\":\"https:\/\/secure.gravatar.com\/avatar\/e4dde3046d8a184d2e2d27651a418883?s=96&d=mm&r=g\",\"contentUrl\":\"https:\/\/secure.gravatar.com\/avatar\/e4dde3046d8a184d2e2d27651a418883?s=96&d=mm&r=g\",\"caption\":\"Roger Str\u00e4ssle\"},\"url\":\"https:\/\/www.m-q.ch\/de\/author\/roger-straessle\/\"}]}<\/script>\n<!-- \/ Yoast SEO plugin. -->","yoast_head_json":{"title":"Schweiz \u2013 EU: Dreistufiger ETH-Plan soll weiterhelfen - MQ Management und Qualit\u00e4t","robots":{"index":"index","follow":"follow","max-snippet":"max-snippet:-1","max-image-preview":"max-image-preview:large","max-video-preview":"max-video-preview:-1"},"canonical":"https:\/\/www.m-q.ch\/de\/schweiz-eu-dreistufiger-eth-plan-soll-weiterhelfen\/","og_locale":"de_DE","og_type":"article","og_title":"Schweiz \u2013 EU: Dreistufiger ETH-Plan soll weiterhelfen - MQ Management und Qualit\u00e4t","og_description":"Mehr als zwei Monate nach der Entscheidung des Bunderates, die Verhandlungen zum Rahmenabkommen abzubrechen, ist es ruhig geworden um die zuk\u00fcnftigen Beziehungen der Schweiz zur Europ\u00e4ischen Union. Trotz des Beschlusses der EU-\u200bKommission, die Schweiz in den EU-\u200bRahmenprogrammen f\u00fcr Forschung und Innovation als nicht-\u200b\u200b\u200bassoziierten Drittstaat zu behandeln (siehe ETH-\u200bNews vom 14.7.2021), spricht kaum jemand mehr davon, [&hellip;]","og_url":"https:\/\/www.m-q.ch\/de\/schweiz-eu-dreistufiger-eth-plan-soll-weiterhelfen\/","og_site_name":"MQ Management und Qualit\u00e4t","article_publisher":"https:\/\/www.facebook.com\/ManagementUndQualitaet","article_published_time":"2021-08-03T05:35:35+00:00","article_modified_time":"2021-08-06T14:42:48+00:00","og_image":[{"width":1000,"height":668,"url":"https:\/\/www.m-q.ch\/wp-content\/uploads\/2021\/08\/Depositphotos_61436309_s-2019-1.jpg","type":"image\/jpeg"}],"author":"Roger Str\u00e4ssle","twitter_card":"summary_large_image","twitter_misc":{"Verfasst von":"Roger Str\u00e4ssle","Gesch\u00e4tzte Lesezeit":"5\u00a0Minuten"},"schema":{"@context":"https:\/\/schema.org","@graph":[{"@type":"Article","@id":"https:\/\/www.m-q.ch\/fr\/swiss-eu-three-step-eth-plan-should-help-further\/#article","isPartOf":{"@id":"https:\/\/www.m-q.ch\/fr\/swiss-eu-three-step-eth-plan-should-help-further\/"},"author":{"name":"Roger Str\u00e4ssle","@id":"https:\/\/www.m-q.ch\/fr\/#\/schema\/person\/47d540e081acd98ccbeb69b55df653d7"},"headline":"Schweiz \u2013 EU: Dreistufiger ETH-Plan soll weiterhelfen","datePublished":"2021-08-03T05:35:35+00:00","dateModified":"2021-08-06T14:42:48+00:00","mainEntityOfPage":{"@id":"https:\/\/www.m-q.ch\/fr\/swiss-eu-three-step-eth-plan-should-help-further\/"},"wordCount":956,"publisher":{"@id":"https:\/\/www.m-q.ch\/fr\/#organization"},"image":{"@id":"https:\/\/www.m-q.ch\/fr\/swiss-eu-three-step-eth-plan-should-help-further\/#primaryimage"},"thumbnailUrl":"https:\/\/www.m-q.ch\/wp-content\/uploads\/2021\/08\/Depositphotos_61436309_s-2019-1.jpg","keywords":["ETH-Plan"],"articleSection":["Unkategorisiert"],"inLanguage":"de"},{"@type":"WebPage","@id":"https:\/\/www.m-q.ch\/fr\/swiss-eu-three-step-eth-plan-should-help-further\/","url":"https:\/\/www.m-q.ch\/fr\/swiss-eu-three-step-eth-plan-should-help-further\/","name":"Schweiz \u2013 EU: Dreistufiger ETH-Plan soll weiterhelfen - MQ Management und Qualit\u00e4t","isPartOf":{"@id":"https:\/\/www.m-q.ch\/fr\/#website"},"primaryImageOfPage":{"@id":"https:\/\/www.m-q.ch\/fr\/swiss-eu-three-step-eth-plan-should-help-further\/#primaryimage"},"image":{"@id":"https:\/\/www.m-q.ch\/fr\/swiss-eu-three-step-eth-plan-should-help-further\/#primaryimage"},"thumbnailUrl":"https:\/\/www.m-q.ch\/wp-content\/uploads\/2021\/08\/Depositphotos_61436309_s-2019-1.jpg","datePublished":"2021-08-03T05:35:35+00:00","dateModified":"2021-08-06T14:42:48+00:00","breadcrumb":{"@id":"https:\/\/www.m-q.ch\/fr\/swiss-eu-three-step-eth-plan-should-help-further\/#breadcrumb"},"inLanguage":"de","potentialAction":[{"@type":"ReadAction","target":["https:\/\/www.m-q.ch\/fr\/swiss-eu-three-step-eth-plan-should-help-further\/"]}]},{"@type":"ImageObject","inLanguage":"de","@id":"https:\/\/www.m-q.ch\/fr\/swiss-eu-three-step-eth-plan-should-help-further\/#primaryimage","url":"https:\/\/www.m-q.ch\/wp-content\/uploads\/2021\/08\/Depositphotos_61436309_s-2019-1.jpg","contentUrl":"https:\/\/www.m-q.ch\/wp-content\/uploads\/2021\/08\/Depositphotos_61436309_s-2019-1.jpg","width":1000,"height":668,"caption":"\u00a9 Depositphotos, Zerbor"},{"@type":"BreadcrumbList","@id":"https:\/\/www.m-q.ch\/fr\/swiss-eu-three-step-eth-plan-should-help-further\/#breadcrumb","itemListElement":[{"@type":"ListItem","position":1,"name":"Unkategorisiert","item":"https:\/\/www.m-q.ch\/it\/categoria\/senza-categoria\/"},{"@type":"ListItem","position":2,"name":"Schweiz \u2013 EU: Dreistufiger ETH-Plan soll weiterhelfen"}]},{"@type":"WebSite","@id":"https:\/\/www.m-q.ch\/fr\/#website","url":"https:\/\/www.m-q.ch\/fr\/","name":"MQ Management und Qualit\u00e4t","description":"Plattform f\u00fcr integrierte Managementsysteme.","publisher":{"@id":"https:\/\/www.m-q.ch\/fr\/#organization"},"potentialAction":[{"@type":"SearchAction","target":{"@type":"EntryPoint","urlTemplate":"https:\/\/www.m-q.ch\/fr\/?s={search_term_string}"},"query-input":{"@type":"PropertyValueSpecification","valueRequired":true,"valueName":"search_term_string"}}],"inLanguage":"de"},{"@type":"Organization","@id":"https:\/\/www.m-q.ch\/fr\/#organization","name":"Galledia Fachmedien AG","url":"https:\/\/www.m-q.ch\/fr\/","logo":{"@type":"ImageObject","inLanguage":"de","@id":"https:\/\/www.m-q.ch\/fr\/#\/schema\/logo\/image\/","url":"https:\/\/www.m-q.ch\/wp-content\/uploads\/2020\/12\/cropped-logo_small.png","contentUrl":"https:\/\/www.m-q.ch\/wp-content\/uploads\/2020\/12\/cropped-logo_small.png","width":512,"height":512,"caption":"Galledia Fachmedien AG"},"image":{"@id":"https:\/\/www.m-q.ch\/fr\/#\/schema\/logo\/image\/"},"sameAs":["https:\/\/www.facebook.com\/ManagementUndQualitaet","https:\/\/www.linkedin.com\/showcase\/17982321\/admin\/"]},{"@type":"Person","@id":"https:\/\/www.m-q.ch\/fr\/#\/schema\/person\/47d540e081acd98ccbeb69b55df653d7","name":"Roger Str\u00e4ssle","image":{"@type":"ImageObject","inLanguage":"de","@id":"https:\/\/www.m-q.ch\/fr\/#\/schema\/person\/image\/","url":"https:\/\/secure.gravatar.com\/avatar\/e4dde3046d8a184d2e2d27651a418883?s=96&d=mm&r=g","contentUrl":"https:\/\/secure.gravatar.com\/avatar\/e4dde3046d8a184d2e2d27651a418883?s=96&d=mm&r=g","caption":"Roger Str\u00e4ssle"},"url":"https:\/\/www.m-q.ch\/de\/author\/roger-straessle\/"}]}},"_links":{"self":[{"href":"https:\/\/www.m-q.ch\/de\/wp-json\/wp\/v2\/posts\/14850","targetHints":{"allow":["GET"]}}],"collection":[{"href":"https:\/\/www.m-q.ch\/de\/wp-json\/wp\/v2\/posts"}],"about":[{"href":"https:\/\/www.m-q.ch\/de\/wp-json\/wp\/v2\/types\/post"}],"author":[{"embeddable":true,"href":"https:\/\/www.m-q.ch\/de\/wp-json\/wp\/v2\/users\/35"}],"replies":[{"embeddable":true,"href":"https:\/\/www.m-q.ch\/de\/wp-json\/wp\/v2\/comments?post=14850"}],"version-history":[{"count":2,"href":"https:\/\/www.m-q.ch\/de\/wp-json\/wp\/v2\/posts\/14850\/revisions"}],"predecessor-version":[{"id":14854,"href":"https:\/\/www.m-q.ch\/de\/wp-json\/wp\/v2\/posts\/14850\/revisions\/14854"}],"wp:featuredmedia":[{"embeddable":true,"href":"https:\/\/www.m-q.ch\/de\/wp-json\/wp\/v2\/media\/14851"}],"wp:attachment":[{"href":"https:\/\/www.m-q.ch\/de\/wp-json\/wp\/v2\/media?parent=14850"}],"wp:term":[{"taxonomy":"category","embeddable":true,"href":"https:\/\/www.m-q.ch\/de\/wp-json\/wp\/v2\/categories?post=14850"},{"taxonomy":"post_tag","embeddable":true,"href":"https:\/\/www.m-q.ch\/de\/wp-json\/wp\/v2\/tags?post=14850"}],"curies":[{"name":"wp","href":"https:\/\/api.w.org\/{rel}","templated":true}]}}