{"id":15078,"date":"2021-09-16T09:55:30","date_gmt":"2021-09-16T07:55:30","guid":{"rendered":"https:\/\/www.m-q.ch\/?p=15078"},"modified":"2021-10-11T15:57:40","modified_gmt":"2021-10-11T13:57:40","slug":"ceos-blicken-optimistisch-in-die-zukunft","status":"publish","type":"post","link":"https:\/\/www.m-q.ch\/de\/ceos-blicken-optimistisch-in-die-zukunft\/","title":{"rendered":"Gr\u00f6sste Bedrohungen f\u00fcr das Unternehmenswachstum"},"content":{"rendered":"<figure id=\"attachment_15079\" aria-describedby=\"caption-attachment-15079\" style=\"width: 1000px\" class=\"wp-caption aligncenter\"><img loading=\"lazy\" decoding=\"async\" class=\"wp-image-15079 size-full\" src=\"https:\/\/www.m-q.ch\/wp-content\/uploads\/2021\/09\/Depositphotos_102629302_s-2019.jpg\" alt=\"KPMG CEO Outlook 2021\" width=\"1000\" height=\"667\" srcset=\"https:\/\/www.m-q.ch\/wp-content\/uploads\/2021\/09\/Depositphotos_102629302_s-2019.jpg 1000w, https:\/\/www.m-q.ch\/wp-content\/uploads\/2021\/09\/Depositphotos_102629302_s-2019-768x512.jpg 768w, https:\/\/www.m-q.ch\/wp-content\/uploads\/2021\/09\/Depositphotos_102629302_s-2019-16x12.jpg 16w, https:\/\/www.m-q.ch\/wp-content\/uploads\/2021\/09\/Depositphotos_102629302_s-2019-262x175.jpg 262w, https:\/\/www.m-q.ch\/wp-content\/uploads\/2021\/09\/Depositphotos_102629302_s-2019-525x350.jpg 525w, https:\/\/www.m-q.ch\/wp-content\/uploads\/2021\/09\/Depositphotos_102629302_s-2019-920x614.jpg 920w, https:\/\/www.m-q.ch\/wp-content\/uploads\/2021\/09\/Depositphotos_102629302_s-2019-300x200.jpg 300w\" sizes=\"auto, (max-width: 1000px) 100vw, 1000px\" \/><figcaption id=\"caption-attachment-15079\" class=\"wp-caption-text\">\u00a9 Depositphotos, andreyuu<\/figcaption><\/figure>\n<div class=\"parsys-row clearfix chrome\">\n<section class=\"module-bodytext component bg-white clearfix chrome\">\n<div class=\"bodytext-data chrome\">\n<p class=\"chrome\">Der neuste CEO Outlook von KPMG mit mehr als 1&#8217;300 befragten CEOs weltweit zeigt, dass 60% der F\u00fchrungskr\u00e4fte die Wachstumsaussichten der Weltwirtschaft in den n\u00e4chsten drei Jahren positiv beurteilen. Anfang des Jahres waren noch 42% dieser Ansicht. Nur knapp jeder zehnte CEO erwartet, dass sich Wachstumsaussichten negativ entwickeln werden.<\/p>\n<\/div>\n<\/section>\n<\/div>\n<div class=\"parsys-row clearfix chrome\">\n<section class=\"module-bodytext component bg-white clearfix chrome\">\n<h3 class=\"tertiary-head chrome\">Anorganisches Wachstum als Schl\u00fcssel zum Erfolg<\/h3>\n<div class=\"bodytext-data chrome\">\n<p class=\"chrome\">Die Aussicht auf eine st\u00e4rkere Weltwirtschaft veranlasst CEOs, in Expansion und Gesch\u00e4ftstransformation zu investieren, wobei 69% der leitenden Angestellten anorganische Wachstumsstrategien wie Joint Ventures, Mergers &amp; Acquisitions (M&amp;A) sowie strategische Allianzen fokussieren. Auf globaler Ebene gaben 24% der CEOs an, dass Mergers &amp; Acquisitions in den n\u00e4chsten drei Jahren der wichtigste Pfeiler f\u00fcr das Unternehmenswachstum sein werden. Bei den F\u00fchrungskr\u00e4ften von Schweizer Unternehmen sehen dies nur 12% so; sie setzen hingegen st\u00e4rker auf Joint Ventures. So gaben 24% der hiesigen F\u00fchrungskr\u00e4fte an, Joint Ventures als wichtigste Wachstumsstrategie zu verfolgen, w\u00e4hrend dies nur bei 11% der CEOs weltweit der Fall ist.<\/p>\n<p class=\"chrome\">Obwohl eine Mehrheit der F\u00fchrungskr\u00e4fte M&amp;A nicht als wichtigsten Treiber f\u00fcr ihr Unternehmenswachstum sehen, ist der Appetit nach Unternehmensk\u00e4ufen und Fusionen global wie auch in der Schweiz trotzdem gross: 87% der F\u00fchrungskr\u00e4fte weltweit gaben an, in den n\u00e4chsten drei Jahren Akquisitionen t\u00e4tigen zu wollen, um das Wachstum und die Transformation ihres Unternehmens zu unterst\u00fctzen. In der Schweiz planen gar s\u00e4mtliche befragten CEOs, sicher oder wahrscheinlich Firmen(-anteile) hinzukaufen zu wollen.<\/p>\n<\/div>\n<\/section>\n<\/div>\n<div class=\"parsys-row clearfix chrome\">\n<section class=\"module-bodytext component bg-white clearfix chrome\">\n<h3 class=\"tertiary-head chrome\">Gr\u00f6sste Wachstumsrisiken in der Lieferkette<\/h3>\n<div class=\"bodytext-data chrome\">\n<p class=\"chrome\">Als gr\u00f6sste Wachstumsrisiken sehen die globalen F\u00fchrungskr\u00e4fte Cyber-, Lieferketten- und Klimarisiken (je 12% der Nennungen). Die CEOs in der Schweiz gewichten diese Risiken sogar noch h\u00f6her. So gab knapp ein Viertel der F\u00fchrungskr\u00e4fte in der Schweiz an, dass Risiken in der Lieferkette die gr\u00f6sste Bedrohung f\u00fcr das Unternehmenswachstum darstellen w\u00fcrden, gefolgt von Cyberrisiken (20% der Nennungen) sowie Klima- und Regulierungsrisiken (je 16% der Nennungen).<\/p>\n<p class=\"chrome\">Die Risiken in der Lieferkette scheinen in der Schweiz tats\u00e4chlich gr\u00f6sser zu sein als im globalen Durchschnitt: 76% der CEOs in der Schweiz gaben an, dass ihre Supply Chain \u00fcber die letzten 18 Monate verst\u00e4rktem Druck ausgesetzt gewesen sei. Global waren es nur 56%. Als Gegenmassnahme setzen hiesige CEOs haupts\u00e4chlich auf die regionale Diversifizierung ihrer Wertsch\u00f6pfungskette (47% der Angaben; global 30%), w\u00e4hrend CEOs global auch Onshoring, also die Verlagerung von Wertsch\u00f6pfungsschritten ins Inland, in Betracht ziehen (19% der Angaben). In der Schweiz scheint Onshoring bei den F\u00fchrungskr\u00e4ften kein Thema zu sein (0% der Angaben).<\/p>\n<p class=\"chrome\">Das disruptive Potenzial von neuen Technologien hingegen beurteilen die CEOs mehrheitlich als Chance und weniger als Bedrohung (76% Zustimmung). Dies trifft auf die CEOs von Schweizer Unternehmen in besonderem Masse zu: 96% sehen in der technologischen Disruption eine Chance f\u00fcr das eigene Unternehmen.<\/p>\n<\/div>\n<\/section>\n<\/div>\n<div class=\"parsys-row clearfix chrome\">\n<section class=\"module-bodytext component bg-white clearfix chrome\">\n<h3 class=\"tertiary-head chrome\">Gestiegenes Informationsbed\u00fcrfnis zu ESG-Themen<\/h3>\n<div class=\"bodytext-data chrome\">\n<p class=\"chrome\">Zunehmend erfolgskritisch f\u00fcr Unternehmen ist die Adressierung von sozialen und \u00f6kologischen Themen \u00fcber das eigene Kerngesch\u00e4ft hinaus. 58% der CEOs weltweit sch\u00e4tzen das Informationsbed\u00fcrfnis der \u00d6ffentlichkeit nach ESG-Themen als gross bis sehr gross ein. Bei den CEOs von Schweizer Unternehmen sind es gar 68%. W\u00e4hrend die CEOs weltweit vor allem die institutionellen Investoren als treibende Kraft hinter dieser Entwicklung sehen, ist es nach Ansicht der CEOs in der Schweiz vor allem der Regulator. Angesichts der zunehmenden Bedeutung von ESG ist die Bereitschaft der F\u00fchrungskr\u00e4fte hoch, in firmeneigene Programme f\u00fcr nachhaltigeres Wirtschaften zu investieren. Nur 5% der Befragten gaben an, keine Mittel in solche Programme zu stecken.<\/p>\n<\/div>\n<\/section>\n<\/div>\n<div class=\"parsys-row clearfix chrome\">\n<section class=\"module-bodytext component bg-white clearfix chrome\">\n<h3 class=\"tertiary-head chrome\">Reduktion der B\u00fcrofl\u00e4chen r\u00fcckt in den Hintergrund<\/h3>\n<div class=\"bodytext-data chrome\">\n<p class=\"chrome\">Die Coronapandemie hat nicht nur die Chancen und Risiken von Unternehmen ver\u00e4ndert, sondern auch die Art, wie und wo die Mitarbeitenden ihren Wertbeitrag leisten. Entgegen den Aussagen von letztem Jahr haben nur 21% der CEOs weltweit angegeben, die B\u00fcrofl\u00e4chen ihres Unternehmens reduziert zu haben bzw. reduzieren zu wollen (in der Schweiz 12%). Ein starker Kontrast zur Befragung von 2020: damals gaben 69% der globalen F\u00fchrungskr\u00e4fte an, den physischen Fussabdruck verkleinern zu wollen. Die Reduktion der B\u00fcrofl\u00e4chen steht demnach nicht mehr Vordergrund. Die F\u00fchrungskr\u00e4fte konzentrieren sich stattdessen darauf, ihren Mitarbeitern mehr Flexibilit\u00e4t zu bieten und die Vorteile aus beiden Welten, d.h. der B\u00fcro- und Heimarbeit, zu kombinieren. So gaben 37% der globalen F\u00fchrungskr\u00e4fte an, ein hybrides Arbeitsmodell f\u00fcr ihre Mitarbeitenden implementiert zu haben bzw. implementieren zu wollen. In der Schweiz gaben gar 52% der F\u00fchrungskr\u00e4fte an, ein solch hybrides Modell zu fahren bzw. einzuf\u00fchren.<\/p>\n<p><em>Pressemeldung KPMG<\/em><\/p>\n<\/div>\n<\/section>\n<\/div>\n<div class=\"parsys-row clearfix chrome\">\n<section class=\"module-bodytext component bg-white clearfix chrome\">\n<div class=\"bodytext-data bodytext-footnote chrome\">\n<blockquote>\n<p class=\"chrome\"><b class=\"chrome\"><span class=\"fontsize18px chrome\">Methodik<\/span><\/b><\/p>\n<p class=\"chrome\">In ihrem j\u00e4hrlichen CEO Outlook untersucht KPMG die Einstellung von F\u00fchrungskr\u00e4ften zu verschiedenen Themen wie Wachstum, Nachhaltigkeit und Digitalisierung. Dazu wurden 2021 weltweit 1&#8217;325 CEOs von Unternehmen mit einem Umsatz von mehr als USD 500 Mio. befragt. An der Umfrage teilgenommen haben auch 25 CEOs von Schweizer Unternehmen.<\/p>\n<\/blockquote>\n<\/div>\n<\/section>\n<\/div>\n","protected":false},"excerpt":{"rendered":"<p>Der neuste CEO Outlook von KPMG mit mehr als 1&#8217;300 befragten CEOs weltweit zeigt, dass 60% der F\u00fchrungskr\u00e4fte die Wachstumsaussichten der Weltwirtschaft in den n\u00e4chsten drei Jahren positiv beurteilen. Anfang des Jahres waren noch 42% dieser Ansicht. Nur knapp jeder zehnte CEO erwartet, dass sich Wachstumsaussichten negativ entwickeln werden. Anorganisches Wachstum als Schl\u00fcssel zum Erfolg [&hellip;]<\/p>\n","protected":false},"author":35,"featured_media":15079,"comment_status":"closed","ping_status":"closed","sticky":false,"template":"","format":"standard","meta":{"_acf_changed":false,"footnotes":""},"categories":[4448],"tags":[5131],"class_list":["post-15078","post","type-post","status-publish","format-standard","has-post-thumbnail","hentry","category-allgemein","tag-kpmg-ceo-outlook-2021"],"acf":[],"yoast_head":"<!-- This site is optimized with the Yoast SEO plugin v26.2 - https:\/\/yoast.com\/wordpress\/plugins\/seo\/ -->\n<title>Gr\u00f6sste Bedrohungen f\u00fcr das Unternehmenswachstum - MQ Management und Qualit\u00e4t<\/title>\n<meta name=\"description\" content=\"Die CEOs der gr\u00f6ssten Unternehmen der Welt und in der Schweiz schauen laut dem KPMG CEO Outlook 2021 positiv in die Zukunft.\" \/>\n<meta name=\"robots\" content=\"index, follow, max-snippet:-1, max-image-preview:large, max-video-preview:-1\" \/>\n<link rel=\"canonical\" href=\"https:\/\/www.m-q.ch\/de\/ceos-blicken-optimistisch-in-die-zukunft\/\" \/>\n<meta property=\"og:locale\" content=\"de_DE\" \/>\n<meta property=\"og:type\" content=\"article\" \/>\n<meta property=\"og:title\" content=\"Gr\u00f6sste Bedrohungen f\u00fcr das Unternehmenswachstum - MQ Management und Qualit\u00e4t\" \/>\n<meta property=\"og:description\" content=\"Die CEOs der gr\u00f6ssten Unternehmen der Welt und in der Schweiz schauen laut dem KPMG CEO Outlook 2021 positiv in die Zukunft.\" \/>\n<meta property=\"og:url\" content=\"https:\/\/www.m-q.ch\/de\/ceos-blicken-optimistisch-in-die-zukunft\/\" \/>\n<meta property=\"og:site_name\" content=\"MQ Management und Qualit\u00e4t\" \/>\n<meta property=\"article:publisher\" content=\"https:\/\/www.facebook.com\/ManagementUndQualitaet\" \/>\n<meta property=\"article:published_time\" content=\"2021-09-16T07:55:30+00:00\" \/>\n<meta property=\"article:modified_time\" content=\"2021-10-11T13:57:40+00:00\" \/>\n<meta property=\"og:image\" content=\"https:\/\/www.m-q.ch\/wp-content\/uploads\/2021\/09\/Depositphotos_102629302_s-2019.jpg\" \/>\n\t<meta property=\"og:image:width\" content=\"1000\" \/>\n\t<meta property=\"og:image:height\" content=\"667\" \/>\n\t<meta property=\"og:image:type\" content=\"image\/jpeg\" \/>\n<meta name=\"author\" content=\"Roger Str\u00e4ssle\" \/>\n<meta name=\"twitter:card\" content=\"summary_large_image\" \/>\n<meta name=\"twitter:label1\" content=\"Verfasst von\" \/>\n\t<meta name=\"twitter:data1\" content=\"Roger Str\u00e4ssle\" \/>\n\t<meta name=\"twitter:label2\" content=\"Gesch\u00e4tzte Lesezeit\" \/>\n\t<meta name=\"twitter:data2\" content=\"4\u00a0Minuten\" \/>\n<script type=\"application\/ld+json\" class=\"yoast-schema-graph\">{\"@context\":\"https:\/\/schema.org\",\"@graph\":[{\"@type\":\"Article\",\"@id\":\"https:\/\/www.m-q.ch\/ceos-blicken-optimistisch-in-die-zukunft\/#article\",\"isPartOf\":{\"@id\":\"https:\/\/www.m-q.ch\/ceos-blicken-optimistisch-in-die-zukunft\/\"},\"author\":{\"name\":\"Roger Str\u00e4ssle\",\"@id\":\"https:\/\/www.m-q.ch\/fr\/#\/schema\/person\/47d540e081acd98ccbeb69b55df653d7\"},\"headline\":\"Gr\u00f6sste Bedrohungen f\u00fcr das Unternehmenswachstum\",\"datePublished\":\"2021-09-16T07:55:30+00:00\",\"dateModified\":\"2021-10-11T13:57:40+00:00\",\"mainEntityOfPage\":{\"@id\":\"https:\/\/www.m-q.ch\/ceos-blicken-optimistisch-in-die-zukunft\/\"},\"wordCount\":807,\"publisher\":{\"@id\":\"https:\/\/www.m-q.ch\/fr\/#organization\"},\"image\":{\"@id\":\"https:\/\/www.m-q.ch\/ceos-blicken-optimistisch-in-die-zukunft\/#primaryimage\"},\"thumbnailUrl\":\"https:\/\/www.m-q.ch\/wp-content\/uploads\/2021\/09\/Depositphotos_102629302_s-2019.jpg\",\"keywords\":[\"KPMG CEO Outlook 2021\"],\"inLanguage\":\"de\"},{\"@type\":\"WebPage\",\"@id\":\"https:\/\/www.m-q.ch\/ceos-blicken-optimistisch-in-die-zukunft\/\",\"url\":\"https:\/\/www.m-q.ch\/ceos-blicken-optimistisch-in-die-zukunft\/\",\"name\":\"Gr\u00f6sste Bedrohungen f\u00fcr das Unternehmenswachstum - MQ Management und Qualit\u00e4t\",\"isPartOf\":{\"@id\":\"https:\/\/www.m-q.ch\/fr\/#website\"},\"primaryImageOfPage\":{\"@id\":\"https:\/\/www.m-q.ch\/ceos-blicken-optimistisch-in-die-zukunft\/#primaryimage\"},\"image\":{\"@id\":\"https:\/\/www.m-q.ch\/ceos-blicken-optimistisch-in-die-zukunft\/#primaryimage\"},\"thumbnailUrl\":\"https:\/\/www.m-q.ch\/wp-content\/uploads\/2021\/09\/Depositphotos_102629302_s-2019.jpg\",\"datePublished\":\"2021-09-16T07:55:30+00:00\",\"dateModified\":\"2021-10-11T13:57:40+00:00\",\"description\":\"Die CEOs der gr\u00f6ssten Unternehmen der Welt und in der Schweiz schauen laut dem KPMG CEO Outlook 2021 positiv in die Zukunft.\",\"breadcrumb\":{\"@id\":\"https:\/\/www.m-q.ch\/ceos-blicken-optimistisch-in-die-zukunft\/#breadcrumb\"},\"inLanguage\":\"de\",\"potentialAction\":[{\"@type\":\"ReadAction\",\"target\":[\"https:\/\/www.m-q.ch\/ceos-blicken-optimistisch-in-die-zukunft\/\"]}]},{\"@type\":\"ImageObject\",\"inLanguage\":\"de\",\"@id\":\"https:\/\/www.m-q.ch\/ceos-blicken-optimistisch-in-die-zukunft\/#primaryimage\",\"url\":\"https:\/\/www.m-q.ch\/wp-content\/uploads\/2021\/09\/Depositphotos_102629302_s-2019.jpg\",\"contentUrl\":\"https:\/\/www.m-q.ch\/wp-content\/uploads\/2021\/09\/Depositphotos_102629302_s-2019.jpg\",\"width\":1000,\"height\":667,\"caption\":\"\u00a9 Depositphotos, andreyuu\"},{\"@type\":\"BreadcrumbList\",\"@id\":\"https:\/\/www.m-q.ch\/ceos-blicken-optimistisch-in-die-zukunft\/#breadcrumb\",\"itemListElement\":[{\"@type\":\"ListItem\",\"position\":1,\"name\":\"Allgemein\",\"item\":\"https:\/\/www.m-q.ch\/kategorie\/allgemein\/\"},{\"@type\":\"ListItem\",\"position\":2,\"name\":\"Gr\u00f6sste Bedrohungen f\u00fcr das Unternehmenswachstum\"}]},{\"@type\":\"WebSite\",\"@id\":\"https:\/\/www.m-q.ch\/fr\/#website\",\"url\":\"https:\/\/www.m-q.ch\/fr\/\",\"name\":\"MQ Management und Qualit\u00e4t\",\"description\":\"Plattform f\u00fcr integrierte Managementsysteme.\",\"publisher\":{\"@id\":\"https:\/\/www.m-q.ch\/fr\/#organization\"},\"potentialAction\":[{\"@type\":\"SearchAction\",\"target\":{\"@type\":\"EntryPoint\",\"urlTemplate\":\"https:\/\/www.m-q.ch\/fr\/?s={search_term_string}\"},\"query-input\":{\"@type\":\"PropertyValueSpecification\",\"valueRequired\":true,\"valueName\":\"search_term_string\"}}],\"inLanguage\":\"de\"},{\"@type\":\"Organization\",\"@id\":\"https:\/\/www.m-q.ch\/fr\/#organization\",\"name\":\"Galledia Fachmedien AG\",\"url\":\"https:\/\/www.m-q.ch\/fr\/\",\"logo\":{\"@type\":\"ImageObject\",\"inLanguage\":\"de\",\"@id\":\"https:\/\/www.m-q.ch\/fr\/#\/schema\/logo\/image\/\",\"url\":\"https:\/\/www.m-q.ch\/wp-content\/uploads\/2020\/12\/cropped-logo_small.png\",\"contentUrl\":\"https:\/\/www.m-q.ch\/wp-content\/uploads\/2020\/12\/cropped-logo_small.png\",\"width\":512,\"height\":512,\"caption\":\"Galledia Fachmedien AG\"},\"image\":{\"@id\":\"https:\/\/www.m-q.ch\/fr\/#\/schema\/logo\/image\/\"},\"sameAs\":[\"https:\/\/www.facebook.com\/ManagementUndQualitaet\",\"https:\/\/www.linkedin.com\/showcase\/17982321\/admin\/\"]},{\"@type\":\"Person\",\"@id\":\"https:\/\/www.m-q.ch\/fr\/#\/schema\/person\/47d540e081acd98ccbeb69b55df653d7\",\"name\":\"Roger Str\u00e4ssle\",\"image\":{\"@type\":\"ImageObject\",\"inLanguage\":\"de\",\"@id\":\"https:\/\/www.m-q.ch\/fr\/#\/schema\/person\/image\/\",\"url\":\"https:\/\/secure.gravatar.com\/avatar\/e4dde3046d8a184d2e2d27651a418883?s=96&d=mm&r=g\",\"contentUrl\":\"https:\/\/secure.gravatar.com\/avatar\/e4dde3046d8a184d2e2d27651a418883?s=96&d=mm&r=g\",\"caption\":\"Roger Str\u00e4ssle\"},\"url\":\"https:\/\/www.m-q.ch\/de\/author\/roger-straessle\/\"}]}<\/script>\n<!-- \/ Yoast SEO plugin. -->","yoast_head_json":{"title":"Gr\u00f6sste Bedrohungen f\u00fcr das Unternehmenswachstum - MQ Management und Qualit\u00e4t","description":"Die CEOs der gr\u00f6ssten Unternehmen der Welt und in der Schweiz schauen laut dem KPMG CEO Outlook 2021 positiv in die Zukunft.","robots":{"index":"index","follow":"follow","max-snippet":"max-snippet:-1","max-image-preview":"max-image-preview:large","max-video-preview":"max-video-preview:-1"},"canonical":"https:\/\/www.m-q.ch\/de\/ceos-blicken-optimistisch-in-die-zukunft\/","og_locale":"de_DE","og_type":"article","og_title":"Gr\u00f6sste Bedrohungen f\u00fcr das Unternehmenswachstum - MQ Management und Qualit\u00e4t","og_description":"Die CEOs der gr\u00f6ssten Unternehmen der Welt und in der Schweiz schauen laut dem KPMG CEO Outlook 2021 positiv in die Zukunft.","og_url":"https:\/\/www.m-q.ch\/de\/ceos-blicken-optimistisch-in-die-zukunft\/","og_site_name":"MQ Management und Qualit\u00e4t","article_publisher":"https:\/\/www.facebook.com\/ManagementUndQualitaet","article_published_time":"2021-09-16T07:55:30+00:00","article_modified_time":"2021-10-11T13:57:40+00:00","og_image":[{"width":1000,"height":667,"url":"https:\/\/www.m-q.ch\/wp-content\/uploads\/2021\/09\/Depositphotos_102629302_s-2019.jpg","type":"image\/jpeg"}],"author":"Roger Str\u00e4ssle","twitter_card":"summary_large_image","twitter_misc":{"Verfasst von":"Roger Str\u00e4ssle","Gesch\u00e4tzte Lesezeit":"4\u00a0Minuten"},"schema":{"@context":"https:\/\/schema.org","@graph":[{"@type":"Article","@id":"https:\/\/www.m-q.ch\/ceos-blicken-optimistisch-in-die-zukunft\/#article","isPartOf":{"@id":"https:\/\/www.m-q.ch\/ceos-blicken-optimistisch-in-die-zukunft\/"},"author":{"name":"Roger Str\u00e4ssle","@id":"https:\/\/www.m-q.ch\/fr\/#\/schema\/person\/47d540e081acd98ccbeb69b55df653d7"},"headline":"Gr\u00f6sste Bedrohungen f\u00fcr das Unternehmenswachstum","datePublished":"2021-09-16T07:55:30+00:00","dateModified":"2021-10-11T13:57:40+00:00","mainEntityOfPage":{"@id":"https:\/\/www.m-q.ch\/ceos-blicken-optimistisch-in-die-zukunft\/"},"wordCount":807,"publisher":{"@id":"https:\/\/www.m-q.ch\/fr\/#organization"},"image":{"@id":"https:\/\/www.m-q.ch\/ceos-blicken-optimistisch-in-die-zukunft\/#primaryimage"},"thumbnailUrl":"https:\/\/www.m-q.ch\/wp-content\/uploads\/2021\/09\/Depositphotos_102629302_s-2019.jpg","keywords":["KPMG CEO Outlook 2021"],"inLanguage":"de"},{"@type":"WebPage","@id":"https:\/\/www.m-q.ch\/ceos-blicken-optimistisch-in-die-zukunft\/","url":"https:\/\/www.m-q.ch\/ceos-blicken-optimistisch-in-die-zukunft\/","name":"Gr\u00f6sste Bedrohungen f\u00fcr das Unternehmenswachstum - MQ Management und Qualit\u00e4t","isPartOf":{"@id":"https:\/\/www.m-q.ch\/fr\/#website"},"primaryImageOfPage":{"@id":"https:\/\/www.m-q.ch\/ceos-blicken-optimistisch-in-die-zukunft\/#primaryimage"},"image":{"@id":"https:\/\/www.m-q.ch\/ceos-blicken-optimistisch-in-die-zukunft\/#primaryimage"},"thumbnailUrl":"https:\/\/www.m-q.ch\/wp-content\/uploads\/2021\/09\/Depositphotos_102629302_s-2019.jpg","datePublished":"2021-09-16T07:55:30+00:00","dateModified":"2021-10-11T13:57:40+00:00","description":"Die CEOs der gr\u00f6ssten Unternehmen der Welt und in der Schweiz schauen laut dem KPMG CEO Outlook 2021 positiv in die Zukunft.","breadcrumb":{"@id":"https:\/\/www.m-q.ch\/ceos-blicken-optimistisch-in-die-zukunft\/#breadcrumb"},"inLanguage":"de","potentialAction":[{"@type":"ReadAction","target":["https:\/\/www.m-q.ch\/ceos-blicken-optimistisch-in-die-zukunft\/"]}]},{"@type":"ImageObject","inLanguage":"de","@id":"https:\/\/www.m-q.ch\/ceos-blicken-optimistisch-in-die-zukunft\/#primaryimage","url":"https:\/\/www.m-q.ch\/wp-content\/uploads\/2021\/09\/Depositphotos_102629302_s-2019.jpg","contentUrl":"https:\/\/www.m-q.ch\/wp-content\/uploads\/2021\/09\/Depositphotos_102629302_s-2019.jpg","width":1000,"height":667,"caption":"\u00a9 Depositphotos, andreyuu"},{"@type":"BreadcrumbList","@id":"https:\/\/www.m-q.ch\/ceos-blicken-optimistisch-in-die-zukunft\/#breadcrumb","itemListElement":[{"@type":"ListItem","position":1,"name":"Allgemein","item":"https:\/\/www.m-q.ch\/kategorie\/allgemein\/"},{"@type":"ListItem","position":2,"name":"Gr\u00f6sste Bedrohungen f\u00fcr das Unternehmenswachstum"}]},{"@type":"WebSite","@id":"https:\/\/www.m-q.ch\/fr\/#website","url":"https:\/\/www.m-q.ch\/fr\/","name":"MQ Management und Qualit\u00e4t","description":"Plattform f\u00fcr integrierte Managementsysteme.","publisher":{"@id":"https:\/\/www.m-q.ch\/fr\/#organization"},"potentialAction":[{"@type":"SearchAction","target":{"@type":"EntryPoint","urlTemplate":"https:\/\/www.m-q.ch\/fr\/?s={search_term_string}"},"query-input":{"@type":"PropertyValueSpecification","valueRequired":true,"valueName":"search_term_string"}}],"inLanguage":"de"},{"@type":"Organization","@id":"https:\/\/www.m-q.ch\/fr\/#organization","name":"Galledia Fachmedien AG","url":"https:\/\/www.m-q.ch\/fr\/","logo":{"@type":"ImageObject","inLanguage":"de","@id":"https:\/\/www.m-q.ch\/fr\/#\/schema\/logo\/image\/","url":"https:\/\/www.m-q.ch\/wp-content\/uploads\/2020\/12\/cropped-logo_small.png","contentUrl":"https:\/\/www.m-q.ch\/wp-content\/uploads\/2020\/12\/cropped-logo_small.png","width":512,"height":512,"caption":"Galledia Fachmedien AG"},"image":{"@id":"https:\/\/www.m-q.ch\/fr\/#\/schema\/logo\/image\/"},"sameAs":["https:\/\/www.facebook.com\/ManagementUndQualitaet","https:\/\/www.linkedin.com\/showcase\/17982321\/admin\/"]},{"@type":"Person","@id":"https:\/\/www.m-q.ch\/fr\/#\/schema\/person\/47d540e081acd98ccbeb69b55df653d7","name":"Roger Str\u00e4ssle","image":{"@type":"ImageObject","inLanguage":"de","@id":"https:\/\/www.m-q.ch\/fr\/#\/schema\/person\/image\/","url":"https:\/\/secure.gravatar.com\/avatar\/e4dde3046d8a184d2e2d27651a418883?s=96&d=mm&r=g","contentUrl":"https:\/\/secure.gravatar.com\/avatar\/e4dde3046d8a184d2e2d27651a418883?s=96&d=mm&r=g","caption":"Roger Str\u00e4ssle"},"url":"https:\/\/www.m-q.ch\/de\/author\/roger-straessle\/"}]}},"_links":{"self":[{"href":"https:\/\/www.m-q.ch\/de\/wp-json\/wp\/v2\/posts\/15078","targetHints":{"allow":["GET"]}}],"collection":[{"href":"https:\/\/www.m-q.ch\/de\/wp-json\/wp\/v2\/posts"}],"about":[{"href":"https:\/\/www.m-q.ch\/de\/wp-json\/wp\/v2\/types\/post"}],"author":[{"embeddable":true,"href":"https:\/\/www.m-q.ch\/de\/wp-json\/wp\/v2\/users\/35"}],"replies":[{"embeddable":true,"href":"https:\/\/www.m-q.ch\/de\/wp-json\/wp\/v2\/comments?post=15078"}],"version-history":[{"count":3,"href":"https:\/\/www.m-q.ch\/de\/wp-json\/wp\/v2\/posts\/15078\/revisions"}],"predecessor-version":[{"id":15082,"href":"https:\/\/www.m-q.ch\/de\/wp-json\/wp\/v2\/posts\/15078\/revisions\/15082"}],"wp:featuredmedia":[{"embeddable":true,"href":"https:\/\/www.m-q.ch\/de\/wp-json\/wp\/v2\/media\/15079"}],"wp:attachment":[{"href":"https:\/\/www.m-q.ch\/de\/wp-json\/wp\/v2\/media?parent=15078"}],"wp:term":[{"taxonomy":"category","embeddable":true,"href":"https:\/\/www.m-q.ch\/de\/wp-json\/wp\/v2\/categories?post=15078"},{"taxonomy":"post_tag","embeddable":true,"href":"https:\/\/www.m-q.ch\/de\/wp-json\/wp\/v2\/tags?post=15078"}],"curies":[{"name":"wp","href":"https:\/\/api.w.org\/{rel}","templated":true}]}}