{"id":15284,"date":"2021-10-19T14:32:52","date_gmt":"2021-10-19T12:32:52","guid":{"rendered":"https:\/\/www.m-q.ch\/?p=15284"},"modified":"2021-10-28T10:34:24","modified_gmt":"2021-10-28T08:34:24","slug":"swiss-medtech-fordert-aenderung-der-nationalen-medizinprodukteverordnung","status":"publish","type":"post","link":"https:\/\/www.m-q.ch\/de\/swiss-medtech-fordert-aenderung-der-nationalen-medizinprodukteverordnung\/","title":{"rendered":"Swiss Medtech fordert \u00c4nderung der nationalen Medizinprodukteverordnung"},"content":{"rendered":"<figure id=\"attachment_15285\" aria-describedby=\"caption-attachment-15285\" style=\"width: 999px\" class=\"wp-caption aligncenter\"><img loading=\"lazy\" decoding=\"async\" class=\"wp-image-15285 size-full\" src=\"https:\/\/www.m-q.ch\/wp-content\/uploads\/2021\/10\/Depositphotos_441171158_S.jpg\" alt=\"Medtech\" width=\"999\" height=\"603\" srcset=\"https:\/\/www.m-q.ch\/wp-content\/uploads\/2021\/10\/Depositphotos_441171158_S.jpg 999w, https:\/\/www.m-q.ch\/wp-content\/uploads\/2021\/10\/Depositphotos_441171158_S-768x464.jpg 768w, https:\/\/www.m-q.ch\/wp-content\/uploads\/2021\/10\/Depositphotos_441171158_S-16x10.jpg 16w, https:\/\/www.m-q.ch\/wp-content\/uploads\/2021\/10\/Depositphotos_441171158_S-290x175.jpg 290w, https:\/\/www.m-q.ch\/wp-content\/uploads\/2021\/10\/Depositphotos_441171158_S-580x350.jpg 580w, https:\/\/www.m-q.ch\/wp-content\/uploads\/2021\/10\/Depositphotos_441171158_S-920x555.jpg 920w, https:\/\/www.m-q.ch\/wp-content\/uploads\/2021\/10\/Depositphotos_441171158_S-300x181.jpg 300w\" sizes=\"auto, (max-width: 999px) 100vw, 999px\" \/><figcaption id=\"caption-attachment-15285\" class=\"wp-caption-text\">Seit der Medizinprodukteverordnung vom 26. Mai 2021 krankt die Schweiz insbesondere beim Import von Medizinprodukten. Neue Rezepte sind gefragt. \u00a9 Depositphotos, doble.dphoto<\/figcaption><\/figure>\n<p>Die diesj\u00e4hrige Konferenz von Swiss Medtech zur Medizinprodukteregulierung vom 19. Oktober stand ganz im Zeichen der neuen Realit\u00e4t <em>Drittstaat<\/em>, in der sich die Schweizer Medizintechnikindustrie seit Mai dieses Jahres im Verh\u00e4ltnis zur Europ\u00e4ischen Union (EU) \u2013 ihrem wichtigsten Handelspartner \u2013 befindet. Welche Konsequenzen hat die Blockade mit der EU auf die bisher von Erfolg gepr\u00e4gte Schweizer Medizintechnikindustrie? Welches sind die akuten Probleme und wie k\u00f6nnten sie gel\u00f6st werden? An der Konferenz gingen \u00fcber 500 Branchevertreterinnen und -vertreter dieser Fragen nach.\u00a0<\/p>\n<h2>Export: Die Branche hat sich arrangiert<\/h2>\n<p>Gem\u00e4ss Swiss Medtech hat die Branche das Szenario <em>Drittstaat<\/em> zu grossen Teilen antizipiert und sich zwei Jahre mit grossem Einsatz darauf vorbereitet, die Zusatzanforderungen f\u00fcr den l\u00fcckenlosen Export ihrer Ware in die EU zu erf\u00fcllen. Dazu geh\u00f6ren im Wesentlichen die Benennung eines Bevollm\u00e4chtigten im EU-Raum, der stellvertretend Herstelleraufgaben und die solidarische Produktehaftung \u00fcbernimmt, sowie die Neubeschriftung der Produkte. Heute seien fast alle Unternehmen entsprechend aufgestellt. Die Rechtslage sei klar: Wer MDR\u00b9-Produkte in die EU-exportieren wolle, m\u00fcsse die Drittstaat-Anforderungen erf\u00fcllen. Demgegen\u00fcber bestehe in Bezug auf die Medizinprodukte mit bestehenden Zertifikaten (sog. MDD\u00b2-Produkte bzw. altrechtliche Produkte) nach wie vor Rechtsunsicherheit. D\u00fcrfen sie von der \u00dcbergangsfrist bis Ende 2024 profitieren oder nicht? \u00abDie EU sagt Nein, die Schweiz sagt Ja\u00bb, so der Branchenverband. Jedes Unternehmen m\u00fcsse in diesem rechtlichen Schwebezustand eine eigene Risikoabw\u00e4gung machen.\u00a0<\/p>\n<h2>Import: Alarmierende Situation \u2013 Patientenversorgung ist gef\u00e4hrdet<\/h2>\n<p>Mit Inkraftsetzung der nationalen Medizinprodukteverordnung (MepV) am 26. Mai 2021 hat der Bundesrat hohe Import-H\u00fcrden f\u00fcr ausl\u00e4ndische Hersteller aufgestellt. Damit schade die Schweiz nicht nur der heimischen Medtech-Industrie, sondern gef\u00e4hrde dar\u00fcber hinaus die Gesundheitsversorgung ihrer eigenen Bev\u00f6lkerung. Branchenumfragen w\u00fcrden zeigen, dass jedes achte der heute in der Schweiz verwendeten Medizinprodukte k\u00fcnftig nicht mehr verf\u00fcgbar sein werde, so Swiss Medtech. Der Grund: Nicht alle ausl\u00e4ndischen Hersteller seien bereit, zus\u00e4tzliche Anforderungen einzig und allein f\u00fcr den kleinen Absatzmarkt Schweiz zu erf\u00fcllen. \u00abZurzeit sind uns Einzelbeispiele von Lieferstopps bekannt. Ab zweite H\u00e4lfte n\u00e4chsten Jahres wird es breit sp\u00fcrbare Versorgungsl\u00fccken geben\u00bb, ist Daniel Delfosse, Leiter f\u00fcr Regulierungsfragen von Swiss Medtech, \u00fcberzeugt.<\/p>\n<p>Bereits im Fr\u00fchling dieses Jahres hat der Verband zusammen mit anderen Gesundheitsakteuren in einem offenen Brief an den Bundesrat auf die alarmierende Situation aufmerksam gemacht. Ohne Erfolg: Die MepV wurde mit hohen Import-H\u00fcrden in Kraft gesetzt.\u00a0<\/p>\n<p>Dem Verband sei bewusst, dass der Bundesrat die MRA\u00b3-Aktualisierung und damit den Schl\u00fcssel zum freien gegenseitigen Warenhandel nicht allein in der Hand habe, sondern auch die EU bereit dazu sein m\u00fcsse. \u00abUmso wichtiger ist es, dass der Bundesrat die Regeln des Imports, die er mittels MepV unabh\u00e4ngig von der EU einseitig festlegen kann, zum Wohle der Schweiz trifft. Das ist heute nicht der Fall\u00bb, sagt Delfosse. Mit der MepV habe die Schweiz das von der EU \u00fcbernommene Recht (MDR) noch zus\u00e4tzlich versch\u00e4rft (Swiss Finish). \u00abDie Vorlage funktioniert in der Realit\u00e4t nicht. Wir fordern eine dringende \u00c4nderung. Mit ein paar wenigen Anpassungen der Verordnung k\u00f6nnte das sich anbahnende Versorgungsproblem massiv entsch\u00e4rft werden. Die Schweizer Regierung hat das allein in der Hand\u00bb, so Delfosse.\u00a0<\/p>\n<h2>Zukunft: Beziehung mit der EU auf eine solide Basis stellen<\/h2>\n<p>Nebst den kurzfristigen negativen Konsequenzen d\u00fcrfe der langfristige Schaden f\u00fcr den bisher attraktiven Medtech-Standort Schweiz nicht vergessen gehen. \u00abVielen Entscheidungstr\u00e4gern scheint nicht bewusst zu sein, wie sehr die Blockade mit der EU der Attraktivit\u00e4t der Schweiz als Wirtschaft- und Forschungsplatz bereits geschadet hat und schaden wird. Der Verband wird sich deshalb weiterhin mit ungebrochenem Engagement mit Partnern und in Allianzen daf\u00fcr einsetzen, dass die Beziehung der Schweiz mit der EU auf eine solide und dauerhafte Grundlage gestellt wird\u00bb, sagt Beat Vonlanthen, Pr\u00e4sident von Swiss Medtech.<\/p>\n<p><em>Quelle: <a href=\"http:\/\/www.swiss-medtech.ch\">Swiss Medtech<\/a><\/em><\/p>\n<blockquote>\n<p>&nbsp;<\/p>\n<h3>R\u00fcckblick auf das europapolitische Medtech-Staccato\u00a0<\/h3>\n<p>Der 26. Mai 2021 war ein Stichtag f\u00fcr die Medtech-Branche: Die neue europ\u00e4ische Medizinprodukteverordnung (\u00b9Medical Device Regulation, MDR) ersetzte die alten EU-Richtlinien (\u00b2Medical Device Directive, MDD). Die nationale Medizinprodukteverordnung (MepV) trat in Kraft. Der Bundesrat brach die Verhandlungen mit der EU zum Institutionellen Rahmenabkommen ab, womit eine Chance auf zeitnahe Aktualisierung des Abkommens f\u00fcr den freien bilateralen Handel von Medizinprodukten (\u00b3Mutual Recognition Agreement, MRA) abrupt zerrann. Mit der fehlenden Aktualisierung des MRA wurde die Schweizer Medtech-Branche auf Drittstaat zur\u00fcckgestuft. Die EU-Kommission tat kund, dass Schweizer Zertifikate in der EU ab sofort nicht mehr anerkannt sind, und dass Produkte mit bestehenden, von einer Stelle in der EU ausgestellten Zertifikaten, nicht von der \u00dcbergangsfrist bis Mai 2024 profitieren k\u00f6nnen.<\/p>\n<\/blockquote>\n","protected":false},"excerpt":{"rendered":"<p>Die diesj\u00e4hrige Konferenz von Swiss Medtech zur Medizinprodukteregulierung vom 19. Oktober stand ganz im Zeichen der neuen Realit\u00e4t Drittstaat, in der sich die Schweizer Medizintechnikindustrie seit Mai dieses Jahres im Verh\u00e4ltnis zur Europ\u00e4ischen Union (EU) \u2013 ihrem wichtigsten Handelspartner \u2013 befindet. Welche Konsequenzen hat die Blockade mit der EU auf die bisher von Erfolg gepr\u00e4gte [&hellip;]<\/p>\n","protected":false},"author":35,"featured_media":15285,"comment_status":"closed","ping_status":"closed","sticky":false,"template":"","format":"standard","meta":{"_acf_changed":false,"footnotes":""},"categories":[4448],"tags":[5156],"class_list":["post-15284","post","type-post","status-publish","format-standard","has-post-thumbnail","hentry","category-allgemein","tag-swiss-medtech"],"acf":[],"yoast_head":"<!-- This site is optimized with the Yoast SEO plugin v26.2 - https:\/\/yoast.com\/wordpress\/plugins\/seo\/ -->\n<title>Swiss Medtech fordert \u00c4nderung der nationalen Medizinprodukteverordnung - MQ Management und Qualit\u00e4t<\/title>\n<meta name=\"description\" content=\"Medtech-Branche: F\u00fcr den Export von Medizinprodukten gem\u00e4ss neuer EU-Regelung ist die Branche den Umst\u00e4nden entsprechend gut aufgestellt. Alarmierend ist die Situation beim Import.\" \/>\n<meta name=\"robots\" content=\"index, follow, max-snippet:-1, max-image-preview:large, max-video-preview:-1\" \/>\n<link rel=\"canonical\" href=\"https:\/\/www.m-q.ch\/de\/swiss-medtech-fordert-aenderung-der-nationalen-medizinprodukteverordnung\/\" \/>\n<meta property=\"og:locale\" content=\"de_DE\" \/>\n<meta property=\"og:type\" content=\"article\" \/>\n<meta property=\"og:title\" content=\"Swiss Medtech fordert \u00c4nderung der nationalen Medizinprodukteverordnung - MQ Management und Qualit\u00e4t\" \/>\n<meta property=\"og:description\" content=\"Medtech-Branche: F\u00fcr den Export von Medizinprodukten gem\u00e4ss neuer EU-Regelung ist die Branche den Umst\u00e4nden entsprechend gut aufgestellt. Alarmierend ist die Situation beim Import.\" \/>\n<meta property=\"og:url\" content=\"https:\/\/www.m-q.ch\/de\/swiss-medtech-fordert-aenderung-der-nationalen-medizinprodukteverordnung\/\" \/>\n<meta property=\"og:site_name\" content=\"MQ Management und Qualit\u00e4t\" \/>\n<meta property=\"article:publisher\" content=\"https:\/\/www.facebook.com\/ManagementUndQualitaet\" \/>\n<meta property=\"article:published_time\" content=\"2021-10-19T12:32:52+00:00\" \/>\n<meta property=\"article:modified_time\" content=\"2021-10-28T08:34:24+00:00\" \/>\n<meta property=\"og:image\" content=\"https:\/\/www.m-q.ch\/wp-content\/uploads\/2021\/10\/Depositphotos_441171158_S.jpg\" \/>\n\t<meta property=\"og:image:width\" content=\"999\" \/>\n\t<meta property=\"og:image:height\" content=\"603\" \/>\n\t<meta property=\"og:image:type\" content=\"image\/jpeg\" \/>\n<meta name=\"author\" content=\"Roger Str\u00e4ssle\" \/>\n<meta name=\"twitter:card\" content=\"summary_large_image\" \/>\n<meta name=\"twitter:label1\" content=\"Verfasst von\" \/>\n\t<meta name=\"twitter:data1\" content=\"Roger Str\u00e4ssle\" \/>\n\t<meta name=\"twitter:label2\" content=\"Gesch\u00e4tzte Lesezeit\" \/>\n\t<meta name=\"twitter:data2\" content=\"4\u00a0Minuten\" \/>\n<script type=\"application\/ld+json\" class=\"yoast-schema-graph\">{\"@context\":\"https:\/\/schema.org\",\"@graph\":[{\"@type\":\"Article\",\"@id\":\"https:\/\/www.m-q.ch\/swiss-medtech-fordert-aenderung-der-nationalen-medizinprodukteverordnung\/#article\",\"isPartOf\":{\"@id\":\"https:\/\/www.m-q.ch\/swiss-medtech-fordert-aenderung-der-nationalen-medizinprodukteverordnung\/\"},\"author\":{\"name\":\"Roger Str\u00e4ssle\",\"@id\":\"https:\/\/www.m-q.ch\/fr\/#\/schema\/person\/47d540e081acd98ccbeb69b55df653d7\"},\"headline\":\"Swiss Medtech fordert \u00c4nderung der nationalen Medizinprodukteverordnung\",\"datePublished\":\"2021-10-19T12:32:52+00:00\",\"dateModified\":\"2021-10-28T08:34:24+00:00\",\"mainEntityOfPage\":{\"@id\":\"https:\/\/www.m-q.ch\/swiss-medtech-fordert-aenderung-der-nationalen-medizinprodukteverordnung\/\"},\"wordCount\":796,\"publisher\":{\"@id\":\"https:\/\/www.m-q.ch\/fr\/#organization\"},\"image\":{\"@id\":\"https:\/\/www.m-q.ch\/swiss-medtech-fordert-aenderung-der-nationalen-medizinprodukteverordnung\/#primaryimage\"},\"thumbnailUrl\":\"https:\/\/www.m-q.ch\/wp-content\/uploads\/2021\/10\/Depositphotos_441171158_S.jpg\",\"keywords\":[\"Swiss Medtech\"],\"inLanguage\":\"de\"},{\"@type\":\"WebPage\",\"@id\":\"https:\/\/www.m-q.ch\/swiss-medtech-fordert-aenderung-der-nationalen-medizinprodukteverordnung\/\",\"url\":\"https:\/\/www.m-q.ch\/swiss-medtech-fordert-aenderung-der-nationalen-medizinprodukteverordnung\/\",\"name\":\"Swiss Medtech fordert \u00c4nderung der nationalen Medizinprodukteverordnung - MQ Management und Qualit\u00e4t\",\"isPartOf\":{\"@id\":\"https:\/\/www.m-q.ch\/fr\/#website\"},\"primaryImageOfPage\":{\"@id\":\"https:\/\/www.m-q.ch\/swiss-medtech-fordert-aenderung-der-nationalen-medizinprodukteverordnung\/#primaryimage\"},\"image\":{\"@id\":\"https:\/\/www.m-q.ch\/swiss-medtech-fordert-aenderung-der-nationalen-medizinprodukteverordnung\/#primaryimage\"},\"thumbnailUrl\":\"https:\/\/www.m-q.ch\/wp-content\/uploads\/2021\/10\/Depositphotos_441171158_S.jpg\",\"datePublished\":\"2021-10-19T12:32:52+00:00\",\"dateModified\":\"2021-10-28T08:34:24+00:00\",\"description\":\"Medtech-Branche: F\u00fcr den Export von Medizinprodukten gem\u00e4ss neuer EU-Regelung ist die Branche den Umst\u00e4nden entsprechend gut aufgestellt. Alarmierend ist die Situation beim Import.\",\"breadcrumb\":{\"@id\":\"https:\/\/www.m-q.ch\/swiss-medtech-fordert-aenderung-der-nationalen-medizinprodukteverordnung\/#breadcrumb\"},\"inLanguage\":\"de\",\"potentialAction\":[{\"@type\":\"ReadAction\",\"target\":[\"https:\/\/www.m-q.ch\/swiss-medtech-fordert-aenderung-der-nationalen-medizinprodukteverordnung\/\"]}]},{\"@type\":\"ImageObject\",\"inLanguage\":\"de\",\"@id\":\"https:\/\/www.m-q.ch\/swiss-medtech-fordert-aenderung-der-nationalen-medizinprodukteverordnung\/#primaryimage\",\"url\":\"https:\/\/www.m-q.ch\/wp-content\/uploads\/2021\/10\/Depositphotos_441171158_S.jpg\",\"contentUrl\":\"https:\/\/www.m-q.ch\/wp-content\/uploads\/2021\/10\/Depositphotos_441171158_S.jpg\",\"width\":999,\"height\":603,\"caption\":\"Besonders beim Import krankt die Schweiz im Medtech-Bereich. Neue Rezepte sind gefragt. \u00a9 Depositphotos, doble.dphoto\"},{\"@type\":\"BreadcrumbList\",\"@id\":\"https:\/\/www.m-q.ch\/swiss-medtech-fordert-aenderung-der-nationalen-medizinprodukteverordnung\/#breadcrumb\",\"itemListElement\":[{\"@type\":\"ListItem\",\"position\":1,\"name\":\"Allgemein\",\"item\":\"https:\/\/www.m-q.ch\/kategorie\/allgemein\/\"},{\"@type\":\"ListItem\",\"position\":2,\"name\":\"Swiss Medtech fordert \u00c4nderung der nationalen Medizinprodukteverordnung\"}]},{\"@type\":\"WebSite\",\"@id\":\"https:\/\/www.m-q.ch\/fr\/#website\",\"url\":\"https:\/\/www.m-q.ch\/fr\/\",\"name\":\"MQ Management und Qualit\u00e4t\",\"description\":\"Plattform f\u00fcr integrierte Managementsysteme.\",\"publisher\":{\"@id\":\"https:\/\/www.m-q.ch\/fr\/#organization\"},\"potentialAction\":[{\"@type\":\"SearchAction\",\"target\":{\"@type\":\"EntryPoint\",\"urlTemplate\":\"https:\/\/www.m-q.ch\/fr\/?s={search_term_string}\"},\"query-input\":{\"@type\":\"PropertyValueSpecification\",\"valueRequired\":true,\"valueName\":\"search_term_string\"}}],\"inLanguage\":\"de\"},{\"@type\":\"Organization\",\"@id\":\"https:\/\/www.m-q.ch\/fr\/#organization\",\"name\":\"Galledia Fachmedien AG\",\"url\":\"https:\/\/www.m-q.ch\/fr\/\",\"logo\":{\"@type\":\"ImageObject\",\"inLanguage\":\"de\",\"@id\":\"https:\/\/www.m-q.ch\/fr\/#\/schema\/logo\/image\/\",\"url\":\"https:\/\/www.m-q.ch\/wp-content\/uploads\/2020\/12\/cropped-logo_small.png\",\"contentUrl\":\"https:\/\/www.m-q.ch\/wp-content\/uploads\/2020\/12\/cropped-logo_small.png\",\"width\":512,\"height\":512,\"caption\":\"Galledia Fachmedien AG\"},\"image\":{\"@id\":\"https:\/\/www.m-q.ch\/fr\/#\/schema\/logo\/image\/\"},\"sameAs\":[\"https:\/\/www.facebook.com\/ManagementUndQualitaet\",\"https:\/\/www.linkedin.com\/showcase\/17982321\/admin\/\"]},{\"@type\":\"Person\",\"@id\":\"https:\/\/www.m-q.ch\/fr\/#\/schema\/person\/47d540e081acd98ccbeb69b55df653d7\",\"name\":\"Roger Str\u00e4ssle\",\"image\":{\"@type\":\"ImageObject\",\"inLanguage\":\"de\",\"@id\":\"https:\/\/www.m-q.ch\/fr\/#\/schema\/person\/image\/\",\"url\":\"https:\/\/secure.gravatar.com\/avatar\/e4dde3046d8a184d2e2d27651a418883?s=96&d=mm&r=g\",\"contentUrl\":\"https:\/\/secure.gravatar.com\/avatar\/e4dde3046d8a184d2e2d27651a418883?s=96&d=mm&r=g\",\"caption\":\"Roger Str\u00e4ssle\"},\"url\":\"https:\/\/www.m-q.ch\/de\/author\/roger-straessle\/\"}]}<\/script>\n<!-- \/ Yoast SEO plugin. -->","yoast_head_json":{"title":"Swiss Medtech fordert \u00c4nderung der nationalen Medizinprodukteverordnung - MQ Management und Qualit\u00e4t","description":"Medtech-Branche: F\u00fcr den Export von Medizinprodukten gem\u00e4ss neuer EU-Regelung ist die Branche den Umst\u00e4nden entsprechend gut aufgestellt. Alarmierend ist die Situation beim Import.","robots":{"index":"index","follow":"follow","max-snippet":"max-snippet:-1","max-image-preview":"max-image-preview:large","max-video-preview":"max-video-preview:-1"},"canonical":"https:\/\/www.m-q.ch\/de\/swiss-medtech-fordert-aenderung-der-nationalen-medizinprodukteverordnung\/","og_locale":"de_DE","og_type":"article","og_title":"Swiss Medtech fordert \u00c4nderung der nationalen Medizinprodukteverordnung - MQ Management und Qualit\u00e4t","og_description":"Medtech-Branche: F\u00fcr den Export von Medizinprodukten gem\u00e4ss neuer EU-Regelung ist die Branche den Umst\u00e4nden entsprechend gut aufgestellt. Alarmierend ist die Situation beim Import.","og_url":"https:\/\/www.m-q.ch\/de\/swiss-medtech-fordert-aenderung-der-nationalen-medizinprodukteverordnung\/","og_site_name":"MQ Management und Qualit\u00e4t","article_publisher":"https:\/\/www.facebook.com\/ManagementUndQualitaet","article_published_time":"2021-10-19T12:32:52+00:00","article_modified_time":"2021-10-28T08:34:24+00:00","og_image":[{"width":999,"height":603,"url":"https:\/\/www.m-q.ch\/wp-content\/uploads\/2021\/10\/Depositphotos_441171158_S.jpg","type":"image\/jpeg"}],"author":"Roger Str\u00e4ssle","twitter_card":"summary_large_image","twitter_misc":{"Verfasst von":"Roger Str\u00e4ssle","Gesch\u00e4tzte Lesezeit":"4\u00a0Minuten"},"schema":{"@context":"https:\/\/schema.org","@graph":[{"@type":"Article","@id":"https:\/\/www.m-q.ch\/swiss-medtech-fordert-aenderung-der-nationalen-medizinprodukteverordnung\/#article","isPartOf":{"@id":"https:\/\/www.m-q.ch\/swiss-medtech-fordert-aenderung-der-nationalen-medizinprodukteverordnung\/"},"author":{"name":"Roger Str\u00e4ssle","@id":"https:\/\/www.m-q.ch\/fr\/#\/schema\/person\/47d540e081acd98ccbeb69b55df653d7"},"headline":"Swiss Medtech fordert \u00c4nderung der nationalen Medizinprodukteverordnung","datePublished":"2021-10-19T12:32:52+00:00","dateModified":"2021-10-28T08:34:24+00:00","mainEntityOfPage":{"@id":"https:\/\/www.m-q.ch\/swiss-medtech-fordert-aenderung-der-nationalen-medizinprodukteverordnung\/"},"wordCount":796,"publisher":{"@id":"https:\/\/www.m-q.ch\/fr\/#organization"},"image":{"@id":"https:\/\/www.m-q.ch\/swiss-medtech-fordert-aenderung-der-nationalen-medizinprodukteverordnung\/#primaryimage"},"thumbnailUrl":"https:\/\/www.m-q.ch\/wp-content\/uploads\/2021\/10\/Depositphotos_441171158_S.jpg","keywords":["Swiss Medtech"],"inLanguage":"de"},{"@type":"WebPage","@id":"https:\/\/www.m-q.ch\/swiss-medtech-fordert-aenderung-der-nationalen-medizinprodukteverordnung\/","url":"https:\/\/www.m-q.ch\/swiss-medtech-fordert-aenderung-der-nationalen-medizinprodukteverordnung\/","name":"Swiss Medtech fordert \u00c4nderung der nationalen Medizinprodukteverordnung - MQ Management und Qualit\u00e4t","isPartOf":{"@id":"https:\/\/www.m-q.ch\/fr\/#website"},"primaryImageOfPage":{"@id":"https:\/\/www.m-q.ch\/swiss-medtech-fordert-aenderung-der-nationalen-medizinprodukteverordnung\/#primaryimage"},"image":{"@id":"https:\/\/www.m-q.ch\/swiss-medtech-fordert-aenderung-der-nationalen-medizinprodukteverordnung\/#primaryimage"},"thumbnailUrl":"https:\/\/www.m-q.ch\/wp-content\/uploads\/2021\/10\/Depositphotos_441171158_S.jpg","datePublished":"2021-10-19T12:32:52+00:00","dateModified":"2021-10-28T08:34:24+00:00","description":"Medtech-Branche: F\u00fcr den Export von Medizinprodukten gem\u00e4ss neuer EU-Regelung ist die Branche den Umst\u00e4nden entsprechend gut aufgestellt. Alarmierend ist die Situation beim Import.","breadcrumb":{"@id":"https:\/\/www.m-q.ch\/swiss-medtech-fordert-aenderung-der-nationalen-medizinprodukteverordnung\/#breadcrumb"},"inLanguage":"de","potentialAction":[{"@type":"ReadAction","target":["https:\/\/www.m-q.ch\/swiss-medtech-fordert-aenderung-der-nationalen-medizinprodukteverordnung\/"]}]},{"@type":"ImageObject","inLanguage":"de","@id":"https:\/\/www.m-q.ch\/swiss-medtech-fordert-aenderung-der-nationalen-medizinprodukteverordnung\/#primaryimage","url":"https:\/\/www.m-q.ch\/wp-content\/uploads\/2021\/10\/Depositphotos_441171158_S.jpg","contentUrl":"https:\/\/www.m-q.ch\/wp-content\/uploads\/2021\/10\/Depositphotos_441171158_S.jpg","width":999,"height":603,"caption":"Besonders beim Import krankt die Schweiz im Medtech-Bereich. Neue Rezepte sind gefragt. \u00a9 Depositphotos, doble.dphoto"},{"@type":"BreadcrumbList","@id":"https:\/\/www.m-q.ch\/swiss-medtech-fordert-aenderung-der-nationalen-medizinprodukteverordnung\/#breadcrumb","itemListElement":[{"@type":"ListItem","position":1,"name":"Allgemein","item":"https:\/\/www.m-q.ch\/kategorie\/allgemein\/"},{"@type":"ListItem","position":2,"name":"Swiss Medtech fordert \u00c4nderung der nationalen Medizinprodukteverordnung"}]},{"@type":"WebSite","@id":"https:\/\/www.m-q.ch\/fr\/#website","url":"https:\/\/www.m-q.ch\/fr\/","name":"MQ Management und Qualit\u00e4t","description":"Plattform f\u00fcr integrierte Managementsysteme.","publisher":{"@id":"https:\/\/www.m-q.ch\/fr\/#organization"},"potentialAction":[{"@type":"SearchAction","target":{"@type":"EntryPoint","urlTemplate":"https:\/\/www.m-q.ch\/fr\/?s={search_term_string}"},"query-input":{"@type":"PropertyValueSpecification","valueRequired":true,"valueName":"search_term_string"}}],"inLanguage":"de"},{"@type":"Organization","@id":"https:\/\/www.m-q.ch\/fr\/#organization","name":"Galledia Fachmedien AG","url":"https:\/\/www.m-q.ch\/fr\/","logo":{"@type":"ImageObject","inLanguage":"de","@id":"https:\/\/www.m-q.ch\/fr\/#\/schema\/logo\/image\/","url":"https:\/\/www.m-q.ch\/wp-content\/uploads\/2020\/12\/cropped-logo_small.png","contentUrl":"https:\/\/www.m-q.ch\/wp-content\/uploads\/2020\/12\/cropped-logo_small.png","width":512,"height":512,"caption":"Galledia Fachmedien AG"},"image":{"@id":"https:\/\/www.m-q.ch\/fr\/#\/schema\/logo\/image\/"},"sameAs":["https:\/\/www.facebook.com\/ManagementUndQualitaet","https:\/\/www.linkedin.com\/showcase\/17982321\/admin\/"]},{"@type":"Person","@id":"https:\/\/www.m-q.ch\/fr\/#\/schema\/person\/47d540e081acd98ccbeb69b55df653d7","name":"Roger Str\u00e4ssle","image":{"@type":"ImageObject","inLanguage":"de","@id":"https:\/\/www.m-q.ch\/fr\/#\/schema\/person\/image\/","url":"https:\/\/secure.gravatar.com\/avatar\/e4dde3046d8a184d2e2d27651a418883?s=96&d=mm&r=g","contentUrl":"https:\/\/secure.gravatar.com\/avatar\/e4dde3046d8a184d2e2d27651a418883?s=96&d=mm&r=g","caption":"Roger Str\u00e4ssle"},"url":"https:\/\/www.m-q.ch\/de\/author\/roger-straessle\/"}]}},"_links":{"self":[{"href":"https:\/\/www.m-q.ch\/de\/wp-json\/wp\/v2\/posts\/15284","targetHints":{"allow":["GET"]}}],"collection":[{"href":"https:\/\/www.m-q.ch\/de\/wp-json\/wp\/v2\/posts"}],"about":[{"href":"https:\/\/www.m-q.ch\/de\/wp-json\/wp\/v2\/types\/post"}],"author":[{"embeddable":true,"href":"https:\/\/www.m-q.ch\/de\/wp-json\/wp\/v2\/users\/35"}],"replies":[{"embeddable":true,"href":"https:\/\/www.m-q.ch\/de\/wp-json\/wp\/v2\/comments?post=15284"}],"version-history":[{"count":1,"href":"https:\/\/www.m-q.ch\/de\/wp-json\/wp\/v2\/posts\/15284\/revisions"}],"predecessor-version":[{"id":15286,"href":"https:\/\/www.m-q.ch\/de\/wp-json\/wp\/v2\/posts\/15284\/revisions\/15286"}],"wp:featuredmedia":[{"embeddable":true,"href":"https:\/\/www.m-q.ch\/de\/wp-json\/wp\/v2\/media\/15285"}],"wp:attachment":[{"href":"https:\/\/www.m-q.ch\/de\/wp-json\/wp\/v2\/media?parent=15284"}],"wp:term":[{"taxonomy":"category","embeddable":true,"href":"https:\/\/www.m-q.ch\/de\/wp-json\/wp\/v2\/categories?post=15284"},{"taxonomy":"post_tag","embeddable":true,"href":"https:\/\/www.m-q.ch\/de\/wp-json\/wp\/v2\/tags?post=15284"}],"curies":[{"name":"wp","href":"https:\/\/api.w.org\/{rel}","templated":true}]}}