{"id":15309,"date":"2021-10-21T07:19:56","date_gmt":"2021-10-21T05:19:56","guid":{"rendered":"https:\/\/www.m-q.ch\/?p=15309"},"modified":"2021-10-25T09:20:21","modified_gmt":"2021-10-25T07:20:21","slug":"auch-medizinische-geraete-fallen-neu-unter-die-recyclingverordnung","status":"publish","type":"post","link":"https:\/\/www.m-q.ch\/de\/auch-medizinische-geraete-fallen-neu-unter-die-recyclingverordnung\/","title":{"rendered":"Medizinische Ger\u00e4te fallen neu unter die Recyclingverordnung"},"content":{"rendered":"<figure id=\"attachment_15310\" aria-describedby=\"caption-attachment-15310\" style=\"width: 1000px\" class=\"wp-caption aligncenter\"><img loading=\"lazy\" decoding=\"async\" class=\"size-full wp-image-15310\" src=\"https:\/\/www.m-q.ch\/wp-content\/uploads\/2021\/10\/Depositphotos_149260934_S.jpg\" alt=\"VREG\" width=\"1000\" height=\"667\" srcset=\"https:\/\/www.m-q.ch\/wp-content\/uploads\/2021\/10\/Depositphotos_149260934_S.jpg 1000w, https:\/\/www.m-q.ch\/wp-content\/uploads\/2021\/10\/Depositphotos_149260934_S-768x512.jpg 768w, https:\/\/www.m-q.ch\/wp-content\/uploads\/2021\/10\/Depositphotos_149260934_S-16x12.jpg 16w, https:\/\/www.m-q.ch\/wp-content\/uploads\/2021\/10\/Depositphotos_149260934_S-262x175.jpg 262w, https:\/\/www.m-q.ch\/wp-content\/uploads\/2021\/10\/Depositphotos_149260934_S-525x350.jpg 525w, https:\/\/www.m-q.ch\/wp-content\/uploads\/2021\/10\/Depositphotos_149260934_S-920x614.jpg 920w, https:\/\/www.m-q.ch\/wp-content\/uploads\/2021\/10\/Depositphotos_149260934_S-300x200.jpg 300w\" sizes=\"auto, (max-width: 1000px) 100vw, 1000px\" \/><figcaption id=\"caption-attachment-15310\" class=\"wp-caption-text\">\u00a9 Depositphotos, Dmyrto_Z<\/figcaption><\/figure>\n<p>Dank der Separatsammlung und Verwertung von Altger\u00e4ten lassen sich wertvolle Materialien wie Gold, Kupfer, Aluminium, Eisen oder verwertbare Kunststoffanteile mit den entsprechenden Verwertungstechnologien zur\u00fcckgewinnen. Die Revision der Verordnung trage dazu bei, das Recycling von Altger\u00e4ten zu st\u00e4rken und so den Ressourcenkreislauf zu schliessen, schreibt der Bundesrat. Mit der revidierten VREG \u00a0sollen neu seltene Technologiemetalle wie Neodym oder Tantal zur\u00fcckgewonnen werden, wenn die daf\u00fcr notwendigen Verfahren existieren, heisst es.<\/p>\n<h2><strong>Was f\u00e4llt neu alles unter das Recycling?<\/strong><\/h2>\n<p>Der Geltungsbereich der Verordnung \u00fcber die VREG soll ab 1. Januar 2022 auf alle elektrischen und elektronischen Ger\u00e4te ausgedehnt werden. Gem\u00e4ss Angaben geh\u00f6ren insbesondere medizinische Ger\u00e4te, \u00dcberwachungs- und Kontrollinstrumente, Ausgabeautomaten und Photovoltaikmodule dazu, die k\u00fcnftig unter die VREG fallen werden. Das Eidgen\u00f6ssische Departement f\u00fcr Umwelt, Verkehr, Energie und Kommunikation (Uvek) werde eine Liste ver\u00f6ffentlichen, auf der die betroffenen Ger\u00e4te aufgef\u00fchrt seien, heisst es in der Mitteilung des Bundesrates. Indem die Vorgaben der VREG nun auch f\u00fcr Ger\u00e4te aus Fahrzeugen, Bauten und Gegenst\u00e4nden gelten, deren Ausbau mit verh\u00e4ltnism\u00e4ssigem Aufwand m\u00f6glich sei, vergr\u00f6ssere sich zudem das Potenzial f\u00fcr die R\u00fcckgewinnung verwertbarer Bestandteile.<\/p>\n<p>Im revidierten Vorordnungspaket heisst es, dass neu auf eine konkrete Aufteilung in Ger\u00e4tekategorien in der VREG verzichtet werde. Begr\u00fcndet wird dies damit, dass im Rahmen des Entsorgungsprozesses die Ger\u00e4te nicht nach Kategorien, sondern nach Bauteilen und darin enthaltenen Substanzen in verschiedenen Behandlungsstr\u00f6men zusammengefasst werden. Behandlungsstr\u00f6me seien darauf ausgerichtet, Zielmaterialien \u2013 dies k\u00f6nnen Wertstoffe oder Schadstoffe sein \u2013 in m\u00f6glichst reiner Form zu konzentrieren. So k\u00f6nnen sie besser verwertet (stofflich oder energetisch) oder beseitigt werden, wie das Bundesamt f\u00fcr Umwelt betont.<\/p>\n<h2><strong>Finanzierungsl\u00f6sung zur\u00fcckgestellt<\/strong><\/h2>\n<p>Ferner wird mitgeteilt, dass aufgrund der laufenden Diskussionen zur parlamentarischen Initiative 20.433 \u00abSchweizer Kreislaufwirtschaft st\u00e4rken\u00bb die Aspekte zur k\u00fcnftigen Finanzierungsl\u00f6sung f\u00fcr die Sammlung und Entsorgung elektrischer und elektronischer Ger\u00e4te im Rahmen der VREG zur\u00fcckgestellt werden. Sobald die Arbeiten des Parlaments abgeschlossen seien, wird das Uvek analysieren, ob die VREG im Hinblick auf das k\u00fcnftige Finanzierungssystem erneut revidiert werden soll, wie es abschliessend heisst.<\/p>\n<p><em>Quelle: Bund \/ rs<\/em><\/p>\n<p><em>Infos zur VREG:<\/em><\/p>\n<ul>\n<li><a href=\"https:\/\/www.newsd.admin.ch\/newsd\/message\/attachments\/68587.pdf\">Verordnung \u00fcber die R\u00fcckgabe, die R\u00fccknahme und die Entsorgung elektrischer und elektronischer Ger\u00e4te (VREG)\u00a0<\/a><\/li>\n<li><a href=\"https:\/\/www.newsd.admin.ch\/newsd\/message\/attachments\/68588.pdf\">Erl\u00e4uternder Bericht zur VREG<\/a><\/li>\n<\/ul>\n","protected":false},"excerpt":{"rendered":"<p>Dank der Separatsammlung und Verwertung von Altger\u00e4ten lassen sich wertvolle Materialien wie Gold, Kupfer, Aluminium, Eisen oder verwertbare Kunststoffanteile mit den entsprechenden Verwertungstechnologien zur\u00fcckgewinnen. Die Revision der Verordnung trage dazu bei, das Recycling von Altger\u00e4ten zu st\u00e4rken und so den Ressourcenkreislauf zu schliessen, schreibt der Bundesrat. Mit der revidierten VREG \u00a0sollen neu seltene Technologiemetalle wie [&hellip;]<\/p>\n","protected":false},"author":35,"featured_media":15310,"comment_status":"closed","ping_status":"closed","sticky":false,"template":"","format":"standard","meta":{"_acf_changed":false,"footnotes":""},"categories":[4448],"tags":[5164,5163],"class_list":["post-15309","post","type-post","status-publish","format-standard","has-post-thumbnail","hentry","category-allgemein","tag-entsorgung-elektrischer-und-elektronischer-geraete","tag-vreg"],"acf":[],"yoast_head":"<!-- This site is optimized with the Yoast SEO plugin v26.2 - https:\/\/yoast.com\/wordpress\/plugins\/seo\/ -->\n<title>Medizinische Ger\u00e4te fallen neu unter die Recyclingverordnung - MQ Management und Qualit\u00e4t<\/title>\n<meta name=\"description\" content=\"Das Recycling von elektronischen Ger\u00e4ten wird ausgedehnt. Ab Januar 2022 fallen beispielsweise auch medizinische Ger\u00e4te unter die VREG.\" \/>\n<meta name=\"robots\" content=\"index, follow, max-snippet:-1, max-image-preview:large, max-video-preview:-1\" \/>\n<link rel=\"canonical\" href=\"https:\/\/www.m-q.ch\/de\/auch-medizinische-geraete-fallen-neu-unter-die-recyclingverordnung\/\" \/>\n<meta property=\"og:locale\" content=\"de_DE\" \/>\n<meta property=\"og:type\" content=\"article\" \/>\n<meta property=\"og:title\" content=\"Medizinische Ger\u00e4te fallen neu unter die Recyclingverordnung - MQ Management und Qualit\u00e4t\" \/>\n<meta property=\"og:description\" content=\"Das Recycling von elektronischen Ger\u00e4ten wird ausgedehnt. Ab Januar 2022 fallen beispielsweise auch medizinische Ger\u00e4te unter die VREG.\" \/>\n<meta property=\"og:url\" content=\"https:\/\/www.m-q.ch\/de\/auch-medizinische-geraete-fallen-neu-unter-die-recyclingverordnung\/\" \/>\n<meta property=\"og:site_name\" content=\"MQ Management und Qualit\u00e4t\" \/>\n<meta property=\"article:publisher\" content=\"https:\/\/www.facebook.com\/ManagementUndQualitaet\" \/>\n<meta property=\"article:published_time\" content=\"2021-10-21T05:19:56+00:00\" \/>\n<meta property=\"article:modified_time\" content=\"2021-10-25T07:20:21+00:00\" \/>\n<meta property=\"og:image\" content=\"https:\/\/www.m-q.ch\/wp-content\/uploads\/2021\/10\/Depositphotos_149260934_S.jpg\" \/>\n\t<meta property=\"og:image:width\" content=\"1000\" \/>\n\t<meta property=\"og:image:height\" content=\"667\" \/>\n\t<meta property=\"og:image:type\" content=\"image\/jpeg\" \/>\n<meta name=\"author\" content=\"Roger Str\u00e4ssle\" \/>\n<meta name=\"twitter:card\" content=\"summary_large_image\" \/>\n<meta name=\"twitter:label1\" content=\"Verfasst von\" \/>\n\t<meta name=\"twitter:data1\" content=\"Roger Str\u00e4ssle\" \/>\n\t<meta name=\"twitter:label2\" content=\"Gesch\u00e4tzte Lesezeit\" \/>\n\t<meta name=\"twitter:data2\" content=\"2\u00a0Minuten\" \/>\n<script type=\"application\/ld+json\" class=\"yoast-schema-graph\">{\"@context\":\"https:\/\/schema.org\",\"@graph\":[{\"@type\":\"Article\",\"@id\":\"https:\/\/www.m-q.ch\/auch-medizinische-geraete-fallen-neu-unter-die-recyclingverordnung\/#article\",\"isPartOf\":{\"@id\":\"https:\/\/www.m-q.ch\/auch-medizinische-geraete-fallen-neu-unter-die-recyclingverordnung\/\"},\"author\":{\"name\":\"Roger Str\u00e4ssle\",\"@id\":\"https:\/\/www.m-q.ch\/fr\/#\/schema\/person\/47d540e081acd98ccbeb69b55df653d7\"},\"headline\":\"Medizinische Ger\u00e4te fallen neu unter die Recyclingverordnung\",\"datePublished\":\"2021-10-21T05:19:56+00:00\",\"dateModified\":\"2021-10-25T07:20:21+00:00\",\"mainEntityOfPage\":{\"@id\":\"https:\/\/www.m-q.ch\/auch-medizinische-geraete-fallen-neu-unter-die-recyclingverordnung\/\"},\"wordCount\":405,\"publisher\":{\"@id\":\"https:\/\/www.m-q.ch\/fr\/#organization\"},\"image\":{\"@id\":\"https:\/\/www.m-q.ch\/auch-medizinische-geraete-fallen-neu-unter-die-recyclingverordnung\/#primaryimage\"},\"thumbnailUrl\":\"https:\/\/www.m-q.ch\/wp-content\/uploads\/2021\/10\/Depositphotos_149260934_S.jpg\",\"keywords\":[\"Entsorgung elektrischer und elektronischer Ger\u00e4te\",\"VREG\"],\"inLanguage\":\"de\"},{\"@type\":\"WebPage\",\"@id\":\"https:\/\/www.m-q.ch\/auch-medizinische-geraete-fallen-neu-unter-die-recyclingverordnung\/\",\"url\":\"https:\/\/www.m-q.ch\/auch-medizinische-geraete-fallen-neu-unter-die-recyclingverordnung\/\",\"name\":\"Medizinische Ger\u00e4te fallen neu unter die Recyclingverordnung - MQ Management und Qualit\u00e4t\",\"isPartOf\":{\"@id\":\"https:\/\/www.m-q.ch\/fr\/#website\"},\"primaryImageOfPage\":{\"@id\":\"https:\/\/www.m-q.ch\/auch-medizinische-geraete-fallen-neu-unter-die-recyclingverordnung\/#primaryimage\"},\"image\":{\"@id\":\"https:\/\/www.m-q.ch\/auch-medizinische-geraete-fallen-neu-unter-die-recyclingverordnung\/#primaryimage\"},\"thumbnailUrl\":\"https:\/\/www.m-q.ch\/wp-content\/uploads\/2021\/10\/Depositphotos_149260934_S.jpg\",\"datePublished\":\"2021-10-21T05:19:56+00:00\",\"dateModified\":\"2021-10-25T07:20:21+00:00\",\"description\":\"Das Recycling von elektronischen Ger\u00e4ten wird ausgedehnt. Ab Januar 2022 fallen beispielsweise auch medizinische Ger\u00e4te unter die VREG.\",\"breadcrumb\":{\"@id\":\"https:\/\/www.m-q.ch\/auch-medizinische-geraete-fallen-neu-unter-die-recyclingverordnung\/#breadcrumb\"},\"inLanguage\":\"de\",\"potentialAction\":[{\"@type\":\"ReadAction\",\"target\":[\"https:\/\/www.m-q.ch\/auch-medizinische-geraete-fallen-neu-unter-die-recyclingverordnung\/\"]}]},{\"@type\":\"ImageObject\",\"inLanguage\":\"de\",\"@id\":\"https:\/\/www.m-q.ch\/auch-medizinische-geraete-fallen-neu-unter-die-recyclingverordnung\/#primaryimage\",\"url\":\"https:\/\/www.m-q.ch\/wp-content\/uploads\/2021\/10\/Depositphotos_149260934_S.jpg\",\"contentUrl\":\"https:\/\/www.m-q.ch\/wp-content\/uploads\/2021\/10\/Depositphotos_149260934_S.jpg\",\"width\":1000,\"height\":667,\"caption\":\"\u00a9 Depositphotos, Dmyrto_Z\"},{\"@type\":\"BreadcrumbList\",\"@id\":\"https:\/\/www.m-q.ch\/auch-medizinische-geraete-fallen-neu-unter-die-recyclingverordnung\/#breadcrumb\",\"itemListElement\":[{\"@type\":\"ListItem\",\"position\":1,\"name\":\"Allgemein\",\"item\":\"https:\/\/www.m-q.ch\/kategorie\/allgemein\/\"},{\"@type\":\"ListItem\",\"position\":2,\"name\":\"Medizinische Ger\u00e4te fallen neu unter die Recyclingverordnung\"}]},{\"@type\":\"WebSite\",\"@id\":\"https:\/\/www.m-q.ch\/fr\/#website\",\"url\":\"https:\/\/www.m-q.ch\/fr\/\",\"name\":\"MQ Management und Qualit\u00e4t\",\"description\":\"Plattform f\u00fcr integrierte Managementsysteme.\",\"publisher\":{\"@id\":\"https:\/\/www.m-q.ch\/fr\/#organization\"},\"potentialAction\":[{\"@type\":\"SearchAction\",\"target\":{\"@type\":\"EntryPoint\",\"urlTemplate\":\"https:\/\/www.m-q.ch\/fr\/?s={search_term_string}\"},\"query-input\":{\"@type\":\"PropertyValueSpecification\",\"valueRequired\":true,\"valueName\":\"search_term_string\"}}],\"inLanguage\":\"de\"},{\"@type\":\"Organization\",\"@id\":\"https:\/\/www.m-q.ch\/fr\/#organization\",\"name\":\"Galledia Fachmedien AG\",\"url\":\"https:\/\/www.m-q.ch\/fr\/\",\"logo\":{\"@type\":\"ImageObject\",\"inLanguage\":\"de\",\"@id\":\"https:\/\/www.m-q.ch\/fr\/#\/schema\/logo\/image\/\",\"url\":\"https:\/\/www.m-q.ch\/wp-content\/uploads\/2020\/12\/cropped-logo_small.png\",\"contentUrl\":\"https:\/\/www.m-q.ch\/wp-content\/uploads\/2020\/12\/cropped-logo_small.png\",\"width\":512,\"height\":512,\"caption\":\"Galledia Fachmedien AG\"},\"image\":{\"@id\":\"https:\/\/www.m-q.ch\/fr\/#\/schema\/logo\/image\/\"},\"sameAs\":[\"https:\/\/www.facebook.com\/ManagementUndQualitaet\",\"https:\/\/www.linkedin.com\/showcase\/17982321\/admin\/\"]},{\"@type\":\"Person\",\"@id\":\"https:\/\/www.m-q.ch\/fr\/#\/schema\/person\/47d540e081acd98ccbeb69b55df653d7\",\"name\":\"Roger Str\u00e4ssle\",\"image\":{\"@type\":\"ImageObject\",\"inLanguage\":\"de\",\"@id\":\"https:\/\/www.m-q.ch\/fr\/#\/schema\/person\/image\/\",\"url\":\"https:\/\/secure.gravatar.com\/avatar\/e4dde3046d8a184d2e2d27651a418883?s=96&d=mm&r=g\",\"contentUrl\":\"https:\/\/secure.gravatar.com\/avatar\/e4dde3046d8a184d2e2d27651a418883?s=96&d=mm&r=g\",\"caption\":\"Roger Str\u00e4ssle\"},\"url\":\"https:\/\/www.m-q.ch\/de\/author\/roger-straessle\/\"}]}<\/script>\n<!-- \/ Yoast SEO plugin. -->","yoast_head_json":{"title":"Medizinische Ger\u00e4te fallen neu unter die Recyclingverordnung - MQ Management und Qualit\u00e4t","description":"Das Recycling von elektronischen Ger\u00e4ten wird ausgedehnt. Ab Januar 2022 fallen beispielsweise auch medizinische Ger\u00e4te unter die VREG.","robots":{"index":"index","follow":"follow","max-snippet":"max-snippet:-1","max-image-preview":"max-image-preview:large","max-video-preview":"max-video-preview:-1"},"canonical":"https:\/\/www.m-q.ch\/de\/auch-medizinische-geraete-fallen-neu-unter-die-recyclingverordnung\/","og_locale":"de_DE","og_type":"article","og_title":"Medizinische Ger\u00e4te fallen neu unter die Recyclingverordnung - MQ Management und Qualit\u00e4t","og_description":"Das Recycling von elektronischen Ger\u00e4ten wird ausgedehnt. Ab Januar 2022 fallen beispielsweise auch medizinische Ger\u00e4te unter die VREG.","og_url":"https:\/\/www.m-q.ch\/de\/auch-medizinische-geraete-fallen-neu-unter-die-recyclingverordnung\/","og_site_name":"MQ Management und Qualit\u00e4t","article_publisher":"https:\/\/www.facebook.com\/ManagementUndQualitaet","article_published_time":"2021-10-21T05:19:56+00:00","article_modified_time":"2021-10-25T07:20:21+00:00","og_image":[{"width":1000,"height":667,"url":"https:\/\/www.m-q.ch\/wp-content\/uploads\/2021\/10\/Depositphotos_149260934_S.jpg","type":"image\/jpeg"}],"author":"Roger Str\u00e4ssle","twitter_card":"summary_large_image","twitter_misc":{"Verfasst von":"Roger Str\u00e4ssle","Gesch\u00e4tzte Lesezeit":"2\u00a0Minuten"},"schema":{"@context":"https:\/\/schema.org","@graph":[{"@type":"Article","@id":"https:\/\/www.m-q.ch\/auch-medizinische-geraete-fallen-neu-unter-die-recyclingverordnung\/#article","isPartOf":{"@id":"https:\/\/www.m-q.ch\/auch-medizinische-geraete-fallen-neu-unter-die-recyclingverordnung\/"},"author":{"name":"Roger Str\u00e4ssle","@id":"https:\/\/www.m-q.ch\/fr\/#\/schema\/person\/47d540e081acd98ccbeb69b55df653d7"},"headline":"Medizinische Ger\u00e4te fallen neu unter die Recyclingverordnung","datePublished":"2021-10-21T05:19:56+00:00","dateModified":"2021-10-25T07:20:21+00:00","mainEntityOfPage":{"@id":"https:\/\/www.m-q.ch\/auch-medizinische-geraete-fallen-neu-unter-die-recyclingverordnung\/"},"wordCount":405,"publisher":{"@id":"https:\/\/www.m-q.ch\/fr\/#organization"},"image":{"@id":"https:\/\/www.m-q.ch\/auch-medizinische-geraete-fallen-neu-unter-die-recyclingverordnung\/#primaryimage"},"thumbnailUrl":"https:\/\/www.m-q.ch\/wp-content\/uploads\/2021\/10\/Depositphotos_149260934_S.jpg","keywords":["Entsorgung elektrischer und elektronischer Ger\u00e4te","VREG"],"inLanguage":"de"},{"@type":"WebPage","@id":"https:\/\/www.m-q.ch\/auch-medizinische-geraete-fallen-neu-unter-die-recyclingverordnung\/","url":"https:\/\/www.m-q.ch\/auch-medizinische-geraete-fallen-neu-unter-die-recyclingverordnung\/","name":"Medizinische Ger\u00e4te fallen neu unter die Recyclingverordnung - MQ Management und Qualit\u00e4t","isPartOf":{"@id":"https:\/\/www.m-q.ch\/fr\/#website"},"primaryImageOfPage":{"@id":"https:\/\/www.m-q.ch\/auch-medizinische-geraete-fallen-neu-unter-die-recyclingverordnung\/#primaryimage"},"image":{"@id":"https:\/\/www.m-q.ch\/auch-medizinische-geraete-fallen-neu-unter-die-recyclingverordnung\/#primaryimage"},"thumbnailUrl":"https:\/\/www.m-q.ch\/wp-content\/uploads\/2021\/10\/Depositphotos_149260934_S.jpg","datePublished":"2021-10-21T05:19:56+00:00","dateModified":"2021-10-25T07:20:21+00:00","description":"Das Recycling von elektronischen Ger\u00e4ten wird ausgedehnt. Ab Januar 2022 fallen beispielsweise auch medizinische Ger\u00e4te unter die VREG.","breadcrumb":{"@id":"https:\/\/www.m-q.ch\/auch-medizinische-geraete-fallen-neu-unter-die-recyclingverordnung\/#breadcrumb"},"inLanguage":"de","potentialAction":[{"@type":"ReadAction","target":["https:\/\/www.m-q.ch\/auch-medizinische-geraete-fallen-neu-unter-die-recyclingverordnung\/"]}]},{"@type":"ImageObject","inLanguage":"de","@id":"https:\/\/www.m-q.ch\/auch-medizinische-geraete-fallen-neu-unter-die-recyclingverordnung\/#primaryimage","url":"https:\/\/www.m-q.ch\/wp-content\/uploads\/2021\/10\/Depositphotos_149260934_S.jpg","contentUrl":"https:\/\/www.m-q.ch\/wp-content\/uploads\/2021\/10\/Depositphotos_149260934_S.jpg","width":1000,"height":667,"caption":"\u00a9 Depositphotos, Dmyrto_Z"},{"@type":"BreadcrumbList","@id":"https:\/\/www.m-q.ch\/auch-medizinische-geraete-fallen-neu-unter-die-recyclingverordnung\/#breadcrumb","itemListElement":[{"@type":"ListItem","position":1,"name":"Allgemein","item":"https:\/\/www.m-q.ch\/kategorie\/allgemein\/"},{"@type":"ListItem","position":2,"name":"Medizinische Ger\u00e4te fallen neu unter die Recyclingverordnung"}]},{"@type":"WebSite","@id":"https:\/\/www.m-q.ch\/fr\/#website","url":"https:\/\/www.m-q.ch\/fr\/","name":"MQ Management und Qualit\u00e4t","description":"Plattform f\u00fcr integrierte Managementsysteme.","publisher":{"@id":"https:\/\/www.m-q.ch\/fr\/#organization"},"potentialAction":[{"@type":"SearchAction","target":{"@type":"EntryPoint","urlTemplate":"https:\/\/www.m-q.ch\/fr\/?s={search_term_string}"},"query-input":{"@type":"PropertyValueSpecification","valueRequired":true,"valueName":"search_term_string"}}],"inLanguage":"de"},{"@type":"Organization","@id":"https:\/\/www.m-q.ch\/fr\/#organization","name":"Galledia Fachmedien AG","url":"https:\/\/www.m-q.ch\/fr\/","logo":{"@type":"ImageObject","inLanguage":"de","@id":"https:\/\/www.m-q.ch\/fr\/#\/schema\/logo\/image\/","url":"https:\/\/www.m-q.ch\/wp-content\/uploads\/2020\/12\/cropped-logo_small.png","contentUrl":"https:\/\/www.m-q.ch\/wp-content\/uploads\/2020\/12\/cropped-logo_small.png","width":512,"height":512,"caption":"Galledia Fachmedien AG"},"image":{"@id":"https:\/\/www.m-q.ch\/fr\/#\/schema\/logo\/image\/"},"sameAs":["https:\/\/www.facebook.com\/ManagementUndQualitaet","https:\/\/www.linkedin.com\/showcase\/17982321\/admin\/"]},{"@type":"Person","@id":"https:\/\/www.m-q.ch\/fr\/#\/schema\/person\/47d540e081acd98ccbeb69b55df653d7","name":"Roger Str\u00e4ssle","image":{"@type":"ImageObject","inLanguage":"de","@id":"https:\/\/www.m-q.ch\/fr\/#\/schema\/person\/image\/","url":"https:\/\/secure.gravatar.com\/avatar\/e4dde3046d8a184d2e2d27651a418883?s=96&d=mm&r=g","contentUrl":"https:\/\/secure.gravatar.com\/avatar\/e4dde3046d8a184d2e2d27651a418883?s=96&d=mm&r=g","caption":"Roger Str\u00e4ssle"},"url":"https:\/\/www.m-q.ch\/de\/author\/roger-straessle\/"}]}},"_links":{"self":[{"href":"https:\/\/www.m-q.ch\/de\/wp-json\/wp\/v2\/posts\/15309","targetHints":{"allow":["GET"]}}],"collection":[{"href":"https:\/\/www.m-q.ch\/de\/wp-json\/wp\/v2\/posts"}],"about":[{"href":"https:\/\/www.m-q.ch\/de\/wp-json\/wp\/v2\/types\/post"}],"author":[{"embeddable":true,"href":"https:\/\/www.m-q.ch\/de\/wp-json\/wp\/v2\/users\/35"}],"replies":[{"embeddable":true,"href":"https:\/\/www.m-q.ch\/de\/wp-json\/wp\/v2\/comments?post=15309"}],"version-history":[{"count":2,"href":"https:\/\/www.m-q.ch\/de\/wp-json\/wp\/v2\/posts\/15309\/revisions"}],"predecessor-version":[{"id":15312,"href":"https:\/\/www.m-q.ch\/de\/wp-json\/wp\/v2\/posts\/15309\/revisions\/15312"}],"wp:featuredmedia":[{"embeddable":true,"href":"https:\/\/www.m-q.ch\/de\/wp-json\/wp\/v2\/media\/15310"}],"wp:attachment":[{"href":"https:\/\/www.m-q.ch\/de\/wp-json\/wp\/v2\/media?parent=15309"}],"wp:term":[{"taxonomy":"category","embeddable":true,"href":"https:\/\/www.m-q.ch\/de\/wp-json\/wp\/v2\/categories?post=15309"},{"taxonomy":"post_tag","embeddable":true,"href":"https:\/\/www.m-q.ch\/de\/wp-json\/wp\/v2\/tags?post=15309"}],"curies":[{"name":"wp","href":"https:\/\/api.w.org\/{rel}","templated":true}]}}