{"id":15438,"date":"2021-11-19T12:02:43","date_gmt":"2021-11-19T11:02:43","guid":{"rendered":"https:\/\/www.m-q.ch\/?p=15438"},"modified":"2021-11-25T09:26:52","modified_gmt":"2021-11-25T08:26:52","slug":"premiere-der-smidex-suisse-exposyum","status":"publish","type":"post","link":"https:\/\/www.m-q.ch\/de\/premiere-der-smidex-suisse-exposyum\/","title":{"rendered":"Premiere der Smidex Suisse Exposyum"},"content":{"rendered":"<figure id=\"attachment_15447\" aria-describedby=\"caption-attachment-15447\" style=\"width: 2560px\" class=\"wp-caption aligncenter\"><img loading=\"lazy\" decoding=\"async\" class=\"size-full wp-image-15447\" src=\"https:\/\/www.m-q.ch\/wp-content\/uploads\/2021\/11\/SMIDEX_2021-3-scaled.jpg\" alt=\"Smidex\" width=\"2560\" height=\"1920\" srcset=\"https:\/\/www.m-q.ch\/wp-content\/uploads\/2021\/11\/SMIDEX_2021-3-scaled.jpg 2560w, https:\/\/www.m-q.ch\/wp-content\/uploads\/2021\/11\/SMIDEX_2021-3-768x576.jpg 768w, https:\/\/www.m-q.ch\/wp-content\/uploads\/2021\/11\/SMIDEX_2021-3-1536x1152.jpg 1536w, https:\/\/www.m-q.ch\/wp-content\/uploads\/2021\/11\/SMIDEX_2021-3-2048x1536.jpg 2048w, https:\/\/www.m-q.ch\/wp-content\/uploads\/2021\/11\/SMIDEX_2021-3-16x12.jpg 16w, https:\/\/www.m-q.ch\/wp-content\/uploads\/2021\/11\/SMIDEX_2021-3-233x175.jpg 233w, https:\/\/www.m-q.ch\/wp-content\/uploads\/2021\/11\/SMIDEX_2021-3-467x350.jpg 467w, https:\/\/www.m-q.ch\/wp-content\/uploads\/2021\/11\/SMIDEX_2021-3-1067x800.jpg 1067w, https:\/\/www.m-q.ch\/wp-content\/uploads\/2021\/11\/SMIDEX_2021-3-920x690.jpg 920w, https:\/\/www.m-q.ch\/wp-content\/uploads\/2021\/11\/SMIDEX_2021-3-1400x1050.jpg 1400w, https:\/\/www.m-q.ch\/wp-content\/uploads\/2021\/11\/SMIDEX_2021-3-1867x1400.jpg 1867w, https:\/\/www.m-q.ch\/wp-content\/uploads\/2021\/11\/SMIDEX_2021-3-300x225.jpg 300w\" sizes=\"auto, (max-width: 2560px) 100vw, 2560px\" \/><figcaption id=\"caption-attachment-15447\" class=\"wp-caption-text\">zVg<\/figcaption><\/figure>\n<p>Sehr klein, aber sehr fein \u2013 so k\u00f6nnte man die Premiere der <a href=\"http:\/\/www.smidex.ch\">Smidex Suisse Exposyum<\/a>, wie sie sich nennt, kurz umschreiben. Am Anlass dominierte das Thema Cybersicherheit, was in Zeiten von \u00abtotaler Vernetzung\u00bb aller Systeme vielleicht gar nicht so falsch ist. Und weil das Managen von Informationssicherheit nur gelingt, wenn sich verantwortliche Personen informieren und austauschen, bot die Smidex eine entsprechende Plattform. Weshalb noch immer zahlreiche Firmenverantwortliche das Thema stiefm\u00fctterlich behandeln, ist schlicht unverst\u00e4ndlich, wie verschiedene Aussteller berichteten, aber auch mehrere Referenten anhand von Praxisbeispielen aufzeigten.<\/p>\n<p>Die Zahlen sprechen f\u00fcr sich: Rund 41 Prozent der Schweizer KMUs waren bereits Opfer von Cyberangriffen. Wer als Kleinunternehmer glaubt, seine Daten seien f\u00fcr Cyberkriminelle weniger interessant, irrt. Auch solche Unternehmen sind f\u00fcr Cyberkriminelle aus zwei Gr\u00fcnden attraktive Angriffsziele: Erstens, um L\u00f6segeld mit Hilfe von Ransomware zu erpressen, und zweitens, um sie als Einfalltor f\u00fcr Angriffe auf gr\u00f6ssere Unternehmen zu nutzen, die mit diesen KMU zusammenarbeiten.<\/p>\n<h2><strong>\u00dcber 30 Referate<\/strong><\/h2>\n<p>Er\u00f6ffnet hat die neue Sicherheitsplattform Rainer Maria Salzgeber (Moderator), Nicolas B\u00fcrer (digitalswitzerland) und Nathalie Gratzer (Projektleiterin zur Umsetzung der nationalen Strategie zum Schutz der Schweiz vor Cyber-Risiken im Bundesamt f\u00fcr Wirtschaftliche Landesversorgung).<\/p>\n<p>In \u00fcber 30 Referaten wurden die Teilnehmenden nicht nur von CSIOs und CIOs, sondern auch Verantwortungstr\u00e4gern auf C-Level der KMU \u00fcber die aktuelle Lage der Cybersicherheit informiert. Mit Hilfe einer aktuellen Umfrage zeigte zum Beispiel Candid W\u00fcest (VP Cyber Protection Research von Acronis) auf, wo Unternehmen derzeit am meisten k\u00e4mpfen und wie dies im Verh\u00e4ltnis zu den verschmelzenden Cyberangriffen steht. Und nat\u00fcrlich spielten auch die ethischen Hacker eine wichtige Rolle in der Konferenz. Sandro Nafzger (CEO &amp; Partner von Bug Bounty Switzerland GmbH) erkl\u00e4rte in einem spannenden Talk, weshalb eine Zusammenarbeit der Schl\u00fcssel zum Gelingen jeder digitalen Transformation ist.<\/p>\n<h2><strong>IKT-Minimalstandard auch f\u00fcr Firmen<\/strong><\/h2>\n<p>Nathalie Gratzer vom Bundesamt f\u00fcr Wirtschaftliche Landesversorgung stellte die Cybersicherheitsempfehlungen des Bundes f\u00fcr die Branche der kritischen Infrastrukturen vor (<a href=\"http:\/\/www.bwl.admin.ch\/bwl\/de\/home\/themen\/ikt\/ikt_minimalstandard.html\">IKT-Minimalstandard<\/a>). Minimalstandards, die die Besonderheiten der einzelnen Sektoren ber\u00fccksichtigen, existieren inzwischen f\u00fcr verschiedene Branchen wie Gesundheitswesen, Wasserversorgung, Lebensmittelindustrie, Gasversorgung und andere mehr.<\/p>\n<p>Der IKT-Minimalstandard dient als Empfehlung und m\u00f6gliche Richtschnur zur Verbesserung der IKT-Resilienz, wie Gratzer betonte. Sie wies an der Smidex darauf hin, dass der Standard grunds\u00e4tzlich auch f\u00fcr jedes Unternehmen oder jede Organisation anwendbar und frei verf\u00fcgbar sei.\u00a0 <em>(Smidex \/ rs)<\/em><\/p>\n<p><em>Die Organisatorin DeltaBlue AG plant die n\u00e4chste Ausf\u00fchrung des Smidex Suisse Exposym im Herbst 2022 im internationalen Verbund.<\/em><\/p>\n<p>&nbsp;<\/p>\n","protected":false},"excerpt":{"rendered":"<p>Sehr klein, aber sehr fein \u2013 so k\u00f6nnte man die Premiere der Smidex Suisse Exposyum, wie sie sich nennt, kurz umschreiben. Am Anlass dominierte das Thema Cybersicherheit, was in Zeiten von \u00abtotaler Vernetzung\u00bb aller Systeme vielleicht gar nicht so falsch ist. Und weil das Managen von Informationssicherheit nur gelingt, wenn sich verantwortliche Personen informieren und [&hellip;]<\/p>\n","protected":false},"author":35,"featured_media":15447,"comment_status":"closed","ping_status":"closed","sticky":false,"template":"","format":"standard","meta":{"_acf_changed":false,"footnotes":""},"categories":[4448],"tags":[5175],"class_list":["post-15438","post","type-post","status-publish","format-standard","has-post-thumbnail","hentry","category-allgemein","tag-smidex"],"acf":[],"yoast_head":"<!-- This site is optimized with the Yoast SEO plugin v26.2 - https:\/\/yoast.com\/wordpress\/plugins\/seo\/ -->\n<title>Premiere der Smidex Suisse Exposyum - MQ Management und Qualit\u00e4t<\/title>\n<meta name=\"description\" content=\"Z\u00fcrichs neuer Security-Event Smidex Suisse Exposyum feierte am 17. und 18. November 2021 in der Halle 550 in Z\u00fcrich-Oerlikon Premiere.\" \/>\n<meta name=\"robots\" content=\"index, follow, max-snippet:-1, max-image-preview:large, max-video-preview:-1\" \/>\n<link rel=\"canonical\" href=\"https:\/\/www.m-q.ch\/de\/premiere-der-smidex-suisse-exposyum\/\" \/>\n<meta property=\"og:locale\" content=\"de_DE\" \/>\n<meta property=\"og:type\" content=\"article\" \/>\n<meta property=\"og:title\" content=\"Premiere der Smidex Suisse Exposyum - MQ Management und Qualit\u00e4t\" \/>\n<meta property=\"og:description\" content=\"Z\u00fcrichs neuer Security-Event Smidex Suisse Exposyum feierte am 17. und 18. November 2021 in der Halle 550 in Z\u00fcrich-Oerlikon Premiere.\" \/>\n<meta property=\"og:url\" content=\"https:\/\/www.m-q.ch\/de\/premiere-der-smidex-suisse-exposyum\/\" \/>\n<meta property=\"og:site_name\" content=\"MQ Management und Qualit\u00e4t\" \/>\n<meta property=\"article:publisher\" content=\"https:\/\/www.facebook.com\/ManagementUndQualitaet\" \/>\n<meta property=\"article:published_time\" content=\"2021-11-19T11:02:43+00:00\" \/>\n<meta property=\"article:modified_time\" content=\"2021-11-25T08:26:52+00:00\" \/>\n<meta property=\"og:image\" content=\"https:\/\/www.m-q.ch\/wp-content\/uploads\/2021\/11\/SMIDEX_2021-3-scaled.jpg\" \/>\n\t<meta property=\"og:image:width\" content=\"2560\" \/>\n\t<meta property=\"og:image:height\" content=\"1920\" \/>\n\t<meta property=\"og:image:type\" content=\"image\/jpeg\" \/>\n<meta name=\"author\" content=\"Roger Str\u00e4ssle\" \/>\n<meta name=\"twitter:card\" content=\"summary_large_image\" \/>\n<meta name=\"twitter:label1\" content=\"Verfasst von\" \/>\n\t<meta name=\"twitter:data1\" content=\"Roger Str\u00e4ssle\" \/>\n\t<meta name=\"twitter:label2\" content=\"Gesch\u00e4tzte Lesezeit\" \/>\n\t<meta name=\"twitter:data2\" content=\"2\u00a0Minuten\" \/>\n<script type=\"application\/ld+json\" class=\"yoast-schema-graph\">{\"@context\":\"https:\/\/schema.org\",\"@graph\":[{\"@type\":\"Article\",\"@id\":\"https:\/\/www.m-q.ch\/premiere-der-smidex-suisse-exposyum\/#article\",\"isPartOf\":{\"@id\":\"https:\/\/www.m-q.ch\/premiere-der-smidex-suisse-exposyum\/\"},\"author\":{\"name\":\"Roger Str\u00e4ssle\",\"@id\":\"https:\/\/www.m-q.ch\/fr\/#\/schema\/person\/47d540e081acd98ccbeb69b55df653d7\"},\"headline\":\"Premiere der Smidex Suisse Exposyum\",\"datePublished\":\"2021-11-19T11:02:43+00:00\",\"dateModified\":\"2021-11-25T08:26:52+00:00\",\"mainEntityOfPage\":{\"@id\":\"https:\/\/www.m-q.ch\/premiere-der-smidex-suisse-exposyum\/\"},\"wordCount\":429,\"publisher\":{\"@id\":\"https:\/\/www.m-q.ch\/fr\/#organization\"},\"image\":{\"@id\":\"https:\/\/www.m-q.ch\/premiere-der-smidex-suisse-exposyum\/#primaryimage\"},\"thumbnailUrl\":\"https:\/\/www.m-q.ch\/wp-content\/uploads\/2021\/11\/SMIDEX_2021-3-scaled.jpg\",\"keywords\":[\"Smidex\"],\"inLanguage\":\"de\"},{\"@type\":\"WebPage\",\"@id\":\"https:\/\/www.m-q.ch\/premiere-der-smidex-suisse-exposyum\/\",\"url\":\"https:\/\/www.m-q.ch\/premiere-der-smidex-suisse-exposyum\/\",\"name\":\"Premiere der Smidex Suisse Exposyum - MQ Management und Qualit\u00e4t\",\"isPartOf\":{\"@id\":\"https:\/\/www.m-q.ch\/fr\/#website\"},\"primaryImageOfPage\":{\"@id\":\"https:\/\/www.m-q.ch\/premiere-der-smidex-suisse-exposyum\/#primaryimage\"},\"image\":{\"@id\":\"https:\/\/www.m-q.ch\/premiere-der-smidex-suisse-exposyum\/#primaryimage\"},\"thumbnailUrl\":\"https:\/\/www.m-q.ch\/wp-content\/uploads\/2021\/11\/SMIDEX_2021-3-scaled.jpg\",\"datePublished\":\"2021-11-19T11:02:43+00:00\",\"dateModified\":\"2021-11-25T08:26:52+00:00\",\"description\":\"Z\u00fcrichs neuer Security-Event Smidex Suisse Exposyum feierte am 17. und 18. November 2021 in der Halle 550 in Z\u00fcrich-Oerlikon Premiere.\",\"breadcrumb\":{\"@id\":\"https:\/\/www.m-q.ch\/premiere-der-smidex-suisse-exposyum\/#breadcrumb\"},\"inLanguage\":\"de\",\"potentialAction\":[{\"@type\":\"ReadAction\",\"target\":[\"https:\/\/www.m-q.ch\/premiere-der-smidex-suisse-exposyum\/\"]}]},{\"@type\":\"ImageObject\",\"inLanguage\":\"de\",\"@id\":\"https:\/\/www.m-q.ch\/premiere-der-smidex-suisse-exposyum\/#primaryimage\",\"url\":\"https:\/\/www.m-q.ch\/wp-content\/uploads\/2021\/11\/SMIDEX_2021-3-scaled.jpg\",\"contentUrl\":\"https:\/\/www.m-q.ch\/wp-content\/uploads\/2021\/11\/SMIDEX_2021-3-scaled.jpg\",\"width\":2560,\"height\":1920,\"caption\":\"zVg\"},{\"@type\":\"BreadcrumbList\",\"@id\":\"https:\/\/www.m-q.ch\/premiere-der-smidex-suisse-exposyum\/#breadcrumb\",\"itemListElement\":[{\"@type\":\"ListItem\",\"position\":1,\"name\":\"Allgemein\",\"item\":\"https:\/\/www.m-q.ch\/kategorie\/allgemein\/\"},{\"@type\":\"ListItem\",\"position\":2,\"name\":\"Premiere der Smidex Suisse Exposyum\"}]},{\"@type\":\"WebSite\",\"@id\":\"https:\/\/www.m-q.ch\/fr\/#website\",\"url\":\"https:\/\/www.m-q.ch\/fr\/\",\"name\":\"MQ Management und Qualit\u00e4t\",\"description\":\"Plattform f\u00fcr integrierte Managementsysteme.\",\"publisher\":{\"@id\":\"https:\/\/www.m-q.ch\/fr\/#organization\"},\"potentialAction\":[{\"@type\":\"SearchAction\",\"target\":{\"@type\":\"EntryPoint\",\"urlTemplate\":\"https:\/\/www.m-q.ch\/fr\/?s={search_term_string}\"},\"query-input\":{\"@type\":\"PropertyValueSpecification\",\"valueRequired\":true,\"valueName\":\"search_term_string\"}}],\"inLanguage\":\"de\"},{\"@type\":\"Organization\",\"@id\":\"https:\/\/www.m-q.ch\/fr\/#organization\",\"name\":\"Galledia Fachmedien AG\",\"url\":\"https:\/\/www.m-q.ch\/fr\/\",\"logo\":{\"@type\":\"ImageObject\",\"inLanguage\":\"de\",\"@id\":\"https:\/\/www.m-q.ch\/fr\/#\/schema\/logo\/image\/\",\"url\":\"https:\/\/www.m-q.ch\/wp-content\/uploads\/2020\/12\/cropped-logo_small.png\",\"contentUrl\":\"https:\/\/www.m-q.ch\/wp-content\/uploads\/2020\/12\/cropped-logo_small.png\",\"width\":512,\"height\":512,\"caption\":\"Galledia Fachmedien AG\"},\"image\":{\"@id\":\"https:\/\/www.m-q.ch\/fr\/#\/schema\/logo\/image\/\"},\"sameAs\":[\"https:\/\/www.facebook.com\/ManagementUndQualitaet\",\"https:\/\/www.linkedin.com\/showcase\/17982321\/admin\/\"]},{\"@type\":\"Person\",\"@id\":\"https:\/\/www.m-q.ch\/fr\/#\/schema\/person\/47d540e081acd98ccbeb69b55df653d7\",\"name\":\"Roger Str\u00e4ssle\",\"image\":{\"@type\":\"ImageObject\",\"inLanguage\":\"de\",\"@id\":\"https:\/\/www.m-q.ch\/fr\/#\/schema\/person\/image\/\",\"url\":\"https:\/\/secure.gravatar.com\/avatar\/e4dde3046d8a184d2e2d27651a418883?s=96&d=mm&r=g\",\"contentUrl\":\"https:\/\/secure.gravatar.com\/avatar\/e4dde3046d8a184d2e2d27651a418883?s=96&d=mm&r=g\",\"caption\":\"Roger Str\u00e4ssle\"},\"url\":\"https:\/\/www.m-q.ch\/de\/author\/roger-straessle\/\"}]}<\/script>\n<!-- \/ Yoast SEO plugin. -->","yoast_head_json":{"title":"Premiere der Smidex Suisse Exposyum - MQ Management und Qualit\u00e4t","description":"Z\u00fcrichs neuer Security-Event Smidex Suisse Exposyum feierte am 17. und 18. November 2021 in der Halle 550 in Z\u00fcrich-Oerlikon Premiere.","robots":{"index":"index","follow":"follow","max-snippet":"max-snippet:-1","max-image-preview":"max-image-preview:large","max-video-preview":"max-video-preview:-1"},"canonical":"https:\/\/www.m-q.ch\/de\/premiere-der-smidex-suisse-exposyum\/","og_locale":"de_DE","og_type":"article","og_title":"Premiere der Smidex Suisse Exposyum - MQ Management und Qualit\u00e4t","og_description":"Z\u00fcrichs neuer Security-Event Smidex Suisse Exposyum feierte am 17. und 18. November 2021 in der Halle 550 in Z\u00fcrich-Oerlikon Premiere.","og_url":"https:\/\/www.m-q.ch\/de\/premiere-der-smidex-suisse-exposyum\/","og_site_name":"MQ Management und Qualit\u00e4t","article_publisher":"https:\/\/www.facebook.com\/ManagementUndQualitaet","article_published_time":"2021-11-19T11:02:43+00:00","article_modified_time":"2021-11-25T08:26:52+00:00","og_image":[{"width":2560,"height":1920,"url":"https:\/\/www.m-q.ch\/wp-content\/uploads\/2021\/11\/SMIDEX_2021-3-scaled.jpg","type":"image\/jpeg"}],"author":"Roger Str\u00e4ssle","twitter_card":"summary_large_image","twitter_misc":{"Verfasst von":"Roger Str\u00e4ssle","Gesch\u00e4tzte Lesezeit":"2\u00a0Minuten"},"schema":{"@context":"https:\/\/schema.org","@graph":[{"@type":"Article","@id":"https:\/\/www.m-q.ch\/premiere-der-smidex-suisse-exposyum\/#article","isPartOf":{"@id":"https:\/\/www.m-q.ch\/premiere-der-smidex-suisse-exposyum\/"},"author":{"name":"Roger Str\u00e4ssle","@id":"https:\/\/www.m-q.ch\/fr\/#\/schema\/person\/47d540e081acd98ccbeb69b55df653d7"},"headline":"Premiere der Smidex Suisse Exposyum","datePublished":"2021-11-19T11:02:43+00:00","dateModified":"2021-11-25T08:26:52+00:00","mainEntityOfPage":{"@id":"https:\/\/www.m-q.ch\/premiere-der-smidex-suisse-exposyum\/"},"wordCount":429,"publisher":{"@id":"https:\/\/www.m-q.ch\/fr\/#organization"},"image":{"@id":"https:\/\/www.m-q.ch\/premiere-der-smidex-suisse-exposyum\/#primaryimage"},"thumbnailUrl":"https:\/\/www.m-q.ch\/wp-content\/uploads\/2021\/11\/SMIDEX_2021-3-scaled.jpg","keywords":["Smidex"],"inLanguage":"de"},{"@type":"WebPage","@id":"https:\/\/www.m-q.ch\/premiere-der-smidex-suisse-exposyum\/","url":"https:\/\/www.m-q.ch\/premiere-der-smidex-suisse-exposyum\/","name":"Premiere der Smidex Suisse Exposyum - MQ Management und Qualit\u00e4t","isPartOf":{"@id":"https:\/\/www.m-q.ch\/fr\/#website"},"primaryImageOfPage":{"@id":"https:\/\/www.m-q.ch\/premiere-der-smidex-suisse-exposyum\/#primaryimage"},"image":{"@id":"https:\/\/www.m-q.ch\/premiere-der-smidex-suisse-exposyum\/#primaryimage"},"thumbnailUrl":"https:\/\/www.m-q.ch\/wp-content\/uploads\/2021\/11\/SMIDEX_2021-3-scaled.jpg","datePublished":"2021-11-19T11:02:43+00:00","dateModified":"2021-11-25T08:26:52+00:00","description":"Z\u00fcrichs neuer Security-Event Smidex Suisse Exposyum feierte am 17. und 18. November 2021 in der Halle 550 in Z\u00fcrich-Oerlikon Premiere.","breadcrumb":{"@id":"https:\/\/www.m-q.ch\/premiere-der-smidex-suisse-exposyum\/#breadcrumb"},"inLanguage":"de","potentialAction":[{"@type":"ReadAction","target":["https:\/\/www.m-q.ch\/premiere-der-smidex-suisse-exposyum\/"]}]},{"@type":"ImageObject","inLanguage":"de","@id":"https:\/\/www.m-q.ch\/premiere-der-smidex-suisse-exposyum\/#primaryimage","url":"https:\/\/www.m-q.ch\/wp-content\/uploads\/2021\/11\/SMIDEX_2021-3-scaled.jpg","contentUrl":"https:\/\/www.m-q.ch\/wp-content\/uploads\/2021\/11\/SMIDEX_2021-3-scaled.jpg","width":2560,"height":1920,"caption":"zVg"},{"@type":"BreadcrumbList","@id":"https:\/\/www.m-q.ch\/premiere-der-smidex-suisse-exposyum\/#breadcrumb","itemListElement":[{"@type":"ListItem","position":1,"name":"Allgemein","item":"https:\/\/www.m-q.ch\/kategorie\/allgemein\/"},{"@type":"ListItem","position":2,"name":"Premiere der Smidex Suisse Exposyum"}]},{"@type":"WebSite","@id":"https:\/\/www.m-q.ch\/fr\/#website","url":"https:\/\/www.m-q.ch\/fr\/","name":"MQ Management und Qualit\u00e4t","description":"Plattform f\u00fcr integrierte Managementsysteme.","publisher":{"@id":"https:\/\/www.m-q.ch\/fr\/#organization"},"potentialAction":[{"@type":"SearchAction","target":{"@type":"EntryPoint","urlTemplate":"https:\/\/www.m-q.ch\/fr\/?s={search_term_string}"},"query-input":{"@type":"PropertyValueSpecification","valueRequired":true,"valueName":"search_term_string"}}],"inLanguage":"de"},{"@type":"Organization","@id":"https:\/\/www.m-q.ch\/fr\/#organization","name":"Galledia Fachmedien AG","url":"https:\/\/www.m-q.ch\/fr\/","logo":{"@type":"ImageObject","inLanguage":"de","@id":"https:\/\/www.m-q.ch\/fr\/#\/schema\/logo\/image\/","url":"https:\/\/www.m-q.ch\/wp-content\/uploads\/2020\/12\/cropped-logo_small.png","contentUrl":"https:\/\/www.m-q.ch\/wp-content\/uploads\/2020\/12\/cropped-logo_small.png","width":512,"height":512,"caption":"Galledia Fachmedien AG"},"image":{"@id":"https:\/\/www.m-q.ch\/fr\/#\/schema\/logo\/image\/"},"sameAs":["https:\/\/www.facebook.com\/ManagementUndQualitaet","https:\/\/www.linkedin.com\/showcase\/17982321\/admin\/"]},{"@type":"Person","@id":"https:\/\/www.m-q.ch\/fr\/#\/schema\/person\/47d540e081acd98ccbeb69b55df653d7","name":"Roger Str\u00e4ssle","image":{"@type":"ImageObject","inLanguage":"de","@id":"https:\/\/www.m-q.ch\/fr\/#\/schema\/person\/image\/","url":"https:\/\/secure.gravatar.com\/avatar\/e4dde3046d8a184d2e2d27651a418883?s=96&d=mm&r=g","contentUrl":"https:\/\/secure.gravatar.com\/avatar\/e4dde3046d8a184d2e2d27651a418883?s=96&d=mm&r=g","caption":"Roger Str\u00e4ssle"},"url":"https:\/\/www.m-q.ch\/de\/author\/roger-straessle\/"}]}},"_links":{"self":[{"href":"https:\/\/www.m-q.ch\/de\/wp-json\/wp\/v2\/posts\/15438","targetHints":{"allow":["GET"]}}],"collection":[{"href":"https:\/\/www.m-q.ch\/de\/wp-json\/wp\/v2\/posts"}],"about":[{"href":"https:\/\/www.m-q.ch\/de\/wp-json\/wp\/v2\/types\/post"}],"author":[{"embeddable":true,"href":"https:\/\/www.m-q.ch\/de\/wp-json\/wp\/v2\/users\/35"}],"replies":[{"embeddable":true,"href":"https:\/\/www.m-q.ch\/de\/wp-json\/wp\/v2\/comments?post=15438"}],"version-history":[{"count":8,"href":"https:\/\/www.m-q.ch\/de\/wp-json\/wp\/v2\/posts\/15438\/revisions"}],"predecessor-version":[{"id":15448,"href":"https:\/\/www.m-q.ch\/de\/wp-json\/wp\/v2\/posts\/15438\/revisions\/15448"}],"wp:featuredmedia":[{"embeddable":true,"href":"https:\/\/www.m-q.ch\/de\/wp-json\/wp\/v2\/media\/15447"}],"wp:attachment":[{"href":"https:\/\/www.m-q.ch\/de\/wp-json\/wp\/v2\/media?parent=15438"}],"wp:term":[{"taxonomy":"category","embeddable":true,"href":"https:\/\/www.m-q.ch\/de\/wp-json\/wp\/v2\/categories?post=15438"},{"taxonomy":"post_tag","embeddable":true,"href":"https:\/\/www.m-q.ch\/de\/wp-json\/wp\/v2\/tags?post=15438"}],"curies":[{"name":"wp","href":"https:\/\/api.w.org\/{rel}","templated":true}]}}