{"id":16065,"date":"2022-03-15T09:05:16","date_gmt":"2022-03-15T08:05:16","guid":{"rendered":"https:\/\/www.m-q.ch\/?p=16065"},"modified":"2022-03-21T08:20:44","modified_gmt":"2022-03-21T07:20:44","slug":"cloud-technologie-und-schweizer-hersteller-ueber-effizienz-und-viel-mehr","status":"publish","type":"post","link":"https:\/\/www.m-q.ch\/de\/cloud-technologie-und-schweizer-hersteller-ueber-effizienz-und-viel-mehr\/","title":{"rendered":"Cloud-Technologie und Schweizer Hersteller: \u00fcber Effizienz und viel mehr"},"content":{"rendered":"<figure id=\"attachment_16066\" aria-describedby=\"caption-attachment-16066\" style=\"width: 680px\" class=\"wp-caption alignnone\"><img loading=\"lazy\" decoding=\"async\" class=\"size-full wp-image-16066\" src=\"https:\/\/www.m-q.ch\/wp-content\/uploads\/2022\/03\/Cloud-Technologie-und-Schweizer-Hersteller-ueber-Effizienz-und-viel-mehr_MQ.jpg\" alt=\"\" width=\"680\" height=\"243\" srcset=\"https:\/\/www.m-q.ch\/wp-content\/uploads\/2022\/03\/Cloud-Technologie-und-Schweizer-Hersteller-ueber-Effizienz-und-viel-mehr_MQ.jpg 680w, https:\/\/www.m-q.ch\/wp-content\/uploads\/2022\/03\/Cloud-Technologie-und-Schweizer-Hersteller-ueber-Effizienz-und-viel-mehr_MQ-18x6.jpg 18w, https:\/\/www.m-q.ch\/wp-content\/uploads\/2022\/03\/Cloud-Technologie-und-Schweizer-Hersteller-ueber-Effizienz-und-viel-mehr_MQ-375x134.jpg 375w, https:\/\/www.m-q.ch\/wp-content\/uploads\/2022\/03\/Cloud-Technologie-und-Schweizer-Hersteller-ueber-Effizienz-und-viel-mehr_MQ-300x107.jpg 300w\" sizes=\"auto, (max-width: 680px) 100vw, 680px\" \/><figcaption id=\"caption-attachment-16066\" class=\"wp-caption-text\">Die 2020er-Jahr k\u00f6nnten das Jahrzehnt f\u00fcr den endg\u00fcltigen Durchbruch der Cloud-Technologie in der Fertigungsindustrie werden. (Bild: Pixabay.com)<\/figcaption><\/figure>\n<p>Die Hersteller haben sich in den letzten Jahren mit ihren Daten auseinandergesetzt und mit IoT-Sensoren, -Architekturen und -Anwendungen eingef\u00fchrt, um ihre Prozesse besser zu verstehen und sie im Hinblick auf Effizienz zu optimieren. Doch der Fokus auf Effizienz hat dazu gef\u00fchrt, dass einige Fertigungsunternehmen den Wald vor lauter B\u00e4umen nicht mehr sehen, wenn es um die digitale Transformation geht. Eine Studie von McKinsey hat ergeben, dass <a href=\"https:\/\/www.mckinsey.com\/business-functions\/operations\/our-insights\/industry-40-reimagining-manufacturing-operations-after-covid-19\">70 % der Initiativen zur digitalen Transformation<\/a> ihre Ziele nicht erreichen. Pioniere in der Branche blicken jedoch bereits \u00fcber die Effizienz hinaus. Die 2020er Jahre werden das Jahrzehnt sein, in dem sich reifere, genauere Ans\u00e4tze f\u00fcr die digitale Transformation im Fertigungssektor entwickeln. Die Hersteller werden effektiver werden und die Cloud-Technologie strategisch nutzen, um bessere Gesch\u00e4ftsergebnisse zu erzielen.<\/p>\n<h2>Daten n\u00e4hren neue Modelle<\/h2>\n<p>In der Vergangenheit wurde ein Verkauf als Ende des Verkaufsprozesses gesehen. Ein Kunde entscheidet sich f\u00fcr einen Kauf, erh\u00e4lt das Produkt, und wenn er damit zufrieden ist, ist die Beteiligung des Herstellers beendet. Die Hersteller betrachten jedoch die laufende Wartung und andere Dienstleistungen zunehmend als einen gewinnbringenden Teil des Verkaufsprozesses.<\/p>\n<p>Wir sehen jetzt, wie neue Ans\u00e4tze \u00fcber eine einzelne transaktionale Interaktion mit Kunden hinausgehen und Daten nutzen, um Verkauf und Dienstleistungen zusammenzuf\u00fchren. Das Ergebnis ist der \u00dcbergang zu einem Modell, bei dem f\u00fcr die Nutzung bezahlt wird, und dann zu einem Modell, bei dem f\u00fcr das Ergebnis bezahlt wird, basierend auf der Bereitstellung eines Dienstes &#8211; zum Beispiel Konnektivit\u00e4t als Dienst. Auf der Grundlage der Kundennutzung k\u00f6nnen die Hersteller personalisierte Dienste anbieten. IoT erm\u00f6glicht somit die Vorhersage und Automatisierung der Wartung und somit eine effektive und nachhaltige Wertsch\u00f6pfung.<\/p>\n<p>Diese Modelle sollten durch Cloud-Plattformen gest\u00fctzt werden, die es den Herstellern erm\u00f6glichen, ihren Betrieb zu vernetzen, Daten zu verwalten und maschinelles Lernen, KI und Analysel\u00f6sungen einzuf\u00fchren. Eine Suite von Cloud-Anwendungen erm\u00f6glicht es ihnen ausserdem, kontinuierlich zu innovieren und neue Funktionen zu entwickeln. Hersteller k\u00f6nnen mit Cloud-Technologie bzw. -L\u00f6sungen auch eine einheitliche Sicht auf ihre Kunden erhalten, was f\u00fcr kontinuierliche servicebasierte Beziehungen unerl\u00e4sslich ist.<\/p>\n<h2>Kreislaufwirtschaft ist die Zukunft<\/h2>\n<p>Ich glaube auch, dass die Kreislaufwirtschaft bei den neuen Modellen, die eingef\u00fchrt werden, eine zentrale Rolle spielen wird. Gegenw\u00e4rtig ist die globale Wirtschaft <a href=\"https:\/\/www.circularity-gap.world\/2021\">nur zu 8,6 % zirkul\u00e4r<\/a>, w\u00e4hrend jedes Jahr 100 Milliarden Tonnen an Materialien produziert werden. Dieser lineare Ansatz f\u00fcr Produkte f\u00fchrt dazu, dass wir im Jahr 2030 65 Milliarden Tonnen Treibhausgase produzieren werden. Die Hersteller werden eine Schl\u00fcsselrolle bei der Vollendung der Kreislaufwirtschaft spielen und dabei sowohl Abfall als auch Emissionen reduzieren.<\/p>\n<p>F\u00fcr die Hersteller kann Kreislaufwirtschaft alles sein, von Aftermarket-Dienstleistungen w\u00e4hrend des gesamten Lebenszyklus einer Maschine bis hin zu Bekleidungslinien, die recycelte Fasern und Wiederverkaufsplattformen verwenden, um den Abfall in der Modeindustrie zu reduzieren. Sobald der gesamte Lebenszyklus eines Produkts in den Verantwortungsbereich eines Herstellers f\u00e4llt, braucht er die Analysewerkzeuge, um zu bestimmen, wann und wie es gewartet oder wiederverwendet werden soll.<\/p>\n<h2>Dank Cloud-Technologie: Hersteller k\u00f6nnen florieren<\/h2>\n<p>Die Schweiz, ihre aufstrebende Technologie und ihre politische sowie wirtschaftliche Stabilit\u00e4t bieten globalen Unternehmen einen sicheren Ort, um ihre digitalen Fertigungs- und Lieferkettenprozesse zu entwickeln. Der FM Global Resilience Index 2020, der Einblicke f\u00fcr Unternehmen gibt, die sich f\u00fcr Anlagen entscheiden, Lieferketten ausbauen oder neue M\u00e4rkte erschliessen m\u00fcssen, hat die Schweiz auf den zweiten Platz als eine der widerstandsf\u00e4higsten Volkswirtschaften der Welt gesetzt. Die Hersteller stehen jedoch unterzunehmendem Druck, und Kostensenkungen und Effizienzsteigerungen haben Priorit\u00e4t.<\/p>\n<p>Dies ist auch der Grund, warum sie sich der Cloud-Technologie zuwenden, um die Effizienz ihrer Abl\u00e4ufe zu verbessern. Im Jahr 2021 stellte McKinsey fest, dass <a href=\"https:\/\/www.mckinsey.com\/industries\/automotive-and-assembly\/our-insights\/clearing-the-air-on-cloud-how-industrial-companies-can-capture-cloud-technologys-full-business-value\">64 % der Industrieunternehmen die Cloud aktiv nutzen<\/a>, obwohl 50 % die Cloud-Technologie als komplexer einsch\u00e4tzen als urspr\u00fcnglich erwartet. Anstatt zu versuchen, &#8222;den Ozean zum Kochen zu bringen&#8220;, indem man eine gewaltige Herausforderung auf einmal annimmt, w\u00e4re es f\u00fcr die Hersteller am effektivsten, die Cloud zu nutzen, um neue L\u00f6sungen und Dienste schnell zu testen und sie dann bei Bedarf zu erweitern.<\/p>\n<p>Siemens arbeitet beispielsweise gemeinsam mit Oracle an einer hochleistungsf\u00e4higen Verarbeitungsl\u00f6sung, die Energieversorgern helfen wird, die umfangreichen Datenverarbeitungsanforderungen besser zu bew\u00e4ltigen. Dabei wird die Oracle Cloud Infrastructure (OCI) genutzt, um Messwerte von intelligenten Z\u00e4hlern in 30-Minuten-Intervallen in Haushalten und kleinen, nicht-h\u00e4uslichen Standorten abzufragen und zu verarbeiten und so den \u00dcbergang zum intelligenten Stromnetz zu erleichtern. Bislang wurden Volumen- und Leistungstests mit 1,5 Millionen Z\u00e4hlern erfolgreich durchgef\u00fchrt. Die Siemens-Anwendung und OCI k\u00f6nnen jedoch weit dar\u00fcber hinaus skaliert werden, da die Branche auf eine ereignisgesteuerte Architektur umstellt.<\/p>\n<p>Der Schweizer Hersteller von Stahlr\u00e4dern, Alcar Ruote, ist ein weiteres Beispiel, da er sich auf Technologie verlassen musste, um weiterhin mit Schweizer Qualit\u00e4t zu produzieren und gleichzeitig auf dem globalen Markt wettbewerbsf\u00e4hig zu bleiben. Das Unternehmen entschied sich f\u00fcr die Oracle-Anwendungen Supply Chain Management and Manufacturing und Oracle Fusion Cloud ERP, um seine Planung, Beschaffung, Fertigung und Distribution zu verwalten und gleichzeitig die Transparenz in diesen Bereichen zu verbessern.<\/p>\n<h2>Ausbildung f\u00fcr die digitale Transformation<\/h2>\n<p>Wir d\u00fcrfen jedoch nicht vergessen, dass neben der Einf\u00fchrung neuer Technologien die digitalen F\u00e4higkeiten von Unternehmen von den richtigen F\u00e4higkeiten abh\u00e4ngen. Die Hersteller m\u00fcssen sicherstellen, dass ihre Mitarbeiter darin geschult werden, wie sie die neuen L\u00f6sungen am effektivsten einsetzen k\u00f6nnen, und sie bei Bedarf durch Umschulung unterst\u00fctzen. Um sicherzustellen, dass die Vorteile der Cloud-Technologie in vollem Umfang genutzt werden, sollte dies im gesamten Unternehmen geschehen.<\/p>\n<p>Digitale L\u00f6sungen stehen auch im Mittelpunkt dieses Schulungsprozesses f\u00fcr Mitarbeiter. Das Digital Capability Center Venice, ein Joint Venture zwischen McKinsey und Confindustria, das Oracle Fusion Cloud Applications einsetzt, wurde vor kurzem eingerichtet, um Herstellern praktische Erfahrungen mit der betrieblichen Umgestaltung zu vermitteln. Durch realistische Simulationen k\u00f6nnen Auszubildende das Rapid Prototyping erforschen und modulare L\u00f6sungen testen, um praktische Erfahrungen zu sammeln. Auf diese Weise lernen die Mitarbeiter, wie digitale M\u00f6glichkeiten die Produktivit\u00e4t und Zusammenarbeit steigern und die Sicherheit in der Fabrik und im Back-Office verbessern k\u00f6nnen.<\/p>\n<h2>Cloud-Technologie: Effizienz und mehr<\/h2>\n<p>Die Hersteller haben die M\u00f6glichkeit, nicht nur die Effizienz ihrer Abl\u00e4ufe schrittweise zu verbessern, sondern auch ihre Betriebsmodelle zu ver\u00e4ndern. Auf diese Weise k\u00f6nnen sie langfristige positive Ergebnisse f\u00fcr ihre Kunden erzielen und gleichzeitig die dringend ben\u00f6tigte Kreislaufwirtschaft und Ressourcenproduktivit\u00e4t in ihren Ansatz einbringen.<\/p>\n<p>Um dieses Ziel zu erreichen, m\u00fcssen sie sich die erforderlichen Werkzeuge beschaffen, um neue L\u00f6sungen schnell zu testen, zu iterieren und zu skalieren. Ebenso m\u00fcssen sie ihre Mitarbeiter auf diesem Weg der digitalen Transformation mit den neuesten Schulungsl\u00f6sungen unterst\u00fctzen. Wenn sie es richtig machen, wird das Ergebnis eine Verbesserung der Effektivit\u00e4t und Effizienz sein.<\/p>\n<p><strong><em>Autor:<\/em><\/strong><br \/>\n<em>Billy Kneub\u00fchl ist Country Manager <a href=\"https:\/\/www.oracle.com\/ch-de\/index.html\">Oracle Switzerland<\/a><\/em><\/p>\n","protected":false},"excerpt":{"rendered":"<p>Die Hersteller haben sich in den letzten Jahren mit ihren Daten auseinandergesetzt und mit IoT-Sensoren, -Architekturen und -Anwendungen eingef\u00fchrt, um ihre Prozesse besser zu verstehen und sie im Hinblick auf Effizienz zu optimieren. Doch der Fokus auf Effizienz hat dazu gef\u00fchrt, dass einige Fertigungsunternehmen den Wald vor lauter B\u00e4umen nicht mehr sehen, wenn es um [&hellip;]<\/p>\n","protected":false},"author":10,"featured_media":16066,"comment_status":"closed","ping_status":"closed","sticky":false,"template":"","format":"standard","meta":{"_acf_changed":false,"footnotes":""},"categories":[5],"tags":[3328,3372,3360],"class_list":["post-16065","post","type-post","status-publish","format-standard","has-post-thumbnail","hentry","category-business_excellence","tag-business-excellence","tag-digitalisierung","tag-management-und-unternehmensfuehrung"],"acf":[],"yoast_head":"<!-- This site is optimized with the Yoast SEO plugin v26.2 - https:\/\/yoast.com\/wordpress\/plugins\/seo\/ -->\n<title>Cloud-Technologie und Schweizer Hersteller: \u00fcber Effizienz und viel mehr - MQ Management und Qualit\u00e4t<\/title>\n<meta name=\"description\" content=\"Jede Initiative muss sowohl strategisch ausgerichtet als auch auf Effizienz hin optimiert sein. Cloud-Technologie ebnet den Weg dazu.\" \/>\n<meta name=\"robots\" content=\"index, follow, max-snippet:-1, max-image-preview:large, max-video-preview:-1\" \/>\n<link rel=\"canonical\" href=\"https:\/\/www.m-q.ch\/de\/cloud-technologie-und-schweizer-hersteller-ueber-effizienz-und-viel-mehr\/\" \/>\n<meta property=\"og:locale\" content=\"de_DE\" \/>\n<meta property=\"og:type\" content=\"article\" \/>\n<meta property=\"og:title\" content=\"Cloud-Technologie und Schweizer Hersteller: \u00fcber Effizienz und viel mehr\" \/>\n<meta property=\"og:description\" content=\"Jede Initiative muss sowohl strategisch ausgerichtet als auch auf Effizienz hin optimiert sein. Cloud-Technologie ebnet den Weg dazu.\" \/>\n<meta property=\"og:url\" content=\"https:\/\/www.m-q.ch\/de\/cloud-technologie-und-schweizer-hersteller-ueber-effizienz-und-viel-mehr\/\" \/>\n<meta property=\"og:site_name\" content=\"MQ Management und Qualit\u00e4t\" \/>\n<meta property=\"article:publisher\" content=\"https:\/\/www.facebook.com\/ManagementUndQualitaet\" \/>\n<meta property=\"article:published_time\" content=\"2022-03-15T08:05:16+00:00\" \/>\n<meta property=\"article:modified_time\" content=\"2022-03-21T07:20:44+00:00\" \/>\n<meta property=\"og:image\" content=\"https:\/\/www.m-q.ch\/wp-content\/uploads\/2022\/03\/Cloud-Technologie-und-Schweizer-Hersteller-ueber-Effizienz-und-viel-mehr_MQ.jpg\" \/>\n\t<meta property=\"og:image:width\" content=\"680\" \/>\n\t<meta property=\"og:image:height\" content=\"243\" \/>\n\t<meta property=\"og:image:type\" content=\"image\/jpeg\" \/>\n<meta name=\"author\" content=\"Thomas Berner\" \/>\n<meta name=\"twitter:card\" content=\"summary_large_image\" \/>\n<meta name=\"twitter:title\" content=\"#Cloud-Technologie und Schweizer #Hersteller: \u00fcber #Effizienz und viel mehr\" \/>\n<meta name=\"twitter:description\" content=\"Jede #Initiative muss sowohl strategisch ausgerichtet als auch auf #Effizienz hin optimiert sein. #Cloud-Technologie ebnet den Weg dazu.\" \/>\n<meta name=\"twitter:image\" content=\"https:\/\/www.m-q.ch\/wp-content\/uploads\/2022\/03\/Cloud-Technologie-und-Schweizer-Hersteller-ueber-Effizienz-und-viel-mehr_MQ.jpg\" \/>\n<meta name=\"twitter:label1\" content=\"Verfasst von\" \/>\n\t<meta name=\"twitter:data1\" content=\"Thomas Berner\" \/>\n\t<meta name=\"twitter:label2\" content=\"Gesch\u00e4tzte Lesezeit\" \/>\n\t<meta name=\"twitter:data2\" content=\"6\u00a0Minuten\" \/>\n<script type=\"application\/ld+json\" class=\"yoast-schema-graph\">{\"@context\":\"https:\/\/schema.org\",\"@graph\":[{\"@type\":\"Article\",\"@id\":\"https:\/\/www.m-q.ch\/cloud-technologie-und-schweizer-hersteller-ueber-effizienz-und-viel-mehr\/#article\",\"isPartOf\":{\"@id\":\"https:\/\/www.m-q.ch\/cloud-technologie-und-schweizer-hersteller-ueber-effizienz-und-viel-mehr\/\"},\"author\":{\"name\":\"Thomas Berner\",\"@id\":\"https:\/\/www.m-q.ch\/fr\/#\/schema\/person\/a8711938b1cfb3f056dec70eaa0b42ab\"},\"headline\":\"Cloud-Technologie und Schweizer Hersteller: \u00fcber Effizienz und viel mehr\",\"datePublished\":\"2022-03-15T08:05:16+00:00\",\"dateModified\":\"2022-03-21T07:20:44+00:00\",\"mainEntityOfPage\":{\"@id\":\"https:\/\/www.m-q.ch\/cloud-technologie-und-schweizer-hersteller-ueber-effizienz-und-viel-mehr\/\"},\"wordCount\":1170,\"publisher\":{\"@id\":\"https:\/\/www.m-q.ch\/fr\/#organization\"},\"image\":{\"@id\":\"https:\/\/www.m-q.ch\/cloud-technologie-und-schweizer-hersteller-ueber-effizienz-und-viel-mehr\/#primaryimage\"},\"thumbnailUrl\":\"https:\/\/www.m-q.ch\/wp-content\/uploads\/2022\/03\/Cloud-Technologie-und-Schweizer-Hersteller-ueber-Effizienz-und-viel-mehr_MQ.jpg\",\"keywords\":[\"Business Excellence\",\"Digitalisierung\",\"Management und Unternehmensf\u00fchrung\"],\"articleSection\":[\"Business Excellence\"],\"inLanguage\":\"de\"},{\"@type\":\"WebPage\",\"@id\":\"https:\/\/www.m-q.ch\/cloud-technologie-und-schweizer-hersteller-ueber-effizienz-und-viel-mehr\/\",\"url\":\"https:\/\/www.m-q.ch\/cloud-technologie-und-schweizer-hersteller-ueber-effizienz-und-viel-mehr\/\",\"name\":\"Cloud-Technologie und Schweizer Hersteller: \u00fcber Effizienz und viel mehr - MQ Management und Qualit\u00e4t\",\"isPartOf\":{\"@id\":\"https:\/\/www.m-q.ch\/fr\/#website\"},\"primaryImageOfPage\":{\"@id\":\"https:\/\/www.m-q.ch\/cloud-technologie-und-schweizer-hersteller-ueber-effizienz-und-viel-mehr\/#primaryimage\"},\"image\":{\"@id\":\"https:\/\/www.m-q.ch\/cloud-technologie-und-schweizer-hersteller-ueber-effizienz-und-viel-mehr\/#primaryimage\"},\"thumbnailUrl\":\"https:\/\/www.m-q.ch\/wp-content\/uploads\/2022\/03\/Cloud-Technologie-und-Schweizer-Hersteller-ueber-Effizienz-und-viel-mehr_MQ.jpg\",\"datePublished\":\"2022-03-15T08:05:16+00:00\",\"dateModified\":\"2022-03-21T07:20:44+00:00\",\"description\":\"Jede Initiative muss sowohl strategisch ausgerichtet als auch auf Effizienz hin optimiert sein. Cloud-Technologie ebnet den Weg dazu.\",\"breadcrumb\":{\"@id\":\"https:\/\/www.m-q.ch\/cloud-technologie-und-schweizer-hersteller-ueber-effizienz-und-viel-mehr\/#breadcrumb\"},\"inLanguage\":\"de\",\"potentialAction\":[{\"@type\":\"ReadAction\",\"target\":[\"https:\/\/www.m-q.ch\/cloud-technologie-und-schweizer-hersteller-ueber-effizienz-und-viel-mehr\/\"]}]},{\"@type\":\"ImageObject\",\"inLanguage\":\"de\",\"@id\":\"https:\/\/www.m-q.ch\/cloud-technologie-und-schweizer-hersteller-ueber-effizienz-und-viel-mehr\/#primaryimage\",\"url\":\"https:\/\/www.m-q.ch\/wp-content\/uploads\/2022\/03\/Cloud-Technologie-und-Schweizer-Hersteller-ueber-Effizienz-und-viel-mehr_MQ.jpg\",\"contentUrl\":\"https:\/\/www.m-q.ch\/wp-content\/uploads\/2022\/03\/Cloud-Technologie-und-Schweizer-Hersteller-ueber-Effizienz-und-viel-mehr_MQ.jpg\",\"width\":680,\"height\":243,\"caption\":\"Die 2020er-Jahr k\u00f6nnten das Jahrzehnt f\u00fcr den endg\u00fcltigen Durchbruch der Cloud-Technologie werden. (Bild: Pixabay.com)\"},{\"@type\":\"BreadcrumbList\",\"@id\":\"https:\/\/www.m-q.ch\/cloud-technologie-und-schweizer-hersteller-ueber-effizienz-und-viel-mehr\/#breadcrumb\",\"itemListElement\":[{\"@type\":\"ListItem\",\"position\":1,\"name\":\"Business Excellence\",\"item\":\"https:\/\/www.m-q.ch\/kategorie\/business_excellence\/\"},{\"@type\":\"ListItem\",\"position\":2,\"name\":\"Cloud-Technologie und Schweizer Hersteller: \u00fcber Effizienz und viel mehr\"}]},{\"@type\":\"WebSite\",\"@id\":\"https:\/\/www.m-q.ch\/fr\/#website\",\"url\":\"https:\/\/www.m-q.ch\/fr\/\",\"name\":\"MQ Management und Qualit\u00e4t\",\"description\":\"Plattform f\u00fcr integrierte Managementsysteme.\",\"publisher\":{\"@id\":\"https:\/\/www.m-q.ch\/fr\/#organization\"},\"potentialAction\":[{\"@type\":\"SearchAction\",\"target\":{\"@type\":\"EntryPoint\",\"urlTemplate\":\"https:\/\/www.m-q.ch\/fr\/?s={search_term_string}\"},\"query-input\":{\"@type\":\"PropertyValueSpecification\",\"valueRequired\":true,\"valueName\":\"search_term_string\"}}],\"inLanguage\":\"de\"},{\"@type\":\"Organization\",\"@id\":\"https:\/\/www.m-q.ch\/fr\/#organization\",\"name\":\"Galledia Fachmedien AG\",\"url\":\"https:\/\/www.m-q.ch\/fr\/\",\"logo\":{\"@type\":\"ImageObject\",\"inLanguage\":\"de\",\"@id\":\"https:\/\/www.m-q.ch\/fr\/#\/schema\/logo\/image\/\",\"url\":\"https:\/\/www.m-q.ch\/wp-content\/uploads\/2020\/12\/cropped-logo_small.png\",\"contentUrl\":\"https:\/\/www.m-q.ch\/wp-content\/uploads\/2020\/12\/cropped-logo_small.png\",\"width\":512,\"height\":512,\"caption\":\"Galledia Fachmedien AG\"},\"image\":{\"@id\":\"https:\/\/www.m-q.ch\/fr\/#\/schema\/logo\/image\/\"},\"sameAs\":[\"https:\/\/www.facebook.com\/ManagementUndQualitaet\",\"https:\/\/www.linkedin.com\/showcase\/17982321\/admin\/\"]},{\"@type\":\"Person\",\"@id\":\"https:\/\/www.m-q.ch\/fr\/#\/schema\/person\/a8711938b1cfb3f056dec70eaa0b42ab\",\"name\":\"Thomas Berner\",\"image\":{\"@type\":\"ImageObject\",\"inLanguage\":\"de\",\"@id\":\"https:\/\/www.m-q.ch\/fr\/#\/schema\/person\/image\/\",\"url\":\"https:\/\/secure.gravatar.com\/avatar\/faea7857408f70478f976d576da10f96?s=96&d=mm&r=g\",\"contentUrl\":\"https:\/\/secure.gravatar.com\/avatar\/faea7857408f70478f976d576da10f96?s=96&d=mm&r=g\",\"caption\":\"Thomas Berner\"},\"url\":\"https:\/\/www.m-q.ch\/de\/author\/thomas-berner\/\"}]}<\/script>\n<!-- \/ Yoast SEO plugin. -->","yoast_head_json":{"title":"Cloud-Technologie und Schweizer Hersteller: \u00fcber Effizienz und viel mehr - MQ Management und Qualit\u00e4t","description":"Jede Initiative muss sowohl strategisch ausgerichtet als auch auf Effizienz hin optimiert sein. Cloud-Technologie ebnet den Weg dazu.","robots":{"index":"index","follow":"follow","max-snippet":"max-snippet:-1","max-image-preview":"max-image-preview:large","max-video-preview":"max-video-preview:-1"},"canonical":"https:\/\/www.m-q.ch\/de\/cloud-technologie-und-schweizer-hersteller-ueber-effizienz-und-viel-mehr\/","og_locale":"de_DE","og_type":"article","og_title":"Cloud-Technologie und Schweizer Hersteller: \u00fcber Effizienz und viel mehr","og_description":"Jede Initiative muss sowohl strategisch ausgerichtet als auch auf Effizienz hin optimiert sein. Cloud-Technologie ebnet den Weg dazu.","og_url":"https:\/\/www.m-q.ch\/de\/cloud-technologie-und-schweizer-hersteller-ueber-effizienz-und-viel-mehr\/","og_site_name":"MQ Management und Qualit\u00e4t","article_publisher":"https:\/\/www.facebook.com\/ManagementUndQualitaet","article_published_time":"2022-03-15T08:05:16+00:00","article_modified_time":"2022-03-21T07:20:44+00:00","og_image":[{"width":680,"height":243,"url":"https:\/\/www.m-q.ch\/wp-content\/uploads\/2022\/03\/Cloud-Technologie-und-Schweizer-Hersteller-ueber-Effizienz-und-viel-mehr_MQ.jpg","type":"image\/jpeg"}],"author":"Thomas Berner","twitter_card":"summary_large_image","twitter_title":"#Cloud-Technologie und Schweizer #Hersteller: \u00fcber #Effizienz und viel mehr","twitter_description":"Jede #Initiative muss sowohl strategisch ausgerichtet als auch auf #Effizienz hin optimiert sein. #Cloud-Technologie ebnet den Weg dazu.","twitter_image":"https:\/\/www.m-q.ch\/wp-content\/uploads\/2022\/03\/Cloud-Technologie-und-Schweizer-Hersteller-ueber-Effizienz-und-viel-mehr_MQ.jpg","twitter_misc":{"Verfasst von":"Thomas Berner","Gesch\u00e4tzte Lesezeit":"6\u00a0Minuten"},"schema":{"@context":"https:\/\/schema.org","@graph":[{"@type":"Article","@id":"https:\/\/www.m-q.ch\/cloud-technologie-und-schweizer-hersteller-ueber-effizienz-und-viel-mehr\/#article","isPartOf":{"@id":"https:\/\/www.m-q.ch\/cloud-technologie-und-schweizer-hersteller-ueber-effizienz-und-viel-mehr\/"},"author":{"name":"Thomas Berner","@id":"https:\/\/www.m-q.ch\/fr\/#\/schema\/person\/a8711938b1cfb3f056dec70eaa0b42ab"},"headline":"Cloud-Technologie und Schweizer Hersteller: \u00fcber Effizienz und viel mehr","datePublished":"2022-03-15T08:05:16+00:00","dateModified":"2022-03-21T07:20:44+00:00","mainEntityOfPage":{"@id":"https:\/\/www.m-q.ch\/cloud-technologie-und-schweizer-hersteller-ueber-effizienz-und-viel-mehr\/"},"wordCount":1170,"publisher":{"@id":"https:\/\/www.m-q.ch\/fr\/#organization"},"image":{"@id":"https:\/\/www.m-q.ch\/cloud-technologie-und-schweizer-hersteller-ueber-effizienz-und-viel-mehr\/#primaryimage"},"thumbnailUrl":"https:\/\/www.m-q.ch\/wp-content\/uploads\/2022\/03\/Cloud-Technologie-und-Schweizer-Hersteller-ueber-Effizienz-und-viel-mehr_MQ.jpg","keywords":["Business Excellence","Digitalisierung","Management und Unternehmensf\u00fchrung"],"articleSection":["Business Excellence"],"inLanguage":"de"},{"@type":"WebPage","@id":"https:\/\/www.m-q.ch\/cloud-technologie-und-schweizer-hersteller-ueber-effizienz-und-viel-mehr\/","url":"https:\/\/www.m-q.ch\/cloud-technologie-und-schweizer-hersteller-ueber-effizienz-und-viel-mehr\/","name":"Cloud-Technologie und Schweizer Hersteller: \u00fcber Effizienz und viel mehr - MQ Management und Qualit\u00e4t","isPartOf":{"@id":"https:\/\/www.m-q.ch\/fr\/#website"},"primaryImageOfPage":{"@id":"https:\/\/www.m-q.ch\/cloud-technologie-und-schweizer-hersteller-ueber-effizienz-und-viel-mehr\/#primaryimage"},"image":{"@id":"https:\/\/www.m-q.ch\/cloud-technologie-und-schweizer-hersteller-ueber-effizienz-und-viel-mehr\/#primaryimage"},"thumbnailUrl":"https:\/\/www.m-q.ch\/wp-content\/uploads\/2022\/03\/Cloud-Technologie-und-Schweizer-Hersteller-ueber-Effizienz-und-viel-mehr_MQ.jpg","datePublished":"2022-03-15T08:05:16+00:00","dateModified":"2022-03-21T07:20:44+00:00","description":"Jede Initiative muss sowohl strategisch ausgerichtet als auch auf Effizienz hin optimiert sein. Cloud-Technologie ebnet den Weg dazu.","breadcrumb":{"@id":"https:\/\/www.m-q.ch\/cloud-technologie-und-schweizer-hersteller-ueber-effizienz-und-viel-mehr\/#breadcrumb"},"inLanguage":"de","potentialAction":[{"@type":"ReadAction","target":["https:\/\/www.m-q.ch\/cloud-technologie-und-schweizer-hersteller-ueber-effizienz-und-viel-mehr\/"]}]},{"@type":"ImageObject","inLanguage":"de","@id":"https:\/\/www.m-q.ch\/cloud-technologie-und-schweizer-hersteller-ueber-effizienz-und-viel-mehr\/#primaryimage","url":"https:\/\/www.m-q.ch\/wp-content\/uploads\/2022\/03\/Cloud-Technologie-und-Schweizer-Hersteller-ueber-Effizienz-und-viel-mehr_MQ.jpg","contentUrl":"https:\/\/www.m-q.ch\/wp-content\/uploads\/2022\/03\/Cloud-Technologie-und-Schweizer-Hersteller-ueber-Effizienz-und-viel-mehr_MQ.jpg","width":680,"height":243,"caption":"Die 2020er-Jahr k\u00f6nnten das Jahrzehnt f\u00fcr den endg\u00fcltigen Durchbruch der Cloud-Technologie werden. (Bild: Pixabay.com)"},{"@type":"BreadcrumbList","@id":"https:\/\/www.m-q.ch\/cloud-technologie-und-schweizer-hersteller-ueber-effizienz-und-viel-mehr\/#breadcrumb","itemListElement":[{"@type":"ListItem","position":1,"name":"Business Excellence","item":"https:\/\/www.m-q.ch\/kategorie\/business_excellence\/"},{"@type":"ListItem","position":2,"name":"Cloud-Technologie und Schweizer Hersteller: \u00fcber Effizienz und viel mehr"}]},{"@type":"WebSite","@id":"https:\/\/www.m-q.ch\/fr\/#website","url":"https:\/\/www.m-q.ch\/fr\/","name":"MQ Management und Qualit\u00e4t","description":"Plattform f\u00fcr integrierte Managementsysteme.","publisher":{"@id":"https:\/\/www.m-q.ch\/fr\/#organization"},"potentialAction":[{"@type":"SearchAction","target":{"@type":"EntryPoint","urlTemplate":"https:\/\/www.m-q.ch\/fr\/?s={search_term_string}"},"query-input":{"@type":"PropertyValueSpecification","valueRequired":true,"valueName":"search_term_string"}}],"inLanguage":"de"},{"@type":"Organization","@id":"https:\/\/www.m-q.ch\/fr\/#organization","name":"Galledia Fachmedien AG","url":"https:\/\/www.m-q.ch\/fr\/","logo":{"@type":"ImageObject","inLanguage":"de","@id":"https:\/\/www.m-q.ch\/fr\/#\/schema\/logo\/image\/","url":"https:\/\/www.m-q.ch\/wp-content\/uploads\/2020\/12\/cropped-logo_small.png","contentUrl":"https:\/\/www.m-q.ch\/wp-content\/uploads\/2020\/12\/cropped-logo_small.png","width":512,"height":512,"caption":"Galledia Fachmedien AG"},"image":{"@id":"https:\/\/www.m-q.ch\/fr\/#\/schema\/logo\/image\/"},"sameAs":["https:\/\/www.facebook.com\/ManagementUndQualitaet","https:\/\/www.linkedin.com\/showcase\/17982321\/admin\/"]},{"@type":"Person","@id":"https:\/\/www.m-q.ch\/fr\/#\/schema\/person\/a8711938b1cfb3f056dec70eaa0b42ab","name":"Thomas Berner","image":{"@type":"ImageObject","inLanguage":"de","@id":"https:\/\/www.m-q.ch\/fr\/#\/schema\/person\/image\/","url":"https:\/\/secure.gravatar.com\/avatar\/faea7857408f70478f976d576da10f96?s=96&d=mm&r=g","contentUrl":"https:\/\/secure.gravatar.com\/avatar\/faea7857408f70478f976d576da10f96?s=96&d=mm&r=g","caption":"Thomas Berner"},"url":"https:\/\/www.m-q.ch\/de\/author\/thomas-berner\/"}]}},"_links":{"self":[{"href":"https:\/\/www.m-q.ch\/de\/wp-json\/wp\/v2\/posts\/16065","targetHints":{"allow":["GET"]}}],"collection":[{"href":"https:\/\/www.m-q.ch\/de\/wp-json\/wp\/v2\/posts"}],"about":[{"href":"https:\/\/www.m-q.ch\/de\/wp-json\/wp\/v2\/types\/post"}],"author":[{"embeddable":true,"href":"https:\/\/www.m-q.ch\/de\/wp-json\/wp\/v2\/users\/10"}],"replies":[{"embeddable":true,"href":"https:\/\/www.m-q.ch\/de\/wp-json\/wp\/v2\/comments?post=16065"}],"version-history":[{"count":1,"href":"https:\/\/www.m-q.ch\/de\/wp-json\/wp\/v2\/posts\/16065\/revisions"}],"predecessor-version":[{"id":16067,"href":"https:\/\/www.m-q.ch\/de\/wp-json\/wp\/v2\/posts\/16065\/revisions\/16067"}],"wp:featuredmedia":[{"embeddable":true,"href":"https:\/\/www.m-q.ch\/de\/wp-json\/wp\/v2\/media\/16066"}],"wp:attachment":[{"href":"https:\/\/www.m-q.ch\/de\/wp-json\/wp\/v2\/media?parent=16065"}],"wp:term":[{"taxonomy":"category","embeddable":true,"href":"https:\/\/www.m-q.ch\/de\/wp-json\/wp\/v2\/categories?post=16065"},{"taxonomy":"post_tag","embeddable":true,"href":"https:\/\/www.m-q.ch\/de\/wp-json\/wp\/v2\/tags?post=16065"}],"curies":[{"name":"wp","href":"https:\/\/api.w.org\/{rel}","templated":true}]}}