{"id":16427,"date":"2022-06-10T10:52:07","date_gmt":"2022-06-10T08:52:07","guid":{"rendered":"https:\/\/www.m-q.ch\/?p=16427"},"modified":"2022-06-10T10:52:07","modified_gmt":"2022-06-10T08:52:07","slug":"bosch-baut-aktivitaeten-in-der-schweiz-aus","status":"publish","type":"post","link":"https:\/\/www.m-q.ch\/de\/bosch-baut-aktivitaeten-in-der-schweiz-aus\/","title":{"rendered":"Bosch baut Aktivit\u00e4ten in der Schweiz aus"},"content":{"rendered":"<figure id=\"attachment_16428\" aria-describedby=\"caption-attachment-16428\" style=\"width: 680px\" class=\"wp-caption alignnone\"><img loading=\"lazy\" decoding=\"async\" class=\"size-full wp-image-16428\" src=\"https:\/\/www.m-q.ch\/wp-content\/uploads\/2022\/06\/Bosch-baut-Aktivitaeten-in-der-Schweiz-aus_MQ.jpg\" alt=\"\" width=\"680\" height=\"383\" srcset=\"https:\/\/www.m-q.ch\/wp-content\/uploads\/2022\/06\/Bosch-baut-Aktivitaeten-in-der-Schweiz-aus_MQ.jpg 680w, https:\/\/www.m-q.ch\/wp-content\/uploads\/2022\/06\/Bosch-baut-Aktivitaeten-in-der-Schweiz-aus_MQ-18x10.jpg 18w, https:\/\/www.m-q.ch\/wp-content\/uploads\/2022\/06\/Bosch-baut-Aktivitaeten-in-der-Schweiz-aus_MQ-311x175.jpg 311w, https:\/\/www.m-q.ch\/wp-content\/uploads\/2022\/06\/Bosch-baut-Aktivitaeten-in-der-Schweiz-aus_MQ-621x350.jpg 621w, https:\/\/www.m-q.ch\/wp-content\/uploads\/2022\/06\/Bosch-baut-Aktivitaeten-in-der-Schweiz-aus_MQ-300x169.jpg 300w\" sizes=\"auto, (max-width: 680px) 100vw, 680px\" \/><figcaption id=\"caption-attachment-16428\" class=\"wp-caption-text\">Am Schweizer Hauptsitz in Zuchwil wird Bosch 45 Millionen Franken in ein CO2-neutrales Geb\u00e4ude investieren. (Bild: zVg \/ Bosch)<\/figcaption><\/figure>\n<p>Das internationale Technologie- und Dienstleistungsunternehmen Bosch konnte im Gesch\u00e4ftsjahr 2021 seinen Umsatz auf dem Schweizer Markt auf 745 Millionen Franken steigern. Das entspricht einem Wachstum von rund 11,5 Prozent gegen\u00fcber Vorjahr. Der Gesamtnettoumsatz einschliesslich interner Lieferungen an Tochtergesellschaften belief sich auf 1,65 Milliarden Franken. Das Unternehmen, das seine Produkte seit 1904 in der Schweiz vertreibt, besch\u00e4ftigt hierzulande rund 2 000 Mitarbeitende. \u201eDas positive Ergebnis ist Ausdruck der guten Leistung unserer verschiedenen Gesch\u00e4ftsbereiche und der Bem\u00fchungen unserer Mitarbeitenden, die sich bietenden Chancen in einem ung\u00fcnstigen globalen Umfeld zu nutzen\u201c, erkl\u00e4rte Ute Lepple, Repr\u00e4sentantin der Bosch-Gruppe in der Schweiz.<\/p>\n<h3>Integration akquirierter Unternehmen<\/h3>\n<p>Erfreut zeigte sich Ute Lepple insbesondere \u00fcber den Zuwachs durch die Akquisition der Elpro Group AG in Buchs, sowie \u00fcber die Umfirmierung der Buderus Heiztechnik AG zur Bosch Thermotechnik AG. Mit beiden Aktivit\u00e4ten st\u00e4rkt das Unternehmen die Pr\u00e4senz der Marke Bosch in der Schweiz. \u201e2022 wird ein weiteres anspruchsvolles Jahr. Wir sind gut gestartet und werden alles daran setzen, in den wichtigen Branchen st\u00e4rker als der Markt zu wachsen\u201c, so Ute Lepple.<\/p>\n<h3>Umsatzentwicklung nach Unternehmensbereichen<\/h3>\n<p>Im Unternehmensbereich Mobility Solutions verzeichnete Bosch gem\u00e4ss Gesch\u00e4ftsbericht im Jahr 2021 in der Schweiz erneut ein deutliches Wachstum im Gesch\u00e4ftsbereich Automotive Aftermarket sowie bei Antriebs- und Fahrassistenzsystemen f\u00fcr eBikes. Der Unternehmensbereich Consumer Goods konnte gegen\u00fcber dem bereits starken Vorjahr seinen Umsatz nochmals anheben. Trotz Pandemie und konjunktureller Herausforderungen ist es gelungen, den Umsatz auch im Unternehmensbereich Industrial Technology zu steigern, die Kunden zuverl\u00e4ssig zu beliefern und die Zufriedenheit weiter zu erh\u00f6hen. Im Unternehmensbereich Energy and Building Technology verzeichnete der Gesch\u00e4ftsbereich Thermotechnik ein solides Wachstum. Besonders erfreulich entwickelten sich die Verk\u00e4ufe im wichtigsten Teilmarkt W\u00e4rmepumpen, wo Marktanteile deutlich gewonnen werden konnten.<\/p>\n<h3>Neuer CO2-neutraler Hauptsitz von Bosch Schweiz<\/h3>\n<p>Im M\u00e4rz 2022 startete Bosch Schweiz den Bau eines neuen Verwaltungsgeb\u00e4udes am Standort Zuchwil (SO). Das Bauprojekt z\u00e4hlt mit einer Investitionssumme von 45 Millionen Franken zu den wichtigsten Investitionen des Unternehmens w\u00e4hrend der letzten Jahre in der Schweiz. Bis 2024 entsteht auf einer Fl\u00e4che von 14 900 m2 ein CO2-neutrales vierst\u00f6ckiges Geb\u00e4ude in Holzkonstruktion. Das Geb\u00e4ude ist sowohl als Hauptsitz f\u00fcr Bosch Schweiz als auch f\u00fcr den Hauptsitz des weltweit t\u00e4tigen Produktbereichs Bosch Power Tools Accessories, Scintilla AG, geplant.<\/p>\n<h3>Bosch-Gruppe: Ausblick 2022 und strategischer Kurs<\/h3>\n<p>Das Gesamtunternehmen erzielte 2021 deutliche Umsatz- und Ergebnissteigerungen trotz schwieriger Rahmenbedingungen. Im ersten Quartal 2022 wuchs der Umsatz des Technologie- und Dienstleistungsunternehmens um 5,2 Prozent. F\u00fcr das Gesamtjahr geht Bosch von einer Umsatzsteigerung von mehr als 6 Prozent und einer EBIT-Rendite im Korridor von drei bis vier Prozent aus \u2013 dabei rechnet das Unternehmen mit betr\u00e4chtlichen Belastungen vor allem durch Kostensteigerungen bei Energie, Material und Logistik. \u201eDas erfolgreiche Gesch\u00e4ftsjahr 2021 gibt uns Zuversicht, auch das anspruchsvolle Umfeld des laufenden Jahres zu bew\u00e4ltigen\u201c, sagte Dr. Stefan Hartung, Vorsitzender der Gesch\u00e4ftsf\u00fchrung der Robert Bosch GmbH. Zu den erheblichen Unsicherheiten z\u00e4hlt der Krieg in der Ukraine mit allen Auswirkungen. Die aktuelle Situation verdeutlicht laut Hartung den Handlungsdruck auf Politik und Gesellschaft, unabh\u00e4ngiger von fossilen Energietr\u00e4gern zu werden und die Erschliessung neuer Energien mit Nachdruck anzugehen. Deshalb setze die Bosch-Gruppe trotz des herausfordernden wirtschaftlichen Umfelds ihre Anstrengungen f\u00fcr den Klimaschutz konsequent fort. Hartung gab dazu Investitionen in klimaneutrale Technik wie Elektrifizierung und Wasserstoff in H\u00f6he von gut drei Milliarden Euro \u00fcber drei Jahre bekannt.<\/p>\n<p><a href=\"http:\/\/www.bosch.ch\"><em>Quelle und weitere Informationen<\/em><\/a><\/p>\n","protected":false},"excerpt":{"rendered":"<p>Das internationale Technologie- und Dienstleistungsunternehmen Bosch konnte im Gesch\u00e4ftsjahr 2021 seinen Umsatz auf dem Schweizer Markt auf 745 Millionen Franken steigern. Das entspricht einem Wachstum von rund 11,5 Prozent gegen\u00fcber Vorjahr. Der Gesamtnettoumsatz einschliesslich interner Lieferungen an Tochtergesellschaften belief sich auf 1,65 Milliarden Franken. Das Unternehmen, das seine Produkte seit 1904 in der Schweiz vertreibt, [&hellip;]<\/p>\n","protected":false},"author":10,"featured_media":16428,"comment_status":"closed","ping_status":"closed","sticky":false,"template":"","format":"standard","meta":{"_acf_changed":false,"footnotes":""},"categories":[4448],"tags":[3360,3352],"class_list":["post-16427","post","type-post","status-publish","format-standard","has-post-thumbnail","hentry","category-allgemein","tag-management-und-unternehmensfuehrung","tag-unternehmen"],"acf":[],"yoast_head":"<!-- This site is optimized with the Yoast SEO plugin v26.2 - https:\/\/yoast.com\/wordpress\/plugins\/seo\/ -->\n<title>Bosch baut Aktivit\u00e4ten in der Schweiz aus - MQ Management und Qualit\u00e4t<\/title>\n<meta name=\"description\" content=\"Bosch hat 2021 in der Schweiz 745 Millionen Franken Umsatz erzielt. Das Wachstum betr\u00e4gt 11,5 Prozent gegen\u00fcber dem Vorjahr.\" \/>\n<meta name=\"robots\" content=\"index, follow, max-snippet:-1, max-image-preview:large, max-video-preview:-1\" \/>\n<link rel=\"canonical\" href=\"https:\/\/www.m-q.ch\/de\/bosch-baut-aktivitaeten-in-der-schweiz-aus\/\" \/>\n<meta property=\"og:locale\" content=\"de_DE\" \/>\n<meta property=\"og:type\" content=\"article\" \/>\n<meta property=\"og:title\" content=\"Bosch baut Aktivit\u00e4ten in der Schweiz aus\" \/>\n<meta property=\"og:description\" content=\"Bosch hat 2021 in der Schweiz 745 Millionen Franken Umsatz erzielt. Das Wachstum betr\u00e4gt 11,5 Prozent gegen\u00fcber dem Vorjahr.\" \/>\n<meta property=\"og:url\" content=\"https:\/\/www.m-q.ch\/de\/bosch-baut-aktivitaeten-in-der-schweiz-aus\/\" \/>\n<meta property=\"og:site_name\" content=\"MQ Management und Qualit\u00e4t\" \/>\n<meta property=\"article:publisher\" content=\"https:\/\/www.facebook.com\/ManagementUndQualitaet\" \/>\n<meta property=\"article:published_time\" content=\"2022-06-10T08:52:07+00:00\" \/>\n<meta property=\"og:image\" content=\"https:\/\/www.m-q.ch\/wp-content\/uploads\/2022\/06\/Bosch-baut-Aktivitaeten-in-der-Schweiz-aus_MQ.jpg\" \/>\n\t<meta property=\"og:image:width\" content=\"680\" \/>\n\t<meta property=\"og:image:height\" content=\"383\" \/>\n\t<meta property=\"og:image:type\" content=\"image\/jpeg\" \/>\n<meta name=\"author\" content=\"Thomas Berner\" \/>\n<meta name=\"twitter:card\" content=\"summary_large_image\" \/>\n<meta name=\"twitter:title\" content=\"#Bosch baut Aktivit\u00e4ten in der Schweiz aus\" \/>\n<meta name=\"twitter:description\" content=\"#Bosch hat 2021 in der Schweiz 745 Millionen Franken #Umsatz erzielt. Das Wachstum betr\u00e4gt 11,5 Prozent gegen\u00fcber dem Vorjahr.\" \/>\n<meta name=\"twitter:image\" content=\"https:\/\/www.m-q.ch\/wp-content\/uploads\/2022\/06\/Bosch-baut-Aktivitaeten-in-der-Schweiz-aus_MQ.jpg\" \/>\n<meta name=\"twitter:label1\" content=\"Verfasst von\" \/>\n\t<meta name=\"twitter:data1\" content=\"Thomas Berner\" \/>\n\t<meta name=\"twitter:label2\" content=\"Gesch\u00e4tzte Lesezeit\" \/>\n\t<meta name=\"twitter:data2\" content=\"3\u00a0Minuten\" \/>\n<script type=\"application\/ld+json\" class=\"yoast-schema-graph\">{\"@context\":\"https:\/\/schema.org\",\"@graph\":[{\"@type\":\"Article\",\"@id\":\"https:\/\/www.m-q.ch\/bosch-baut-aktivitaeten-in-der-schweiz-aus\/#article\",\"isPartOf\":{\"@id\":\"https:\/\/www.m-q.ch\/bosch-baut-aktivitaeten-in-der-schweiz-aus\/\"},\"author\":{\"name\":\"Thomas Berner\",\"@id\":\"https:\/\/www.m-q.ch\/fr\/#\/schema\/person\/a8711938b1cfb3f056dec70eaa0b42ab\"},\"headline\":\"Bosch baut Aktivit\u00e4ten in der Schweiz aus\",\"datePublished\":\"2022-06-10T08:52:07+00:00\",\"mainEntityOfPage\":{\"@id\":\"https:\/\/www.m-q.ch\/bosch-baut-aktivitaeten-in-der-schweiz-aus\/\"},\"wordCount\":599,\"publisher\":{\"@id\":\"https:\/\/www.m-q.ch\/fr\/#organization\"},\"image\":{\"@id\":\"https:\/\/www.m-q.ch\/bosch-baut-aktivitaeten-in-der-schweiz-aus\/#primaryimage\"},\"thumbnailUrl\":\"https:\/\/www.m-q.ch\/wp-content\/uploads\/2022\/06\/Bosch-baut-Aktivitaeten-in-der-Schweiz-aus_MQ.jpg\",\"keywords\":[\"Management und Unternehmensf\u00fchrung\",\"Unternehmen\"],\"inLanguage\":\"de\"},{\"@type\":\"WebPage\",\"@id\":\"https:\/\/www.m-q.ch\/bosch-baut-aktivitaeten-in-der-schweiz-aus\/\",\"url\":\"https:\/\/www.m-q.ch\/bosch-baut-aktivitaeten-in-der-schweiz-aus\/\",\"name\":\"Bosch baut Aktivit\u00e4ten in der Schweiz aus - MQ Management und Qualit\u00e4t\",\"isPartOf\":{\"@id\":\"https:\/\/www.m-q.ch\/fr\/#website\"},\"primaryImageOfPage\":{\"@id\":\"https:\/\/www.m-q.ch\/bosch-baut-aktivitaeten-in-der-schweiz-aus\/#primaryimage\"},\"image\":{\"@id\":\"https:\/\/www.m-q.ch\/bosch-baut-aktivitaeten-in-der-schweiz-aus\/#primaryimage\"},\"thumbnailUrl\":\"https:\/\/www.m-q.ch\/wp-content\/uploads\/2022\/06\/Bosch-baut-Aktivitaeten-in-der-Schweiz-aus_MQ.jpg\",\"datePublished\":\"2022-06-10T08:52:07+00:00\",\"description\":\"Bosch hat 2021 in der Schweiz 745 Millionen Franken Umsatz erzielt. Das Wachstum betr\u00e4gt 11,5 Prozent gegen\u00fcber dem Vorjahr.\",\"breadcrumb\":{\"@id\":\"https:\/\/www.m-q.ch\/bosch-baut-aktivitaeten-in-der-schweiz-aus\/#breadcrumb\"},\"inLanguage\":\"de\",\"potentialAction\":[{\"@type\":\"ReadAction\",\"target\":[\"https:\/\/www.m-q.ch\/bosch-baut-aktivitaeten-in-der-schweiz-aus\/\"]}]},{\"@type\":\"ImageObject\",\"inLanguage\":\"de\",\"@id\":\"https:\/\/www.m-q.ch\/bosch-baut-aktivitaeten-in-der-schweiz-aus\/#primaryimage\",\"url\":\"https:\/\/www.m-q.ch\/wp-content\/uploads\/2022\/06\/Bosch-baut-Aktivitaeten-in-der-Schweiz-aus_MQ.jpg\",\"contentUrl\":\"https:\/\/www.m-q.ch\/wp-content\/uploads\/2022\/06\/Bosch-baut-Aktivitaeten-in-der-Schweiz-aus_MQ.jpg\",\"width\":680,\"height\":383,\"caption\":\"Am Schweizer Hauptsitz in Zuchwil wird Bosch 45 Millionen Franken in ein CO2-neutrales Geb\u00e4ude investieren. (Bild: zVg \/ Bosch)\"},{\"@type\":\"BreadcrumbList\",\"@id\":\"https:\/\/www.m-q.ch\/bosch-baut-aktivitaeten-in-der-schweiz-aus\/#breadcrumb\",\"itemListElement\":[{\"@type\":\"ListItem\",\"position\":1,\"name\":\"Allgemein\",\"item\":\"https:\/\/www.m-q.ch\/kategorie\/allgemein\/\"},{\"@type\":\"ListItem\",\"position\":2,\"name\":\"Bosch baut Aktivit\u00e4ten in der Schweiz aus\"}]},{\"@type\":\"WebSite\",\"@id\":\"https:\/\/www.m-q.ch\/fr\/#website\",\"url\":\"https:\/\/www.m-q.ch\/fr\/\",\"name\":\"MQ Management und Qualit\u00e4t\",\"description\":\"Plattform f\u00fcr integrierte Managementsysteme.\",\"publisher\":{\"@id\":\"https:\/\/www.m-q.ch\/fr\/#organization\"},\"potentialAction\":[{\"@type\":\"SearchAction\",\"target\":{\"@type\":\"EntryPoint\",\"urlTemplate\":\"https:\/\/www.m-q.ch\/fr\/?s={search_term_string}\"},\"query-input\":{\"@type\":\"PropertyValueSpecification\",\"valueRequired\":true,\"valueName\":\"search_term_string\"}}],\"inLanguage\":\"de\"},{\"@type\":\"Organization\",\"@id\":\"https:\/\/www.m-q.ch\/fr\/#organization\",\"name\":\"Galledia Fachmedien AG\",\"url\":\"https:\/\/www.m-q.ch\/fr\/\",\"logo\":{\"@type\":\"ImageObject\",\"inLanguage\":\"de\",\"@id\":\"https:\/\/www.m-q.ch\/fr\/#\/schema\/logo\/image\/\",\"url\":\"https:\/\/www.m-q.ch\/wp-content\/uploads\/2020\/12\/cropped-logo_small.png\",\"contentUrl\":\"https:\/\/www.m-q.ch\/wp-content\/uploads\/2020\/12\/cropped-logo_small.png\",\"width\":512,\"height\":512,\"caption\":\"Galledia Fachmedien AG\"},\"image\":{\"@id\":\"https:\/\/www.m-q.ch\/fr\/#\/schema\/logo\/image\/\"},\"sameAs\":[\"https:\/\/www.facebook.com\/ManagementUndQualitaet\",\"https:\/\/www.linkedin.com\/showcase\/17982321\/admin\/\"]},{\"@type\":\"Person\",\"@id\":\"https:\/\/www.m-q.ch\/fr\/#\/schema\/person\/a8711938b1cfb3f056dec70eaa0b42ab\",\"name\":\"Thomas Berner\",\"image\":{\"@type\":\"ImageObject\",\"inLanguage\":\"de\",\"@id\":\"https:\/\/www.m-q.ch\/fr\/#\/schema\/person\/image\/\",\"url\":\"https:\/\/secure.gravatar.com\/avatar\/faea7857408f70478f976d576da10f96?s=96&d=mm&r=g\",\"contentUrl\":\"https:\/\/secure.gravatar.com\/avatar\/faea7857408f70478f976d576da10f96?s=96&d=mm&r=g\",\"caption\":\"Thomas Berner\"},\"url\":\"https:\/\/www.m-q.ch\/de\/author\/thomas-berner\/\"}]}<\/script>\n<!-- \/ Yoast SEO plugin. -->","yoast_head_json":{"title":"Bosch baut Aktivit\u00e4ten in der Schweiz aus - MQ Management und Qualit\u00e4t","description":"Bosch hat 2021 in der Schweiz 745 Millionen Franken Umsatz erzielt. Das Wachstum betr\u00e4gt 11,5 Prozent gegen\u00fcber dem Vorjahr.","robots":{"index":"index","follow":"follow","max-snippet":"max-snippet:-1","max-image-preview":"max-image-preview:large","max-video-preview":"max-video-preview:-1"},"canonical":"https:\/\/www.m-q.ch\/de\/bosch-baut-aktivitaeten-in-der-schweiz-aus\/","og_locale":"de_DE","og_type":"article","og_title":"Bosch baut Aktivit\u00e4ten in der Schweiz aus","og_description":"Bosch hat 2021 in der Schweiz 745 Millionen Franken Umsatz erzielt. Das Wachstum betr\u00e4gt 11,5 Prozent gegen\u00fcber dem Vorjahr.","og_url":"https:\/\/www.m-q.ch\/de\/bosch-baut-aktivitaeten-in-der-schweiz-aus\/","og_site_name":"MQ Management und Qualit\u00e4t","article_publisher":"https:\/\/www.facebook.com\/ManagementUndQualitaet","article_published_time":"2022-06-10T08:52:07+00:00","og_image":[{"width":680,"height":383,"url":"https:\/\/www.m-q.ch\/wp-content\/uploads\/2022\/06\/Bosch-baut-Aktivitaeten-in-der-Schweiz-aus_MQ.jpg","type":"image\/jpeg"}],"author":"Thomas Berner","twitter_card":"summary_large_image","twitter_title":"#Bosch baut Aktivit\u00e4ten in der Schweiz aus","twitter_description":"#Bosch hat 2021 in der Schweiz 745 Millionen Franken #Umsatz erzielt. Das Wachstum betr\u00e4gt 11,5 Prozent gegen\u00fcber dem Vorjahr.","twitter_image":"https:\/\/www.m-q.ch\/wp-content\/uploads\/2022\/06\/Bosch-baut-Aktivitaeten-in-der-Schweiz-aus_MQ.jpg","twitter_misc":{"Verfasst von":"Thomas Berner","Gesch\u00e4tzte Lesezeit":"3\u00a0Minuten"},"schema":{"@context":"https:\/\/schema.org","@graph":[{"@type":"Article","@id":"https:\/\/www.m-q.ch\/bosch-baut-aktivitaeten-in-der-schweiz-aus\/#article","isPartOf":{"@id":"https:\/\/www.m-q.ch\/bosch-baut-aktivitaeten-in-der-schweiz-aus\/"},"author":{"name":"Thomas Berner","@id":"https:\/\/www.m-q.ch\/fr\/#\/schema\/person\/a8711938b1cfb3f056dec70eaa0b42ab"},"headline":"Bosch baut Aktivit\u00e4ten in der Schweiz aus","datePublished":"2022-06-10T08:52:07+00:00","mainEntityOfPage":{"@id":"https:\/\/www.m-q.ch\/bosch-baut-aktivitaeten-in-der-schweiz-aus\/"},"wordCount":599,"publisher":{"@id":"https:\/\/www.m-q.ch\/fr\/#organization"},"image":{"@id":"https:\/\/www.m-q.ch\/bosch-baut-aktivitaeten-in-der-schweiz-aus\/#primaryimage"},"thumbnailUrl":"https:\/\/www.m-q.ch\/wp-content\/uploads\/2022\/06\/Bosch-baut-Aktivitaeten-in-der-Schweiz-aus_MQ.jpg","keywords":["Management und Unternehmensf\u00fchrung","Unternehmen"],"inLanguage":"de"},{"@type":"WebPage","@id":"https:\/\/www.m-q.ch\/bosch-baut-aktivitaeten-in-der-schweiz-aus\/","url":"https:\/\/www.m-q.ch\/bosch-baut-aktivitaeten-in-der-schweiz-aus\/","name":"Bosch baut Aktivit\u00e4ten in der Schweiz aus - MQ Management und Qualit\u00e4t","isPartOf":{"@id":"https:\/\/www.m-q.ch\/fr\/#website"},"primaryImageOfPage":{"@id":"https:\/\/www.m-q.ch\/bosch-baut-aktivitaeten-in-der-schweiz-aus\/#primaryimage"},"image":{"@id":"https:\/\/www.m-q.ch\/bosch-baut-aktivitaeten-in-der-schweiz-aus\/#primaryimage"},"thumbnailUrl":"https:\/\/www.m-q.ch\/wp-content\/uploads\/2022\/06\/Bosch-baut-Aktivitaeten-in-der-Schweiz-aus_MQ.jpg","datePublished":"2022-06-10T08:52:07+00:00","description":"Bosch hat 2021 in der Schweiz 745 Millionen Franken Umsatz erzielt. Das Wachstum betr\u00e4gt 11,5 Prozent gegen\u00fcber dem Vorjahr.","breadcrumb":{"@id":"https:\/\/www.m-q.ch\/bosch-baut-aktivitaeten-in-der-schweiz-aus\/#breadcrumb"},"inLanguage":"de","potentialAction":[{"@type":"ReadAction","target":["https:\/\/www.m-q.ch\/bosch-baut-aktivitaeten-in-der-schweiz-aus\/"]}]},{"@type":"ImageObject","inLanguage":"de","@id":"https:\/\/www.m-q.ch\/bosch-baut-aktivitaeten-in-der-schweiz-aus\/#primaryimage","url":"https:\/\/www.m-q.ch\/wp-content\/uploads\/2022\/06\/Bosch-baut-Aktivitaeten-in-der-Schweiz-aus_MQ.jpg","contentUrl":"https:\/\/www.m-q.ch\/wp-content\/uploads\/2022\/06\/Bosch-baut-Aktivitaeten-in-der-Schweiz-aus_MQ.jpg","width":680,"height":383,"caption":"Am Schweizer Hauptsitz in Zuchwil wird Bosch 45 Millionen Franken in ein CO2-neutrales Geb\u00e4ude investieren. (Bild: zVg \/ Bosch)"},{"@type":"BreadcrumbList","@id":"https:\/\/www.m-q.ch\/bosch-baut-aktivitaeten-in-der-schweiz-aus\/#breadcrumb","itemListElement":[{"@type":"ListItem","position":1,"name":"Allgemein","item":"https:\/\/www.m-q.ch\/kategorie\/allgemein\/"},{"@type":"ListItem","position":2,"name":"Bosch baut Aktivit\u00e4ten in der Schweiz aus"}]},{"@type":"WebSite","@id":"https:\/\/www.m-q.ch\/fr\/#website","url":"https:\/\/www.m-q.ch\/fr\/","name":"MQ Management und Qualit\u00e4t","description":"Plattform f\u00fcr integrierte Managementsysteme.","publisher":{"@id":"https:\/\/www.m-q.ch\/fr\/#organization"},"potentialAction":[{"@type":"SearchAction","target":{"@type":"EntryPoint","urlTemplate":"https:\/\/www.m-q.ch\/fr\/?s={search_term_string}"},"query-input":{"@type":"PropertyValueSpecification","valueRequired":true,"valueName":"search_term_string"}}],"inLanguage":"de"},{"@type":"Organization","@id":"https:\/\/www.m-q.ch\/fr\/#organization","name":"Galledia Fachmedien AG","url":"https:\/\/www.m-q.ch\/fr\/","logo":{"@type":"ImageObject","inLanguage":"de","@id":"https:\/\/www.m-q.ch\/fr\/#\/schema\/logo\/image\/","url":"https:\/\/www.m-q.ch\/wp-content\/uploads\/2020\/12\/cropped-logo_small.png","contentUrl":"https:\/\/www.m-q.ch\/wp-content\/uploads\/2020\/12\/cropped-logo_small.png","width":512,"height":512,"caption":"Galledia Fachmedien AG"},"image":{"@id":"https:\/\/www.m-q.ch\/fr\/#\/schema\/logo\/image\/"},"sameAs":["https:\/\/www.facebook.com\/ManagementUndQualitaet","https:\/\/www.linkedin.com\/showcase\/17982321\/admin\/"]},{"@type":"Person","@id":"https:\/\/www.m-q.ch\/fr\/#\/schema\/person\/a8711938b1cfb3f056dec70eaa0b42ab","name":"Thomas Berner","image":{"@type":"ImageObject","inLanguage":"de","@id":"https:\/\/www.m-q.ch\/fr\/#\/schema\/person\/image\/","url":"https:\/\/secure.gravatar.com\/avatar\/faea7857408f70478f976d576da10f96?s=96&d=mm&r=g","contentUrl":"https:\/\/secure.gravatar.com\/avatar\/faea7857408f70478f976d576da10f96?s=96&d=mm&r=g","caption":"Thomas Berner"},"url":"https:\/\/www.m-q.ch\/de\/author\/thomas-berner\/"}]}},"_links":{"self":[{"href":"https:\/\/www.m-q.ch\/de\/wp-json\/wp\/v2\/posts\/16427","targetHints":{"allow":["GET"]}}],"collection":[{"href":"https:\/\/www.m-q.ch\/de\/wp-json\/wp\/v2\/posts"}],"about":[{"href":"https:\/\/www.m-q.ch\/de\/wp-json\/wp\/v2\/types\/post"}],"author":[{"embeddable":true,"href":"https:\/\/www.m-q.ch\/de\/wp-json\/wp\/v2\/users\/10"}],"replies":[{"embeddable":true,"href":"https:\/\/www.m-q.ch\/de\/wp-json\/wp\/v2\/comments?post=16427"}],"version-history":[{"count":1,"href":"https:\/\/www.m-q.ch\/de\/wp-json\/wp\/v2\/posts\/16427\/revisions"}],"predecessor-version":[{"id":16429,"href":"https:\/\/www.m-q.ch\/de\/wp-json\/wp\/v2\/posts\/16427\/revisions\/16429"}],"wp:featuredmedia":[{"embeddable":true,"href":"https:\/\/www.m-q.ch\/de\/wp-json\/wp\/v2\/media\/16428"}],"wp:attachment":[{"href":"https:\/\/www.m-q.ch\/de\/wp-json\/wp\/v2\/media?parent=16427"}],"wp:term":[{"taxonomy":"category","embeddable":true,"href":"https:\/\/www.m-q.ch\/de\/wp-json\/wp\/v2\/categories?post=16427"},{"taxonomy":"post_tag","embeddable":true,"href":"https:\/\/www.m-q.ch\/de\/wp-json\/wp\/v2\/tags?post=16427"}],"curies":[{"name":"wp","href":"https:\/\/api.w.org\/{rel}","templated":true}]}}