{"id":16524,"date":"2022-06-23T16:46:26","date_gmt":"2022-06-23T14:46:26","guid":{"rendered":"https:\/\/www.m-q.ch\/?p=16524"},"modified":"2022-06-23T16:46:26","modified_gmt":"2022-06-23T14:46:26","slug":"sicherheit-ein-topthema-fuer-die-schweiz-und-ihre-industrie","status":"publish","type":"post","link":"https:\/\/www.m-q.ch\/de\/sicherheit-ein-topthema-fuer-die-schweiz-und-ihre-industrie\/","title":{"rendered":"Sicherheit \u2013 ein Topthema f\u00fcr die Schweiz und ihre Industrie"},"content":{"rendered":"<figure id=\"attachment_16525\" aria-describedby=\"caption-attachment-16525\" style=\"width: 680px\" class=\"wp-caption alignnone\"><img loading=\"lazy\" decoding=\"async\" class=\"size-full wp-image-16525\" src=\"https:\/\/www.m-q.ch\/wp-content\/uploads\/2022\/06\/Sicherheit-ein-Topthema-fuer-die-Schweiz-und-ihre-Industrie_MQ.jpg\" alt=\"\" width=\"680\" height=\"453\" srcset=\"https:\/\/www.m-q.ch\/wp-content\/uploads\/2022\/06\/Sicherheit-ein-Topthema-fuer-die-Schweiz-und-ihre-Industrie_MQ.jpg 680w, https:\/\/www.m-q.ch\/wp-content\/uploads\/2022\/06\/Sicherheit-ein-Topthema-fuer-die-Schweiz-und-ihre-Industrie_MQ-18x12.jpg 18w, https:\/\/www.m-q.ch\/wp-content\/uploads\/2022\/06\/Sicherheit-ein-Topthema-fuer-die-Schweiz-und-ihre-Industrie_MQ-263x175.jpg 263w, https:\/\/www.m-q.ch\/wp-content\/uploads\/2022\/06\/Sicherheit-ein-Topthema-fuer-die-Schweiz-und-ihre-Industrie_MQ-525x350.jpg 525w, https:\/\/www.m-q.ch\/wp-content\/uploads\/2022\/06\/Sicherheit-ein-Topthema-fuer-die-Schweiz-und-ihre-Industrie_MQ-300x200.jpg 300w\" sizes=\"auto, (max-width: 680px) 100vw, 680px\" \/><figcaption id=\"caption-attachment-16525\" class=\"wp-caption-text\">Die Schweizer Industrieunternehmen stehen immer wieder im Fadenkreuz von Cyberkriminellen. (Bild: Pixabay.com)<\/figcaption><\/figure>\n<p>Der ehemalige NATO-Generalsekret\u00e4r und Premierminister D\u00e4nemarks Anders Fogh Rasmussen er\u00f6ffnete den Swissmem-Industrietag vom 23. Juni 2022 und pr\u00e4sentierte seine Analyse zur Sicherheitslage in Europa. F\u00fcr ihn ist klar: \u00abKurzfristig ist eine Zunahme der Spannungen zwischen Autokratien und Demokratien unvermeidlich.\u00bb An die Unternehmerinnen und Unternehmer gerichtet meinte er: \u00abIm Jahr 2022 braucht jedes grosse Unternehmen seinen eigenen Aussenminister. Nur wenn Sie die geopolitischen Risiken verstehen, k\u00f6nnen Sie Ihren Konkurrenten einen Schritt voraus sein.\u00bb \u00c4hnlich dr\u00fcckte sich Philippe Amon, Pr\u00e4sident und CEO Sicpa, aus: \u00abDie globale strategische Dynamik wird zunehmend aggressiver. Der wahre Erfolg liegt in unserer F\u00e4higkeit, vorausschauend zu handeln.\u00bb<\/p>\n<h3>Ungem\u00fctliche Situation f\u00fcr Kleinstaaten<\/h3>\n<p>Auch Martin Hirzel, Pr\u00e4sident Swissmem, \u00e4usserte sich zur Sicherheitspolitik: \u00abSchon seit Jahren stellen wir in verschiedenen Staaten eine R\u00fcckkehr zu Protektionismus, Nationalismus und Militarismus fest. International gewinnt das Recht des St\u00e4rkeren immer mehr die Oberhand. F\u00fcr Kleinstaaten wie die Schweiz ist das besonders ungem\u00fctlich. In meinen Augen ist es h\u00f6chste Zeit, dass sich die Schweiz wieder verst\u00e4rkt f\u00fcr ein auf V\u00f6lkerrecht, Multilateralismus, Kooperation und Handel basierendes internationales System einsetzt.\u00bb\u00a0<\/p>\n<p>Bundesrat Ueli Maurer, Vorsteher des Eidgen\u00f6ssischen Finanzdepartements, welches f\u00fcr das Thema die Cybersicherheit beim Bund zust\u00e4ndig ist, betonte: \u00abCybersicherheit ist in der Politik \u00fcber die Parteigrenzen hinweg gut abgest\u00fctzt.\u00bb\u00a0 \u00a0<\/p>\n<h3>Schweizer MEM-Firmen sind Ziel zahlreicher Angriffe\u00a0<\/h3>\n<p>Im Zeitalter der Digitalisierung bieten Industriebetriebe f\u00fcr Cyberkriminelle besonders grosse Angriffsfl\u00e4chen. Cyberattacken, aber auch physische Angriffe, sind heute eine konstante Bedrohung. Martin Hirzel pr\u00e4sentierte am Industrietag die Ergebnisse einer Umfrage unter Swissmem Mitgliedfirmen, die in Zusammenarbeit mit dem Institut f\u00fcr Strafrecht und Kriminologie der Universit\u00e4t Bern durchgef\u00fchrt wurde. Sie zeigen deutlich, dass Angriffe jedes Unternehmen unabh\u00e4ngig seiner Gr\u00f6sse treffen kann. Das Schadenspotenzial ist enorm und kann im Extremfall die Existenz einer Firma gef\u00e4hrden. Entsprechend ist die Sensibilisierung zu diesen Risiken in den Swissmem Mitgliedfirmen hoch. In fast allen Betrieben werden gezielt Massnahmen umgesetzt. Sie haben dazu gef\u00fchrt, dass 82 Prozent der als sehr schwerwiegend eingestuften Angriffe keine Folgen hatten oder diese kurzfristig behebbar waren. Martin Hirzel, Pr\u00e4sident Swissmem, zieht daraus folgendes Fazit: \u00abIch bin froh, dass innerhalb der Swissmem Mitgliedschaft eine hohe Sensibilisierung zu Cyberangriffen und physischen Bedrohungen besteht. Die Aufmerksamkeit darf jedoch nicht nachlassen. Jeder Betrieb muss technologisch und organisatorisch stets vorbereitet sein, um solche Attacken abwehren zu k\u00f6nnen.\u00bb\u00a0<\/p>\n<h3>Erlebnisse mit Cyberangriffen<\/h3>\n<p>An einem Podiumsgespr\u00e4ch schilderten Irina Leutwyler, CEO Wesco AG, Barend Fruithof, CEO Aebi Schmidt AG und Andrea Roth, CEO Geobrugg AG, ihre Erlebnisse und Erkenntnisse aus Angriffen auf ihre Firmen. Stellvertretend f\u00fcr alle st\u00fctzte Irina Leutwyler die Aussage des Swissmem Pr\u00e4sidenten: \u00abWir sind dauernd dabei, uns f\u00fcr den n\u00e4chsten Angriff zu wappnen. Denn der wird kommen!\u00bb\u00a0<\/p>\n<p>Abgerundet wurde der Industrietag mit einem Podium bestehend aus Nationalr\u00e4tin Maja Riniker (FDP), Nationalr\u00e4tin Edith Graf-Litscher (SP), Nationalrat Franz Gr\u00fcter (SVP) und Nationalrat Gerhard Andrey (GR\u00dcNE). \u00a0<\/p>\n<p><em>Quelle: <a href=\"http:\/\/www.swissmem.ch\">www.swissmem.ch<\/a><\/em><\/p>\n","protected":false},"excerpt":{"rendered":"<p>Der ehemalige NATO-Generalsekret\u00e4r und Premierminister D\u00e4nemarks Anders Fogh Rasmussen er\u00f6ffnete den Swissmem-Industrietag vom 23. Juni 2022 und pr\u00e4sentierte seine Analyse zur Sicherheitslage in Europa. F\u00fcr ihn ist klar: \u00abKurzfristig ist eine Zunahme der Spannungen zwischen Autokratien und Demokratien unvermeidlich.\u00bb An die Unternehmerinnen und Unternehmer gerichtet meinte er: \u00abIm Jahr 2022 braucht jedes grosse Unternehmen seinen [&hellip;]<\/p>\n","protected":false},"author":10,"featured_media":16525,"comment_status":"closed","ping_status":"closed","sticky":false,"template":"","format":"standard","meta":{"_acf_changed":false,"footnotes":""},"categories":[4],"tags":[3560,3342,5277,3359],"class_list":["post-16524","post","type-post","status-publish","format-standard","has-post-thumbnail","hentry","category-risikomanagement","tag-cybersicherheit","tag-fachkongressfachmesse","tag-sicherheitspolitik","tag-vereineverbaendeinstitutionen"],"acf":[],"yoast_head":"<!-- This site is optimized with the Yoast SEO plugin v26.2 - https:\/\/yoast.com\/wordpress\/plugins\/seo\/ -->\n<title>Sicherheit \u2013 ein Topthema f\u00fcr die Schweiz und ihre Industrie - MQ Management und Qualit\u00e4t<\/title>\n<meta name=\"description\" content=\"Unter dem Titel \u00abIm Fadenkreuz \u2013 Sicherheit und Resilienz f\u00fcr Industrie und Gesellschaft\u00bb fand am 23. 6. 22 der 15. Swissmem-Industrietag statt.\" \/>\n<meta name=\"robots\" content=\"index, follow, max-snippet:-1, max-image-preview:large, max-video-preview:-1\" \/>\n<link rel=\"canonical\" href=\"https:\/\/www.m-q.ch\/de\/sicherheit-ein-topthema-fuer-die-schweiz-und-ihre-industrie\/\" \/>\n<meta property=\"og:locale\" content=\"de_DE\" \/>\n<meta property=\"og:type\" content=\"article\" \/>\n<meta property=\"og:title\" content=\"Sicherheit \u2013 ein Topthema f\u00fcr die Schweiz und ihre Industrie\" \/>\n<meta property=\"og:description\" content=\"Unter dem Titel \u00abIm Fadenkreuz \u2013 Sicherheit und Resilienz f\u00fcr Industrie und Gesellschaft\u00bb fand am 23. 6. 22 der 15. Swissmem-Industrietag statt.\" \/>\n<meta property=\"og:url\" content=\"https:\/\/www.m-q.ch\/de\/sicherheit-ein-topthema-fuer-die-schweiz-und-ihre-industrie\/\" \/>\n<meta property=\"og:site_name\" content=\"MQ Management und Qualit\u00e4t\" \/>\n<meta property=\"article:publisher\" content=\"https:\/\/www.facebook.com\/ManagementUndQualitaet\" \/>\n<meta property=\"article:published_time\" content=\"2022-06-23T14:46:26+00:00\" \/>\n<meta property=\"og:image\" content=\"https:\/\/www.m-q.ch\/wp-content\/uploads\/2022\/06\/Sicherheit-ein-Topthema-fuer-die-Schweiz-und-ihre-Industrie_MQ.jpg\" \/>\n\t<meta property=\"og:image:width\" content=\"680\" \/>\n\t<meta property=\"og:image:height\" content=\"453\" \/>\n\t<meta property=\"og:image:type\" content=\"image\/jpeg\" \/>\n<meta name=\"author\" content=\"Thomas Berner\" \/>\n<meta name=\"twitter:card\" content=\"summary_large_image\" \/>\n<meta name=\"twitter:title\" content=\"#Sicherheit \u2013 ein #Topthema f\u00fcr die Schweiz und ihre #Industrie\" \/>\n<meta name=\"twitter:description\" content=\"Unter dem Titel \u00abIm #Fadenkreuz \u2013 Sicherheit und #Resilienz f\u00fcr Industrie und Gesellschaft\u00bb fand am 23. 6. 22 der 15. #Swissmem-Industrietag statt.\" \/>\n<meta name=\"twitter:image\" content=\"https:\/\/www.m-q.ch\/wp-content\/uploads\/2022\/06\/Sicherheit-ein-Topthema-fuer-die-Schweiz-und-ihre-Industrie_MQ.jpg\" \/>\n<meta name=\"twitter:label1\" content=\"Verfasst von\" \/>\n\t<meta name=\"twitter:data1\" content=\"Thomas Berner\" \/>\n\t<meta name=\"twitter:label2\" content=\"Gesch\u00e4tzte Lesezeit\" \/>\n\t<meta name=\"twitter:data2\" content=\"3\u00a0Minuten\" \/>\n<script type=\"application\/ld+json\" class=\"yoast-schema-graph\">{\"@context\":\"https:\/\/schema.org\",\"@graph\":[{\"@type\":\"Article\",\"@id\":\"https:\/\/www.m-q.ch\/sicherheit-ein-topthema-fuer-die-schweiz-und-ihre-industrie\/#article\",\"isPartOf\":{\"@id\":\"https:\/\/www.m-q.ch\/sicherheit-ein-topthema-fuer-die-schweiz-und-ihre-industrie\/\"},\"author\":{\"name\":\"Thomas Berner\",\"@id\":\"https:\/\/www.m-q.ch\/fr\/#\/schema\/person\/a8711938b1cfb3f056dec70eaa0b42ab\"},\"headline\":\"Sicherheit \u2013 ein Topthema f\u00fcr die Schweiz und ihre Industrie\",\"datePublished\":\"2022-06-23T14:46:26+00:00\",\"mainEntityOfPage\":{\"@id\":\"https:\/\/www.m-q.ch\/sicherheit-ein-topthema-fuer-die-schweiz-und-ihre-industrie\/\"},\"wordCount\":528,\"publisher\":{\"@id\":\"https:\/\/www.m-q.ch\/fr\/#organization\"},\"image\":{\"@id\":\"https:\/\/www.m-q.ch\/sicherheit-ein-topthema-fuer-die-schweiz-und-ihre-industrie\/#primaryimage\"},\"thumbnailUrl\":\"https:\/\/www.m-q.ch\/wp-content\/uploads\/2022\/06\/Sicherheit-ein-Topthema-fuer-die-Schweiz-und-ihre-Industrie_MQ.jpg\",\"keywords\":[\"Cybersicherheit\",\"Fachkongress\/Fachmesse\",\"Sicherheitspolitik\",\"Vereine\/Verb\u00e4nde\/Institutionen\"],\"articleSection\":[\"Risikomanagement\"],\"inLanguage\":\"de\"},{\"@type\":\"WebPage\",\"@id\":\"https:\/\/www.m-q.ch\/sicherheit-ein-topthema-fuer-die-schweiz-und-ihre-industrie\/\",\"url\":\"https:\/\/www.m-q.ch\/sicherheit-ein-topthema-fuer-die-schweiz-und-ihre-industrie\/\",\"name\":\"Sicherheit \u2013 ein Topthema f\u00fcr die Schweiz und ihre Industrie - MQ Management und Qualit\u00e4t\",\"isPartOf\":{\"@id\":\"https:\/\/www.m-q.ch\/fr\/#website\"},\"primaryImageOfPage\":{\"@id\":\"https:\/\/www.m-q.ch\/sicherheit-ein-topthema-fuer-die-schweiz-und-ihre-industrie\/#primaryimage\"},\"image\":{\"@id\":\"https:\/\/www.m-q.ch\/sicherheit-ein-topthema-fuer-die-schweiz-und-ihre-industrie\/#primaryimage\"},\"thumbnailUrl\":\"https:\/\/www.m-q.ch\/wp-content\/uploads\/2022\/06\/Sicherheit-ein-Topthema-fuer-die-Schweiz-und-ihre-Industrie_MQ.jpg\",\"datePublished\":\"2022-06-23T14:46:26+00:00\",\"description\":\"Unter dem Titel \u00abIm Fadenkreuz \u2013 Sicherheit und Resilienz f\u00fcr Industrie und Gesellschaft\u00bb fand am 23. 6. 22 der 15. Swissmem-Industrietag statt.\",\"breadcrumb\":{\"@id\":\"https:\/\/www.m-q.ch\/sicherheit-ein-topthema-fuer-die-schweiz-und-ihre-industrie\/#breadcrumb\"},\"inLanguage\":\"de\",\"potentialAction\":[{\"@type\":\"ReadAction\",\"target\":[\"https:\/\/www.m-q.ch\/sicherheit-ein-topthema-fuer-die-schweiz-und-ihre-industrie\/\"]}]},{\"@type\":\"ImageObject\",\"inLanguage\":\"de\",\"@id\":\"https:\/\/www.m-q.ch\/sicherheit-ein-topthema-fuer-die-schweiz-und-ihre-industrie\/#primaryimage\",\"url\":\"https:\/\/www.m-q.ch\/wp-content\/uploads\/2022\/06\/Sicherheit-ein-Topthema-fuer-die-Schweiz-und-ihre-Industrie_MQ.jpg\",\"contentUrl\":\"https:\/\/www.m-q.ch\/wp-content\/uploads\/2022\/06\/Sicherheit-ein-Topthema-fuer-die-Schweiz-und-ihre-Industrie_MQ.jpg\",\"width\":680,\"height\":453,\"caption\":\"Die Schweizer Industrieunternehmen stehen immer wieder im Fadenkreuz von Cyberkriminellen. (Bild: Pixabay.com)\"},{\"@type\":\"BreadcrumbList\",\"@id\":\"https:\/\/www.m-q.ch\/sicherheit-ein-topthema-fuer-die-schweiz-und-ihre-industrie\/#breadcrumb\",\"itemListElement\":[{\"@type\":\"ListItem\",\"position\":1,\"name\":\"Risikomanagement\",\"item\":\"https:\/\/www.m-q.ch\/kategorie\/risikomanagement\/\"},{\"@type\":\"ListItem\",\"position\":2,\"name\":\"Sicherheit \u2013 ein Topthema f\u00fcr die Schweiz und ihre Industrie\"}]},{\"@type\":\"WebSite\",\"@id\":\"https:\/\/www.m-q.ch\/fr\/#website\",\"url\":\"https:\/\/www.m-q.ch\/fr\/\",\"name\":\"MQ Management und Qualit\u00e4t\",\"description\":\"Plattform f\u00fcr integrierte Managementsysteme.\",\"publisher\":{\"@id\":\"https:\/\/www.m-q.ch\/fr\/#organization\"},\"potentialAction\":[{\"@type\":\"SearchAction\",\"target\":{\"@type\":\"EntryPoint\",\"urlTemplate\":\"https:\/\/www.m-q.ch\/fr\/?s={search_term_string}\"},\"query-input\":{\"@type\":\"PropertyValueSpecification\",\"valueRequired\":true,\"valueName\":\"search_term_string\"}}],\"inLanguage\":\"de\"},{\"@type\":\"Organization\",\"@id\":\"https:\/\/www.m-q.ch\/fr\/#organization\",\"name\":\"Galledia Fachmedien AG\",\"url\":\"https:\/\/www.m-q.ch\/fr\/\",\"logo\":{\"@type\":\"ImageObject\",\"inLanguage\":\"de\",\"@id\":\"https:\/\/www.m-q.ch\/fr\/#\/schema\/logo\/image\/\",\"url\":\"https:\/\/www.m-q.ch\/wp-content\/uploads\/2020\/12\/cropped-logo_small.png\",\"contentUrl\":\"https:\/\/www.m-q.ch\/wp-content\/uploads\/2020\/12\/cropped-logo_small.png\",\"width\":512,\"height\":512,\"caption\":\"Galledia Fachmedien AG\"},\"image\":{\"@id\":\"https:\/\/www.m-q.ch\/fr\/#\/schema\/logo\/image\/\"},\"sameAs\":[\"https:\/\/www.facebook.com\/ManagementUndQualitaet\",\"https:\/\/www.linkedin.com\/showcase\/17982321\/admin\/\"]},{\"@type\":\"Person\",\"@id\":\"https:\/\/www.m-q.ch\/fr\/#\/schema\/person\/a8711938b1cfb3f056dec70eaa0b42ab\",\"name\":\"Thomas Berner\",\"image\":{\"@type\":\"ImageObject\",\"inLanguage\":\"de\",\"@id\":\"https:\/\/www.m-q.ch\/fr\/#\/schema\/person\/image\/\",\"url\":\"https:\/\/secure.gravatar.com\/avatar\/faea7857408f70478f976d576da10f96?s=96&d=mm&r=g\",\"contentUrl\":\"https:\/\/secure.gravatar.com\/avatar\/faea7857408f70478f976d576da10f96?s=96&d=mm&r=g\",\"caption\":\"Thomas Berner\"},\"url\":\"https:\/\/www.m-q.ch\/de\/author\/thomas-berner\/\"}]}<\/script>\n<!-- \/ Yoast SEO plugin. -->","yoast_head_json":{"title":"Sicherheit \u2013 ein Topthema f\u00fcr die Schweiz und ihre Industrie - MQ Management und Qualit\u00e4t","description":"Unter dem Titel \u00abIm Fadenkreuz \u2013 Sicherheit und Resilienz f\u00fcr Industrie und Gesellschaft\u00bb fand am 23. 6. 22 der 15. Swissmem-Industrietag statt.","robots":{"index":"index","follow":"follow","max-snippet":"max-snippet:-1","max-image-preview":"max-image-preview:large","max-video-preview":"max-video-preview:-1"},"canonical":"https:\/\/www.m-q.ch\/de\/sicherheit-ein-topthema-fuer-die-schweiz-und-ihre-industrie\/","og_locale":"de_DE","og_type":"article","og_title":"Sicherheit \u2013 ein Topthema f\u00fcr die Schweiz und ihre Industrie","og_description":"Unter dem Titel \u00abIm Fadenkreuz \u2013 Sicherheit und Resilienz f\u00fcr Industrie und Gesellschaft\u00bb fand am 23. 6. 22 der 15. Swissmem-Industrietag statt.","og_url":"https:\/\/www.m-q.ch\/de\/sicherheit-ein-topthema-fuer-die-schweiz-und-ihre-industrie\/","og_site_name":"MQ Management und Qualit\u00e4t","article_publisher":"https:\/\/www.facebook.com\/ManagementUndQualitaet","article_published_time":"2022-06-23T14:46:26+00:00","og_image":[{"width":680,"height":453,"url":"https:\/\/www.m-q.ch\/wp-content\/uploads\/2022\/06\/Sicherheit-ein-Topthema-fuer-die-Schweiz-und-ihre-Industrie_MQ.jpg","type":"image\/jpeg"}],"author":"Thomas Berner","twitter_card":"summary_large_image","twitter_title":"#Sicherheit \u2013 ein #Topthema f\u00fcr die Schweiz und ihre #Industrie","twitter_description":"Unter dem Titel \u00abIm #Fadenkreuz \u2013 Sicherheit und #Resilienz f\u00fcr Industrie und Gesellschaft\u00bb fand am 23. 6. 22 der 15. #Swissmem-Industrietag statt.","twitter_image":"https:\/\/www.m-q.ch\/wp-content\/uploads\/2022\/06\/Sicherheit-ein-Topthema-fuer-die-Schweiz-und-ihre-Industrie_MQ.jpg","twitter_misc":{"Verfasst von":"Thomas Berner","Gesch\u00e4tzte Lesezeit":"3\u00a0Minuten"},"schema":{"@context":"https:\/\/schema.org","@graph":[{"@type":"Article","@id":"https:\/\/www.m-q.ch\/sicherheit-ein-topthema-fuer-die-schweiz-und-ihre-industrie\/#article","isPartOf":{"@id":"https:\/\/www.m-q.ch\/sicherheit-ein-topthema-fuer-die-schweiz-und-ihre-industrie\/"},"author":{"name":"Thomas Berner","@id":"https:\/\/www.m-q.ch\/fr\/#\/schema\/person\/a8711938b1cfb3f056dec70eaa0b42ab"},"headline":"Sicherheit \u2013 ein Topthema f\u00fcr die Schweiz und ihre Industrie","datePublished":"2022-06-23T14:46:26+00:00","mainEntityOfPage":{"@id":"https:\/\/www.m-q.ch\/sicherheit-ein-topthema-fuer-die-schweiz-und-ihre-industrie\/"},"wordCount":528,"publisher":{"@id":"https:\/\/www.m-q.ch\/fr\/#organization"},"image":{"@id":"https:\/\/www.m-q.ch\/sicherheit-ein-topthema-fuer-die-schweiz-und-ihre-industrie\/#primaryimage"},"thumbnailUrl":"https:\/\/www.m-q.ch\/wp-content\/uploads\/2022\/06\/Sicherheit-ein-Topthema-fuer-die-Schweiz-und-ihre-Industrie_MQ.jpg","keywords":["Cybersicherheit","Fachkongress\/Fachmesse","Sicherheitspolitik","Vereine\/Verb\u00e4nde\/Institutionen"],"articleSection":["Risikomanagement"],"inLanguage":"de"},{"@type":"WebPage","@id":"https:\/\/www.m-q.ch\/sicherheit-ein-topthema-fuer-die-schweiz-und-ihre-industrie\/","url":"https:\/\/www.m-q.ch\/sicherheit-ein-topthema-fuer-die-schweiz-und-ihre-industrie\/","name":"Sicherheit \u2013 ein Topthema f\u00fcr die Schweiz und ihre Industrie - MQ Management und Qualit\u00e4t","isPartOf":{"@id":"https:\/\/www.m-q.ch\/fr\/#website"},"primaryImageOfPage":{"@id":"https:\/\/www.m-q.ch\/sicherheit-ein-topthema-fuer-die-schweiz-und-ihre-industrie\/#primaryimage"},"image":{"@id":"https:\/\/www.m-q.ch\/sicherheit-ein-topthema-fuer-die-schweiz-und-ihre-industrie\/#primaryimage"},"thumbnailUrl":"https:\/\/www.m-q.ch\/wp-content\/uploads\/2022\/06\/Sicherheit-ein-Topthema-fuer-die-Schweiz-und-ihre-Industrie_MQ.jpg","datePublished":"2022-06-23T14:46:26+00:00","description":"Unter dem Titel \u00abIm Fadenkreuz \u2013 Sicherheit und Resilienz f\u00fcr Industrie und Gesellschaft\u00bb fand am 23. 6. 22 der 15. Swissmem-Industrietag statt.","breadcrumb":{"@id":"https:\/\/www.m-q.ch\/sicherheit-ein-topthema-fuer-die-schweiz-und-ihre-industrie\/#breadcrumb"},"inLanguage":"de","potentialAction":[{"@type":"ReadAction","target":["https:\/\/www.m-q.ch\/sicherheit-ein-topthema-fuer-die-schweiz-und-ihre-industrie\/"]}]},{"@type":"ImageObject","inLanguage":"de","@id":"https:\/\/www.m-q.ch\/sicherheit-ein-topthema-fuer-die-schweiz-und-ihre-industrie\/#primaryimage","url":"https:\/\/www.m-q.ch\/wp-content\/uploads\/2022\/06\/Sicherheit-ein-Topthema-fuer-die-Schweiz-und-ihre-Industrie_MQ.jpg","contentUrl":"https:\/\/www.m-q.ch\/wp-content\/uploads\/2022\/06\/Sicherheit-ein-Topthema-fuer-die-Schweiz-und-ihre-Industrie_MQ.jpg","width":680,"height":453,"caption":"Die Schweizer Industrieunternehmen stehen immer wieder im Fadenkreuz von Cyberkriminellen. (Bild: Pixabay.com)"},{"@type":"BreadcrumbList","@id":"https:\/\/www.m-q.ch\/sicherheit-ein-topthema-fuer-die-schweiz-und-ihre-industrie\/#breadcrumb","itemListElement":[{"@type":"ListItem","position":1,"name":"Risikomanagement","item":"https:\/\/www.m-q.ch\/kategorie\/risikomanagement\/"},{"@type":"ListItem","position":2,"name":"Sicherheit \u2013 ein Topthema f\u00fcr die Schweiz und ihre Industrie"}]},{"@type":"WebSite","@id":"https:\/\/www.m-q.ch\/fr\/#website","url":"https:\/\/www.m-q.ch\/fr\/","name":"MQ Management und Qualit\u00e4t","description":"Plattform f\u00fcr integrierte Managementsysteme.","publisher":{"@id":"https:\/\/www.m-q.ch\/fr\/#organization"},"potentialAction":[{"@type":"SearchAction","target":{"@type":"EntryPoint","urlTemplate":"https:\/\/www.m-q.ch\/fr\/?s={search_term_string}"},"query-input":{"@type":"PropertyValueSpecification","valueRequired":true,"valueName":"search_term_string"}}],"inLanguage":"de"},{"@type":"Organization","@id":"https:\/\/www.m-q.ch\/fr\/#organization","name":"Galledia Fachmedien AG","url":"https:\/\/www.m-q.ch\/fr\/","logo":{"@type":"ImageObject","inLanguage":"de","@id":"https:\/\/www.m-q.ch\/fr\/#\/schema\/logo\/image\/","url":"https:\/\/www.m-q.ch\/wp-content\/uploads\/2020\/12\/cropped-logo_small.png","contentUrl":"https:\/\/www.m-q.ch\/wp-content\/uploads\/2020\/12\/cropped-logo_small.png","width":512,"height":512,"caption":"Galledia Fachmedien AG"},"image":{"@id":"https:\/\/www.m-q.ch\/fr\/#\/schema\/logo\/image\/"},"sameAs":["https:\/\/www.facebook.com\/ManagementUndQualitaet","https:\/\/www.linkedin.com\/showcase\/17982321\/admin\/"]},{"@type":"Person","@id":"https:\/\/www.m-q.ch\/fr\/#\/schema\/person\/a8711938b1cfb3f056dec70eaa0b42ab","name":"Thomas Berner","image":{"@type":"ImageObject","inLanguage":"de","@id":"https:\/\/www.m-q.ch\/fr\/#\/schema\/person\/image\/","url":"https:\/\/secure.gravatar.com\/avatar\/faea7857408f70478f976d576da10f96?s=96&d=mm&r=g","contentUrl":"https:\/\/secure.gravatar.com\/avatar\/faea7857408f70478f976d576da10f96?s=96&d=mm&r=g","caption":"Thomas Berner"},"url":"https:\/\/www.m-q.ch\/de\/author\/thomas-berner\/"}]}},"_links":{"self":[{"href":"https:\/\/www.m-q.ch\/de\/wp-json\/wp\/v2\/posts\/16524","targetHints":{"allow":["GET"]}}],"collection":[{"href":"https:\/\/www.m-q.ch\/de\/wp-json\/wp\/v2\/posts"}],"about":[{"href":"https:\/\/www.m-q.ch\/de\/wp-json\/wp\/v2\/types\/post"}],"author":[{"embeddable":true,"href":"https:\/\/www.m-q.ch\/de\/wp-json\/wp\/v2\/users\/10"}],"replies":[{"embeddable":true,"href":"https:\/\/www.m-q.ch\/de\/wp-json\/wp\/v2\/comments?post=16524"}],"version-history":[{"count":1,"href":"https:\/\/www.m-q.ch\/de\/wp-json\/wp\/v2\/posts\/16524\/revisions"}],"predecessor-version":[{"id":16526,"href":"https:\/\/www.m-q.ch\/de\/wp-json\/wp\/v2\/posts\/16524\/revisions\/16526"}],"wp:featuredmedia":[{"embeddable":true,"href":"https:\/\/www.m-q.ch\/de\/wp-json\/wp\/v2\/media\/16525"}],"wp:attachment":[{"href":"https:\/\/www.m-q.ch\/de\/wp-json\/wp\/v2\/media?parent=16524"}],"wp:term":[{"taxonomy":"category","embeddable":true,"href":"https:\/\/www.m-q.ch\/de\/wp-json\/wp\/v2\/categories?post=16524"},{"taxonomy":"post_tag","embeddable":true,"href":"https:\/\/www.m-q.ch\/de\/wp-json\/wp\/v2\/tags?post=16524"}],"curies":[{"name":"wp","href":"https:\/\/api.w.org\/{rel}","templated":true}]}}