{"id":16871,"date":"2022-09-08T09:02:07","date_gmt":"2022-09-08T07:02:07","guid":{"rendered":"https:\/\/www.m-q.ch\/?p=16871"},"modified":"2022-09-08T09:02:07","modified_gmt":"2022-09-08T07:02:07","slug":"eigene-altersvorsorge-fehlendes-wissen-erschwert-mehr-selbstverantwortung","status":"publish","type":"post","link":"https:\/\/www.m-q.ch\/de\/eigene-altersvorsorge-fehlendes-wissen-erschwert-mehr-selbstverantwortung\/","title":{"rendered":"Eigene Altersvorsorge: Fehlendes Wissen erschwert mehr Selbstverantwortung"},"content":{"rendered":"<figure id=\"attachment_16872\" aria-describedby=\"caption-attachment-16872\" style=\"width: 680px\" class=\"wp-caption alignnone\"><img loading=\"lazy\" decoding=\"async\" class=\"size-full wp-image-16872\" src=\"https:\/\/www.m-q.ch\/wp-content\/uploads\/2022\/09\/Eigene-Altersvorsorge-Fehlendes-Wissen-erschwert-mehr-Selbstverantwortung_MQ.jpg\" alt=\"\" width=\"680\" height=\"453\" srcset=\"https:\/\/www.m-q.ch\/wp-content\/uploads\/2022\/09\/Eigene-Altersvorsorge-Fehlendes-Wissen-erschwert-mehr-Selbstverantwortung_MQ.jpg 680w, https:\/\/www.m-q.ch\/wp-content\/uploads\/2022\/09\/Eigene-Altersvorsorge-Fehlendes-Wissen-erschwert-mehr-Selbstverantwortung_MQ-18x12.jpg 18w, https:\/\/www.m-q.ch\/wp-content\/uploads\/2022\/09\/Eigene-Altersvorsorge-Fehlendes-Wissen-erschwert-mehr-Selbstverantwortung_MQ-263x175.jpg 263w, https:\/\/www.m-q.ch\/wp-content\/uploads\/2022\/09\/Eigene-Altersvorsorge-Fehlendes-Wissen-erschwert-mehr-Selbstverantwortung_MQ-525x350.jpg 525w, https:\/\/www.m-q.ch\/wp-content\/uploads\/2022\/09\/Eigene-Altersvorsorge-Fehlendes-Wissen-erschwert-mehr-Selbstverantwortung_MQ-300x200.jpg 300w\" sizes=\"auto, (max-width: 680px) 100vw, 680px\" \/><figcaption id=\"caption-attachment-16872\" class=\"wp-caption-text\">Eine Mehrheit der Schweizer Bev\u00f6lkerung glaubt nicht, im Alter gen\u00fcgend Geld aus der AHV und der 2. S\u00e4ule zu erhalten. Alternativen f\u00fcr die Altersvorsorge stossen auf Interesse. Oft fehlt aber das dazu notwendige Wissen. (Bild: Pixabay.com)<\/figcaption><\/figure>\n<p>Demographischer Wandel und ungen\u00fcgend hohe Renditen, um die 2. S\u00e4ule nachhaltig zu finanzieren: Die Arbeitnehmenden in der Schweiz sind sich den Herausforderungen in der Altersvorsorge bewusst. Nur gerade vier Prozent der Befragten, die an der repr\u00e4sentativen HSLU-Studie teilgenommen haben, stehen Massnahmen zur Behebung der Finanzierungsprobleme von AHV und 2. S\u00e4ule ablehnend gegen\u00fcber. \u00abEntsprechend ist die Skepsis der Befragten bez\u00fcglich der Rentenleistungen hoch\u00bb, sagt Yvonne Seiler Zimmermann, Studienleiterin und Dozentin an der Hochschule Luzern. Rund drei von f\u00fcnf Befragten glauben gem\u00e4ss der HSLU-Studie nicht, dass sie gen\u00fcgend Geld aus der AHV und der 2. S\u00e4ule erhalten werden, um im Alter den gewohnten Lebensstandard aufrecht zu erhalten. Interessant: Frauen vertrauen dem Vorsorgesystem noch weniger als M\u00e4nner. Nicht \u00fcberraschend haben j\u00fcngere Personen weniger Hoffnung, aus der AHV und 2. S\u00e4ule gen\u00fcgend Geld zu erhalten als \u00e4ltere Menschen.<\/p>\n<h3>Menschen wollen Selbstverantwortung bei der eigenen Altersvorsorge wahrnehmen<\/h3>\n<p>Einer der Megatrends der Zukunftsforschung ist die Individualisierung in allen Lebensbereichen. \u00abDieser Trend f\u00fchrt insbesondere dazu, dass die Menschen selbstbestimmter leben und vermehrt ihre Arbeitst\u00e4tigkeit flexibel und ihren Bed\u00fcrfnissen entsprechend gestalten wollen\u00bb, so Seiler Zimmermann. Neben flexiblen Arbeitszeiten und -orten w\u00fcnschen viele Arbeitnehmenden auch vermehrt Auszeiten w\u00e4hrend der Erwerbst\u00e4tigkeit f\u00fcr Weiterbildungen, Sabbaticals, Elternzeit oder f\u00fcr die Pflege von Angeh\u00f6rigen. Immer mehr Menschen \u00e4ussern zudem den Wunsch, sich fr\u00fcher als gesetzlich geregelt pensionieren zu lassen. Die Studienleiterin ist sich sicher: \u00abDer Megatrend der Individualisierung sorgt daf\u00fcr, dass die Menschen auch in der Vorsorge mehr Selbstverantwortung \u00fcbernehmen m\u00fcssen.\u00bb. Dazu geh\u00f6re insbesondere, dass die Anlagestrategie des eigenen Vorsorgekapitals selbstbestimmt festgelegt werden kann und f\u00fcr Auszeiten selbst vorgesorgt wird. \u00abEin Unterbruch der Erwerbst\u00e4tigkeit kann sonst eine sp\u00e4tere Rentenk\u00fcrzung zur Folge haben\u00bb, erl\u00e4utert Seiler Zimmermann.<\/p>\n<figure id=\"attachment_16873\" aria-describedby=\"caption-attachment-16873\" style=\"width: 680px\" class=\"wp-caption alignnone\"><img loading=\"lazy\" decoding=\"async\" class=\"size-full wp-image-16873\" src=\"https:\/\/www.m-q.ch\/wp-content\/uploads\/2022\/09\/Eigene-Altersvorsorge-Fehlendes-Wissen-erschwert-mehr-Selbstverantwortung-2_MQ.jpg\" alt=\"\" width=\"680\" height=\"430\" srcset=\"https:\/\/www.m-q.ch\/wp-content\/uploads\/2022\/09\/Eigene-Altersvorsorge-Fehlendes-Wissen-erschwert-mehr-Selbstverantwortung-2_MQ.jpg 680w, https:\/\/www.m-q.ch\/wp-content\/uploads\/2022\/09\/Eigene-Altersvorsorge-Fehlendes-Wissen-erschwert-mehr-Selbstverantwortung-2_MQ-18x12.jpg 18w, https:\/\/www.m-q.ch\/wp-content\/uploads\/2022\/09\/Eigene-Altersvorsorge-Fehlendes-Wissen-erschwert-mehr-Selbstverantwortung-2_MQ-277x175.jpg 277w, https:\/\/www.m-q.ch\/wp-content\/uploads\/2022\/09\/Eigene-Altersvorsorge-Fehlendes-Wissen-erschwert-mehr-Selbstverantwortung-2_MQ-553x350.jpg 553w, https:\/\/www.m-q.ch\/wp-content\/uploads\/2022\/09\/Eigene-Altersvorsorge-Fehlendes-Wissen-erschwert-mehr-Selbstverantwortung-2_MQ-300x190.jpg 300w\" sizes=\"auto, (max-width: 680px) 100vw, 680px\" \/><figcaption id=\"caption-attachment-16873\" class=\"wp-caption-text\">(Quelle: Hochschule Luzern)<\/figcaption><\/figure>\n<h3>Individuelle Vorsorgel\u00f6sungen stossen auf Interesse<\/h3>\n<p>Die Umfrage zeigt, dass mit 62 Prozent die \u00fcberwiegende Mehrheit der Befragten der Idee, die Anlagestrategie selbst zu bestimmen, positiv gegen\u00fcbersteht. Allerdings w\u00fcnschen sich 30 Prozent eine gute Beratung bei der Festlegung der Anlagestrategie und weitere 24 Prozent m\u00f6chten aus einer vorgegebenen Auswahl von Alternativen w\u00e4hlen k\u00f6nnen.<\/p>\n<p>Die klare Mehrheit der Befragten w\u00fcrde es begr\u00fcssen, eine berufliche Auszeit mit einem speziellen, zus\u00e4tzlichen Vorsorgekonto finanzieren zu k\u00f6nnen. 82 Prozent von ihnen f\u00e4nden das gut. \u00abDie meisten Menschen w\u00e4ren also bereit, bei der Altersvorsorge mehr Eigenverantwortung zu \u00fcbernehmen\u00bb, so Seiler Zimmermann. \u00abIndividuelle Vorsorgel\u00f6sungen stossen auf Interesse.\u00bb. Am h\u00e4ufigsten w\u00fcrden die Befragten dieses Zusatzkonto f\u00fcr die Finanzierung einer Fr\u00fchpensionierung verwenden wollen, gefolgt von Sabbaticals. Viele der Befragten w\u00e4ren auch damit zufrieden, ein solches Konto zu haben, ohne genau zu wissen, wof\u00fcr sie das Geld sp\u00e4ter verwenden werden.<\/p>\n<h3>Unkenntnis \u00fcber eigene Wissensl\u00fccken<\/h3>\n<p>Um sich selbst um die finanzielle Vorsorge k\u00fcmmern zu k\u00f6nnen, ist ein minimaler Kenntnisstand bez\u00fcglich Finanzen und Altersvorsorge erforderlich. Die Umfrageergebnisse zeigen: Die Kenntnisse \u00fcber das Vorsorgesystem und die eigene Vorsorgeeinrichtung fallen bei den Befragten eher bescheiden aus. \u00abDas Hauptproblem ist dabei nicht das fehlende Wissen an und f\u00fcr sich, sondern die Unkenntnis der eigenen Wissensl\u00fccken\u00bb, pr\u00e4zisiert Yvonne Seiler Zimmermann. \u00abIst sich jemand bewusst, dass er oder sie etwas nicht weiss, kann sich diese Person beraten lassen oder sich selbst informieren\u00bb, so die HSLU-Expertin weiter. Dieses Bewusstsein \u00fcber das eigene Unwissen fehle allerdings vielen Personen.<\/p>\n<p>Diese Wissensl\u00fccke zeigt sich insbesondere auch bei den Regelungen zur freiwilligen Altersvorsorge. \u00abBeispielsweise darf eine Person, die sich f\u00fcr einen Erwerbsunterbruch entschieden hat, nicht mehr in die S\u00e4ule 3a einzahlen\u00bb, erkl\u00e4rt Seiler Zimmermann. Das wissen aber viele nicht. Nur gerade 35 Prozent der Befragten wissen, dass nicht alle Personen in der Schweiz f\u00fcr die S\u00e4ule 3a einzahlungsberechtigt sind. \u00abWer sich f\u00fcr einen Unterbruch seiner Erwerbst\u00e4tigkeit entscheidet, sollte solche Faktoren mitbedenken\u00bb, so die HSLU-Expertin. Das sei nur ein Beispiel von vielen, warum sich das Aneignen von Wissen im Bereich der Altersvorsorge lohne. Mit der vorliegenden Studie m\u00f6chten die Studienautorinnen und Studienautoren auf diese Thematik aufmerksam machen. Seiler Zimmermann: \u00ab\u00d6ffentliche Diskussionen \u00fcber Vorsorgethemen k\u00f6nnen helfen, den Kenntnis- und Wissensstand in der breiten Bev\u00f6lkerung zu verbessern.\u00bb<\/p>\n<p><em>Quelle: <a href=\"http:\/\/www.hslu.ch\">Hochschule Luzern<\/a><\/em><\/p>\n","protected":false},"excerpt":{"rendered":"<p>Demographischer Wandel und ungen\u00fcgend hohe Renditen, um die 2. S\u00e4ule nachhaltig zu finanzieren: Die Arbeitnehmenden in der Schweiz sind sich den Herausforderungen in der Altersvorsorge bewusst. Nur gerade vier Prozent der Befragten, die an der repr\u00e4sentativen HSLU-Studie teilgenommen haben, stehen Massnahmen zur Behebung der Finanzierungsprobleme von AHV und 2. S\u00e4ule ablehnend gegen\u00fcber. \u00abEntsprechend ist die [&hellip;]<\/p>\n","protected":false},"author":10,"featured_media":16872,"comment_status":"closed","ping_status":"closed","sticky":false,"template":"","format":"standard","meta":{"_acf_changed":false,"footnotes":""},"categories":[5],"tags":[5314,3360,3362],"class_list":["post-16871","post","type-post","status-publish","format-standard","has-post-thumbnail","hentry","category-business_excellence","tag-altersvorsorge","tag-management-und-unternehmensfuehrung","tag-studie"],"acf":[],"yoast_head":"<!-- This site is optimized with the Yoast SEO plugin v26.2 - https:\/\/yoast.com\/wordpress\/plugins\/seo\/ -->\n<title>Eigene Altersvorsorge: Fehlendes Wissen erschwert mehr Selbstverantwortung - MQ Management und Qualit\u00e4t<\/title>\n<meta name=\"description\" content=\"Viele glauben nicht, im Alter gen\u00fcgend Geld aus der AHV und der 2. S\u00e4ule zu erhalten. Das Interesse an individueller Altersvorsorge steigt.\" \/>\n<meta name=\"robots\" content=\"index, follow, max-snippet:-1, max-image-preview:large, max-video-preview:-1\" \/>\n<link rel=\"canonical\" href=\"https:\/\/www.m-q.ch\/de\/eigene-altersvorsorge-fehlendes-wissen-erschwert-mehr-selbstverantwortung\/\" \/>\n<meta property=\"og:locale\" content=\"de_DE\" \/>\n<meta property=\"og:type\" content=\"article\" \/>\n<meta property=\"og:title\" content=\"Eigene Altersvorsorge: Fehlendes Wissen erschwert mehr Selbstverantwortung\" \/>\n<meta property=\"og:description\" content=\"Viele glauben nicht, im Alter gen\u00fcgend Geld aus der AHV und der 2. S\u00e4ule zu erhalten. Das Interesse an individueller Altersvorsorge steigt.\" \/>\n<meta property=\"og:url\" content=\"https:\/\/www.m-q.ch\/de\/eigene-altersvorsorge-fehlendes-wissen-erschwert-mehr-selbstverantwortung\/\" \/>\n<meta property=\"og:site_name\" content=\"MQ Management und Qualit\u00e4t\" \/>\n<meta property=\"article:publisher\" content=\"https:\/\/www.facebook.com\/ManagementUndQualitaet\" \/>\n<meta property=\"article:published_time\" content=\"2022-09-08T07:02:07+00:00\" \/>\n<meta property=\"og:image\" content=\"https:\/\/www.m-q.ch\/wp-content\/uploads\/2022\/09\/Eigene-Altersvorsorge-Fehlendes-Wissen-erschwert-mehr-Selbstverantwortung_MQ.jpg\" \/>\n\t<meta property=\"og:image:width\" content=\"680\" \/>\n\t<meta property=\"og:image:height\" content=\"453\" \/>\n\t<meta property=\"og:image:type\" content=\"image\/jpeg\" \/>\n<meta name=\"author\" content=\"Thomas Berner\" \/>\n<meta name=\"twitter:card\" content=\"summary_large_image\" \/>\n<meta name=\"twitter:title\" content=\"Eigene #Altersvorsorge: Fehlendes Wissen erschwert mehr #Selbstverantwortung\" \/>\n<meta name=\"twitter:description\" content=\"Viele glauben nicht, im Alter gen\u00fcgend Geld aus der #AHV und der 2. S\u00e4ule zu erhalten. Das Interesse an individueller #Altersvorsorge steigt.\" \/>\n<meta name=\"twitter:image\" content=\"https:\/\/www.m-q.ch\/wp-content\/uploads\/2022\/09\/Eigene-Altersvorsorge-Fehlendes-Wissen-erschwert-mehr-Selbstverantwortung_MQ.jpg\" \/>\n<meta name=\"twitter:label1\" content=\"Verfasst von\" \/>\n\t<meta name=\"twitter:data1\" content=\"Thomas Berner\" \/>\n\t<meta name=\"twitter:label2\" content=\"Gesch\u00e4tzte Lesezeit\" \/>\n\t<meta name=\"twitter:data2\" content=\"4\u00a0Minuten\" \/>\n<script type=\"application\/ld+json\" class=\"yoast-schema-graph\">{\"@context\":\"https:\/\/schema.org\",\"@graph\":[{\"@type\":\"Article\",\"@id\":\"https:\/\/www.m-q.ch\/eigene-altersvorsorge-fehlendes-wissen-erschwert-mehr-selbstverantwortung\/#article\",\"isPartOf\":{\"@id\":\"https:\/\/www.m-q.ch\/eigene-altersvorsorge-fehlendes-wissen-erschwert-mehr-selbstverantwortung\/\"},\"author\":{\"name\":\"Thomas Berner\",\"@id\":\"https:\/\/www.m-q.ch\/fr\/#\/schema\/person\/a8711938b1cfb3f056dec70eaa0b42ab\"},\"headline\":\"Eigene Altersvorsorge: Fehlendes Wissen erschwert mehr Selbstverantwortung\",\"datePublished\":\"2022-09-08T07:02:07+00:00\",\"mainEntityOfPage\":{\"@id\":\"https:\/\/www.m-q.ch\/eigene-altersvorsorge-fehlendes-wissen-erschwert-mehr-selbstverantwortung\/\"},\"wordCount\":761,\"publisher\":{\"@id\":\"https:\/\/www.m-q.ch\/fr\/#organization\"},\"image\":{\"@id\":\"https:\/\/www.m-q.ch\/eigene-altersvorsorge-fehlendes-wissen-erschwert-mehr-selbstverantwortung\/#primaryimage\"},\"thumbnailUrl\":\"https:\/\/www.m-q.ch\/wp-content\/uploads\/2022\/09\/Eigene-Altersvorsorge-Fehlendes-Wissen-erschwert-mehr-Selbstverantwortung_MQ.jpg\",\"keywords\":[\"Altersvorsorge\",\"Management und Unternehmensf\u00fchrung\",\"Studie\"],\"articleSection\":[\"Business Excellence\"],\"inLanguage\":\"de\"},{\"@type\":\"WebPage\",\"@id\":\"https:\/\/www.m-q.ch\/eigene-altersvorsorge-fehlendes-wissen-erschwert-mehr-selbstverantwortung\/\",\"url\":\"https:\/\/www.m-q.ch\/eigene-altersvorsorge-fehlendes-wissen-erschwert-mehr-selbstverantwortung\/\",\"name\":\"Eigene Altersvorsorge: Fehlendes Wissen erschwert mehr Selbstverantwortung - MQ Management und Qualit\u00e4t\",\"isPartOf\":{\"@id\":\"https:\/\/www.m-q.ch\/fr\/#website\"},\"primaryImageOfPage\":{\"@id\":\"https:\/\/www.m-q.ch\/eigene-altersvorsorge-fehlendes-wissen-erschwert-mehr-selbstverantwortung\/#primaryimage\"},\"image\":{\"@id\":\"https:\/\/www.m-q.ch\/eigene-altersvorsorge-fehlendes-wissen-erschwert-mehr-selbstverantwortung\/#primaryimage\"},\"thumbnailUrl\":\"https:\/\/www.m-q.ch\/wp-content\/uploads\/2022\/09\/Eigene-Altersvorsorge-Fehlendes-Wissen-erschwert-mehr-Selbstverantwortung_MQ.jpg\",\"datePublished\":\"2022-09-08T07:02:07+00:00\",\"description\":\"Viele glauben nicht, im Alter gen\u00fcgend Geld aus der AHV und der 2. S\u00e4ule zu erhalten. Das Interesse an individueller Altersvorsorge steigt.\",\"breadcrumb\":{\"@id\":\"https:\/\/www.m-q.ch\/eigene-altersvorsorge-fehlendes-wissen-erschwert-mehr-selbstverantwortung\/#breadcrumb\"},\"inLanguage\":\"de\",\"potentialAction\":[{\"@type\":\"ReadAction\",\"target\":[\"https:\/\/www.m-q.ch\/eigene-altersvorsorge-fehlendes-wissen-erschwert-mehr-selbstverantwortung\/\"]}]},{\"@type\":\"ImageObject\",\"inLanguage\":\"de\",\"@id\":\"https:\/\/www.m-q.ch\/eigene-altersvorsorge-fehlendes-wissen-erschwert-mehr-selbstverantwortung\/#primaryimage\",\"url\":\"https:\/\/www.m-q.ch\/wp-content\/uploads\/2022\/09\/Eigene-Altersvorsorge-Fehlendes-Wissen-erschwert-mehr-Selbstverantwortung_MQ.jpg\",\"contentUrl\":\"https:\/\/www.m-q.ch\/wp-content\/uploads\/2022\/09\/Eigene-Altersvorsorge-Fehlendes-Wissen-erschwert-mehr-Selbstverantwortung_MQ.jpg\",\"width\":680,\"height\":453,\"caption\":\"Eine Mehrheit der Schweizer Bev\u00f6lkerung glaubt nicht, im Alter gen\u00fcgend Geld aus der AHV und der 2. S\u00e4ule zu erhalten. Alternativen f\u00fcr die Altersvorsorge stossen auf Interesse. Oft fehlt aber das dazu notwendige Wissen. (Bild: Pixabay.com)\"},{\"@type\":\"BreadcrumbList\",\"@id\":\"https:\/\/www.m-q.ch\/eigene-altersvorsorge-fehlendes-wissen-erschwert-mehr-selbstverantwortung\/#breadcrumb\",\"itemListElement\":[{\"@type\":\"ListItem\",\"position\":1,\"name\":\"Business Excellence\",\"item\":\"https:\/\/www.m-q.ch\/kategorie\/business_excellence\/\"},{\"@type\":\"ListItem\",\"position\":2,\"name\":\"Eigene Altersvorsorge: Fehlendes Wissen erschwert mehr Selbstverantwortung\"}]},{\"@type\":\"WebSite\",\"@id\":\"https:\/\/www.m-q.ch\/fr\/#website\",\"url\":\"https:\/\/www.m-q.ch\/fr\/\",\"name\":\"MQ Management und Qualit\u00e4t\",\"description\":\"Plattform f\u00fcr integrierte Managementsysteme.\",\"publisher\":{\"@id\":\"https:\/\/www.m-q.ch\/fr\/#organization\"},\"potentialAction\":[{\"@type\":\"SearchAction\",\"target\":{\"@type\":\"EntryPoint\",\"urlTemplate\":\"https:\/\/www.m-q.ch\/fr\/?s={search_term_string}\"},\"query-input\":{\"@type\":\"PropertyValueSpecification\",\"valueRequired\":true,\"valueName\":\"search_term_string\"}}],\"inLanguage\":\"de\"},{\"@type\":\"Organization\",\"@id\":\"https:\/\/www.m-q.ch\/fr\/#organization\",\"name\":\"Galledia Fachmedien AG\",\"url\":\"https:\/\/www.m-q.ch\/fr\/\",\"logo\":{\"@type\":\"ImageObject\",\"inLanguage\":\"de\",\"@id\":\"https:\/\/www.m-q.ch\/fr\/#\/schema\/logo\/image\/\",\"url\":\"https:\/\/www.m-q.ch\/wp-content\/uploads\/2020\/12\/cropped-logo_small.png\",\"contentUrl\":\"https:\/\/www.m-q.ch\/wp-content\/uploads\/2020\/12\/cropped-logo_small.png\",\"width\":512,\"height\":512,\"caption\":\"Galledia Fachmedien AG\"},\"image\":{\"@id\":\"https:\/\/www.m-q.ch\/fr\/#\/schema\/logo\/image\/\"},\"sameAs\":[\"https:\/\/www.facebook.com\/ManagementUndQualitaet\",\"https:\/\/www.linkedin.com\/showcase\/17982321\/admin\/\"]},{\"@type\":\"Person\",\"@id\":\"https:\/\/www.m-q.ch\/fr\/#\/schema\/person\/a8711938b1cfb3f056dec70eaa0b42ab\",\"name\":\"Thomas Berner\",\"image\":{\"@type\":\"ImageObject\",\"inLanguage\":\"de\",\"@id\":\"https:\/\/www.m-q.ch\/fr\/#\/schema\/person\/image\/\",\"url\":\"https:\/\/secure.gravatar.com\/avatar\/faea7857408f70478f976d576da10f96?s=96&d=mm&r=g\",\"contentUrl\":\"https:\/\/secure.gravatar.com\/avatar\/faea7857408f70478f976d576da10f96?s=96&d=mm&r=g\",\"caption\":\"Thomas Berner\"},\"url\":\"https:\/\/www.m-q.ch\/de\/author\/thomas-berner\/\"}]}<\/script>\n<!-- \/ Yoast SEO plugin. -->","yoast_head_json":{"title":"Eigene Altersvorsorge: Fehlendes Wissen erschwert mehr Selbstverantwortung - MQ Management und Qualit\u00e4t","description":"Viele glauben nicht, im Alter gen\u00fcgend Geld aus der AHV und der 2. S\u00e4ule zu erhalten. Das Interesse an individueller Altersvorsorge steigt.","robots":{"index":"index","follow":"follow","max-snippet":"max-snippet:-1","max-image-preview":"max-image-preview:large","max-video-preview":"max-video-preview:-1"},"canonical":"https:\/\/www.m-q.ch\/de\/eigene-altersvorsorge-fehlendes-wissen-erschwert-mehr-selbstverantwortung\/","og_locale":"de_DE","og_type":"article","og_title":"Eigene Altersvorsorge: Fehlendes Wissen erschwert mehr Selbstverantwortung","og_description":"Viele glauben nicht, im Alter gen\u00fcgend Geld aus der AHV und der 2. S\u00e4ule zu erhalten. Das Interesse an individueller Altersvorsorge steigt.","og_url":"https:\/\/www.m-q.ch\/de\/eigene-altersvorsorge-fehlendes-wissen-erschwert-mehr-selbstverantwortung\/","og_site_name":"MQ Management und Qualit\u00e4t","article_publisher":"https:\/\/www.facebook.com\/ManagementUndQualitaet","article_published_time":"2022-09-08T07:02:07+00:00","og_image":[{"width":680,"height":453,"url":"https:\/\/www.m-q.ch\/wp-content\/uploads\/2022\/09\/Eigene-Altersvorsorge-Fehlendes-Wissen-erschwert-mehr-Selbstverantwortung_MQ.jpg","type":"image\/jpeg"}],"author":"Thomas Berner","twitter_card":"summary_large_image","twitter_title":"Eigene #Altersvorsorge: Fehlendes Wissen erschwert mehr #Selbstverantwortung","twitter_description":"Viele glauben nicht, im Alter gen\u00fcgend Geld aus der #AHV und der 2. S\u00e4ule zu erhalten. Das Interesse an individueller #Altersvorsorge steigt.","twitter_image":"https:\/\/www.m-q.ch\/wp-content\/uploads\/2022\/09\/Eigene-Altersvorsorge-Fehlendes-Wissen-erschwert-mehr-Selbstverantwortung_MQ.jpg","twitter_misc":{"Verfasst von":"Thomas Berner","Gesch\u00e4tzte Lesezeit":"4\u00a0Minuten"},"schema":{"@context":"https:\/\/schema.org","@graph":[{"@type":"Article","@id":"https:\/\/www.m-q.ch\/eigene-altersvorsorge-fehlendes-wissen-erschwert-mehr-selbstverantwortung\/#article","isPartOf":{"@id":"https:\/\/www.m-q.ch\/eigene-altersvorsorge-fehlendes-wissen-erschwert-mehr-selbstverantwortung\/"},"author":{"name":"Thomas Berner","@id":"https:\/\/www.m-q.ch\/fr\/#\/schema\/person\/a8711938b1cfb3f056dec70eaa0b42ab"},"headline":"Eigene Altersvorsorge: Fehlendes Wissen erschwert mehr Selbstverantwortung","datePublished":"2022-09-08T07:02:07+00:00","mainEntityOfPage":{"@id":"https:\/\/www.m-q.ch\/eigene-altersvorsorge-fehlendes-wissen-erschwert-mehr-selbstverantwortung\/"},"wordCount":761,"publisher":{"@id":"https:\/\/www.m-q.ch\/fr\/#organization"},"image":{"@id":"https:\/\/www.m-q.ch\/eigene-altersvorsorge-fehlendes-wissen-erschwert-mehr-selbstverantwortung\/#primaryimage"},"thumbnailUrl":"https:\/\/www.m-q.ch\/wp-content\/uploads\/2022\/09\/Eigene-Altersvorsorge-Fehlendes-Wissen-erschwert-mehr-Selbstverantwortung_MQ.jpg","keywords":["Altersvorsorge","Management und Unternehmensf\u00fchrung","Studie"],"articleSection":["Business Excellence"],"inLanguage":"de"},{"@type":"WebPage","@id":"https:\/\/www.m-q.ch\/eigene-altersvorsorge-fehlendes-wissen-erschwert-mehr-selbstverantwortung\/","url":"https:\/\/www.m-q.ch\/eigene-altersvorsorge-fehlendes-wissen-erschwert-mehr-selbstverantwortung\/","name":"Eigene Altersvorsorge: Fehlendes Wissen erschwert mehr Selbstverantwortung - MQ Management und Qualit\u00e4t","isPartOf":{"@id":"https:\/\/www.m-q.ch\/fr\/#website"},"primaryImageOfPage":{"@id":"https:\/\/www.m-q.ch\/eigene-altersvorsorge-fehlendes-wissen-erschwert-mehr-selbstverantwortung\/#primaryimage"},"image":{"@id":"https:\/\/www.m-q.ch\/eigene-altersvorsorge-fehlendes-wissen-erschwert-mehr-selbstverantwortung\/#primaryimage"},"thumbnailUrl":"https:\/\/www.m-q.ch\/wp-content\/uploads\/2022\/09\/Eigene-Altersvorsorge-Fehlendes-Wissen-erschwert-mehr-Selbstverantwortung_MQ.jpg","datePublished":"2022-09-08T07:02:07+00:00","description":"Viele glauben nicht, im Alter gen\u00fcgend Geld aus der AHV und der 2. S\u00e4ule zu erhalten. Das Interesse an individueller Altersvorsorge steigt.","breadcrumb":{"@id":"https:\/\/www.m-q.ch\/eigene-altersvorsorge-fehlendes-wissen-erschwert-mehr-selbstverantwortung\/#breadcrumb"},"inLanguage":"de","potentialAction":[{"@type":"ReadAction","target":["https:\/\/www.m-q.ch\/eigene-altersvorsorge-fehlendes-wissen-erschwert-mehr-selbstverantwortung\/"]}]},{"@type":"ImageObject","inLanguage":"de","@id":"https:\/\/www.m-q.ch\/eigene-altersvorsorge-fehlendes-wissen-erschwert-mehr-selbstverantwortung\/#primaryimage","url":"https:\/\/www.m-q.ch\/wp-content\/uploads\/2022\/09\/Eigene-Altersvorsorge-Fehlendes-Wissen-erschwert-mehr-Selbstverantwortung_MQ.jpg","contentUrl":"https:\/\/www.m-q.ch\/wp-content\/uploads\/2022\/09\/Eigene-Altersvorsorge-Fehlendes-Wissen-erschwert-mehr-Selbstverantwortung_MQ.jpg","width":680,"height":453,"caption":"Eine Mehrheit der Schweizer Bev\u00f6lkerung glaubt nicht, im Alter gen\u00fcgend Geld aus der AHV und der 2. S\u00e4ule zu erhalten. Alternativen f\u00fcr die Altersvorsorge stossen auf Interesse. Oft fehlt aber das dazu notwendige Wissen. (Bild: Pixabay.com)"},{"@type":"BreadcrumbList","@id":"https:\/\/www.m-q.ch\/eigene-altersvorsorge-fehlendes-wissen-erschwert-mehr-selbstverantwortung\/#breadcrumb","itemListElement":[{"@type":"ListItem","position":1,"name":"Business Excellence","item":"https:\/\/www.m-q.ch\/kategorie\/business_excellence\/"},{"@type":"ListItem","position":2,"name":"Eigene Altersvorsorge: Fehlendes Wissen erschwert mehr Selbstverantwortung"}]},{"@type":"WebSite","@id":"https:\/\/www.m-q.ch\/fr\/#website","url":"https:\/\/www.m-q.ch\/fr\/","name":"MQ Management und Qualit\u00e4t","description":"Plattform f\u00fcr integrierte Managementsysteme.","publisher":{"@id":"https:\/\/www.m-q.ch\/fr\/#organization"},"potentialAction":[{"@type":"SearchAction","target":{"@type":"EntryPoint","urlTemplate":"https:\/\/www.m-q.ch\/fr\/?s={search_term_string}"},"query-input":{"@type":"PropertyValueSpecification","valueRequired":true,"valueName":"search_term_string"}}],"inLanguage":"de"},{"@type":"Organization","@id":"https:\/\/www.m-q.ch\/fr\/#organization","name":"Galledia Fachmedien AG","url":"https:\/\/www.m-q.ch\/fr\/","logo":{"@type":"ImageObject","inLanguage":"de","@id":"https:\/\/www.m-q.ch\/fr\/#\/schema\/logo\/image\/","url":"https:\/\/www.m-q.ch\/wp-content\/uploads\/2020\/12\/cropped-logo_small.png","contentUrl":"https:\/\/www.m-q.ch\/wp-content\/uploads\/2020\/12\/cropped-logo_small.png","width":512,"height":512,"caption":"Galledia Fachmedien AG"},"image":{"@id":"https:\/\/www.m-q.ch\/fr\/#\/schema\/logo\/image\/"},"sameAs":["https:\/\/www.facebook.com\/ManagementUndQualitaet","https:\/\/www.linkedin.com\/showcase\/17982321\/admin\/"]},{"@type":"Person","@id":"https:\/\/www.m-q.ch\/fr\/#\/schema\/person\/a8711938b1cfb3f056dec70eaa0b42ab","name":"Thomas Berner","image":{"@type":"ImageObject","inLanguage":"de","@id":"https:\/\/www.m-q.ch\/fr\/#\/schema\/person\/image\/","url":"https:\/\/secure.gravatar.com\/avatar\/faea7857408f70478f976d576da10f96?s=96&d=mm&r=g","contentUrl":"https:\/\/secure.gravatar.com\/avatar\/faea7857408f70478f976d576da10f96?s=96&d=mm&r=g","caption":"Thomas Berner"},"url":"https:\/\/www.m-q.ch\/de\/author\/thomas-berner\/"}]}},"_links":{"self":[{"href":"https:\/\/www.m-q.ch\/de\/wp-json\/wp\/v2\/posts\/16871","targetHints":{"allow":["GET"]}}],"collection":[{"href":"https:\/\/www.m-q.ch\/de\/wp-json\/wp\/v2\/posts"}],"about":[{"href":"https:\/\/www.m-q.ch\/de\/wp-json\/wp\/v2\/types\/post"}],"author":[{"embeddable":true,"href":"https:\/\/www.m-q.ch\/de\/wp-json\/wp\/v2\/users\/10"}],"replies":[{"embeddable":true,"href":"https:\/\/www.m-q.ch\/de\/wp-json\/wp\/v2\/comments?post=16871"}],"version-history":[{"count":1,"href":"https:\/\/www.m-q.ch\/de\/wp-json\/wp\/v2\/posts\/16871\/revisions"}],"predecessor-version":[{"id":16874,"href":"https:\/\/www.m-q.ch\/de\/wp-json\/wp\/v2\/posts\/16871\/revisions\/16874"}],"wp:featuredmedia":[{"embeddable":true,"href":"https:\/\/www.m-q.ch\/de\/wp-json\/wp\/v2\/media\/16872"}],"wp:attachment":[{"href":"https:\/\/www.m-q.ch\/de\/wp-json\/wp\/v2\/media?parent=16871"}],"wp:term":[{"taxonomy":"category","embeddable":true,"href":"https:\/\/www.m-q.ch\/de\/wp-json\/wp\/v2\/categories?post=16871"},{"taxonomy":"post_tag","embeddable":true,"href":"https:\/\/www.m-q.ch\/de\/wp-json\/wp\/v2\/tags?post=16871"}],"curies":[{"name":"wp","href":"https:\/\/api.w.org\/{rel}","templated":true}]}}