{"id":16879,"date":"2022-09-13T03:15:45","date_gmt":"2022-09-13T01:15:45","guid":{"rendered":"https:\/\/www.m-q.ch\/?p=16879"},"modified":"2022-09-30T07:54:00","modified_gmt":"2022-09-30T05:54:00","slug":"diversity-und-inklusion-wettbewerbsvorteil-fuer-firmen","status":"publish","type":"post","link":"https:\/\/www.m-q.ch\/de\/diversity-und-inklusion-wettbewerbsvorteil-fuer-firmen\/","title":{"rendered":"Diversity und Inklusion: Wettbewerbsvorteil f\u00fcr Firmen?"},"content":{"rendered":"<figure id=\"attachment_16880\" aria-describedby=\"caption-attachment-16880\" style=\"width: 680px\" class=\"wp-caption alignnone\"><img loading=\"lazy\" decoding=\"async\" class=\"size-full wp-image-16880\" src=\"https:\/\/www.m-q.ch\/wp-content\/uploads\/2022\/09\/Diversity-und-Inklusion-Wettbewerbsvorteil-fuer-Firmen_MQ.jpg\" alt=\"\" width=\"680\" height=\"453\" srcset=\"https:\/\/www.m-q.ch\/wp-content\/uploads\/2022\/09\/Diversity-und-Inklusion-Wettbewerbsvorteil-fuer-Firmen_MQ.jpg 680w, https:\/\/www.m-q.ch\/wp-content\/uploads\/2022\/09\/Diversity-und-Inklusion-Wettbewerbsvorteil-fuer-Firmen_MQ-18x12.jpg 18w, https:\/\/www.m-q.ch\/wp-content\/uploads\/2022\/09\/Diversity-und-Inklusion-Wettbewerbsvorteil-fuer-Firmen_MQ-263x175.jpg 263w, https:\/\/www.m-q.ch\/wp-content\/uploads\/2022\/09\/Diversity-und-Inklusion-Wettbewerbsvorteil-fuer-Firmen_MQ-525x350.jpg 525w, https:\/\/www.m-q.ch\/wp-content\/uploads\/2022\/09\/Diversity-und-Inklusion-Wettbewerbsvorteil-fuer-Firmen_MQ-300x200.jpg 300w\" sizes=\"auto, (max-width: 680px) 100vw, 680px\" \/><figcaption id=\"caption-attachment-16880\" class=\"wp-caption-text\">Die Studien-Verantwortlichen Simone Mu\u0308ller-Staubli, Helena Trachsel, Sonja Michel, Daniela Frau, Christian Mu\u0308ller. (Bild: Sandra Blaser)<\/figcaption><\/figure>\n<p>Die Studie \u00abDiversity &amp; Inclusion als Wettbewerbsvorteil\u00bb behandelt den Zusammenhang zwischen Diversit\u00e4t, Inklusion und Wettbewerbsf\u00e4higkeit von Unternehmen. Das Ziel der Gutachterinnen und Gutachter war es, folgende Hypothese zu pr\u00fcfen: Unternehmen, die Diversity und Inklusion strategisch implementieren, sind resilienter und langfristig erfolgreicher als Unternehmen, die eine solche Strategie nicht verfolgen.<\/p>\n<h3><strong>Gesellschaftliches Engagement hat positive Folgen<\/strong><\/h3>\n<p>Mit Hilfe diverser Forschungsfragen durchforstete die ZHAW bestehende Literatur sowie empirische Daten und thematisierte auch die volkswirtschaftliche, betriebswirtschaftliche und politische Perspektive. Die Befunde des Gutachtens best\u00e4tigen: Strategisches Management von Diversit\u00e4t und Inklusion steigert den Wettbewerbsvorteil in Firmen, weil so deren Kreativit\u00e4t, Innovation und Marken-Attraktivit\u00e4t erh\u00f6ht und der Fachkr\u00e4ftemangel reduziert werden kann.<\/p>\n<p>Einer der Gutachter ist der Leiter des Zentrums f\u00fcr Wettbewerbsrecht und Compliance an der Z\u00fcrcher Hochschule f\u00fcr angewandte Wissenschaften (ZHAW), Patrick Krauskopf: \u00abDas Gutachten zeigt wissenschaftlich auf, wie Diversity und Inklusion die Wettbewerbsf\u00e4higkeit von Unternehmen positiv beeinflussen und schafft damit eine wichtige Verbindung zwischen gesellschaftlichem Engagement und betriebswirtschaftlicher Entwicklung.<\/p>\n<h3><strong>Gutachten vereinfacht Umsetzung in der Praxis<\/strong><\/h3>\n<p>Aber weshalb braucht es ein wissenschaftliches Gutachten, um das gesellschaftliche Engagement f\u00fcr Gleichberechtigung voranzutreiben? \u00abIn der Studie schaffen wir ein solides Fundament das hilft, eine Entwicklung hin zu mehr Diversit\u00e4t und Inklusion in der Praxis zu erm\u00f6glichen\u00bb, erkl\u00e4rt Simone M\u00fcller-Staubli, Initiantin von Swiss Diversity.<\/p>\n<p>Unterst\u00fctzt werden Swiss Diversity und die ZHAW durch die Fachstelle Gleichstellung des Kantons Z\u00fcrich sowie die BKW AG, dem Energie- und Infrastrukturunternehmen mit Sitz in Bern. Sonja Michel, Business Transformation bei BKW, erkl\u00e4rt das Engagement der BKW damit, dass im international t\u00e4tigen Unternehmen eine riesige Vielfalt an Pers\u00f6nlichkeiten, Kulturen und Erfahrungen aufeinandertreffen: \u00abWir unterst\u00fctzen die Studie mit dem Ziel, dass m\u00f6glichst viele Menschen in chancengerechten und inklusiven Unternehmenskulturen arbeiten k\u00f6nnen. Denn einerseits f\u00f6rdert die Studie in unserem Unternehmen das Verst\u00e4ndnis \u00fcber die Zusammenh\u00e4nge zwischen Diversit\u00e4t und wirtschaftlichem Erfolg. Andererseits erhalten so auch andere Schweizer Firmen wertvolle Handlungsempfehlungen f\u00fcr ihr strategisches Diversity Management.\u00bb<\/p>\n<h3><strong>Inspiration f\u00fcr Schweizer Unternehmen in Sachen Diversity und Inklusion<\/strong><\/h3>\n<p>Die Ergebnisse sollen Schweizer Unternehmen dazu inspirieren, f\u00fcr eine diverse und inklusive Unternehmenskultur einzustehen. Dabei sei es unerl\u00e4sslich, Diversit\u00e4t und Inklusion auf h\u00f6chstem Level zu behandeln, betont Patrick Krauskopf: \u00abEs braucht ein strategisches Diversity &amp; Inclusion Management, das \u00fcber die HR-Abteilungen hinaus in s\u00e4mtlichen Bereichen der Organisation verankert ist.\u00bb Denn durch eine erh\u00f6hte Chancengerechtigkeit profitiert das Unternehmen wirtschaftlich.<\/p>\n<p>Diese Erkenntnis ist f\u00fcr die Fachstelle Gleichstellung des Kantons Z\u00fcrich zentral: \u00abF\u00fcr uns liegt der Schl\u00fcssel zur Best\u00e4tigung der Wirtschaftlichkeit von Inklusion und Diversit\u00e4t darin, mit Hilfe dieser Studie die \u00f6konomischen Fortschritte aufzuzeigen. So k\u00f6nnen wir Diversit\u00e4t und Inklusion \u00fcberzeugend und umfassender implementieren\u00bb, so Leiterin Helena Trachsel.<\/p>\n<p><em>Quelle und weitere Informationen: <a href=\"http:\/\/www.swissdiversity.com\">www.swissdiversity.com<\/a><\/em><\/p>\n","protected":false},"excerpt":{"rendered":"<p>Die Studie \u00abDiversity &amp; Inclusion als Wettbewerbsvorteil\u00bb behandelt den Zusammenhang zwischen Diversit\u00e4t, Inklusion und Wettbewerbsf\u00e4higkeit von Unternehmen. Das Ziel der Gutachterinnen und Gutachter war es, folgende Hypothese zu pr\u00fcfen: Unternehmen, die Diversity und Inklusion strategisch implementieren, sind resilienter und langfristig erfolgreicher als Unternehmen, die eine solche Strategie nicht verfolgen. Gesellschaftliches Engagement hat positive Folgen Mit [&hellip;]<\/p>\n","protected":false},"author":10,"featured_media":16880,"comment_status":"closed","ping_status":"closed","sticky":false,"template":"","format":"standard","meta":{"_acf_changed":false,"footnotes":""},"categories":[5],"tags":[3328,4714,3360,5293],"class_list":["post-16879","post","type-post","status-publish","format-standard","has-post-thumbnail","hentry","category-business_excellence","tag-business-excellence","tag-diversity-and-inclusion-management","tag-management-und-unternehmensfuehrung","tag-wissenschaft-und-forschung"],"acf":[],"yoast_head":"<!-- This site is optimized with the Yoast SEO plugin v26.2 - https:\/\/yoast.com\/wordpress\/plugins\/seo\/ -->\n<title>Diversity und Inklusion: Wettbewerbsvorteil f\u00fcr Firmen? - MQ Management und Qualit\u00e4t<\/title>\n<meta name=\"description\" content=\"F\u00fchren Diversity und Inklusion zu mehr Wettbewerbsf\u00e4higkeit? Dieser Frage ging eine wissenschaftliche Studie der ZHAW nach.\" \/>\n<meta name=\"robots\" content=\"index, follow, max-snippet:-1, max-image-preview:large, max-video-preview:-1\" \/>\n<link rel=\"canonical\" href=\"https:\/\/www.m-q.ch\/de\/diversity-und-inklusion-wettbewerbsvorteil-fuer-firmen\/\" \/>\n<meta property=\"og:locale\" content=\"de_DE\" \/>\n<meta property=\"og:type\" content=\"article\" \/>\n<meta property=\"og:title\" content=\"Diversity und Inklusion: Wettbewerbsvorteil f\u00fcr Firmen?\" \/>\n<meta property=\"og:description\" content=\"F\u00fchren Diversity und Inklusion zu mehr Wettbewerbsf\u00e4higkeit? Dieser Frage ging eine wissenschaftliche Studie der ZHAW nach.\" \/>\n<meta property=\"og:url\" content=\"https:\/\/www.m-q.ch\/de\/diversity-und-inklusion-wettbewerbsvorteil-fuer-firmen\/\" \/>\n<meta property=\"og:site_name\" content=\"MQ Management und Qualit\u00e4t\" \/>\n<meta property=\"article:publisher\" content=\"https:\/\/www.facebook.com\/ManagementUndQualitaet\" \/>\n<meta property=\"article:published_time\" content=\"2022-09-13T01:15:45+00:00\" \/>\n<meta property=\"article:modified_time\" content=\"2022-09-30T05:54:00+00:00\" \/>\n<meta property=\"og:image\" content=\"https:\/\/www.m-q.ch\/wp-content\/uploads\/2022\/09\/Diversity-und-Inklusion-Wettbewerbsvorteil-fuer-Firmen_MQ.jpg\" \/>\n\t<meta property=\"og:image:width\" content=\"680\" \/>\n\t<meta property=\"og:image:height\" content=\"453\" \/>\n\t<meta property=\"og:image:type\" content=\"image\/jpeg\" \/>\n<meta name=\"author\" content=\"Thomas Berner\" \/>\n<meta name=\"twitter:card\" content=\"summary_large_image\" \/>\n<meta name=\"twitter:title\" content=\"#Diversity und #Inklusion: #Wettbewerbsvorteil f\u00fcr Firmen?\" \/>\n<meta name=\"twitter:description\" content=\"F\u00fchren #Diversity und #Inklusion zu mehr #Wettbewerbsf\u00e4higkeit? Dieser Frage ging eine wissenschaftliche Studie der #ZHAW nach.\" \/>\n<meta name=\"twitter:image\" content=\"https:\/\/www.m-q.ch\/wp-content\/uploads\/2022\/09\/Diversity-und-Inklusion-Wettbewerbsvorteil-fuer-Firmen_MQ.jpg\" \/>\n<meta name=\"twitter:label1\" content=\"Verfasst von\" \/>\n\t<meta name=\"twitter:data1\" content=\"Thomas Berner\" \/>\n\t<meta name=\"twitter:label2\" content=\"Gesch\u00e4tzte Lesezeit\" \/>\n\t<meta name=\"twitter:data2\" content=\"2\u00a0Minuten\" \/>\n<script type=\"application\/ld+json\" class=\"yoast-schema-graph\">{\"@context\":\"https:\/\/schema.org\",\"@graph\":[{\"@type\":\"Article\",\"@id\":\"https:\/\/www.m-q.ch\/diversity-und-inklusion-wettbewerbsvorteil-fuer-firmen\/#article\",\"isPartOf\":{\"@id\":\"https:\/\/www.m-q.ch\/diversity-und-inklusion-wettbewerbsvorteil-fuer-firmen\/\"},\"author\":{\"name\":\"Thomas Berner\",\"@id\":\"https:\/\/www.m-q.ch\/fr\/#\/schema\/person\/a8711938b1cfb3f056dec70eaa0b42ab\"},\"headline\":\"Diversity und Inklusion: Wettbewerbsvorteil f\u00fcr Firmen?\",\"datePublished\":\"2022-09-13T01:15:45+00:00\",\"dateModified\":\"2022-09-30T05:54:00+00:00\",\"mainEntityOfPage\":{\"@id\":\"https:\/\/www.m-q.ch\/diversity-und-inklusion-wettbewerbsvorteil-fuer-firmen\/\"},\"wordCount\":504,\"publisher\":{\"@id\":\"https:\/\/www.m-q.ch\/fr\/#organization\"},\"image\":{\"@id\":\"https:\/\/www.m-q.ch\/diversity-und-inklusion-wettbewerbsvorteil-fuer-firmen\/#primaryimage\"},\"thumbnailUrl\":\"https:\/\/www.m-q.ch\/wp-content\/uploads\/2022\/09\/Diversity-und-Inklusion-Wettbewerbsvorteil-fuer-Firmen_MQ.jpg\",\"keywords\":[\"Business Excellence\",\"Diversity and Inclusion Management\",\"Management und Unternehmensf\u00fchrung\",\"Wissenschaft und Forschung\"],\"articleSection\":[\"Business Excellence\"],\"inLanguage\":\"de\"},{\"@type\":\"WebPage\",\"@id\":\"https:\/\/www.m-q.ch\/diversity-und-inklusion-wettbewerbsvorteil-fuer-firmen\/\",\"url\":\"https:\/\/www.m-q.ch\/diversity-und-inklusion-wettbewerbsvorteil-fuer-firmen\/\",\"name\":\"Diversity und Inklusion: Wettbewerbsvorteil f\u00fcr Firmen? - MQ Management und Qualit\u00e4t\",\"isPartOf\":{\"@id\":\"https:\/\/www.m-q.ch\/fr\/#website\"},\"primaryImageOfPage\":{\"@id\":\"https:\/\/www.m-q.ch\/diversity-und-inklusion-wettbewerbsvorteil-fuer-firmen\/#primaryimage\"},\"image\":{\"@id\":\"https:\/\/www.m-q.ch\/diversity-und-inklusion-wettbewerbsvorteil-fuer-firmen\/#primaryimage\"},\"thumbnailUrl\":\"https:\/\/www.m-q.ch\/wp-content\/uploads\/2022\/09\/Diversity-und-Inklusion-Wettbewerbsvorteil-fuer-Firmen_MQ.jpg\",\"datePublished\":\"2022-09-13T01:15:45+00:00\",\"dateModified\":\"2022-09-30T05:54:00+00:00\",\"description\":\"F\u00fchren Diversity und Inklusion zu mehr Wettbewerbsf\u00e4higkeit? Dieser Frage ging eine wissenschaftliche Studie der ZHAW nach.\",\"breadcrumb\":{\"@id\":\"https:\/\/www.m-q.ch\/diversity-und-inklusion-wettbewerbsvorteil-fuer-firmen\/#breadcrumb\"},\"inLanguage\":\"de\",\"potentialAction\":[{\"@type\":\"ReadAction\",\"target\":[\"https:\/\/www.m-q.ch\/diversity-und-inklusion-wettbewerbsvorteil-fuer-firmen\/\"]}]},{\"@type\":\"ImageObject\",\"inLanguage\":\"de\",\"@id\":\"https:\/\/www.m-q.ch\/diversity-und-inklusion-wettbewerbsvorteil-fuer-firmen\/#primaryimage\",\"url\":\"https:\/\/www.m-q.ch\/wp-content\/uploads\/2022\/09\/Diversity-und-Inklusion-Wettbewerbsvorteil-fuer-Firmen_MQ.jpg\",\"contentUrl\":\"https:\/\/www.m-q.ch\/wp-content\/uploads\/2022\/09\/Diversity-und-Inklusion-Wettbewerbsvorteil-fuer-Firmen_MQ.jpg\",\"width\":680,\"height\":453,\"caption\":\"Studien-Verantwortliche Simone Mu\u0308ller-Staubli, Helena Trachsel, Sonja Michel, Daniela Frau, Christian Mu\u0308ller. (Bild: Sandra Blaser)\"},{\"@type\":\"BreadcrumbList\",\"@id\":\"https:\/\/www.m-q.ch\/diversity-und-inklusion-wettbewerbsvorteil-fuer-firmen\/#breadcrumb\",\"itemListElement\":[{\"@type\":\"ListItem\",\"position\":1,\"name\":\"Business Excellence\",\"item\":\"https:\/\/www.m-q.ch\/kategorie\/business_excellence\/\"},{\"@type\":\"ListItem\",\"position\":2,\"name\":\"Diversity und Inklusion: Wettbewerbsvorteil f\u00fcr Firmen?\"}]},{\"@type\":\"WebSite\",\"@id\":\"https:\/\/www.m-q.ch\/fr\/#website\",\"url\":\"https:\/\/www.m-q.ch\/fr\/\",\"name\":\"MQ Management und Qualit\u00e4t\",\"description\":\"Plattform f\u00fcr integrierte Managementsysteme.\",\"publisher\":{\"@id\":\"https:\/\/www.m-q.ch\/fr\/#organization\"},\"potentialAction\":[{\"@type\":\"SearchAction\",\"target\":{\"@type\":\"EntryPoint\",\"urlTemplate\":\"https:\/\/www.m-q.ch\/fr\/?s={search_term_string}\"},\"query-input\":{\"@type\":\"PropertyValueSpecification\",\"valueRequired\":true,\"valueName\":\"search_term_string\"}}],\"inLanguage\":\"de\"},{\"@type\":\"Organization\",\"@id\":\"https:\/\/www.m-q.ch\/fr\/#organization\",\"name\":\"Galledia Fachmedien AG\",\"url\":\"https:\/\/www.m-q.ch\/fr\/\",\"logo\":{\"@type\":\"ImageObject\",\"inLanguage\":\"de\",\"@id\":\"https:\/\/www.m-q.ch\/fr\/#\/schema\/logo\/image\/\",\"url\":\"https:\/\/www.m-q.ch\/wp-content\/uploads\/2020\/12\/cropped-logo_small.png\",\"contentUrl\":\"https:\/\/www.m-q.ch\/wp-content\/uploads\/2020\/12\/cropped-logo_small.png\",\"width\":512,\"height\":512,\"caption\":\"Galledia Fachmedien AG\"},\"image\":{\"@id\":\"https:\/\/www.m-q.ch\/fr\/#\/schema\/logo\/image\/\"},\"sameAs\":[\"https:\/\/www.facebook.com\/ManagementUndQualitaet\",\"https:\/\/www.linkedin.com\/showcase\/17982321\/admin\/\"]},{\"@type\":\"Person\",\"@id\":\"https:\/\/www.m-q.ch\/fr\/#\/schema\/person\/a8711938b1cfb3f056dec70eaa0b42ab\",\"name\":\"Thomas Berner\",\"image\":{\"@type\":\"ImageObject\",\"inLanguage\":\"de\",\"@id\":\"https:\/\/www.m-q.ch\/fr\/#\/schema\/person\/image\/\",\"url\":\"https:\/\/secure.gravatar.com\/avatar\/faea7857408f70478f976d576da10f96?s=96&d=mm&r=g\",\"contentUrl\":\"https:\/\/secure.gravatar.com\/avatar\/faea7857408f70478f976d576da10f96?s=96&d=mm&r=g\",\"caption\":\"Thomas Berner\"},\"url\":\"https:\/\/www.m-q.ch\/de\/author\/thomas-berner\/\"}]}<\/script>\n<!-- \/ Yoast SEO plugin. -->","yoast_head_json":{"title":"Diversity und Inklusion: Wettbewerbsvorteil f\u00fcr Firmen? - MQ Management und Qualit\u00e4t","description":"F\u00fchren Diversity und Inklusion zu mehr Wettbewerbsf\u00e4higkeit? Dieser Frage ging eine wissenschaftliche Studie der ZHAW nach.","robots":{"index":"index","follow":"follow","max-snippet":"max-snippet:-1","max-image-preview":"max-image-preview:large","max-video-preview":"max-video-preview:-1"},"canonical":"https:\/\/www.m-q.ch\/de\/diversity-und-inklusion-wettbewerbsvorteil-fuer-firmen\/","og_locale":"de_DE","og_type":"article","og_title":"Diversity und Inklusion: Wettbewerbsvorteil f\u00fcr Firmen?","og_description":"F\u00fchren Diversity und Inklusion zu mehr Wettbewerbsf\u00e4higkeit? Dieser Frage ging eine wissenschaftliche Studie der ZHAW nach.","og_url":"https:\/\/www.m-q.ch\/de\/diversity-und-inklusion-wettbewerbsvorteil-fuer-firmen\/","og_site_name":"MQ Management und Qualit\u00e4t","article_publisher":"https:\/\/www.facebook.com\/ManagementUndQualitaet","article_published_time":"2022-09-13T01:15:45+00:00","article_modified_time":"2022-09-30T05:54:00+00:00","og_image":[{"width":680,"height":453,"url":"https:\/\/www.m-q.ch\/wp-content\/uploads\/2022\/09\/Diversity-und-Inklusion-Wettbewerbsvorteil-fuer-Firmen_MQ.jpg","type":"image\/jpeg"}],"author":"Thomas Berner","twitter_card":"summary_large_image","twitter_title":"#Diversity und #Inklusion: #Wettbewerbsvorteil f\u00fcr Firmen?","twitter_description":"F\u00fchren #Diversity und #Inklusion zu mehr #Wettbewerbsf\u00e4higkeit? Dieser Frage ging eine wissenschaftliche Studie der #ZHAW nach.","twitter_image":"https:\/\/www.m-q.ch\/wp-content\/uploads\/2022\/09\/Diversity-und-Inklusion-Wettbewerbsvorteil-fuer-Firmen_MQ.jpg","twitter_misc":{"Verfasst von":"Thomas Berner","Gesch\u00e4tzte Lesezeit":"2\u00a0Minuten"},"schema":{"@context":"https:\/\/schema.org","@graph":[{"@type":"Article","@id":"https:\/\/www.m-q.ch\/diversity-und-inklusion-wettbewerbsvorteil-fuer-firmen\/#article","isPartOf":{"@id":"https:\/\/www.m-q.ch\/diversity-und-inklusion-wettbewerbsvorteil-fuer-firmen\/"},"author":{"name":"Thomas Berner","@id":"https:\/\/www.m-q.ch\/fr\/#\/schema\/person\/a8711938b1cfb3f056dec70eaa0b42ab"},"headline":"Diversity und Inklusion: Wettbewerbsvorteil f\u00fcr Firmen?","datePublished":"2022-09-13T01:15:45+00:00","dateModified":"2022-09-30T05:54:00+00:00","mainEntityOfPage":{"@id":"https:\/\/www.m-q.ch\/diversity-und-inklusion-wettbewerbsvorteil-fuer-firmen\/"},"wordCount":504,"publisher":{"@id":"https:\/\/www.m-q.ch\/fr\/#organization"},"image":{"@id":"https:\/\/www.m-q.ch\/diversity-und-inklusion-wettbewerbsvorteil-fuer-firmen\/#primaryimage"},"thumbnailUrl":"https:\/\/www.m-q.ch\/wp-content\/uploads\/2022\/09\/Diversity-und-Inklusion-Wettbewerbsvorteil-fuer-Firmen_MQ.jpg","keywords":["Business Excellence","Diversity and Inclusion Management","Management und Unternehmensf\u00fchrung","Wissenschaft und Forschung"],"articleSection":["Business Excellence"],"inLanguage":"de"},{"@type":"WebPage","@id":"https:\/\/www.m-q.ch\/diversity-und-inklusion-wettbewerbsvorteil-fuer-firmen\/","url":"https:\/\/www.m-q.ch\/diversity-und-inklusion-wettbewerbsvorteil-fuer-firmen\/","name":"Diversity und Inklusion: Wettbewerbsvorteil f\u00fcr Firmen? - MQ Management und Qualit\u00e4t","isPartOf":{"@id":"https:\/\/www.m-q.ch\/fr\/#website"},"primaryImageOfPage":{"@id":"https:\/\/www.m-q.ch\/diversity-und-inklusion-wettbewerbsvorteil-fuer-firmen\/#primaryimage"},"image":{"@id":"https:\/\/www.m-q.ch\/diversity-und-inklusion-wettbewerbsvorteil-fuer-firmen\/#primaryimage"},"thumbnailUrl":"https:\/\/www.m-q.ch\/wp-content\/uploads\/2022\/09\/Diversity-und-Inklusion-Wettbewerbsvorteil-fuer-Firmen_MQ.jpg","datePublished":"2022-09-13T01:15:45+00:00","dateModified":"2022-09-30T05:54:00+00:00","description":"F\u00fchren Diversity und Inklusion zu mehr Wettbewerbsf\u00e4higkeit? Dieser Frage ging eine wissenschaftliche Studie der ZHAW nach.","breadcrumb":{"@id":"https:\/\/www.m-q.ch\/diversity-und-inklusion-wettbewerbsvorteil-fuer-firmen\/#breadcrumb"},"inLanguage":"de","potentialAction":[{"@type":"ReadAction","target":["https:\/\/www.m-q.ch\/diversity-und-inklusion-wettbewerbsvorteil-fuer-firmen\/"]}]},{"@type":"ImageObject","inLanguage":"de","@id":"https:\/\/www.m-q.ch\/diversity-und-inklusion-wettbewerbsvorteil-fuer-firmen\/#primaryimage","url":"https:\/\/www.m-q.ch\/wp-content\/uploads\/2022\/09\/Diversity-und-Inklusion-Wettbewerbsvorteil-fuer-Firmen_MQ.jpg","contentUrl":"https:\/\/www.m-q.ch\/wp-content\/uploads\/2022\/09\/Diversity-und-Inklusion-Wettbewerbsvorteil-fuer-Firmen_MQ.jpg","width":680,"height":453,"caption":"Studien-Verantwortliche Simone Mu\u0308ller-Staubli, Helena Trachsel, Sonja Michel, Daniela Frau, Christian Mu\u0308ller. (Bild: Sandra Blaser)"},{"@type":"BreadcrumbList","@id":"https:\/\/www.m-q.ch\/diversity-und-inklusion-wettbewerbsvorteil-fuer-firmen\/#breadcrumb","itemListElement":[{"@type":"ListItem","position":1,"name":"Business Excellence","item":"https:\/\/www.m-q.ch\/kategorie\/business_excellence\/"},{"@type":"ListItem","position":2,"name":"Diversity und Inklusion: Wettbewerbsvorteil f\u00fcr Firmen?"}]},{"@type":"WebSite","@id":"https:\/\/www.m-q.ch\/fr\/#website","url":"https:\/\/www.m-q.ch\/fr\/","name":"MQ Management und Qualit\u00e4t","description":"Plattform f\u00fcr integrierte Managementsysteme.","publisher":{"@id":"https:\/\/www.m-q.ch\/fr\/#organization"},"potentialAction":[{"@type":"SearchAction","target":{"@type":"EntryPoint","urlTemplate":"https:\/\/www.m-q.ch\/fr\/?s={search_term_string}"},"query-input":{"@type":"PropertyValueSpecification","valueRequired":true,"valueName":"search_term_string"}}],"inLanguage":"de"},{"@type":"Organization","@id":"https:\/\/www.m-q.ch\/fr\/#organization","name":"Galledia Fachmedien AG","url":"https:\/\/www.m-q.ch\/fr\/","logo":{"@type":"ImageObject","inLanguage":"de","@id":"https:\/\/www.m-q.ch\/fr\/#\/schema\/logo\/image\/","url":"https:\/\/www.m-q.ch\/wp-content\/uploads\/2020\/12\/cropped-logo_small.png","contentUrl":"https:\/\/www.m-q.ch\/wp-content\/uploads\/2020\/12\/cropped-logo_small.png","width":512,"height":512,"caption":"Galledia Fachmedien AG"},"image":{"@id":"https:\/\/www.m-q.ch\/fr\/#\/schema\/logo\/image\/"},"sameAs":["https:\/\/www.facebook.com\/ManagementUndQualitaet","https:\/\/www.linkedin.com\/showcase\/17982321\/admin\/"]},{"@type":"Person","@id":"https:\/\/www.m-q.ch\/fr\/#\/schema\/person\/a8711938b1cfb3f056dec70eaa0b42ab","name":"Thomas Berner","image":{"@type":"ImageObject","inLanguage":"de","@id":"https:\/\/www.m-q.ch\/fr\/#\/schema\/person\/image\/","url":"https:\/\/secure.gravatar.com\/avatar\/faea7857408f70478f976d576da10f96?s=96&d=mm&r=g","contentUrl":"https:\/\/secure.gravatar.com\/avatar\/faea7857408f70478f976d576da10f96?s=96&d=mm&r=g","caption":"Thomas Berner"},"url":"https:\/\/www.m-q.ch\/de\/author\/thomas-berner\/"}]}},"_links":{"self":[{"href":"https:\/\/www.m-q.ch\/de\/wp-json\/wp\/v2\/posts\/16879","targetHints":{"allow":["GET"]}}],"collection":[{"href":"https:\/\/www.m-q.ch\/de\/wp-json\/wp\/v2\/posts"}],"about":[{"href":"https:\/\/www.m-q.ch\/de\/wp-json\/wp\/v2\/types\/post"}],"author":[{"embeddable":true,"href":"https:\/\/www.m-q.ch\/de\/wp-json\/wp\/v2\/users\/10"}],"replies":[{"embeddable":true,"href":"https:\/\/www.m-q.ch\/de\/wp-json\/wp\/v2\/comments?post=16879"}],"version-history":[{"count":1,"href":"https:\/\/www.m-q.ch\/de\/wp-json\/wp\/v2\/posts\/16879\/revisions"}],"predecessor-version":[{"id":16881,"href":"https:\/\/www.m-q.ch\/de\/wp-json\/wp\/v2\/posts\/16879\/revisions\/16881"}],"wp:featuredmedia":[{"embeddable":true,"href":"https:\/\/www.m-q.ch\/de\/wp-json\/wp\/v2\/media\/16880"}],"wp:attachment":[{"href":"https:\/\/www.m-q.ch\/de\/wp-json\/wp\/v2\/media?parent=16879"}],"wp:term":[{"taxonomy":"category","embeddable":true,"href":"https:\/\/www.m-q.ch\/de\/wp-json\/wp\/v2\/categories?post=16879"},{"taxonomy":"post_tag","embeddable":true,"href":"https:\/\/www.m-q.ch\/de\/wp-json\/wp\/v2\/tags?post=16879"}],"curies":[{"name":"wp","href":"https:\/\/api.w.org\/{rel}","templated":true}]}}