{"id":16883,"date":"2022-09-13T09:31:59","date_gmt":"2022-09-13T07:31:59","guid":{"rendered":"https:\/\/www.m-q.ch\/?p=16883"},"modified":"2022-09-13T09:31:59","modified_gmt":"2022-09-13T07:31:59","slug":"swiss-digital-initiative-sdi-mit-neuer-geschaeftsfuehrung","status":"publish","type":"post","link":"https:\/\/www.m-q.ch\/de\/swiss-digital-initiative-sdi-mit-neuer-geschaeftsfuehrung\/","title":{"rendered":"Swiss Digital Initiative (SDI) mit neuer Gesch\u00e4ftsf\u00fchrung"},"content":{"rendered":"<figure id=\"attachment_16884\" aria-describedby=\"caption-attachment-16884\" style=\"width: 680px\" class=\"wp-caption alignnone\"><img loading=\"lazy\" decoding=\"async\" class=\"size-full wp-image-16884\" src=\"https:\/\/www.m-q.ch\/wp-content\/uploads\/2022\/09\/Swiss-Digital-Initiative-SDI-mit-neuer-Geschaeftsfuehrung_MQ.jpg\" alt=\"\" width=\"680\" height=\"386\" srcset=\"https:\/\/www.m-q.ch\/wp-content\/uploads\/2022\/09\/Swiss-Digital-Initiative-SDI-mit-neuer-Geschaeftsfuehrung_MQ.jpg 680w, https:\/\/www.m-q.ch\/wp-content\/uploads\/2022\/09\/Swiss-Digital-Initiative-SDI-mit-neuer-Geschaeftsfuehrung_MQ-18x10.jpg 18w, https:\/\/www.m-q.ch\/wp-content\/uploads\/2022\/09\/Swiss-Digital-Initiative-SDI-mit-neuer-Geschaeftsfuehrung_MQ-308x175.jpg 308w, https:\/\/www.m-q.ch\/wp-content\/uploads\/2022\/09\/Swiss-Digital-Initiative-SDI-mit-neuer-Geschaeftsfuehrung_MQ-617x350.jpg 617w, https:\/\/www.m-q.ch\/wp-content\/uploads\/2022\/09\/Swiss-Digital-Initiative-SDI-mit-neuer-Geschaeftsfuehrung_MQ-300x170.jpg 300w\" sizes=\"auto, (max-width: 680px) 100vw, 680px\" \/><figcaption id=\"caption-attachment-16884\" class=\"wp-caption-text\">Niniane Paeffgen geht, Fathi Derder kommt: Die Swiss Digital Initiative (SDI) erh\u00e4lt einen neuen Gesch\u00e4ftsf\u00fchrer. (Bilder: Swiss Digital Initiative)<\/figcaption><\/figure>\n<p>Die Swiss Digital Initiative (SDI) ist eine unabh\u00e4ngige, nicht gewinnorientierte Stiftung mit Sitz in Genf, die 2020 von digitalswitzerland gegr\u00fcndet wurde und unter dem Patronat von Bundesrat Ueli Maurer steht. Entstanden ist die Initiative im Jahr 2019 als Ergebnis aus dem ersten \u00abSwiss Global Digital Summit\u00bb zu Ethik und Fairness im digitalen Zeitalter. Die SDI verfolgt konkrete Projekte mit dem Ziel, ethische Standards zu sichern und verantwortungsvolles Handeln in der digitalen Welt zu f\u00f6rdern. Sie bringt Wissenschaft, Politik, Zivilgesellschaft und Wirtschaft zusammen, um L\u00f6sungen zu finden, die das Vertrauen in digitale Technologien und die Akteure des digitalen Wandels st\u00e4rken.<\/p>\n<h3>Leuchtturmprojekt &#8222;Digital Trust Label&#8220;<\/h3>\n<p>Geleitet wurde die Swiss Digital Initiative bisher von Niniane Paeffgen. Nach drei Jahren seit der Gr\u00fcndung, einer Zeit des Aufbaus und der Leitung verl\u00e4sst die aktuelle Gesch\u00e4ftsf\u00fchrerin die Stiftung per November 2022. Sie wird sich eine Auszeit nehmen, um sich anschliessend neuen Aufgaben zu widmen. Als H\u00f6hepunkt in ihre Amtszeit fiel das im Rahmen des World Economic Forums (WEF) als weltweit erstes Label f\u00fcr digitale Verantwortung lancierte \u00ab<a href=\"https:\/\/www.m-q.ch\/de\/die-swiss-digital-initiative-enthuellt-das-digital-trust-label\/\">Digital Trust Label<\/a>\u00bb. Mit diesem Leuchtturmprojekt soll das Bewusstsein f\u00fcr den Umgang mit digitalen Daten, Privatsph\u00e4re und K\u00fcnstlicher Intelligenz geschaffen und dieses von Genf aus in die Welt hinausgetragen werden. Mit dem Projekt \u00abEthik der k\u00fcnstlichen Intelligenz\u00bb und \u00abCorporate Digital Responsibility in Practice\u00bb wurden weitere konkrete Projekte mit renommierten Partnern wie HEAD Gen\u00e8ve und IMD Lausanne entwickelt und umgesetzt. Doris Leuthard, Pr\u00e4sidentin der Swiss Digital Initiative und Alt Bundesr\u00e4tin: \u00abWir danken Niniane herzlich f\u00fcr ihren unerm\u00fcdlichen Einsatz und ihr Wirken f\u00fcr die Stiftung, aber auch f\u00fcr die Positionierung der Schweiz und Genf in den Bereichen digitale Ethik und Vertrauen. Dank ihrem Engagement ist die Stiftung bestens f\u00fcr die Zukunft aufgestellt.\u00bb<\/p>\n<h3>Swiss Digital Initiative tritt in eine neue Phase<\/h3>\n<p>Fathi Derder wird die internationale Positionierung der SDI und des Labels vorantreiben, wie die Stiftung mitteilt. Mit der Operationalisierung und der Label-Vergabe an digitale Anwendungen der ersten zwanzig Digital Trust Pioniere, trete die SDI in eine neue Phase, heisst es dazu weiter. Ein starker Fokus liege nun auf der Weiterentwicklung und internationalen Skalierung des Digital Trust Labels. J\u00fcngst wurde in einem offenen Bewerbungsprozess ein fachkundiges Experten-Komitee rekrutiert. Unter dessen Leitung soll das Label auch international zu einem anerkannten Standard f\u00fcr vertrauensw\u00fcrdige digitale Anwendungen werden.<\/p>\n<p>Fathi Derder bringt Expertise aus dem Schnittpunkt zwischen Politik, Wirtschaft und Gesellschaft mit. Als Journalist, ehemaliger Nationalrat, Gesch\u00e4ftsf\u00fchrer und Mitbegr\u00fcnder des Swiss Food &amp; Nutrition Valleys, besitze er &#8222;das politische Feingef\u00fchl, die n\u00f6tige Erfahrung und Motivation, um das n\u00e4chste Kapitel der Swiss Digital<br \/>\nInitiative zu schreiben&#8220;, teilt die Stiftung mit. SDI-Pr\u00e4sidentin Doris Leuthard: \u00abWir sind stolz, dass wir mit Fathi Derder eine solch hochkar\u00e4tige, wie auch kompetente und engagierte Pers\u00f6nlichkeit gewinnen konnten. Dies best\u00e4tigt den hohen Stellenwert, welche die SDI bereits nach wenigen Jahren erlangt hat.\u00bb<\/p>\n<p><em>Quelle: <a href=\"https:\/\/www.swiss-digital-initiative.org\/\">https:\/\/www.swiss-digital-initiative.org\/<\/a><\/em><\/p>\n","protected":false},"excerpt":{"rendered":"<p>Die Swiss Digital Initiative (SDI) ist eine unabh\u00e4ngige, nicht gewinnorientierte Stiftung mit Sitz in Genf, die 2020 von digitalswitzerland gegr\u00fcndet wurde und unter dem Patronat von Bundesrat Ueli Maurer steht. Entstanden ist die Initiative im Jahr 2019 als Ergebnis aus dem ersten \u00abSwiss Global Digital Summit\u00bb zu Ethik und Fairness im digitalen Zeitalter. Die SDI [&hellip;]<\/p>\n","protected":false},"author":10,"featured_media":16884,"comment_status":"closed","ping_status":"closed","sticky":false,"template":"","format":"standard","meta":{"_acf_changed":false,"footnotes":""},"categories":[5],"tags":[5220,3372,3335,3359],"class_list":["post-16883","post","type-post","status-publish","format-standard","has-post-thumbnail","hentry","category-business_excellence","tag-digitale-ethik","tag-digitalisierung","tag-personalia","tag-vereineverbaendeinstitutionen"],"acf":[],"yoast_head":"<!-- This site is optimized with the Yoast SEO plugin v26.2 - https:\/\/yoast.com\/wordpress\/plugins\/seo\/ -->\n<title>Swiss Digital Initiative (SDI) mit neuer Gesch\u00e4ftsf\u00fchrung - MQ Management und Qualit\u00e4t<\/title>\n<meta name=\"description\" content=\"Gesch\u00e4ftsf\u00fchrerin Niniane Paeffgen verl\u00e4sst die Stiftung Swiss Digital Initiative per November 2022 . Ihr Nachfolger wird Fathi Derder.\" \/>\n<meta name=\"robots\" content=\"index, follow, max-snippet:-1, max-image-preview:large, max-video-preview:-1\" \/>\n<link rel=\"canonical\" href=\"https:\/\/www.m-q.ch\/de\/swiss-digital-initiative-sdi-mit-neuer-geschaeftsfuehrung\/\" \/>\n<meta property=\"og:locale\" content=\"de_DE\" \/>\n<meta property=\"og:type\" content=\"article\" \/>\n<meta property=\"og:title\" content=\"Swiss Digital Initiative (SDI) mit neuer Gesch\u00e4ftsf\u00fchrung\" \/>\n<meta property=\"og:description\" content=\"Gesch\u00e4ftsf\u00fchrerin Niniane Paeffgen verl\u00e4sst die Stiftung Swiss Digital Initiative per November 2022 . Ihr Nachfolger wird Fathi Derder.\" \/>\n<meta property=\"og:url\" content=\"https:\/\/www.m-q.ch\/de\/swiss-digital-initiative-sdi-mit-neuer-geschaeftsfuehrung\/\" \/>\n<meta property=\"og:site_name\" content=\"MQ Management und Qualit\u00e4t\" \/>\n<meta property=\"article:publisher\" content=\"https:\/\/www.facebook.com\/ManagementUndQualitaet\" \/>\n<meta property=\"article:published_time\" content=\"2022-09-13T07:31:59+00:00\" \/>\n<meta property=\"og:image\" content=\"https:\/\/www.m-q.ch\/wp-content\/uploads\/2022\/09\/Swiss-Digital-Initiative-SDI-mit-neuer-Geschaeftsfuehrung_MQ.jpg\" \/>\n\t<meta property=\"og:image:width\" content=\"680\" \/>\n\t<meta property=\"og:image:height\" content=\"386\" \/>\n\t<meta property=\"og:image:type\" content=\"image\/jpeg\" \/>\n<meta name=\"author\" content=\"Thomas Berner\" \/>\n<meta name=\"twitter:card\" content=\"summary_large_image\" \/>\n<meta name=\"twitter:title\" content=\"Swiss Digital Initiative (#SDI) mit neuer #Gesch\u00e4ftsf\u00fchrung\" \/>\n<meta name=\"twitter:description\" content=\"#Gesch\u00e4ftsf\u00fchrerin Niniane #Paeffgen verl\u00e4sst die Stiftung Swiss Digital Initiative #SDI per November 2022 . Ihr Nachfolger wird Fathi #Derder.\" \/>\n<meta name=\"twitter:image\" content=\"https:\/\/www.m-q.ch\/wp-content\/uploads\/2022\/09\/Swiss-Digital-Initiative-SDI-mit-neuer-Geschaeftsfuehrung_MQ.jpg\" \/>\n<meta name=\"twitter:label1\" content=\"Verfasst von\" \/>\n\t<meta name=\"twitter:data1\" content=\"Thomas Berner\" \/>\n\t<meta name=\"twitter:label2\" content=\"Gesch\u00e4tzte Lesezeit\" \/>\n\t<meta name=\"twitter:data2\" content=\"3\u00a0Minuten\" \/>\n<script type=\"application\/ld+json\" class=\"yoast-schema-graph\">{\"@context\":\"https:\/\/schema.org\",\"@graph\":[{\"@type\":\"Article\",\"@id\":\"https:\/\/www.m-q.ch\/swiss-digital-initiative-sdi-mit-neuer-geschaeftsfuehrung\/#article\",\"isPartOf\":{\"@id\":\"https:\/\/www.m-q.ch\/swiss-digital-initiative-sdi-mit-neuer-geschaeftsfuehrung\/\"},\"author\":{\"name\":\"Thomas Berner\",\"@id\":\"https:\/\/www.m-q.ch\/fr\/#\/schema\/person\/a8711938b1cfb3f056dec70eaa0b42ab\"},\"headline\":\"Swiss Digital Initiative (SDI) mit neuer Gesch\u00e4ftsf\u00fchrung\",\"datePublished\":\"2022-09-13T07:31:59+00:00\",\"mainEntityOfPage\":{\"@id\":\"https:\/\/www.m-q.ch\/swiss-digital-initiative-sdi-mit-neuer-geschaeftsfuehrung\/\"},\"wordCount\":534,\"publisher\":{\"@id\":\"https:\/\/www.m-q.ch\/fr\/#organization\"},\"image\":{\"@id\":\"https:\/\/www.m-q.ch\/swiss-digital-initiative-sdi-mit-neuer-geschaeftsfuehrung\/#primaryimage\"},\"thumbnailUrl\":\"https:\/\/www.m-q.ch\/wp-content\/uploads\/2022\/09\/Swiss-Digital-Initiative-SDI-mit-neuer-Geschaeftsfuehrung_MQ.jpg\",\"keywords\":[\"Digitale Ethik\",\"Digitalisierung\",\"Personalia\",\"Vereine\/Verb\u00e4nde\/Institutionen\"],\"articleSection\":[\"Business Excellence\"],\"inLanguage\":\"de\"},{\"@type\":\"WebPage\",\"@id\":\"https:\/\/www.m-q.ch\/swiss-digital-initiative-sdi-mit-neuer-geschaeftsfuehrung\/\",\"url\":\"https:\/\/www.m-q.ch\/swiss-digital-initiative-sdi-mit-neuer-geschaeftsfuehrung\/\",\"name\":\"Swiss Digital Initiative (SDI) mit neuer Gesch\u00e4ftsf\u00fchrung - MQ Management und Qualit\u00e4t\",\"isPartOf\":{\"@id\":\"https:\/\/www.m-q.ch\/fr\/#website\"},\"primaryImageOfPage\":{\"@id\":\"https:\/\/www.m-q.ch\/swiss-digital-initiative-sdi-mit-neuer-geschaeftsfuehrung\/#primaryimage\"},\"image\":{\"@id\":\"https:\/\/www.m-q.ch\/swiss-digital-initiative-sdi-mit-neuer-geschaeftsfuehrung\/#primaryimage\"},\"thumbnailUrl\":\"https:\/\/www.m-q.ch\/wp-content\/uploads\/2022\/09\/Swiss-Digital-Initiative-SDI-mit-neuer-Geschaeftsfuehrung_MQ.jpg\",\"datePublished\":\"2022-09-13T07:31:59+00:00\",\"description\":\"Gesch\u00e4ftsf\u00fchrerin Niniane Paeffgen verl\u00e4sst die Stiftung Swiss Digital Initiative per November 2022 . Ihr Nachfolger wird Fathi Derder.\",\"breadcrumb\":{\"@id\":\"https:\/\/www.m-q.ch\/swiss-digital-initiative-sdi-mit-neuer-geschaeftsfuehrung\/#breadcrumb\"},\"inLanguage\":\"de\",\"potentialAction\":[{\"@type\":\"ReadAction\",\"target\":[\"https:\/\/www.m-q.ch\/swiss-digital-initiative-sdi-mit-neuer-geschaeftsfuehrung\/\"]}]},{\"@type\":\"ImageObject\",\"inLanguage\":\"de\",\"@id\":\"https:\/\/www.m-q.ch\/swiss-digital-initiative-sdi-mit-neuer-geschaeftsfuehrung\/#primaryimage\",\"url\":\"https:\/\/www.m-q.ch\/wp-content\/uploads\/2022\/09\/Swiss-Digital-Initiative-SDI-mit-neuer-Geschaeftsfuehrung_MQ.jpg\",\"contentUrl\":\"https:\/\/www.m-q.ch\/wp-content\/uploads\/2022\/09\/Swiss-Digital-Initiative-SDI-mit-neuer-Geschaeftsfuehrung_MQ.jpg\",\"width\":680,\"height\":386,\"caption\":\"Niniane Paeffgen geht, Fathi Derder kommt: Die Swiss Digital Initiative (SDI) erh\u00e4lt einen neuen Gesch\u00e4ftsf\u00fchrer. (Bilder: Swiss Digital Initiative)\"},{\"@type\":\"BreadcrumbList\",\"@id\":\"https:\/\/www.m-q.ch\/swiss-digital-initiative-sdi-mit-neuer-geschaeftsfuehrung\/#breadcrumb\",\"itemListElement\":[{\"@type\":\"ListItem\",\"position\":1,\"name\":\"Business Excellence\",\"item\":\"https:\/\/www.m-q.ch\/kategorie\/business_excellence\/\"},{\"@type\":\"ListItem\",\"position\":2,\"name\":\"Swiss Digital Initiative (SDI) mit neuer Gesch\u00e4ftsf\u00fchrung\"}]},{\"@type\":\"WebSite\",\"@id\":\"https:\/\/www.m-q.ch\/fr\/#website\",\"url\":\"https:\/\/www.m-q.ch\/fr\/\",\"name\":\"MQ Management und Qualit\u00e4t\",\"description\":\"Plattform f\u00fcr integrierte Managementsysteme.\",\"publisher\":{\"@id\":\"https:\/\/www.m-q.ch\/fr\/#organization\"},\"potentialAction\":[{\"@type\":\"SearchAction\",\"target\":{\"@type\":\"EntryPoint\",\"urlTemplate\":\"https:\/\/www.m-q.ch\/fr\/?s={search_term_string}\"},\"query-input\":{\"@type\":\"PropertyValueSpecification\",\"valueRequired\":true,\"valueName\":\"search_term_string\"}}],\"inLanguage\":\"de\"},{\"@type\":\"Organization\",\"@id\":\"https:\/\/www.m-q.ch\/fr\/#organization\",\"name\":\"Galledia Fachmedien AG\",\"url\":\"https:\/\/www.m-q.ch\/fr\/\",\"logo\":{\"@type\":\"ImageObject\",\"inLanguage\":\"de\",\"@id\":\"https:\/\/www.m-q.ch\/fr\/#\/schema\/logo\/image\/\",\"url\":\"https:\/\/www.m-q.ch\/wp-content\/uploads\/2020\/12\/cropped-logo_small.png\",\"contentUrl\":\"https:\/\/www.m-q.ch\/wp-content\/uploads\/2020\/12\/cropped-logo_small.png\",\"width\":512,\"height\":512,\"caption\":\"Galledia Fachmedien AG\"},\"image\":{\"@id\":\"https:\/\/www.m-q.ch\/fr\/#\/schema\/logo\/image\/\"},\"sameAs\":[\"https:\/\/www.facebook.com\/ManagementUndQualitaet\",\"https:\/\/www.linkedin.com\/showcase\/17982321\/admin\/\"]},{\"@type\":\"Person\",\"@id\":\"https:\/\/www.m-q.ch\/fr\/#\/schema\/person\/a8711938b1cfb3f056dec70eaa0b42ab\",\"name\":\"Thomas Berner\",\"image\":{\"@type\":\"ImageObject\",\"inLanguage\":\"de\",\"@id\":\"https:\/\/www.m-q.ch\/fr\/#\/schema\/person\/image\/\",\"url\":\"https:\/\/secure.gravatar.com\/avatar\/faea7857408f70478f976d576da10f96?s=96&d=mm&r=g\",\"contentUrl\":\"https:\/\/secure.gravatar.com\/avatar\/faea7857408f70478f976d576da10f96?s=96&d=mm&r=g\",\"caption\":\"Thomas Berner\"},\"url\":\"https:\/\/www.m-q.ch\/de\/author\/thomas-berner\/\"}]}<\/script>\n<!-- \/ Yoast SEO plugin. -->","yoast_head_json":{"title":"Swiss Digital Initiative (SDI) mit neuer Gesch\u00e4ftsf\u00fchrung - MQ Management und Qualit\u00e4t","description":"Gesch\u00e4ftsf\u00fchrerin Niniane Paeffgen verl\u00e4sst die Stiftung Swiss Digital Initiative per November 2022 . Ihr Nachfolger wird Fathi Derder.","robots":{"index":"index","follow":"follow","max-snippet":"max-snippet:-1","max-image-preview":"max-image-preview:large","max-video-preview":"max-video-preview:-1"},"canonical":"https:\/\/www.m-q.ch\/de\/swiss-digital-initiative-sdi-mit-neuer-geschaeftsfuehrung\/","og_locale":"de_DE","og_type":"article","og_title":"Swiss Digital Initiative (SDI) mit neuer Gesch\u00e4ftsf\u00fchrung","og_description":"Gesch\u00e4ftsf\u00fchrerin Niniane Paeffgen verl\u00e4sst die Stiftung Swiss Digital Initiative per November 2022 . Ihr Nachfolger wird Fathi Derder.","og_url":"https:\/\/www.m-q.ch\/de\/swiss-digital-initiative-sdi-mit-neuer-geschaeftsfuehrung\/","og_site_name":"MQ Management und Qualit\u00e4t","article_publisher":"https:\/\/www.facebook.com\/ManagementUndQualitaet","article_published_time":"2022-09-13T07:31:59+00:00","og_image":[{"width":680,"height":386,"url":"https:\/\/www.m-q.ch\/wp-content\/uploads\/2022\/09\/Swiss-Digital-Initiative-SDI-mit-neuer-Geschaeftsfuehrung_MQ.jpg","type":"image\/jpeg"}],"author":"Thomas Berner","twitter_card":"summary_large_image","twitter_title":"Swiss Digital Initiative (#SDI) mit neuer #Gesch\u00e4ftsf\u00fchrung","twitter_description":"#Gesch\u00e4ftsf\u00fchrerin Niniane #Paeffgen verl\u00e4sst die Stiftung Swiss Digital Initiative #SDI per November 2022 . Ihr Nachfolger wird Fathi #Derder.","twitter_image":"https:\/\/www.m-q.ch\/wp-content\/uploads\/2022\/09\/Swiss-Digital-Initiative-SDI-mit-neuer-Geschaeftsfuehrung_MQ.jpg","twitter_misc":{"Verfasst von":"Thomas Berner","Gesch\u00e4tzte Lesezeit":"3\u00a0Minuten"},"schema":{"@context":"https:\/\/schema.org","@graph":[{"@type":"Article","@id":"https:\/\/www.m-q.ch\/swiss-digital-initiative-sdi-mit-neuer-geschaeftsfuehrung\/#article","isPartOf":{"@id":"https:\/\/www.m-q.ch\/swiss-digital-initiative-sdi-mit-neuer-geschaeftsfuehrung\/"},"author":{"name":"Thomas Berner","@id":"https:\/\/www.m-q.ch\/fr\/#\/schema\/person\/a8711938b1cfb3f056dec70eaa0b42ab"},"headline":"Swiss Digital Initiative (SDI) mit neuer Gesch\u00e4ftsf\u00fchrung","datePublished":"2022-09-13T07:31:59+00:00","mainEntityOfPage":{"@id":"https:\/\/www.m-q.ch\/swiss-digital-initiative-sdi-mit-neuer-geschaeftsfuehrung\/"},"wordCount":534,"publisher":{"@id":"https:\/\/www.m-q.ch\/fr\/#organization"},"image":{"@id":"https:\/\/www.m-q.ch\/swiss-digital-initiative-sdi-mit-neuer-geschaeftsfuehrung\/#primaryimage"},"thumbnailUrl":"https:\/\/www.m-q.ch\/wp-content\/uploads\/2022\/09\/Swiss-Digital-Initiative-SDI-mit-neuer-Geschaeftsfuehrung_MQ.jpg","keywords":["Digitale Ethik","Digitalisierung","Personalia","Vereine\/Verb\u00e4nde\/Institutionen"],"articleSection":["Business Excellence"],"inLanguage":"de"},{"@type":"WebPage","@id":"https:\/\/www.m-q.ch\/swiss-digital-initiative-sdi-mit-neuer-geschaeftsfuehrung\/","url":"https:\/\/www.m-q.ch\/swiss-digital-initiative-sdi-mit-neuer-geschaeftsfuehrung\/","name":"Swiss Digital Initiative (SDI) mit neuer Gesch\u00e4ftsf\u00fchrung - MQ Management und Qualit\u00e4t","isPartOf":{"@id":"https:\/\/www.m-q.ch\/fr\/#website"},"primaryImageOfPage":{"@id":"https:\/\/www.m-q.ch\/swiss-digital-initiative-sdi-mit-neuer-geschaeftsfuehrung\/#primaryimage"},"image":{"@id":"https:\/\/www.m-q.ch\/swiss-digital-initiative-sdi-mit-neuer-geschaeftsfuehrung\/#primaryimage"},"thumbnailUrl":"https:\/\/www.m-q.ch\/wp-content\/uploads\/2022\/09\/Swiss-Digital-Initiative-SDI-mit-neuer-Geschaeftsfuehrung_MQ.jpg","datePublished":"2022-09-13T07:31:59+00:00","description":"Gesch\u00e4ftsf\u00fchrerin Niniane Paeffgen verl\u00e4sst die Stiftung Swiss Digital Initiative per November 2022 . Ihr Nachfolger wird Fathi Derder.","breadcrumb":{"@id":"https:\/\/www.m-q.ch\/swiss-digital-initiative-sdi-mit-neuer-geschaeftsfuehrung\/#breadcrumb"},"inLanguage":"de","potentialAction":[{"@type":"ReadAction","target":["https:\/\/www.m-q.ch\/swiss-digital-initiative-sdi-mit-neuer-geschaeftsfuehrung\/"]}]},{"@type":"ImageObject","inLanguage":"de","@id":"https:\/\/www.m-q.ch\/swiss-digital-initiative-sdi-mit-neuer-geschaeftsfuehrung\/#primaryimage","url":"https:\/\/www.m-q.ch\/wp-content\/uploads\/2022\/09\/Swiss-Digital-Initiative-SDI-mit-neuer-Geschaeftsfuehrung_MQ.jpg","contentUrl":"https:\/\/www.m-q.ch\/wp-content\/uploads\/2022\/09\/Swiss-Digital-Initiative-SDI-mit-neuer-Geschaeftsfuehrung_MQ.jpg","width":680,"height":386,"caption":"Niniane Paeffgen geht, Fathi Derder kommt: Die Swiss Digital Initiative (SDI) erh\u00e4lt einen neuen Gesch\u00e4ftsf\u00fchrer. (Bilder: Swiss Digital Initiative)"},{"@type":"BreadcrumbList","@id":"https:\/\/www.m-q.ch\/swiss-digital-initiative-sdi-mit-neuer-geschaeftsfuehrung\/#breadcrumb","itemListElement":[{"@type":"ListItem","position":1,"name":"Business Excellence","item":"https:\/\/www.m-q.ch\/kategorie\/business_excellence\/"},{"@type":"ListItem","position":2,"name":"Swiss Digital Initiative (SDI) mit neuer Gesch\u00e4ftsf\u00fchrung"}]},{"@type":"WebSite","@id":"https:\/\/www.m-q.ch\/fr\/#website","url":"https:\/\/www.m-q.ch\/fr\/","name":"MQ Management und Qualit\u00e4t","description":"Plattform f\u00fcr integrierte Managementsysteme.","publisher":{"@id":"https:\/\/www.m-q.ch\/fr\/#organization"},"potentialAction":[{"@type":"SearchAction","target":{"@type":"EntryPoint","urlTemplate":"https:\/\/www.m-q.ch\/fr\/?s={search_term_string}"},"query-input":{"@type":"PropertyValueSpecification","valueRequired":true,"valueName":"search_term_string"}}],"inLanguage":"de"},{"@type":"Organization","@id":"https:\/\/www.m-q.ch\/fr\/#organization","name":"Galledia Fachmedien AG","url":"https:\/\/www.m-q.ch\/fr\/","logo":{"@type":"ImageObject","inLanguage":"de","@id":"https:\/\/www.m-q.ch\/fr\/#\/schema\/logo\/image\/","url":"https:\/\/www.m-q.ch\/wp-content\/uploads\/2020\/12\/cropped-logo_small.png","contentUrl":"https:\/\/www.m-q.ch\/wp-content\/uploads\/2020\/12\/cropped-logo_small.png","width":512,"height":512,"caption":"Galledia Fachmedien AG"},"image":{"@id":"https:\/\/www.m-q.ch\/fr\/#\/schema\/logo\/image\/"},"sameAs":["https:\/\/www.facebook.com\/ManagementUndQualitaet","https:\/\/www.linkedin.com\/showcase\/17982321\/admin\/"]},{"@type":"Person","@id":"https:\/\/www.m-q.ch\/fr\/#\/schema\/person\/a8711938b1cfb3f056dec70eaa0b42ab","name":"Thomas Berner","image":{"@type":"ImageObject","inLanguage":"de","@id":"https:\/\/www.m-q.ch\/fr\/#\/schema\/person\/image\/","url":"https:\/\/secure.gravatar.com\/avatar\/faea7857408f70478f976d576da10f96?s=96&d=mm&r=g","contentUrl":"https:\/\/secure.gravatar.com\/avatar\/faea7857408f70478f976d576da10f96?s=96&d=mm&r=g","caption":"Thomas Berner"},"url":"https:\/\/www.m-q.ch\/de\/author\/thomas-berner\/"}]}},"_links":{"self":[{"href":"https:\/\/www.m-q.ch\/de\/wp-json\/wp\/v2\/posts\/16883","targetHints":{"allow":["GET"]}}],"collection":[{"href":"https:\/\/www.m-q.ch\/de\/wp-json\/wp\/v2\/posts"}],"about":[{"href":"https:\/\/www.m-q.ch\/de\/wp-json\/wp\/v2\/types\/post"}],"author":[{"embeddable":true,"href":"https:\/\/www.m-q.ch\/de\/wp-json\/wp\/v2\/users\/10"}],"replies":[{"embeddable":true,"href":"https:\/\/www.m-q.ch\/de\/wp-json\/wp\/v2\/comments?post=16883"}],"version-history":[{"count":1,"href":"https:\/\/www.m-q.ch\/de\/wp-json\/wp\/v2\/posts\/16883\/revisions"}],"predecessor-version":[{"id":16885,"href":"https:\/\/www.m-q.ch\/de\/wp-json\/wp\/v2\/posts\/16883\/revisions\/16885"}],"wp:featuredmedia":[{"embeddable":true,"href":"https:\/\/www.m-q.ch\/de\/wp-json\/wp\/v2\/media\/16884"}],"wp:attachment":[{"href":"https:\/\/www.m-q.ch\/de\/wp-json\/wp\/v2\/media?parent=16883"}],"wp:term":[{"taxonomy":"category","embeddable":true,"href":"https:\/\/www.m-q.ch\/de\/wp-json\/wp\/v2\/categories?post=16883"},{"taxonomy":"post_tag","embeddable":true,"href":"https:\/\/www.m-q.ch\/de\/wp-json\/wp\/v2\/tags?post=16883"}],"curies":[{"name":"wp","href":"https:\/\/api.w.org\/{rel}","templated":true}]}}