{"id":17396,"date":"2023-01-10T08:30:47","date_gmt":"2023-01-10T07:30:47","guid":{"rendered":"https:\/\/www.m-q.ch\/?p=17396"},"modified":"2023-01-10T08:27:35","modified_gmt":"2023-01-10T07:27:35","slug":"eidgenossenschaft-foerdert-zwei-weitere-technologiezentren","status":"publish","type":"post","link":"https:\/\/www.m-q.ch\/de\/eidgenossenschaft-foerdert-zwei-weitere-technologiezentren\/","title":{"rendered":"Eidgenossenschaft f\u00f6rdert zwei weitere Technologiezentren"},"content":{"rendered":"<figure id=\"attachment_17397\" aria-describedby=\"caption-attachment-17397\" style=\"width: 680px\" class=\"wp-caption alignnone\"><img loading=\"lazy\" decoding=\"async\" class=\"size-full wp-image-17397\" src=\"https:\/\/www.m-q.ch\/wp-content\/uploads\/2023\/01\/Eidgenossenschaft-foerdert-zwei-weitere-Technologiezentren_MQ.jpg\" alt=\"\" width=\"680\" height=\"442\" srcset=\"https:\/\/www.m-q.ch\/wp-content\/uploads\/2023\/01\/Eidgenossenschaft-foerdert-zwei-weitere-Technologiezentren_MQ.jpg 680w, https:\/\/www.m-q.ch\/wp-content\/uploads\/2023\/01\/Eidgenossenschaft-foerdert-zwei-weitere-Technologiezentren_MQ-18x12.jpg 18w, https:\/\/www.m-q.ch\/wp-content\/uploads\/2023\/01\/Eidgenossenschaft-foerdert-zwei-weitere-Technologiezentren_MQ-375x244.jpg 375w, https:\/\/www.m-q.ch\/wp-content\/uploads\/2023\/01\/Eidgenossenschaft-foerdert-zwei-weitere-Technologiezentren_MQ-538x350.jpg 538w\" sizes=\"auto, (max-width: 680px) 100vw, 680px\" \/><figcaption id=\"caption-attachment-17397\" class=\"wp-caption-text\">Die AM-TTC Alliance wurde auf Initiative der Empa gegr\u00fcndet und hat vom Staatssekretariat f\u00fcr Bildung, Forschung und Innovation den Auftrag, Gesuche zu evaluieren und die Entwicklung von AM-TTC-Zentren zu begleiten. (Bild: Envato)<\/figcaption><\/figure>\n<p>Die Schweizer Hochschulen und Forschungseinrichtungen sind in vielen Gebieten weltweit f\u00fchrend. Auch hinsichtlich der Forschungsergebnisse und den daraus resultierenden Patenten geh\u00f6rt die Schweiz zu den f\u00fchrenden Nationen. Doch oftmals finden neue Herstellungstechnologien nicht ihren Weg aus den hiesigen Forschungslaboren in die industrielle Anwendung. Ihr Weg endet dann im \u00abTal des Todes\u00bb f\u00fcr Innovationen.<\/p>\n<h3>Schweiz als qualitativ hochstehender Produktionsstandort erhalten<\/h3>\n<p>Hier setzt die Initiative zum Aufbau eines Verbunds von Schweizer Technologietransferzentren an, den \u00abAdvanced Manufacturing Technologie Transfer Centers\u00bb (kurz AM-TTC). Die Initiative ist ein Teil des Aktionsplans \u00abDigitalisierung\u00bb des Bundes und hat zum Ziel, die Schweiz langfristig als modernen und qualitativ hochstehenden Produktionsstandort zu erhalten. Die AM-TTC-Initiative will Infrastrukturen aufbauen und zug\u00e4nglich machen, die es der Schweizer Industrie \u2013 insbesondere den hiesigen KMU \u2013 erm\u00f6glichen, neue Herstellungstechnologien kennenzulernen, auszuprobieren und in ihre Produktion zu transferieren.<\/p>\n<p>Die einzelnen Technologiezentren werden in einer Partnerschaft zwischen der \u00f6ffentlichen Hand und der Industrie (\u00abPublic-Private Partnership\u00bb) gegr\u00fcndet und finanziert. Die Tr\u00e4gerschaft und die Konsortien der Zentren setzen sich aus Schweizer Forschungseinrichtungen und Industrieunternehmen zusammen. Somit sind diese Zentren gleichzeitig auch Orte, an denen die Partner aus Wissenschaft und Industrie neue Herstellungstechnologien gemeinsam weiterentwickeln und industrietauglich machen k\u00f6nnen.<\/p>\n<div class=\"std-paragraph-block\">\n<h3>Erste Zentren 2019 gegr\u00fcndet<\/h3>\n<div class=\"std-art-paragraph\">\n<p>Im Jahr 2019 wurden bereits zwei Technologiezentren gegr\u00fcndet: das \u00abANAXAM\u00bb-Zentrum, das es Industrieunternehmen einfacher macht, die Strahllinien des Paul Scherrer Instituts (PSI) f\u00fcr die Untersuchung ihrer Materialien und Produkte zu nutzen; und das \u00abSwiss m4m Center\u00bb, das MedTech-Unternehmen Zugang gibt zu einer nach ISO 13485 zertifizierten Pilotproduktionslinie f\u00fcr 3D-gedruckte medizinische Implantate. In der Startphase bis Ende 2020 wurden diese beiden Zentren mit Mitteln des ETH-Rats unterst\u00fctzt; seit Anfang 2021 werden sie mit Mittel des Bundes als Forschungseinrichtungen von nationaler Bedeutung gef\u00f6rdert (gem\u00e4ss Art. 15 des Gesetzes zur F\u00f6rderung von Forschung und Innovation (FIFG)).<\/p>\n<\/div>\n<\/div>\n<div class=\"std-paragraph-block\">\n<h3>F\u00f6rderung f\u00fcr zwei weitere Technologiezentren<\/h3>\n<div class=\"std-art-paragraph\">\n<p>Ende November dieses Jahrs haben nun das Eidgen\u00f6ssisches Departement f\u00fcr Wirtschaft, Bildung und Forschung (WBF) und die \u00abAM-TTC Alliance\u00bb, der Dachverband der AM-TTC-Initiative, nach einem umfassenden Auswahlverfahren entschieden, zwei weitere Technologiezentren aus den Bereichen der kollaborativen Robotik und der Photonik bis Ende 2024 mit Mitteln in H\u00f6he von insgesamt 6.5 Millionen Franken zu f\u00f6rdern. Die F\u00f6rderung erfolgt zum einen aus Mitteln des ETH-Rats, der den Aufbau der AM-TTC in der Schweiz als Massnahme seiner strategischen Planung 2021-2024 definiert hat. Zum anderen erhalten die Zentren ebenfalls F\u00f6rdergelder vom Bund gem\u00e4ss Art. 15 FIFG.<\/p>\n<p>Das \u00abSwiss Cobotics Competence Center\u00bb (S3C) in Biel will die Chancen der Zusammenarbeit zwischen Mensch und Roboter aufzeigen. Sein Ziel ist es, die L\u00fccke zwischen den theoretischen F\u00e4higkeiten von Robotern und der industriellen Realit\u00e4t zu schliessen und somit kollaborative Roboter st\u00e4rker in die industrielle Anwendung zu bringen. Schweizer Unternehmen erhalten mit dem S3C Zugang zu Know-how und einer Demonstrations- und Testplattform f\u00fcr innovative Cobotic-L\u00f6sungen. Neben dem Schweizer Innovationspark Biel\/Bienne und der dort ans\u00e4ssigen \u00abSwiss Smart Factory\u00bb geh\u00f6rt auch die <a href=\"https:\/\/www.bfh.ch\/de\/\">Berner Fachhochschule<\/a> zu den Gr\u00fcndungsmitgliedern des S3C. Und seit dessen Gr\u00fcndung im November 2022 sind bereits viele weitere Partner aus Industrie und Wissenschaft als Mitglieder hinzugekommen.<\/p>\n<p>Das zweite neu gegr\u00fcndete AM-TTC, das \u00abSwiss Photonics Integration Center\u00bb (\u00abSwiss PIC\u00bb), ist im Schweizer Innovationspark \u00ab<a href=\"https:\/\/www.parkinnovaare.ch\/de\">InnovAare<\/a>\u00bb angesiedelt. Im Fokus dieses Zentrums stehen optische Komponenten und Systeme, die Lichtteilchen, sogenannte Photonen, transportieren und verarbeiten. Das \u00abSwiss PITC\u00bb wird Anlagen aufbauen, die es erm\u00f6glichen, auch kleinste optische Komponenten in gr\u00f6ssere Systeme oder Ger\u00e4te zu integrieren und sie zu testen. In der Schweiz gibt es viele Unternehmen und Forschungsgruppen, die neue innovative photonische Komponenten entwickeln und herstellen. Oft haben sie keinen Zugang zu solchen Anlagen. Diese L\u00fccke soll das \u00abSwiss PITC\u00bb schliessen, in dem es solche Anlagen zug\u00e4nglich macht und den Unternehmen hilft, eigene Integrations- und Verpackungsl\u00f6sungen in ihrer Produktion aufzubauen.<\/p>\n<p><em>Quelle: <a href=\"http:\/\/www.empa.ch\">Empa<\/a><\/em><\/p>\n<\/div>\n<\/div>\n<div class=\"std-paragraph-block\">\n<blockquote>\n<h3>Die \u00abAM-TTC Alliance\u00bb<\/h3>\n<\/blockquote>\n<div class=\"std-art-paragraph\">\n<blockquote>\n<p>Am 4. Februar 2019 haben an der Empa in D\u00fcbendorf 22 Schweizer Forschungsinstitutionen und Industrieunternehmen den Verein \u00abAM-TTC Alliance\u00bb, den Dachverband dieser Technologietransferzentren, gegr\u00fcndet. Zu den Mitgliedern z\u00e4hlen Institutionen des ETH-Bereichs, Fachhochschulen und andere Forschungseinrichtungen, Industrieunternehmen wie ABB, BASF, B\u00fchler, Hilti, Oerlikon, Rolex und Siemens sowie der Industrieverband Swissmem. Gesch\u00e4ftsf\u00fchrer ist aktuell der Empa-Forscher Lars Sommerh\u00e4user.<\/p>\n<\/blockquote>\n<\/div>\n<\/div>\n","protected":false},"excerpt":{"rendered":"<p>Die Schweizer Hochschulen und Forschungseinrichtungen sind in vielen Gebieten weltweit f\u00fchrend. Auch hinsichtlich der Forschungsergebnisse und den daraus resultierenden Patenten geh\u00f6rt die Schweiz zu den f\u00fchrenden Nationen. Doch oftmals finden neue Herstellungstechnologien nicht ihren Weg aus den hiesigen Forschungslaboren in die industrielle Anwendung. Ihr Weg endet dann im \u00abTal des Todes\u00bb f\u00fcr Innovationen. Schweiz als [&hellip;]<\/p>\n","protected":false},"author":10,"featured_media":17397,"comment_status":"closed","ping_status":"closed","sticky":false,"template":"","format":"standard","meta":{"_acf_changed":false,"footnotes":""},"categories":[4448],"tags":[3743,3490,4143],"class_list":["post-17396","post","type-post","status-publish","format-standard","has-post-thumbnail","hentry","category-allgemein","tag-forschung","tag-schweiz","tag-technologiezentren"],"acf":[],"yoast_head":"<!-- This site is optimized with the Yoast SEO plugin v26.2 - https:\/\/yoast.com\/wordpress\/plugins\/seo\/ -->\n<title>Eidgenossenschaft f\u00f6rdert zwei weitere Technologiezentren - MQ Management und Qualit\u00e4t<\/title>\n<meta name=\"description\" content=\"Das Eidgen\u00f6ssisches Departement f\u00fcr Wirtschaft, Bildung und Forschung (WBF) und die \u00abAM-TTC Alliance\u00bb f\u00f6rdern zwei weitere Technologiezentren.\" \/>\n<meta name=\"robots\" content=\"index, follow, max-snippet:-1, max-image-preview:large, max-video-preview:-1\" \/>\n<link rel=\"canonical\" href=\"https:\/\/www.m-q.ch\/de\/eidgenossenschaft-foerdert-zwei-weitere-technologiezentren\/\" \/>\n<meta property=\"og:locale\" content=\"de_DE\" \/>\n<meta property=\"og:type\" content=\"article\" \/>\n<meta property=\"og:title\" content=\"Eidgenossenschaft f\u00f6rdert zwei weitere Technologiezentren\" \/>\n<meta property=\"og:description\" content=\"Das Eidgen\u00f6ssisches Departement f\u00fcr Wirtschaft, Bildung und Forschung (WBF) und die \u00abAM-TTC Alliance\u00bb f\u00f6rdern zwei weitere Technologiezentren.\" \/>\n<meta property=\"og:url\" content=\"https:\/\/www.m-q.ch\/de\/eidgenossenschaft-foerdert-zwei-weitere-technologiezentren\/\" \/>\n<meta property=\"og:site_name\" content=\"MQ Management und Qualit\u00e4t\" \/>\n<meta property=\"article:publisher\" content=\"https:\/\/www.facebook.com\/ManagementUndQualitaet\" \/>\n<meta property=\"article:published_time\" content=\"2023-01-10T07:30:47+00:00\" \/>\n<meta property=\"og:image\" content=\"https:\/\/www.m-q.ch\/wp-content\/uploads\/2023\/01\/Eidgenossenschaft-foerdert-zwei-weitere-Technologiezentren_MQ.jpg\" \/>\n\t<meta property=\"og:image:width\" content=\"680\" \/>\n\t<meta property=\"og:image:height\" content=\"442\" \/>\n\t<meta property=\"og:image:type\" content=\"image\/jpeg\" \/>\n<meta name=\"author\" content=\"Thomas Berner\" \/>\n<meta name=\"twitter:card\" content=\"summary_large_image\" \/>\n<meta name=\"twitter:title\" content=\"#Eidgenossenschaft f\u00f6rdert zwei weitere #Technologiezentren\" \/>\n<meta name=\"twitter:description\" content=\"Das Eidgen\u00f6ssisches Departement f\u00fcr Wirtschaft, Bildung und Forschung (#WBF) und die \u00ab#AM-TTC Alliance\u00bb f\u00f6rdern zwei weitere #Technologiezentren.\" \/>\n<meta name=\"twitter:image\" content=\"https:\/\/www.m-q.ch\/wp-content\/uploads\/2023\/01\/Eidgenossenschaft-foerdert-zwei-weitere-Technologiezentren_MQ.jpg\" \/>\n<meta name=\"twitter:label1\" content=\"Verfasst von\" \/>\n\t<meta name=\"twitter:data1\" content=\"Thomas Berner\" \/>\n\t<meta name=\"twitter:label2\" content=\"Gesch\u00e4tzte Lesezeit\" \/>\n\t<meta name=\"twitter:data2\" content=\"4\u00a0Minuten\" \/>\n<script type=\"application\/ld+json\" class=\"yoast-schema-graph\">{\"@context\":\"https:\/\/schema.org\",\"@graph\":[{\"@type\":\"Article\",\"@id\":\"https:\/\/www.m-q.ch\/eidgenossenschaft-foerdert-zwei-weitere-technologiezentren\/#article\",\"isPartOf\":{\"@id\":\"https:\/\/www.m-q.ch\/eidgenossenschaft-foerdert-zwei-weitere-technologiezentren\/\"},\"author\":{\"name\":\"Thomas Berner\",\"@id\":\"https:\/\/www.m-q.ch\/fr\/#\/schema\/person\/a8711938b1cfb3f056dec70eaa0b42ab\"},\"headline\":\"Eidgenossenschaft f\u00f6rdert zwei weitere Technologiezentren\",\"datePublished\":\"2023-01-10T07:30:47+00:00\",\"mainEntityOfPage\":{\"@id\":\"https:\/\/www.m-q.ch\/eidgenossenschaft-foerdert-zwei-weitere-technologiezentren\/\"},\"wordCount\":748,\"publisher\":{\"@id\":\"https:\/\/www.m-q.ch\/fr\/#organization\"},\"image\":{\"@id\":\"https:\/\/www.m-q.ch\/eidgenossenschaft-foerdert-zwei-weitere-technologiezentren\/#primaryimage\"},\"thumbnailUrl\":\"https:\/\/www.m-q.ch\/wp-content\/uploads\/2023\/01\/Eidgenossenschaft-foerdert-zwei-weitere-Technologiezentren_MQ.jpg\",\"keywords\":[\"Forschung\",\"Schweiz\",\"Technologiezentren\"],\"inLanguage\":\"de\"},{\"@type\":\"WebPage\",\"@id\":\"https:\/\/www.m-q.ch\/eidgenossenschaft-foerdert-zwei-weitere-technologiezentren\/\",\"url\":\"https:\/\/www.m-q.ch\/eidgenossenschaft-foerdert-zwei-weitere-technologiezentren\/\",\"name\":\"Eidgenossenschaft f\u00f6rdert zwei weitere Technologiezentren - MQ Management und Qualit\u00e4t\",\"isPartOf\":{\"@id\":\"https:\/\/www.m-q.ch\/fr\/#website\"},\"primaryImageOfPage\":{\"@id\":\"https:\/\/www.m-q.ch\/eidgenossenschaft-foerdert-zwei-weitere-technologiezentren\/#primaryimage\"},\"image\":{\"@id\":\"https:\/\/www.m-q.ch\/eidgenossenschaft-foerdert-zwei-weitere-technologiezentren\/#primaryimage\"},\"thumbnailUrl\":\"https:\/\/www.m-q.ch\/wp-content\/uploads\/2023\/01\/Eidgenossenschaft-foerdert-zwei-weitere-Technologiezentren_MQ.jpg\",\"datePublished\":\"2023-01-10T07:30:47+00:00\",\"description\":\"Das Eidgen\u00f6ssisches Departement f\u00fcr Wirtschaft, Bildung und Forschung (WBF) und die \u00abAM-TTC Alliance\u00bb f\u00f6rdern zwei weitere Technologiezentren.\",\"breadcrumb\":{\"@id\":\"https:\/\/www.m-q.ch\/eidgenossenschaft-foerdert-zwei-weitere-technologiezentren\/#breadcrumb\"},\"inLanguage\":\"de\",\"potentialAction\":[{\"@type\":\"ReadAction\",\"target\":[\"https:\/\/www.m-q.ch\/eidgenossenschaft-foerdert-zwei-weitere-technologiezentren\/\"]}]},{\"@type\":\"ImageObject\",\"inLanguage\":\"de\",\"@id\":\"https:\/\/www.m-q.ch\/eidgenossenschaft-foerdert-zwei-weitere-technologiezentren\/#primaryimage\",\"url\":\"https:\/\/www.m-q.ch\/wp-content\/uploads\/2023\/01\/Eidgenossenschaft-foerdert-zwei-weitere-Technologiezentren_MQ.jpg\",\"contentUrl\":\"https:\/\/www.m-q.ch\/wp-content\/uploads\/2023\/01\/Eidgenossenschaft-foerdert-zwei-weitere-Technologiezentren_MQ.jpg\",\"width\":680,\"height\":442,\"caption\":\"Die AM-TTC Alliance wurde auf Initiative der Empa gegr\u00fcndet und hat vom Staatssekretariat f\u00fcr Bildung, Forschung und Innovation den Auftrag, Gesuche zu evaluieren und die Entwicklung von AM-TTC-Zentren zu begleiten. (Bild: Envato)\"},{\"@type\":\"BreadcrumbList\",\"@id\":\"https:\/\/www.m-q.ch\/eidgenossenschaft-foerdert-zwei-weitere-technologiezentren\/#breadcrumb\",\"itemListElement\":[{\"@type\":\"ListItem\",\"position\":1,\"name\":\"Allgemein\",\"item\":\"https:\/\/www.m-q.ch\/kategorie\/allgemein\/\"},{\"@type\":\"ListItem\",\"position\":2,\"name\":\"Eidgenossenschaft f\u00f6rdert zwei weitere Technologiezentren\"}]},{\"@type\":\"WebSite\",\"@id\":\"https:\/\/www.m-q.ch\/fr\/#website\",\"url\":\"https:\/\/www.m-q.ch\/fr\/\",\"name\":\"MQ Management und Qualit\u00e4t\",\"description\":\"Plattform f\u00fcr integrierte Managementsysteme.\",\"publisher\":{\"@id\":\"https:\/\/www.m-q.ch\/fr\/#organization\"},\"potentialAction\":[{\"@type\":\"SearchAction\",\"target\":{\"@type\":\"EntryPoint\",\"urlTemplate\":\"https:\/\/www.m-q.ch\/fr\/?s={search_term_string}\"},\"query-input\":{\"@type\":\"PropertyValueSpecification\",\"valueRequired\":true,\"valueName\":\"search_term_string\"}}],\"inLanguage\":\"de\"},{\"@type\":\"Organization\",\"@id\":\"https:\/\/www.m-q.ch\/fr\/#organization\",\"name\":\"Galledia Fachmedien AG\",\"url\":\"https:\/\/www.m-q.ch\/fr\/\",\"logo\":{\"@type\":\"ImageObject\",\"inLanguage\":\"de\",\"@id\":\"https:\/\/www.m-q.ch\/fr\/#\/schema\/logo\/image\/\",\"url\":\"https:\/\/www.m-q.ch\/wp-content\/uploads\/2020\/12\/cropped-logo_small.png\",\"contentUrl\":\"https:\/\/www.m-q.ch\/wp-content\/uploads\/2020\/12\/cropped-logo_small.png\",\"width\":512,\"height\":512,\"caption\":\"Galledia Fachmedien AG\"},\"image\":{\"@id\":\"https:\/\/www.m-q.ch\/fr\/#\/schema\/logo\/image\/\"},\"sameAs\":[\"https:\/\/www.facebook.com\/ManagementUndQualitaet\",\"https:\/\/www.linkedin.com\/showcase\/17982321\/admin\/\"]},{\"@type\":\"Person\",\"@id\":\"https:\/\/www.m-q.ch\/fr\/#\/schema\/person\/a8711938b1cfb3f056dec70eaa0b42ab\",\"name\":\"Thomas Berner\",\"image\":{\"@type\":\"ImageObject\",\"inLanguage\":\"de\",\"@id\":\"https:\/\/www.m-q.ch\/fr\/#\/schema\/person\/image\/\",\"url\":\"https:\/\/secure.gravatar.com\/avatar\/faea7857408f70478f976d576da10f96?s=96&d=mm&r=g\",\"contentUrl\":\"https:\/\/secure.gravatar.com\/avatar\/faea7857408f70478f976d576da10f96?s=96&d=mm&r=g\",\"caption\":\"Thomas Berner\"},\"url\":\"https:\/\/www.m-q.ch\/de\/author\/thomas-berner\/\"}]}<\/script>\n<!-- \/ Yoast SEO plugin. -->","yoast_head_json":{"title":"Eidgenossenschaft f\u00f6rdert zwei weitere Technologiezentren - MQ Management und Qualit\u00e4t","description":"Das Eidgen\u00f6ssisches Departement f\u00fcr Wirtschaft, Bildung und Forschung (WBF) und die \u00abAM-TTC Alliance\u00bb f\u00f6rdern zwei weitere Technologiezentren.","robots":{"index":"index","follow":"follow","max-snippet":"max-snippet:-1","max-image-preview":"max-image-preview:large","max-video-preview":"max-video-preview:-1"},"canonical":"https:\/\/www.m-q.ch\/de\/eidgenossenschaft-foerdert-zwei-weitere-technologiezentren\/","og_locale":"de_DE","og_type":"article","og_title":"Eidgenossenschaft f\u00f6rdert zwei weitere Technologiezentren","og_description":"Das Eidgen\u00f6ssisches Departement f\u00fcr Wirtschaft, Bildung und Forschung (WBF) und die \u00abAM-TTC Alliance\u00bb f\u00f6rdern zwei weitere Technologiezentren.","og_url":"https:\/\/www.m-q.ch\/de\/eidgenossenschaft-foerdert-zwei-weitere-technologiezentren\/","og_site_name":"MQ Management und Qualit\u00e4t","article_publisher":"https:\/\/www.facebook.com\/ManagementUndQualitaet","article_published_time":"2023-01-10T07:30:47+00:00","og_image":[{"width":680,"height":442,"url":"https:\/\/www.m-q.ch\/wp-content\/uploads\/2023\/01\/Eidgenossenschaft-foerdert-zwei-weitere-Technologiezentren_MQ.jpg","type":"image\/jpeg"}],"author":"Thomas Berner","twitter_card":"summary_large_image","twitter_title":"#Eidgenossenschaft f\u00f6rdert zwei weitere #Technologiezentren","twitter_description":"Das Eidgen\u00f6ssisches Departement f\u00fcr Wirtschaft, Bildung und Forschung (#WBF) und die \u00ab#AM-TTC Alliance\u00bb f\u00f6rdern zwei weitere #Technologiezentren.","twitter_image":"https:\/\/www.m-q.ch\/wp-content\/uploads\/2023\/01\/Eidgenossenschaft-foerdert-zwei-weitere-Technologiezentren_MQ.jpg","twitter_misc":{"Verfasst von":"Thomas Berner","Gesch\u00e4tzte Lesezeit":"4\u00a0Minuten"},"schema":{"@context":"https:\/\/schema.org","@graph":[{"@type":"Article","@id":"https:\/\/www.m-q.ch\/eidgenossenschaft-foerdert-zwei-weitere-technologiezentren\/#article","isPartOf":{"@id":"https:\/\/www.m-q.ch\/eidgenossenschaft-foerdert-zwei-weitere-technologiezentren\/"},"author":{"name":"Thomas Berner","@id":"https:\/\/www.m-q.ch\/fr\/#\/schema\/person\/a8711938b1cfb3f056dec70eaa0b42ab"},"headline":"Eidgenossenschaft f\u00f6rdert zwei weitere Technologiezentren","datePublished":"2023-01-10T07:30:47+00:00","mainEntityOfPage":{"@id":"https:\/\/www.m-q.ch\/eidgenossenschaft-foerdert-zwei-weitere-technologiezentren\/"},"wordCount":748,"publisher":{"@id":"https:\/\/www.m-q.ch\/fr\/#organization"},"image":{"@id":"https:\/\/www.m-q.ch\/eidgenossenschaft-foerdert-zwei-weitere-technologiezentren\/#primaryimage"},"thumbnailUrl":"https:\/\/www.m-q.ch\/wp-content\/uploads\/2023\/01\/Eidgenossenschaft-foerdert-zwei-weitere-Technologiezentren_MQ.jpg","keywords":["Forschung","Schweiz","Technologiezentren"],"inLanguage":"de"},{"@type":"WebPage","@id":"https:\/\/www.m-q.ch\/eidgenossenschaft-foerdert-zwei-weitere-technologiezentren\/","url":"https:\/\/www.m-q.ch\/eidgenossenschaft-foerdert-zwei-weitere-technologiezentren\/","name":"Eidgenossenschaft f\u00f6rdert zwei weitere Technologiezentren - MQ Management und Qualit\u00e4t","isPartOf":{"@id":"https:\/\/www.m-q.ch\/fr\/#website"},"primaryImageOfPage":{"@id":"https:\/\/www.m-q.ch\/eidgenossenschaft-foerdert-zwei-weitere-technologiezentren\/#primaryimage"},"image":{"@id":"https:\/\/www.m-q.ch\/eidgenossenschaft-foerdert-zwei-weitere-technologiezentren\/#primaryimage"},"thumbnailUrl":"https:\/\/www.m-q.ch\/wp-content\/uploads\/2023\/01\/Eidgenossenschaft-foerdert-zwei-weitere-Technologiezentren_MQ.jpg","datePublished":"2023-01-10T07:30:47+00:00","description":"Das Eidgen\u00f6ssisches Departement f\u00fcr Wirtschaft, Bildung und Forschung (WBF) und die \u00abAM-TTC Alliance\u00bb f\u00f6rdern zwei weitere Technologiezentren.","breadcrumb":{"@id":"https:\/\/www.m-q.ch\/eidgenossenschaft-foerdert-zwei-weitere-technologiezentren\/#breadcrumb"},"inLanguage":"de","potentialAction":[{"@type":"ReadAction","target":["https:\/\/www.m-q.ch\/eidgenossenschaft-foerdert-zwei-weitere-technologiezentren\/"]}]},{"@type":"ImageObject","inLanguage":"de","@id":"https:\/\/www.m-q.ch\/eidgenossenschaft-foerdert-zwei-weitere-technologiezentren\/#primaryimage","url":"https:\/\/www.m-q.ch\/wp-content\/uploads\/2023\/01\/Eidgenossenschaft-foerdert-zwei-weitere-Technologiezentren_MQ.jpg","contentUrl":"https:\/\/www.m-q.ch\/wp-content\/uploads\/2023\/01\/Eidgenossenschaft-foerdert-zwei-weitere-Technologiezentren_MQ.jpg","width":680,"height":442,"caption":"Die AM-TTC Alliance wurde auf Initiative der Empa gegr\u00fcndet und hat vom Staatssekretariat f\u00fcr Bildung, Forschung und Innovation den Auftrag, Gesuche zu evaluieren und die Entwicklung von AM-TTC-Zentren zu begleiten. (Bild: Envato)"},{"@type":"BreadcrumbList","@id":"https:\/\/www.m-q.ch\/eidgenossenschaft-foerdert-zwei-weitere-technologiezentren\/#breadcrumb","itemListElement":[{"@type":"ListItem","position":1,"name":"Allgemein","item":"https:\/\/www.m-q.ch\/kategorie\/allgemein\/"},{"@type":"ListItem","position":2,"name":"Eidgenossenschaft f\u00f6rdert zwei weitere Technologiezentren"}]},{"@type":"WebSite","@id":"https:\/\/www.m-q.ch\/fr\/#website","url":"https:\/\/www.m-q.ch\/fr\/","name":"MQ Management und Qualit\u00e4t","description":"Plattform f\u00fcr integrierte Managementsysteme.","publisher":{"@id":"https:\/\/www.m-q.ch\/fr\/#organization"},"potentialAction":[{"@type":"SearchAction","target":{"@type":"EntryPoint","urlTemplate":"https:\/\/www.m-q.ch\/fr\/?s={search_term_string}"},"query-input":{"@type":"PropertyValueSpecification","valueRequired":true,"valueName":"search_term_string"}}],"inLanguage":"de"},{"@type":"Organization","@id":"https:\/\/www.m-q.ch\/fr\/#organization","name":"Galledia Fachmedien AG","url":"https:\/\/www.m-q.ch\/fr\/","logo":{"@type":"ImageObject","inLanguage":"de","@id":"https:\/\/www.m-q.ch\/fr\/#\/schema\/logo\/image\/","url":"https:\/\/www.m-q.ch\/wp-content\/uploads\/2020\/12\/cropped-logo_small.png","contentUrl":"https:\/\/www.m-q.ch\/wp-content\/uploads\/2020\/12\/cropped-logo_small.png","width":512,"height":512,"caption":"Galledia Fachmedien AG"},"image":{"@id":"https:\/\/www.m-q.ch\/fr\/#\/schema\/logo\/image\/"},"sameAs":["https:\/\/www.facebook.com\/ManagementUndQualitaet","https:\/\/www.linkedin.com\/showcase\/17982321\/admin\/"]},{"@type":"Person","@id":"https:\/\/www.m-q.ch\/fr\/#\/schema\/person\/a8711938b1cfb3f056dec70eaa0b42ab","name":"Thomas Berner","image":{"@type":"ImageObject","inLanguage":"de","@id":"https:\/\/www.m-q.ch\/fr\/#\/schema\/person\/image\/","url":"https:\/\/secure.gravatar.com\/avatar\/faea7857408f70478f976d576da10f96?s=96&d=mm&r=g","contentUrl":"https:\/\/secure.gravatar.com\/avatar\/faea7857408f70478f976d576da10f96?s=96&d=mm&r=g","caption":"Thomas Berner"},"url":"https:\/\/www.m-q.ch\/de\/author\/thomas-berner\/"}]}},"_links":{"self":[{"href":"https:\/\/www.m-q.ch\/de\/wp-json\/wp\/v2\/posts\/17396","targetHints":{"allow":["GET"]}}],"collection":[{"href":"https:\/\/www.m-q.ch\/de\/wp-json\/wp\/v2\/posts"}],"about":[{"href":"https:\/\/www.m-q.ch\/de\/wp-json\/wp\/v2\/types\/post"}],"author":[{"embeddable":true,"href":"https:\/\/www.m-q.ch\/de\/wp-json\/wp\/v2\/users\/10"}],"replies":[{"embeddable":true,"href":"https:\/\/www.m-q.ch\/de\/wp-json\/wp\/v2\/comments?post=17396"}],"version-history":[{"count":1,"href":"https:\/\/www.m-q.ch\/de\/wp-json\/wp\/v2\/posts\/17396\/revisions"}],"predecessor-version":[{"id":17398,"href":"https:\/\/www.m-q.ch\/de\/wp-json\/wp\/v2\/posts\/17396\/revisions\/17398"}],"wp:featuredmedia":[{"embeddable":true,"href":"https:\/\/www.m-q.ch\/de\/wp-json\/wp\/v2\/media\/17397"}],"wp:attachment":[{"href":"https:\/\/www.m-q.ch\/de\/wp-json\/wp\/v2\/media?parent=17396"}],"wp:term":[{"taxonomy":"category","embeddable":true,"href":"https:\/\/www.m-q.ch\/de\/wp-json\/wp\/v2\/categories?post=17396"},{"taxonomy":"post_tag","embeddable":true,"href":"https:\/\/www.m-q.ch\/de\/wp-json\/wp\/v2\/tags?post=17396"}],"curies":[{"name":"wp","href":"https:\/\/api.w.org\/{rel}","templated":true}]}}