{"id":17606,"date":"2023-02-27T14:03:33","date_gmt":"2023-02-27T13:03:33","guid":{"rendered":"https:\/\/www.m-q.ch\/?p=17606"},"modified":"2023-03-21T13:30:46","modified_gmt":"2023-03-21T12:30:46","slug":"der-digitale-imperativ-ersetzt-die-digitale-transformation","status":"publish","type":"post","link":"https:\/\/www.m-q.ch\/de\/der-digitale-imperativ-ersetzt-die-digitale-transformation\/","title":{"rendered":"Der digitale Imperativ ersetzt die digitale Transformation"},"content":{"rendered":"<figure id=\"attachment_17608\" aria-describedby=\"caption-attachment-17608\" style=\"width: 680px\" class=\"wp-caption alignnone\"><img loading=\"lazy\" decoding=\"async\" class=\"size-full wp-image-17608\" src=\"https:\/\/www.m-q.ch\/wp-content\/uploads\/2023\/02\/Der-digitale-Imperativ-ersetzt-die-digitale-Transformation_MQ.jpg\" alt=\"\" width=\"680\" height=\"483\" srcset=\"https:\/\/www.m-q.ch\/wp-content\/uploads\/2023\/02\/Der-digitale-Imperativ-ersetzt-die-digitale-Transformation_MQ.jpg 680w, https:\/\/www.m-q.ch\/wp-content\/uploads\/2023\/02\/Der-digitale-Imperativ-ersetzt-die-digitale-Transformation_MQ-18x12.jpg 18w, https:\/\/www.m-q.ch\/wp-content\/uploads\/2023\/02\/Der-digitale-Imperativ-ersetzt-die-digitale-Transformation_MQ-375x266.jpg 375w, https:\/\/www.m-q.ch\/wp-content\/uploads\/2023\/02\/Der-digitale-Imperativ-ersetzt-die-digitale-Transformation_MQ-493x350.jpg 493w\" sizes=\"auto, (max-width: 680px) 100vw, 680px\" \/><figcaption id=\"caption-attachment-17608\" class=\"wp-caption-text\">In den Augen von Cosima von Kries steht als Fortsetzung der digitalen Transformation der digitale Imperativ. (Bild: Nintex)<\/figcaption><\/figure>\n<p>Dank dessen starker Stellung in der Technologiebranche ist Microsoft in einer guten Position, um neue Trends zu setzen. <a href=\"https:\/\/www.linkedin.com\/pulse\/digital-imperative-every-organization-satya-nadella\/?trackingId=3FHeuQsbQSSIXOtFbjepbg%3D%3D\">Wenn Satya Nadella also sagt<\/a>, dass Unternehmensleiter \u00fcber die digitale Transformation hinausgehen m\u00fcssen, dann ist das durchaus zutreffend. Der digitale Imperativ impliziert mehr als nur Dringlichkeit. Er impliziert eine Notwendigkeit. Digitalisierungsbem\u00fchungen sind nicht nur f\u00fcr anspruchsvolle Unternehmen mit gro\u00dfen Technologiebudgets reserviert. Sie sind f\u00fcr &#8222;jede Organisation in jeder Branche&#8220; notwendig.<\/p>\n<p>Die Umstellung auf die Digitalisierung als Notwendigkeit signalisiert die neue Hauptrolle, die die Technologie in unserer Welt spielt. Technologie existiert nicht mehr nur am Rande des Gesch\u00e4ftslebens. Sie ist mit so vielen Prozessen, Funktionen und Menschen verschmolzen, dass sie im Mittelpunkt der t\u00e4glichen Arbeit steht. Dies ist die echte Bedeutung des digitalen Imperativs. Sie ist ein integraler Bestandteil der Gesch\u00e4ftsfunktionen und von zentraler Bedeutung f\u00fcr das Unternehmenswachstum.<\/p>\n<h3><strong>Was ist mit der digitalen Transformation?<\/strong><\/h3>\n<p><strong>\u00a0<\/strong>Die digitale Transformation hat in den letzten zehn Jahren dazu gef\u00fchrt, dass Unternehmen, die an der Spitze stehen, einen technologiebasierten Ansatz verfolgen. Sie hat ein Umdenken in modernen Unternehmen eingeleitet und den technologischen Wandel massgeblich vorangetrieben.<\/p>\n<p>Was sich ge\u00e4ndert hat, ist nicht der Bedarf an Technologie. Es ist die immerw\u00e4hrende Idee des Wandels. Laut Nadella m\u00fcssen F\u00fchrungskr\u00e4fte ihre Unternehmen nicht neu \u00fcberdenken, neu entdecken oder st\u00e4ndig umgestalten. Der Ver\u00e4nderungsbedarf ist erkannt &#8211; und die ersten digitalen R\u00e4dchen sollten bereits im Einsatz sein. Die digitale Transformation sollte auf Unternehmensebene bereits in vollem Gange sein.\u00a0\u00a0<\/p>\n<h3><strong>Warum unbedingt jetzt der digitale Imperativ?<\/strong><\/h3>\n<p>Die Frage, die sich viele stellen, lautet: Warum gerade jetzt? Warum ist die Digitalisierung jetzt so wichtig geworden (und nicht etwa vor zehn Jahren)?<\/p>\n<p>Der Wandel hin zu einem digitalen Imperativ ist eigentlich ein Erbe der digitalen Transformationsbewegung. Unternehmensleiter haben digitale Investitionen get\u00e4tigt. CIOs und IT-Mitarbeiter haben neue L\u00f6sungen implementiert und Mitarbeiter geschult. Und die gesch\u00e4ftlichen Vorteile sind schnell und deutlich sichtbar geworden. F\u00fcr die Unternehmen, die vor zehn Jahren auf den Digitalisierungszug aufgesprungen sind, hat sich die \u201eTransformation\u201c gelohnt.\u00a0<a href=\"https:\/\/www.forbes.com\/sites\/forbestechcouncil\/2021\/04\/07\/digital-transformation-is-coming-of-age\/?sh=5db842274eee\">Untersuchungen zeigen<\/a>, dass Unternehmen, die sich fr\u00fch f\u00fcr die digitale Transformation entschieden haben, besser in der Lage waren, ihre Digitalisierungsbem\u00fchungen zu beschleunigen, sich schnell umzustellen und weiterhin erfolgreich zu sein. Sp\u00e4tz\u00fcnder mussten feststellen, dass ihre Fortschritte hinter denen zur\u00fcckblieben, die besser vorbereitet waren.<\/p>\n<p>\u201eW\u00e4hrend die digitale Transformation fr\u00fcher eine Strategie war, mit der sich Unternehmen von ihren Konkurrenten abheben und ihnen voraus sein konnten, ist sie heute eine Frage des \u00dcberlebens. Die Digitalisierung ist dringend und notwendig geworden. Sie ist jetzt ein Muss,\u201c h\u00e4lt Cosima von Kries fest.\u00a0<\/p>\n<h3><strong>In welchen Bereichen ist die Digitalisierung unumg\u00e4nglich?<\/strong><\/h3>\n<p>Der digitale Imperativ deckt, wie die digitale Transformation, Schl\u00fcsselbereiche des Gesch\u00e4fts ab. Nicht jedes Unternehmen ist auf dem gleichen Weg, aber typischerweise ist die Digitalisierung entscheidend f\u00fcr:<\/p>\n<ul>\n<li><strong>Datenspeicherung\/-management:<\/strong> In j\u00fcngster Zeit hat sich die Cloud als Schl\u00fcssel zur Datenspeicherung und -verwaltung etabliert und ersetzt damit alte, vor Ort installierte Systeme. Die Speicherung in der Cloud bietet ihren Nutzern mehr Sicherheit und Flexibilit\u00e4t, da sie schnell skaliert werden kann und f\u00fcr Sicherheitsupdates und Patches gesorgt ist.<\/li>\n<li><strong>Systeme f\u00fcr die Zusammenarbeit:<\/strong> Der Verkauf von Kollaborations-Apps boomte w\u00e4hrend der Pandemie, als Remote-Mitarbeiter neue Tools ben\u00f6tigten, um effektiv zusammenzuarbeiten. Kollaborationstools erleichtern ein Fern-\/Hybrid-Arbeitsmodell und erm\u00f6glichen gleichzeitig eine strukturiertere Kommunikation im B\u00fcro.<\/li>\n<li><strong>Produktivit\u00e4ts-Tools:\u00a0<\/strong>Technologien, die die Produktivit\u00e4t f\u00f6rdern, stehen derzeit ganz oben auf der Tagesordnung der Unternehmen. Dazu geh\u00f6ren Automatisierungstools, Workflow-Tools und Anwendungen, die die Produktivit\u00e4t \u00fcber den gesamten Lebenszyklus eines Projekts hinweg verfolgen k\u00f6nnen. Diese Tools sorgen nicht nur f\u00fcr eine Steigerung der Mitarbeiterproduktivit\u00e4t, sondern enthalten in der Regel auch Datenprofile, die eine bessere Entscheidungsfindung erm\u00f6glichen.<\/li>\n<\/ul>\n<h3><strong>Der digitale Imperativ: eine Aufforderung zum Handeln<\/strong><\/h3>\n<p>Bislang war die Digitalisierung eine Entscheidung der Unternehmensleitung. Das Wort \u201eTransformation\u201c wurde verwendet, um den F\u00fchrungskr\u00e4ften den Einstieg in den Digitalisierungsprozess zu erleichtern. Es beschreibt die Metamorphose von veralteten Methoden hin zu neuen Technologien. Jetzt, wo viele digitale Systeme bereits eingef\u00fchrt sind, beginnt eine neue \u00c4ra der Digitalisierung. Ein Unternehmen, das Automatisierungstools, Kollaborations-Apps, KI-gest\u00fctzte Technologien und Cloud-basierte Systeme erfolgreich einsetzt, wird sich &#8211; auf zahlreiche und vielf\u00e4ltige Weise &#8211; auf dem Markt behaupten.\u00a0<\/p>\n<p>Die digitale Transformation ist nicht l\u00e4nger eine Option f\u00fcr Unternehmensleiter. Die Digitalisierung ist auch nicht etwas Radikales, Ausgekl\u00fcgeltes oder leicht \u00fcber Nacht zu Implementierendes. Der digitale Imperativ ist vor allem eine Aufforderung zum Handeln. Er l\u00e4utet eine neue \u00c4ra ein. Und fordert die Nachz\u00fcgler der Digitalisierung auf, sich anzupassen &#8211; und zwar schnell.<\/p>\n<p>Quellennachweis:\u00a0<\/p>\n<ul>\n<li><a href=\"https:\/\/www.linkedin.com\/pulse\/digital-imperative-every-organization-satya-nadella\/?trackingId=3FHeuQsbQSSIXOtFbjepbg%3D%3D\">https:\/\/www.linkedin.com\/pulse\/digital-imperative-every-organization-satya-nadella\/?trackingId=3FHeuQsbQSSIXOtFbjepbg%3D%3D<\/a><\/li>\n<li><a href=\"https:\/\/www.forbes.com\/sites\/forbestechcouncil\/2021\/04\/07\/digital-transformation-is-coming-of-age\/?sh=6c77e35a74ee\">https:\/\/www.forbes.com\/sites\/forbestechcouncil\/2021\/04\/07\/digital-transformation-is-coming-of-age\/?sh=6c77e35a74ee<\/a><\/li>\n<\/ul>\n<p><em>Quelle: <a href=\"https:\/\/www.nintex.de\/\">Nintex<\/a><\/em><\/p>\n","protected":false},"excerpt":{"rendered":"<p>Dank dessen starker Stellung in der Technologiebranche ist Microsoft in einer guten Position, um neue Trends zu setzen. Wenn Satya Nadella also sagt, dass Unternehmensleiter \u00fcber die digitale Transformation hinausgehen m\u00fcssen, dann ist das durchaus zutreffend. Der digitale Imperativ impliziert mehr als nur Dringlichkeit. Er impliziert eine Notwendigkeit. Digitalisierungsbem\u00fchungen sind nicht nur f\u00fcr anspruchsvolle Unternehmen [&hellip;]<\/p>\n","protected":false},"author":10,"featured_media":17608,"comment_status":"closed","ping_status":"closed","sticky":false,"template":"","format":"standard","meta":{"_acf_changed":false,"footnotes":""},"categories":[5],"tags":[3328,3372,3360],"class_list":["post-17606","post","type-post","status-publish","format-standard","has-post-thumbnail","hentry","category-business_excellence","tag-business-excellence","tag-digitalisierung","tag-management-und-unternehmensfuehrung"],"acf":[],"yoast_head":"<!-- This site is optimized with the Yoast SEO plugin v26.2 - https:\/\/yoast.com\/wordpress\/plugins\/seo\/ -->\n<title>Der digitale Imperativ ersetzt die digitale Transformation - MQ Management und Qualit\u00e4t<\/title>\n<meta name=\"description\" content=\"Laut Cosima von Kries, Nintex Director, Solution Engineering EMEA, folgt auf die digitale Transformation der digitale Imperativ.\" \/>\n<meta name=\"robots\" content=\"index, follow, max-snippet:-1, max-image-preview:large, max-video-preview:-1\" \/>\n<link rel=\"canonical\" href=\"https:\/\/www.m-q.ch\/de\/der-digitale-imperativ-ersetzt-die-digitale-transformation\/\" \/>\n<meta property=\"og:locale\" content=\"de_DE\" \/>\n<meta property=\"og:type\" content=\"article\" \/>\n<meta property=\"og:title\" content=\"Der digitale Imperativ ersetzt die digitale Transformation\" \/>\n<meta property=\"og:description\" content=\"Laut Cosima von Kries, Nintex Director, Solution Engineering EMEA, folgt auf die digitale Transformation der digitale Imperativ.\" \/>\n<meta property=\"og:url\" content=\"https:\/\/www.m-q.ch\/de\/der-digitale-imperativ-ersetzt-die-digitale-transformation\/\" \/>\n<meta property=\"og:site_name\" content=\"MQ Management und Qualit\u00e4t\" \/>\n<meta property=\"article:publisher\" content=\"https:\/\/www.facebook.com\/ManagementUndQualitaet\" \/>\n<meta property=\"article:published_time\" content=\"2023-02-27T13:03:33+00:00\" \/>\n<meta property=\"article:modified_time\" content=\"2023-03-21T12:30:46+00:00\" \/>\n<meta property=\"og:image\" content=\"https:\/\/www.m-q.ch\/wp-content\/uploads\/2023\/02\/Der-digitale-Imperativ-ersetzt-die-digitale-Transformation_MQ.jpg\" \/>\n\t<meta property=\"og:image:width\" content=\"680\" \/>\n\t<meta property=\"og:image:height\" content=\"483\" \/>\n\t<meta property=\"og:image:type\" content=\"image\/jpeg\" \/>\n<meta name=\"author\" content=\"Thomas Berner\" \/>\n<meta name=\"twitter:card\" content=\"summary_large_image\" \/>\n<meta name=\"twitter:title\" content=\"Der digitale #Imperativ ersetzt die digitale #Transformation\" \/>\n<meta name=\"twitter:description\" content=\"Laut Cosima von Kries, #Nintex Director, Solution Engineering EMEA, folgt auf die digitale #Transformation der digitale #Imperativ.\" \/>\n<meta name=\"twitter:image\" content=\"https:\/\/www.m-q.ch\/wp-content\/uploads\/2023\/02\/Der-digitale-Imperativ-ersetzt-die-digitale-Transformation_MQ.jpg\" \/>\n<meta name=\"twitter:label1\" content=\"Verfasst von\" \/>\n\t<meta name=\"twitter:data1\" content=\"Thomas Berner\" \/>\n\t<meta name=\"twitter:label2\" content=\"Gesch\u00e4tzte Lesezeit\" \/>\n\t<meta name=\"twitter:data2\" content=\"4\u00a0Minuten\" \/>\n<script type=\"application\/ld+json\" class=\"yoast-schema-graph\">{\"@context\":\"https:\/\/schema.org\",\"@graph\":[{\"@type\":\"Article\",\"@id\":\"https:\/\/www.m-q.ch\/der-digitale-imperativ-ersetzt-die-digitale-transformation\/#article\",\"isPartOf\":{\"@id\":\"https:\/\/www.m-q.ch\/der-digitale-imperativ-ersetzt-die-digitale-transformation\/\"},\"author\":{\"name\":\"Thomas Berner\",\"@id\":\"https:\/\/www.m-q.ch\/fr\/#\/schema\/person\/a8711938b1cfb3f056dec70eaa0b42ab\"},\"headline\":\"Der digitale Imperativ ersetzt die digitale Transformation\",\"datePublished\":\"2023-02-27T13:03:33+00:00\",\"dateModified\":\"2023-03-21T12:30:46+00:00\",\"mainEntityOfPage\":{\"@id\":\"https:\/\/www.m-q.ch\/der-digitale-imperativ-ersetzt-die-digitale-transformation\/\"},\"wordCount\":832,\"publisher\":{\"@id\":\"https:\/\/www.m-q.ch\/fr\/#organization\"},\"image\":{\"@id\":\"https:\/\/www.m-q.ch\/der-digitale-imperativ-ersetzt-die-digitale-transformation\/#primaryimage\"},\"thumbnailUrl\":\"https:\/\/www.m-q.ch\/wp-content\/uploads\/2023\/02\/Der-digitale-Imperativ-ersetzt-die-digitale-Transformation_MQ.jpg\",\"keywords\":[\"Business Excellence\",\"Digitalisierung\",\"Management und Unternehmensf\u00fchrung\"],\"articleSection\":[\"Business Excellence\"],\"inLanguage\":\"de\"},{\"@type\":\"WebPage\",\"@id\":\"https:\/\/www.m-q.ch\/der-digitale-imperativ-ersetzt-die-digitale-transformation\/\",\"url\":\"https:\/\/www.m-q.ch\/der-digitale-imperativ-ersetzt-die-digitale-transformation\/\",\"name\":\"Der digitale Imperativ ersetzt die digitale Transformation - MQ Management und Qualit\u00e4t\",\"isPartOf\":{\"@id\":\"https:\/\/www.m-q.ch\/fr\/#website\"},\"primaryImageOfPage\":{\"@id\":\"https:\/\/www.m-q.ch\/der-digitale-imperativ-ersetzt-die-digitale-transformation\/#primaryimage\"},\"image\":{\"@id\":\"https:\/\/www.m-q.ch\/der-digitale-imperativ-ersetzt-die-digitale-transformation\/#primaryimage\"},\"thumbnailUrl\":\"https:\/\/www.m-q.ch\/wp-content\/uploads\/2023\/02\/Der-digitale-Imperativ-ersetzt-die-digitale-Transformation_MQ.jpg\",\"datePublished\":\"2023-02-27T13:03:33+00:00\",\"dateModified\":\"2023-03-21T12:30:46+00:00\",\"description\":\"Laut Cosima von Kries, Nintex Director, Solution Engineering EMEA, folgt auf die digitale Transformation der digitale Imperativ.\",\"breadcrumb\":{\"@id\":\"https:\/\/www.m-q.ch\/der-digitale-imperativ-ersetzt-die-digitale-transformation\/#breadcrumb\"},\"inLanguage\":\"de\",\"potentialAction\":[{\"@type\":\"ReadAction\",\"target\":[\"https:\/\/www.m-q.ch\/der-digitale-imperativ-ersetzt-die-digitale-transformation\/\"]}]},{\"@type\":\"ImageObject\",\"inLanguage\":\"de\",\"@id\":\"https:\/\/www.m-q.ch\/der-digitale-imperativ-ersetzt-die-digitale-transformation\/#primaryimage\",\"url\":\"https:\/\/www.m-q.ch\/wp-content\/uploads\/2023\/02\/Der-digitale-Imperativ-ersetzt-die-digitale-Transformation_MQ.jpg\",\"contentUrl\":\"https:\/\/www.m-q.ch\/wp-content\/uploads\/2023\/02\/Der-digitale-Imperativ-ersetzt-die-digitale-Transformation_MQ.jpg\",\"width\":680,\"height\":483,\"caption\":\"In den Augen von Cosima von Kries steht als Fortsetzung der digitalen Transformation der digitale Imperativ. (Bild: Nintex)\"},{\"@type\":\"BreadcrumbList\",\"@id\":\"https:\/\/www.m-q.ch\/der-digitale-imperativ-ersetzt-die-digitale-transformation\/#breadcrumb\",\"itemListElement\":[{\"@type\":\"ListItem\",\"position\":1,\"name\":\"Business Excellence\",\"item\":\"https:\/\/www.m-q.ch\/kategorie\/business_excellence\/\"},{\"@type\":\"ListItem\",\"position\":2,\"name\":\"Der digitale Imperativ ersetzt die digitale Transformation\"}]},{\"@type\":\"WebSite\",\"@id\":\"https:\/\/www.m-q.ch\/fr\/#website\",\"url\":\"https:\/\/www.m-q.ch\/fr\/\",\"name\":\"MQ Management und Qualit\u00e4t\",\"description\":\"Plattform f\u00fcr integrierte Managementsysteme.\",\"publisher\":{\"@id\":\"https:\/\/www.m-q.ch\/fr\/#organization\"},\"potentialAction\":[{\"@type\":\"SearchAction\",\"target\":{\"@type\":\"EntryPoint\",\"urlTemplate\":\"https:\/\/www.m-q.ch\/fr\/?s={search_term_string}\"},\"query-input\":{\"@type\":\"PropertyValueSpecification\",\"valueRequired\":true,\"valueName\":\"search_term_string\"}}],\"inLanguage\":\"de\"},{\"@type\":\"Organization\",\"@id\":\"https:\/\/www.m-q.ch\/fr\/#organization\",\"name\":\"Galledia Fachmedien AG\",\"url\":\"https:\/\/www.m-q.ch\/fr\/\",\"logo\":{\"@type\":\"ImageObject\",\"inLanguage\":\"de\",\"@id\":\"https:\/\/www.m-q.ch\/fr\/#\/schema\/logo\/image\/\",\"url\":\"https:\/\/www.m-q.ch\/wp-content\/uploads\/2020\/12\/cropped-logo_small.png\",\"contentUrl\":\"https:\/\/www.m-q.ch\/wp-content\/uploads\/2020\/12\/cropped-logo_small.png\",\"width\":512,\"height\":512,\"caption\":\"Galledia Fachmedien AG\"},\"image\":{\"@id\":\"https:\/\/www.m-q.ch\/fr\/#\/schema\/logo\/image\/\"},\"sameAs\":[\"https:\/\/www.facebook.com\/ManagementUndQualitaet\",\"https:\/\/www.linkedin.com\/showcase\/17982321\/admin\/\"]},{\"@type\":\"Person\",\"@id\":\"https:\/\/www.m-q.ch\/fr\/#\/schema\/person\/a8711938b1cfb3f056dec70eaa0b42ab\",\"name\":\"Thomas Berner\",\"image\":{\"@type\":\"ImageObject\",\"inLanguage\":\"de\",\"@id\":\"https:\/\/www.m-q.ch\/fr\/#\/schema\/person\/image\/\",\"url\":\"https:\/\/secure.gravatar.com\/avatar\/faea7857408f70478f976d576da10f96?s=96&d=mm&r=g\",\"contentUrl\":\"https:\/\/secure.gravatar.com\/avatar\/faea7857408f70478f976d576da10f96?s=96&d=mm&r=g\",\"caption\":\"Thomas Berner\"},\"url\":\"https:\/\/www.m-q.ch\/de\/author\/thomas-berner\/\"}]}<\/script>\n<!-- \/ Yoast SEO plugin. -->","yoast_head_json":{"title":"Der digitale Imperativ ersetzt die digitale Transformation - MQ Management und Qualit\u00e4t","description":"Laut Cosima von Kries, Nintex Director, Solution Engineering EMEA, folgt auf die digitale Transformation der digitale Imperativ.","robots":{"index":"index","follow":"follow","max-snippet":"max-snippet:-1","max-image-preview":"max-image-preview:large","max-video-preview":"max-video-preview:-1"},"canonical":"https:\/\/www.m-q.ch\/de\/der-digitale-imperativ-ersetzt-die-digitale-transformation\/","og_locale":"de_DE","og_type":"article","og_title":"Der digitale Imperativ ersetzt die digitale Transformation","og_description":"Laut Cosima von Kries, Nintex Director, Solution Engineering EMEA, folgt auf die digitale Transformation der digitale Imperativ.","og_url":"https:\/\/www.m-q.ch\/de\/der-digitale-imperativ-ersetzt-die-digitale-transformation\/","og_site_name":"MQ Management und Qualit\u00e4t","article_publisher":"https:\/\/www.facebook.com\/ManagementUndQualitaet","article_published_time":"2023-02-27T13:03:33+00:00","article_modified_time":"2023-03-21T12:30:46+00:00","og_image":[{"width":680,"height":483,"url":"https:\/\/www.m-q.ch\/wp-content\/uploads\/2023\/02\/Der-digitale-Imperativ-ersetzt-die-digitale-Transformation_MQ.jpg","type":"image\/jpeg"}],"author":"Thomas Berner","twitter_card":"summary_large_image","twitter_title":"Der digitale #Imperativ ersetzt die digitale #Transformation","twitter_description":"Laut Cosima von Kries, #Nintex Director, Solution Engineering EMEA, folgt auf die digitale #Transformation der digitale #Imperativ.","twitter_image":"https:\/\/www.m-q.ch\/wp-content\/uploads\/2023\/02\/Der-digitale-Imperativ-ersetzt-die-digitale-Transformation_MQ.jpg","twitter_misc":{"Verfasst von":"Thomas Berner","Gesch\u00e4tzte Lesezeit":"4\u00a0Minuten"},"schema":{"@context":"https:\/\/schema.org","@graph":[{"@type":"Article","@id":"https:\/\/www.m-q.ch\/der-digitale-imperativ-ersetzt-die-digitale-transformation\/#article","isPartOf":{"@id":"https:\/\/www.m-q.ch\/der-digitale-imperativ-ersetzt-die-digitale-transformation\/"},"author":{"name":"Thomas Berner","@id":"https:\/\/www.m-q.ch\/fr\/#\/schema\/person\/a8711938b1cfb3f056dec70eaa0b42ab"},"headline":"Der digitale Imperativ ersetzt die digitale Transformation","datePublished":"2023-02-27T13:03:33+00:00","dateModified":"2023-03-21T12:30:46+00:00","mainEntityOfPage":{"@id":"https:\/\/www.m-q.ch\/der-digitale-imperativ-ersetzt-die-digitale-transformation\/"},"wordCount":832,"publisher":{"@id":"https:\/\/www.m-q.ch\/fr\/#organization"},"image":{"@id":"https:\/\/www.m-q.ch\/der-digitale-imperativ-ersetzt-die-digitale-transformation\/#primaryimage"},"thumbnailUrl":"https:\/\/www.m-q.ch\/wp-content\/uploads\/2023\/02\/Der-digitale-Imperativ-ersetzt-die-digitale-Transformation_MQ.jpg","keywords":["Business Excellence","Digitalisierung","Management und Unternehmensf\u00fchrung"],"articleSection":["Business Excellence"],"inLanguage":"de"},{"@type":"WebPage","@id":"https:\/\/www.m-q.ch\/der-digitale-imperativ-ersetzt-die-digitale-transformation\/","url":"https:\/\/www.m-q.ch\/der-digitale-imperativ-ersetzt-die-digitale-transformation\/","name":"Der digitale Imperativ ersetzt die digitale Transformation - MQ Management und Qualit\u00e4t","isPartOf":{"@id":"https:\/\/www.m-q.ch\/fr\/#website"},"primaryImageOfPage":{"@id":"https:\/\/www.m-q.ch\/der-digitale-imperativ-ersetzt-die-digitale-transformation\/#primaryimage"},"image":{"@id":"https:\/\/www.m-q.ch\/der-digitale-imperativ-ersetzt-die-digitale-transformation\/#primaryimage"},"thumbnailUrl":"https:\/\/www.m-q.ch\/wp-content\/uploads\/2023\/02\/Der-digitale-Imperativ-ersetzt-die-digitale-Transformation_MQ.jpg","datePublished":"2023-02-27T13:03:33+00:00","dateModified":"2023-03-21T12:30:46+00:00","description":"Laut Cosima von Kries, Nintex Director, Solution Engineering EMEA, folgt auf die digitale Transformation der digitale Imperativ.","breadcrumb":{"@id":"https:\/\/www.m-q.ch\/der-digitale-imperativ-ersetzt-die-digitale-transformation\/#breadcrumb"},"inLanguage":"de","potentialAction":[{"@type":"ReadAction","target":["https:\/\/www.m-q.ch\/der-digitale-imperativ-ersetzt-die-digitale-transformation\/"]}]},{"@type":"ImageObject","inLanguage":"de","@id":"https:\/\/www.m-q.ch\/der-digitale-imperativ-ersetzt-die-digitale-transformation\/#primaryimage","url":"https:\/\/www.m-q.ch\/wp-content\/uploads\/2023\/02\/Der-digitale-Imperativ-ersetzt-die-digitale-Transformation_MQ.jpg","contentUrl":"https:\/\/www.m-q.ch\/wp-content\/uploads\/2023\/02\/Der-digitale-Imperativ-ersetzt-die-digitale-Transformation_MQ.jpg","width":680,"height":483,"caption":"In den Augen von Cosima von Kries steht als Fortsetzung der digitalen Transformation der digitale Imperativ. (Bild: Nintex)"},{"@type":"BreadcrumbList","@id":"https:\/\/www.m-q.ch\/der-digitale-imperativ-ersetzt-die-digitale-transformation\/#breadcrumb","itemListElement":[{"@type":"ListItem","position":1,"name":"Business Excellence","item":"https:\/\/www.m-q.ch\/kategorie\/business_excellence\/"},{"@type":"ListItem","position":2,"name":"Der digitale Imperativ ersetzt die digitale Transformation"}]},{"@type":"WebSite","@id":"https:\/\/www.m-q.ch\/fr\/#website","url":"https:\/\/www.m-q.ch\/fr\/","name":"MQ Management und Qualit\u00e4t","description":"Plattform f\u00fcr integrierte Managementsysteme.","publisher":{"@id":"https:\/\/www.m-q.ch\/fr\/#organization"},"potentialAction":[{"@type":"SearchAction","target":{"@type":"EntryPoint","urlTemplate":"https:\/\/www.m-q.ch\/fr\/?s={search_term_string}"},"query-input":{"@type":"PropertyValueSpecification","valueRequired":true,"valueName":"search_term_string"}}],"inLanguage":"de"},{"@type":"Organization","@id":"https:\/\/www.m-q.ch\/fr\/#organization","name":"Galledia Fachmedien AG","url":"https:\/\/www.m-q.ch\/fr\/","logo":{"@type":"ImageObject","inLanguage":"de","@id":"https:\/\/www.m-q.ch\/fr\/#\/schema\/logo\/image\/","url":"https:\/\/www.m-q.ch\/wp-content\/uploads\/2020\/12\/cropped-logo_small.png","contentUrl":"https:\/\/www.m-q.ch\/wp-content\/uploads\/2020\/12\/cropped-logo_small.png","width":512,"height":512,"caption":"Galledia Fachmedien AG"},"image":{"@id":"https:\/\/www.m-q.ch\/fr\/#\/schema\/logo\/image\/"},"sameAs":["https:\/\/www.facebook.com\/ManagementUndQualitaet","https:\/\/www.linkedin.com\/showcase\/17982321\/admin\/"]},{"@type":"Person","@id":"https:\/\/www.m-q.ch\/fr\/#\/schema\/person\/a8711938b1cfb3f056dec70eaa0b42ab","name":"Thomas Berner","image":{"@type":"ImageObject","inLanguage":"de","@id":"https:\/\/www.m-q.ch\/fr\/#\/schema\/person\/image\/","url":"https:\/\/secure.gravatar.com\/avatar\/faea7857408f70478f976d576da10f96?s=96&d=mm&r=g","contentUrl":"https:\/\/secure.gravatar.com\/avatar\/faea7857408f70478f976d576da10f96?s=96&d=mm&r=g","caption":"Thomas Berner"},"url":"https:\/\/www.m-q.ch\/de\/author\/thomas-berner\/"}]}},"_links":{"self":[{"href":"https:\/\/www.m-q.ch\/de\/wp-json\/wp\/v2\/posts\/17606","targetHints":{"allow":["GET"]}}],"collection":[{"href":"https:\/\/www.m-q.ch\/de\/wp-json\/wp\/v2\/posts"}],"about":[{"href":"https:\/\/www.m-q.ch\/de\/wp-json\/wp\/v2\/types\/post"}],"author":[{"embeddable":true,"href":"https:\/\/www.m-q.ch\/de\/wp-json\/wp\/v2\/users\/10"}],"replies":[{"embeddable":true,"href":"https:\/\/www.m-q.ch\/de\/wp-json\/wp\/v2\/comments?post=17606"}],"version-history":[{"count":2,"href":"https:\/\/www.m-q.ch\/de\/wp-json\/wp\/v2\/posts\/17606\/revisions"}],"predecessor-version":[{"id":17609,"href":"https:\/\/www.m-q.ch\/de\/wp-json\/wp\/v2\/posts\/17606\/revisions\/17609"}],"wp:featuredmedia":[{"embeddable":true,"href":"https:\/\/www.m-q.ch\/de\/wp-json\/wp\/v2\/media\/17608"}],"wp:attachment":[{"href":"https:\/\/www.m-q.ch\/de\/wp-json\/wp\/v2\/media?parent=17606"}],"wp:term":[{"taxonomy":"category","embeddable":true,"href":"https:\/\/www.m-q.ch\/de\/wp-json\/wp\/v2\/categories?post=17606"},{"taxonomy":"post_tag","embeddable":true,"href":"https:\/\/www.m-q.ch\/de\/wp-json\/wp\/v2\/tags?post=17606"}],"curies":[{"name":"wp","href":"https:\/\/api.w.org\/{rel}","templated":true}]}}