{"id":17691,"date":"2023-03-23T08:19:33","date_gmt":"2023-03-23T07:19:33","guid":{"rendered":"https:\/\/www.m-q.ch\/?p=17691"},"modified":"2023-03-23T08:55:31","modified_gmt":"2023-03-23T07:55:31","slug":"schweizerische-managementgesellschaft-smg-mit-neuer-praesidentin","status":"publish","type":"post","link":"https:\/\/www.m-q.ch\/de\/schweizerische-managementgesellschaft-smg-mit-neuer-praesidentin\/","title":{"rendered":"Schweizerische Managementgesellschaft SMG mit neuer Pr\u00e4sidentin"},"content":{"rendered":"<figure id=\"attachment_17692\" aria-describedby=\"caption-attachment-17692\" style=\"width: 680px\" class=\"wp-caption alignnone\"><img loading=\"lazy\" decoding=\"async\" class=\"size-full wp-image-17692\" src=\"https:\/\/www.m-q.ch\/wp-content\/uploads\/2023\/03\/Schweizerische-Management-Gesellschaft-SMG-mit-neuer-Praesidentin_MQ.jpg\" alt=\"\" width=\"680\" height=\"449\" srcset=\"https:\/\/www.m-q.ch\/wp-content\/uploads\/2023\/03\/Schweizerische-Management-Gesellschaft-SMG-mit-neuer-Praesidentin_MQ.jpg 680w, https:\/\/www.m-q.ch\/wp-content\/uploads\/2023\/03\/Schweizerische-Management-Gesellschaft-SMG-mit-neuer-Praesidentin_MQ-18x12.jpg 18w, https:\/\/www.m-q.ch\/wp-content\/uploads\/2023\/03\/Schweizerische-Management-Gesellschaft-SMG-mit-neuer-Praesidentin_MQ-375x248.jpg 375w, https:\/\/www.m-q.ch\/wp-content\/uploads\/2023\/03\/Schweizerische-Management-Gesellschaft-SMG-mit-neuer-Praesidentin_MQ-530x350.jpg 530w\" sizes=\"auto, (max-width: 680px) 100vw, 680px\" \/><figcaption id=\"caption-attachment-17692\" class=\"wp-caption-text\">Sarah Kreienb\u00fchl pr\u00e4sidiert neu die Schweizerische Managementgesellschaft SMG. (Bild: SMG)<\/figcaption><\/figure>\n<p>Die 1961 aus dem Betriebswissenschaftlichen Institut (BWI) der ETH hervorgegangene Schweizerische Managementgesellschaft ist die nach eigenen Angaben bedeutendste Vereinigung f\u00fchrender Entscheidungstr\u00e4ger der Schweizer Wirtschaft. Sie setzt sich daf\u00fcr ein, dass sich die Wirtschaftsf\u00fchrer der Schweiz kraft exzellenter Unternehmensf\u00fchrung im globalen Wettbewerb an vorderster Front durchsetzen. An der diesj\u00e4hrigen Generalversammlung wurden neue Vorstandsmitglieder und eine neue Pr\u00e4sidentin gew\u00e4hlt: Nora Teuwsen und Thomas Amstutz sind neu im SMG-Vorstand und Sarah Kreienb\u00fchl neue Pr\u00e4sidentin. Erstmals in der Geschichte der SMG sind die Frauen im Vorstand in der Mehrheit.<\/p>\n<h3>Die neuen Mitglieder im SMG-Vorstand<\/h3>\n<p>Nora Teuwsen ist seit August 2022 Vorsitzende der Gesch\u00e4ftsleitung der ABB Schweiz AG. Sie hat einen Master in Jurisprudenz der Universit\u00e4t Z\u00fcrich und verf\u00fcgt \u00fcber das schweizerische Anwaltspatent wie auch einen \u00abExecutive Master of European and International Business Law\u00bb der Universit\u00e4t St. Gallen. Zuvor war Teuwsen in verschiedenen Funktionen bei den SBB t\u00e4tig, zuletzt von 2013 bis 2019 als Group General Counsel. 2019 gr\u00fcndete sie Beyondlegal, ein Beratungsunternehmen f\u00fcr Rechtsabteilungen. Nora Teuwsen ist auch Stiftungsr\u00e4tin der Stiftung \u00abMenschen f\u00fcr Menschen\u00bb und Verwaltungsr\u00e4tin der Raiffeisenbank St. Gallen.\u00a0<\/p>\n<p>Thomas Amstutz ist seit 2012 CEO und Verwaltungsratspr\u00e4sident der Feldschl\u00f6sschen Getr\u00e4nke AG. Nach Abschluss seines Betriebswirtschaftsstudiums an der Hochschule St. Gallen (HSG) stieg er bei Unilever ein und wirkte als Brandmanager in Z\u00fcrich und als European Innovation Manager in Paris. Ab 1998 war Amstutz als Marketingleiter von Hero t\u00e4tig und \u00fcbernahm 2001 die F\u00fchrung als General Manager der Hero Schweiz. Von 2005 \u2013 2008 leitete er bereits schon einmal als CEO die Feldschl\u00f6sschen Getr\u00e4nke AG, bevor er f\u00fcr vier Jahre als CEO der Brasseries Kronenbourg in Paris fungierte und gleichzeitig das Amt des Verwaltungsratspr\u00e4sidenten der Feldschl\u00f6sschen Getr\u00e4nke AG bekleidete.<\/p>\n<h3>Sarah Kreienb\u00fchl ist neue Pr\u00e4sidentin der SMG<\/h3>\n<p>Lukas Braunschweiler, Verwaltungsrat diverser Unternehmen, \u00fcbergibt das Amt nach der maximalen Amtszeit von 8 Jahren als Mitglied des Vorstands, davon 5 Jahre als Pr\u00e4sident. Unter seiner \u00c4gide wurde eine enge Vernetzung zwischen der Wirtschaft, der Wissenschaft und dem Jungunternehmertum vorangetrieben und geeignete Plattformen dazu geschaffen. Ebenso wurden Betrieb und Auftritt der SMG konsequent digitalisiert und Wege gefunden, um auch unter den Einschr\u00e4nkungen der Corona-Pandemie mit neuen Formen und Angeboten die Mitglieder zu erreichen und zu vernetzen.<\/p>\n<p>Sarah Kreienb\u00fchl wurde nach einer 1. Amtszeit von 4 Jahren im Vorstand zur Pr\u00e4sidentin gew\u00e4hlt: \u201eGerade in diesen spannenden wie anspruchsvollen Zeiten m\u00f6chten wir unseren Mitgliedern eine Plattform zur Inspiration und Vernetzung bieten, um Opportunit\u00e4ten gemeinsam zu nutzen &#8211; f\u00fcr eine starke Schweizer Wirtschaft\u201c.\u00a0Sarah Kreienb\u00fchl wird per 1. April 2023 Mitglied der Gesch\u00e4ftsleitung bei K\u00fchne + Nagel International AG und CHRO mit Zusatzverantwortung f\u00fcr Nachhaltigkeit. Zuvor war sie f\u00fcnf Jahre Mitglied der Generaldirektion des Migros-Genossenschafts-Bundes und f\u00fchrte unter anderem die Bereiche HRM, Unternehmenskommunikation sowie gesellschaftliches Engagement der Migros Gruppe. Von 2004 bis 2017 war sie bei Sonova (ehemals Phonak) als Mitglied der Gesch\u00e4ftsleitung global f\u00fcr das HRM verantwortlich, ab 2012 zus\u00e4tzlich f\u00fcr die Leitung der Unternehmenskommunikation, des Corporate Branding und der Nachhaltigkeit. Seit April 2022 ist sie Mitglied des Verwaltungsrats der Rieter Holding AG und Vorsitzende des Nomination and Remuneration Committee.<\/p>\n<p>Turnusgem\u00e4ss nach zwei Legislaturperioden von insgesamt acht Jahren und grossem Engagement, ist auch Urs Riedener, CEO Emmi Gruppe, Emmi Management AG (bis Ende 2022), aus dem SMG-Vorstand ausgeschieden. F\u00fcr eine zweite Amtszeit von 4 Jahren best\u00e4tigt wurden Marco Gadola, Pr\u00e4sident des Verwaltungsrats, DKSH Holding AG, Kamila Markram, CEO und Mitbegr\u00fcnderin, Frontiers und Monika R\u00fchl, Vorsitzende der Gesch\u00e4ftsleitung, economiesuisse.<\/p>\n<p><em>Quelle und weitere Informationen: <a href=\"http:\/\/www.smg.ch\">SMG<\/a><\/em><\/p>\n","protected":false},"excerpt":{"rendered":"<p>Die 1961 aus dem Betriebswissenschaftlichen Institut (BWI) der ETH hervorgegangene Schweizerische Managementgesellschaft ist die nach eigenen Angaben bedeutendste Vereinigung f\u00fchrender Entscheidungstr\u00e4ger der Schweizer Wirtschaft. Sie setzt sich daf\u00fcr ein, dass sich die Wirtschaftsf\u00fchrer der Schweiz kraft exzellenter Unternehmensf\u00fchrung im globalen Wettbewerb an vorderster Front durchsetzen. An der diesj\u00e4hrigen Generalversammlung wurden neue Vorstandsmitglieder und eine neue [&hellip;]<\/p>\n","protected":false},"author":10,"featured_media":17692,"comment_status":"closed","ping_status":"closed","sticky":false,"template":"","format":"standard","meta":{"_acf_changed":false,"footnotes":""},"categories":[5],"tags":[3335,3359],"class_list":["post-17691","post","type-post","status-publish","format-standard","has-post-thumbnail","hentry","category-business_excellence","tag-personalia","tag-vereineverbaendeinstitutionen"],"acf":[],"yoast_head":"<!-- This site is optimized with the Yoast SEO plugin v26.2 - https:\/\/yoast.com\/wordpress\/plugins\/seo\/ -->\n<title>Schweizerische Managementgesellschaft SMG mit neuer Pr\u00e4sidentin - MQ Management und Qualit\u00e4t<\/title>\n<meta name=\"description\" content=\"Die Schweizerische Managementgesellschaft (SMG) hat ihren Vorstand neu bestellt und eine mit Sarah Kreienb\u00fchl eine neue Pr\u00e4sidentin.\" \/>\n<meta name=\"robots\" content=\"index, follow, max-snippet:-1, max-image-preview:large, max-video-preview:-1\" \/>\n<link rel=\"canonical\" href=\"https:\/\/www.m-q.ch\/de\/schweizerische-managementgesellschaft-smg-mit-neuer-praesidentin\/\" \/>\n<meta property=\"og:locale\" content=\"de_DE\" \/>\n<meta property=\"og:type\" content=\"article\" \/>\n<meta property=\"og:title\" content=\"Schweizerische Managementgesellschaft SMG mit neuer Pr\u00e4sidentin\" \/>\n<meta property=\"og:description\" content=\"Die Schweizerische Managementgesellschaft (SMG) hat ihren Vorstand neu bestellt und eine mit Sarah Kreienb\u00fchl eine neue Pr\u00e4sidentin.\" \/>\n<meta property=\"og:url\" content=\"https:\/\/www.m-q.ch\/de\/schweizerische-managementgesellschaft-smg-mit-neuer-praesidentin\/\" \/>\n<meta property=\"og:site_name\" content=\"MQ Management und Qualit\u00e4t\" \/>\n<meta property=\"article:publisher\" content=\"https:\/\/www.facebook.com\/ManagementUndQualitaet\" \/>\n<meta property=\"article:published_time\" content=\"2023-03-23T07:19:33+00:00\" \/>\n<meta property=\"article:modified_time\" content=\"2023-03-23T07:55:31+00:00\" \/>\n<meta property=\"og:image\" content=\"https:\/\/www.m-q.ch\/wp-content\/uploads\/2023\/03\/Schweizerische-Management-Gesellschaft-SMG-mit-neuer-Praesidentin_MQ.jpg\" \/>\n\t<meta property=\"og:image:width\" content=\"680\" \/>\n\t<meta property=\"og:image:height\" content=\"449\" \/>\n\t<meta property=\"og:image:type\" content=\"image\/jpeg\" \/>\n<meta name=\"author\" content=\"Thomas Berner\" \/>\n<meta name=\"twitter:card\" content=\"summary_large_image\" \/>\n<meta name=\"twitter:title\" content=\"Schweizerische #Managementgesellschaft #SMG mit neuer Pr\u00e4sidentin\" \/>\n<meta name=\"twitter:description\" content=\"Die Schweizerische #Managementgesellschaft (#SMG) hat ihren Vorstand neu bestellt und eine mit Sarah #Kreienb\u00fchl eine neue Pr\u00e4sidentin.\" \/>\n<meta name=\"twitter:image\" content=\"https:\/\/www.m-q.ch\/wp-content\/uploads\/2023\/03\/Schweizerische-Management-Gesellschaft-SMG-mit-neuer-Praesidentin_MQ.jpg\" \/>\n<meta name=\"twitter:label1\" content=\"Verfasst von\" \/>\n\t<meta name=\"twitter:data1\" content=\"Thomas Berner\" \/>\n\t<meta name=\"twitter:label2\" content=\"Gesch\u00e4tzte Lesezeit\" \/>\n\t<meta name=\"twitter:data2\" content=\"3\u00a0Minuten\" \/>\n<script type=\"application\/ld+json\" class=\"yoast-schema-graph\">{\"@context\":\"https:\/\/schema.org\",\"@graph\":[{\"@type\":\"Article\",\"@id\":\"https:\/\/www.m-q.ch\/schweizerische-managementgesellschaft-smg-mit-neuer-praesidentin\/#article\",\"isPartOf\":{\"@id\":\"https:\/\/www.m-q.ch\/schweizerische-managementgesellschaft-smg-mit-neuer-praesidentin\/\"},\"author\":{\"name\":\"Thomas Berner\",\"@id\":\"https:\/\/www.m-q.ch\/fr\/#\/schema\/person\/a8711938b1cfb3f056dec70eaa0b42ab\"},\"headline\":\"Schweizerische Managementgesellschaft SMG mit neuer Pr\u00e4sidentin\",\"datePublished\":\"2023-03-23T07:19:33+00:00\",\"dateModified\":\"2023-03-23T07:55:31+00:00\",\"mainEntityOfPage\":{\"@id\":\"https:\/\/www.m-q.ch\/schweizerische-managementgesellschaft-smg-mit-neuer-praesidentin\/\"},\"wordCount\":625,\"publisher\":{\"@id\":\"https:\/\/www.m-q.ch\/fr\/#organization\"},\"image\":{\"@id\":\"https:\/\/www.m-q.ch\/schweizerische-managementgesellschaft-smg-mit-neuer-praesidentin\/#primaryimage\"},\"thumbnailUrl\":\"https:\/\/www.m-q.ch\/wp-content\/uploads\/2023\/03\/Schweizerische-Management-Gesellschaft-SMG-mit-neuer-Praesidentin_MQ.jpg\",\"keywords\":[\"Personalia\",\"Vereine\/Verb\u00e4nde\/Institutionen\"],\"articleSection\":[\"Business Excellence\"],\"inLanguage\":\"de\"},{\"@type\":\"WebPage\",\"@id\":\"https:\/\/www.m-q.ch\/schweizerische-managementgesellschaft-smg-mit-neuer-praesidentin\/\",\"url\":\"https:\/\/www.m-q.ch\/schweizerische-managementgesellschaft-smg-mit-neuer-praesidentin\/\",\"name\":\"Schweizerische Managementgesellschaft SMG mit neuer Pr\u00e4sidentin - MQ Management und Qualit\u00e4t\",\"isPartOf\":{\"@id\":\"https:\/\/www.m-q.ch\/fr\/#website\"},\"primaryImageOfPage\":{\"@id\":\"https:\/\/www.m-q.ch\/schweizerische-managementgesellschaft-smg-mit-neuer-praesidentin\/#primaryimage\"},\"image\":{\"@id\":\"https:\/\/www.m-q.ch\/schweizerische-managementgesellschaft-smg-mit-neuer-praesidentin\/#primaryimage\"},\"thumbnailUrl\":\"https:\/\/www.m-q.ch\/wp-content\/uploads\/2023\/03\/Schweizerische-Management-Gesellschaft-SMG-mit-neuer-Praesidentin_MQ.jpg\",\"datePublished\":\"2023-03-23T07:19:33+00:00\",\"dateModified\":\"2023-03-23T07:55:31+00:00\",\"description\":\"Die Schweizerische Managementgesellschaft (SMG) hat ihren Vorstand neu bestellt und eine mit Sarah Kreienb\u00fchl eine neue Pr\u00e4sidentin.\",\"breadcrumb\":{\"@id\":\"https:\/\/www.m-q.ch\/schweizerische-managementgesellschaft-smg-mit-neuer-praesidentin\/#breadcrumb\"},\"inLanguage\":\"de\",\"potentialAction\":[{\"@type\":\"ReadAction\",\"target\":[\"https:\/\/www.m-q.ch\/schweizerische-managementgesellschaft-smg-mit-neuer-praesidentin\/\"]}]},{\"@type\":\"ImageObject\",\"inLanguage\":\"de\",\"@id\":\"https:\/\/www.m-q.ch\/schweizerische-managementgesellschaft-smg-mit-neuer-praesidentin\/#primaryimage\",\"url\":\"https:\/\/www.m-q.ch\/wp-content\/uploads\/2023\/03\/Schweizerische-Management-Gesellschaft-SMG-mit-neuer-Praesidentin_MQ.jpg\",\"contentUrl\":\"https:\/\/www.m-q.ch\/wp-content\/uploads\/2023\/03\/Schweizerische-Management-Gesellschaft-SMG-mit-neuer-Praesidentin_MQ.jpg\",\"width\":680,\"height\":449,\"caption\":\"Sarah Kreienb\u00fchl pr\u00e4sidiert neu die Schweizerische Management Gesellschaft SMG. (Bild: SMG)\"},{\"@type\":\"BreadcrumbList\",\"@id\":\"https:\/\/www.m-q.ch\/schweizerische-managementgesellschaft-smg-mit-neuer-praesidentin\/#breadcrumb\",\"itemListElement\":[{\"@type\":\"ListItem\",\"position\":1,\"name\":\"Business Excellence\",\"item\":\"https:\/\/www.m-q.ch\/kategorie\/business_excellence\/\"},{\"@type\":\"ListItem\",\"position\":2,\"name\":\"Schweizerische Managementgesellschaft SMG mit neuer Pr\u00e4sidentin\"}]},{\"@type\":\"WebSite\",\"@id\":\"https:\/\/www.m-q.ch\/fr\/#website\",\"url\":\"https:\/\/www.m-q.ch\/fr\/\",\"name\":\"MQ Management und Qualit\u00e4t\",\"description\":\"Plattform f\u00fcr integrierte Managementsysteme.\",\"publisher\":{\"@id\":\"https:\/\/www.m-q.ch\/fr\/#organization\"},\"potentialAction\":[{\"@type\":\"SearchAction\",\"target\":{\"@type\":\"EntryPoint\",\"urlTemplate\":\"https:\/\/www.m-q.ch\/fr\/?s={search_term_string}\"},\"query-input\":{\"@type\":\"PropertyValueSpecification\",\"valueRequired\":true,\"valueName\":\"search_term_string\"}}],\"inLanguage\":\"de\"},{\"@type\":\"Organization\",\"@id\":\"https:\/\/www.m-q.ch\/fr\/#organization\",\"name\":\"Galledia Fachmedien AG\",\"url\":\"https:\/\/www.m-q.ch\/fr\/\",\"logo\":{\"@type\":\"ImageObject\",\"inLanguage\":\"de\",\"@id\":\"https:\/\/www.m-q.ch\/fr\/#\/schema\/logo\/image\/\",\"url\":\"https:\/\/www.m-q.ch\/wp-content\/uploads\/2020\/12\/cropped-logo_small.png\",\"contentUrl\":\"https:\/\/www.m-q.ch\/wp-content\/uploads\/2020\/12\/cropped-logo_small.png\",\"width\":512,\"height\":512,\"caption\":\"Galledia Fachmedien AG\"},\"image\":{\"@id\":\"https:\/\/www.m-q.ch\/fr\/#\/schema\/logo\/image\/\"},\"sameAs\":[\"https:\/\/www.facebook.com\/ManagementUndQualitaet\",\"https:\/\/www.linkedin.com\/showcase\/17982321\/admin\/\"]},{\"@type\":\"Person\",\"@id\":\"https:\/\/www.m-q.ch\/fr\/#\/schema\/person\/a8711938b1cfb3f056dec70eaa0b42ab\",\"name\":\"Thomas Berner\",\"image\":{\"@type\":\"ImageObject\",\"inLanguage\":\"de\",\"@id\":\"https:\/\/www.m-q.ch\/fr\/#\/schema\/person\/image\/\",\"url\":\"https:\/\/secure.gravatar.com\/avatar\/faea7857408f70478f976d576da10f96?s=96&d=mm&r=g\",\"contentUrl\":\"https:\/\/secure.gravatar.com\/avatar\/faea7857408f70478f976d576da10f96?s=96&d=mm&r=g\",\"caption\":\"Thomas Berner\"},\"url\":\"https:\/\/www.m-q.ch\/de\/author\/thomas-berner\/\"}]}<\/script>\n<!-- \/ Yoast SEO plugin. -->","yoast_head_json":{"title":"Schweizerische Managementgesellschaft SMG mit neuer Pr\u00e4sidentin - MQ Management und Qualit\u00e4t","description":"Die Schweizerische Managementgesellschaft (SMG) hat ihren Vorstand neu bestellt und eine mit Sarah Kreienb\u00fchl eine neue Pr\u00e4sidentin.","robots":{"index":"index","follow":"follow","max-snippet":"max-snippet:-1","max-image-preview":"max-image-preview:large","max-video-preview":"max-video-preview:-1"},"canonical":"https:\/\/www.m-q.ch\/de\/schweizerische-managementgesellschaft-smg-mit-neuer-praesidentin\/","og_locale":"de_DE","og_type":"article","og_title":"Schweizerische Managementgesellschaft SMG mit neuer Pr\u00e4sidentin","og_description":"Die Schweizerische Managementgesellschaft (SMG) hat ihren Vorstand neu bestellt und eine mit Sarah Kreienb\u00fchl eine neue Pr\u00e4sidentin.","og_url":"https:\/\/www.m-q.ch\/de\/schweizerische-managementgesellschaft-smg-mit-neuer-praesidentin\/","og_site_name":"MQ Management und Qualit\u00e4t","article_publisher":"https:\/\/www.facebook.com\/ManagementUndQualitaet","article_published_time":"2023-03-23T07:19:33+00:00","article_modified_time":"2023-03-23T07:55:31+00:00","og_image":[{"width":680,"height":449,"url":"https:\/\/www.m-q.ch\/wp-content\/uploads\/2023\/03\/Schweizerische-Management-Gesellschaft-SMG-mit-neuer-Praesidentin_MQ.jpg","type":"image\/jpeg"}],"author":"Thomas Berner","twitter_card":"summary_large_image","twitter_title":"Schweizerische #Managementgesellschaft #SMG mit neuer Pr\u00e4sidentin","twitter_description":"Die Schweizerische #Managementgesellschaft (#SMG) hat ihren Vorstand neu bestellt und eine mit Sarah #Kreienb\u00fchl eine neue Pr\u00e4sidentin.","twitter_image":"https:\/\/www.m-q.ch\/wp-content\/uploads\/2023\/03\/Schweizerische-Management-Gesellschaft-SMG-mit-neuer-Praesidentin_MQ.jpg","twitter_misc":{"Verfasst von":"Thomas Berner","Gesch\u00e4tzte Lesezeit":"3\u00a0Minuten"},"schema":{"@context":"https:\/\/schema.org","@graph":[{"@type":"Article","@id":"https:\/\/www.m-q.ch\/schweizerische-managementgesellschaft-smg-mit-neuer-praesidentin\/#article","isPartOf":{"@id":"https:\/\/www.m-q.ch\/schweizerische-managementgesellschaft-smg-mit-neuer-praesidentin\/"},"author":{"name":"Thomas Berner","@id":"https:\/\/www.m-q.ch\/fr\/#\/schema\/person\/a8711938b1cfb3f056dec70eaa0b42ab"},"headline":"Schweizerische Managementgesellschaft SMG mit neuer Pr\u00e4sidentin","datePublished":"2023-03-23T07:19:33+00:00","dateModified":"2023-03-23T07:55:31+00:00","mainEntityOfPage":{"@id":"https:\/\/www.m-q.ch\/schweizerische-managementgesellschaft-smg-mit-neuer-praesidentin\/"},"wordCount":625,"publisher":{"@id":"https:\/\/www.m-q.ch\/fr\/#organization"},"image":{"@id":"https:\/\/www.m-q.ch\/schweizerische-managementgesellschaft-smg-mit-neuer-praesidentin\/#primaryimage"},"thumbnailUrl":"https:\/\/www.m-q.ch\/wp-content\/uploads\/2023\/03\/Schweizerische-Management-Gesellschaft-SMG-mit-neuer-Praesidentin_MQ.jpg","keywords":["Personalia","Vereine\/Verb\u00e4nde\/Institutionen"],"articleSection":["Business Excellence"],"inLanguage":"de"},{"@type":"WebPage","@id":"https:\/\/www.m-q.ch\/schweizerische-managementgesellschaft-smg-mit-neuer-praesidentin\/","url":"https:\/\/www.m-q.ch\/schweizerische-managementgesellschaft-smg-mit-neuer-praesidentin\/","name":"Schweizerische Managementgesellschaft SMG mit neuer Pr\u00e4sidentin - MQ Management und Qualit\u00e4t","isPartOf":{"@id":"https:\/\/www.m-q.ch\/fr\/#website"},"primaryImageOfPage":{"@id":"https:\/\/www.m-q.ch\/schweizerische-managementgesellschaft-smg-mit-neuer-praesidentin\/#primaryimage"},"image":{"@id":"https:\/\/www.m-q.ch\/schweizerische-managementgesellschaft-smg-mit-neuer-praesidentin\/#primaryimage"},"thumbnailUrl":"https:\/\/www.m-q.ch\/wp-content\/uploads\/2023\/03\/Schweizerische-Management-Gesellschaft-SMG-mit-neuer-Praesidentin_MQ.jpg","datePublished":"2023-03-23T07:19:33+00:00","dateModified":"2023-03-23T07:55:31+00:00","description":"Die Schweizerische Managementgesellschaft (SMG) hat ihren Vorstand neu bestellt und eine mit Sarah Kreienb\u00fchl eine neue Pr\u00e4sidentin.","breadcrumb":{"@id":"https:\/\/www.m-q.ch\/schweizerische-managementgesellschaft-smg-mit-neuer-praesidentin\/#breadcrumb"},"inLanguage":"de","potentialAction":[{"@type":"ReadAction","target":["https:\/\/www.m-q.ch\/schweizerische-managementgesellschaft-smg-mit-neuer-praesidentin\/"]}]},{"@type":"ImageObject","inLanguage":"de","@id":"https:\/\/www.m-q.ch\/schweizerische-managementgesellschaft-smg-mit-neuer-praesidentin\/#primaryimage","url":"https:\/\/www.m-q.ch\/wp-content\/uploads\/2023\/03\/Schweizerische-Management-Gesellschaft-SMG-mit-neuer-Praesidentin_MQ.jpg","contentUrl":"https:\/\/www.m-q.ch\/wp-content\/uploads\/2023\/03\/Schweizerische-Management-Gesellschaft-SMG-mit-neuer-Praesidentin_MQ.jpg","width":680,"height":449,"caption":"Sarah Kreienb\u00fchl pr\u00e4sidiert neu die Schweizerische Management Gesellschaft SMG. (Bild: SMG)"},{"@type":"BreadcrumbList","@id":"https:\/\/www.m-q.ch\/schweizerische-managementgesellschaft-smg-mit-neuer-praesidentin\/#breadcrumb","itemListElement":[{"@type":"ListItem","position":1,"name":"Business Excellence","item":"https:\/\/www.m-q.ch\/kategorie\/business_excellence\/"},{"@type":"ListItem","position":2,"name":"Schweizerische Managementgesellschaft SMG mit neuer Pr\u00e4sidentin"}]},{"@type":"WebSite","@id":"https:\/\/www.m-q.ch\/fr\/#website","url":"https:\/\/www.m-q.ch\/fr\/","name":"MQ Management und Qualit\u00e4t","description":"Plattform f\u00fcr integrierte Managementsysteme.","publisher":{"@id":"https:\/\/www.m-q.ch\/fr\/#organization"},"potentialAction":[{"@type":"SearchAction","target":{"@type":"EntryPoint","urlTemplate":"https:\/\/www.m-q.ch\/fr\/?s={search_term_string}"},"query-input":{"@type":"PropertyValueSpecification","valueRequired":true,"valueName":"search_term_string"}}],"inLanguage":"de"},{"@type":"Organization","@id":"https:\/\/www.m-q.ch\/fr\/#organization","name":"Galledia Fachmedien AG","url":"https:\/\/www.m-q.ch\/fr\/","logo":{"@type":"ImageObject","inLanguage":"de","@id":"https:\/\/www.m-q.ch\/fr\/#\/schema\/logo\/image\/","url":"https:\/\/www.m-q.ch\/wp-content\/uploads\/2020\/12\/cropped-logo_small.png","contentUrl":"https:\/\/www.m-q.ch\/wp-content\/uploads\/2020\/12\/cropped-logo_small.png","width":512,"height":512,"caption":"Galledia Fachmedien AG"},"image":{"@id":"https:\/\/www.m-q.ch\/fr\/#\/schema\/logo\/image\/"},"sameAs":["https:\/\/www.facebook.com\/ManagementUndQualitaet","https:\/\/www.linkedin.com\/showcase\/17982321\/admin\/"]},{"@type":"Person","@id":"https:\/\/www.m-q.ch\/fr\/#\/schema\/person\/a8711938b1cfb3f056dec70eaa0b42ab","name":"Thomas Berner","image":{"@type":"ImageObject","inLanguage":"de","@id":"https:\/\/www.m-q.ch\/fr\/#\/schema\/person\/image\/","url":"https:\/\/secure.gravatar.com\/avatar\/faea7857408f70478f976d576da10f96?s=96&d=mm&r=g","contentUrl":"https:\/\/secure.gravatar.com\/avatar\/faea7857408f70478f976d576da10f96?s=96&d=mm&r=g","caption":"Thomas Berner"},"url":"https:\/\/www.m-q.ch\/de\/author\/thomas-berner\/"}]}},"_links":{"self":[{"href":"https:\/\/www.m-q.ch\/de\/wp-json\/wp\/v2\/posts\/17691","targetHints":{"allow":["GET"]}}],"collection":[{"href":"https:\/\/www.m-q.ch\/de\/wp-json\/wp\/v2\/posts"}],"about":[{"href":"https:\/\/www.m-q.ch\/de\/wp-json\/wp\/v2\/types\/post"}],"author":[{"embeddable":true,"href":"https:\/\/www.m-q.ch\/de\/wp-json\/wp\/v2\/users\/10"}],"replies":[{"embeddable":true,"href":"https:\/\/www.m-q.ch\/de\/wp-json\/wp\/v2\/comments?post=17691"}],"version-history":[{"count":2,"href":"https:\/\/www.m-q.ch\/de\/wp-json\/wp\/v2\/posts\/17691\/revisions"}],"predecessor-version":[{"id":17694,"href":"https:\/\/www.m-q.ch\/de\/wp-json\/wp\/v2\/posts\/17691\/revisions\/17694"}],"wp:featuredmedia":[{"embeddable":true,"href":"https:\/\/www.m-q.ch\/de\/wp-json\/wp\/v2\/media\/17692"}],"wp:attachment":[{"href":"https:\/\/www.m-q.ch\/de\/wp-json\/wp\/v2\/media?parent=17691"}],"wp:term":[{"taxonomy":"category","embeddable":true,"href":"https:\/\/www.m-q.ch\/de\/wp-json\/wp\/v2\/categories?post=17691"},{"taxonomy":"post_tag","embeddable":true,"href":"https:\/\/www.m-q.ch\/de\/wp-json\/wp\/v2\/tags?post=17691"}],"curies":[{"name":"wp","href":"https:\/\/api.w.org\/{rel}","templated":true}]}}