{"id":18391,"date":"2023-08-09T04:48:30","date_gmt":"2023-08-09T02:48:30","guid":{"rendered":"https:\/\/www.m-q.ch\/?p=18391"},"modified":"2023-08-08T15:07:04","modified_gmt":"2023-08-08T13:07:04","slug":"3d-metrology-conference-2023","status":"publish","type":"post","link":"https:\/\/www.m-q.ch\/de\/3d-metrology-conference-2023\/","title":{"rendered":"3D Metrology Conference 2023"},"content":{"rendered":"<figure id=\"attachment_18392\" aria-describedby=\"caption-attachment-18392\" style=\"width: 680px\" class=\"wp-caption alignnone\"><img loading=\"lazy\" decoding=\"async\" class=\"size-full wp-image-18392\" src=\"https:\/\/www.m-q.ch\/wp-content\/uploads\/2023\/08\/3D-Metrology-Conference-2023_MQ.jpg\" alt=\"\" width=\"680\" height=\"383\" srcset=\"https:\/\/www.m-q.ch\/wp-content\/uploads\/2023\/08\/3D-Metrology-Conference-2023_MQ.jpg 680w, https:\/\/www.m-q.ch\/wp-content\/uploads\/2023\/08\/3D-Metrology-Conference-2023_MQ-18x10.jpg 18w, https:\/\/www.m-q.ch\/wp-content\/uploads\/2023\/08\/3D-Metrology-Conference-2023_MQ-375x211.jpg 375w, https:\/\/www.m-q.ch\/wp-content\/uploads\/2023\/08\/3D-Metrology-Conference-2023_MQ-621x350.jpg 621w\" sizes=\"auto, (max-width: 680px) 100vw, 680px\" \/><figcaption id=\"caption-attachment-18392\" class=\"wp-caption-text\">Vom 26. bis 28. September 2023 findet in Bilbao die 3D Metrology Conference 2023 statt. (Bild: WZL \/ RWTH Aachen)<\/figcaption><\/figure>\n<p>Bereits zum achten Mal wird die 3DMC vom WZL der RWTH Aachen in Zusammenarbeit mit dem National Physical Laboratory (NPL), dem University College London (UCL), der Physikalisch-Technischen Bundesanstalt (PTB) sowie in diesem Jahr erstmals von den beiden spanischen Partnern Tekniker und IDEKO organisiert. Nach erfolgreichen Editionen in Aachen, Hamburg und London bereist die Konferenz nun die Hochtechnologieregion des Baskenlands.<\/p>\n<h3>Messtechnik als Innovationstreiber<\/h3>\n<p>Auf der 3DMC tauschen sich bis zu 200 industrielle Anwender und akademisch renommierte Experten aus und pr\u00e4gen den innovativen und offenen Charakter der Veranstaltung. Dieser spiegelt sich auch in der Programmgestaltung wider: ein hochkar\u00e4tiges Vortragsprogramm, gepaart mit einer offenen Industrieausstellung, Special Interest Sessions und dedizierten Netzwerk-Formaten. Prof. Ben Hughes und Prof. Robert Schmitt moderieren und gestalten die Veranstaltung als Chairman und Host.<\/p>\n<p>Thematisch steht bei der Konferenz die Messtechnik als Innovationstreiber in der Automatisierung und Qualit\u00e4tssicherung im Fokus. Industrielle Endanwender geben Einblicke in erfolgreiche Use-Cases aus verschiedenen Sektoren, bspw. aus dem Automobilbau, der Luftfahrt oder der Energiebranche. Zudem pr\u00e4sentieren international f\u00fchrende Wissenschaftler Fortschritte und damit verbundene neue Anwendungsm\u00f6glichkeiten in der Messtechnik selbst. 3D-Daten und Machine Vision bilden als beitrags\u00fcbergreifende Kernthemen die DNA der Konferenz und werden durch weitere Technologien, bspw. aus den Feldern der Digitalisierung und der K\u00fcnstlichen Intelligenz, komplement\u00e4r erg\u00e4nzt.<\/p>\n<h3>Begleitende Industrieausstellung<\/h3>\n<p>Mit zwei starken Partnern vor Ort bietet die 3DMC die einzigartige M\u00f6glichkeit, f\u00fchrende Technologietreiber mit ihren zukunftsweisenden Forschungseinrichtungen hautnah kennenzulernen: Die Industrieausstellung wird erstmalig \u00fcber die beiden Konferenztage auf zwei Pr\u00e4sentationsorte verteilt, wodurch Teilnehmende und Ausstellende die Gelegenheit erhalten, in verschiedenen au\u00dfergew\u00f6hnlichen Settings miteinander in einen kreativen Dialog zu treten, innovative Use-Cases live zu pr\u00e4sentieren und ihr eigenes Netzwerk innerhalb der Community zu pflegen. Damit b\u00fcndelt die 3DMC die Vorz\u00fcge einer Messe, eines produktionstechnischen Labors sowie eines Expertenforums in einer Veranstaltung.<\/p>\n<p>Ausgew\u00e4hlte Vortr\u00e4ge k\u00f6nnen zus\u00e4tzlich als zugeh\u00f6riger Peer-Review Beitrag im <a href=\"https:\/\/www.mdpi.com\/journal\/metrology\">Open Access Journal Metrology<\/a> ver\u00f6ffentlicht werden, was die nachhaltige wissenschaftliche Exzellenz der Konferenz nochmals verst\u00e4rkt. Die Konferenzsprache ist Englisch.<\/p>\n<p><em>Eine Teilnahme ist als Besucher\/in (Delegate), Vortragende\/r (Presenter) oder ausstellendes Unternehmen (Exhibitor) immer noch m\u00f6glich. Weitere Informationen: <a href=\"https:\/\/www.3dmc.events\">https:\/\/www.3dmc.events<\/a><\/em><\/p>\n","protected":false},"excerpt":{"rendered":"<p>Die 3D Metrology Conference, eine der bedeutendsten Konferenzen auf dem Gebiet der industriellen Messtechnik, findet in diesem Jahr vom 26. &#8211; 28. September in der Metropolregion Bilbao statt.<\/p>\n","protected":false},"author":10,"featured_media":0,"comment_status":"closed","ping_status":"closed","sticky":false,"template":"","format":"standard","meta":{"_acf_changed":false,"footnotes":""},"categories":[3303],"tags":[3342,3559,3327],"class_list":["post-18391","post","type-post","status-publish","format-standard","hentry","category-qualitaetsmanagement","tag-fachkongressfachmesse","tag-messtechnik","tag-qualitaetsmanagement"],"acf":[],"yoast_head":"<!-- This site is optimized with the Yoast SEO plugin v26.2 - https:\/\/yoast.com\/wordpress\/plugins\/seo\/ -->\n<title>3D Metrology Conference 2023 - MQ Management und Qualit\u00e4t<\/title>\n<meta name=\"description\" content=\"Die 3D Metrology Conference findet in diesem Jahr vom 26. - 28. September in der Metropolregion Bilbao statt.\" \/>\n<meta name=\"robots\" content=\"index, follow, max-snippet:-1, max-image-preview:large, max-video-preview:-1\" \/>\n<link rel=\"canonical\" href=\"https:\/\/www.m-q.ch\/de\/3d-metrology-conference-2023\/\" \/>\n<meta property=\"og:locale\" content=\"de_DE\" \/>\n<meta property=\"og:type\" content=\"article\" \/>\n<meta property=\"og:title\" content=\"3D Metrology Conference 2023\" \/>\n<meta property=\"og:description\" content=\"Die 3D Metrology Conference findet in diesem Jahr vom 26. - 28. September in der Metropolregion Bilbao statt.\" \/>\n<meta property=\"og:url\" content=\"https:\/\/www.m-q.ch\/de\/3d-metrology-conference-2023\/\" \/>\n<meta property=\"og:site_name\" content=\"MQ Management und Qualit\u00e4t\" \/>\n<meta property=\"article:publisher\" content=\"https:\/\/www.facebook.com\/ManagementUndQualitaet\" \/>\n<meta property=\"article:published_time\" content=\"2023-08-09T02:48:30+00:00\" \/>\n<meta property=\"og:image\" content=\"https:\/\/www.m-q.ch\/wp-content\/uploads\/2023\/08\/3D-Metrology-Conference-2023_MQ.jpg\" \/>\n\t<meta property=\"og:image:width\" content=\"680\" \/>\n\t<meta property=\"og:image:height\" content=\"383\" \/>\n\t<meta property=\"og:image:type\" content=\"image\/jpeg\" \/>\n<meta name=\"author\" content=\"Thomas Berner\" \/>\n<meta name=\"twitter:card\" content=\"summary_large_image\" \/>\n<meta name=\"twitter:title\" content=\"3D #Metrology #Conference 2023\" \/>\n<meta name=\"twitter:description\" content=\"Die 3D #Metrology Conference findet in diesem Jahr vom 26. - 28. September in der #Metropolregion #Bilbao statt.\" \/>\n<meta name=\"twitter:image\" content=\"https:\/\/www.m-q.ch\/wp-content\/uploads\/2023\/08\/3D-Metrology-Conference-2023_MQ.jpg\" \/>\n<meta name=\"twitter:label1\" content=\"Verfasst von\" \/>\n\t<meta name=\"twitter:data1\" content=\"Thomas Berner\" \/>\n\t<meta name=\"twitter:label2\" content=\"Gesch\u00e4tzte Lesezeit\" \/>\n\t<meta name=\"twitter:data2\" content=\"3\u00a0Minuten\" \/>\n<script type=\"application\/ld+json\" class=\"yoast-schema-graph\">{\"@context\":\"https:\/\/schema.org\",\"@graph\":[{\"@type\":\"Article\",\"@id\":\"https:\/\/www.m-q.ch\/3d-metrology-conference-2023\/#article\",\"isPartOf\":{\"@id\":\"https:\/\/www.m-q.ch\/3d-metrology-conference-2023\/\"},\"author\":{\"name\":\"Thomas Berner\",\"@id\":\"https:\/\/www.m-q.ch\/fr\/#\/schema\/person\/a8711938b1cfb3f056dec70eaa0b42ab\"},\"headline\":\"3D Metrology Conference 2023\",\"datePublished\":\"2023-08-09T02:48:30+00:00\",\"mainEntityOfPage\":{\"@id\":\"https:\/\/www.m-q.ch\/3d-metrology-conference-2023\/\"},\"wordCount\":387,\"publisher\":{\"@id\":\"https:\/\/www.m-q.ch\/fr\/#organization\"},\"image\":{\"@id\":\"https:\/\/www.m-q.ch\/3d-metrology-conference-2023\/#primaryimage\"},\"thumbnailUrl\":\"https:\/\/www.m-q.ch\/wp-content\/uploads\/2023\/08\/3D-Metrology-Conference-2023_MQ.jpg\",\"keywords\":[\"Fachkongress\/Fachmesse\",\"Messtechnik\",\"Qualit\u00e4tsmanagement\"],\"articleSection\":[\"Qualit\u00e4tsmanagement\"],\"inLanguage\":\"de\"},{\"@type\":\"WebPage\",\"@id\":\"https:\/\/www.m-q.ch\/3d-metrology-conference-2023\/\",\"url\":\"https:\/\/www.m-q.ch\/3d-metrology-conference-2023\/\",\"name\":\"3D Metrology Conference 2023 - MQ Management und Qualit\u00e4t\",\"isPartOf\":{\"@id\":\"https:\/\/www.m-q.ch\/fr\/#website\"},\"primaryImageOfPage\":{\"@id\":\"https:\/\/www.m-q.ch\/3d-metrology-conference-2023\/#primaryimage\"},\"image\":{\"@id\":\"https:\/\/www.m-q.ch\/3d-metrology-conference-2023\/#primaryimage\"},\"thumbnailUrl\":\"https:\/\/www.m-q.ch\/wp-content\/uploads\/2023\/08\/3D-Metrology-Conference-2023_MQ.jpg\",\"datePublished\":\"2023-08-09T02:48:30+00:00\",\"description\":\"Die 3D Metrology Conference findet in diesem Jahr vom 26. - 28. September in der Metropolregion Bilbao statt.\",\"breadcrumb\":{\"@id\":\"https:\/\/www.m-q.ch\/3d-metrology-conference-2023\/#breadcrumb\"},\"inLanguage\":\"de\",\"potentialAction\":[{\"@type\":\"ReadAction\",\"target\":[\"https:\/\/www.m-q.ch\/3d-metrology-conference-2023\/\"]}]},{\"@type\":\"ImageObject\",\"inLanguage\":\"de\",\"@id\":\"https:\/\/www.m-q.ch\/3d-metrology-conference-2023\/#primaryimage\",\"url\":\"https:\/\/www.m-q.ch\/wp-content\/uploads\/2023\/08\/3D-Metrology-Conference-2023_MQ.jpg\",\"contentUrl\":\"https:\/\/www.m-q.ch\/wp-content\/uploads\/2023\/08\/3D-Metrology-Conference-2023_MQ.jpg\"},{\"@type\":\"BreadcrumbList\",\"@id\":\"https:\/\/www.m-q.ch\/3d-metrology-conference-2023\/#breadcrumb\",\"itemListElement\":[{\"@type\":\"ListItem\",\"position\":1,\"name\":\"Qualit\u00e4tsmanagement\",\"item\":\"https:\/\/www.m-q.ch\/kategorie\/qualitaetsmanagement\/\"},{\"@type\":\"ListItem\",\"position\":2,\"name\":\"3D Metrology Conference 2023\"}]},{\"@type\":\"WebSite\",\"@id\":\"https:\/\/www.m-q.ch\/fr\/#website\",\"url\":\"https:\/\/www.m-q.ch\/fr\/\",\"name\":\"MQ Management und Qualit\u00e4t\",\"description\":\"Plattform f\u00fcr integrierte Managementsysteme.\",\"publisher\":{\"@id\":\"https:\/\/www.m-q.ch\/fr\/#organization\"},\"potentialAction\":[{\"@type\":\"SearchAction\",\"target\":{\"@type\":\"EntryPoint\",\"urlTemplate\":\"https:\/\/www.m-q.ch\/fr\/?s={search_term_string}\"},\"query-input\":{\"@type\":\"PropertyValueSpecification\",\"valueRequired\":true,\"valueName\":\"search_term_string\"}}],\"inLanguage\":\"de\"},{\"@type\":\"Organization\",\"@id\":\"https:\/\/www.m-q.ch\/fr\/#organization\",\"name\":\"Galledia Fachmedien AG\",\"url\":\"https:\/\/www.m-q.ch\/fr\/\",\"logo\":{\"@type\":\"ImageObject\",\"inLanguage\":\"de\",\"@id\":\"https:\/\/www.m-q.ch\/fr\/#\/schema\/logo\/image\/\",\"url\":\"https:\/\/www.m-q.ch\/wp-content\/uploads\/2020\/12\/cropped-logo_small.png\",\"contentUrl\":\"https:\/\/www.m-q.ch\/wp-content\/uploads\/2020\/12\/cropped-logo_small.png\",\"width\":512,\"height\":512,\"caption\":\"Galledia Fachmedien AG\"},\"image\":{\"@id\":\"https:\/\/www.m-q.ch\/fr\/#\/schema\/logo\/image\/\"},\"sameAs\":[\"https:\/\/www.facebook.com\/ManagementUndQualitaet\",\"https:\/\/www.linkedin.com\/showcase\/17982321\/admin\/\"]},{\"@type\":\"Person\",\"@id\":\"https:\/\/www.m-q.ch\/fr\/#\/schema\/person\/a8711938b1cfb3f056dec70eaa0b42ab\",\"name\":\"Thomas Berner\",\"image\":{\"@type\":\"ImageObject\",\"inLanguage\":\"de\",\"@id\":\"https:\/\/www.m-q.ch\/fr\/#\/schema\/person\/image\/\",\"url\":\"https:\/\/secure.gravatar.com\/avatar\/faea7857408f70478f976d576da10f96?s=96&d=mm&r=g\",\"contentUrl\":\"https:\/\/secure.gravatar.com\/avatar\/faea7857408f70478f976d576da10f96?s=96&d=mm&r=g\",\"caption\":\"Thomas Berner\"},\"url\":\"https:\/\/www.m-q.ch\/de\/author\/thomas-berner\/\"}]}<\/script>\n<!-- \/ Yoast SEO plugin. -->","yoast_head_json":{"title":"3D Metrology Conference 2023 - MQ Management und Qualit\u00e4t","description":"Die 3D Metrology Conference findet in diesem Jahr vom 26. - 28. September in der Metropolregion Bilbao statt.","robots":{"index":"index","follow":"follow","max-snippet":"max-snippet:-1","max-image-preview":"max-image-preview:large","max-video-preview":"max-video-preview:-1"},"canonical":"https:\/\/www.m-q.ch\/de\/3d-metrology-conference-2023\/","og_locale":"de_DE","og_type":"article","og_title":"3D Metrology Conference 2023","og_description":"Die 3D Metrology Conference findet in diesem Jahr vom 26. - 28. September in der Metropolregion Bilbao statt.","og_url":"https:\/\/www.m-q.ch\/de\/3d-metrology-conference-2023\/","og_site_name":"MQ Management und Qualit\u00e4t","article_publisher":"https:\/\/www.facebook.com\/ManagementUndQualitaet","article_published_time":"2023-08-09T02:48:30+00:00","og_image":[{"width":680,"height":383,"url":"https:\/\/www.m-q.ch\/wp-content\/uploads\/2023\/08\/3D-Metrology-Conference-2023_MQ.jpg","type":"image\/jpeg"}],"author":"Thomas Berner","twitter_card":"summary_large_image","twitter_title":"3D #Metrology #Conference 2023","twitter_description":"Die 3D #Metrology Conference findet in diesem Jahr vom 26. - 28. September in der #Metropolregion #Bilbao statt.","twitter_image":"https:\/\/www.m-q.ch\/wp-content\/uploads\/2023\/08\/3D-Metrology-Conference-2023_MQ.jpg","twitter_misc":{"Verfasst von":"Thomas Berner","Gesch\u00e4tzte Lesezeit":"3\u00a0Minuten"},"schema":{"@context":"https:\/\/schema.org","@graph":[{"@type":"Article","@id":"https:\/\/www.m-q.ch\/3d-metrology-conference-2023\/#article","isPartOf":{"@id":"https:\/\/www.m-q.ch\/3d-metrology-conference-2023\/"},"author":{"name":"Thomas Berner","@id":"https:\/\/www.m-q.ch\/fr\/#\/schema\/person\/a8711938b1cfb3f056dec70eaa0b42ab"},"headline":"3D Metrology Conference 2023","datePublished":"2023-08-09T02:48:30+00:00","mainEntityOfPage":{"@id":"https:\/\/www.m-q.ch\/3d-metrology-conference-2023\/"},"wordCount":387,"publisher":{"@id":"https:\/\/www.m-q.ch\/fr\/#organization"},"image":{"@id":"https:\/\/www.m-q.ch\/3d-metrology-conference-2023\/#primaryimage"},"thumbnailUrl":"https:\/\/www.m-q.ch\/wp-content\/uploads\/2023\/08\/3D-Metrology-Conference-2023_MQ.jpg","keywords":["Fachkongress\/Fachmesse","Messtechnik","Qualit\u00e4tsmanagement"],"articleSection":["Qualit\u00e4tsmanagement"],"inLanguage":"de"},{"@type":"WebPage","@id":"https:\/\/www.m-q.ch\/3d-metrology-conference-2023\/","url":"https:\/\/www.m-q.ch\/3d-metrology-conference-2023\/","name":"3D Metrology Conference 2023 - MQ Management und Qualit\u00e4t","isPartOf":{"@id":"https:\/\/www.m-q.ch\/fr\/#website"},"primaryImageOfPage":{"@id":"https:\/\/www.m-q.ch\/3d-metrology-conference-2023\/#primaryimage"},"image":{"@id":"https:\/\/www.m-q.ch\/3d-metrology-conference-2023\/#primaryimage"},"thumbnailUrl":"https:\/\/www.m-q.ch\/wp-content\/uploads\/2023\/08\/3D-Metrology-Conference-2023_MQ.jpg","datePublished":"2023-08-09T02:48:30+00:00","description":"Die 3D Metrology Conference findet in diesem Jahr vom 26. - 28. September in der Metropolregion Bilbao statt.","breadcrumb":{"@id":"https:\/\/www.m-q.ch\/3d-metrology-conference-2023\/#breadcrumb"},"inLanguage":"de","potentialAction":[{"@type":"ReadAction","target":["https:\/\/www.m-q.ch\/3d-metrology-conference-2023\/"]}]},{"@type":"ImageObject","inLanguage":"de","@id":"https:\/\/www.m-q.ch\/3d-metrology-conference-2023\/#primaryimage","url":"https:\/\/www.m-q.ch\/wp-content\/uploads\/2023\/08\/3D-Metrology-Conference-2023_MQ.jpg","contentUrl":"https:\/\/www.m-q.ch\/wp-content\/uploads\/2023\/08\/3D-Metrology-Conference-2023_MQ.jpg"},{"@type":"BreadcrumbList","@id":"https:\/\/www.m-q.ch\/3d-metrology-conference-2023\/#breadcrumb","itemListElement":[{"@type":"ListItem","position":1,"name":"Qualit\u00e4tsmanagement","item":"https:\/\/www.m-q.ch\/kategorie\/qualitaetsmanagement\/"},{"@type":"ListItem","position":2,"name":"3D Metrology Conference 2023"}]},{"@type":"WebSite","@id":"https:\/\/www.m-q.ch\/fr\/#website","url":"https:\/\/www.m-q.ch\/fr\/","name":"MQ Management und Qualit\u00e4t","description":"Plattform f\u00fcr integrierte Managementsysteme.","publisher":{"@id":"https:\/\/www.m-q.ch\/fr\/#organization"},"potentialAction":[{"@type":"SearchAction","target":{"@type":"EntryPoint","urlTemplate":"https:\/\/www.m-q.ch\/fr\/?s={search_term_string}"},"query-input":{"@type":"PropertyValueSpecification","valueRequired":true,"valueName":"search_term_string"}}],"inLanguage":"de"},{"@type":"Organization","@id":"https:\/\/www.m-q.ch\/fr\/#organization","name":"Galledia Fachmedien AG","url":"https:\/\/www.m-q.ch\/fr\/","logo":{"@type":"ImageObject","inLanguage":"de","@id":"https:\/\/www.m-q.ch\/fr\/#\/schema\/logo\/image\/","url":"https:\/\/www.m-q.ch\/wp-content\/uploads\/2020\/12\/cropped-logo_small.png","contentUrl":"https:\/\/www.m-q.ch\/wp-content\/uploads\/2020\/12\/cropped-logo_small.png","width":512,"height":512,"caption":"Galledia Fachmedien AG"},"image":{"@id":"https:\/\/www.m-q.ch\/fr\/#\/schema\/logo\/image\/"},"sameAs":["https:\/\/www.facebook.com\/ManagementUndQualitaet","https:\/\/www.linkedin.com\/showcase\/17982321\/admin\/"]},{"@type":"Person","@id":"https:\/\/www.m-q.ch\/fr\/#\/schema\/person\/a8711938b1cfb3f056dec70eaa0b42ab","name":"Thomas Berner","image":{"@type":"ImageObject","inLanguage":"de","@id":"https:\/\/www.m-q.ch\/fr\/#\/schema\/person\/image\/","url":"https:\/\/secure.gravatar.com\/avatar\/faea7857408f70478f976d576da10f96?s=96&d=mm&r=g","contentUrl":"https:\/\/secure.gravatar.com\/avatar\/faea7857408f70478f976d576da10f96?s=96&d=mm&r=g","caption":"Thomas Berner"},"url":"https:\/\/www.m-q.ch\/de\/author\/thomas-berner\/"}]}},"_links":{"self":[{"href":"https:\/\/www.m-q.ch\/de\/wp-json\/wp\/v2\/posts\/18391","targetHints":{"allow":["GET"]}}],"collection":[{"href":"https:\/\/www.m-q.ch\/de\/wp-json\/wp\/v2\/posts"}],"about":[{"href":"https:\/\/www.m-q.ch\/de\/wp-json\/wp\/v2\/types\/post"}],"author":[{"embeddable":true,"href":"https:\/\/www.m-q.ch\/de\/wp-json\/wp\/v2\/users\/10"}],"replies":[{"embeddable":true,"href":"https:\/\/www.m-q.ch\/de\/wp-json\/wp\/v2\/comments?post=18391"}],"version-history":[{"count":1,"href":"https:\/\/www.m-q.ch\/de\/wp-json\/wp\/v2\/posts\/18391\/revisions"}],"predecessor-version":[{"id":18393,"href":"https:\/\/www.m-q.ch\/de\/wp-json\/wp\/v2\/posts\/18391\/revisions\/18393"}],"wp:attachment":[{"href":"https:\/\/www.m-q.ch\/de\/wp-json\/wp\/v2\/media?parent=18391"}],"wp:term":[{"taxonomy":"category","embeddable":true,"href":"https:\/\/www.m-q.ch\/de\/wp-json\/wp\/v2\/categories?post=18391"},{"taxonomy":"post_tag","embeddable":true,"href":"https:\/\/www.m-q.ch\/de\/wp-json\/wp\/v2\/tags?post=18391"}],"curies":[{"name":"wp","href":"https:\/\/api.w.org\/{rel}","templated":true}]}}