{"id":18800,"date":"2023-10-26T10:40:59","date_gmt":"2023-10-26T08:40:59","guid":{"rendered":"https:\/\/www.m-q.ch\/?p=18800"},"modified":"2023-10-26T10:40:59","modified_gmt":"2023-10-26T08:40:59","slug":"ecec-2023-befasste-sich-mit-compliance-in-krisenjahren","status":"publish","type":"post","link":"https:\/\/www.m-q.ch\/de\/ecec-2023-befasste-sich-mit-compliance-in-krisenjahren\/","title":{"rendered":"ECEC 2023 befasste sich mit Compliance in Krisenjahren"},"content":{"rendered":"<figure id=\"attachment_18801\" aria-describedby=\"caption-attachment-18801\" style=\"width: 680px\" class=\"wp-caption alignnone\"><img loading=\"lazy\" decoding=\"async\" class=\"size-full wp-image-18801\" src=\"https:\/\/www.m-q.ch\/wp-content\/uploads\/2023\/10\/ECEC-2023-befasste-sich-mit-Compliance-in-Krisenjahren_MQ.jpg\" alt=\"\" width=\"680\" height=\"409\" srcset=\"https:\/\/www.m-q.ch\/wp-content\/uploads\/2023\/10\/ECEC-2023-befasste-sich-mit-Compliance-in-Krisenjahren_MQ.jpg 680w, https:\/\/www.m-q.ch\/wp-content\/uploads\/2023\/10\/ECEC-2023-befasste-sich-mit-Compliance-in-Krisenjahren_MQ-18x12.jpg 18w, https:\/\/www.m-q.ch\/wp-content\/uploads\/2023\/10\/ECEC-2023-befasste-sich-mit-Compliance-in-Krisenjahren_MQ-375x226.jpg 375w, https:\/\/www.m-q.ch\/wp-content\/uploads\/2023\/10\/ECEC-2023-befasste-sich-mit-Compliance-in-Krisenjahren_MQ-582x350.jpg 582w\" sizes=\"auto, (max-width: 680px) 100vw, 680px\" \/><figcaption id=\"caption-attachment-18801\" class=\"wp-caption-text\">Die ECEC ist eine virtuelle Konferenz zu Compliance- und Ethik-Themen, durchgef\u00fchrt von der EQS Group. (Bild: www.ecec-community.com)<\/figcaption><\/figure>\n<p>Ganz nah am Puls der Zeit war die virtuelle European Compliance and Ethics Conference (ECEC 2023), zu der die EQS Group, ein international f\u00fchrender RegTech-Anbieter f\u00fcr Compliance, bereits zum vierten Mal eingeladen hat. An diesem virtuellen Grossanlass wurde \u00fcber die Zukunft der Compliance in einem herausfordernden Umfeld mit weltweiten Krisen und neuen Technologien diskutiert.\u00a0Der Gastgeber der Konferenz, Achim Weick, Gr\u00fcnder und CEO der EQS Group AG, legte in seiner Er\u00f6ffnungsrede gleich den Finger in die Wunde: \u201eGlaubw\u00fcrdigkeit war noch nie so wichtig wie in der heutigen Zeit, gleichzeitig zeigen aber Umfragen, dass das weltweite Vertrauen in die Wirtschaft nur bei 62 Prozent liegt \u2013 deshalb m\u00fcssen wir uns alle f\u00fcr die richtigen Werte und eine gesunde und transparente Unternehmenskultur einsetzen. Nur so k\u00f6nnen wir die Herausforderungen von morgen meistern.\u201c<\/p>\n<h3><strong>\u201eWir m\u00fcssen uns alle f\u00fcr eine gesunde Unternehmenskultur einsetzen\u201c<\/strong><\/h3>\n<p>\u201eWie k\u00f6nnen die Unternehmenswerte in der Krise bewahrt werden?\u201c Diese Frage stand im Mittelpunkt zahlreicher Vortr\u00e4ge. Neben einer offenen und transparenten Kommunikation empfahl Sven Clodius, Partner Assurance, Investigations &amp; Compliance bei Ernst &amp; Young, den Unternehmen daher, ihre Risikostrategie neu zu bewerten und die begrenzten Ressourcen neu zu ordnen: &#8222;Wenn die gr\u00f6ssten Compliance-Risiken identifiziert sind, k\u00f6nnen die Vorschriften systematisch umgesetzt werden.\u201d Ethik-Unternehmensberaterin Dr. Bettina Palazzo betonte im Gespr\u00e4ch mit Richard Bistrong, einem international anerkannten Antikorruptions-Berater, wie wichtig der Austausch mit den Mitarbeitenden ist. Ihr Fazit: \u201eRegeln ohne Beziehungen f\u00fchren zur Rebellion.\u201c<\/p>\n<h3><strong>Gute Unternehmensf\u00fchrung ist ein wichtiger Wettbewerbsfaktor<\/strong><\/h3>\n<p>Jeder f\u00fcnfte Compliance-Beauftragte bef\u00fcrchtet, dass seine Funktion durch k\u00fcnstliche Intelligenz (KI) ersetzt werden k\u00f6nnte. Das ist das spannende Ergebnis einer Umfrage, die die EQS Group bereits im Vorfeld der ECEC durchgef\u00fchrt hatte. Die \u00fcberwiegende Mehrheit der Konferenzteilnehmenden sah jedoch die positiven Aspekte bei einem verantwortungsvollen Umgang mit der neuen Technologie. &#8222;Mit einem kompetenten Compliance-Team k\u00f6nnen Unternehmen die m\u00e4chtigen Innovationen nutzen, um die Ethik in der Organisation zu f\u00f6rdern &#8211; und sich so einen Wettbewerbsvorteil verschaffen\u201d, erkl\u00e4rte Anne Vogdt, Head of Compliance &amp; Data Protection bei FREENOW.<\/p>\n<h3><strong>Alison McDermott: Giftm\u00fcll und ein toxisches Arbeitsumfeld sind eine gef\u00e4hrliche Kombination<\/strong><\/h3>\n<p>Emotionaler H\u00f6hepunkt der 26 Sessions mit mehr als 30 international anerkannten Compliance-Expertinnen und -Experten auf der ECEC 2023 war der Auftritt von Whistleblowerin Alison McDermott, deren Fall in den letzten zwei Jahren in Grossbritannien f\u00fcr Schlagzeilen gesorgt hatte. Die Personalberaterin schilderte in einem bewegenden Gespr\u00e4ch mit der Journalistin Katy Diggory ihren Prozess-Marathon und die Repressalien, die sie erlitten, hat, nachdem sie 2018 im Kernkraftwerk Sellafield Mobbing, sexuelle Bel\u00e4stigung, Homophobie und Rassismus angeprangert hatte. \u201eEin toxisches Arbeitsumfeld in Verbindung mit Giftm\u00fcll ist eine Kombination, die auch f\u00fcr die Allgemeinheit extrem gef\u00e4hrlich werden kann\u201c, erkl\u00e4rte McDermott ihre Beweggr\u00fcnde, trotz aller Widerst\u00e4nde nicht zu schweigen.<\/p>\n<h3><strong>Rekordbeteiligung beim ECEC Award: Auszeichnung geht an ABN Amro <\/strong><\/h3>\n<p>Den Abschluss der Compliance-Konferenz bildete auch in diesem Jahr die Verleihung des ECEC Award. 25 Unternehmen und Organisationen bewarben sich um die Auszeichnung f\u00fcr herausragende Compliance-Projekte \u2013 so viele wie nie zuvor. \u201eDiese Rekordbeteiligung ist \u00fcberw\u00e4ltigend. Sie zeigt den hohen Stellenwert, den diese Auszeichnung bereits im vierten Jahr in der Branche hat. Gl\u00fcckwunsch an die Finalisten!\u201c, freute sich Marcus Sultzer, Mitglied des Vorstands der EQS Group, der den Sieger ABN Amro auszeichnete. Die niederl\u00e4ndische Bank setzte sich mit ihrem Projekt \u201eDilemma on X-Day\u201c, das die Mitarbeitenden bei Entscheidungen auf interaktive Weise miteinbezieht, im Live-Voting knapp gegen Iberdrola und Vodafone durch.<\/p>\n<p><em>Quelle und weitere Informationen: <a href=\"https:\/\/www.ecec-community.com\/\">www.ecec-community.com<\/a><\/em><\/p>\n","protected":false},"excerpt":{"rendered":"<p>Die ECEC 2023 vom 17. Oktober, das wohl gr\u00f6sste Treffen der europ\u00e4ischen Compliance Community, stand ganz im Zeichen der Herausforderungen der Zukunft. \u00dcber 6000 Teilnehmende aus fast 150 L\u00e4ndern waren live zugeschaltet und mehr als 30 internationale Experten diskutierten Herausforderungen, die durch Krisen und KI ausgel\u00f6st werden.<\/p>\n","protected":false},"author":10,"featured_media":18801,"comment_status":"closed","ping_status":"closed","sticky":false,"template":"","format":"standard","meta":{"_acf_changed":false,"footnotes":""},"categories":[5],"tags":[3529,3766,5240],"class_list":["post-18800","post","type-post","status-publish","format-standard","has-post-thumbnail","hentry","category-business_excellence","tag-award","tag-compliance","tag-events"],"acf":[],"yoast_head":"<!-- This site is optimized with the Yoast SEO plugin v26.2 - https:\/\/yoast.com\/wordpress\/plugins\/seo\/ -->\n<title>ECEC 2023 befasste sich mit Compliance in Krisenjahren - MQ Management und Qualit\u00e4t<\/title>\n<meta name=\"description\" content=\"Die ECEC 2023 vom 17. Oktober, ein Treffen der europ\u00e4ischen Compliance Community, stand ganz im Zeichen der Herausforderungen der Zukunft.\" \/>\n<meta name=\"robots\" content=\"index, follow, max-snippet:-1, max-image-preview:large, max-video-preview:-1\" \/>\n<link rel=\"canonical\" href=\"https:\/\/www.m-q.ch\/de\/ecec-2023-befasste-sich-mit-compliance-in-krisenjahren\/\" \/>\n<meta property=\"og:locale\" content=\"de_DE\" \/>\n<meta property=\"og:type\" content=\"article\" \/>\n<meta property=\"og:title\" content=\"ECEC 2023 befasste sich mit Compliance in Krisenjahren\" \/>\n<meta property=\"og:description\" content=\"Die ECEC 2023 vom 17. Oktober, ein Treffen der europ\u00e4ischen Compliance Community, stand ganz im Zeichen der Herausforderungen der Zukunft.\" \/>\n<meta property=\"og:url\" content=\"https:\/\/www.m-q.ch\/de\/ecec-2023-befasste-sich-mit-compliance-in-krisenjahren\/\" \/>\n<meta property=\"og:site_name\" content=\"MQ Management und Qualit\u00e4t\" \/>\n<meta property=\"article:publisher\" content=\"https:\/\/www.facebook.com\/ManagementUndQualitaet\" \/>\n<meta property=\"article:published_time\" content=\"2023-10-26T08:40:59+00:00\" \/>\n<meta property=\"og:image\" content=\"https:\/\/www.m-q.ch\/wp-content\/uploads\/2023\/10\/ECEC-2023-befasste-sich-mit-Compliance-in-Krisenjahren_MQ.jpg\" \/>\n\t<meta property=\"og:image:width\" content=\"680\" \/>\n\t<meta property=\"og:image:height\" content=\"409\" \/>\n\t<meta property=\"og:image:type\" content=\"image\/jpeg\" \/>\n<meta name=\"author\" content=\"Thomas Berner\" \/>\n<meta name=\"twitter:card\" content=\"summary_large_image\" \/>\n<meta name=\"twitter:title\" content=\"#ECEC 2023 befasste sich mit #Compliance in #Krisenjahren\" \/>\n<meta name=\"twitter:description\" content=\"Die #ECEC 2023 vom 17. Oktober, ein Treffen der europ\u00e4ischen #Compliance Community, stand ganz im Zeichen der Herausforderungen der Zukunft.\" \/>\n<meta name=\"twitter:image\" content=\"https:\/\/www.m-q.ch\/wp-content\/uploads\/2023\/10\/ECEC-2023-befasste-sich-mit-Compliance-in-Krisenjahren_MQ.jpg\" \/>\n<meta name=\"twitter:label1\" content=\"Verfasst von\" \/>\n\t<meta name=\"twitter:data1\" content=\"Thomas Berner\" \/>\n\t<meta name=\"twitter:label2\" content=\"Gesch\u00e4tzte Lesezeit\" \/>\n\t<meta name=\"twitter:data2\" content=\"4\u00a0Minuten\" \/>\n<script type=\"application\/ld+json\" class=\"yoast-schema-graph\">{\"@context\":\"https:\/\/schema.org\",\"@graph\":[{\"@type\":\"Article\",\"@id\":\"https:\/\/www.m-q.ch\/ecec-2023-befasste-sich-mit-compliance-in-krisenjahren\/#article\",\"isPartOf\":{\"@id\":\"https:\/\/www.m-q.ch\/ecec-2023-befasste-sich-mit-compliance-in-krisenjahren\/\"},\"author\":{\"name\":\"Thomas Berner\",\"@id\":\"https:\/\/www.m-q.ch\/fr\/#\/schema\/person\/a8711938b1cfb3f056dec70eaa0b42ab\"},\"headline\":\"ECEC 2023 befasste sich mit Compliance in Krisenjahren\",\"datePublished\":\"2023-10-26T08:40:59+00:00\",\"mainEntityOfPage\":{\"@id\":\"https:\/\/www.m-q.ch\/ecec-2023-befasste-sich-mit-compliance-in-krisenjahren\/\"},\"wordCount\":618,\"publisher\":{\"@id\":\"https:\/\/www.m-q.ch\/fr\/#organization\"},\"image\":{\"@id\":\"https:\/\/www.m-q.ch\/ecec-2023-befasste-sich-mit-compliance-in-krisenjahren\/#primaryimage\"},\"thumbnailUrl\":\"https:\/\/www.m-q.ch\/wp-content\/uploads\/2023\/10\/ECEC-2023-befasste-sich-mit-Compliance-in-Krisenjahren_MQ.jpg\",\"keywords\":[\"Award\",\"Compliance\",\"Events\"],\"articleSection\":[\"Business Excellence\"],\"inLanguage\":\"de\"},{\"@type\":\"WebPage\",\"@id\":\"https:\/\/www.m-q.ch\/ecec-2023-befasste-sich-mit-compliance-in-krisenjahren\/\",\"url\":\"https:\/\/www.m-q.ch\/ecec-2023-befasste-sich-mit-compliance-in-krisenjahren\/\",\"name\":\"ECEC 2023 befasste sich mit Compliance in Krisenjahren - MQ Management und Qualit\u00e4t\",\"isPartOf\":{\"@id\":\"https:\/\/www.m-q.ch\/fr\/#website\"},\"primaryImageOfPage\":{\"@id\":\"https:\/\/www.m-q.ch\/ecec-2023-befasste-sich-mit-compliance-in-krisenjahren\/#primaryimage\"},\"image\":{\"@id\":\"https:\/\/www.m-q.ch\/ecec-2023-befasste-sich-mit-compliance-in-krisenjahren\/#primaryimage\"},\"thumbnailUrl\":\"https:\/\/www.m-q.ch\/wp-content\/uploads\/2023\/10\/ECEC-2023-befasste-sich-mit-Compliance-in-Krisenjahren_MQ.jpg\",\"datePublished\":\"2023-10-26T08:40:59+00:00\",\"description\":\"Die ECEC 2023 vom 17. Oktober, ein Treffen der europ\u00e4ischen Compliance Community, stand ganz im Zeichen der Herausforderungen der Zukunft.\",\"breadcrumb\":{\"@id\":\"https:\/\/www.m-q.ch\/ecec-2023-befasste-sich-mit-compliance-in-krisenjahren\/#breadcrumb\"},\"inLanguage\":\"de\",\"potentialAction\":[{\"@type\":\"ReadAction\",\"target\":[\"https:\/\/www.m-q.ch\/ecec-2023-befasste-sich-mit-compliance-in-krisenjahren\/\"]}]},{\"@type\":\"ImageObject\",\"inLanguage\":\"de\",\"@id\":\"https:\/\/www.m-q.ch\/ecec-2023-befasste-sich-mit-compliance-in-krisenjahren\/#primaryimage\",\"url\":\"https:\/\/www.m-q.ch\/wp-content\/uploads\/2023\/10\/ECEC-2023-befasste-sich-mit-Compliance-in-Krisenjahren_MQ.jpg\",\"contentUrl\":\"https:\/\/www.m-q.ch\/wp-content\/uploads\/2023\/10\/ECEC-2023-befasste-sich-mit-Compliance-in-Krisenjahren_MQ.jpg\",\"width\":680,\"height\":409,\"caption\":\"Die ECEC ist eine virtuelle Konferenz zu Compliance-Themen, durchgef\u00fchrt von der EQS Group. (Bild: www.ecec-community.com)\"},{\"@type\":\"BreadcrumbList\",\"@id\":\"https:\/\/www.m-q.ch\/ecec-2023-befasste-sich-mit-compliance-in-krisenjahren\/#breadcrumb\",\"itemListElement\":[{\"@type\":\"ListItem\",\"position\":1,\"name\":\"Business Excellence\",\"item\":\"https:\/\/www.m-q.ch\/kategorie\/business_excellence\/\"},{\"@type\":\"ListItem\",\"position\":2,\"name\":\"ECEC 2023 befasste sich mit Compliance in Krisenjahren\"}]},{\"@type\":\"WebSite\",\"@id\":\"https:\/\/www.m-q.ch\/fr\/#website\",\"url\":\"https:\/\/www.m-q.ch\/fr\/\",\"name\":\"MQ Management und Qualit\u00e4t\",\"description\":\"Plattform f\u00fcr integrierte Managementsysteme.\",\"publisher\":{\"@id\":\"https:\/\/www.m-q.ch\/fr\/#organization\"},\"potentialAction\":[{\"@type\":\"SearchAction\",\"target\":{\"@type\":\"EntryPoint\",\"urlTemplate\":\"https:\/\/www.m-q.ch\/fr\/?s={search_term_string}\"},\"query-input\":{\"@type\":\"PropertyValueSpecification\",\"valueRequired\":true,\"valueName\":\"search_term_string\"}}],\"inLanguage\":\"de\"},{\"@type\":\"Organization\",\"@id\":\"https:\/\/www.m-q.ch\/fr\/#organization\",\"name\":\"Galledia Fachmedien AG\",\"url\":\"https:\/\/www.m-q.ch\/fr\/\",\"logo\":{\"@type\":\"ImageObject\",\"inLanguage\":\"de\",\"@id\":\"https:\/\/www.m-q.ch\/fr\/#\/schema\/logo\/image\/\",\"url\":\"https:\/\/www.m-q.ch\/wp-content\/uploads\/2020\/12\/cropped-logo_small.png\",\"contentUrl\":\"https:\/\/www.m-q.ch\/wp-content\/uploads\/2020\/12\/cropped-logo_small.png\",\"width\":512,\"height\":512,\"caption\":\"Galledia Fachmedien AG\"},\"image\":{\"@id\":\"https:\/\/www.m-q.ch\/fr\/#\/schema\/logo\/image\/\"},\"sameAs\":[\"https:\/\/www.facebook.com\/ManagementUndQualitaet\",\"https:\/\/www.linkedin.com\/showcase\/17982321\/admin\/\"]},{\"@type\":\"Person\",\"@id\":\"https:\/\/www.m-q.ch\/fr\/#\/schema\/person\/a8711938b1cfb3f056dec70eaa0b42ab\",\"name\":\"Thomas Berner\",\"image\":{\"@type\":\"ImageObject\",\"inLanguage\":\"de\",\"@id\":\"https:\/\/www.m-q.ch\/fr\/#\/schema\/person\/image\/\",\"url\":\"https:\/\/secure.gravatar.com\/avatar\/faea7857408f70478f976d576da10f96?s=96&d=mm&r=g\",\"contentUrl\":\"https:\/\/secure.gravatar.com\/avatar\/faea7857408f70478f976d576da10f96?s=96&d=mm&r=g\",\"caption\":\"Thomas Berner\"},\"url\":\"https:\/\/www.m-q.ch\/de\/author\/thomas-berner\/\"}]}<\/script>\n<!-- \/ Yoast SEO plugin. -->","yoast_head_json":{"title":"ECEC 2023 befasste sich mit Compliance in Krisenjahren - MQ Management und Qualit\u00e4t","description":"Die ECEC 2023 vom 17. Oktober, ein Treffen der europ\u00e4ischen Compliance Community, stand ganz im Zeichen der Herausforderungen der Zukunft.","robots":{"index":"index","follow":"follow","max-snippet":"max-snippet:-1","max-image-preview":"max-image-preview:large","max-video-preview":"max-video-preview:-1"},"canonical":"https:\/\/www.m-q.ch\/de\/ecec-2023-befasste-sich-mit-compliance-in-krisenjahren\/","og_locale":"de_DE","og_type":"article","og_title":"ECEC 2023 befasste sich mit Compliance in Krisenjahren","og_description":"Die ECEC 2023 vom 17. Oktober, ein Treffen der europ\u00e4ischen Compliance Community, stand ganz im Zeichen der Herausforderungen der Zukunft.","og_url":"https:\/\/www.m-q.ch\/de\/ecec-2023-befasste-sich-mit-compliance-in-krisenjahren\/","og_site_name":"MQ Management und Qualit\u00e4t","article_publisher":"https:\/\/www.facebook.com\/ManagementUndQualitaet","article_published_time":"2023-10-26T08:40:59+00:00","og_image":[{"width":680,"height":409,"url":"https:\/\/www.m-q.ch\/wp-content\/uploads\/2023\/10\/ECEC-2023-befasste-sich-mit-Compliance-in-Krisenjahren_MQ.jpg","type":"image\/jpeg"}],"author":"Thomas Berner","twitter_card":"summary_large_image","twitter_title":"#ECEC 2023 befasste sich mit #Compliance in #Krisenjahren","twitter_description":"Die #ECEC 2023 vom 17. Oktober, ein Treffen der europ\u00e4ischen #Compliance Community, stand ganz im Zeichen der Herausforderungen der Zukunft.","twitter_image":"https:\/\/www.m-q.ch\/wp-content\/uploads\/2023\/10\/ECEC-2023-befasste-sich-mit-Compliance-in-Krisenjahren_MQ.jpg","twitter_misc":{"Verfasst von":"Thomas Berner","Gesch\u00e4tzte Lesezeit":"4\u00a0Minuten"},"schema":{"@context":"https:\/\/schema.org","@graph":[{"@type":"Article","@id":"https:\/\/www.m-q.ch\/ecec-2023-befasste-sich-mit-compliance-in-krisenjahren\/#article","isPartOf":{"@id":"https:\/\/www.m-q.ch\/ecec-2023-befasste-sich-mit-compliance-in-krisenjahren\/"},"author":{"name":"Thomas Berner","@id":"https:\/\/www.m-q.ch\/fr\/#\/schema\/person\/a8711938b1cfb3f056dec70eaa0b42ab"},"headline":"ECEC 2023 befasste sich mit Compliance in Krisenjahren","datePublished":"2023-10-26T08:40:59+00:00","mainEntityOfPage":{"@id":"https:\/\/www.m-q.ch\/ecec-2023-befasste-sich-mit-compliance-in-krisenjahren\/"},"wordCount":618,"publisher":{"@id":"https:\/\/www.m-q.ch\/fr\/#organization"},"image":{"@id":"https:\/\/www.m-q.ch\/ecec-2023-befasste-sich-mit-compliance-in-krisenjahren\/#primaryimage"},"thumbnailUrl":"https:\/\/www.m-q.ch\/wp-content\/uploads\/2023\/10\/ECEC-2023-befasste-sich-mit-Compliance-in-Krisenjahren_MQ.jpg","keywords":["Award","Compliance","Events"],"articleSection":["Business Excellence"],"inLanguage":"de"},{"@type":"WebPage","@id":"https:\/\/www.m-q.ch\/ecec-2023-befasste-sich-mit-compliance-in-krisenjahren\/","url":"https:\/\/www.m-q.ch\/ecec-2023-befasste-sich-mit-compliance-in-krisenjahren\/","name":"ECEC 2023 befasste sich mit Compliance in Krisenjahren - MQ Management und Qualit\u00e4t","isPartOf":{"@id":"https:\/\/www.m-q.ch\/fr\/#website"},"primaryImageOfPage":{"@id":"https:\/\/www.m-q.ch\/ecec-2023-befasste-sich-mit-compliance-in-krisenjahren\/#primaryimage"},"image":{"@id":"https:\/\/www.m-q.ch\/ecec-2023-befasste-sich-mit-compliance-in-krisenjahren\/#primaryimage"},"thumbnailUrl":"https:\/\/www.m-q.ch\/wp-content\/uploads\/2023\/10\/ECEC-2023-befasste-sich-mit-Compliance-in-Krisenjahren_MQ.jpg","datePublished":"2023-10-26T08:40:59+00:00","description":"Die ECEC 2023 vom 17. Oktober, ein Treffen der europ\u00e4ischen Compliance Community, stand ganz im Zeichen der Herausforderungen der Zukunft.","breadcrumb":{"@id":"https:\/\/www.m-q.ch\/ecec-2023-befasste-sich-mit-compliance-in-krisenjahren\/#breadcrumb"},"inLanguage":"de","potentialAction":[{"@type":"ReadAction","target":["https:\/\/www.m-q.ch\/ecec-2023-befasste-sich-mit-compliance-in-krisenjahren\/"]}]},{"@type":"ImageObject","inLanguage":"de","@id":"https:\/\/www.m-q.ch\/ecec-2023-befasste-sich-mit-compliance-in-krisenjahren\/#primaryimage","url":"https:\/\/www.m-q.ch\/wp-content\/uploads\/2023\/10\/ECEC-2023-befasste-sich-mit-Compliance-in-Krisenjahren_MQ.jpg","contentUrl":"https:\/\/www.m-q.ch\/wp-content\/uploads\/2023\/10\/ECEC-2023-befasste-sich-mit-Compliance-in-Krisenjahren_MQ.jpg","width":680,"height":409,"caption":"Die ECEC ist eine virtuelle Konferenz zu Compliance-Themen, durchgef\u00fchrt von der EQS Group. (Bild: www.ecec-community.com)"},{"@type":"BreadcrumbList","@id":"https:\/\/www.m-q.ch\/ecec-2023-befasste-sich-mit-compliance-in-krisenjahren\/#breadcrumb","itemListElement":[{"@type":"ListItem","position":1,"name":"Business Excellence","item":"https:\/\/www.m-q.ch\/kategorie\/business_excellence\/"},{"@type":"ListItem","position":2,"name":"ECEC 2023 befasste sich mit Compliance in Krisenjahren"}]},{"@type":"WebSite","@id":"https:\/\/www.m-q.ch\/fr\/#website","url":"https:\/\/www.m-q.ch\/fr\/","name":"MQ Management und Qualit\u00e4t","description":"Plattform f\u00fcr integrierte Managementsysteme.","publisher":{"@id":"https:\/\/www.m-q.ch\/fr\/#organization"},"potentialAction":[{"@type":"SearchAction","target":{"@type":"EntryPoint","urlTemplate":"https:\/\/www.m-q.ch\/fr\/?s={search_term_string}"},"query-input":{"@type":"PropertyValueSpecification","valueRequired":true,"valueName":"search_term_string"}}],"inLanguage":"de"},{"@type":"Organization","@id":"https:\/\/www.m-q.ch\/fr\/#organization","name":"Galledia Fachmedien AG","url":"https:\/\/www.m-q.ch\/fr\/","logo":{"@type":"ImageObject","inLanguage":"de","@id":"https:\/\/www.m-q.ch\/fr\/#\/schema\/logo\/image\/","url":"https:\/\/www.m-q.ch\/wp-content\/uploads\/2020\/12\/cropped-logo_small.png","contentUrl":"https:\/\/www.m-q.ch\/wp-content\/uploads\/2020\/12\/cropped-logo_small.png","width":512,"height":512,"caption":"Galledia Fachmedien AG"},"image":{"@id":"https:\/\/www.m-q.ch\/fr\/#\/schema\/logo\/image\/"},"sameAs":["https:\/\/www.facebook.com\/ManagementUndQualitaet","https:\/\/www.linkedin.com\/showcase\/17982321\/admin\/"]},{"@type":"Person","@id":"https:\/\/www.m-q.ch\/fr\/#\/schema\/person\/a8711938b1cfb3f056dec70eaa0b42ab","name":"Thomas Berner","image":{"@type":"ImageObject","inLanguage":"de","@id":"https:\/\/www.m-q.ch\/fr\/#\/schema\/person\/image\/","url":"https:\/\/secure.gravatar.com\/avatar\/faea7857408f70478f976d576da10f96?s=96&d=mm&r=g","contentUrl":"https:\/\/secure.gravatar.com\/avatar\/faea7857408f70478f976d576da10f96?s=96&d=mm&r=g","caption":"Thomas Berner"},"url":"https:\/\/www.m-q.ch\/de\/author\/thomas-berner\/"}]}},"_links":{"self":[{"href":"https:\/\/www.m-q.ch\/de\/wp-json\/wp\/v2\/posts\/18800","targetHints":{"allow":["GET"]}}],"collection":[{"href":"https:\/\/www.m-q.ch\/de\/wp-json\/wp\/v2\/posts"}],"about":[{"href":"https:\/\/www.m-q.ch\/de\/wp-json\/wp\/v2\/types\/post"}],"author":[{"embeddable":true,"href":"https:\/\/www.m-q.ch\/de\/wp-json\/wp\/v2\/users\/10"}],"replies":[{"embeddable":true,"href":"https:\/\/www.m-q.ch\/de\/wp-json\/wp\/v2\/comments?post=18800"}],"version-history":[{"count":1,"href":"https:\/\/www.m-q.ch\/de\/wp-json\/wp\/v2\/posts\/18800\/revisions"}],"predecessor-version":[{"id":18802,"href":"https:\/\/www.m-q.ch\/de\/wp-json\/wp\/v2\/posts\/18800\/revisions\/18802"}],"wp:featuredmedia":[{"embeddable":true,"href":"https:\/\/www.m-q.ch\/de\/wp-json\/wp\/v2\/media\/18801"}],"wp:attachment":[{"href":"https:\/\/www.m-q.ch\/de\/wp-json\/wp\/v2\/media?parent=18800"}],"wp:term":[{"taxonomy":"category","embeddable":true,"href":"https:\/\/www.m-q.ch\/de\/wp-json\/wp\/v2\/categories?post=18800"},{"taxonomy":"post_tag","embeddable":true,"href":"https:\/\/www.m-q.ch\/de\/wp-json\/wp\/v2\/tags?post=18800"}],"curies":[{"name":"wp","href":"https:\/\/api.w.org\/{rel}","templated":true}]}}