{"id":22747,"date":"2026-04-28T13:17:56","date_gmt":"2026-04-28T11:17:56","guid":{"rendered":"https:\/\/www.m-q.ch\/?p=22747"},"modified":"2026-04-28T13:17:56","modified_gmt":"2026-04-28T11:17:56","slug":"wirtschaft-ist-auf-quanten-kriminalitaet-kaum-vorbereitet","status":"publish","type":"post","link":"https:\/\/www.m-q.ch\/de\/wirtschaft-ist-auf-quanten-kriminalitaet-kaum-vorbereitet\/","title":{"rendered":"Wirtschaft ist auf Quanten-Kriminalit\u00e4t kaum vorbereitet"},"content":{"rendered":"<figure id=\"attachment_22748\" aria-describedby=\"caption-attachment-22748\" style=\"width: 680px\" class=\"wp-caption alignnone\"><img loading=\"lazy\" decoding=\"async\" class=\"size-full wp-image-22748\" src=\"https:\/\/www.m-q.ch\/wp-content\/uploads\/2026\/04\/Wirtschaft-ist-auf-Quanten-Kriminalitaet-kaum-vorbereitet_MQ.jpg\" alt=\"\" width=\"680\" height=\"383\" srcset=\"https:\/\/www.m-q.ch\/wp-content\/uploads\/2026\/04\/Wirtschaft-ist-auf-Quanten-Kriminalitaet-kaum-vorbereitet_MQ.jpg 680w, https:\/\/www.m-q.ch\/wp-content\/uploads\/2026\/04\/Wirtschaft-ist-auf-Quanten-Kriminalitaet-kaum-vorbereitet_MQ-18x10.jpg 18w, https:\/\/www.m-q.ch\/wp-content\/uploads\/2026\/04\/Wirtschaft-ist-auf-Quanten-Kriminalitaet-kaum-vorbereitet_MQ-375x211.jpg 375w, https:\/\/www.m-q.ch\/wp-content\/uploads\/2026\/04\/Wirtschaft-ist-auf-Quanten-Kriminalitaet-kaum-vorbereitet_MQ-621x350.jpg 621w\" sizes=\"auto, (max-width: 680px) 100vw, 680px\" \/><figcaption id=\"caption-attachment-22748\" class=\"wp-caption-text\">Quantum Computing zeigt erst allm\u00e4hlich die Risiken auf, die dahinterstehen k\u00f6nnen. (Bild: Unsplash.com)<\/figcaption><\/figure>\n<p>Die Vereinten Nationen hatten 2025 als \u00abInternational Year of Quantum Science and Technology\u00bb deklariert, um die Bedeutung der Quantentechnologie f\u00fcr die Menschheit zu betonen (<a href=\"https:\/\/quantum2025.org\/\">https:\/\/quantum2025.org<\/a>\/). \u00abGleichzeitig k\u00f6nnte sich Quantencomputing zu einer der gr\u00f6ssten Bedrohungen f\u00fcr die digitale Zivilisation entwickeln\u00bb, weist James Lee, Regional Director DACH beim Cybersicherheitsunternehmen Horizon3.ai, auf die Schattenseite der vor 100 Jahren entdeckten Quantenmechanik hin. Quantencomputer werden n\u00e4mlich schon in wenigen Jahren in der Lage sein, alle heute gel\u00e4ufigen Verfahren zur Datenverschl\u00fcsselung zu knacken.<\/p>\n<p>Das Verfahren \u00abharvest now, decrypt later\u00bb (HNDL) hat in der Cybercrime-Szene Hochkonjunktur. Damit ist gemeint, dass Cyberkriminelle heute schon in grossem Umfang Datenbest\u00e4nde erbeuten, die sie derzeit aufgrund der Verschl\u00fcsselung noch nicht verwenden k\u00f6nnen, aber davon ausgehen, dass sie die Verschl\u00fcsselung schon bald mittels Quantencomputing knacken und die Informationen dann nutzen k\u00f6nnen.<\/p>\n<p>\u00abUmso wichtiger ist es, selbst hochverschl\u00fcsselte Datenbest\u00e4nde heute schon so gut wie m\u00f6glich zu sch\u00fctzen\u00bb, betont Sicherheitsexperte James Lee. In der Wirtschaft h\u00e4lt sich die Aufmerksamkeit f\u00fcr die aufkommende Gefahr allerdings noch in Grenzen, hat eine aktuelle Umfrage von Horizon3.ai unter 300 Firmen in Deutschland, \u00d6sterreich und der Schweiz zutage gef\u00f6rdert.<\/p>\n<p>Demnach stufen nur 14 Prozent der Unternehmen Quantencomputing-basierte Angriffe als ernsthafte Bedrohung ein. 38 Prozent sehen in der Quantentechnologie immerhin ein moderates Bedrohungspotenzial. 40 Prozent halten diesen Aspekt f\u00fcr vernachl\u00e4ssigbar. Dementsprechend gering ist das Interesse an Schutzmassnahmen.<\/p>\n<p>Die Mehrheit (52 Prozent) der von Horizon3.ai befragten Firmen hat bislang keinerlei Vorkehrungen getroffen, um ihre Datenbest\u00e4nde quanten-sicher zu verschl\u00fcsseln. 44 Prozent wollen auch k\u00fcnftig daran nichts \u00e4ndern. 28 Prozent planen zumindest teilweise den Umstieg auf quanten-sichere Verschl\u00fcsselungsverfahren oder haben sogar schon erste Schritte dahingehend eingeleitet. 22 Prozent arbeiten dabei mit einem festen Zeitplan zur Umstellung. Lediglich 14 Prozent der Firmen haben sich eigenen Angaben zufolge bereits vollst\u00e4ndig darauf eingestellt, dass sich Cyberkriminelle k\u00fcnftig der Quantentechnologie bedienen, um verschl\u00fcsselte Datenbest\u00e4nde, die sie erbeuten, auch nutzen zu k\u00f6nnen.<\/p>\n<p><em>Quelle: <a href=\"https:\/\/horizon3.ai\/\">Horizon3.ai<\/a><\/em><\/p>\n","protected":false},"excerpt":{"rendered":"<p>\u00abHarvest now, decrypt later\u00bb hat in der Cybercrime-Szene Hochkonjunktur: Die Kriminellen erbeuten heute schon Datenbest\u00e4nde, die sie erst k\u00fcnftig mit Quantentechnologie knacken k\u00f6nnen.<\/p>\n","protected":false},"author":10,"featured_media":22748,"comment_status":"closed","ping_status":"closed","sticky":false,"template":"","format":"standard","meta":{"_acf_changed":false,"footnotes":""},"categories":[4],"tags":[3560,5512,3326],"class_list":["post-22747","post","type-post","status-publish","format-standard","has-post-thumbnail","hentry","category-risikomanagement","tag-cybersicherheit","tag-quantentechnologie","tag-risikomanagement"],"acf":[],"yoast_head":"<!-- This site is optimized with the Yoast SEO plugin v26.2 - https:\/\/yoast.com\/wordpress\/plugins\/seo\/ -->\n<title>Wirtschaft ist auf Quanten-Kriminalit\u00e4t kaum vorbereitet - MQ Management und Qualit\u00e4t<\/title>\n<meta name=\"description\" content=\"Quanten-Kriminalit\u00e4t: Die Kriminellen erbeuten heute schon Datenbest\u00e4nde, die sie erst k\u00fcnftig mit Quantentechnologie knacken k\u00f6nnen.\" \/>\n<meta name=\"robots\" content=\"index, follow, max-snippet:-1, max-image-preview:large, max-video-preview:-1\" \/>\n<link rel=\"canonical\" href=\"https:\/\/www.m-q.ch\/de\/wirtschaft-ist-auf-quanten-kriminalitaet-kaum-vorbereitet\/\" \/>\n<meta property=\"og:locale\" content=\"de_DE\" \/>\n<meta property=\"og:type\" content=\"article\" \/>\n<meta property=\"og:title\" content=\"Wirtschaft ist auf Quanten-Kriminalit\u00e4t kaum vorbereitet\" \/>\n<meta property=\"og:description\" content=\"Quanten-Kriminalit\u00e4t: Die Kriminellen erbeuten heute schon Datenbest\u00e4nde, die sie erst k\u00fcnftig mit Quantentechnologie knacken k\u00f6nnen.\" \/>\n<meta property=\"og:url\" content=\"https:\/\/www.m-q.ch\/de\/wirtschaft-ist-auf-quanten-kriminalitaet-kaum-vorbereitet\/\" \/>\n<meta property=\"og:site_name\" content=\"MQ Management und Qualit\u00e4t\" \/>\n<meta property=\"article:publisher\" content=\"https:\/\/www.facebook.com\/ManagementUndQualitaet\" \/>\n<meta property=\"article:published_time\" content=\"2026-04-28T11:17:56+00:00\" \/>\n<meta property=\"og:image\" content=\"https:\/\/www.m-q.ch\/wp-content\/uploads\/2026\/04\/Wirtschaft-ist-auf-Quanten-Kriminalitaet-kaum-vorbereitet_MQ.jpg\" \/>\n\t<meta property=\"og:image:width\" content=\"680\" \/>\n\t<meta property=\"og:image:height\" content=\"383\" \/>\n\t<meta property=\"og:image:type\" content=\"image\/jpeg\" \/>\n<meta name=\"author\" content=\"Thomas Berner\" \/>\n<meta name=\"twitter:card\" content=\"summary_large_image\" \/>\n<meta name=\"twitter:title\" content=\"Wirtschaft ist auf #Quanten-Kriminalit\u00e4t kaum vorbereitet\" \/>\n<meta name=\"twitter:description\" content=\"#Quanten-Kriminalit\u00e4t: Die Kriminellen erbeuten heute schon #Datenbest\u00e4nde, die sie erst k\u00fcnftig mit #Quantentechnologie knacken k\u00f6nnen.\" \/>\n<meta name=\"twitter:image\" content=\"https:\/\/www.m-q.ch\/wp-content\/uploads\/2026\/04\/Wirtschaft-ist-auf-Quanten-Kriminalitaet-kaum-vorbereitet_MQ.jpg\" \/>\n<meta name=\"twitter:label1\" content=\"Verfasst von\" \/>\n\t<meta name=\"twitter:data1\" content=\"Thomas Berner\" \/>\n\t<meta name=\"twitter:label2\" content=\"Gesch\u00e4tzte Lesezeit\" \/>\n\t<meta name=\"twitter:data2\" content=\"3\u00a0Minuten\" \/>\n<script type=\"application\/ld+json\" class=\"yoast-schema-graph\">{\"@context\":\"https:\/\/schema.org\",\"@graph\":[{\"@type\":\"Article\",\"@id\":\"https:\/\/www.m-q.ch\/wirtschaft-ist-auf-quanten-kriminalitaet-kaum-vorbereitet\/#article\",\"isPartOf\":{\"@id\":\"https:\/\/www.m-q.ch\/wirtschaft-ist-auf-quanten-kriminalitaet-kaum-vorbereitet\/\"},\"author\":{\"name\":\"Thomas Berner\",\"@id\":\"https:\/\/www.m-q.ch\/fr\/#\/schema\/person\/a8711938b1cfb3f056dec70eaa0b42ab\"},\"headline\":\"Wirtschaft ist auf Quanten-Kriminalit\u00e4t kaum vorbereitet\",\"datePublished\":\"2026-04-28T11:17:56+00:00\",\"mainEntityOfPage\":{\"@id\":\"https:\/\/www.m-q.ch\/wirtschaft-ist-auf-quanten-kriminalitaet-kaum-vorbereitet\/\"},\"wordCount\":361,\"publisher\":{\"@id\":\"https:\/\/www.m-q.ch\/fr\/#organization\"},\"image\":{\"@id\":\"https:\/\/www.m-q.ch\/wirtschaft-ist-auf-quanten-kriminalitaet-kaum-vorbereitet\/#primaryimage\"},\"thumbnailUrl\":\"https:\/\/www.m-q.ch\/wp-content\/uploads\/2026\/04\/Wirtschaft-ist-auf-Quanten-Kriminalitaet-kaum-vorbereitet_MQ.jpg\",\"keywords\":[\"Cybersicherheit\",\"Quantentechnologie\",\"Risikomanagement\"],\"articleSection\":[\"Risikomanagement\"],\"inLanguage\":\"de\"},{\"@type\":\"WebPage\",\"@id\":\"https:\/\/www.m-q.ch\/wirtschaft-ist-auf-quanten-kriminalitaet-kaum-vorbereitet\/\",\"url\":\"https:\/\/www.m-q.ch\/wirtschaft-ist-auf-quanten-kriminalitaet-kaum-vorbereitet\/\",\"name\":\"Wirtschaft ist auf Quanten-Kriminalit\u00e4t kaum vorbereitet - MQ Management und Qualit\u00e4t\",\"isPartOf\":{\"@id\":\"https:\/\/www.m-q.ch\/fr\/#website\"},\"primaryImageOfPage\":{\"@id\":\"https:\/\/www.m-q.ch\/wirtschaft-ist-auf-quanten-kriminalitaet-kaum-vorbereitet\/#primaryimage\"},\"image\":{\"@id\":\"https:\/\/www.m-q.ch\/wirtschaft-ist-auf-quanten-kriminalitaet-kaum-vorbereitet\/#primaryimage\"},\"thumbnailUrl\":\"https:\/\/www.m-q.ch\/wp-content\/uploads\/2026\/04\/Wirtschaft-ist-auf-Quanten-Kriminalitaet-kaum-vorbereitet_MQ.jpg\",\"datePublished\":\"2026-04-28T11:17:56+00:00\",\"description\":\"Quanten-Kriminalit\u00e4t: Die Kriminellen erbeuten heute schon Datenbest\u00e4nde, die sie erst k\u00fcnftig mit Quantentechnologie knacken k\u00f6nnen.\",\"breadcrumb\":{\"@id\":\"https:\/\/www.m-q.ch\/wirtschaft-ist-auf-quanten-kriminalitaet-kaum-vorbereitet\/#breadcrumb\"},\"inLanguage\":\"de\",\"potentialAction\":[{\"@type\":\"ReadAction\",\"target\":[\"https:\/\/www.m-q.ch\/wirtschaft-ist-auf-quanten-kriminalitaet-kaum-vorbereitet\/\"]}]},{\"@type\":\"ImageObject\",\"inLanguage\":\"de\",\"@id\":\"https:\/\/www.m-q.ch\/wirtschaft-ist-auf-quanten-kriminalitaet-kaum-vorbereitet\/#primaryimage\",\"url\":\"https:\/\/www.m-q.ch\/wp-content\/uploads\/2026\/04\/Wirtschaft-ist-auf-Quanten-Kriminalitaet-kaum-vorbereitet_MQ.jpg\",\"contentUrl\":\"https:\/\/www.m-q.ch\/wp-content\/uploads\/2026\/04\/Wirtschaft-ist-auf-Quanten-Kriminalitaet-kaum-vorbereitet_MQ.jpg\",\"width\":680,\"height\":383,\"caption\":\"Quantum Computing zeigt erst allm\u00e4hlich die Risiken auf, die dahinterstehen k\u00f6nnen. (Bild: Unsplash.com)\"},{\"@type\":\"BreadcrumbList\",\"@id\":\"https:\/\/www.m-q.ch\/wirtschaft-ist-auf-quanten-kriminalitaet-kaum-vorbereitet\/#breadcrumb\",\"itemListElement\":[{\"@type\":\"ListItem\",\"position\":1,\"name\":\"Risikomanagement\",\"item\":\"https:\/\/www.m-q.ch\/kategorie\/risikomanagement\/\"},{\"@type\":\"ListItem\",\"position\":2,\"name\":\"Wirtschaft ist auf Quanten-Kriminalit\u00e4t kaum vorbereitet\"}]},{\"@type\":\"WebSite\",\"@id\":\"https:\/\/www.m-q.ch\/fr\/#website\",\"url\":\"https:\/\/www.m-q.ch\/fr\/\",\"name\":\"MQ Management und Qualit\u00e4t\",\"description\":\"Plattform f\u00fcr integrierte Managementsysteme.\",\"publisher\":{\"@id\":\"https:\/\/www.m-q.ch\/fr\/#organization\"},\"potentialAction\":[{\"@type\":\"SearchAction\",\"target\":{\"@type\":\"EntryPoint\",\"urlTemplate\":\"https:\/\/www.m-q.ch\/fr\/?s={search_term_string}\"},\"query-input\":{\"@type\":\"PropertyValueSpecification\",\"valueRequired\":true,\"valueName\":\"search_term_string\"}}],\"inLanguage\":\"de\"},{\"@type\":\"Organization\",\"@id\":\"https:\/\/www.m-q.ch\/fr\/#organization\",\"name\":\"Galledia Fachmedien AG\",\"url\":\"https:\/\/www.m-q.ch\/fr\/\",\"logo\":{\"@type\":\"ImageObject\",\"inLanguage\":\"de\",\"@id\":\"https:\/\/www.m-q.ch\/fr\/#\/schema\/logo\/image\/\",\"url\":\"https:\/\/www.m-q.ch\/wp-content\/uploads\/2020\/12\/cropped-logo_small.png\",\"contentUrl\":\"https:\/\/www.m-q.ch\/wp-content\/uploads\/2020\/12\/cropped-logo_small.png\",\"width\":512,\"height\":512,\"caption\":\"Galledia Fachmedien AG\"},\"image\":{\"@id\":\"https:\/\/www.m-q.ch\/fr\/#\/schema\/logo\/image\/\"},\"sameAs\":[\"https:\/\/www.facebook.com\/ManagementUndQualitaet\",\"https:\/\/www.linkedin.com\/showcase\/17982321\/admin\/\"]},{\"@type\":\"Person\",\"@id\":\"https:\/\/www.m-q.ch\/fr\/#\/schema\/person\/a8711938b1cfb3f056dec70eaa0b42ab\",\"name\":\"Thomas Berner\",\"image\":{\"@type\":\"ImageObject\",\"inLanguage\":\"de\",\"@id\":\"https:\/\/www.m-q.ch\/fr\/#\/schema\/person\/image\/\",\"url\":\"https:\/\/secure.gravatar.com\/avatar\/faea7857408f70478f976d576da10f96?s=96&d=mm&r=g\",\"contentUrl\":\"https:\/\/secure.gravatar.com\/avatar\/faea7857408f70478f976d576da10f96?s=96&d=mm&r=g\",\"caption\":\"Thomas Berner\"},\"url\":\"https:\/\/www.m-q.ch\/de\/author\/thomas-berner\/\"}]}<\/script>\n<!-- \/ Yoast SEO plugin. -->","yoast_head_json":{"title":"Wirtschaft ist auf Quanten-Kriminalit\u00e4t kaum vorbereitet - MQ Management und Qualit\u00e4t","description":"Quanten-Kriminalit\u00e4t: Die Kriminellen erbeuten heute schon Datenbest\u00e4nde, die sie erst k\u00fcnftig mit Quantentechnologie knacken k\u00f6nnen.","robots":{"index":"index","follow":"follow","max-snippet":"max-snippet:-1","max-image-preview":"max-image-preview:large","max-video-preview":"max-video-preview:-1"},"canonical":"https:\/\/www.m-q.ch\/de\/wirtschaft-ist-auf-quanten-kriminalitaet-kaum-vorbereitet\/","og_locale":"de_DE","og_type":"article","og_title":"Wirtschaft ist auf Quanten-Kriminalit\u00e4t kaum vorbereitet","og_description":"Quanten-Kriminalit\u00e4t: Die Kriminellen erbeuten heute schon Datenbest\u00e4nde, die sie erst k\u00fcnftig mit Quantentechnologie knacken k\u00f6nnen.","og_url":"https:\/\/www.m-q.ch\/de\/wirtschaft-ist-auf-quanten-kriminalitaet-kaum-vorbereitet\/","og_site_name":"MQ Management und Qualit\u00e4t","article_publisher":"https:\/\/www.facebook.com\/ManagementUndQualitaet","article_published_time":"2026-04-28T11:17:56+00:00","og_image":[{"width":680,"height":383,"url":"https:\/\/www.m-q.ch\/wp-content\/uploads\/2026\/04\/Wirtschaft-ist-auf-Quanten-Kriminalitaet-kaum-vorbereitet_MQ.jpg","type":"image\/jpeg"}],"author":"Thomas Berner","twitter_card":"summary_large_image","twitter_title":"Wirtschaft ist auf #Quanten-Kriminalit\u00e4t kaum vorbereitet","twitter_description":"#Quanten-Kriminalit\u00e4t: Die Kriminellen erbeuten heute schon #Datenbest\u00e4nde, die sie erst k\u00fcnftig mit #Quantentechnologie knacken k\u00f6nnen.","twitter_image":"https:\/\/www.m-q.ch\/wp-content\/uploads\/2026\/04\/Wirtschaft-ist-auf-Quanten-Kriminalitaet-kaum-vorbereitet_MQ.jpg","twitter_misc":{"Verfasst von":"Thomas Berner","Gesch\u00e4tzte Lesezeit":"3\u00a0Minuten"},"schema":{"@context":"https:\/\/schema.org","@graph":[{"@type":"Article","@id":"https:\/\/www.m-q.ch\/wirtschaft-ist-auf-quanten-kriminalitaet-kaum-vorbereitet\/#article","isPartOf":{"@id":"https:\/\/www.m-q.ch\/wirtschaft-ist-auf-quanten-kriminalitaet-kaum-vorbereitet\/"},"author":{"name":"Thomas Berner","@id":"https:\/\/www.m-q.ch\/fr\/#\/schema\/person\/a8711938b1cfb3f056dec70eaa0b42ab"},"headline":"Wirtschaft ist auf Quanten-Kriminalit\u00e4t kaum vorbereitet","datePublished":"2026-04-28T11:17:56+00:00","mainEntityOfPage":{"@id":"https:\/\/www.m-q.ch\/wirtschaft-ist-auf-quanten-kriminalitaet-kaum-vorbereitet\/"},"wordCount":361,"publisher":{"@id":"https:\/\/www.m-q.ch\/fr\/#organization"},"image":{"@id":"https:\/\/www.m-q.ch\/wirtschaft-ist-auf-quanten-kriminalitaet-kaum-vorbereitet\/#primaryimage"},"thumbnailUrl":"https:\/\/www.m-q.ch\/wp-content\/uploads\/2026\/04\/Wirtschaft-ist-auf-Quanten-Kriminalitaet-kaum-vorbereitet_MQ.jpg","keywords":["Cybersicherheit","Quantentechnologie","Risikomanagement"],"articleSection":["Risikomanagement"],"inLanguage":"de"},{"@type":"WebPage","@id":"https:\/\/www.m-q.ch\/wirtschaft-ist-auf-quanten-kriminalitaet-kaum-vorbereitet\/","url":"https:\/\/www.m-q.ch\/wirtschaft-ist-auf-quanten-kriminalitaet-kaum-vorbereitet\/","name":"Wirtschaft ist auf Quanten-Kriminalit\u00e4t kaum vorbereitet - MQ Management und Qualit\u00e4t","isPartOf":{"@id":"https:\/\/www.m-q.ch\/fr\/#website"},"primaryImageOfPage":{"@id":"https:\/\/www.m-q.ch\/wirtschaft-ist-auf-quanten-kriminalitaet-kaum-vorbereitet\/#primaryimage"},"image":{"@id":"https:\/\/www.m-q.ch\/wirtschaft-ist-auf-quanten-kriminalitaet-kaum-vorbereitet\/#primaryimage"},"thumbnailUrl":"https:\/\/www.m-q.ch\/wp-content\/uploads\/2026\/04\/Wirtschaft-ist-auf-Quanten-Kriminalitaet-kaum-vorbereitet_MQ.jpg","datePublished":"2026-04-28T11:17:56+00:00","description":"Quanten-Kriminalit\u00e4t: Die Kriminellen erbeuten heute schon Datenbest\u00e4nde, die sie erst k\u00fcnftig mit Quantentechnologie knacken k\u00f6nnen.","breadcrumb":{"@id":"https:\/\/www.m-q.ch\/wirtschaft-ist-auf-quanten-kriminalitaet-kaum-vorbereitet\/#breadcrumb"},"inLanguage":"de","potentialAction":[{"@type":"ReadAction","target":["https:\/\/www.m-q.ch\/wirtschaft-ist-auf-quanten-kriminalitaet-kaum-vorbereitet\/"]}]},{"@type":"ImageObject","inLanguage":"de","@id":"https:\/\/www.m-q.ch\/wirtschaft-ist-auf-quanten-kriminalitaet-kaum-vorbereitet\/#primaryimage","url":"https:\/\/www.m-q.ch\/wp-content\/uploads\/2026\/04\/Wirtschaft-ist-auf-Quanten-Kriminalitaet-kaum-vorbereitet_MQ.jpg","contentUrl":"https:\/\/www.m-q.ch\/wp-content\/uploads\/2026\/04\/Wirtschaft-ist-auf-Quanten-Kriminalitaet-kaum-vorbereitet_MQ.jpg","width":680,"height":383,"caption":"Quantum Computing zeigt erst allm\u00e4hlich die Risiken auf, die dahinterstehen k\u00f6nnen. (Bild: Unsplash.com)"},{"@type":"BreadcrumbList","@id":"https:\/\/www.m-q.ch\/wirtschaft-ist-auf-quanten-kriminalitaet-kaum-vorbereitet\/#breadcrumb","itemListElement":[{"@type":"ListItem","position":1,"name":"Risikomanagement","item":"https:\/\/www.m-q.ch\/kategorie\/risikomanagement\/"},{"@type":"ListItem","position":2,"name":"Wirtschaft ist auf Quanten-Kriminalit\u00e4t kaum vorbereitet"}]},{"@type":"WebSite","@id":"https:\/\/www.m-q.ch\/fr\/#website","url":"https:\/\/www.m-q.ch\/fr\/","name":"MQ Management und Qualit\u00e4t","description":"Plattform f\u00fcr integrierte Managementsysteme.","publisher":{"@id":"https:\/\/www.m-q.ch\/fr\/#organization"},"potentialAction":[{"@type":"SearchAction","target":{"@type":"EntryPoint","urlTemplate":"https:\/\/www.m-q.ch\/fr\/?s={search_term_string}"},"query-input":{"@type":"PropertyValueSpecification","valueRequired":true,"valueName":"search_term_string"}}],"inLanguage":"de"},{"@type":"Organization","@id":"https:\/\/www.m-q.ch\/fr\/#organization","name":"Galledia Fachmedien AG","url":"https:\/\/www.m-q.ch\/fr\/","logo":{"@type":"ImageObject","inLanguage":"de","@id":"https:\/\/www.m-q.ch\/fr\/#\/schema\/logo\/image\/","url":"https:\/\/www.m-q.ch\/wp-content\/uploads\/2020\/12\/cropped-logo_small.png","contentUrl":"https:\/\/www.m-q.ch\/wp-content\/uploads\/2020\/12\/cropped-logo_small.png","width":512,"height":512,"caption":"Galledia Fachmedien AG"},"image":{"@id":"https:\/\/www.m-q.ch\/fr\/#\/schema\/logo\/image\/"},"sameAs":["https:\/\/www.facebook.com\/ManagementUndQualitaet","https:\/\/www.linkedin.com\/showcase\/17982321\/admin\/"]},{"@type":"Person","@id":"https:\/\/www.m-q.ch\/fr\/#\/schema\/person\/a8711938b1cfb3f056dec70eaa0b42ab","name":"Thomas Berner","image":{"@type":"ImageObject","inLanguage":"de","@id":"https:\/\/www.m-q.ch\/fr\/#\/schema\/person\/image\/","url":"https:\/\/secure.gravatar.com\/avatar\/faea7857408f70478f976d576da10f96?s=96&d=mm&r=g","contentUrl":"https:\/\/secure.gravatar.com\/avatar\/faea7857408f70478f976d576da10f96?s=96&d=mm&r=g","caption":"Thomas Berner"},"url":"https:\/\/www.m-q.ch\/de\/author\/thomas-berner\/"}]}},"_links":{"self":[{"href":"https:\/\/www.m-q.ch\/de\/wp-json\/wp\/v2\/posts\/22747","targetHints":{"allow":["GET"]}}],"collection":[{"href":"https:\/\/www.m-q.ch\/de\/wp-json\/wp\/v2\/posts"}],"about":[{"href":"https:\/\/www.m-q.ch\/de\/wp-json\/wp\/v2\/types\/post"}],"author":[{"embeddable":true,"href":"https:\/\/www.m-q.ch\/de\/wp-json\/wp\/v2\/users\/10"}],"replies":[{"embeddable":true,"href":"https:\/\/www.m-q.ch\/de\/wp-json\/wp\/v2\/comments?post=22747"}],"version-history":[{"count":1,"href":"https:\/\/www.m-q.ch\/de\/wp-json\/wp\/v2\/posts\/22747\/revisions"}],"predecessor-version":[{"id":22749,"href":"https:\/\/www.m-q.ch\/de\/wp-json\/wp\/v2\/posts\/22747\/revisions\/22749"}],"wp:featuredmedia":[{"embeddable":true,"href":"https:\/\/www.m-q.ch\/de\/wp-json\/wp\/v2\/media\/22748"}],"wp:attachment":[{"href":"https:\/\/www.m-q.ch\/de\/wp-json\/wp\/v2\/media?parent=22747"}],"wp:term":[{"taxonomy":"category","embeddable":true,"href":"https:\/\/www.m-q.ch\/de\/wp-json\/wp\/v2\/categories?post=22747"},{"taxonomy":"post_tag","embeddable":true,"href":"https:\/\/www.m-q.ch\/de\/wp-json\/wp\/v2\/tags?post=22747"}],"curies":[{"name":"wp","href":"https:\/\/api.w.org\/{rel}","templated":true}]}}