{"id":260,"date":"2015-12-08T16:30:20","date_gmt":"2015-12-08T15:30:20","guid":{"rendered":"http:\/\/dev.m-q.ch\/?p=260"},"modified":"2017-02-23T11:00:01","modified_gmt":"2017-02-23T10:00:01","slug":"esprix-forum-2016-excellent-why-not","status":"publish","type":"post","link":"https:\/\/www.m-q.ch\/de\/esprix-forum-2016-excellent-why-not\/","title":{"rendered":"ESPRIX Forum 2016: \u201eExcellent \u2013 why not!\u201c"},"content":{"rendered":"<p><a href=\"https:\/\/m-q.ch\/wp-content\/uploads\/2016\/12\/ESPRIX-Forum-2016-Excellent-management-und-qualitaet.jpg\"><img loading=\"lazy\" decoding=\"async\" class=\"alignnone wp-image-113 size-full\" src=\"https:\/\/www.m-q.ch\/wp-content\/uploads\/2016\/12\/ESPRIX-Forum-2016-Excellent-management-und-qualitaet.jpg\" width=\"340\" height=\"148\" srcset=\"https:\/\/www.m-q.ch\/wp-content\/uploads\/2016\/12\/ESPRIX-Forum-2016-Excellent-management-und-qualitaet.jpg 340w, https:\/\/www.m-q.ch\/wp-content\/uploads\/2016\/12\/ESPRIX-Forum-2016-Excellent-management-und-qualitaet-16x7.jpg 16w, https:\/\/www.m-q.ch\/wp-content\/uploads\/2016\/12\/ESPRIX-Forum-2016-Excellent-management-und-qualitaet-300x131.jpg 300w\" sizes=\"auto, (max-width: 340px) 100vw, 340px\" \/><\/a><\/p>\n<p>Wer Perfektion anstrebt, kann Exzellenz erreichen. Gleichwohl gibt es nicht den K\u00f6nigsweg hierf\u00fcr. Am ESPRIX Forum thematisieren deswegen immer sehr gute Referenten \u201eExzellenz\u201c im Kontext der Schweizer Wirtschaft und Gesellschaft.\u00a0 F\u00fcrs kommende Forum konnten unter anderem diese Hauptredner gewonnen werden:<\/p>\n<p><em>Katrin Theodoli<\/em><\/p>\n<p>\u201eErfolg ist keine Frage des Geschlechts, sondern der Leidenschaft!\u201c, dies ist die Maxime von Katrin Theodoli, Inhaberin von Magnum Marine, der Herstellerin der wohl teuersten, elegantesten und schnellsten Luxusyachten.<\/p>\n<p><em>Cristi\u00e1n G\u00e1lvez<\/em><\/p>\n<p>Experte f\u00fcr Pers\u00f6nlichkeit, Motivation, Wirkung: Er wird den Zuh\u00f6rern zeigen, dass hinter jeder exzellenten Erfolgsgeschichte sich Muster und Strukturen der sogenannten Heldenreise verbergen.<\/p>\n<p><em>Raul Krauthausen<\/em><\/p>\n<p>Gr\u00fcnder der Aktion \u00abSozialhelden\u00bb, wird wie angek\u00fcndigt \u00abBarrieren durchbrechen\u00bb und \u00abeinfach mal machen\u00bb. Er leidet an der sogenannten Glasknochen-Krankheit und ist auf den Rollstuhl angewiesen.<\/p>\n<p><em>Sabine Holbrook<\/em><\/p>\n<p>\u00abPower of Excellence\u00bb wird sich als roter Faden durch das Referat von ziehen. F\u00fcr die Rennfahrerin der Superbike-Klasse \u2013 einer klassischen M\u00e4nnerdom\u00e4ne \u2013 gibt es f\u00fcr sie nur eines: \u00abVollgas geben\u00bb.<\/p>\n<p><strong>Die f\u00fcnf Finalisten<\/strong><\/p>\n<p>Bez\u00fcglich Business Excellence k\u00f6nnen sich auch die diesj\u00e4hrigen f\u00fcnf Finalisten f\u00fcr den ESPRIX Swiss Award for Excellence sehen lassen. Es sind dies:<\/p>\n<ul>\n<li>Die BMW Niederlassung Z\u00fcrich Dielsdorf, eine Abteilung der BMW (Schweiz) AG. &#8211; Ihre Vision: \u00abWir machen Kunden zu Fans und Fans zu Kunden.\u00bb<\/li>\n<\/ul>\n<ul>\n<li>Hochschule Luzern: Sie ist die Fachhochschule der sechs Zentralschweizer Kantone. &#8211; Rund 5900 Studierende absolvieren dort ein Bachelor- oder Masterstudium, knapp 4400 eine Weiterbildung.<\/li>\n<\/ul>\n<ul>\n<li>\u00a0Gewerbliche Berufsschule Chur (GBC). &#8211; Sie bietet jungen Absolventen der Volksschule eine berufliche Grundbildung im Rahmen des dualen Bildungssystems. \u00abKundenfokussierung\u00bb ist die oberste Maxime der Unternehmung.<\/li>\n<\/ul>\n<ul>\n<li>H\u00f6here Kaderausbildung der Armee (HKA). &#8211; Die H\u00f6here Kaderausbildung ist der anerkannte Hauptanbieter f\u00fcr die F\u00fchrungs- und Stabsausbildung der Milizkader sowie f\u00fcr die Ausbildung der Berufsoffiziere und Berufsunteroffiziere der Armee.<\/li>\n<\/ul>\n<ul>\n<li>CKW Conex. &#8211; Die CKW Conex AG ist eine 100-prozentige Tochter der Centralschweizerischen Kraftwerke AG und mit 550 Mitarbeitenden ein f\u00fchrendes Dienstleistungsunternehmen in der Geb\u00e4udetechnik.<\/li>\n<\/ul>\n<p>Die Gesch\u00e4ftsf\u00fchrer der Nominierten Betriebe stellen sich im CEO Excellence Talk der Diskussion und geben einen Einblick in ihre Erfolgsrezepte. Durch den Anlass f\u00fchrt die erfolgreiche Fernsehmoderatorin, S\u00e4ngerin und Musical- Darstellerin Sandra Studer.<\/p>\n<p><em>Kn\u00fcpfen Sie inspirierende Kontakte und erleben Sie einen belebenden Wissens- und Erfahrungsaustausch. Jetzt anmelden (Preis CHF 750.00, exkl. 8 % MwSt; Anmeldeschluss 12. Februar 2016) unter<\/em><\/p>\n<p><a href=\"http:\/\/www.esprixforum.ch\" target=\"_blank\" data-cke-saved-href=\"http:\/\/www.esprixforum.ch\">www.esprixforum.ch<\/a><\/p>\n","protected":false},"excerpt":{"rendered":"<p>Wer Perfektion anstrebt, kann Exzellenz erreichen. Gleichwohl gibt es nicht den K\u00f6nigsweg hierf\u00fcr. Am ESPRIX Forum thematisieren deswegen immer sehr gute Referenten \u201eExzellenz\u201c im Kontext der Schweizer Wirtschaft und Gesellschaft.\u00a0 F\u00fcrs kommende Forum konnten unter anderem diese Hauptredner gewonnen werden: Katrin Theodoli \u201eErfolg ist keine Frage des Geschlechts, sondern der Leidenschaft!\u201c, dies ist die Maxime [&hellip;]<\/p>\n","protected":false},"author":1,"featured_media":0,"comment_status":"open","ping_status":"open","sticky":false,"template":"","format":"standard","meta":{"_acf_changed":false,"footnotes":""},"categories":[5],"tags":[3328],"class_list":["post-260","post","type-post","status-publish","format-standard","hentry","category-business_excellence","tag-business-excellence"],"acf":[],"yoast_head":"<!-- This site is optimized with the Yoast SEO plugin v26.2 - https:\/\/yoast.com\/wordpress\/plugins\/seo\/ -->\n<title>ESPRIX Forum 2016: \u201eExcellent \u2013 why not!\u201c - MQ Management und Qualit\u00e4t<\/title>\n<meta name=\"description\" content=\"Am 10. M\u00e4rz 2016 findet einmal mehr das ESPRIX Forum f\u00fcr Excellence in Luzern statt.\" \/>\n<meta name=\"robots\" content=\"index, follow, max-snippet:-1, max-image-preview:large, max-video-preview:-1\" \/>\n<link rel=\"canonical\" href=\"https:\/\/www.m-q.ch\/de\/esprix-forum-2016-excellent-why-not\/\" \/>\n<meta property=\"og:locale\" content=\"de_DE\" \/>\n<meta property=\"og:type\" content=\"article\" \/>\n<meta property=\"og:title\" content=\"ESPRIX Forum 2016: \u201eExcellent \u2013 why not!\u201c\" \/>\n<meta property=\"og:description\" content=\"Am 10. M\u00e4rz 2016 findet einmal mehr das ESPRIX Forum f\u00fcr Excellence in Luzern statt. Namhafte Referenten aus Wirtschaft und Gesellschaft, nicht zuletzt die Verleihung des ESPRIX Swiss Award for Excellence 2016 bilden die Fixpunkte des Programms, welches im KKL Luzern pr\u00e4sentiert wird.\" \/>\n<meta property=\"og:url\" content=\"https:\/\/www.m-q.ch\/de\/esprix-forum-2016-excellent-why-not\/\" \/>\n<meta property=\"og:site_name\" content=\"MQ Management und Qualit\u00e4t\" \/>\n<meta property=\"article:publisher\" content=\"https:\/\/www.facebook.com\/ManagementUndQualitaet\" \/>\n<meta property=\"article:published_time\" content=\"2015-12-08T15:30:20+00:00\" \/>\n<meta property=\"article:modified_time\" content=\"2017-02-23T10:00:01+00:00\" \/>\n<meta property=\"og:image\" content=\"https:\/\/www.m-q.ch\/wp-content\/uploads\/2016\/12\/ESPRIX-Forum-2016-Excellent-management-und-qualitaet.jpg\" \/>\n<meta name=\"author\" content=\"galledia\" \/>\n<meta name=\"twitter:card\" content=\"summary_large_image\" \/>\n<meta name=\"twitter:label1\" content=\"Verfasst von\" \/>\n\t<meta name=\"twitter:data1\" content=\"galledia\" \/>\n\t<meta name=\"twitter:label2\" content=\"Gesch\u00e4tzte Lesezeit\" \/>\n\t<meta name=\"twitter:data2\" content=\"2\u00a0Minuten\" \/>\n<script type=\"application\/ld+json\" class=\"yoast-schema-graph\">{\"@context\":\"https:\/\/schema.org\",\"@graph\":[{\"@type\":\"Article\",\"@id\":\"https:\/\/www.m-q.ch\/esprix-forum-2016-excellent-why-not\/#article\",\"isPartOf\":{\"@id\":\"https:\/\/www.m-q.ch\/esprix-forum-2016-excellent-why-not\/\"},\"author\":{\"name\":\"galledia\",\"@id\":\"https:\/\/www.m-q.ch\/fr\/#\/schema\/person\/c0139a2c55a374db6df2cde78ec87148\"},\"headline\":\"ESPRIX Forum 2016: \u201eExcellent \u2013 why not!\u201c\",\"datePublished\":\"2015-12-08T15:30:20+00:00\",\"dateModified\":\"2017-02-23T10:00:01+00:00\",\"mainEntityOfPage\":{\"@id\":\"https:\/\/www.m-q.ch\/esprix-forum-2016-excellent-why-not\/\"},\"wordCount\":399,\"commentCount\":0,\"publisher\":{\"@id\":\"https:\/\/www.m-q.ch\/fr\/#organization\"},\"image\":{\"@id\":\"https:\/\/www.m-q.ch\/esprix-forum-2016-excellent-why-not\/#primaryimage\"},\"thumbnailUrl\":\"https:\/\/www.m-q.ch\/wp-content\/uploads\/2016\/12\/ESPRIX-Forum-2016-Excellent-management-und-qualitaet.jpg\",\"keywords\":[\"Business Excellence\"],\"articleSection\":[\"Business Excellence\"],\"inLanguage\":\"de\"},{\"@type\":\"WebPage\",\"@id\":\"https:\/\/www.m-q.ch\/esprix-forum-2016-excellent-why-not\/\",\"url\":\"https:\/\/www.m-q.ch\/esprix-forum-2016-excellent-why-not\/\",\"name\":\"ESPRIX Forum 2016: \u201eExcellent \u2013 why not!\u201c - MQ Management und Qualit\u00e4t\",\"isPartOf\":{\"@id\":\"https:\/\/www.m-q.ch\/fr\/#website\"},\"primaryImageOfPage\":{\"@id\":\"https:\/\/www.m-q.ch\/esprix-forum-2016-excellent-why-not\/#primaryimage\"},\"image\":{\"@id\":\"https:\/\/www.m-q.ch\/esprix-forum-2016-excellent-why-not\/#primaryimage\"},\"thumbnailUrl\":\"https:\/\/www.m-q.ch\/wp-content\/uploads\/2016\/12\/ESPRIX-Forum-2016-Excellent-management-und-qualitaet.jpg\",\"datePublished\":\"2015-12-08T15:30:20+00:00\",\"dateModified\":\"2017-02-23T10:00:01+00:00\",\"description\":\"Am 10. M\u00e4rz 2016 findet einmal mehr das ESPRIX Forum f\u00fcr Excellence in Luzern statt.\",\"breadcrumb\":{\"@id\":\"https:\/\/www.m-q.ch\/esprix-forum-2016-excellent-why-not\/#breadcrumb\"},\"inLanguage\":\"de\",\"potentialAction\":[{\"@type\":\"ReadAction\",\"target\":[\"https:\/\/www.m-q.ch\/esprix-forum-2016-excellent-why-not\/\"]}]},{\"@type\":\"ImageObject\",\"inLanguage\":\"de\",\"@id\":\"https:\/\/www.m-q.ch\/esprix-forum-2016-excellent-why-not\/#primaryimage\",\"url\":\"https:\/\/www.m-q.ch\/wp-content\/uploads\/2016\/12\/ESPRIX-Forum-2016-Excellent-management-und-qualitaet.jpg\",\"contentUrl\":\"https:\/\/www.m-q.ch\/wp-content\/uploads\/2016\/12\/ESPRIX-Forum-2016-Excellent-management-und-qualitaet.jpg\"},{\"@type\":\"BreadcrumbList\",\"@id\":\"https:\/\/www.m-q.ch\/esprix-forum-2016-excellent-why-not\/#breadcrumb\",\"itemListElement\":[{\"@type\":\"ListItem\",\"position\":1,\"name\":\"Business Excellence\",\"item\":\"https:\/\/www.m-q.ch\/kategorie\/business_excellence\/\"},{\"@type\":\"ListItem\",\"position\":2,\"name\":\"ESPRIX Forum 2016: \u201eExcellent \u2013 why not!\u201c\"}]},{\"@type\":\"WebSite\",\"@id\":\"https:\/\/www.m-q.ch\/fr\/#website\",\"url\":\"https:\/\/www.m-q.ch\/fr\/\",\"name\":\"MQ Management und Qualit\u00e4t\",\"description\":\"Plattform f\u00fcr integrierte Managementsysteme.\",\"publisher\":{\"@id\":\"https:\/\/www.m-q.ch\/fr\/#organization\"},\"potentialAction\":[{\"@type\":\"SearchAction\",\"target\":{\"@type\":\"EntryPoint\",\"urlTemplate\":\"https:\/\/www.m-q.ch\/fr\/?s={search_term_string}\"},\"query-input\":{\"@type\":\"PropertyValueSpecification\",\"valueRequired\":true,\"valueName\":\"search_term_string\"}}],\"inLanguage\":\"de\"},{\"@type\":\"Organization\",\"@id\":\"https:\/\/www.m-q.ch\/fr\/#organization\",\"name\":\"Galledia Fachmedien AG\",\"url\":\"https:\/\/www.m-q.ch\/fr\/\",\"logo\":{\"@type\":\"ImageObject\",\"inLanguage\":\"de\",\"@id\":\"https:\/\/www.m-q.ch\/fr\/#\/schema\/logo\/image\/\",\"url\":\"https:\/\/www.m-q.ch\/wp-content\/uploads\/2020\/12\/cropped-logo_small.png\",\"contentUrl\":\"https:\/\/www.m-q.ch\/wp-content\/uploads\/2020\/12\/cropped-logo_small.png\",\"width\":512,\"height\":512,\"caption\":\"Galledia Fachmedien AG\"},\"image\":{\"@id\":\"https:\/\/www.m-q.ch\/fr\/#\/schema\/logo\/image\/\"},\"sameAs\":[\"https:\/\/www.facebook.com\/ManagementUndQualitaet\",\"https:\/\/www.linkedin.com\/showcase\/17982321\/admin\/\"]},{\"@type\":\"Person\",\"@id\":\"https:\/\/www.m-q.ch\/fr\/#\/schema\/person\/c0139a2c55a374db6df2cde78ec87148\",\"name\":\"galledia\",\"image\":{\"@type\":\"ImageObject\",\"inLanguage\":\"de\",\"@id\":\"https:\/\/www.m-q.ch\/fr\/#\/schema\/person\/image\/\",\"url\":\"https:\/\/secure.gravatar.com\/avatar\/66edf527eac29e9a5eb25bcada01f61a?s=96&d=mm&r=g\",\"contentUrl\":\"https:\/\/secure.gravatar.com\/avatar\/66edf527eac29e9a5eb25bcada01f61a?s=96&d=mm&r=g\",\"caption\":\"galledia\"},\"url\":\"https:\/\/www.m-q.ch\/de\/author\/galledia\/\"}]}<\/script>\n<!-- \/ Yoast SEO plugin. -->","yoast_head_json":{"title":"ESPRIX Forum 2016: \u201eExcellent \u2013 why not!\u201c - MQ Management und Qualit\u00e4t","description":"Am 10. M\u00e4rz 2016 findet einmal mehr das ESPRIX Forum f\u00fcr Excellence in Luzern statt.","robots":{"index":"index","follow":"follow","max-snippet":"max-snippet:-1","max-image-preview":"max-image-preview:large","max-video-preview":"max-video-preview:-1"},"canonical":"https:\/\/www.m-q.ch\/de\/esprix-forum-2016-excellent-why-not\/","og_locale":"de_DE","og_type":"article","og_title":"ESPRIX Forum 2016: \u201eExcellent \u2013 why not!\u201c","og_description":"Am 10. M\u00e4rz 2016 findet einmal mehr das ESPRIX Forum f\u00fcr Excellence in Luzern statt. Namhafte Referenten aus Wirtschaft und Gesellschaft, nicht zuletzt die Verleihung des ESPRIX Swiss Award for Excellence 2016 bilden die Fixpunkte des Programms, welches im KKL Luzern pr\u00e4sentiert wird.","og_url":"https:\/\/www.m-q.ch\/de\/esprix-forum-2016-excellent-why-not\/","og_site_name":"MQ Management und Qualit\u00e4t","article_publisher":"https:\/\/www.facebook.com\/ManagementUndQualitaet","article_published_time":"2015-12-08T15:30:20+00:00","article_modified_time":"2017-02-23T10:00:01+00:00","og_image":[{"url":"https:\/\/www.m-q.ch\/wp-content\/uploads\/2016\/12\/ESPRIX-Forum-2016-Excellent-management-und-qualitaet.jpg","type":"","width":"","height":""}],"author":"galledia","twitter_card":"summary_large_image","twitter_misc":{"Verfasst von":"galledia","Gesch\u00e4tzte Lesezeit":"2\u00a0Minuten"},"schema":{"@context":"https:\/\/schema.org","@graph":[{"@type":"Article","@id":"https:\/\/www.m-q.ch\/esprix-forum-2016-excellent-why-not\/#article","isPartOf":{"@id":"https:\/\/www.m-q.ch\/esprix-forum-2016-excellent-why-not\/"},"author":{"name":"galledia","@id":"https:\/\/www.m-q.ch\/fr\/#\/schema\/person\/c0139a2c55a374db6df2cde78ec87148"},"headline":"ESPRIX Forum 2016: \u201eExcellent \u2013 why not!\u201c","datePublished":"2015-12-08T15:30:20+00:00","dateModified":"2017-02-23T10:00:01+00:00","mainEntityOfPage":{"@id":"https:\/\/www.m-q.ch\/esprix-forum-2016-excellent-why-not\/"},"wordCount":399,"commentCount":0,"publisher":{"@id":"https:\/\/www.m-q.ch\/fr\/#organization"},"image":{"@id":"https:\/\/www.m-q.ch\/esprix-forum-2016-excellent-why-not\/#primaryimage"},"thumbnailUrl":"https:\/\/www.m-q.ch\/wp-content\/uploads\/2016\/12\/ESPRIX-Forum-2016-Excellent-management-und-qualitaet.jpg","keywords":["Business Excellence"],"articleSection":["Business Excellence"],"inLanguage":"de"},{"@type":"WebPage","@id":"https:\/\/www.m-q.ch\/esprix-forum-2016-excellent-why-not\/","url":"https:\/\/www.m-q.ch\/esprix-forum-2016-excellent-why-not\/","name":"ESPRIX Forum 2016: \u201eExcellent \u2013 why not!\u201c - MQ Management und Qualit\u00e4t","isPartOf":{"@id":"https:\/\/www.m-q.ch\/fr\/#website"},"primaryImageOfPage":{"@id":"https:\/\/www.m-q.ch\/esprix-forum-2016-excellent-why-not\/#primaryimage"},"image":{"@id":"https:\/\/www.m-q.ch\/esprix-forum-2016-excellent-why-not\/#primaryimage"},"thumbnailUrl":"https:\/\/www.m-q.ch\/wp-content\/uploads\/2016\/12\/ESPRIX-Forum-2016-Excellent-management-und-qualitaet.jpg","datePublished":"2015-12-08T15:30:20+00:00","dateModified":"2017-02-23T10:00:01+00:00","description":"Am 10. M\u00e4rz 2016 findet einmal mehr das ESPRIX Forum f\u00fcr Excellence in Luzern statt.","breadcrumb":{"@id":"https:\/\/www.m-q.ch\/esprix-forum-2016-excellent-why-not\/#breadcrumb"},"inLanguage":"de","potentialAction":[{"@type":"ReadAction","target":["https:\/\/www.m-q.ch\/esprix-forum-2016-excellent-why-not\/"]}]},{"@type":"ImageObject","inLanguage":"de","@id":"https:\/\/www.m-q.ch\/esprix-forum-2016-excellent-why-not\/#primaryimage","url":"https:\/\/www.m-q.ch\/wp-content\/uploads\/2016\/12\/ESPRIX-Forum-2016-Excellent-management-und-qualitaet.jpg","contentUrl":"https:\/\/www.m-q.ch\/wp-content\/uploads\/2016\/12\/ESPRIX-Forum-2016-Excellent-management-und-qualitaet.jpg"},{"@type":"BreadcrumbList","@id":"https:\/\/www.m-q.ch\/esprix-forum-2016-excellent-why-not\/#breadcrumb","itemListElement":[{"@type":"ListItem","position":1,"name":"Business Excellence","item":"https:\/\/www.m-q.ch\/kategorie\/business_excellence\/"},{"@type":"ListItem","position":2,"name":"ESPRIX Forum 2016: \u201eExcellent \u2013 why not!\u201c"}]},{"@type":"WebSite","@id":"https:\/\/www.m-q.ch\/fr\/#website","url":"https:\/\/www.m-q.ch\/fr\/","name":"MQ Management und Qualit\u00e4t","description":"Plattform f\u00fcr integrierte Managementsysteme.","publisher":{"@id":"https:\/\/www.m-q.ch\/fr\/#organization"},"potentialAction":[{"@type":"SearchAction","target":{"@type":"EntryPoint","urlTemplate":"https:\/\/www.m-q.ch\/fr\/?s={search_term_string}"},"query-input":{"@type":"PropertyValueSpecification","valueRequired":true,"valueName":"search_term_string"}}],"inLanguage":"de"},{"@type":"Organization","@id":"https:\/\/www.m-q.ch\/fr\/#organization","name":"Galledia Fachmedien AG","url":"https:\/\/www.m-q.ch\/fr\/","logo":{"@type":"ImageObject","inLanguage":"de","@id":"https:\/\/www.m-q.ch\/fr\/#\/schema\/logo\/image\/","url":"https:\/\/www.m-q.ch\/wp-content\/uploads\/2020\/12\/cropped-logo_small.png","contentUrl":"https:\/\/www.m-q.ch\/wp-content\/uploads\/2020\/12\/cropped-logo_small.png","width":512,"height":512,"caption":"Galledia Fachmedien AG"},"image":{"@id":"https:\/\/www.m-q.ch\/fr\/#\/schema\/logo\/image\/"},"sameAs":["https:\/\/www.facebook.com\/ManagementUndQualitaet","https:\/\/www.linkedin.com\/showcase\/17982321\/admin\/"]},{"@type":"Person","@id":"https:\/\/www.m-q.ch\/fr\/#\/schema\/person\/c0139a2c55a374db6df2cde78ec87148","name":"galledia","image":{"@type":"ImageObject","inLanguage":"de","@id":"https:\/\/www.m-q.ch\/fr\/#\/schema\/person\/image\/","url":"https:\/\/secure.gravatar.com\/avatar\/66edf527eac29e9a5eb25bcada01f61a?s=96&d=mm&r=g","contentUrl":"https:\/\/secure.gravatar.com\/avatar\/66edf527eac29e9a5eb25bcada01f61a?s=96&d=mm&r=g","caption":"galledia"},"url":"https:\/\/www.m-q.ch\/de\/author\/galledia\/"}]}},"_links":{"self":[{"href":"https:\/\/www.m-q.ch\/de\/wp-json\/wp\/v2\/posts\/260","targetHints":{"allow":["GET"]}}],"collection":[{"href":"https:\/\/www.m-q.ch\/de\/wp-json\/wp\/v2\/posts"}],"about":[{"href":"https:\/\/www.m-q.ch\/de\/wp-json\/wp\/v2\/types\/post"}],"author":[{"embeddable":true,"href":"https:\/\/www.m-q.ch\/de\/wp-json\/wp\/v2\/users\/1"}],"replies":[{"embeddable":true,"href":"https:\/\/www.m-q.ch\/de\/wp-json\/wp\/v2\/comments?post=260"}],"version-history":[{"count":3,"href":"https:\/\/www.m-q.ch\/de\/wp-json\/wp\/v2\/posts\/260\/revisions"}],"predecessor-version":[{"id":931,"href":"https:\/\/www.m-q.ch\/de\/wp-json\/wp\/v2\/posts\/260\/revisions\/931"}],"wp:attachment":[{"href":"https:\/\/www.m-q.ch\/de\/wp-json\/wp\/v2\/media?parent=260"}],"wp:term":[{"taxonomy":"category","embeddable":true,"href":"https:\/\/www.m-q.ch\/de\/wp-json\/wp\/v2\/categories?post=260"},{"taxonomy":"post_tag","embeddable":true,"href":"https:\/\/www.m-q.ch\/de\/wp-json\/wp\/v2\/tags?post=260"}],"curies":[{"name":"wp","href":"https:\/\/api.w.org\/{rel}","templated":true}]}}