{"id":2824,"date":"2018-10-17T12:22:40","date_gmt":"2018-10-17T10:22:40","guid":{"rendered":"https:\/\/www.m-q.ch\/?p=2824"},"modified":"2018-10-17T12:22:40","modified_gmt":"2018-10-17T10:22:40","slug":"zum-weltnormentag-2018","status":"publish","type":"post","link":"https:\/\/www.m-q.ch\/de\/zum-weltnormentag-2018\/","title":{"rendered":"Zum Weltnormentag 2018"},"content":{"rendered":"<figure id=\"attachment_2825\" aria-describedby=\"caption-attachment-2825\" style=\"width: 680px\" class=\"wp-caption alignnone\"><img loading=\"lazy\" decoding=\"async\" class=\"size-medium wp-image-2825\" src=\"https:\/\/www.m-q.ch\/wp-content\/uploads\/2018\/10\/Zum-Weltnormentag-2018-mq-management-u-qualitaet-680x470.jpg\" alt=\"\" width=\"680\" height=\"470\" srcset=\"https:\/\/www.m-q.ch\/wp-content\/uploads\/2018\/10\/Zum-Weltnormentag-2018-mq-management-u-qualitaet-680x470.jpg 680w, https:\/\/www.m-q.ch\/wp-content\/uploads\/2018\/10\/Zum-Weltnormentag-2018-mq-management-u-qualitaet-16x12.jpg 16w, https:\/\/www.m-q.ch\/wp-content\/uploads\/2018\/10\/Zum-Weltnormentag-2018-mq-management-u-qualitaet-253x175.jpg 253w, https:\/\/www.m-q.ch\/wp-content\/uploads\/2018\/10\/Zum-Weltnormentag-2018-mq-management-u-qualitaet-507x350.jpg 507w, https:\/\/www.m-q.ch\/wp-content\/uploads\/2018\/10\/Zum-Weltnormentag-2018-mq-management-u-qualitaet-300x207.jpg 300w, https:\/\/www.m-q.ch\/wp-content\/uploads\/2018\/10\/Zum-Weltnormentag-2018-mq-management-u-qualitaet-624x431.jpg 624w, https:\/\/www.m-q.ch\/wp-content\/uploads\/2018\/10\/Zum-Weltnormentag-2018-mq-management-u-qualitaet.jpg 724w\" sizes=\"auto, (max-width: 680px) 100vw, 680px\" \/><figcaption id=\"caption-attachment-2825\" class=\"wp-caption-text\">Heutzutage sind Normen beim \u00dcbergang in ein neues Zeitalter wichtiger denn je. (Bild: depositphotos)<\/figcaption><\/figure>\n<p>Am 14. Oktober hat der Weltnormentag 2018 stattgefunden. Der Weltnormentag, englisch World Standards Day, wird j\u00e4hrlich am 14. Oktober begangen. Der diesj\u00e4hrige World Standards Day 2018 fokussierte auf die &#8222;Vierte Industirelle Revolution&#8220;. Welche grosse Bedeutung diese &#8222;Revolution&#8220; f\u00fcr unser Qualit\u00e4tsverst\u00e4ndnis haben k\u00f6nnte, ist weitgehend ungewiss. Doch ein Blick in den R\u00fcckspiegel der Geschichte k\u00f6nnte einen kleinen Aufsschluss geben:<\/p>\n<p>Mit dem \u00dcbergang von der manuellen Fertigung zur maschinellen Fabrikation im 18. Jahrhundert stieg der Bedarf an Normen, beispielsweise um Maschinenteile zu ersetzen und die Massenproduktion von Teilen zu erm\u00f6glichen. Der Begriff &#8222;Vierte industrielle Revolution&#8220; bezeichnet die neuen Technologien, durch deren Einsatz die traditionellen Grenzen zwischen der physischen, digitalen und biologischen Welt verschwimmen.<\/p>\n<p><strong>Sich in einer \u00dcbergangsphase befinden <\/strong><\/p>\n<p>Die zunehmende Vernetzung von Menschen und Dingen wird sich darauf auswirken, auf welche Weise wir produzieren, Handel treiben und kommunizieren; ganz \u00e4hnlich wie es die Dampfkraft war, die sich w\u00e4hrend der ersten industriellen Revolution auf die Produktionsmethoden und die Lebensweise vieler Gesellschaften auswirkte.<\/p>\n<p>ISO-Experten sind \u00fcberzeugt: heute spielen Normen beim \u00dcbergang in ein neues Zeitalter erneut eine Schl\u00fcsselrolle. Der rasche Wandel, den wir gegenw\u00e4rtig erleben, w\u00e4re ohne Normen nicht m\u00f6glich. Innovatoren verlassen sich auf internationale Normen, wie sie von IEC, ISO und ITU erstellt werden, um Kompatibilit\u00e4t und Interoperabilit\u00e4t zu gew\u00e4hrleisten.<\/p>\n<p>So k\u00f6nnen neue Technologien nahtlos \u00fcbernommen werden. Normen sind auch ein Instrument zur weltweiten Verbreitung von Wissen und Innovationen.<\/p>\n<p><strong>Herausforderungen und Sicherheitstandards\u00a0<\/strong><\/p>\n<p>Das rasante Tempo des Wandels durch die vierte industrielle Revolution stellt uns jedoch vor Herausforderungen. Roboter und k\u00fcnstliche Intelligenz \u00fcbernehmen immer mehr Aufgaben, die bisher von Menschen erledigt wurden. Die additive Fertigung (auch als 3-D-Druck bekannt) wird die Art und Weise ver\u00e4ndern, wie wir Waren herstellen. Sie wird uns die M\u00f6glichkeit bieten, Gegenst\u00e4nde zu Hause zu \u00abdrucken\u00bb.<\/p>\n<p>Da alle m\u00f6glichen Objekte, vom Flugzeug bis zum Babyphon, digital vernetzt sind, nehmen auch die Sensibilit\u00e4t der Daten, die m\u00f6glichen Datenschutzverst\u00f6sse und deren Folgen exponentiell zu. Dies sind nur einige ausgew\u00e4hlte Beispiele f\u00fcr die Probleme von \u00abintelligenten\u00bb Technologien einer neuen Generation, die sich unter anderem durch grosse Datenmengen, erweiterte Integration, Speicherung von Daten in der Cloud und offene Kommunikation von Ger\u00e4ten auszeichnen.<\/p>\n<p>Internationale Normen sind ein wirkungsvolles Mittel, um Sicherheit zu gew\u00e4hrleisten und Risiken zu minimieren. So k\u00f6nnen beispielsweise Sicherheitsstandards daf\u00fcr sorgen, dass unsere Daten sicher bleiben und Hacker abgeschreckt werden. Sicherheitsstandards f\u00fcr Roboter werden die Interaktion mit den Menschen vereinfachen. Die vierte industrielle Revolution hat begonnen. Doch um ihr Potenzial zur Verbesserung der Gesellschaft voll auszusch\u00f6pfen, sind Normen erforderlich.<\/p>\n<p><strong>Freiwillige und doch wichtige Ehren\u00e4mter\u00a0<\/strong><\/p>\n<p>Die Mitglieder der Organisationen IEC (International Electrotechnical Commission), ISO (International Organization for Standardization) und ITU (International Telecommunication Union) mach zu Recht mit dem Weltnormentag auf wichtige gesellschaftliche und technische Entwicklungen aufmerksam. Mit diesem Tag weren auch die gemeinsamen Anstrengungen der weltweit Tausenden Experten gew\u00fcrdigt.<\/p>\n<p>Nach wie vor gibt es viele Qualit\u00e4ts- und Normenexperten, die freiwillig anzuwendende technische Vereinbarungen erarbeiten, die sp\u00e4ter als internationale Normen ver\u00f6ffentlicht werden.<\/p>\n<p><a href=\"https:\/\/www.iso.org\/news\/ref2333.html\">www.iso.org<\/a><\/p>\n<p>&nbsp;<\/p>\n<p>&nbsp;<\/p>\n<p>&nbsp;<\/p>\n<p>&nbsp;<\/p>\n<p>&nbsp;<\/p>\n<p>&nbsp;<\/p>\n","protected":false},"excerpt":{"rendered":"<p>Am 14. Oktober hat der Weltnormentag 2018 stattgefunden. Der Weltnormentag, englisch World Standards Day, wird j\u00e4hrlich am 14. Oktober begangen. Der diesj\u00e4hrige World Standards Day 2018 fokussierte auf die &#8222;Vierte Industirelle Revolution&#8220;. Welche grosse Bedeutung diese &#8222;Revolution&#8220; f\u00fcr unser Qualit\u00e4tsverst\u00e4ndnis haben k\u00f6nnte, ist weitgehend ungewiss. Doch ein Blick in den R\u00fcckspiegel der Geschichte k\u00f6nnte einen [&hellip;]<\/p>\n","protected":false},"author":35,"featured_media":2825,"comment_status":"open","ping_status":"open","sticky":false,"template":"","format":"standard","meta":{"_acf_changed":false,"footnotes":""},"categories":[3303],"tags":[3372,3919,3920,3918],"class_list":["post-2824","post","type-post","status-publish","format-standard","has-post-thumbnail","hentry","category-qualitaetsmanagement","tag-digitalisierung","tag-insdustrielle-revolution","tag-normierung","tag-weltnormtag"],"acf":[],"yoast_head":"<!-- This site is optimized with the Yoast SEO plugin v26.2 - https:\/\/yoast.com\/wordpress\/plugins\/seo\/ -->\n<title>Zum Weltnormentag 2018 - MQ Management und Qualit\u00e4t<\/title>\n<meta name=\"description\" content=\"Der Weltnormentag 2018 zeigt einmal mehr: So wie Normen schon w\u00e4hrend der ersten industriellen Revolution wichtig waren, sind sie heute das A und O.\" \/>\n<meta name=\"robots\" content=\"index, follow, max-snippet:-1, max-image-preview:large, max-video-preview:-1\" \/>\n<link rel=\"canonical\" href=\"https:\/\/www.m-q.ch\/de\/zum-weltnormentag-2018\/\" \/>\n<meta property=\"og:locale\" content=\"de_DE\" \/>\n<meta property=\"og:type\" content=\"article\" \/>\n<meta property=\"og:title\" content=\"Zum Weltnormentag 2018 - MQ Management und Qualit\u00e4t\" \/>\n<meta property=\"og:description\" content=\"Der Weltnormentag 2018 zeigt einmal mehr: So wie Normen schon w\u00e4hrend der ersten industriellen Revolution wichtig waren, sind sie heute das A und O.\" \/>\n<meta property=\"og:url\" content=\"https:\/\/www.m-q.ch\/de\/zum-weltnormentag-2018\/\" \/>\n<meta property=\"og:site_name\" content=\"MQ Management und Qualit\u00e4t\" \/>\n<meta property=\"article:publisher\" content=\"https:\/\/www.facebook.com\/ManagementUndQualitaet\" \/>\n<meta property=\"article:published_time\" content=\"2018-10-17T10:22:40+00:00\" \/>\n<meta property=\"og:image\" content=\"https:\/\/www.m-q.ch\/wp-content\/uploads\/2018\/10\/Zum-Weltnormentag-2018-mq-management-u-qualitaet.jpg\" \/>\n\t<meta property=\"og:image:width\" content=\"724\" \/>\n\t<meta property=\"og:image:height\" content=\"500\" \/>\n\t<meta property=\"og:image:type\" content=\"image\/jpeg\" \/>\n<meta name=\"author\" content=\"Roger Str\u00e4ssle\" \/>\n<meta name=\"twitter:card\" content=\"summary_large_image\" \/>\n<meta name=\"twitter:label1\" content=\"Verfasst von\" \/>\n\t<meta name=\"twitter:data1\" content=\"Roger Str\u00e4ssle\" \/>\n\t<meta name=\"twitter:label2\" content=\"Gesch\u00e4tzte Lesezeit\" \/>\n\t<meta name=\"twitter:data2\" content=\"3\u00a0Minuten\" \/>\n<script type=\"application\/ld+json\" class=\"yoast-schema-graph\">{\"@context\":\"https:\/\/schema.org\",\"@graph\":[{\"@type\":\"Article\",\"@id\":\"https:\/\/www.m-q.ch\/zum-weltnormentag-2018\/#article\",\"isPartOf\":{\"@id\":\"https:\/\/www.m-q.ch\/zum-weltnormentag-2018\/\"},\"author\":{\"name\":\"Roger Str\u00e4ssle\",\"@id\":\"https:\/\/www.m-q.ch\/fr\/#\/schema\/person\/47d540e081acd98ccbeb69b55df653d7\"},\"headline\":\"Zum Weltnormentag 2018\",\"datePublished\":\"2018-10-17T10:22:40+00:00\",\"mainEntityOfPage\":{\"@id\":\"https:\/\/www.m-q.ch\/zum-weltnormentag-2018\/\"},\"wordCount\":543,\"commentCount\":0,\"publisher\":{\"@id\":\"https:\/\/www.m-q.ch\/fr\/#organization\"},\"image\":{\"@id\":\"https:\/\/www.m-q.ch\/zum-weltnormentag-2018\/#primaryimage\"},\"thumbnailUrl\":\"https:\/\/www.m-q.ch\/wp-content\/uploads\/2018\/10\/Zum-Weltnormentag-2018-mq-management-u-qualitaet.jpg\",\"keywords\":[\"Digitalisierung\",\"Insdustrielle Revolution\",\"Normierung\",\"Weltnormtag\"],\"articleSection\":[\"Qualit\u00e4tsmanagement\"],\"inLanguage\":\"de\"},{\"@type\":\"WebPage\",\"@id\":\"https:\/\/www.m-q.ch\/zum-weltnormentag-2018\/\",\"url\":\"https:\/\/www.m-q.ch\/zum-weltnormentag-2018\/\",\"name\":\"Zum Weltnormentag 2018 - MQ Management und Qualit\u00e4t\",\"isPartOf\":{\"@id\":\"https:\/\/www.m-q.ch\/fr\/#website\"},\"primaryImageOfPage\":{\"@id\":\"https:\/\/www.m-q.ch\/zum-weltnormentag-2018\/#primaryimage\"},\"image\":{\"@id\":\"https:\/\/www.m-q.ch\/zum-weltnormentag-2018\/#primaryimage\"},\"thumbnailUrl\":\"https:\/\/www.m-q.ch\/wp-content\/uploads\/2018\/10\/Zum-Weltnormentag-2018-mq-management-u-qualitaet.jpg\",\"datePublished\":\"2018-10-17T10:22:40+00:00\",\"description\":\"Der Weltnormentag 2018 zeigt einmal mehr: So wie Normen schon w\u00e4hrend der ersten industriellen Revolution wichtig waren, sind sie heute das A und O.\",\"breadcrumb\":{\"@id\":\"https:\/\/www.m-q.ch\/zum-weltnormentag-2018\/#breadcrumb\"},\"inLanguage\":\"de\",\"potentialAction\":[{\"@type\":\"ReadAction\",\"target\":[\"https:\/\/www.m-q.ch\/zum-weltnormentag-2018\/\"]}]},{\"@type\":\"ImageObject\",\"inLanguage\":\"de\",\"@id\":\"https:\/\/www.m-q.ch\/zum-weltnormentag-2018\/#primaryimage\",\"url\":\"https:\/\/www.m-q.ch\/wp-content\/uploads\/2018\/10\/Zum-Weltnormentag-2018-mq-management-u-qualitaet.jpg\",\"contentUrl\":\"https:\/\/www.m-q.ch\/wp-content\/uploads\/2018\/10\/Zum-Weltnormentag-2018-mq-management-u-qualitaet.jpg\",\"width\":724,\"height\":500,\"caption\":\"Heutzutage sind Normen beim \u00dcbergang in ein neues Zeitalter wichtiger denn je. (Bild: depositphotos)\"},{\"@type\":\"BreadcrumbList\",\"@id\":\"https:\/\/www.m-q.ch\/zum-weltnormentag-2018\/#breadcrumb\",\"itemListElement\":[{\"@type\":\"ListItem\",\"position\":1,\"name\":\"Qualit\u00e4tsmanagement\",\"item\":\"https:\/\/www.m-q.ch\/kategorie\/qualitaetsmanagement\/\"},{\"@type\":\"ListItem\",\"position\":2,\"name\":\"Zum Weltnormentag 2018\"}]},{\"@type\":\"WebSite\",\"@id\":\"https:\/\/www.m-q.ch\/fr\/#website\",\"url\":\"https:\/\/www.m-q.ch\/fr\/\",\"name\":\"MQ Management und Qualit\u00e4t\",\"description\":\"Plattform f\u00fcr integrierte Managementsysteme.\",\"publisher\":{\"@id\":\"https:\/\/www.m-q.ch\/fr\/#organization\"},\"potentialAction\":[{\"@type\":\"SearchAction\",\"target\":{\"@type\":\"EntryPoint\",\"urlTemplate\":\"https:\/\/www.m-q.ch\/fr\/?s={search_term_string}\"},\"query-input\":{\"@type\":\"PropertyValueSpecification\",\"valueRequired\":true,\"valueName\":\"search_term_string\"}}],\"inLanguage\":\"de\"},{\"@type\":\"Organization\",\"@id\":\"https:\/\/www.m-q.ch\/fr\/#organization\",\"name\":\"Galledia Fachmedien AG\",\"url\":\"https:\/\/www.m-q.ch\/fr\/\",\"logo\":{\"@type\":\"ImageObject\",\"inLanguage\":\"de\",\"@id\":\"https:\/\/www.m-q.ch\/fr\/#\/schema\/logo\/image\/\",\"url\":\"https:\/\/www.m-q.ch\/wp-content\/uploads\/2020\/12\/cropped-logo_small.png\",\"contentUrl\":\"https:\/\/www.m-q.ch\/wp-content\/uploads\/2020\/12\/cropped-logo_small.png\",\"width\":512,\"height\":512,\"caption\":\"Galledia Fachmedien AG\"},\"image\":{\"@id\":\"https:\/\/www.m-q.ch\/fr\/#\/schema\/logo\/image\/\"},\"sameAs\":[\"https:\/\/www.facebook.com\/ManagementUndQualitaet\",\"https:\/\/www.linkedin.com\/showcase\/17982321\/admin\/\"]},{\"@type\":\"Person\",\"@id\":\"https:\/\/www.m-q.ch\/fr\/#\/schema\/person\/47d540e081acd98ccbeb69b55df653d7\",\"name\":\"Roger Str\u00e4ssle\",\"image\":{\"@type\":\"ImageObject\",\"inLanguage\":\"de\",\"@id\":\"https:\/\/www.m-q.ch\/fr\/#\/schema\/person\/image\/\",\"url\":\"https:\/\/secure.gravatar.com\/avatar\/e4dde3046d8a184d2e2d27651a418883?s=96&d=mm&r=g\",\"contentUrl\":\"https:\/\/secure.gravatar.com\/avatar\/e4dde3046d8a184d2e2d27651a418883?s=96&d=mm&r=g\",\"caption\":\"Roger Str\u00e4ssle\"},\"url\":\"https:\/\/www.m-q.ch\/de\/author\/roger-straessle\/\"}]}<\/script>\n<!-- \/ Yoast SEO plugin. -->","yoast_head_json":{"title":"Zum Weltnormentag 2018 - MQ Management und Qualit\u00e4t","description":"Der Weltnormentag 2018 zeigt einmal mehr: So wie Normen schon w\u00e4hrend der ersten industriellen Revolution wichtig waren, sind sie heute das A und O.","robots":{"index":"index","follow":"follow","max-snippet":"max-snippet:-1","max-image-preview":"max-image-preview:large","max-video-preview":"max-video-preview:-1"},"canonical":"https:\/\/www.m-q.ch\/de\/zum-weltnormentag-2018\/","og_locale":"de_DE","og_type":"article","og_title":"Zum Weltnormentag 2018 - MQ Management und Qualit\u00e4t","og_description":"Der Weltnormentag 2018 zeigt einmal mehr: So wie Normen schon w\u00e4hrend der ersten industriellen Revolution wichtig waren, sind sie heute das A und O.","og_url":"https:\/\/www.m-q.ch\/de\/zum-weltnormentag-2018\/","og_site_name":"MQ Management und Qualit\u00e4t","article_publisher":"https:\/\/www.facebook.com\/ManagementUndQualitaet","article_published_time":"2018-10-17T10:22:40+00:00","og_image":[{"width":724,"height":500,"url":"https:\/\/www.m-q.ch\/wp-content\/uploads\/2018\/10\/Zum-Weltnormentag-2018-mq-management-u-qualitaet.jpg","type":"image\/jpeg"}],"author":"Roger Str\u00e4ssle","twitter_card":"summary_large_image","twitter_misc":{"Verfasst von":"Roger Str\u00e4ssle","Gesch\u00e4tzte Lesezeit":"3\u00a0Minuten"},"schema":{"@context":"https:\/\/schema.org","@graph":[{"@type":"Article","@id":"https:\/\/www.m-q.ch\/zum-weltnormentag-2018\/#article","isPartOf":{"@id":"https:\/\/www.m-q.ch\/zum-weltnormentag-2018\/"},"author":{"name":"Roger Str\u00e4ssle","@id":"https:\/\/www.m-q.ch\/fr\/#\/schema\/person\/47d540e081acd98ccbeb69b55df653d7"},"headline":"Zum Weltnormentag 2018","datePublished":"2018-10-17T10:22:40+00:00","mainEntityOfPage":{"@id":"https:\/\/www.m-q.ch\/zum-weltnormentag-2018\/"},"wordCount":543,"commentCount":0,"publisher":{"@id":"https:\/\/www.m-q.ch\/fr\/#organization"},"image":{"@id":"https:\/\/www.m-q.ch\/zum-weltnormentag-2018\/#primaryimage"},"thumbnailUrl":"https:\/\/www.m-q.ch\/wp-content\/uploads\/2018\/10\/Zum-Weltnormentag-2018-mq-management-u-qualitaet.jpg","keywords":["Digitalisierung","Insdustrielle Revolution","Normierung","Weltnormtag"],"articleSection":["Qualit\u00e4tsmanagement"],"inLanguage":"de"},{"@type":"WebPage","@id":"https:\/\/www.m-q.ch\/zum-weltnormentag-2018\/","url":"https:\/\/www.m-q.ch\/zum-weltnormentag-2018\/","name":"Zum Weltnormentag 2018 - MQ Management und Qualit\u00e4t","isPartOf":{"@id":"https:\/\/www.m-q.ch\/fr\/#website"},"primaryImageOfPage":{"@id":"https:\/\/www.m-q.ch\/zum-weltnormentag-2018\/#primaryimage"},"image":{"@id":"https:\/\/www.m-q.ch\/zum-weltnormentag-2018\/#primaryimage"},"thumbnailUrl":"https:\/\/www.m-q.ch\/wp-content\/uploads\/2018\/10\/Zum-Weltnormentag-2018-mq-management-u-qualitaet.jpg","datePublished":"2018-10-17T10:22:40+00:00","description":"Der Weltnormentag 2018 zeigt einmal mehr: So wie Normen schon w\u00e4hrend der ersten industriellen Revolution wichtig waren, sind sie heute das A und O.","breadcrumb":{"@id":"https:\/\/www.m-q.ch\/zum-weltnormentag-2018\/#breadcrumb"},"inLanguage":"de","potentialAction":[{"@type":"ReadAction","target":["https:\/\/www.m-q.ch\/zum-weltnormentag-2018\/"]}]},{"@type":"ImageObject","inLanguage":"de","@id":"https:\/\/www.m-q.ch\/zum-weltnormentag-2018\/#primaryimage","url":"https:\/\/www.m-q.ch\/wp-content\/uploads\/2018\/10\/Zum-Weltnormentag-2018-mq-management-u-qualitaet.jpg","contentUrl":"https:\/\/www.m-q.ch\/wp-content\/uploads\/2018\/10\/Zum-Weltnormentag-2018-mq-management-u-qualitaet.jpg","width":724,"height":500,"caption":"Heutzutage sind Normen beim \u00dcbergang in ein neues Zeitalter wichtiger denn je. (Bild: depositphotos)"},{"@type":"BreadcrumbList","@id":"https:\/\/www.m-q.ch\/zum-weltnormentag-2018\/#breadcrumb","itemListElement":[{"@type":"ListItem","position":1,"name":"Qualit\u00e4tsmanagement","item":"https:\/\/www.m-q.ch\/kategorie\/qualitaetsmanagement\/"},{"@type":"ListItem","position":2,"name":"Zum Weltnormentag 2018"}]},{"@type":"WebSite","@id":"https:\/\/www.m-q.ch\/fr\/#website","url":"https:\/\/www.m-q.ch\/fr\/","name":"MQ Management und Qualit\u00e4t","description":"Plattform f\u00fcr integrierte Managementsysteme.","publisher":{"@id":"https:\/\/www.m-q.ch\/fr\/#organization"},"potentialAction":[{"@type":"SearchAction","target":{"@type":"EntryPoint","urlTemplate":"https:\/\/www.m-q.ch\/fr\/?s={search_term_string}"},"query-input":{"@type":"PropertyValueSpecification","valueRequired":true,"valueName":"search_term_string"}}],"inLanguage":"de"},{"@type":"Organization","@id":"https:\/\/www.m-q.ch\/fr\/#organization","name":"Galledia Fachmedien AG","url":"https:\/\/www.m-q.ch\/fr\/","logo":{"@type":"ImageObject","inLanguage":"de","@id":"https:\/\/www.m-q.ch\/fr\/#\/schema\/logo\/image\/","url":"https:\/\/www.m-q.ch\/wp-content\/uploads\/2020\/12\/cropped-logo_small.png","contentUrl":"https:\/\/www.m-q.ch\/wp-content\/uploads\/2020\/12\/cropped-logo_small.png","width":512,"height":512,"caption":"Galledia Fachmedien AG"},"image":{"@id":"https:\/\/www.m-q.ch\/fr\/#\/schema\/logo\/image\/"},"sameAs":["https:\/\/www.facebook.com\/ManagementUndQualitaet","https:\/\/www.linkedin.com\/showcase\/17982321\/admin\/"]},{"@type":"Person","@id":"https:\/\/www.m-q.ch\/fr\/#\/schema\/person\/47d540e081acd98ccbeb69b55df653d7","name":"Roger Str\u00e4ssle","image":{"@type":"ImageObject","inLanguage":"de","@id":"https:\/\/www.m-q.ch\/fr\/#\/schema\/person\/image\/","url":"https:\/\/secure.gravatar.com\/avatar\/e4dde3046d8a184d2e2d27651a418883?s=96&d=mm&r=g","contentUrl":"https:\/\/secure.gravatar.com\/avatar\/e4dde3046d8a184d2e2d27651a418883?s=96&d=mm&r=g","caption":"Roger Str\u00e4ssle"},"url":"https:\/\/www.m-q.ch\/de\/author\/roger-straessle\/"}]}},"_links":{"self":[{"href":"https:\/\/www.m-q.ch\/de\/wp-json\/wp\/v2\/posts\/2824","targetHints":{"allow":["GET"]}}],"collection":[{"href":"https:\/\/www.m-q.ch\/de\/wp-json\/wp\/v2\/posts"}],"about":[{"href":"https:\/\/www.m-q.ch\/de\/wp-json\/wp\/v2\/types\/post"}],"author":[{"embeddable":true,"href":"https:\/\/www.m-q.ch\/de\/wp-json\/wp\/v2\/users\/35"}],"replies":[{"embeddable":true,"href":"https:\/\/www.m-q.ch\/de\/wp-json\/wp\/v2\/comments?post=2824"}],"version-history":[{"count":1,"href":"https:\/\/www.m-q.ch\/de\/wp-json\/wp\/v2\/posts\/2824\/revisions"}],"predecessor-version":[{"id":2826,"href":"https:\/\/www.m-q.ch\/de\/wp-json\/wp\/v2\/posts\/2824\/revisions\/2826"}],"wp:featuredmedia":[{"embeddable":true,"href":"https:\/\/www.m-q.ch\/de\/wp-json\/wp\/v2\/media\/2825"}],"wp:attachment":[{"href":"https:\/\/www.m-q.ch\/de\/wp-json\/wp\/v2\/media?parent=2824"}],"wp:term":[{"taxonomy":"category","embeddable":true,"href":"https:\/\/www.m-q.ch\/de\/wp-json\/wp\/v2\/categories?post=2824"},{"taxonomy":"post_tag","embeddable":true,"href":"https:\/\/www.m-q.ch\/de\/wp-json\/wp\/v2\/tags?post=2824"}],"curies":[{"name":"wp","href":"https:\/\/api.w.org\/{rel}","templated":true}]}}