{"id":288,"date":"2016-01-15T16:48:17","date_gmt":"2016-01-15T15:48:17","guid":{"rendered":"http:\/\/dev.m-q.ch\/?p=288"},"modified":"2017-02-23T14:12:18","modified_gmt":"2017-02-23T13:12:18","slug":"erfolgreiche-cfos-gekuert","status":"publish","type":"post","link":"https:\/\/www.m-q.ch\/de\/erfolgreiche-cfos-gekuert\/","title":{"rendered":"Erfolgreiche CFOs gek\u00fcrt"},"content":{"rendered":"<figure id=\"attachment_105\" aria-describedby=\"caption-attachment-105\" style=\"width: 422px\" class=\"wp-caption alignnone\"><a href=\"https:\/\/m-q.ch\/wp-content\/uploads\/2016\/12\/Erfolgreiche-CFOs-gek\u00fcrt-management-und-qualitaet.png\"><img loading=\"lazy\" decoding=\"async\" class=\"wp-image-105 size-full\" src=\"https:\/\/www.m-q.ch\/wp-content\/uploads\/2016\/12\/Erfolgreiche-CFOs-gek\u00fcrt-management-und-qualitaet.png\" width=\"422\" height=\"532\" srcset=\"https:\/\/www.m-q.ch\/wp-content\/uploads\/2016\/12\/Erfolgreiche-CFOs-gek\u00fcrt-management-und-qualitaet.png 422w, https:\/\/www.m-q.ch\/wp-content\/uploads\/2016\/12\/Erfolgreiche-CFOs-gek\u00fcrt-management-und-qualitaet-10x12.png 10w, https:\/\/www.m-q.ch\/wp-content\/uploads\/2016\/12\/Erfolgreiche-CFOs-gek\u00fcrt-management-und-qualitaet-139x175.png 139w, https:\/\/www.m-q.ch\/wp-content\/uploads\/2016\/12\/Erfolgreiche-CFOs-gek\u00fcrt-management-und-qualitaet-278x350.png 278w, https:\/\/www.m-q.ch\/wp-content\/uploads\/2016\/12\/Erfolgreiche-CFOs-gek\u00fcrt-management-und-qualitaet-300x378.png 300w\" sizes=\"auto, (max-width: 422px) 100vw, 422px\" \/><\/a><figcaption id=\"caption-attachment-105\" class=\"wp-caption-text\">Pius Bernet, CFO der Schweizer Paraplegiker Stiftung.<\/figcaption><\/figure>\n<p>&nbsp;<\/p>\n<p>Gleich drei f\u00fchrende Finanzchefs wurden am 13. Januar 2016 ausgezeichnet. In der Kategorie \u201eSMI-Unternehmen\u201c gewinnt Dieter Enkelmann, CFO von Julius B\u00e4r, die Auszeichnung des CFO of the Year. In seiner heutigen Funktion sei Dieter Enkelmann insbesondere durch sein analytisches und schnelles Denken sowie durch seine langfristige Orientierung aufgefallen.<\/p>\n<p>In der Kategorie \u201eSPI-Unternehmen\u201c geht der Award an den Finanzchef von Barry Callebaut, Victor Balli. Bei rund 9\u2018500 Angestellten in weltweit \u00fcber 28 L\u00e4ndern f\u00fchrt Callebaut ein eher kleines Team. Er hat die Gruppe jedoch entscheidend mitgepr\u00e4gt. Er verdient den CFO of the Year aufgrund seines nachhaltig bewiesenen Erfolgsausweises.<\/p>\n<p>In der Kategorie \u201eCFOs Mitglieder\u201c wurd Pius Bernet, CFO der Schweizer Paraplegiker Stiftung, ausgezeichnet. Pius Bernet zeichnet sich durch seine langj\u00e4hrige Erfahrung in unterschiedlichen Branchen aus. In seiner Karriere war er sowohl f\u00fcr kotierte wie auch nicht kotierte Unternehmen und Stiftungen t\u00e4tig.<\/p>\n<p>In seiner aktuellen Position, die er seit \u00fcber 6 Jahren innehat, konnte er alle F\u00e4higkeiten, die einen CFO ausmachen, anwenden und erfolgreich umsetzen. Seine Beitr\u00e4ge waren essentiell f\u00fcr ein erfolgreiches Change Management und die Neupositionierung der Organisation. Es ging dabei nicht nur um finanztechnische Fragestellungen wie die Umstellung und Professionalisierung der Rechnungslegung und die Erh\u00f6hung der Transparenz f\u00fcr die Stakeholder, sondern auch darum, in einer komplexen Struktur eine moderne Corporate Governance entscheidend mit zu pr\u00e4gen sowie auch in einer breiten \u00d6ffentlichkeit wieder Vertrauen herzustellen.<\/p>\n<p><a href=\"http:\/\/www.cfos.ch\" target=\"_blank\" data-cke-saved-href=\"http:\/\/www.cfos.ch\">www.cfos.ch<\/a><\/p>\n","protected":false},"excerpt":{"rendered":"<p>&nbsp; Gleich drei f\u00fchrende Finanzchefs wurden am 13. Januar 2016 ausgezeichnet. In der Kategorie \u201eSMI-Unternehmen\u201c gewinnt Dieter Enkelmann, CFO von Julius B\u00e4r, die Auszeichnung des CFO of the Year. In seiner heutigen Funktion sei Dieter Enkelmann insbesondere durch sein analytisches und schnelles Denken sowie durch seine langfristige Orientierung aufgefallen. In der Kategorie \u201eSPI-Unternehmen\u201c geht der [&hellip;]<\/p>\n","protected":false},"author":1,"featured_media":105,"comment_status":"open","ping_status":"open","sticky":false,"template":"","format":"standard","meta":{"_acf_changed":false,"footnotes":""},"categories":[1],"tags":[],"class_list":["post-288","post","type-post","status-publish","format-standard","has-post-thumbnail","hentry","category-unkategorisiert"],"acf":[],"yoast_head":"<!-- This site is optimized with the Yoast SEO plugin v26.2 - https:\/\/yoast.com\/wordpress\/plugins\/seo\/ -->\n<title>Erfolgreiche CFOs gek\u00fcrt - MQ Management und Qualit\u00e4t<\/title>\n<meta name=\"description\" content=\"Am vergangenen Swiss CFO Day vom 13. Januar 2016 wurden profilierte Finanzverantwortliche mit dem CFO of the Year Award 2016 gek\u00fcrt.\" \/>\n<meta name=\"robots\" content=\"index, follow, max-snippet:-1, max-image-preview:large, max-video-preview:-1\" \/>\n<link rel=\"canonical\" href=\"https:\/\/www.m-q.ch\/de\/erfolgreiche-cfos-gekuert\/\" \/>\n<meta property=\"og:locale\" content=\"de_DE\" \/>\n<meta property=\"og:type\" content=\"article\" \/>\n<meta property=\"og:title\" content=\"Erfolgreiche CFOs gek\u00fcrt\" \/>\n<meta property=\"og:description\" content=\"Dem CFO Forum Schweiz, einem Verband, geh\u00f6ren mehr als 540 Finanzchefs an. Am vergangenen Swiss CFO Day vom 13. Januar 2016 wurden profilierte Finanzverantwortliche mit dem CFO of the Year Award 2016 gek\u00fcrt.\" \/>\n<meta property=\"og:url\" content=\"https:\/\/www.m-q.ch\/de\/erfolgreiche-cfos-gekuert\/\" \/>\n<meta property=\"og:site_name\" content=\"MQ Management und Qualit\u00e4t\" \/>\n<meta property=\"article:publisher\" content=\"https:\/\/www.facebook.com\/ManagementUndQualitaet\" \/>\n<meta property=\"article:published_time\" content=\"2016-01-15T15:48:17+00:00\" \/>\n<meta property=\"article:modified_time\" content=\"2017-02-23T13:12:18+00:00\" \/>\n<meta property=\"og:image\" content=\"https:\/\/www.m-q.ch\/wp-content\/uploads\/2016\/12\/Erfolgreiche-CFOs-gek\u00fcrt-management-und-qualitaet.png\" \/>\n<meta name=\"author\" content=\"galledia\" \/>\n<meta name=\"twitter:card\" content=\"summary_large_image\" \/>\n<meta name=\"twitter:label1\" content=\"Verfasst von\" \/>\n\t<meta name=\"twitter:data1\" content=\"galledia\" \/>\n\t<meta name=\"twitter:label2\" content=\"Gesch\u00e4tzte Lesezeit\" \/>\n\t<meta name=\"twitter:data2\" content=\"1\u00a0Minute\" \/>\n<script type=\"application\/ld+json\" class=\"yoast-schema-graph\">{\"@context\":\"https:\/\/schema.org\",\"@graph\":[{\"@type\":\"Article\",\"@id\":\"https:\/\/www.m-q.ch\/de\/erfolgreiche-cfos-gekuert\/#article\",\"isPartOf\":{\"@id\":\"https:\/\/www.m-q.ch\/de\/erfolgreiche-cfos-gekuert\/\"},\"author\":{\"name\":\"galledia\",\"@id\":\"https:\/\/www.m-q.ch\/fr\/#\/schema\/person\/c0139a2c55a374db6df2cde78ec87148\"},\"headline\":\"Erfolgreiche CFOs gek\u00fcrt\",\"datePublished\":\"2016-01-15T15:48:17+00:00\",\"dateModified\":\"2017-02-23T13:12:18+00:00\",\"mainEntityOfPage\":{\"@id\":\"https:\/\/www.m-q.ch\/de\/erfolgreiche-cfos-gekuert\/\"},\"wordCount\":254,\"commentCount\":0,\"publisher\":{\"@id\":\"https:\/\/www.m-q.ch\/fr\/#organization\"},\"image\":{\"@id\":\"https:\/\/www.m-q.ch\/de\/erfolgreiche-cfos-gekuert\/#primaryimage\"},\"thumbnailUrl\":\"https:\/\/www.m-q.ch\/wp-content\/uploads\/2016\/12\/Erfolgreiche-CFOs-gek\u00fcrt-management-und-qualitaet.png\",\"articleSection\":[\"Unkategorisiert\"],\"inLanguage\":\"de\"},{\"@type\":\"WebPage\",\"@id\":\"https:\/\/www.m-q.ch\/de\/erfolgreiche-cfos-gekuert\/\",\"url\":\"https:\/\/www.m-q.ch\/de\/erfolgreiche-cfos-gekuert\/\",\"name\":\"Erfolgreiche CFOs gek\u00fcrt - MQ Management und Qualit\u00e4t\",\"isPartOf\":{\"@id\":\"https:\/\/www.m-q.ch\/fr\/#website\"},\"primaryImageOfPage\":{\"@id\":\"https:\/\/www.m-q.ch\/de\/erfolgreiche-cfos-gekuert\/#primaryimage\"},\"image\":{\"@id\":\"https:\/\/www.m-q.ch\/de\/erfolgreiche-cfos-gekuert\/#primaryimage\"},\"thumbnailUrl\":\"https:\/\/www.m-q.ch\/wp-content\/uploads\/2016\/12\/Erfolgreiche-CFOs-gek\u00fcrt-management-und-qualitaet.png\",\"datePublished\":\"2016-01-15T15:48:17+00:00\",\"dateModified\":\"2017-02-23T13:12:18+00:00\",\"description\":\"Am vergangenen Swiss CFO Day vom 13. Januar 2016 wurden profilierte Finanzverantwortliche mit dem CFO of the Year Award 2016 gek\u00fcrt.\",\"breadcrumb\":{\"@id\":\"https:\/\/www.m-q.ch\/de\/erfolgreiche-cfos-gekuert\/#breadcrumb\"},\"inLanguage\":\"de\",\"potentialAction\":[{\"@type\":\"ReadAction\",\"target\":[\"https:\/\/www.m-q.ch\/de\/erfolgreiche-cfos-gekuert\/\"]}]},{\"@type\":\"ImageObject\",\"inLanguage\":\"de\",\"@id\":\"https:\/\/www.m-q.ch\/de\/erfolgreiche-cfos-gekuert\/#primaryimage\",\"url\":\"https:\/\/www.m-q.ch\/wp-content\/uploads\/2016\/12\/Erfolgreiche-CFOs-gek\u00fcrt-management-und-qualitaet.png\",\"contentUrl\":\"https:\/\/www.m-q.ch\/wp-content\/uploads\/2016\/12\/Erfolgreiche-CFOs-gek\u00fcrt-management-und-qualitaet.png\",\"width\":422,\"height\":532,\"caption\":\"Pius Bernet, CFO der Schweizer Paraplegiker Stiftung.\"},{\"@type\":\"BreadcrumbList\",\"@id\":\"https:\/\/www.m-q.ch\/de\/erfolgreiche-cfos-gekuert\/#breadcrumb\",\"itemListElement\":[{\"@type\":\"ListItem\",\"position\":1,\"name\":\"Unkategorisiert\",\"item\":\"https:\/\/www.m-q.ch\/it\/categoria\/senza-categoria\/\"},{\"@type\":\"ListItem\",\"position\":2,\"name\":\"Erfolgreiche CFOs gek\u00fcrt\"}]},{\"@type\":\"WebSite\",\"@id\":\"https:\/\/www.m-q.ch\/fr\/#website\",\"url\":\"https:\/\/www.m-q.ch\/fr\/\",\"name\":\"MQ Management und Qualit\u00e4t\",\"description\":\"Plattform f\u00fcr integrierte Managementsysteme.\",\"publisher\":{\"@id\":\"https:\/\/www.m-q.ch\/fr\/#organization\"},\"potentialAction\":[{\"@type\":\"SearchAction\",\"target\":{\"@type\":\"EntryPoint\",\"urlTemplate\":\"https:\/\/www.m-q.ch\/fr\/?s={search_term_string}\"},\"query-input\":{\"@type\":\"PropertyValueSpecification\",\"valueRequired\":true,\"valueName\":\"search_term_string\"}}],\"inLanguage\":\"de\"},{\"@type\":\"Organization\",\"@id\":\"https:\/\/www.m-q.ch\/fr\/#organization\",\"name\":\"Galledia Fachmedien AG\",\"url\":\"https:\/\/www.m-q.ch\/fr\/\",\"logo\":{\"@type\":\"ImageObject\",\"inLanguage\":\"de\",\"@id\":\"https:\/\/www.m-q.ch\/fr\/#\/schema\/logo\/image\/\",\"url\":\"https:\/\/www.m-q.ch\/wp-content\/uploads\/2020\/12\/cropped-logo_small.png\",\"contentUrl\":\"https:\/\/www.m-q.ch\/wp-content\/uploads\/2020\/12\/cropped-logo_small.png\",\"width\":512,\"height\":512,\"caption\":\"Galledia Fachmedien AG\"},\"image\":{\"@id\":\"https:\/\/www.m-q.ch\/fr\/#\/schema\/logo\/image\/\"},\"sameAs\":[\"https:\/\/www.facebook.com\/ManagementUndQualitaet\",\"https:\/\/www.linkedin.com\/showcase\/17982321\/admin\/\"]},{\"@type\":\"Person\",\"@id\":\"https:\/\/www.m-q.ch\/fr\/#\/schema\/person\/c0139a2c55a374db6df2cde78ec87148\",\"name\":\"galledia\",\"image\":{\"@type\":\"ImageObject\",\"inLanguage\":\"de\",\"@id\":\"https:\/\/www.m-q.ch\/fr\/#\/schema\/person\/image\/\",\"url\":\"https:\/\/secure.gravatar.com\/avatar\/66edf527eac29e9a5eb25bcada01f61a?s=96&d=mm&r=g\",\"contentUrl\":\"https:\/\/secure.gravatar.com\/avatar\/66edf527eac29e9a5eb25bcada01f61a?s=96&d=mm&r=g\",\"caption\":\"galledia\"},\"url\":\"https:\/\/www.m-q.ch\/de\/author\/galledia\/\"}]}<\/script>\n<!-- \/ Yoast SEO plugin. -->","yoast_head_json":{"title":"Erfolgreiche CFOs gek\u00fcrt - MQ Management und Qualit\u00e4t","description":"Am vergangenen Swiss CFO Day vom 13. Januar 2016 wurden profilierte Finanzverantwortliche mit dem CFO of the Year Award 2016 gek\u00fcrt.","robots":{"index":"index","follow":"follow","max-snippet":"max-snippet:-1","max-image-preview":"max-image-preview:large","max-video-preview":"max-video-preview:-1"},"canonical":"https:\/\/www.m-q.ch\/de\/erfolgreiche-cfos-gekuert\/","og_locale":"de_DE","og_type":"article","og_title":"Erfolgreiche CFOs gek\u00fcrt","og_description":"Dem CFO Forum Schweiz, einem Verband, geh\u00f6ren mehr als 540 Finanzchefs an. Am vergangenen Swiss CFO Day vom 13. Januar 2016 wurden profilierte Finanzverantwortliche mit dem CFO of the Year Award 2016 gek\u00fcrt.","og_url":"https:\/\/www.m-q.ch\/de\/erfolgreiche-cfos-gekuert\/","og_site_name":"MQ Management und Qualit\u00e4t","article_publisher":"https:\/\/www.facebook.com\/ManagementUndQualitaet","article_published_time":"2016-01-15T15:48:17+00:00","article_modified_time":"2017-02-23T13:12:18+00:00","og_image":[{"url":"https:\/\/www.m-q.ch\/wp-content\/uploads\/2016\/12\/Erfolgreiche-CFOs-gek\u00fcrt-management-und-qualitaet.png","type":"","width":"","height":""}],"author":"galledia","twitter_card":"summary_large_image","twitter_misc":{"Verfasst von":"galledia","Gesch\u00e4tzte Lesezeit":"1\u00a0Minute"},"schema":{"@context":"https:\/\/schema.org","@graph":[{"@type":"Article","@id":"https:\/\/www.m-q.ch\/de\/erfolgreiche-cfos-gekuert\/#article","isPartOf":{"@id":"https:\/\/www.m-q.ch\/de\/erfolgreiche-cfos-gekuert\/"},"author":{"name":"galledia","@id":"https:\/\/www.m-q.ch\/fr\/#\/schema\/person\/c0139a2c55a374db6df2cde78ec87148"},"headline":"Erfolgreiche CFOs gek\u00fcrt","datePublished":"2016-01-15T15:48:17+00:00","dateModified":"2017-02-23T13:12:18+00:00","mainEntityOfPage":{"@id":"https:\/\/www.m-q.ch\/de\/erfolgreiche-cfos-gekuert\/"},"wordCount":254,"commentCount":0,"publisher":{"@id":"https:\/\/www.m-q.ch\/fr\/#organization"},"image":{"@id":"https:\/\/www.m-q.ch\/de\/erfolgreiche-cfos-gekuert\/#primaryimage"},"thumbnailUrl":"https:\/\/www.m-q.ch\/wp-content\/uploads\/2016\/12\/Erfolgreiche-CFOs-gek\u00fcrt-management-und-qualitaet.png","articleSection":["Unkategorisiert"],"inLanguage":"de"},{"@type":"WebPage","@id":"https:\/\/www.m-q.ch\/de\/erfolgreiche-cfos-gekuert\/","url":"https:\/\/www.m-q.ch\/de\/erfolgreiche-cfos-gekuert\/","name":"Erfolgreiche CFOs gek\u00fcrt - MQ Management und Qualit\u00e4t","isPartOf":{"@id":"https:\/\/www.m-q.ch\/fr\/#website"},"primaryImageOfPage":{"@id":"https:\/\/www.m-q.ch\/de\/erfolgreiche-cfos-gekuert\/#primaryimage"},"image":{"@id":"https:\/\/www.m-q.ch\/de\/erfolgreiche-cfos-gekuert\/#primaryimage"},"thumbnailUrl":"https:\/\/www.m-q.ch\/wp-content\/uploads\/2016\/12\/Erfolgreiche-CFOs-gek\u00fcrt-management-und-qualitaet.png","datePublished":"2016-01-15T15:48:17+00:00","dateModified":"2017-02-23T13:12:18+00:00","description":"Am vergangenen Swiss CFO Day vom 13. Januar 2016 wurden profilierte Finanzverantwortliche mit dem CFO of the Year Award 2016 gek\u00fcrt.","breadcrumb":{"@id":"https:\/\/www.m-q.ch\/de\/erfolgreiche-cfos-gekuert\/#breadcrumb"},"inLanguage":"de","potentialAction":[{"@type":"ReadAction","target":["https:\/\/www.m-q.ch\/de\/erfolgreiche-cfos-gekuert\/"]}]},{"@type":"ImageObject","inLanguage":"de","@id":"https:\/\/www.m-q.ch\/de\/erfolgreiche-cfos-gekuert\/#primaryimage","url":"https:\/\/www.m-q.ch\/wp-content\/uploads\/2016\/12\/Erfolgreiche-CFOs-gek\u00fcrt-management-und-qualitaet.png","contentUrl":"https:\/\/www.m-q.ch\/wp-content\/uploads\/2016\/12\/Erfolgreiche-CFOs-gek\u00fcrt-management-und-qualitaet.png","width":422,"height":532,"caption":"Pius Bernet, CFO der Schweizer Paraplegiker Stiftung."},{"@type":"BreadcrumbList","@id":"https:\/\/www.m-q.ch\/de\/erfolgreiche-cfos-gekuert\/#breadcrumb","itemListElement":[{"@type":"ListItem","position":1,"name":"Unkategorisiert","item":"https:\/\/www.m-q.ch\/it\/categoria\/senza-categoria\/"},{"@type":"ListItem","position":2,"name":"Erfolgreiche CFOs gek\u00fcrt"}]},{"@type":"WebSite","@id":"https:\/\/www.m-q.ch\/fr\/#website","url":"https:\/\/www.m-q.ch\/fr\/","name":"MQ Management und Qualit\u00e4t","description":"Plattform f\u00fcr integrierte Managementsysteme.","publisher":{"@id":"https:\/\/www.m-q.ch\/fr\/#organization"},"potentialAction":[{"@type":"SearchAction","target":{"@type":"EntryPoint","urlTemplate":"https:\/\/www.m-q.ch\/fr\/?s={search_term_string}"},"query-input":{"@type":"PropertyValueSpecification","valueRequired":true,"valueName":"search_term_string"}}],"inLanguage":"de"},{"@type":"Organization","@id":"https:\/\/www.m-q.ch\/fr\/#organization","name":"Galledia Fachmedien AG","url":"https:\/\/www.m-q.ch\/fr\/","logo":{"@type":"ImageObject","inLanguage":"de","@id":"https:\/\/www.m-q.ch\/fr\/#\/schema\/logo\/image\/","url":"https:\/\/www.m-q.ch\/wp-content\/uploads\/2020\/12\/cropped-logo_small.png","contentUrl":"https:\/\/www.m-q.ch\/wp-content\/uploads\/2020\/12\/cropped-logo_small.png","width":512,"height":512,"caption":"Galledia Fachmedien AG"},"image":{"@id":"https:\/\/www.m-q.ch\/fr\/#\/schema\/logo\/image\/"},"sameAs":["https:\/\/www.facebook.com\/ManagementUndQualitaet","https:\/\/www.linkedin.com\/showcase\/17982321\/admin\/"]},{"@type":"Person","@id":"https:\/\/www.m-q.ch\/fr\/#\/schema\/person\/c0139a2c55a374db6df2cde78ec87148","name":"galledia","image":{"@type":"ImageObject","inLanguage":"de","@id":"https:\/\/www.m-q.ch\/fr\/#\/schema\/person\/image\/","url":"https:\/\/secure.gravatar.com\/avatar\/66edf527eac29e9a5eb25bcada01f61a?s=96&d=mm&r=g","contentUrl":"https:\/\/secure.gravatar.com\/avatar\/66edf527eac29e9a5eb25bcada01f61a?s=96&d=mm&r=g","caption":"galledia"},"url":"https:\/\/www.m-q.ch\/de\/author\/galledia\/"}]}},"_links":{"self":[{"href":"https:\/\/www.m-q.ch\/de\/wp-json\/wp\/v2\/posts\/288","targetHints":{"allow":["GET"]}}],"collection":[{"href":"https:\/\/www.m-q.ch\/de\/wp-json\/wp\/v2\/posts"}],"about":[{"href":"https:\/\/www.m-q.ch\/de\/wp-json\/wp\/v2\/types\/post"}],"author":[{"embeddable":true,"href":"https:\/\/www.m-q.ch\/de\/wp-json\/wp\/v2\/users\/1"}],"replies":[{"embeddable":true,"href":"https:\/\/www.m-q.ch\/de\/wp-json\/wp\/v2\/comments?post=288"}],"version-history":[{"count":2,"href":"https:\/\/www.m-q.ch\/de\/wp-json\/wp\/v2\/posts\/288\/revisions"}],"predecessor-version":[{"id":956,"href":"https:\/\/www.m-q.ch\/de\/wp-json\/wp\/v2\/posts\/288\/revisions\/956"}],"wp:featuredmedia":[{"embeddable":true,"href":"https:\/\/www.m-q.ch\/de\/wp-json\/wp\/v2\/media\/105"}],"wp:attachment":[{"href":"https:\/\/www.m-q.ch\/de\/wp-json\/wp\/v2\/media?parent=288"}],"wp:term":[{"taxonomy":"category","embeddable":true,"href":"https:\/\/www.m-q.ch\/de\/wp-json\/wp\/v2\/categories?post=288"},{"taxonomy":"post_tag","embeddable":true,"href":"https:\/\/www.m-q.ch\/de\/wp-json\/wp\/v2\/tags?post=288"}],"curies":[{"name":"wp","href":"https:\/\/api.w.org\/{rel}","templated":true}]}}