{"id":343,"date":"2016-03-09T10:44:06","date_gmt":"2016-03-09T09:44:06","guid":{"rendered":"http:\/\/dev.m-q.ch\/?p=343"},"modified":"2017-03-01T15:12:54","modified_gmt":"2017-03-01T14:12:54","slug":"iso-9001-in-der-aegide-von-tuev-austria","status":"publish","type":"post","link":"https:\/\/www.m-q.ch\/de\/iso-9001-in-der-aegide-von-tuev-austria\/","title":{"rendered":"ISO 9001 in der \u00c4gide von T\u00dcV AUSTRIA"},"content":{"rendered":"<figure id=\"attachment_147\" aria-describedby=\"caption-attachment-147\" style=\"width: 680px\" class=\"wp-caption alignnone\"><a href=\"https:\/\/m-q.ch\/wp-content\/uploads\/2016\/12\/ISO-9001-in-der-\u00c4gide-von-T\u00dcV-AUSTRIA-management-und-qualitaet.jpg\"><img loading=\"lazy\" decoding=\"async\" class=\"wp-image-147 size-medium\" src=\"https:\/\/www.m-q.ch\/wp-content\/uploads\/2016\/12\/ISO-9001-in-der-\u00c4gide-von-T\u00dcV-AUSTRIA-management-und-qualitaet-680x350.jpg\" width=\"680\" height=\"350\" srcset=\"https:\/\/www.m-q.ch\/wp-content\/uploads\/2016\/12\/ISO-9001-in-der-\u00c4gide-von-T\u00dcV-AUSTRIA-management-und-qualitaet-680x350.jpg 680w, https:\/\/www.m-q.ch\/wp-content\/uploads\/2016\/12\/ISO-9001-in-der-\u00c4gide-von-T\u00dcV-AUSTRIA-management-und-qualitaet-768x395.jpg 768w, https:\/\/www.m-q.ch\/wp-content\/uploads\/2016\/12\/ISO-9001-in-der-\u00c4gide-von-T\u00dcV-AUSTRIA-management-und-qualitaet-16x8.jpg 16w, https:\/\/www.m-q.ch\/wp-content\/uploads\/2016\/12\/ISO-9001-in-der-\u00c4gide-von-T\u00dcV-AUSTRIA-management-und-qualitaet-340x175.jpg 340w, https:\/\/www.m-q.ch\/wp-content\/uploads\/2016\/12\/ISO-9001-in-der-\u00c4gide-von-T\u00dcV-AUSTRIA-management-und-qualitaet-920x473.jpg 920w, https:\/\/www.m-q.ch\/wp-content\/uploads\/2016\/12\/ISO-9001-in-der-\u00c4gide-von-T\u00dcV-AUSTRIA-management-und-qualitaet-300x154.jpg 300w, https:\/\/www.m-q.ch\/wp-content\/uploads\/2016\/12\/ISO-9001-in-der-\u00c4gide-von-T\u00dcV-AUSTRIA-management-und-qualitaet-1024x527.jpg 1024w, https:\/\/www.m-q.ch\/wp-content\/uploads\/2016\/12\/ISO-9001-in-der-\u00c4gide-von-T\u00dcV-AUSTRIA-management-und-qualitaet-624x321.jpg 624w, https:\/\/www.m-q.ch\/wp-content\/uploads\/2016\/12\/ISO-9001-in-der-\u00c4gide-von-T\u00dcV-AUSTRIA-management-und-qualitaet.jpg 1063w\" sizes=\"auto, (max-width: 680px) 100vw, 680px\" \/><\/a><figcaption id=\"caption-attachment-147\" class=\"wp-caption-text\">Erfahrene Risk Experts (vlnr): Ebner, Wallner, Buser, Eichinger, Neta.<\/figcaption><\/figure>\n<p>Stefan Wallner, Gesch\u00e4ftsf\u00fchrer der T\u00dcV AUSTRIA CERT GMBH, \u00fcbergab gemeinsam mit Auditor DI Gerhard Eichinger die Dokumente an die Risk Experts Gesch\u00e4ftsf\u00fchrer DI Gerhart Ebner und Dr. Michael Buser. Das Unternehmen ist auf operatives Risikomanagement spezialisiert; international erfahrene Risikoingenieure erstellen qualifizierte Risikoanalysen und -bewertungen f\u00fcr Unternehmen, Versicherungen und Makler.<\/p>\n<p>Sie erbringen Sachverst\u00e4ndigenleistungen, koordinieren Schadenabwicklungen und geben ihr Wissen durch die Risk Experts Academy weiter. An den Standorten Wien, Kufstein, Warschau, Bratislava, Bukarest, Sofia und Istanbul besch\u00e4ftigt Risk Experts insgesamt \u00fcber 75 Mitarbeiterinnen und Mitarbeiter.<\/p>\n<p><strong>Vorreiterrolle <\/strong><\/p>\n<p>Wallner freute sich \u00fcber die Vorreiterrolle, die Risk Experts mit der Zertifizierung einnimmt: \u201eDie EN ISO 9001:2015 beschreibt die Anforderungen an das Qualit\u00e4tsmanagementsystem einer Organisation, um hochwertige und kundengerechte Produkte bzw. Dienstleistungen bereitzustellen. Der Umgang mit Risiken und Chancen ist gewissermassen \u201at\u00e4gliches Brot\u2018 im Unternehmen. Der Audit-Bericht streicht das hohe Qualifikationsniveau der Mitarbeiter und das sehr praxisorientierte Qualit\u00e4tsmanagementsystem hervor.\u201c<\/p>\n<p>Ebner und Buser erkl\u00e4rten: \u201eWir empfehlen, Risikomanagement in jedem Unternehmen in das Qualit\u00e4tsmanagementsystem zu integrieren. Mit der Revision der Norm, die nun auch einen risikobasierten Ansatz im Qualit\u00e4tsmanagement verlangt, war f\u00fcr uns der richtige Zeitpunkt f\u00fcr die Zertifizierung gekommen. Wir sehen darin einen wichtigen Impuls f\u00fcr den Einsatz von Risikomanagement.\u201c<\/p>\n<p><strong>ISO 9001:2015<\/strong><\/p>\n<p>Seit Herbst 2015 ist die neue ISO 9001:2015 in Kraft. Neben strukturellen \u00c4nderungen und neuen Begrifflichkeiten wird auch die strategische Ausrichtung der Organisation vermehrt ber\u00fccksichtigt. Im Fokus stehen zudem die Prozessorientierung sowie der risikobasierte Ansatz und der Umgang mit Risiken und Chancen. Auch das Wissen der Organisation sowie die F\u00fchrung r\u00fccken in den Mittelpunkt. Dienstleister finden sich nun durch neue konkrete Formulierungen in der neuen ISO 9001:2015 wieder.<\/p>\n<p>Die weiterf\u00fchrenden Links zu diesem Bericht heissen:<\/p>\n<p><a href=\"http:\/\/www.tuv.at\/cert,%20www.tuv.at\/services\" target=\"_blank\" data-cke-saved-href=\"http:\/\/www.tuv.at\/cert,%20www.tuv.at\/services\">www.tuv.at\/cert<\/a>,<\/p>\n<p><a href=\"http:\/\/www.tuv.at\/services\" target=\"_blank\" data-cke-saved-href=\"http:\/\/www.tuv.at\/services\">www.tuv.at\/services<\/a><\/p>\n<p><a href=\"http:\/\/www.riskexperts.at\" target=\"_blank\" data-cke-saved-href=\"http:\/\/www.riskexperts.at\">www.riskexperts.at<\/a><\/p>\n","protected":false},"excerpt":{"rendered":"<p>Stefan Wallner, Gesch\u00e4ftsf\u00fchrer der T\u00dcV AUSTRIA CERT GMBH, \u00fcbergab gemeinsam mit Auditor DI Gerhard Eichinger die Dokumente an die Risk Experts Gesch\u00e4ftsf\u00fchrer DI Gerhart Ebner und Dr. Michael Buser. Das Unternehmen ist auf operatives Risikomanagement spezialisiert; international erfahrene Risikoingenieure erstellen qualifizierte Risikoanalysen und -bewertungen f\u00fcr Unternehmen, Versicherungen und Makler. Sie erbringen Sachverst\u00e4ndigenleistungen, koordinieren Schadenabwicklungen und [&hellip;]<\/p>\n","protected":false},"author":1,"featured_media":147,"comment_status":"open","ping_status":"open","sticky":false,"template":"","format":"standard","meta":{"_acf_changed":false,"footnotes":""},"categories":[1],"tags":[3356],"class_list":["post-343","post","type-post","status-publish","format-standard","has-post-thumbnail","hentry","category-unkategorisiert","tag-normenstandards"],"acf":[],"yoast_head":"<!-- This site is optimized with the Yoast SEO plugin v26.2 - https:\/\/yoast.com\/wordpress\/plugins\/seo\/ -->\n<title>ISO 9001 in der \u00c4gide von T\u00dcV AUSTRIA - MQ Management und Qualit\u00e4t<\/title>\n<meta name=\"description\" content=\"Die Unternehmensberatung Risk Experts in Wien bekam als erstes europ\u00e4isches Beratungsunternehmen von T\u00dcV AUSTRIA das Zertifikat f\u00fcr Qualit\u00e4tsmanagement.\" \/>\n<meta name=\"robots\" content=\"index, follow, max-snippet:-1, max-image-preview:large, max-video-preview:-1\" \/>\n<link rel=\"canonical\" href=\"https:\/\/www.m-q.ch\/de\/iso-9001-in-der-aegide-von-tuev-austria\/\" \/>\n<meta property=\"og:locale\" content=\"de_DE\" \/>\n<meta property=\"og:type\" content=\"article\" \/>\n<meta property=\"og:title\" content=\"ISO 9001 in der \u00c4gide von T\u00dcV AUSTRIA - MQ Management und Qualit\u00e4t\" \/>\n<meta property=\"og:description\" content=\"Die Unternehmensberatung Risk Experts in Wien bekam als erstes europ\u00e4isches Beratungsunternehmen von T\u00dcV AUSTRIA das Zertifikat f\u00fcr Qualit\u00e4tsmanagement.\" \/>\n<meta property=\"og:url\" content=\"https:\/\/www.m-q.ch\/de\/iso-9001-in-der-aegide-von-tuev-austria\/\" \/>\n<meta property=\"og:site_name\" content=\"MQ Management und Qualit\u00e4t\" \/>\n<meta property=\"article:publisher\" content=\"https:\/\/www.facebook.com\/ManagementUndQualitaet\" \/>\n<meta property=\"article:published_time\" content=\"2016-03-09T09:44:06+00:00\" \/>\n<meta property=\"article:modified_time\" content=\"2017-03-01T14:12:54+00:00\" \/>\n<meta property=\"og:image\" content=\"https:\/\/www.m-q.ch\/wp-content\/uploads\/2016\/12\/ISO-9001-in-der-\u00c4gide-von-T\u00dcV-AUSTRIA-management-und-qualitaet.jpg\" \/>\n\t<meta property=\"og:image:width\" content=\"1063\" \/>\n\t<meta property=\"og:image:height\" content=\"547\" \/>\n\t<meta property=\"og:image:type\" content=\"image\/jpeg\" \/>\n<meta name=\"author\" content=\"galledia\" \/>\n<meta name=\"twitter:card\" content=\"summary_large_image\" \/>\n<meta name=\"twitter:label1\" content=\"Verfasst von\" \/>\n\t<meta name=\"twitter:data1\" content=\"galledia\" \/>\n\t<meta name=\"twitter:label2\" content=\"Gesch\u00e4tzte Lesezeit\" \/>\n\t<meta name=\"twitter:data2\" content=\"2\u00a0Minuten\" \/>\n<script type=\"application\/ld+json\" class=\"yoast-schema-graph\">{\"@context\":\"https:\/\/schema.org\",\"@graph\":[{\"@type\":\"Article\",\"@id\":\"https:\/\/www.m-q.ch\/de\/iso-9001-in-der-aegide-von-tuev-austria\/#article\",\"isPartOf\":{\"@id\":\"https:\/\/www.m-q.ch\/de\/iso-9001-in-der-aegide-von-tuev-austria\/\"},\"author\":{\"name\":\"galledia\",\"@id\":\"https:\/\/www.m-q.ch\/fr\/#\/schema\/person\/c0139a2c55a374db6df2cde78ec87148\"},\"headline\":\"ISO 9001 in der \u00c4gide von T\u00dcV AUSTRIA\",\"datePublished\":\"2016-03-09T09:44:06+00:00\",\"dateModified\":\"2017-03-01T14:12:54+00:00\",\"mainEntityOfPage\":{\"@id\":\"https:\/\/www.m-q.ch\/de\/iso-9001-in-der-aegide-von-tuev-austria\/\"},\"wordCount\":321,\"commentCount\":0,\"publisher\":{\"@id\":\"https:\/\/www.m-q.ch\/fr\/#organization\"},\"image\":{\"@id\":\"https:\/\/www.m-q.ch\/de\/iso-9001-in-der-aegide-von-tuev-austria\/#primaryimage\"},\"thumbnailUrl\":\"https:\/\/www.m-q.ch\/wp-content\/uploads\/2016\/12\/ISO-9001-in-der-\u00c4gide-von-T\u00dcV-AUSTRIA-management-und-qualitaet.jpg\",\"keywords\":[\"Normen\/Standards\"],\"articleSection\":[\"Unkategorisiert\"],\"inLanguage\":\"de\"},{\"@type\":\"WebPage\",\"@id\":\"https:\/\/www.m-q.ch\/de\/iso-9001-in-der-aegide-von-tuev-austria\/\",\"url\":\"https:\/\/www.m-q.ch\/de\/iso-9001-in-der-aegide-von-tuev-austria\/\",\"name\":\"ISO 9001 in der \u00c4gide von T\u00dcV AUSTRIA - MQ Management und Qualit\u00e4t\",\"isPartOf\":{\"@id\":\"https:\/\/www.m-q.ch\/fr\/#website\"},\"primaryImageOfPage\":{\"@id\":\"https:\/\/www.m-q.ch\/de\/iso-9001-in-der-aegide-von-tuev-austria\/#primaryimage\"},\"image\":{\"@id\":\"https:\/\/www.m-q.ch\/de\/iso-9001-in-der-aegide-von-tuev-austria\/#primaryimage\"},\"thumbnailUrl\":\"https:\/\/www.m-q.ch\/wp-content\/uploads\/2016\/12\/ISO-9001-in-der-\u00c4gide-von-T\u00dcV-AUSTRIA-management-und-qualitaet.jpg\",\"datePublished\":\"2016-03-09T09:44:06+00:00\",\"dateModified\":\"2017-03-01T14:12:54+00:00\",\"description\":\"Die Unternehmensberatung Risk Experts in Wien bekam als erstes europ\u00e4isches Beratungsunternehmen von T\u00dcV AUSTRIA das Zertifikat f\u00fcr Qualit\u00e4tsmanagement.\",\"breadcrumb\":{\"@id\":\"https:\/\/www.m-q.ch\/de\/iso-9001-in-der-aegide-von-tuev-austria\/#breadcrumb\"},\"inLanguage\":\"de\",\"potentialAction\":[{\"@type\":\"ReadAction\",\"target\":[\"https:\/\/www.m-q.ch\/de\/iso-9001-in-der-aegide-von-tuev-austria\/\"]}]},{\"@type\":\"ImageObject\",\"inLanguage\":\"de\",\"@id\":\"https:\/\/www.m-q.ch\/de\/iso-9001-in-der-aegide-von-tuev-austria\/#primaryimage\",\"url\":\"https:\/\/www.m-q.ch\/wp-content\/uploads\/2016\/12\/ISO-9001-in-der-\u00c4gide-von-T\u00dcV-AUSTRIA-management-und-qualitaet.jpg\",\"contentUrl\":\"https:\/\/www.m-q.ch\/wp-content\/uploads\/2016\/12\/ISO-9001-in-der-\u00c4gide-von-T\u00dcV-AUSTRIA-management-und-qualitaet.jpg\",\"width\":1063,\"height\":547,\"caption\":\"Erfahrene Risk Experts (vlnr): Ebner, Wallner, Buser, Eichinger, Neta.\"},{\"@type\":\"BreadcrumbList\",\"@id\":\"https:\/\/www.m-q.ch\/de\/iso-9001-in-der-aegide-von-tuev-austria\/#breadcrumb\",\"itemListElement\":[{\"@type\":\"ListItem\",\"position\":1,\"name\":\"Unkategorisiert\",\"item\":\"https:\/\/www.m-q.ch\/it\/categoria\/senza-categoria\/\"},{\"@type\":\"ListItem\",\"position\":2,\"name\":\"ISO 9001 in der \u00c4gide von T\u00dcV AUSTRIA\"}]},{\"@type\":\"WebSite\",\"@id\":\"https:\/\/www.m-q.ch\/fr\/#website\",\"url\":\"https:\/\/www.m-q.ch\/fr\/\",\"name\":\"MQ Management und Qualit\u00e4t\",\"description\":\"Plattform f\u00fcr integrierte Managementsysteme.\",\"publisher\":{\"@id\":\"https:\/\/www.m-q.ch\/fr\/#organization\"},\"potentialAction\":[{\"@type\":\"SearchAction\",\"target\":{\"@type\":\"EntryPoint\",\"urlTemplate\":\"https:\/\/www.m-q.ch\/fr\/?s={search_term_string}\"},\"query-input\":{\"@type\":\"PropertyValueSpecification\",\"valueRequired\":true,\"valueName\":\"search_term_string\"}}],\"inLanguage\":\"de\"},{\"@type\":\"Organization\",\"@id\":\"https:\/\/www.m-q.ch\/fr\/#organization\",\"name\":\"Galledia Fachmedien AG\",\"url\":\"https:\/\/www.m-q.ch\/fr\/\",\"logo\":{\"@type\":\"ImageObject\",\"inLanguage\":\"de\",\"@id\":\"https:\/\/www.m-q.ch\/fr\/#\/schema\/logo\/image\/\",\"url\":\"https:\/\/www.m-q.ch\/wp-content\/uploads\/2020\/12\/cropped-logo_small.png\",\"contentUrl\":\"https:\/\/www.m-q.ch\/wp-content\/uploads\/2020\/12\/cropped-logo_small.png\",\"width\":512,\"height\":512,\"caption\":\"Galledia Fachmedien AG\"},\"image\":{\"@id\":\"https:\/\/www.m-q.ch\/fr\/#\/schema\/logo\/image\/\"},\"sameAs\":[\"https:\/\/www.facebook.com\/ManagementUndQualitaet\",\"https:\/\/www.linkedin.com\/showcase\/17982321\/admin\/\"]},{\"@type\":\"Person\",\"@id\":\"https:\/\/www.m-q.ch\/fr\/#\/schema\/person\/c0139a2c55a374db6df2cde78ec87148\",\"name\":\"galledia\",\"image\":{\"@type\":\"ImageObject\",\"inLanguage\":\"de\",\"@id\":\"https:\/\/www.m-q.ch\/fr\/#\/schema\/person\/image\/\",\"url\":\"https:\/\/secure.gravatar.com\/avatar\/66edf527eac29e9a5eb25bcada01f61a?s=96&d=mm&r=g\",\"contentUrl\":\"https:\/\/secure.gravatar.com\/avatar\/66edf527eac29e9a5eb25bcada01f61a?s=96&d=mm&r=g\",\"caption\":\"galledia\"},\"url\":\"https:\/\/www.m-q.ch\/de\/author\/galledia\/\"}]}<\/script>\n<!-- \/ Yoast SEO plugin. -->","yoast_head_json":{"title":"ISO 9001 in der \u00c4gide von T\u00dcV AUSTRIA - MQ Management und Qualit\u00e4t","description":"Die Unternehmensberatung Risk Experts in Wien bekam als erstes europ\u00e4isches Beratungsunternehmen von T\u00dcV AUSTRIA das Zertifikat f\u00fcr Qualit\u00e4tsmanagement.","robots":{"index":"index","follow":"follow","max-snippet":"max-snippet:-1","max-image-preview":"max-image-preview:large","max-video-preview":"max-video-preview:-1"},"canonical":"https:\/\/www.m-q.ch\/de\/iso-9001-in-der-aegide-von-tuev-austria\/","og_locale":"de_DE","og_type":"article","og_title":"ISO 9001 in der \u00c4gide von T\u00dcV AUSTRIA - MQ Management und Qualit\u00e4t","og_description":"Die Unternehmensberatung Risk Experts in Wien bekam als erstes europ\u00e4isches Beratungsunternehmen von T\u00dcV AUSTRIA das Zertifikat f\u00fcr Qualit\u00e4tsmanagement.","og_url":"https:\/\/www.m-q.ch\/de\/iso-9001-in-der-aegide-von-tuev-austria\/","og_site_name":"MQ Management und Qualit\u00e4t","article_publisher":"https:\/\/www.facebook.com\/ManagementUndQualitaet","article_published_time":"2016-03-09T09:44:06+00:00","article_modified_time":"2017-03-01T14:12:54+00:00","og_image":[{"width":1063,"height":547,"url":"https:\/\/www.m-q.ch\/wp-content\/uploads\/2016\/12\/ISO-9001-in-der-\u00c4gide-von-T\u00dcV-AUSTRIA-management-und-qualitaet.jpg","type":"image\/jpeg"}],"author":"galledia","twitter_card":"summary_large_image","twitter_misc":{"Verfasst von":"galledia","Gesch\u00e4tzte Lesezeit":"2\u00a0Minuten"},"schema":{"@context":"https:\/\/schema.org","@graph":[{"@type":"Article","@id":"https:\/\/www.m-q.ch\/de\/iso-9001-in-der-aegide-von-tuev-austria\/#article","isPartOf":{"@id":"https:\/\/www.m-q.ch\/de\/iso-9001-in-der-aegide-von-tuev-austria\/"},"author":{"name":"galledia","@id":"https:\/\/www.m-q.ch\/fr\/#\/schema\/person\/c0139a2c55a374db6df2cde78ec87148"},"headline":"ISO 9001 in der \u00c4gide von T\u00dcV AUSTRIA","datePublished":"2016-03-09T09:44:06+00:00","dateModified":"2017-03-01T14:12:54+00:00","mainEntityOfPage":{"@id":"https:\/\/www.m-q.ch\/de\/iso-9001-in-der-aegide-von-tuev-austria\/"},"wordCount":321,"commentCount":0,"publisher":{"@id":"https:\/\/www.m-q.ch\/fr\/#organization"},"image":{"@id":"https:\/\/www.m-q.ch\/de\/iso-9001-in-der-aegide-von-tuev-austria\/#primaryimage"},"thumbnailUrl":"https:\/\/www.m-q.ch\/wp-content\/uploads\/2016\/12\/ISO-9001-in-der-\u00c4gide-von-T\u00dcV-AUSTRIA-management-und-qualitaet.jpg","keywords":["Normen\/Standards"],"articleSection":["Unkategorisiert"],"inLanguage":"de"},{"@type":"WebPage","@id":"https:\/\/www.m-q.ch\/de\/iso-9001-in-der-aegide-von-tuev-austria\/","url":"https:\/\/www.m-q.ch\/de\/iso-9001-in-der-aegide-von-tuev-austria\/","name":"ISO 9001 in der \u00c4gide von T\u00dcV AUSTRIA - MQ Management und Qualit\u00e4t","isPartOf":{"@id":"https:\/\/www.m-q.ch\/fr\/#website"},"primaryImageOfPage":{"@id":"https:\/\/www.m-q.ch\/de\/iso-9001-in-der-aegide-von-tuev-austria\/#primaryimage"},"image":{"@id":"https:\/\/www.m-q.ch\/de\/iso-9001-in-der-aegide-von-tuev-austria\/#primaryimage"},"thumbnailUrl":"https:\/\/www.m-q.ch\/wp-content\/uploads\/2016\/12\/ISO-9001-in-der-\u00c4gide-von-T\u00dcV-AUSTRIA-management-und-qualitaet.jpg","datePublished":"2016-03-09T09:44:06+00:00","dateModified":"2017-03-01T14:12:54+00:00","description":"Die Unternehmensberatung Risk Experts in Wien bekam als erstes europ\u00e4isches Beratungsunternehmen von T\u00dcV AUSTRIA das Zertifikat f\u00fcr Qualit\u00e4tsmanagement.","breadcrumb":{"@id":"https:\/\/www.m-q.ch\/de\/iso-9001-in-der-aegide-von-tuev-austria\/#breadcrumb"},"inLanguage":"de","potentialAction":[{"@type":"ReadAction","target":["https:\/\/www.m-q.ch\/de\/iso-9001-in-der-aegide-von-tuev-austria\/"]}]},{"@type":"ImageObject","inLanguage":"de","@id":"https:\/\/www.m-q.ch\/de\/iso-9001-in-der-aegide-von-tuev-austria\/#primaryimage","url":"https:\/\/www.m-q.ch\/wp-content\/uploads\/2016\/12\/ISO-9001-in-der-\u00c4gide-von-T\u00dcV-AUSTRIA-management-und-qualitaet.jpg","contentUrl":"https:\/\/www.m-q.ch\/wp-content\/uploads\/2016\/12\/ISO-9001-in-der-\u00c4gide-von-T\u00dcV-AUSTRIA-management-und-qualitaet.jpg","width":1063,"height":547,"caption":"Erfahrene Risk Experts (vlnr): Ebner, Wallner, Buser, Eichinger, Neta."},{"@type":"BreadcrumbList","@id":"https:\/\/www.m-q.ch\/de\/iso-9001-in-der-aegide-von-tuev-austria\/#breadcrumb","itemListElement":[{"@type":"ListItem","position":1,"name":"Unkategorisiert","item":"https:\/\/www.m-q.ch\/it\/categoria\/senza-categoria\/"},{"@type":"ListItem","position":2,"name":"ISO 9001 in der \u00c4gide von T\u00dcV AUSTRIA"}]},{"@type":"WebSite","@id":"https:\/\/www.m-q.ch\/fr\/#website","url":"https:\/\/www.m-q.ch\/fr\/","name":"MQ Management und Qualit\u00e4t","description":"Plattform f\u00fcr integrierte Managementsysteme.","publisher":{"@id":"https:\/\/www.m-q.ch\/fr\/#organization"},"potentialAction":[{"@type":"SearchAction","target":{"@type":"EntryPoint","urlTemplate":"https:\/\/www.m-q.ch\/fr\/?s={search_term_string}"},"query-input":{"@type":"PropertyValueSpecification","valueRequired":true,"valueName":"search_term_string"}}],"inLanguage":"de"},{"@type":"Organization","@id":"https:\/\/www.m-q.ch\/fr\/#organization","name":"Galledia Fachmedien AG","url":"https:\/\/www.m-q.ch\/fr\/","logo":{"@type":"ImageObject","inLanguage":"de","@id":"https:\/\/www.m-q.ch\/fr\/#\/schema\/logo\/image\/","url":"https:\/\/www.m-q.ch\/wp-content\/uploads\/2020\/12\/cropped-logo_small.png","contentUrl":"https:\/\/www.m-q.ch\/wp-content\/uploads\/2020\/12\/cropped-logo_small.png","width":512,"height":512,"caption":"Galledia Fachmedien AG"},"image":{"@id":"https:\/\/www.m-q.ch\/fr\/#\/schema\/logo\/image\/"},"sameAs":["https:\/\/www.facebook.com\/ManagementUndQualitaet","https:\/\/www.linkedin.com\/showcase\/17982321\/admin\/"]},{"@type":"Person","@id":"https:\/\/www.m-q.ch\/fr\/#\/schema\/person\/c0139a2c55a374db6df2cde78ec87148","name":"galledia","image":{"@type":"ImageObject","inLanguage":"de","@id":"https:\/\/www.m-q.ch\/fr\/#\/schema\/person\/image\/","url":"https:\/\/secure.gravatar.com\/avatar\/66edf527eac29e9a5eb25bcada01f61a?s=96&d=mm&r=g","contentUrl":"https:\/\/secure.gravatar.com\/avatar\/66edf527eac29e9a5eb25bcada01f61a?s=96&d=mm&r=g","caption":"galledia"},"url":"https:\/\/www.m-q.ch\/de\/author\/galledia\/"}]}},"_links":{"self":[{"href":"https:\/\/www.m-q.ch\/de\/wp-json\/wp\/v2\/posts\/343","targetHints":{"allow":["GET"]}}],"collection":[{"href":"https:\/\/www.m-q.ch\/de\/wp-json\/wp\/v2\/posts"}],"about":[{"href":"https:\/\/www.m-q.ch\/de\/wp-json\/wp\/v2\/types\/post"}],"author":[{"embeddable":true,"href":"https:\/\/www.m-q.ch\/de\/wp-json\/wp\/v2\/users\/1"}],"replies":[{"embeddable":true,"href":"https:\/\/www.m-q.ch\/de\/wp-json\/wp\/v2\/comments?post=343"}],"version-history":[{"count":3,"href":"https:\/\/www.m-q.ch\/de\/wp-json\/wp\/v2\/posts\/343\/revisions"}],"predecessor-version":[{"id":1178,"href":"https:\/\/www.m-q.ch\/de\/wp-json\/wp\/v2\/posts\/343\/revisions\/1178"}],"wp:featuredmedia":[{"embeddable":true,"href":"https:\/\/www.m-q.ch\/de\/wp-json\/wp\/v2\/media\/147"}],"wp:attachment":[{"href":"https:\/\/www.m-q.ch\/de\/wp-json\/wp\/v2\/media?parent=343"}],"wp:term":[{"taxonomy":"category","embeddable":true,"href":"https:\/\/www.m-q.ch\/de\/wp-json\/wp\/v2\/categories?post=343"},{"taxonomy":"post_tag","embeddable":true,"href":"https:\/\/www.m-q.ch\/de\/wp-json\/wp\/v2\/tags?post=343"}],"curies":[{"name":"wp","href":"https:\/\/api.w.org\/{rel}","templated":true}]}}