{"id":359,"date":"2016-03-24T11:07:45","date_gmt":"2016-03-24T10:07:45","guid":{"rendered":"http:\/\/dev.m-q.ch\/?p=359"},"modified":"2017-03-01T14:58:48","modified_gmt":"2017-03-01T13:58:48","slug":"erpressungswelle-durch-armada-collective-in-der-schweiz","status":"publish","type":"post","link":"https:\/\/www.m-q.ch\/de\/erpressungswelle-durch-armada-collective-in-der-schweiz\/","title":{"rendered":"Erpressungswelle durch Armada Collective in der Schweiz"},"content":{"rendered":"<figure id=\"attachment_108\" aria-describedby=\"caption-attachment-108\" style=\"width: 680px\" class=\"wp-caption alignnone\"><a href=\"https:\/\/m-q.ch\/wp-content\/uploads\/2016\/12\/Erpressungswelle-durch-Armada-Collective-in-der-Schweiz-management-und-qualitaet.jpg\"><img loading=\"lazy\" decoding=\"async\" class=\"wp-image-108 size-medium\" src=\"https:\/\/www.m-q.ch\/wp-content\/uploads\/2016\/12\/Erpressungswelle-durch-Armada-Collective-in-der-Schweiz-management-und-qualitaet-680x481.jpg\" width=\"680\" height=\"481\" srcset=\"https:\/\/www.m-q.ch\/wp-content\/uploads\/2016\/12\/Erpressungswelle-durch-Armada-Collective-in-der-Schweiz-management-und-qualitaet-680x481.jpg 680w, https:\/\/www.m-q.ch\/wp-content\/uploads\/2016\/12\/Erpressungswelle-durch-Armada-Collective-in-der-Schweiz-management-und-qualitaet-768x544.jpg 768w, https:\/\/www.m-q.ch\/wp-content\/uploads\/2016\/12\/Erpressungswelle-durch-Armada-Collective-in-der-Schweiz-management-und-qualitaet-16x12.jpg 16w, https:\/\/www.m-q.ch\/wp-content\/uploads\/2016\/12\/Erpressungswelle-durch-Armada-Collective-in-der-Schweiz-management-und-qualitaet-247x175.jpg 247w, https:\/\/www.m-q.ch\/wp-content\/uploads\/2016\/12\/Erpressungswelle-durch-Armada-Collective-in-der-Schweiz-management-und-qualitaet-495x350.jpg 495w, https:\/\/www.m-q.ch\/wp-content\/uploads\/2016\/12\/Erpressungswelle-durch-Armada-Collective-in-der-Schweiz-management-und-qualitaet-920x651.jpg 920w, https:\/\/www.m-q.ch\/wp-content\/uploads\/2016\/12\/Erpressungswelle-durch-Armada-Collective-in-der-Schweiz-management-und-qualitaet-300x212.jpg 300w, https:\/\/www.m-q.ch\/wp-content\/uploads\/2016\/12\/Erpressungswelle-durch-Armada-Collective-in-der-Schweiz-management-und-qualitaet-624x442.jpg 624w, https:\/\/www.m-q.ch\/wp-content\/uploads\/2016\/12\/Erpressungswelle-durch-Armada-Collective-in-der-Schweiz-management-und-qualitaet.jpg 1006w\" sizes=\"auto, (max-width: 680px) 100vw, 680px\" \/><\/a><figcaption id=\"caption-attachment-108\" class=\"wp-caption-text\">Die beiden Gesch\u00e4ftsf\u00fchrer von Link11 geben Frau Merkel und Herrn Schneider-Ammann in Echtzeit Einblick in die Bedrohung der Wirtschaft und des Staates durch DDoS-Attacken. (Quelle Link11 GmbH)<\/figcaption><\/figure>\n<blockquote><p>Betroffene Unternehmen sollen schnell und entschlossen handeln, um gr\u00f6ssere Sch\u00e4den zu vermeiden.<\/p><\/blockquote>\n<p>So wie Herr Schneider-Ammann sollte auch jedes die Unternehmen die Gefahr durch DDoS-Angriffe ernst nehmen. Die Warnung des Swiss Governmental Computer Emergency Response Teams vor neuen Erpressungen von Schweizer Finanzinstituten durch die DDoS-Erpresserbande Armada Collective wurde am 9. M\u00e4rz 2016 ver\u00f6ffentlicht. Wenig sp\u00e4ter erreichten Erpresserschreiben auch grosse E-Commerce-Unternehmen, in denen Armada Collective wie bereits in der Vergangenheit eine hohe Summe von inzwischen 25 Bitcoins fordert.<\/p>\n<p>Ansonsten werde das Unternehmen mit einer DDoS-Attacke von gigantischem Ausmass mit bis zu 1 Tbps attackiert und damit komplett aus dem Netz geschossen. Bereits vergangenes Jahr hat der auf DDoS-Schutz spezialisierte IT-Security-Anbieter Link11 detailliert \u00fcber Armada Collective und deren Vorgehensweise berichtet. Die DDoS-Schutzspezialisten ver\u00f6ffentlichen Analysen von get\u00e4tigten Attacken in einem Report und zeigten so die Dringlichkeit dieser Gefahr auf.<\/p>\n<p><strong>Attacken in der Schweiz<\/strong><\/p>\n<p>Die neue Erpresserwelle deckt sich mit den Analysen des Link11 Security Operation Center, dass die Anzahl von DDoS-Erpressungen durch Cyberkriminelle im Jahr 2016 stark steigen wird. Im Link11 DDoS-Report f\u00fcr die DACH-Region hat Link11 \u00fcber 5\u2018000 Attacken, die im vierten Quartal 2015 auf Unternehmen in der DACH-Region ver\u00fcbt wurden, analysiert und aufgearbeitet. Der Report steht zum Download bereit unter diesem <a href=\"https:\/\/www.link11.de\/ddos-dach-report-q4-2015.html\" target=\"_blank\" data-cke-saved-href=\"https:\/\/www.link11.de\/ddos-dach-report-q4-2015.html\">Link<\/a>.<\/p>\n<p>Fast zeitgleich mit Beginn dieser neuen Erpresserwelle besuchte der Schweizer Bundespr\u00e4sident Johann Schneider-Ammann zusammen mit Bundeskanzlerin Merkel im Rahmen der diesj\u00e4hrigen CeBIT in Hannover den Stand von Link11, um sich \u00fcber die akute Bedrohung durch DDoS und die verf\u00fcgbaren Schutzm\u00f6glichkeiten zu informieren. Vor Ort erhielten er und die Kanzlerin von den beiden Gesch\u00e4ftsf\u00fchrern Jens-Philip Jung und Karsten Desler jeweils ein Exemplar des DACH-Reports, der auch Angriffe auf Schweizer Unternehmen beleuchtet.<\/p>\n<p>Link11 hat f\u00fcr betroffene Unternehmen der DDoS-Erpressung unter eine kostenfreie Informationswebseite eingerichtet. <a href=\"http:\/\/www.ddos-info.de\/meldung.html\" target=\"_blank\" data-cke-saved-href=\"http:\/\/www.ddos-info.de\/meldung.html\">Hier<\/a> k\u00f6nnen sie sich f\u00fcr E-Mail-Meldungen aus dem Sensor-Netzwerk registrieren um bereits im Vorfeld Warnhinweise auf die drohende Gefahr zu erhalten. Diese k\u00f6nnen dann rechtzeitig Schutzmassnahmen ergreifen, um die Verf\u00fcgbarkeit ihrer Infrastruktur abzusichern. Aus ihrer t\u00e4glichen Praxis raten Link11 sowie die Beh\u00f6rden den erpressten Unternehmen, die Situation ernst zu nehmen.<\/p>\n<p>Betroffene Unternehmen sollen schnell und entschlossen handeln, um gr\u00f6ssere Sch\u00e4den zu vermeiden. Denn wie es sich bei zahlreichen Opfer bereits gezeigt hat, handelt es sich hierbei um eine ernste wirtschaftliche Bedrohung f\u00fcr Unternehmen.<\/p>\n","protected":false},"excerpt":{"rendered":"<p>Betroffene Unternehmen sollen schnell und entschlossen handeln, um gr\u00f6ssere Sch\u00e4den zu vermeiden. So wie Herr Schneider-Ammann sollte auch jedes die Unternehmen die Gefahr durch DDoS-Angriffe ernst nehmen. Die Warnung des Swiss Governmental Computer Emergency Response Teams vor neuen Erpressungen von Schweizer Finanzinstituten durch die DDoS-Erpresserbande Armada Collective wurde am 9. M\u00e4rz 2016 ver\u00f6ffentlicht. Wenig sp\u00e4ter [&hellip;]<\/p>\n","protected":false},"author":1,"featured_media":108,"comment_status":"open","ping_status":"open","sticky":false,"template":"","format":"standard","meta":{"_acf_changed":false,"footnotes":""},"categories":[1],"tags":[3355],"class_list":["post-359","post","type-post","status-publish","format-standard","has-post-thumbnail","hentry","category-unkategorisiert","tag-cyber-crime"],"acf":[],"yoast_head":"<!-- This site is optimized with the Yoast SEO plugin v26.2 - https:\/\/yoast.com\/wordpress\/plugins\/seo\/ -->\n<title>Erpressungswelle durch Armada Collective in der Schweiz - MQ Management und Qualit\u00e4t<\/title>\n<meta name=\"description\" content=\"Erpressungswelle: Bundespr\u00e4sident Johann Schneider-Ammann informierte sich auf der CeBIT Link11 \u00fcber Schutzm\u00f6glichkeiten bei DDoS-Attacken.\" \/>\n<meta name=\"robots\" content=\"index, follow, max-snippet:-1, max-image-preview:large, max-video-preview:-1\" \/>\n<link rel=\"canonical\" href=\"https:\/\/www.m-q.ch\/de\/erpressungswelle-durch-armada-collective-in-der-schweiz\/\" \/>\n<meta property=\"og:locale\" content=\"de_DE\" \/>\n<meta property=\"og:type\" content=\"article\" \/>\n<meta property=\"og:title\" content=\"Erpressungswelle durch Armada Collective in der Schweiz - MQ Management und Qualit\u00e4t\" \/>\n<meta property=\"og:description\" content=\"Erpressungswelle: Bundespr\u00e4sident Johann Schneider-Ammann informierte sich auf der CeBIT Link11 \u00fcber Schutzm\u00f6glichkeiten bei DDoS-Attacken.\" \/>\n<meta property=\"og:url\" content=\"https:\/\/www.m-q.ch\/de\/erpressungswelle-durch-armada-collective-in-der-schweiz\/\" \/>\n<meta property=\"og:site_name\" content=\"MQ Management und Qualit\u00e4t\" \/>\n<meta property=\"article:publisher\" content=\"https:\/\/www.facebook.com\/ManagementUndQualitaet\" \/>\n<meta property=\"article:published_time\" content=\"2016-03-24T10:07:45+00:00\" \/>\n<meta property=\"article:modified_time\" content=\"2017-03-01T13:58:48+00:00\" \/>\n<meta property=\"og:image\" content=\"https:\/\/www.m-q.ch\/wp-content\/uploads\/2016\/12\/Erpressungswelle-durch-Armada-Collective-in-der-Schweiz-management-und-qualitaet.jpg\" \/>\n\t<meta property=\"og:image:width\" content=\"1006\" \/>\n\t<meta property=\"og:image:height\" content=\"712\" \/>\n\t<meta property=\"og:image:type\" content=\"image\/jpeg\" \/>\n<meta name=\"author\" content=\"galledia\" \/>\n<meta name=\"twitter:card\" content=\"summary_large_image\" \/>\n<meta name=\"twitter:label1\" content=\"Verfasst von\" \/>\n\t<meta name=\"twitter:data1\" content=\"galledia\" \/>\n\t<meta name=\"twitter:label2\" content=\"Gesch\u00e4tzte Lesezeit\" \/>\n\t<meta name=\"twitter:data2\" content=\"2\u00a0Minuten\" \/>\n<script type=\"application\/ld+json\" class=\"yoast-schema-graph\">{\"@context\":\"https:\/\/schema.org\",\"@graph\":[{\"@type\":\"Article\",\"@id\":\"https:\/\/www.m-q.ch\/fr\/vague-dextorsion-par-larmada-collectif-en-suisse\/#article\",\"isPartOf\":{\"@id\":\"https:\/\/www.m-q.ch\/fr\/vague-dextorsion-par-larmada-collectif-en-suisse\/\"},\"author\":{\"name\":\"galledia\",\"@id\":\"https:\/\/www.m-q.ch\/fr\/#\/schema\/person\/c0139a2c55a374db6df2cde78ec87148\"},\"headline\":\"Erpressungswelle durch Armada Collective in der Schweiz\",\"datePublished\":\"2016-03-24T10:07:45+00:00\",\"dateModified\":\"2017-03-01T13:58:48+00:00\",\"mainEntityOfPage\":{\"@id\":\"https:\/\/www.m-q.ch\/fr\/vague-dextorsion-par-larmada-collectif-en-suisse\/\"},\"wordCount\":427,\"commentCount\":0,\"publisher\":{\"@id\":\"https:\/\/www.m-q.ch\/fr\/#organization\"},\"image\":{\"@id\":\"https:\/\/www.m-q.ch\/fr\/vague-dextorsion-par-larmada-collectif-en-suisse\/#primaryimage\"},\"thumbnailUrl\":\"https:\/\/www.m-q.ch\/wp-content\/uploads\/2016\/12\/Erpressungswelle-durch-Armada-Collective-in-der-Schweiz-management-und-qualitaet.jpg\",\"keywords\":[\"Cyber-Crime\"],\"articleSection\":[\"Unkategorisiert\"],\"inLanguage\":\"de\"},{\"@type\":\"WebPage\",\"@id\":\"https:\/\/www.m-q.ch\/fr\/vague-dextorsion-par-larmada-collectif-en-suisse\/\",\"url\":\"https:\/\/www.m-q.ch\/fr\/vague-dextorsion-par-larmada-collectif-en-suisse\/\",\"name\":\"Erpressungswelle durch Armada Collective in der Schweiz - MQ Management und Qualit\u00e4t\",\"isPartOf\":{\"@id\":\"https:\/\/www.m-q.ch\/fr\/#website\"},\"primaryImageOfPage\":{\"@id\":\"https:\/\/www.m-q.ch\/fr\/vague-dextorsion-par-larmada-collectif-en-suisse\/#primaryimage\"},\"image\":{\"@id\":\"https:\/\/www.m-q.ch\/fr\/vague-dextorsion-par-larmada-collectif-en-suisse\/#primaryimage\"},\"thumbnailUrl\":\"https:\/\/www.m-q.ch\/wp-content\/uploads\/2016\/12\/Erpressungswelle-durch-Armada-Collective-in-der-Schweiz-management-und-qualitaet.jpg\",\"datePublished\":\"2016-03-24T10:07:45+00:00\",\"dateModified\":\"2017-03-01T13:58:48+00:00\",\"description\":\"Erpressungswelle: Bundespr\u00e4sident Johann Schneider-Ammann informierte sich auf der CeBIT Link11 \u00fcber Schutzm\u00f6glichkeiten bei DDoS-Attacken.\",\"breadcrumb\":{\"@id\":\"https:\/\/www.m-q.ch\/fr\/vague-dextorsion-par-larmada-collectif-en-suisse\/#breadcrumb\"},\"inLanguage\":\"de\",\"potentialAction\":[{\"@type\":\"ReadAction\",\"target\":[\"https:\/\/www.m-q.ch\/fr\/vague-dextorsion-par-larmada-collectif-en-suisse\/\"]}]},{\"@type\":\"ImageObject\",\"inLanguage\":\"de\",\"@id\":\"https:\/\/www.m-q.ch\/fr\/vague-dextorsion-par-larmada-collectif-en-suisse\/#primaryimage\",\"url\":\"https:\/\/www.m-q.ch\/wp-content\/uploads\/2016\/12\/Erpressungswelle-durch-Armada-Collective-in-der-Schweiz-management-und-qualitaet.jpg\",\"contentUrl\":\"https:\/\/www.m-q.ch\/wp-content\/uploads\/2016\/12\/Erpressungswelle-durch-Armada-Collective-in-der-Schweiz-management-und-qualitaet.jpg\",\"width\":1006,\"height\":712,\"caption\":\"Die beiden Gesch\u00e4ftsf\u00fchrer von Link11 geben Frau Merkel und Herrn Schneider-Ammann in Echtzeit Einblick in die Bedrohung der Wirtschaft und des Staates durch DDoS-Attacken. (Quelle Link11 GmbH)\"},{\"@type\":\"BreadcrumbList\",\"@id\":\"https:\/\/www.m-q.ch\/fr\/vague-dextorsion-par-larmada-collectif-en-suisse\/#breadcrumb\",\"itemListElement\":[{\"@type\":\"ListItem\",\"position\":1,\"name\":\"Unkategorisiert\",\"item\":\"https:\/\/www.m-q.ch\/it\/categoria\/senza-categoria\/\"},{\"@type\":\"ListItem\",\"position\":2,\"name\":\"Erpressungswelle durch Armada Collective in der Schweiz\"}]},{\"@type\":\"WebSite\",\"@id\":\"https:\/\/www.m-q.ch\/fr\/#website\",\"url\":\"https:\/\/www.m-q.ch\/fr\/\",\"name\":\"MQ Management und Qualit\u00e4t\",\"description\":\"Plattform f\u00fcr integrierte Managementsysteme.\",\"publisher\":{\"@id\":\"https:\/\/www.m-q.ch\/fr\/#organization\"},\"potentialAction\":[{\"@type\":\"SearchAction\",\"target\":{\"@type\":\"EntryPoint\",\"urlTemplate\":\"https:\/\/www.m-q.ch\/fr\/?s={search_term_string}\"},\"query-input\":{\"@type\":\"PropertyValueSpecification\",\"valueRequired\":true,\"valueName\":\"search_term_string\"}}],\"inLanguage\":\"de\"},{\"@type\":\"Organization\",\"@id\":\"https:\/\/www.m-q.ch\/fr\/#organization\",\"name\":\"Galledia Fachmedien AG\",\"url\":\"https:\/\/www.m-q.ch\/fr\/\",\"logo\":{\"@type\":\"ImageObject\",\"inLanguage\":\"de\",\"@id\":\"https:\/\/www.m-q.ch\/fr\/#\/schema\/logo\/image\/\",\"url\":\"https:\/\/www.m-q.ch\/wp-content\/uploads\/2020\/12\/cropped-logo_small.png\",\"contentUrl\":\"https:\/\/www.m-q.ch\/wp-content\/uploads\/2020\/12\/cropped-logo_small.png\",\"width\":512,\"height\":512,\"caption\":\"Galledia Fachmedien AG\"},\"image\":{\"@id\":\"https:\/\/www.m-q.ch\/fr\/#\/schema\/logo\/image\/\"},\"sameAs\":[\"https:\/\/www.facebook.com\/ManagementUndQualitaet\",\"https:\/\/www.linkedin.com\/showcase\/17982321\/admin\/\"]},{\"@type\":\"Person\",\"@id\":\"https:\/\/www.m-q.ch\/fr\/#\/schema\/person\/c0139a2c55a374db6df2cde78ec87148\",\"name\":\"galledia\",\"image\":{\"@type\":\"ImageObject\",\"inLanguage\":\"de\",\"@id\":\"https:\/\/www.m-q.ch\/fr\/#\/schema\/person\/image\/\",\"url\":\"https:\/\/secure.gravatar.com\/avatar\/66edf527eac29e9a5eb25bcada01f61a?s=96&d=mm&r=g\",\"contentUrl\":\"https:\/\/secure.gravatar.com\/avatar\/66edf527eac29e9a5eb25bcada01f61a?s=96&d=mm&r=g\",\"caption\":\"galledia\"},\"url\":\"https:\/\/www.m-q.ch\/de\/author\/galledia\/\"}]}<\/script>\n<!-- \/ Yoast SEO plugin. -->","yoast_head_json":{"title":"Erpressungswelle durch Armada Collective in der Schweiz - MQ Management und Qualit\u00e4t","description":"Erpressungswelle: Bundespr\u00e4sident Johann Schneider-Ammann informierte sich auf der CeBIT Link11 \u00fcber Schutzm\u00f6glichkeiten bei DDoS-Attacken.","robots":{"index":"index","follow":"follow","max-snippet":"max-snippet:-1","max-image-preview":"max-image-preview:large","max-video-preview":"max-video-preview:-1"},"canonical":"https:\/\/www.m-q.ch\/de\/erpressungswelle-durch-armada-collective-in-der-schweiz\/","og_locale":"de_DE","og_type":"article","og_title":"Erpressungswelle durch Armada Collective in der Schweiz - MQ Management und Qualit\u00e4t","og_description":"Erpressungswelle: Bundespr\u00e4sident Johann Schneider-Ammann informierte sich auf der CeBIT Link11 \u00fcber Schutzm\u00f6glichkeiten bei DDoS-Attacken.","og_url":"https:\/\/www.m-q.ch\/de\/erpressungswelle-durch-armada-collective-in-der-schweiz\/","og_site_name":"MQ Management und Qualit\u00e4t","article_publisher":"https:\/\/www.facebook.com\/ManagementUndQualitaet","article_published_time":"2016-03-24T10:07:45+00:00","article_modified_time":"2017-03-01T13:58:48+00:00","og_image":[{"width":1006,"height":712,"url":"https:\/\/www.m-q.ch\/wp-content\/uploads\/2016\/12\/Erpressungswelle-durch-Armada-Collective-in-der-Schweiz-management-und-qualitaet.jpg","type":"image\/jpeg"}],"author":"galledia","twitter_card":"summary_large_image","twitter_misc":{"Verfasst von":"galledia","Gesch\u00e4tzte Lesezeit":"2\u00a0Minuten"},"schema":{"@context":"https:\/\/schema.org","@graph":[{"@type":"Article","@id":"https:\/\/www.m-q.ch\/fr\/vague-dextorsion-par-larmada-collectif-en-suisse\/#article","isPartOf":{"@id":"https:\/\/www.m-q.ch\/fr\/vague-dextorsion-par-larmada-collectif-en-suisse\/"},"author":{"name":"galledia","@id":"https:\/\/www.m-q.ch\/fr\/#\/schema\/person\/c0139a2c55a374db6df2cde78ec87148"},"headline":"Erpressungswelle durch Armada Collective in der Schweiz","datePublished":"2016-03-24T10:07:45+00:00","dateModified":"2017-03-01T13:58:48+00:00","mainEntityOfPage":{"@id":"https:\/\/www.m-q.ch\/fr\/vague-dextorsion-par-larmada-collectif-en-suisse\/"},"wordCount":427,"commentCount":0,"publisher":{"@id":"https:\/\/www.m-q.ch\/fr\/#organization"},"image":{"@id":"https:\/\/www.m-q.ch\/fr\/vague-dextorsion-par-larmada-collectif-en-suisse\/#primaryimage"},"thumbnailUrl":"https:\/\/www.m-q.ch\/wp-content\/uploads\/2016\/12\/Erpressungswelle-durch-Armada-Collective-in-der-Schweiz-management-und-qualitaet.jpg","keywords":["Cyber-Crime"],"articleSection":["Unkategorisiert"],"inLanguage":"de"},{"@type":"WebPage","@id":"https:\/\/www.m-q.ch\/fr\/vague-dextorsion-par-larmada-collectif-en-suisse\/","url":"https:\/\/www.m-q.ch\/fr\/vague-dextorsion-par-larmada-collectif-en-suisse\/","name":"Erpressungswelle durch Armada Collective in der Schweiz - MQ Management und Qualit\u00e4t","isPartOf":{"@id":"https:\/\/www.m-q.ch\/fr\/#website"},"primaryImageOfPage":{"@id":"https:\/\/www.m-q.ch\/fr\/vague-dextorsion-par-larmada-collectif-en-suisse\/#primaryimage"},"image":{"@id":"https:\/\/www.m-q.ch\/fr\/vague-dextorsion-par-larmada-collectif-en-suisse\/#primaryimage"},"thumbnailUrl":"https:\/\/www.m-q.ch\/wp-content\/uploads\/2016\/12\/Erpressungswelle-durch-Armada-Collective-in-der-Schweiz-management-und-qualitaet.jpg","datePublished":"2016-03-24T10:07:45+00:00","dateModified":"2017-03-01T13:58:48+00:00","description":"Erpressungswelle: Bundespr\u00e4sident Johann Schneider-Ammann informierte sich auf der CeBIT Link11 \u00fcber Schutzm\u00f6glichkeiten bei DDoS-Attacken.","breadcrumb":{"@id":"https:\/\/www.m-q.ch\/fr\/vague-dextorsion-par-larmada-collectif-en-suisse\/#breadcrumb"},"inLanguage":"de","potentialAction":[{"@type":"ReadAction","target":["https:\/\/www.m-q.ch\/fr\/vague-dextorsion-par-larmada-collectif-en-suisse\/"]}]},{"@type":"ImageObject","inLanguage":"de","@id":"https:\/\/www.m-q.ch\/fr\/vague-dextorsion-par-larmada-collectif-en-suisse\/#primaryimage","url":"https:\/\/www.m-q.ch\/wp-content\/uploads\/2016\/12\/Erpressungswelle-durch-Armada-Collective-in-der-Schweiz-management-und-qualitaet.jpg","contentUrl":"https:\/\/www.m-q.ch\/wp-content\/uploads\/2016\/12\/Erpressungswelle-durch-Armada-Collective-in-der-Schweiz-management-und-qualitaet.jpg","width":1006,"height":712,"caption":"Die beiden Gesch\u00e4ftsf\u00fchrer von Link11 geben Frau Merkel und Herrn Schneider-Ammann in Echtzeit Einblick in die Bedrohung der Wirtschaft und des Staates durch DDoS-Attacken. (Quelle Link11 GmbH)"},{"@type":"BreadcrumbList","@id":"https:\/\/www.m-q.ch\/fr\/vague-dextorsion-par-larmada-collectif-en-suisse\/#breadcrumb","itemListElement":[{"@type":"ListItem","position":1,"name":"Unkategorisiert","item":"https:\/\/www.m-q.ch\/it\/categoria\/senza-categoria\/"},{"@type":"ListItem","position":2,"name":"Erpressungswelle durch Armada Collective in der Schweiz"}]},{"@type":"WebSite","@id":"https:\/\/www.m-q.ch\/fr\/#website","url":"https:\/\/www.m-q.ch\/fr\/","name":"MQ Management und Qualit\u00e4t","description":"Plattform f\u00fcr integrierte Managementsysteme.","publisher":{"@id":"https:\/\/www.m-q.ch\/fr\/#organization"},"potentialAction":[{"@type":"SearchAction","target":{"@type":"EntryPoint","urlTemplate":"https:\/\/www.m-q.ch\/fr\/?s={search_term_string}"},"query-input":{"@type":"PropertyValueSpecification","valueRequired":true,"valueName":"search_term_string"}}],"inLanguage":"de"},{"@type":"Organization","@id":"https:\/\/www.m-q.ch\/fr\/#organization","name":"Galledia Fachmedien AG","url":"https:\/\/www.m-q.ch\/fr\/","logo":{"@type":"ImageObject","inLanguage":"de","@id":"https:\/\/www.m-q.ch\/fr\/#\/schema\/logo\/image\/","url":"https:\/\/www.m-q.ch\/wp-content\/uploads\/2020\/12\/cropped-logo_small.png","contentUrl":"https:\/\/www.m-q.ch\/wp-content\/uploads\/2020\/12\/cropped-logo_small.png","width":512,"height":512,"caption":"Galledia Fachmedien AG"},"image":{"@id":"https:\/\/www.m-q.ch\/fr\/#\/schema\/logo\/image\/"},"sameAs":["https:\/\/www.facebook.com\/ManagementUndQualitaet","https:\/\/www.linkedin.com\/showcase\/17982321\/admin\/"]},{"@type":"Person","@id":"https:\/\/www.m-q.ch\/fr\/#\/schema\/person\/c0139a2c55a374db6df2cde78ec87148","name":"galledia","image":{"@type":"ImageObject","inLanguage":"de","@id":"https:\/\/www.m-q.ch\/fr\/#\/schema\/person\/image\/","url":"https:\/\/secure.gravatar.com\/avatar\/66edf527eac29e9a5eb25bcada01f61a?s=96&d=mm&r=g","contentUrl":"https:\/\/secure.gravatar.com\/avatar\/66edf527eac29e9a5eb25bcada01f61a?s=96&d=mm&r=g","caption":"galledia"},"url":"https:\/\/www.m-q.ch\/de\/author\/galledia\/"}]}},"_links":{"self":[{"href":"https:\/\/www.m-q.ch\/de\/wp-json\/wp\/v2\/posts\/359","targetHints":{"allow":["GET"]}}],"collection":[{"href":"https:\/\/www.m-q.ch\/de\/wp-json\/wp\/v2\/posts"}],"about":[{"href":"https:\/\/www.m-q.ch\/de\/wp-json\/wp\/v2\/types\/post"}],"author":[{"embeddable":true,"href":"https:\/\/www.m-q.ch\/de\/wp-json\/wp\/v2\/users\/1"}],"replies":[{"embeddable":true,"href":"https:\/\/www.m-q.ch\/de\/wp-json\/wp\/v2\/comments?post=359"}],"version-history":[{"count":3,"href":"https:\/\/www.m-q.ch\/de\/wp-json\/wp\/v2\/posts\/359\/revisions"}],"predecessor-version":[{"id":1170,"href":"https:\/\/www.m-q.ch\/de\/wp-json\/wp\/v2\/posts\/359\/revisions\/1170"}],"wp:featuredmedia":[{"embeddable":true,"href":"https:\/\/www.m-q.ch\/de\/wp-json\/wp\/v2\/media\/108"}],"wp:attachment":[{"href":"https:\/\/www.m-q.ch\/de\/wp-json\/wp\/v2\/media?parent=359"}],"wp:term":[{"taxonomy":"category","embeddable":true,"href":"https:\/\/www.m-q.ch\/de\/wp-json\/wp\/v2\/categories?post=359"},{"taxonomy":"post_tag","embeddable":true,"href":"https:\/\/www.m-q.ch\/de\/wp-json\/wp\/v2\/tags?post=359"}],"curies":[{"name":"wp","href":"https:\/\/api.w.org\/{rel}","templated":true}]}}