{"id":3609,"date":"2019-10-14T15:48:25","date_gmt":"2019-10-14T13:48:25","guid":{"rendered":"https:\/\/www.m-q.ch\/?p=3609"},"modified":"2019-10-17T15:55:13","modified_gmt":"2019-10-17T13:55:13","slug":"zwei-neue-technologietransferzentren","status":"publish","type":"post","link":"https:\/\/www.m-q.ch\/de\/zwei-neue-technologietransferzentren\/","title":{"rendered":"Zwei neue Technologietransferzentren"},"content":{"rendered":"<figure id=\"attachment_3610\" aria-describedby=\"caption-attachment-3610\" style=\"width: 680px\" class=\"wp-caption alignnone\"><img loading=\"lazy\" decoding=\"async\" class=\"size-medium wp-image-3610\" src=\"https:\/\/www.m-q.ch\/wp-content\/uploads\/2019\/10\/Stopperbild-AM-TTC-680x382.jpg\" alt=\"\" width=\"680\" height=\"382\" srcset=\"https:\/\/www.m-q.ch\/wp-content\/uploads\/2019\/10\/Stopperbild-AM-TTC-680x382.jpg 680w, https:\/\/www.m-q.ch\/wp-content\/uploads\/2019\/10\/Stopperbild-AM-TTC-768x432.jpg 768w, https:\/\/www.m-q.ch\/wp-content\/uploads\/2019\/10\/Stopperbild-AM-TTC-16x9.jpg 16w, https:\/\/www.m-q.ch\/wp-content\/uploads\/2019\/10\/Stopperbild-AM-TTC-311x175.jpg 311w, https:\/\/www.m-q.ch\/wp-content\/uploads\/2019\/10\/Stopperbild-AM-TTC-623x350.jpg 623w, https:\/\/www.m-q.ch\/wp-content\/uploads\/2019\/10\/Stopperbild-AM-TTC-300x169.jpg 300w, https:\/\/www.m-q.ch\/wp-content\/uploads\/2019\/10\/Stopperbild-AM-TTC-624x351.jpg 624w, https:\/\/www.m-q.ch\/wp-content\/uploads\/2019\/10\/Stopperbild-AM-TTC.jpg 870w\" sizes=\"auto, (max-width: 680px) 100vw, 680px\" \/><figcaption id=\"caption-attachment-3610\" class=\"wp-caption-text\">Produktionstechnologien sind ein Schl\u00fcssel, um die Schweiz als modernen Produktionsstandort zu erhalten. (Bild: Empa)<\/figcaption><\/figure>\n<div class=\"std-paragraph-block\">\n<div class=\"std-art-paragraph\">\n<p>Schweizer Hochschulen und Forschungseinrichtungen belegen in internationalen Forschungsrankings regelm\u00e4ssig Spitzenpositionen. Auch bei den Forschungsergebnissen und den daraus resultierenden Patenten geh\u00f6rt die Schweiz zu den f\u00fchrenden Nationen. Und dennoch finden nur wenige neue Technologien ihren Weg aus den hiesigen Forschungslaboren in die industrielle Anwendung. Hier klafft eine L\u00fccke.<\/p>\n<p>Hier setzt die Initiative zum Aufbau eines Verbunds von Schweizer Technologietransferzentren an, den sogenannten \u00abAdvanced Manufacturing Technologie Transfer Centers\u00bb (kurz AM-TTC). Die Initiative ist ein Teil des Aktionsplans \u00abDigitalisierung\u00bb des Bundes und hat zum Ziel, die Schweiz langfristig als modernen und qualitativ hochstehenden Produktionsstandort zu erhalten.<\/p>\n<p>Sie wird in der Startphase mit Mitteln des ETH-Rats unterst\u00fctzt. Die Initiative will Infrastrukturen in der Schweiz aufbauen, die dabei helfen, Technologien, die im Labor entwickelt wurden, schneller industrietauglich zu machen. Die Zentren geben Unternehmen \u2013 insbesondere auch den Schweizer KMU \u2013 einen besseren Zugang zu neuen Technologien. Die Unternehmen k\u00f6nnen die Technologien in den Zentren testen und sie dann mit Hilfe der Zentren in ihre eigene Produktion transferieren.<\/p>\n<\/div>\n<\/div>\n<p><strong>F\u00f6rderung f\u00fcr zwei Technologiezentren in der Startphase 2019\/2020<\/strong><\/p>\n<div class=\"std-art-paragraph\">\n<p>Ende September hat der Vorstand der AM-TTC Alliance, dem Dachverband der Initiative, in einem umfassenden Auswahlverfahren entschieden, von den neun Zentren, die im April 2019 eine F\u00f6rderung beantragt haben, in der Startphase 2019 \/ 2020 vorerst zwei Technologietransferzentren mit insgesamt 4.8 Millionen Franken zu f\u00f6rdern. Zudem wird der Vorstand dem SBFI empfehlen, diese beiden Zentren in den Jahren 2021 bis 2024 als Forschungseinrichtungen von nationaler Bedeutung zu f\u00f6rdern.<\/p>\n<p>Das Zentrum\u00a0<a href=\"https:\/\/www.anaxam.ch\/\" target=\"_blank\" rel=\"noopener\">ANAXAM<\/a>, das vom Paul Scherrer Institut (PSI), der Fachhochschule Nordwestschweiz (FHNW), dem Swiss Nanoscience Institute (SNI) und dem Kanton Aargau zusammen mit bislang 14 Industriepartnern realisiert wird, bietet Schweizer Industrieunternehmen k\u00fcnftig den Zugang zu modernsten Technologien zur Analyse und Charakterisierung von Materialien. Dabei baut das Zentrum auf das weltweit anerkannte Know-how des PSI im Bereich Neutronen- und R\u00f6ntgen-Analytik auf.<\/p>\n<p>Der Zugang zu diesen Technologien wird Schweizer Unternehmen bei der Entwicklung neuartiger, hoch innovativer und kompetitiver Produkte und Prozesse helfen. ANAXAM ist nicht nur f\u00fcr den Wirtschaftsstandort Schweiz von grosser Bedeutung, sondern auch f\u00fcr den Kanton Aargau mit seinem ausgepr\u00e4gten Industriesektor.<\/p>\n<p>Das zweite in der Startphase gef\u00f6rderte Zentrum ist das Swiss m4m Center. Die Mission dieses Zentrums ist es, den 3D-Druck f\u00fcr die Herstellung von medizinischen Implantaten aus Metall in der Schweiz zu etablieren und auch KMU der Schweizer Medtech-Industrie einen Zugang zu dieser innovativen Technologie zu geben.<\/p>\n<p>Das Swiss m4m Center, das in einer \u00abPublic-Private Partnership-Struktur\u00bb von der Empa und der Fachhochschule S\u00fcdschweiz (SUPSI) sowie den Industrieunternehmen 41medical und Precipart gegr\u00fcndet wurde, wird Mitten im Herzen der Schweizer Medtech-Industrie im solothurnischen Bettlach seinen Betrieb aufnehmen. Durch die enge Zusammenarbeit mit Partnern aus verschiedenen Kantonen wird das Zentrum seine Wirkung jedoch weit \u00fcber diesen Standort hinaus in der ganzen Schweiz entfalten.<\/p>\n<\/div>\n<p>Dachverband \u00abAM-TTC-Alliance\u00bb<\/p>\n<div class=\"std-art-paragraph\">\n<p>Am 4. Februar 2019 haben an der Empa in D\u00fcbendorf 22 Schweizer Forschungsinstitutionen und Industrieunternehmen den Verein \u00abAM-TTC Alliance\u00bb, den Dachverband dieser Technologietransferzentren, gegr\u00fcndet. Zu den Mitgliedern z\u00e4hlen Institutionen des ETH-Bereichs, die Fachhochschulen und andere Forschungseinrichtungen, Industrieunternehmen wie ABB, BASF, B\u00fchler, Georg Fischer, Hilti, Oerlikon, Rolex, Richemont und Siemens sowie der Industrieverband Swissmem.<\/p>\n<p><a href=\"https:\/\/www.anaxam.ch\/\">www.anaxam.ch<\/a><\/p>\n<\/div>\n<p>&nbsp;<\/p>\n<p>&nbsp;<\/p>\n","protected":false},"excerpt":{"rendered":"<p>Schweizer Hochschulen und Forschungseinrichtungen belegen in internationalen Forschungsrankings regelm\u00e4ssig Spitzenpositionen. Auch bei den Forschungsergebnissen und den daraus resultierenden Patenten geh\u00f6rt die Schweiz zu den f\u00fchrenden Nationen. Und dennoch finden nur wenige neue Technologien ihren Weg aus den hiesigen Forschungslaboren in die industrielle Anwendung. Hier klafft eine L\u00fccke. Hier setzt die Initiative zum Aufbau eines Verbunds [&hellip;]<\/p>\n","protected":false},"author":35,"featured_media":3610,"comment_status":"open","ping_status":"open","sticky":false,"template":"","format":"standard","meta":{"_acf_changed":false,"footnotes":""},"categories":[1],"tags":[4145,4144,3743,3490,4143,4142],"class_list":["post-3609","post","type-post","status-publish","format-standard","has-post-thumbnail","hentry","category-unkategorisiert","tag-bund","tag-foerdergelder","tag-forschung","tag-schweiz","tag-technologiezentren","tag-transfer"],"acf":[],"yoast_head":"<!-- This site is optimized with the Yoast SEO plugin v26.2 - https:\/\/yoast.com\/wordpress\/plugins\/seo\/ -->\n<title>Zwei neue Technologietransferzentren - MQ Management und Qualit\u00e4t<\/title>\n<meta name=\"description\" content=\"Der Dachverband zum Aufbau von Technologietransferzentren im Bereich fortschrittlicher Fertigungstechnologien etabliert zwei neue Zentren.\" \/>\n<meta name=\"robots\" content=\"index, follow, max-snippet:-1, max-image-preview:large, max-video-preview:-1\" \/>\n<link rel=\"canonical\" href=\"https:\/\/www.m-q.ch\/de\/zwei-neue-technologietransferzentren\/\" \/>\n<meta property=\"og:locale\" content=\"de_DE\" \/>\n<meta property=\"og:type\" content=\"article\" \/>\n<meta property=\"og:title\" content=\"Zwei neue Technologietransferzentren - MQ Management und Qualit\u00e4t\" \/>\n<meta property=\"og:description\" content=\"Der Dachverband zum Aufbau von Technologietransferzentren im Bereich fortschrittlicher Fertigungstechnologien etabliert zwei neue Zentren.\" \/>\n<meta property=\"og:url\" content=\"https:\/\/www.m-q.ch\/de\/zwei-neue-technologietransferzentren\/\" \/>\n<meta property=\"og:site_name\" content=\"MQ Management und Qualit\u00e4t\" \/>\n<meta property=\"article:publisher\" content=\"https:\/\/www.facebook.com\/ManagementUndQualitaet\" \/>\n<meta property=\"article:published_time\" content=\"2019-10-14T13:48:25+00:00\" \/>\n<meta property=\"article:modified_time\" content=\"2019-10-17T13:55:13+00:00\" \/>\n<meta property=\"og:image\" content=\"https:\/\/www.m-q.ch\/wp-content\/uploads\/2019\/10\/Stopperbild-AM-TTC.jpg\" \/>\n\t<meta property=\"og:image:width\" content=\"870\" \/>\n\t<meta property=\"og:image:height\" content=\"489\" \/>\n\t<meta property=\"og:image:type\" content=\"image\/jpeg\" \/>\n<meta name=\"author\" content=\"Roger Str\u00e4ssle\" \/>\n<meta name=\"twitter:card\" content=\"summary_large_image\" \/>\n<meta name=\"twitter:label1\" content=\"Verfasst von\" \/>\n\t<meta name=\"twitter:data1\" content=\"Roger Str\u00e4ssle\" \/>\n\t<meta name=\"twitter:label2\" content=\"Gesch\u00e4tzte Lesezeit\" \/>\n\t<meta name=\"twitter:data2\" content=\"3\u00a0Minuten\" \/>\n<script type=\"application\/ld+json\" class=\"yoast-schema-graph\">{\"@context\":\"https:\/\/schema.org\",\"@graph\":[{\"@type\":\"Article\",\"@id\":\"https:\/\/www.m-q.ch\/de\/zwei-neue-technologietransferzentren\/#article\",\"isPartOf\":{\"@id\":\"https:\/\/www.m-q.ch\/de\/zwei-neue-technologietransferzentren\/\"},\"author\":{\"name\":\"Roger Str\u00e4ssle\",\"@id\":\"https:\/\/www.m-q.ch\/fr\/#\/schema\/person\/47d540e081acd98ccbeb69b55df653d7\"},\"headline\":\"Zwei neue Technologietransferzentren\",\"datePublished\":\"2019-10-14T13:48:25+00:00\",\"dateModified\":\"2019-10-17T13:55:13+00:00\",\"mainEntityOfPage\":{\"@id\":\"https:\/\/www.m-q.ch\/de\/zwei-neue-technologietransferzentren\/\"},\"wordCount\":547,\"commentCount\":0,\"publisher\":{\"@id\":\"https:\/\/www.m-q.ch\/fr\/#organization\"},\"image\":{\"@id\":\"https:\/\/www.m-q.ch\/de\/zwei-neue-technologietransferzentren\/#primaryimage\"},\"thumbnailUrl\":\"https:\/\/www.m-q.ch\/wp-content\/uploads\/2019\/10\/Stopperbild-AM-TTC.jpg\",\"keywords\":[\"Bund\",\"F\u00f6rdergelder\",\"Forschung\",\"Schweiz\",\"Technologiezentren\",\"Transfer\"],\"articleSection\":[\"Unkategorisiert\"],\"inLanguage\":\"de\"},{\"@type\":\"WebPage\",\"@id\":\"https:\/\/www.m-q.ch\/de\/zwei-neue-technologietransferzentren\/\",\"url\":\"https:\/\/www.m-q.ch\/de\/zwei-neue-technologietransferzentren\/\",\"name\":\"Zwei neue Technologietransferzentren - MQ Management und Qualit\u00e4t\",\"isPartOf\":{\"@id\":\"https:\/\/www.m-q.ch\/fr\/#website\"},\"primaryImageOfPage\":{\"@id\":\"https:\/\/www.m-q.ch\/de\/zwei-neue-technologietransferzentren\/#primaryimage\"},\"image\":{\"@id\":\"https:\/\/www.m-q.ch\/de\/zwei-neue-technologietransferzentren\/#primaryimage\"},\"thumbnailUrl\":\"https:\/\/www.m-q.ch\/wp-content\/uploads\/2019\/10\/Stopperbild-AM-TTC.jpg\",\"datePublished\":\"2019-10-14T13:48:25+00:00\",\"dateModified\":\"2019-10-17T13:55:13+00:00\",\"description\":\"Der Dachverband zum Aufbau von Technologietransferzentren im Bereich fortschrittlicher Fertigungstechnologien etabliert zwei neue Zentren.\",\"breadcrumb\":{\"@id\":\"https:\/\/www.m-q.ch\/de\/zwei-neue-technologietransferzentren\/#breadcrumb\"},\"inLanguage\":\"de\",\"potentialAction\":[{\"@type\":\"ReadAction\",\"target\":[\"https:\/\/www.m-q.ch\/de\/zwei-neue-technologietransferzentren\/\"]}]},{\"@type\":\"ImageObject\",\"inLanguage\":\"de\",\"@id\":\"https:\/\/www.m-q.ch\/de\/zwei-neue-technologietransferzentren\/#primaryimage\",\"url\":\"https:\/\/www.m-q.ch\/wp-content\/uploads\/2019\/10\/Stopperbild-AM-TTC.jpg\",\"contentUrl\":\"https:\/\/www.m-q.ch\/wp-content\/uploads\/2019\/10\/Stopperbild-AM-TTC.jpg\",\"width\":870,\"height\":489,\"caption\":\"Produktionstechnologien sind ein Schl\u00fcssel, um die Schweiz als modernen Produktionsstandort zu erhalten. (Bild: Empa)\"},{\"@type\":\"BreadcrumbList\",\"@id\":\"https:\/\/www.m-q.ch\/de\/zwei-neue-technologietransferzentren\/#breadcrumb\",\"itemListElement\":[{\"@type\":\"ListItem\",\"position\":1,\"name\":\"Unkategorisiert\",\"item\":\"https:\/\/www.m-q.ch\/it\/categoria\/senza-categoria\/\"},{\"@type\":\"ListItem\",\"position\":2,\"name\":\"Zwei neue Technologietransferzentren\"}]},{\"@type\":\"WebSite\",\"@id\":\"https:\/\/www.m-q.ch\/fr\/#website\",\"url\":\"https:\/\/www.m-q.ch\/fr\/\",\"name\":\"MQ Management und Qualit\u00e4t\",\"description\":\"Plattform f\u00fcr integrierte Managementsysteme.\",\"publisher\":{\"@id\":\"https:\/\/www.m-q.ch\/fr\/#organization\"},\"potentialAction\":[{\"@type\":\"SearchAction\",\"target\":{\"@type\":\"EntryPoint\",\"urlTemplate\":\"https:\/\/www.m-q.ch\/fr\/?s={search_term_string}\"},\"query-input\":{\"@type\":\"PropertyValueSpecification\",\"valueRequired\":true,\"valueName\":\"search_term_string\"}}],\"inLanguage\":\"de\"},{\"@type\":\"Organization\",\"@id\":\"https:\/\/www.m-q.ch\/fr\/#organization\",\"name\":\"Galledia Fachmedien AG\",\"url\":\"https:\/\/www.m-q.ch\/fr\/\",\"logo\":{\"@type\":\"ImageObject\",\"inLanguage\":\"de\",\"@id\":\"https:\/\/www.m-q.ch\/fr\/#\/schema\/logo\/image\/\",\"url\":\"https:\/\/www.m-q.ch\/wp-content\/uploads\/2020\/12\/cropped-logo_small.png\",\"contentUrl\":\"https:\/\/www.m-q.ch\/wp-content\/uploads\/2020\/12\/cropped-logo_small.png\",\"width\":512,\"height\":512,\"caption\":\"Galledia Fachmedien AG\"},\"image\":{\"@id\":\"https:\/\/www.m-q.ch\/fr\/#\/schema\/logo\/image\/\"},\"sameAs\":[\"https:\/\/www.facebook.com\/ManagementUndQualitaet\",\"https:\/\/www.linkedin.com\/showcase\/17982321\/admin\/\"]},{\"@type\":\"Person\",\"@id\":\"https:\/\/www.m-q.ch\/fr\/#\/schema\/person\/47d540e081acd98ccbeb69b55df653d7\",\"name\":\"Roger Str\u00e4ssle\",\"image\":{\"@type\":\"ImageObject\",\"inLanguage\":\"de\",\"@id\":\"https:\/\/www.m-q.ch\/fr\/#\/schema\/person\/image\/\",\"url\":\"https:\/\/secure.gravatar.com\/avatar\/e4dde3046d8a184d2e2d27651a418883?s=96&d=mm&r=g\",\"contentUrl\":\"https:\/\/secure.gravatar.com\/avatar\/e4dde3046d8a184d2e2d27651a418883?s=96&d=mm&r=g\",\"caption\":\"Roger Str\u00e4ssle\"},\"url\":\"https:\/\/www.m-q.ch\/de\/author\/roger-straessle\/\"}]}<\/script>\n<!-- \/ Yoast SEO plugin. -->","yoast_head_json":{"title":"Zwei neue Technologietransferzentren - MQ Management und Qualit\u00e4t","description":"Der Dachverband zum Aufbau von Technologietransferzentren im Bereich fortschrittlicher Fertigungstechnologien etabliert zwei neue Zentren.","robots":{"index":"index","follow":"follow","max-snippet":"max-snippet:-1","max-image-preview":"max-image-preview:large","max-video-preview":"max-video-preview:-1"},"canonical":"https:\/\/www.m-q.ch\/de\/zwei-neue-technologietransferzentren\/","og_locale":"de_DE","og_type":"article","og_title":"Zwei neue Technologietransferzentren - MQ Management und Qualit\u00e4t","og_description":"Der Dachverband zum Aufbau von Technologietransferzentren im Bereich fortschrittlicher Fertigungstechnologien etabliert zwei neue Zentren.","og_url":"https:\/\/www.m-q.ch\/de\/zwei-neue-technologietransferzentren\/","og_site_name":"MQ Management und Qualit\u00e4t","article_publisher":"https:\/\/www.facebook.com\/ManagementUndQualitaet","article_published_time":"2019-10-14T13:48:25+00:00","article_modified_time":"2019-10-17T13:55:13+00:00","og_image":[{"width":870,"height":489,"url":"https:\/\/www.m-q.ch\/wp-content\/uploads\/2019\/10\/Stopperbild-AM-TTC.jpg","type":"image\/jpeg"}],"author":"Roger Str\u00e4ssle","twitter_card":"summary_large_image","twitter_misc":{"Verfasst von":"Roger Str\u00e4ssle","Gesch\u00e4tzte Lesezeit":"3\u00a0Minuten"},"schema":{"@context":"https:\/\/schema.org","@graph":[{"@type":"Article","@id":"https:\/\/www.m-q.ch\/de\/zwei-neue-technologietransferzentren\/#article","isPartOf":{"@id":"https:\/\/www.m-q.ch\/de\/zwei-neue-technologietransferzentren\/"},"author":{"name":"Roger Str\u00e4ssle","@id":"https:\/\/www.m-q.ch\/fr\/#\/schema\/person\/47d540e081acd98ccbeb69b55df653d7"},"headline":"Zwei neue Technologietransferzentren","datePublished":"2019-10-14T13:48:25+00:00","dateModified":"2019-10-17T13:55:13+00:00","mainEntityOfPage":{"@id":"https:\/\/www.m-q.ch\/de\/zwei-neue-technologietransferzentren\/"},"wordCount":547,"commentCount":0,"publisher":{"@id":"https:\/\/www.m-q.ch\/fr\/#organization"},"image":{"@id":"https:\/\/www.m-q.ch\/de\/zwei-neue-technologietransferzentren\/#primaryimage"},"thumbnailUrl":"https:\/\/www.m-q.ch\/wp-content\/uploads\/2019\/10\/Stopperbild-AM-TTC.jpg","keywords":["Bund","F\u00f6rdergelder","Forschung","Schweiz","Technologiezentren","Transfer"],"articleSection":["Unkategorisiert"],"inLanguage":"de"},{"@type":"WebPage","@id":"https:\/\/www.m-q.ch\/de\/zwei-neue-technologietransferzentren\/","url":"https:\/\/www.m-q.ch\/de\/zwei-neue-technologietransferzentren\/","name":"Zwei neue Technologietransferzentren - MQ Management und Qualit\u00e4t","isPartOf":{"@id":"https:\/\/www.m-q.ch\/fr\/#website"},"primaryImageOfPage":{"@id":"https:\/\/www.m-q.ch\/de\/zwei-neue-technologietransferzentren\/#primaryimage"},"image":{"@id":"https:\/\/www.m-q.ch\/de\/zwei-neue-technologietransferzentren\/#primaryimage"},"thumbnailUrl":"https:\/\/www.m-q.ch\/wp-content\/uploads\/2019\/10\/Stopperbild-AM-TTC.jpg","datePublished":"2019-10-14T13:48:25+00:00","dateModified":"2019-10-17T13:55:13+00:00","description":"Der Dachverband zum Aufbau von Technologietransferzentren im Bereich fortschrittlicher Fertigungstechnologien etabliert zwei neue Zentren.","breadcrumb":{"@id":"https:\/\/www.m-q.ch\/de\/zwei-neue-technologietransferzentren\/#breadcrumb"},"inLanguage":"de","potentialAction":[{"@type":"ReadAction","target":["https:\/\/www.m-q.ch\/de\/zwei-neue-technologietransferzentren\/"]}]},{"@type":"ImageObject","inLanguage":"de","@id":"https:\/\/www.m-q.ch\/de\/zwei-neue-technologietransferzentren\/#primaryimage","url":"https:\/\/www.m-q.ch\/wp-content\/uploads\/2019\/10\/Stopperbild-AM-TTC.jpg","contentUrl":"https:\/\/www.m-q.ch\/wp-content\/uploads\/2019\/10\/Stopperbild-AM-TTC.jpg","width":870,"height":489,"caption":"Produktionstechnologien sind ein Schl\u00fcssel, um die Schweiz als modernen Produktionsstandort zu erhalten. (Bild: Empa)"},{"@type":"BreadcrumbList","@id":"https:\/\/www.m-q.ch\/de\/zwei-neue-technologietransferzentren\/#breadcrumb","itemListElement":[{"@type":"ListItem","position":1,"name":"Unkategorisiert","item":"https:\/\/www.m-q.ch\/it\/categoria\/senza-categoria\/"},{"@type":"ListItem","position":2,"name":"Zwei neue Technologietransferzentren"}]},{"@type":"WebSite","@id":"https:\/\/www.m-q.ch\/fr\/#website","url":"https:\/\/www.m-q.ch\/fr\/","name":"MQ Management und Qualit\u00e4t","description":"Plattform f\u00fcr integrierte Managementsysteme.","publisher":{"@id":"https:\/\/www.m-q.ch\/fr\/#organization"},"potentialAction":[{"@type":"SearchAction","target":{"@type":"EntryPoint","urlTemplate":"https:\/\/www.m-q.ch\/fr\/?s={search_term_string}"},"query-input":{"@type":"PropertyValueSpecification","valueRequired":true,"valueName":"search_term_string"}}],"inLanguage":"de"},{"@type":"Organization","@id":"https:\/\/www.m-q.ch\/fr\/#organization","name":"Galledia Fachmedien AG","url":"https:\/\/www.m-q.ch\/fr\/","logo":{"@type":"ImageObject","inLanguage":"de","@id":"https:\/\/www.m-q.ch\/fr\/#\/schema\/logo\/image\/","url":"https:\/\/www.m-q.ch\/wp-content\/uploads\/2020\/12\/cropped-logo_small.png","contentUrl":"https:\/\/www.m-q.ch\/wp-content\/uploads\/2020\/12\/cropped-logo_small.png","width":512,"height":512,"caption":"Galledia Fachmedien AG"},"image":{"@id":"https:\/\/www.m-q.ch\/fr\/#\/schema\/logo\/image\/"},"sameAs":["https:\/\/www.facebook.com\/ManagementUndQualitaet","https:\/\/www.linkedin.com\/showcase\/17982321\/admin\/"]},{"@type":"Person","@id":"https:\/\/www.m-q.ch\/fr\/#\/schema\/person\/47d540e081acd98ccbeb69b55df653d7","name":"Roger Str\u00e4ssle","image":{"@type":"ImageObject","inLanguage":"de","@id":"https:\/\/www.m-q.ch\/fr\/#\/schema\/person\/image\/","url":"https:\/\/secure.gravatar.com\/avatar\/e4dde3046d8a184d2e2d27651a418883?s=96&d=mm&r=g","contentUrl":"https:\/\/secure.gravatar.com\/avatar\/e4dde3046d8a184d2e2d27651a418883?s=96&d=mm&r=g","caption":"Roger Str\u00e4ssle"},"url":"https:\/\/www.m-q.ch\/de\/author\/roger-straessle\/"}]}},"_links":{"self":[{"href":"https:\/\/www.m-q.ch\/de\/wp-json\/wp\/v2\/posts\/3609","targetHints":{"allow":["GET"]}}],"collection":[{"href":"https:\/\/www.m-q.ch\/de\/wp-json\/wp\/v2\/posts"}],"about":[{"href":"https:\/\/www.m-q.ch\/de\/wp-json\/wp\/v2\/types\/post"}],"author":[{"embeddable":true,"href":"https:\/\/www.m-q.ch\/de\/wp-json\/wp\/v2\/users\/35"}],"replies":[{"embeddable":true,"href":"https:\/\/www.m-q.ch\/de\/wp-json\/wp\/v2\/comments?post=3609"}],"version-history":[{"count":1,"href":"https:\/\/www.m-q.ch\/de\/wp-json\/wp\/v2\/posts\/3609\/revisions"}],"predecessor-version":[{"id":3611,"href":"https:\/\/www.m-q.ch\/de\/wp-json\/wp\/v2\/posts\/3609\/revisions\/3611"}],"wp:featuredmedia":[{"embeddable":true,"href":"https:\/\/www.m-q.ch\/de\/wp-json\/wp\/v2\/media\/3610"}],"wp:attachment":[{"href":"https:\/\/www.m-q.ch\/de\/wp-json\/wp\/v2\/media?parent=3609"}],"wp:term":[{"taxonomy":"category","embeddable":true,"href":"https:\/\/www.m-q.ch\/de\/wp-json\/wp\/v2\/categories?post=3609"},{"taxonomy":"post_tag","embeddable":true,"href":"https:\/\/www.m-q.ch\/de\/wp-json\/wp\/v2\/tags?post=3609"}],"curies":[{"name":"wp","href":"https:\/\/api.w.org\/{rel}","templated":true}]}}