{"id":392,"date":"2016-04-28T13:30:20","date_gmt":"2016-04-28T11:30:20","guid":{"rendered":"http:\/\/dev.m-q.ch\/?p=392"},"modified":"2017-03-01T14:40:49","modified_gmt":"2017-03-01T13:40:49","slug":"weleda-gewinnt-swiss-ethics-award","status":"publish","type":"post","link":"https:\/\/www.m-q.ch\/de\/weleda-gewinnt-swiss-ethics-award\/","title":{"rendered":"Weleda gewinnt Swiss Ethics Award"},"content":{"rendered":"<figure id=\"attachment_250\" aria-describedby=\"caption-attachment-250\" style=\"width: 680px\" class=\"wp-caption alignnone\"><a href=\"https:\/\/m-q.ch\/wp-content\/uploads\/2016\/12\/Weleda-gewinnt-Swiss-Ethics-Award-management-und-qualitaet.jpg\"><img loading=\"lazy\" decoding=\"async\" class=\"wp-image-250 size-medium\" src=\"https:\/\/www.m-q.ch\/wp-content\/uploads\/2016\/12\/Weleda-gewinnt-Swiss-Ethics-Award-management-und-qualitaet-680x383.jpg\" width=\"680\" height=\"383\" srcset=\"https:\/\/www.m-q.ch\/wp-content\/uploads\/2016\/12\/Weleda-gewinnt-Swiss-Ethics-Award-management-und-qualitaet-680x383.jpg 680w, https:\/\/www.m-q.ch\/wp-content\/uploads\/2016\/12\/Weleda-gewinnt-Swiss-Ethics-Award-management-und-qualitaet-768x432.jpg 768w, https:\/\/www.m-q.ch\/wp-content\/uploads\/2016\/12\/Weleda-gewinnt-Swiss-Ethics-Award-management-und-qualitaet-16x9.jpg 16w, https:\/\/www.m-q.ch\/wp-content\/uploads\/2016\/12\/Weleda-gewinnt-Swiss-Ethics-Award-management-und-qualitaet-311x175.jpg 311w, https:\/\/www.m-q.ch\/wp-content\/uploads\/2016\/12\/Weleda-gewinnt-Swiss-Ethics-Award-management-und-qualitaet-622x350.jpg 622w, https:\/\/www.m-q.ch\/wp-content\/uploads\/2016\/12\/Weleda-gewinnt-Swiss-Ethics-Award-management-und-qualitaet-920x518.jpg 920w, https:\/\/www.m-q.ch\/wp-content\/uploads\/2016\/12\/Weleda-gewinnt-Swiss-Ethics-Award-management-und-qualitaet-300x169.jpg 300w, https:\/\/www.m-q.ch\/wp-content\/uploads\/2016\/12\/Weleda-gewinnt-Swiss-Ethics-Award-management-und-qualitaet-624x351.jpg 624w, https:\/\/www.m-q.ch\/wp-content\/uploads\/2016\/12\/Weleda-gewinnt-Swiss-Ethics-Award-management-und-qualitaet.jpg 1000w\" sizes=\"auto, (max-width: 680px) 100vw, 680px\" \/><\/a><figcaption id=\"caption-attachment-250\" class=\"wp-caption-text\">Das Winner-Team: Weleda AG (Bild: Mediaktion)<\/figcaption><\/figure>\n<p>Der Swiss Ethics Award zeichnet Projekte aus, die im Bereich der Wirtschaft neue ethische Massst\u00e4be setzen. Der Award wird alle zwei Jahre durch das Swiss Excellence Forum verliehen. Am 20. April 2016 fand die Preisverleihung im Rahmen der Schweizer Unternehmertagung im KKL Luzern statt. Die ethische Verantwortung der Wirtschaft stand im Zentrum der Referate von Nadja Lang, Gesch\u00e4ftsleiterin Max Havelaar-Stiftung (Schweiz), Roger de Weck, Generaldirektor SRG und Prof. Dr. Dr. Franz Josef Radermacher, Institut f\u00fcr Datenbanken und k\u00fcnstliche Intelligenz, Universit\u00e4t Ulm.<\/p>\n<p><strong>Beitrag zur Erhaltung der Biodiversit\u00e4t<\/strong><\/p>\n<p>Nach der Migros (2014) holte sich Weleda den Ethik-Preis mit ihrem Projekt \u201eEthische Beschaffung nat\u00fcrlicher Rohstoffe&#8220;. Seit 2010 ist Weleda Mitglied bei der UEBT. Die Mitgliedschaft erfordert die Entwicklung und Umsetzung eines \u201eBiodiversity Management Systems&#8220;, das dem Unternehmen und seinen Lieferketten als Instrument f\u00fcr ein kontinuierliches Monitoring und graduellen Verbesserungsprozess dienen soll. Wie komplex die Umsetzung dieses Systems ist, zeigen die sieben Prinzipien, die dem UEBT-Standard zugrunde liegen. So wird u.a. die Erhaltung der Biodiversit\u00e4t gefordert (Massnahmen zum Schutz der Artenvielfalt), die nachhaltige Nutzung der biologischen Vielfalt, die sozio-\u00f6konomische Nachhaltigkeit bei den Lieferanten (Sicherung von Nachhaltigkeit und Wirtschaftlichkeit), Access- and Benefit-sharing (gerechte Verteilung des Gewinns, der durch die Nutzung von landestypischen Rohstoffen oder traditionellem Wissen erzielt wird) oder Respekt f\u00fcr die Rechte der Akteure, die in die BioTrade Aktivit\u00e4ten involviert sind (z.B. Sicherheitstrainings und Schulungen, Ausschluss von Diskriminierungen usw.).<\/p>\n<p><strong>Soziales Engagement ausgezeichnet<\/strong><\/p>\n<p>Die Gradlinigkeit und Konsequenz, mit der Weleda ihre Verantwortung gegen\u00fcber Mensch und Umwelt wahrnimmt und ihr Mut, sich dabei auch auf potenziell kontroverse und ergebnisoffene Lernprozesse einzulassen, wird von der Jury als herausragende Leistung ausgezeichnet und gew\u00fcrdigt.<\/p>\n<p>F\u00fcr den Preis nominiert waren auch die Despite GmbH und Die Sozialfirma AG. Despite hat ein innovatives Assessment f\u00fcr Vertrauenspersonen entwickelt. Die Sozialfirma vereint mit ihrem Gesch\u00e4ftsmodell soziales Engagement und wirtschaftliches Handeln und integriert damit handicapierte Arbeitnehmer in den ersten Arbeitsmarkt.<\/p>\n<p><a href=\"http:\/\/www.swiss-excellence-forum.ch\" target=\"_blank\" data-cke-saved-href=\"http:\/\/www.swiss-excellence-forum.ch\"><em>www.swiss-excellence-forum.ch<\/em><\/a><\/p>\n","protected":false},"excerpt":{"rendered":"<p>Der Swiss Ethics Award zeichnet Projekte aus, die im Bereich der Wirtschaft neue ethische Massst\u00e4be setzen. Der Award wird alle zwei Jahre durch das Swiss Excellence Forum verliehen. Am 20. April 2016 fand die Preisverleihung im Rahmen der Schweizer Unternehmertagung im KKL Luzern statt. Die ethische Verantwortung der Wirtschaft stand im Zentrum der Referate von [&hellip;]<\/p>\n","protected":false},"author":1,"featured_media":250,"comment_status":"open","ping_status":"open","sticky":false,"template":"","format":"standard","meta":{"_acf_changed":false,"footnotes":""},"categories":[5],"tags":[3328,3342,3352],"class_list":["post-392","post","type-post","status-publish","format-standard","has-post-thumbnail","hentry","category-business_excellence","tag-business-excellence","tag-fachkongressfachmesse","tag-unternehmen"],"acf":[],"yoast_head":"<!-- This site is optimized with the Yoast SEO plugin v26.2 - https:\/\/yoast.com\/wordpress\/plugins\/seo\/ -->\n<title>Weleda gewinnt Swiss Ethics Award - MQ Management und Qualit\u00e4t<\/title>\n<meta name=\"description\" content=\"Seit der Gr\u00fcndung im Jahr 1921 ist die \u00dcbernahme von sozialer, \u00f6kologischer und wirtschaftlicher Verantwortung zentral f\u00fcr Weleda.\" \/>\n<meta name=\"robots\" content=\"index, follow, max-snippet:-1, max-image-preview:large, max-video-preview:-1\" \/>\n<link rel=\"canonical\" href=\"https:\/\/www.m-q.ch\/de\/weleda-gewinnt-swiss-ethics-award\/\" \/>\n<meta property=\"og:locale\" content=\"de_DE\" \/>\n<meta property=\"og:type\" content=\"article\" \/>\n<meta property=\"og:title\" content=\"Weleda gewinnt Swiss Ethics Award - MQ Management und Qualit\u00e4t\" \/>\n<meta property=\"og:description\" content=\"Seit der Gr\u00fcndung im Jahr 1921 ist die \u00dcbernahme von sozialer, \u00f6kologischer und wirtschaftlicher Verantwortung zentral f\u00fcr Weleda.\" \/>\n<meta property=\"og:url\" content=\"https:\/\/www.m-q.ch\/de\/weleda-gewinnt-swiss-ethics-award\/\" \/>\n<meta property=\"og:site_name\" content=\"MQ Management und Qualit\u00e4t\" \/>\n<meta property=\"article:publisher\" content=\"https:\/\/www.facebook.com\/ManagementUndQualitaet\" \/>\n<meta property=\"article:published_time\" content=\"2016-04-28T11:30:20+00:00\" \/>\n<meta property=\"article:modified_time\" content=\"2017-03-01T13:40:49+00:00\" \/>\n<meta property=\"og:image\" content=\"https:\/\/www.m-q.ch\/wp-content\/uploads\/2016\/12\/Weleda-gewinnt-Swiss-Ethics-Award-management-und-qualitaet.jpg\" \/>\n\t<meta property=\"og:image:width\" content=\"1000\" \/>\n\t<meta property=\"og:image:height\" content=\"563\" \/>\n\t<meta property=\"og:image:type\" content=\"image\/jpeg\" \/>\n<meta name=\"author\" content=\"galledia\" \/>\n<meta name=\"twitter:card\" content=\"summary_large_image\" \/>\n<meta name=\"twitter:label1\" content=\"Verfasst von\" \/>\n\t<meta name=\"twitter:data1\" content=\"galledia\" \/>\n\t<meta name=\"twitter:label2\" content=\"Gesch\u00e4tzte Lesezeit\" \/>\n\t<meta name=\"twitter:data2\" content=\"2\u00a0Minuten\" \/>\n<script type=\"application\/ld+json\" class=\"yoast-schema-graph\">{\"@context\":\"https:\/\/schema.org\",\"@graph\":[{\"@type\":\"Article\",\"@id\":\"https:\/\/www.m-q.ch\/weleda-gewinnt-swiss-ethics-award\/#article\",\"isPartOf\":{\"@id\":\"https:\/\/www.m-q.ch\/weleda-gewinnt-swiss-ethics-award\/\"},\"author\":{\"name\":\"galledia\",\"@id\":\"https:\/\/www.m-q.ch\/fr\/#\/schema\/person\/c0139a2c55a374db6df2cde78ec87148\"},\"headline\":\"Weleda gewinnt Swiss Ethics Award\",\"datePublished\":\"2016-04-28T11:30:20+00:00\",\"dateModified\":\"2017-03-01T13:40:49+00:00\",\"mainEntityOfPage\":{\"@id\":\"https:\/\/www.m-q.ch\/weleda-gewinnt-swiss-ethics-award\/\"},\"wordCount\":342,\"commentCount\":0,\"publisher\":{\"@id\":\"https:\/\/www.m-q.ch\/fr\/#organization\"},\"image\":{\"@id\":\"https:\/\/www.m-q.ch\/weleda-gewinnt-swiss-ethics-award\/#primaryimage\"},\"thumbnailUrl\":\"https:\/\/www.m-q.ch\/wp-content\/uploads\/2016\/12\/Weleda-gewinnt-Swiss-Ethics-Award-management-und-qualitaet.jpg\",\"keywords\":[\"Business Excellence\",\"Fachkongress\/Fachmesse\",\"Unternehmen\"],\"articleSection\":[\"Business Excellence\"],\"inLanguage\":\"de\"},{\"@type\":\"WebPage\",\"@id\":\"https:\/\/www.m-q.ch\/weleda-gewinnt-swiss-ethics-award\/\",\"url\":\"https:\/\/www.m-q.ch\/weleda-gewinnt-swiss-ethics-award\/\",\"name\":\"Weleda gewinnt Swiss Ethics Award - MQ Management und Qualit\u00e4t\",\"isPartOf\":{\"@id\":\"https:\/\/www.m-q.ch\/fr\/#website\"},\"primaryImageOfPage\":{\"@id\":\"https:\/\/www.m-q.ch\/weleda-gewinnt-swiss-ethics-award\/#primaryimage\"},\"image\":{\"@id\":\"https:\/\/www.m-q.ch\/weleda-gewinnt-swiss-ethics-award\/#primaryimage\"},\"thumbnailUrl\":\"https:\/\/www.m-q.ch\/wp-content\/uploads\/2016\/12\/Weleda-gewinnt-Swiss-Ethics-Award-management-und-qualitaet.jpg\",\"datePublished\":\"2016-04-28T11:30:20+00:00\",\"dateModified\":\"2017-03-01T13:40:49+00:00\",\"description\":\"Seit der Gr\u00fcndung im Jahr 1921 ist die \u00dcbernahme von sozialer, \u00f6kologischer und wirtschaftlicher Verantwortung zentral f\u00fcr Weleda.\",\"breadcrumb\":{\"@id\":\"https:\/\/www.m-q.ch\/weleda-gewinnt-swiss-ethics-award\/#breadcrumb\"},\"inLanguage\":\"de\",\"potentialAction\":[{\"@type\":\"ReadAction\",\"target\":[\"https:\/\/www.m-q.ch\/weleda-gewinnt-swiss-ethics-award\/\"]}]},{\"@type\":\"ImageObject\",\"inLanguage\":\"de\",\"@id\":\"https:\/\/www.m-q.ch\/weleda-gewinnt-swiss-ethics-award\/#primaryimage\",\"url\":\"https:\/\/www.m-q.ch\/wp-content\/uploads\/2016\/12\/Weleda-gewinnt-Swiss-Ethics-Award-management-und-qualitaet.jpg\",\"contentUrl\":\"https:\/\/www.m-q.ch\/wp-content\/uploads\/2016\/12\/Weleda-gewinnt-Swiss-Ethics-Award-management-und-qualitaet.jpg\",\"width\":1000,\"height\":563,\"caption\":\"Das Winner-Team: Weleda AG (Bild: Mediaktion)\"},{\"@type\":\"BreadcrumbList\",\"@id\":\"https:\/\/www.m-q.ch\/weleda-gewinnt-swiss-ethics-award\/#breadcrumb\",\"itemListElement\":[{\"@type\":\"ListItem\",\"position\":1,\"name\":\"Business Excellence\",\"item\":\"https:\/\/www.m-q.ch\/kategorie\/business_excellence\/\"},{\"@type\":\"ListItem\",\"position\":2,\"name\":\"Weleda gewinnt Swiss Ethics Award\"}]},{\"@type\":\"WebSite\",\"@id\":\"https:\/\/www.m-q.ch\/fr\/#website\",\"url\":\"https:\/\/www.m-q.ch\/fr\/\",\"name\":\"MQ Management und Qualit\u00e4t\",\"description\":\"Plattform f\u00fcr integrierte Managementsysteme.\",\"publisher\":{\"@id\":\"https:\/\/www.m-q.ch\/fr\/#organization\"},\"potentialAction\":[{\"@type\":\"SearchAction\",\"target\":{\"@type\":\"EntryPoint\",\"urlTemplate\":\"https:\/\/www.m-q.ch\/fr\/?s={search_term_string}\"},\"query-input\":{\"@type\":\"PropertyValueSpecification\",\"valueRequired\":true,\"valueName\":\"search_term_string\"}}],\"inLanguage\":\"de\"},{\"@type\":\"Organization\",\"@id\":\"https:\/\/www.m-q.ch\/fr\/#organization\",\"name\":\"Galledia Fachmedien AG\",\"url\":\"https:\/\/www.m-q.ch\/fr\/\",\"logo\":{\"@type\":\"ImageObject\",\"inLanguage\":\"de\",\"@id\":\"https:\/\/www.m-q.ch\/fr\/#\/schema\/logo\/image\/\",\"url\":\"https:\/\/www.m-q.ch\/wp-content\/uploads\/2020\/12\/cropped-logo_small.png\",\"contentUrl\":\"https:\/\/www.m-q.ch\/wp-content\/uploads\/2020\/12\/cropped-logo_small.png\",\"width\":512,\"height\":512,\"caption\":\"Galledia Fachmedien AG\"},\"image\":{\"@id\":\"https:\/\/www.m-q.ch\/fr\/#\/schema\/logo\/image\/\"},\"sameAs\":[\"https:\/\/www.facebook.com\/ManagementUndQualitaet\",\"https:\/\/www.linkedin.com\/showcase\/17982321\/admin\/\"]},{\"@type\":\"Person\",\"@id\":\"https:\/\/www.m-q.ch\/fr\/#\/schema\/person\/c0139a2c55a374db6df2cde78ec87148\",\"name\":\"galledia\",\"image\":{\"@type\":\"ImageObject\",\"inLanguage\":\"de\",\"@id\":\"https:\/\/www.m-q.ch\/fr\/#\/schema\/person\/image\/\",\"url\":\"https:\/\/secure.gravatar.com\/avatar\/66edf527eac29e9a5eb25bcada01f61a?s=96&d=mm&r=g\",\"contentUrl\":\"https:\/\/secure.gravatar.com\/avatar\/66edf527eac29e9a5eb25bcada01f61a?s=96&d=mm&r=g\",\"caption\":\"galledia\"},\"url\":\"https:\/\/www.m-q.ch\/de\/author\/galledia\/\"}]}<\/script>\n<!-- \/ Yoast SEO plugin. -->","yoast_head_json":{"title":"Weleda gewinnt Swiss Ethics Award - MQ Management und Qualit\u00e4t","description":"Seit der Gr\u00fcndung im Jahr 1921 ist die \u00dcbernahme von sozialer, \u00f6kologischer und wirtschaftlicher Verantwortung zentral f\u00fcr Weleda.","robots":{"index":"index","follow":"follow","max-snippet":"max-snippet:-1","max-image-preview":"max-image-preview:large","max-video-preview":"max-video-preview:-1"},"canonical":"https:\/\/www.m-q.ch\/de\/weleda-gewinnt-swiss-ethics-award\/","og_locale":"de_DE","og_type":"article","og_title":"Weleda gewinnt Swiss Ethics Award - MQ Management und Qualit\u00e4t","og_description":"Seit der Gr\u00fcndung im Jahr 1921 ist die \u00dcbernahme von sozialer, \u00f6kologischer und wirtschaftlicher Verantwortung zentral f\u00fcr Weleda.","og_url":"https:\/\/www.m-q.ch\/de\/weleda-gewinnt-swiss-ethics-award\/","og_site_name":"MQ Management und Qualit\u00e4t","article_publisher":"https:\/\/www.facebook.com\/ManagementUndQualitaet","article_published_time":"2016-04-28T11:30:20+00:00","article_modified_time":"2017-03-01T13:40:49+00:00","og_image":[{"width":1000,"height":563,"url":"https:\/\/www.m-q.ch\/wp-content\/uploads\/2016\/12\/Weleda-gewinnt-Swiss-Ethics-Award-management-und-qualitaet.jpg","type":"image\/jpeg"}],"author":"galledia","twitter_card":"summary_large_image","twitter_misc":{"Verfasst von":"galledia","Gesch\u00e4tzte Lesezeit":"2\u00a0Minuten"},"schema":{"@context":"https:\/\/schema.org","@graph":[{"@type":"Article","@id":"https:\/\/www.m-q.ch\/weleda-gewinnt-swiss-ethics-award\/#article","isPartOf":{"@id":"https:\/\/www.m-q.ch\/weleda-gewinnt-swiss-ethics-award\/"},"author":{"name":"galledia","@id":"https:\/\/www.m-q.ch\/fr\/#\/schema\/person\/c0139a2c55a374db6df2cde78ec87148"},"headline":"Weleda gewinnt Swiss Ethics Award","datePublished":"2016-04-28T11:30:20+00:00","dateModified":"2017-03-01T13:40:49+00:00","mainEntityOfPage":{"@id":"https:\/\/www.m-q.ch\/weleda-gewinnt-swiss-ethics-award\/"},"wordCount":342,"commentCount":0,"publisher":{"@id":"https:\/\/www.m-q.ch\/fr\/#organization"},"image":{"@id":"https:\/\/www.m-q.ch\/weleda-gewinnt-swiss-ethics-award\/#primaryimage"},"thumbnailUrl":"https:\/\/www.m-q.ch\/wp-content\/uploads\/2016\/12\/Weleda-gewinnt-Swiss-Ethics-Award-management-und-qualitaet.jpg","keywords":["Business Excellence","Fachkongress\/Fachmesse","Unternehmen"],"articleSection":["Business Excellence"],"inLanguage":"de"},{"@type":"WebPage","@id":"https:\/\/www.m-q.ch\/weleda-gewinnt-swiss-ethics-award\/","url":"https:\/\/www.m-q.ch\/weleda-gewinnt-swiss-ethics-award\/","name":"Weleda gewinnt Swiss Ethics Award - MQ Management und Qualit\u00e4t","isPartOf":{"@id":"https:\/\/www.m-q.ch\/fr\/#website"},"primaryImageOfPage":{"@id":"https:\/\/www.m-q.ch\/weleda-gewinnt-swiss-ethics-award\/#primaryimage"},"image":{"@id":"https:\/\/www.m-q.ch\/weleda-gewinnt-swiss-ethics-award\/#primaryimage"},"thumbnailUrl":"https:\/\/www.m-q.ch\/wp-content\/uploads\/2016\/12\/Weleda-gewinnt-Swiss-Ethics-Award-management-und-qualitaet.jpg","datePublished":"2016-04-28T11:30:20+00:00","dateModified":"2017-03-01T13:40:49+00:00","description":"Seit der Gr\u00fcndung im Jahr 1921 ist die \u00dcbernahme von sozialer, \u00f6kologischer und wirtschaftlicher Verantwortung zentral f\u00fcr Weleda.","breadcrumb":{"@id":"https:\/\/www.m-q.ch\/weleda-gewinnt-swiss-ethics-award\/#breadcrumb"},"inLanguage":"de","potentialAction":[{"@type":"ReadAction","target":["https:\/\/www.m-q.ch\/weleda-gewinnt-swiss-ethics-award\/"]}]},{"@type":"ImageObject","inLanguage":"de","@id":"https:\/\/www.m-q.ch\/weleda-gewinnt-swiss-ethics-award\/#primaryimage","url":"https:\/\/www.m-q.ch\/wp-content\/uploads\/2016\/12\/Weleda-gewinnt-Swiss-Ethics-Award-management-und-qualitaet.jpg","contentUrl":"https:\/\/www.m-q.ch\/wp-content\/uploads\/2016\/12\/Weleda-gewinnt-Swiss-Ethics-Award-management-und-qualitaet.jpg","width":1000,"height":563,"caption":"Das Winner-Team: Weleda AG (Bild: Mediaktion)"},{"@type":"BreadcrumbList","@id":"https:\/\/www.m-q.ch\/weleda-gewinnt-swiss-ethics-award\/#breadcrumb","itemListElement":[{"@type":"ListItem","position":1,"name":"Business Excellence","item":"https:\/\/www.m-q.ch\/kategorie\/business_excellence\/"},{"@type":"ListItem","position":2,"name":"Weleda gewinnt Swiss Ethics Award"}]},{"@type":"WebSite","@id":"https:\/\/www.m-q.ch\/fr\/#website","url":"https:\/\/www.m-q.ch\/fr\/","name":"MQ Management und Qualit\u00e4t","description":"Plattform f\u00fcr integrierte Managementsysteme.","publisher":{"@id":"https:\/\/www.m-q.ch\/fr\/#organization"},"potentialAction":[{"@type":"SearchAction","target":{"@type":"EntryPoint","urlTemplate":"https:\/\/www.m-q.ch\/fr\/?s={search_term_string}"},"query-input":{"@type":"PropertyValueSpecification","valueRequired":true,"valueName":"search_term_string"}}],"inLanguage":"de"},{"@type":"Organization","@id":"https:\/\/www.m-q.ch\/fr\/#organization","name":"Galledia Fachmedien AG","url":"https:\/\/www.m-q.ch\/fr\/","logo":{"@type":"ImageObject","inLanguage":"de","@id":"https:\/\/www.m-q.ch\/fr\/#\/schema\/logo\/image\/","url":"https:\/\/www.m-q.ch\/wp-content\/uploads\/2020\/12\/cropped-logo_small.png","contentUrl":"https:\/\/www.m-q.ch\/wp-content\/uploads\/2020\/12\/cropped-logo_small.png","width":512,"height":512,"caption":"Galledia Fachmedien AG"},"image":{"@id":"https:\/\/www.m-q.ch\/fr\/#\/schema\/logo\/image\/"},"sameAs":["https:\/\/www.facebook.com\/ManagementUndQualitaet","https:\/\/www.linkedin.com\/showcase\/17982321\/admin\/"]},{"@type":"Person","@id":"https:\/\/www.m-q.ch\/fr\/#\/schema\/person\/c0139a2c55a374db6df2cde78ec87148","name":"galledia","image":{"@type":"ImageObject","inLanguage":"de","@id":"https:\/\/www.m-q.ch\/fr\/#\/schema\/person\/image\/","url":"https:\/\/secure.gravatar.com\/avatar\/66edf527eac29e9a5eb25bcada01f61a?s=96&d=mm&r=g","contentUrl":"https:\/\/secure.gravatar.com\/avatar\/66edf527eac29e9a5eb25bcada01f61a?s=96&d=mm&r=g","caption":"galledia"},"url":"https:\/\/www.m-q.ch\/de\/author\/galledia\/"}]}},"_links":{"self":[{"href":"https:\/\/www.m-q.ch\/de\/wp-json\/wp\/v2\/posts\/392","targetHints":{"allow":["GET"]}}],"collection":[{"href":"https:\/\/www.m-q.ch\/de\/wp-json\/wp\/v2\/posts"}],"about":[{"href":"https:\/\/www.m-q.ch\/de\/wp-json\/wp\/v2\/types\/post"}],"author":[{"embeddable":true,"href":"https:\/\/www.m-q.ch\/de\/wp-json\/wp\/v2\/users\/1"}],"replies":[{"embeddable":true,"href":"https:\/\/www.m-q.ch\/de\/wp-json\/wp\/v2\/comments?post=392"}],"version-history":[{"count":2,"href":"https:\/\/www.m-q.ch\/de\/wp-json\/wp\/v2\/posts\/392\/revisions"}],"predecessor-version":[{"id":1151,"href":"https:\/\/www.m-q.ch\/de\/wp-json\/wp\/v2\/posts\/392\/revisions\/1151"}],"wp:featuredmedia":[{"embeddable":true,"href":"https:\/\/www.m-q.ch\/de\/wp-json\/wp\/v2\/media\/250"}],"wp:attachment":[{"href":"https:\/\/www.m-q.ch\/de\/wp-json\/wp\/v2\/media?parent=392"}],"wp:term":[{"taxonomy":"category","embeddable":true,"href":"https:\/\/www.m-q.ch\/de\/wp-json\/wp\/v2\/categories?post=392"},{"taxonomy":"post_tag","embeddable":true,"href":"https:\/\/www.m-q.ch\/de\/wp-json\/wp\/v2\/tags?post=392"}],"curies":[{"name":"wp","href":"https:\/\/api.w.org\/{rel}","templated":true}]}}