{"id":400,"date":"2016-05-03T13:36:49","date_gmt":"2016-05-03T11:36:49","guid":{"rendered":"http:\/\/dev.m-q.ch\/?p=400"},"modified":"2017-03-01T13:58:11","modified_gmt":"2017-03-01T12:58:11","slug":"zweites-digital-economic-forum-ueber-off-und-online-welten","status":"publish","type":"post","link":"https:\/\/www.m-q.ch\/de\/zweites-digital-economic-forum-ueber-off-und-online-welten\/","title":{"rendered":"Zweites Digital Economic Forum \u00fcber Off- und Online-Welten"},"content":{"rendered":"<figure id=\"attachment_259\" aria-describedby=\"caption-attachment-259\" style=\"width: 680px\" class=\"wp-caption alignnone\"><a href=\"https:\/\/m-q.ch\/wp-content\/uploads\/2016\/12\/Zweites-Digital-Economic-Forum-\u00fcber-Off-und-Online-Welten-management-und-qualitaet.jpg\"><img loading=\"lazy\" decoding=\"async\" class=\"wp-image-259 size-medium\" src=\"https:\/\/www.m-q.ch\/wp-content\/uploads\/2016\/12\/Zweites-Digital-Economic-Forum-\u00fcber-Off-und-Online-Welten-management-und-qualitaet-680x455.jpg\" width=\"680\" height=\"455\" srcset=\"https:\/\/www.m-q.ch\/wp-content\/uploads\/2016\/12\/Zweites-Digital-Economic-Forum-\u00fcber-Off-und-Online-Welten-management-und-qualitaet-680x455.jpg 680w, https:\/\/www.m-q.ch\/wp-content\/uploads\/2016\/12\/Zweites-Digital-Economic-Forum-\u00fcber-Off-und-Online-Welten-management-und-qualitaet-768x514.jpg 768w, https:\/\/www.m-q.ch\/wp-content\/uploads\/2016\/12\/Zweites-Digital-Economic-Forum-\u00fcber-Off-und-Online-Welten-management-und-qualitaet-16x12.jpg 16w, https:\/\/www.m-q.ch\/wp-content\/uploads\/2016\/12\/Zweites-Digital-Economic-Forum-\u00fcber-Off-und-Online-Welten-management-und-qualitaet-262x175.jpg 262w, https:\/\/www.m-q.ch\/wp-content\/uploads\/2016\/12\/Zweites-Digital-Economic-Forum-\u00fcber-Off-und-Online-Welten-management-und-qualitaet-523x350.jpg 523w, https:\/\/www.m-q.ch\/wp-content\/uploads\/2016\/12\/Zweites-Digital-Economic-Forum-\u00fcber-Off-und-Online-Welten-management-und-qualitaet-1196x800.jpg 1196w, https:\/\/www.m-q.ch\/wp-content\/uploads\/2016\/12\/Zweites-Digital-Economic-Forum-\u00fcber-Off-und-Online-Welten-management-und-qualitaet-920x615.jpg 920w, https:\/\/www.m-q.ch\/wp-content\/uploads\/2016\/12\/Zweites-Digital-Economic-Forum-\u00fcber-Off-und-Online-Welten-management-und-qualitaet-1400x936.jpg 1400w, https:\/\/www.m-q.ch\/wp-content\/uploads\/2016\/12\/Zweites-Digital-Economic-Forum-\u00fcber-Off-und-Online-Welten-management-und-qualitaet-300x201.jpg 300w, https:\/\/www.m-q.ch\/wp-content\/uploads\/2016\/12\/Zweites-Digital-Economic-Forum-\u00fcber-Off-und-Online-Welten-management-und-qualitaet-1024x685.jpg 1024w, https:\/\/www.m-q.ch\/wp-content\/uploads\/2016\/12\/Zweites-Digital-Economic-Forum-\u00fcber-Off-und-Online-Welten-management-und-qualitaet-624x417.jpg 624w, https:\/\/www.m-q.ch\/wp-content\/uploads\/2016\/12\/Zweites-Digital-Economic-Forum-\u00fcber-Off-und-Online-Welten-management-und-qualitaet.jpg 1500w\" sizes=\"auto, (max-width: 680px) 100vw, 680px\" \/><\/a><figcaption id=\"caption-attachment-259\" class=\"wp-caption-text\">&#8222;Privacy is dead&#8220; &#8211; so Erik Qualman am Digital Economic Forum. (Foto: zVg)<\/figcaption><\/figure>\n<blockquote><p>Andreas Staub, Verhaltens\u00f6konom: \u201eDer Mensch bleibt also auch online ein Mensch.\u201c<\/p><\/blockquote>\n<p>Auch die Schweiz befindet sich in einem exponentiellen technologischen Wandel. Referentinnen und Referenten sowie das Fachpublikum am zweiten Digital Economic Forum (abgek.: DEF) waren sich im Park Hyatt Zurich einig, dass sich Wirtschaft und Gesellschaft in einem digitalen Umbruch befinden. Das DEF, das ende April 2016 w\u00e4hrend zwei Tagen \u00fcber 200 Interessierten in den Bann zog, versteht sich als Update f\u00fcr Innovationen und massgebliche Konsequenzen der Digitalisierung.<\/p>\n<p>Keine Frage, f\u00fcr Futurist Gerd Leonhard\u00a0 wandelt sich die Technologie exponentiell. Science Fiction wird mehr und mehr zu Science Fact. In f\u00fcnf Jahren sei es soweit, dass ein Computer der Kapazit\u00e4t eines Menschenhirns entspreche, prophezeite Leonhard. Die Welt werde sich in den n\u00e4chsten 20 Jahren mehr \u00e4ndern als w\u00e4hrend den letzten drei Wirtschaftsrevolutionen.<\/p>\n<p><strong>Offline\/Online Existenz<\/strong><\/p>\n<p>Die Bereiche Offline und Online w\u00fcrden ebenso immer wichtiger, letztendlich, um eine gesunde Selbstbestimmung zuhause sowie im Unternehmensumfeld zu f\u00fchren. Die indirekten Auswirkungen der Digitalisierung seien gr\u00f6sser als angenommen, so beispielsweise bei der autonomen Mobilit\u00e4t auf den Arbeits- und Immobilienmarkt. F\u00fcr den deutschen Krimiautor Veit Etzold steht fest, dass die digitalen Welt immer k\u00fcrzere Aufmerksamkeitsspannen hervorruft. Eine Rekapitulierung eines einzelnen Autors zugunsten PR-Bereichen wie Storytelling?<\/p>\n<p><strong>Big Data und Consumer 2.0<\/strong><\/p>\n<p>Kommunikationsspezialist Julius Van de Laar erl\u00e4uterte seine Strategie zur erfolgreichen Wahl-kampagne 2012 von US-Pr\u00e4sident Barack Obama, die auf Big Data und Tools f\u00fcr ein integriertes Kampagnenmanagement basierte. \u201eEgal was sie tun, Sie m\u00fcssen unbedingt authentisch bleiben, auch auf Social Media\u201c, schloss Van de Laar seine Pr\u00e4sentation. Science Fiction sei heute Realit\u00e4t, erkl\u00e4rte auch die Beraterin f\u00fcr Digital Disruption und Transformation, Kamales Lardi.<\/p>\n<p>Sie stellte den \u201edisruptive Consumer 2.0\u201c und weitere technologische Trends vor. Der Konsument habe sich mit den technischen Innovationen deutlich gewandelt. Die Frage ist nun, wie weit haben sich auch die Produzenten, die Unternehmen gewandelt? Industrien w\u00fcrden in einen digitalen Sturm reingezogen und Unternehmen , die diesem Sturm trotzten, handelten konsumentenorientiert und h\u00e4tten einen grossen Impact auf die k\u00fcnftige wirtschaftliche Entwicklung \u2013 meint Kamales Lardi.<\/p>\n<p><strong>Zukunftsbew\u00e4ltigung?<\/strong><\/p>\n<p>Andreas Krebs, Chairman MERZ Pharmaceuticals, wies darauf hin, dass im Moment kein CEO der grossen Pharmakonzerne \u00fcberzeugt sagen k\u00f6nne, dass sein Unternehmen eine digitale Strategie h\u00e4tte. Er hielt es von grosser Bedeutung, dass Pharmaunternehmen die Patienten durch die digitale Welt f\u00fchren und \u00fcber diesen Weg zum Arzt bringen. Der Verhaltens\u00f6konom Andreas Staub konfrontierte die Teilnehmenden mit nicht-rationalen Entscheidungen. Er stellte dabei fest, dass soziale Pr\u00e4ferenzen ausgepr\u00e4gt bleiben, und digitale Anonymit\u00e4t nicht relevant ist: \u201eDer Mensch bleibt also auch online ein Mensch.\u201c<\/p>\n<p>Weitere interessante Themen und Thesen des Zweiten Digital Ecnomic Forums finden Sie unter <a href=\"http:\/\/www.digitaleconomicforum.ch\" target=\"_blank\" data-cke-saved-href=\"http:\/\/www.digitaleconomicforum.ch\">www.digitaleconomicforum.ch<\/a><\/p>\n","protected":false},"excerpt":{"rendered":"<p>Andreas Staub, Verhaltens\u00f6konom: \u201eDer Mensch bleibt also auch online ein Mensch.\u201c Auch die Schweiz befindet sich in einem exponentiellen technologischen Wandel. Referentinnen und Referenten sowie das Fachpublikum am zweiten Digital Economic Forum (abgek.: DEF) waren sich im Park Hyatt Zurich einig, dass sich Wirtschaft und Gesellschaft in einem digitalen Umbruch befinden. Das DEF, das ende [&hellip;]<\/p>\n","protected":false},"author":1,"featured_media":259,"comment_status":"open","ping_status":"open","sticky":false,"template":"","format":"standard","meta":{"_acf_changed":false,"footnotes":""},"categories":[1],"tags":[3342],"class_list":["post-400","post","type-post","status-publish","format-standard","has-post-thumbnail","hentry","category-unkategorisiert","tag-fachkongressfachmesse"],"acf":[],"yoast_head":"<!-- This site is optimized with the Yoast SEO plugin v26.2 - https:\/\/yoast.com\/wordpress\/plugins\/seo\/ -->\n<title>Zweites Digital Economic Forum \u00fcber Off- und Online-Welten - MQ Management und Qualit\u00e4t<\/title>\n<meta name=\"description\" content=\"Zweites Digital Economic Forum: Die digitale Transformation und disruptive Markttendenzen zeichnen sich positiv wie auch negativ auf die CH-Wirtschaft ab.\" \/>\n<meta name=\"robots\" content=\"index, follow, max-snippet:-1, max-image-preview:large, max-video-preview:-1\" \/>\n<link rel=\"canonical\" href=\"https:\/\/www.m-q.ch\/de\/zweites-digital-economic-forum-ueber-off-und-online-welten\/\" \/>\n<meta property=\"og:locale\" content=\"de_DE\" \/>\n<meta property=\"og:type\" content=\"article\" \/>\n<meta property=\"og:title\" content=\"Zweites Digital Economic Forum \u00fcber Off- und Online-Welten - MQ Management und Qualit\u00e4t\" \/>\n<meta property=\"og:description\" content=\"Zweites Digital Economic Forum: Die digitale Transformation und disruptive Markttendenzen zeichnen sich positiv wie auch negativ auf die CH-Wirtschaft ab.\" \/>\n<meta property=\"og:url\" content=\"https:\/\/www.m-q.ch\/de\/zweites-digital-economic-forum-ueber-off-und-online-welten\/\" \/>\n<meta property=\"og:site_name\" content=\"MQ Management und Qualit\u00e4t\" \/>\n<meta property=\"article:publisher\" content=\"https:\/\/www.facebook.com\/ManagementUndQualitaet\" \/>\n<meta property=\"article:published_time\" content=\"2016-05-03T11:36:49+00:00\" \/>\n<meta property=\"article:modified_time\" content=\"2017-03-01T12:58:11+00:00\" \/>\n<meta property=\"og:image\" content=\"https:\/\/www.m-q.ch\/wp-content\/uploads\/2016\/12\/Zweites-Digital-Economic-Forum-\u00fcber-Off-und-Online-Welten-management-und-qualitaet.jpg\" \/>\n\t<meta property=\"og:image:width\" content=\"1500\" \/>\n\t<meta property=\"og:image:height\" content=\"1003\" \/>\n\t<meta property=\"og:image:type\" content=\"image\/jpeg\" \/>\n<meta name=\"author\" content=\"galledia\" \/>\n<meta name=\"twitter:card\" content=\"summary_large_image\" \/>\n<meta name=\"twitter:label1\" content=\"Verfasst von\" \/>\n\t<meta name=\"twitter:data1\" content=\"galledia\" \/>\n\t<meta name=\"twitter:label2\" content=\"Gesch\u00e4tzte Lesezeit\" \/>\n\t<meta name=\"twitter:data2\" content=\"2\u00a0Minuten\" \/>\n<script type=\"application\/ld+json\" class=\"yoast-schema-graph\">{\"@context\":\"https:\/\/schema.org\",\"@graph\":[{\"@type\":\"Article\",\"@id\":\"https:\/\/www.m-q.ch\/de\/zweites-digital-economic-forum-ueber-off-und-online-welten\/#article\",\"isPartOf\":{\"@id\":\"https:\/\/www.m-q.ch\/de\/zweites-digital-economic-forum-ueber-off-und-online-welten\/\"},\"author\":{\"name\":\"galledia\",\"@id\":\"https:\/\/www.m-q.ch\/fr\/#\/schema\/person\/c0139a2c55a374db6df2cde78ec87148\"},\"headline\":\"Zweites Digital Economic Forum \u00fcber Off- und Online-Welten\",\"datePublished\":\"2016-05-03T11:36:49+00:00\",\"dateModified\":\"2017-03-01T12:58:11+00:00\",\"mainEntityOfPage\":{\"@id\":\"https:\/\/www.m-q.ch\/de\/zweites-digital-economic-forum-ueber-off-und-online-welten\/\"},\"wordCount\":482,\"commentCount\":0,\"publisher\":{\"@id\":\"https:\/\/www.m-q.ch\/fr\/#organization\"},\"image\":{\"@id\":\"https:\/\/www.m-q.ch\/de\/zweites-digital-economic-forum-ueber-off-und-online-welten\/#primaryimage\"},\"thumbnailUrl\":\"https:\/\/www.m-q.ch\/wp-content\/uploads\/2016\/12\/Zweites-Digital-Economic-Forum-\u00fcber-Off-und-Online-Welten-management-und-qualitaet.jpg\",\"keywords\":[\"Fachkongress\/Fachmesse\"],\"articleSection\":[\"Unkategorisiert\"],\"inLanguage\":\"de\"},{\"@type\":\"WebPage\",\"@id\":\"https:\/\/www.m-q.ch\/de\/zweites-digital-economic-forum-ueber-off-und-online-welten\/\",\"url\":\"https:\/\/www.m-q.ch\/de\/zweites-digital-economic-forum-ueber-off-und-online-welten\/\",\"name\":\"Zweites Digital Economic Forum \u00fcber Off- und Online-Welten - MQ Management und Qualit\u00e4t\",\"isPartOf\":{\"@id\":\"https:\/\/www.m-q.ch\/fr\/#website\"},\"primaryImageOfPage\":{\"@id\":\"https:\/\/www.m-q.ch\/de\/zweites-digital-economic-forum-ueber-off-und-online-welten\/#primaryimage\"},\"image\":{\"@id\":\"https:\/\/www.m-q.ch\/de\/zweites-digital-economic-forum-ueber-off-und-online-welten\/#primaryimage\"},\"thumbnailUrl\":\"https:\/\/www.m-q.ch\/wp-content\/uploads\/2016\/12\/Zweites-Digital-Economic-Forum-\u00fcber-Off-und-Online-Welten-management-und-qualitaet.jpg\",\"datePublished\":\"2016-05-03T11:36:49+00:00\",\"dateModified\":\"2017-03-01T12:58:11+00:00\",\"description\":\"Zweites Digital Economic Forum: Die digitale Transformation und disruptive Markttendenzen zeichnen sich positiv wie auch negativ auf die CH-Wirtschaft ab.\",\"breadcrumb\":{\"@id\":\"https:\/\/www.m-q.ch\/de\/zweites-digital-economic-forum-ueber-off-und-online-welten\/#breadcrumb\"},\"inLanguage\":\"de\",\"potentialAction\":[{\"@type\":\"ReadAction\",\"target\":[\"https:\/\/www.m-q.ch\/de\/zweites-digital-economic-forum-ueber-off-und-online-welten\/\"]}]},{\"@type\":\"ImageObject\",\"inLanguage\":\"de\",\"@id\":\"https:\/\/www.m-q.ch\/de\/zweites-digital-economic-forum-ueber-off-und-online-welten\/#primaryimage\",\"url\":\"https:\/\/www.m-q.ch\/wp-content\/uploads\/2016\/12\/Zweites-Digital-Economic-Forum-\u00fcber-Off-und-Online-Welten-management-und-qualitaet.jpg\",\"contentUrl\":\"https:\/\/www.m-q.ch\/wp-content\/uploads\/2016\/12\/Zweites-Digital-Economic-Forum-\u00fcber-Off-und-Online-Welten-management-und-qualitaet.jpg\",\"width\":1500,\"height\":1003,\"caption\":\"\\\"Privacy is dead\\\" - so Erik Qualman am Digital Economic Forum. (Foto: zVg)\"},{\"@type\":\"BreadcrumbList\",\"@id\":\"https:\/\/www.m-q.ch\/de\/zweites-digital-economic-forum-ueber-off-und-online-welten\/#breadcrumb\",\"itemListElement\":[{\"@type\":\"ListItem\",\"position\":1,\"name\":\"Unkategorisiert\",\"item\":\"https:\/\/www.m-q.ch\/it\/categoria\/senza-categoria\/\"},{\"@type\":\"ListItem\",\"position\":2,\"name\":\"Zweites Digital Economic Forum \u00fcber Off- und Online-Welten\"}]},{\"@type\":\"WebSite\",\"@id\":\"https:\/\/www.m-q.ch\/fr\/#website\",\"url\":\"https:\/\/www.m-q.ch\/fr\/\",\"name\":\"MQ Management und Qualit\u00e4t\",\"description\":\"Plattform f\u00fcr integrierte Managementsysteme.\",\"publisher\":{\"@id\":\"https:\/\/www.m-q.ch\/fr\/#organization\"},\"potentialAction\":[{\"@type\":\"SearchAction\",\"target\":{\"@type\":\"EntryPoint\",\"urlTemplate\":\"https:\/\/www.m-q.ch\/fr\/?s={search_term_string}\"},\"query-input\":{\"@type\":\"PropertyValueSpecification\",\"valueRequired\":true,\"valueName\":\"search_term_string\"}}],\"inLanguage\":\"de\"},{\"@type\":\"Organization\",\"@id\":\"https:\/\/www.m-q.ch\/fr\/#organization\",\"name\":\"Galledia Fachmedien AG\",\"url\":\"https:\/\/www.m-q.ch\/fr\/\",\"logo\":{\"@type\":\"ImageObject\",\"inLanguage\":\"de\",\"@id\":\"https:\/\/www.m-q.ch\/fr\/#\/schema\/logo\/image\/\",\"url\":\"https:\/\/www.m-q.ch\/wp-content\/uploads\/2020\/12\/cropped-logo_small.png\",\"contentUrl\":\"https:\/\/www.m-q.ch\/wp-content\/uploads\/2020\/12\/cropped-logo_small.png\",\"width\":512,\"height\":512,\"caption\":\"Galledia Fachmedien AG\"},\"image\":{\"@id\":\"https:\/\/www.m-q.ch\/fr\/#\/schema\/logo\/image\/\"},\"sameAs\":[\"https:\/\/www.facebook.com\/ManagementUndQualitaet\",\"https:\/\/www.linkedin.com\/showcase\/17982321\/admin\/\"]},{\"@type\":\"Person\",\"@id\":\"https:\/\/www.m-q.ch\/fr\/#\/schema\/person\/c0139a2c55a374db6df2cde78ec87148\",\"name\":\"galledia\",\"image\":{\"@type\":\"ImageObject\",\"inLanguage\":\"de\",\"@id\":\"https:\/\/www.m-q.ch\/fr\/#\/schema\/person\/image\/\",\"url\":\"https:\/\/secure.gravatar.com\/avatar\/66edf527eac29e9a5eb25bcada01f61a?s=96&d=mm&r=g\",\"contentUrl\":\"https:\/\/secure.gravatar.com\/avatar\/66edf527eac29e9a5eb25bcada01f61a?s=96&d=mm&r=g\",\"caption\":\"galledia\"},\"url\":\"https:\/\/www.m-q.ch\/de\/author\/galledia\/\"}]}<\/script>\n<!-- \/ Yoast SEO plugin. -->","yoast_head_json":{"title":"Zweites Digital Economic Forum \u00fcber Off- und Online-Welten - MQ Management und Qualit\u00e4t","description":"Zweites Digital Economic Forum: Die digitale Transformation und disruptive Markttendenzen zeichnen sich positiv wie auch negativ auf die CH-Wirtschaft ab.","robots":{"index":"index","follow":"follow","max-snippet":"max-snippet:-1","max-image-preview":"max-image-preview:large","max-video-preview":"max-video-preview:-1"},"canonical":"https:\/\/www.m-q.ch\/de\/zweites-digital-economic-forum-ueber-off-und-online-welten\/","og_locale":"de_DE","og_type":"article","og_title":"Zweites Digital Economic Forum \u00fcber Off- und Online-Welten - MQ Management und Qualit\u00e4t","og_description":"Zweites Digital Economic Forum: Die digitale Transformation und disruptive Markttendenzen zeichnen sich positiv wie auch negativ auf die CH-Wirtschaft ab.","og_url":"https:\/\/www.m-q.ch\/de\/zweites-digital-economic-forum-ueber-off-und-online-welten\/","og_site_name":"MQ Management und Qualit\u00e4t","article_publisher":"https:\/\/www.facebook.com\/ManagementUndQualitaet","article_published_time":"2016-05-03T11:36:49+00:00","article_modified_time":"2017-03-01T12:58:11+00:00","og_image":[{"width":1500,"height":1003,"url":"https:\/\/www.m-q.ch\/wp-content\/uploads\/2016\/12\/Zweites-Digital-Economic-Forum-\u00fcber-Off-und-Online-Welten-management-und-qualitaet.jpg","type":"image\/jpeg"}],"author":"galledia","twitter_card":"summary_large_image","twitter_misc":{"Verfasst von":"galledia","Gesch\u00e4tzte Lesezeit":"2\u00a0Minuten"},"schema":{"@context":"https:\/\/schema.org","@graph":[{"@type":"Article","@id":"https:\/\/www.m-q.ch\/de\/zweites-digital-economic-forum-ueber-off-und-online-welten\/#article","isPartOf":{"@id":"https:\/\/www.m-q.ch\/de\/zweites-digital-economic-forum-ueber-off-und-online-welten\/"},"author":{"name":"galledia","@id":"https:\/\/www.m-q.ch\/fr\/#\/schema\/person\/c0139a2c55a374db6df2cde78ec87148"},"headline":"Zweites Digital Economic Forum \u00fcber Off- und Online-Welten","datePublished":"2016-05-03T11:36:49+00:00","dateModified":"2017-03-01T12:58:11+00:00","mainEntityOfPage":{"@id":"https:\/\/www.m-q.ch\/de\/zweites-digital-economic-forum-ueber-off-und-online-welten\/"},"wordCount":482,"commentCount":0,"publisher":{"@id":"https:\/\/www.m-q.ch\/fr\/#organization"},"image":{"@id":"https:\/\/www.m-q.ch\/de\/zweites-digital-economic-forum-ueber-off-und-online-welten\/#primaryimage"},"thumbnailUrl":"https:\/\/www.m-q.ch\/wp-content\/uploads\/2016\/12\/Zweites-Digital-Economic-Forum-\u00fcber-Off-und-Online-Welten-management-und-qualitaet.jpg","keywords":["Fachkongress\/Fachmesse"],"articleSection":["Unkategorisiert"],"inLanguage":"de"},{"@type":"WebPage","@id":"https:\/\/www.m-q.ch\/de\/zweites-digital-economic-forum-ueber-off-und-online-welten\/","url":"https:\/\/www.m-q.ch\/de\/zweites-digital-economic-forum-ueber-off-und-online-welten\/","name":"Zweites Digital Economic Forum \u00fcber Off- und Online-Welten - MQ Management und Qualit\u00e4t","isPartOf":{"@id":"https:\/\/www.m-q.ch\/fr\/#website"},"primaryImageOfPage":{"@id":"https:\/\/www.m-q.ch\/de\/zweites-digital-economic-forum-ueber-off-und-online-welten\/#primaryimage"},"image":{"@id":"https:\/\/www.m-q.ch\/de\/zweites-digital-economic-forum-ueber-off-und-online-welten\/#primaryimage"},"thumbnailUrl":"https:\/\/www.m-q.ch\/wp-content\/uploads\/2016\/12\/Zweites-Digital-Economic-Forum-\u00fcber-Off-und-Online-Welten-management-und-qualitaet.jpg","datePublished":"2016-05-03T11:36:49+00:00","dateModified":"2017-03-01T12:58:11+00:00","description":"Zweites Digital Economic Forum: Die digitale Transformation und disruptive Markttendenzen zeichnen sich positiv wie auch negativ auf die CH-Wirtschaft ab.","breadcrumb":{"@id":"https:\/\/www.m-q.ch\/de\/zweites-digital-economic-forum-ueber-off-und-online-welten\/#breadcrumb"},"inLanguage":"de","potentialAction":[{"@type":"ReadAction","target":["https:\/\/www.m-q.ch\/de\/zweites-digital-economic-forum-ueber-off-und-online-welten\/"]}]},{"@type":"ImageObject","inLanguage":"de","@id":"https:\/\/www.m-q.ch\/de\/zweites-digital-economic-forum-ueber-off-und-online-welten\/#primaryimage","url":"https:\/\/www.m-q.ch\/wp-content\/uploads\/2016\/12\/Zweites-Digital-Economic-Forum-\u00fcber-Off-und-Online-Welten-management-und-qualitaet.jpg","contentUrl":"https:\/\/www.m-q.ch\/wp-content\/uploads\/2016\/12\/Zweites-Digital-Economic-Forum-\u00fcber-Off-und-Online-Welten-management-und-qualitaet.jpg","width":1500,"height":1003,"caption":"\"Privacy is dead\" - so Erik Qualman am Digital Economic Forum. (Foto: zVg)"},{"@type":"BreadcrumbList","@id":"https:\/\/www.m-q.ch\/de\/zweites-digital-economic-forum-ueber-off-und-online-welten\/#breadcrumb","itemListElement":[{"@type":"ListItem","position":1,"name":"Unkategorisiert","item":"https:\/\/www.m-q.ch\/it\/categoria\/senza-categoria\/"},{"@type":"ListItem","position":2,"name":"Zweites Digital Economic Forum \u00fcber Off- und Online-Welten"}]},{"@type":"WebSite","@id":"https:\/\/www.m-q.ch\/fr\/#website","url":"https:\/\/www.m-q.ch\/fr\/","name":"MQ Management und Qualit\u00e4t","description":"Plattform f\u00fcr integrierte Managementsysteme.","publisher":{"@id":"https:\/\/www.m-q.ch\/fr\/#organization"},"potentialAction":[{"@type":"SearchAction","target":{"@type":"EntryPoint","urlTemplate":"https:\/\/www.m-q.ch\/fr\/?s={search_term_string}"},"query-input":{"@type":"PropertyValueSpecification","valueRequired":true,"valueName":"search_term_string"}}],"inLanguage":"de"},{"@type":"Organization","@id":"https:\/\/www.m-q.ch\/fr\/#organization","name":"Galledia Fachmedien AG","url":"https:\/\/www.m-q.ch\/fr\/","logo":{"@type":"ImageObject","inLanguage":"de","@id":"https:\/\/www.m-q.ch\/fr\/#\/schema\/logo\/image\/","url":"https:\/\/www.m-q.ch\/wp-content\/uploads\/2020\/12\/cropped-logo_small.png","contentUrl":"https:\/\/www.m-q.ch\/wp-content\/uploads\/2020\/12\/cropped-logo_small.png","width":512,"height":512,"caption":"Galledia Fachmedien AG"},"image":{"@id":"https:\/\/www.m-q.ch\/fr\/#\/schema\/logo\/image\/"},"sameAs":["https:\/\/www.facebook.com\/ManagementUndQualitaet","https:\/\/www.linkedin.com\/showcase\/17982321\/admin\/"]},{"@type":"Person","@id":"https:\/\/www.m-q.ch\/fr\/#\/schema\/person\/c0139a2c55a374db6df2cde78ec87148","name":"galledia","image":{"@type":"ImageObject","inLanguage":"de","@id":"https:\/\/www.m-q.ch\/fr\/#\/schema\/person\/image\/","url":"https:\/\/secure.gravatar.com\/avatar\/66edf527eac29e9a5eb25bcada01f61a?s=96&d=mm&r=g","contentUrl":"https:\/\/secure.gravatar.com\/avatar\/66edf527eac29e9a5eb25bcada01f61a?s=96&d=mm&r=g","caption":"galledia"},"url":"https:\/\/www.m-q.ch\/de\/author\/galledia\/"}]}},"_links":{"self":[{"href":"https:\/\/www.m-q.ch\/de\/wp-json\/wp\/v2\/posts\/400","targetHints":{"allow":["GET"]}}],"collection":[{"href":"https:\/\/www.m-q.ch\/de\/wp-json\/wp\/v2\/posts"}],"about":[{"href":"https:\/\/www.m-q.ch\/de\/wp-json\/wp\/v2\/types\/post"}],"author":[{"embeddable":true,"href":"https:\/\/www.m-q.ch\/de\/wp-json\/wp\/v2\/users\/1"}],"replies":[{"embeddable":true,"href":"https:\/\/www.m-q.ch\/de\/wp-json\/wp\/v2\/comments?post=400"}],"version-history":[{"count":3,"href":"https:\/\/www.m-q.ch\/de\/wp-json\/wp\/v2\/posts\/400\/revisions"}],"predecessor-version":[{"id":1146,"href":"https:\/\/www.m-q.ch\/de\/wp-json\/wp\/v2\/posts\/400\/revisions\/1146"}],"wp:featuredmedia":[{"embeddable":true,"href":"https:\/\/www.m-q.ch\/de\/wp-json\/wp\/v2\/media\/259"}],"wp:attachment":[{"href":"https:\/\/www.m-q.ch\/de\/wp-json\/wp\/v2\/media?parent=400"}],"wp:term":[{"taxonomy":"category","embeddable":true,"href":"https:\/\/www.m-q.ch\/de\/wp-json\/wp\/v2\/categories?post=400"},{"taxonomy":"post_tag","embeddable":true,"href":"https:\/\/www.m-q.ch\/de\/wp-json\/wp\/v2\/tags?post=400"}],"curies":[{"name":"wp","href":"https:\/\/api.w.org\/{rel}","templated":true}]}}