{"id":406,"date":"2016-05-09T13:39:42","date_gmt":"2016-05-09T11:39:42","guid":{"rendered":"http:\/\/dev.m-q.ch\/?p=406"},"modified":"2017-03-01T13:55:26","modified_gmt":"2017-03-01T12:55:26","slug":"parlamentarische-gruppe-digitale-nachhaltigkeit-parldigi","status":"publish","type":"post","link":"https:\/\/www.m-q.ch\/de\/parlamentarische-gruppe-digitale-nachhaltigkeit-parldigi\/","title":{"rendered":"Parlamentarische Gruppe Digitale Nachhaltigkeit \u201eParldigi\u201c"},"content":{"rendered":"<figure id=\"attachment_193\" aria-describedby=\"caption-attachment-193\" style=\"width: 680px\" class=\"wp-caption alignnone\"><a href=\"https:\/\/m-q.ch\/wp-content\/uploads\/2016\/12\/Parlamentarische-Gruppe-Digitale-Nachhaltigkeit-Parldigi-management-und-qualitaet.jpg\"><img loading=\"lazy\" decoding=\"async\" class=\"wp-image-193 size-medium\" src=\"https:\/\/www.m-q.ch\/wp-content\/uploads\/2016\/12\/Parlamentarische-Gruppe-Digitale-Nachhaltigkeit-Parldigi-management-und-qualitaet-680x627.jpg\" width=\"680\" height=\"627\" srcset=\"https:\/\/www.m-q.ch\/wp-content\/uploads\/2016\/12\/Parlamentarische-Gruppe-Digitale-Nachhaltigkeit-Parldigi-management-und-qualitaet-680x627.jpg 680w, https:\/\/www.m-q.ch\/wp-content\/uploads\/2016\/12\/Parlamentarische-Gruppe-Digitale-Nachhaltigkeit-Parldigi-management-und-qualitaet-13x12.jpg 13w, https:\/\/www.m-q.ch\/wp-content\/uploads\/2016\/12\/Parlamentarische-Gruppe-Digitale-Nachhaltigkeit-Parldigi-management-und-qualitaet-190x175.jpg 190w, https:\/\/www.m-q.ch\/wp-content\/uploads\/2016\/12\/Parlamentarische-Gruppe-Digitale-Nachhaltigkeit-Parldigi-management-und-qualitaet-379x350.jpg 379w, https:\/\/www.m-q.ch\/wp-content\/uploads\/2016\/12\/Parlamentarische-Gruppe-Digitale-Nachhaltigkeit-Parldigi-management-und-qualitaet-300x277.jpg 300w, https:\/\/www.m-q.ch\/wp-content\/uploads\/2016\/12\/Parlamentarische-Gruppe-Digitale-Nachhaltigkeit-Parldigi-management-und-qualitaet-624x576.jpg 624w, https:\/\/www.m-q.ch\/wp-content\/uploads\/2016\/12\/Parlamentarische-Gruppe-Digitale-Nachhaltigkeit-Parldigi-management-und-qualitaet.jpg 737w\" sizes=\"auto, (max-width: 680px) 100vw, 680px\" \/><\/a><figcaption id=\"caption-attachment-193\" class=\"wp-caption-text\">Franz Gr\u00fcter, Nationalrat und Pr\u00e4sident SVP Kt. Luzern<\/figcaption><\/figure>\n<p>Franz Gr\u00fcter ist durch das Kernteam der Parlamentarischen Gruppe Digitale Nachhaltigkeit zum neuen Co-Pr\u00e4sidenten von Parldigi gew\u00e4hlt worden. Er \u00fcbernimmt den Platz von Christian Wasserfallen (Nationalrat FDP, Bern), der nach sieben erfolgreichen Jahren sein Amt an der Seite von Edith Graf-Litscher (Nationalr\u00e4tin SP, Thurgau) abgibt, aber weiterhin im Kernteam aktiv bleibt.<\/p>\n<p>Im Kernteam sind wie bisher ausserdem Balthasar Gl\u00e4ttli (Nationalrat Gr\u00fcne, Z\u00fcrich), Rosmarie Quadranti (Nationalr\u00e4tin BDP, Z\u00fcrich), Kathy Riklin (Nationalr\u00e4tin CVP, Z\u00fcrich) und Thomas Weibel (Nationalrat GLP, Z\u00fcrich).<\/p>\n<p>Gemeinsam mit Co-Pr\u00e4sidentin Edith Graf-Litscher wird Franz Gr\u00fcter Parldigi pr\u00e4sidieren. Franz Gr\u00fcter ist Nationalrat sowie Pr\u00e4sident der SVP Kanton Luzern. Beruflich ist er seit 2008 CEO und Verwaltungsratspr\u00e4sident der green.ch Gruppe. Anfang 2016 \u00fcbergab er sein Amt als Gesch\u00e4ftsf\u00fchrer von green.ch, um sich st\u00e4rker seinem Nationalratsmandat zu widmen, bleibt aber weiterhin Pr\u00e4sident des Verwaltungsrats. Als langj\u00e4hriger, gut vernetzter IT-Unternehmer ist er ausserdem Vorstandsmitglied im Dachverband ICTswitzerland.<\/p>\n<p>Seine neue Rolle als Co-Pr\u00e4sident von Parldigi packt er motiviert an: \u201eDie Digitalisierung unserer Gesellschaft ist wichtiger denn je, dennoch hinkt das Parlament dem technologischen Wandel oftmals hinterher. Deshalb will ich mich bei Parldigi partei\u00fcbergreifend f\u00fcr eine digital nachhaltige Politik einsetzen.\u201c<\/p>\n<p><a href=\"http:\/\/www.digitale-nachhaltigkeit.ch\" target=\"_blank\" data-cke-saved-href=\"http:\/\/www.digitale-nachhaltigkeit.ch\">http:\/\/www.digitale-nachhaltigkeit.ch<\/a><\/p>\n","protected":false},"excerpt":{"rendered":"<p>Franz Gr\u00fcter ist durch das Kernteam der Parlamentarischen Gruppe Digitale Nachhaltigkeit zum neuen Co-Pr\u00e4sidenten von Parldigi gew\u00e4hlt worden. Er \u00fcbernimmt den Platz von Christian Wasserfallen (Nationalrat FDP, Bern), der nach sieben erfolgreichen Jahren sein Amt an der Seite von Edith Graf-Litscher (Nationalr\u00e4tin SP, Thurgau) abgibt, aber weiterhin im Kernteam aktiv bleibt. Im Kernteam sind wie [&hellip;]<\/p>\n","protected":false},"author":1,"featured_media":193,"comment_status":"open","ping_status":"open","sticky":false,"template":"","format":"standard","meta":{"_acf_changed":false,"footnotes":""},"categories":[1],"tags":[3335],"class_list":["post-406","post","type-post","status-publish","format-standard","has-post-thumbnail","hentry","category-unkategorisiert","tag-personalia"],"acf":[],"yoast_head":"<!-- This site is optimized with the Yoast SEO plugin v26.2 - https:\/\/yoast.com\/wordpress\/plugins\/seo\/ -->\n<title>Parlamentarische Gruppe Digitale Nachhaltigkeit \u201eParldigi\u201c - MQ Management und Qualit\u00e4t<\/title>\n<meta name=\"description\" content=\"Nach einem ersten Wechsel im Pr\u00e4sidium seit 7 Jahren ist Franz Gr\u00fcter (Nationalrat SVP, Luzern) neuer Co-Pr\u00e4sident von Parldigi.\" \/>\n<meta name=\"robots\" content=\"index, follow, max-snippet:-1, max-image-preview:large, max-video-preview:-1\" \/>\n<link rel=\"canonical\" href=\"https:\/\/www.m-q.ch\/de\/parlamentarische-gruppe-digitale-nachhaltigkeit-parldigi\/\" \/>\n<meta property=\"og:locale\" content=\"de_DE\" \/>\n<meta property=\"og:type\" content=\"article\" \/>\n<meta property=\"og:title\" content=\"Parlamentarische Gruppe Digitale Nachhaltigkeit \u201eParldigi\u201c - MQ Management und Qualit\u00e4t\" \/>\n<meta property=\"og:description\" content=\"Nach einem ersten Wechsel im Pr\u00e4sidium seit 7 Jahren ist Franz Gr\u00fcter (Nationalrat SVP, Luzern) neuer Co-Pr\u00e4sident von Parldigi.\" \/>\n<meta property=\"og:url\" content=\"https:\/\/www.m-q.ch\/de\/parlamentarische-gruppe-digitale-nachhaltigkeit-parldigi\/\" \/>\n<meta property=\"og:site_name\" content=\"MQ Management und Qualit\u00e4t\" \/>\n<meta property=\"article:publisher\" content=\"https:\/\/www.facebook.com\/ManagementUndQualitaet\" \/>\n<meta property=\"article:published_time\" content=\"2016-05-09T11:39:42+00:00\" \/>\n<meta property=\"article:modified_time\" content=\"2017-03-01T12:55:26+00:00\" \/>\n<meta property=\"og:image\" content=\"https:\/\/www.m-q.ch\/wp-content\/uploads\/2016\/12\/Parlamentarische-Gruppe-Digitale-Nachhaltigkeit-Parldigi-management-und-qualitaet.jpg\" \/>\n\t<meta property=\"og:image:width\" content=\"737\" \/>\n\t<meta property=\"og:image:height\" content=\"680\" \/>\n\t<meta property=\"og:image:type\" content=\"image\/jpeg\" \/>\n<meta name=\"author\" content=\"galledia\" \/>\n<meta name=\"twitter:card\" content=\"summary_large_image\" \/>\n<meta name=\"twitter:label1\" content=\"Verfasst von\" \/>\n\t<meta name=\"twitter:data1\" content=\"galledia\" \/>\n\t<meta name=\"twitter:label2\" content=\"Gesch\u00e4tzte Lesezeit\" \/>\n\t<meta name=\"twitter:data2\" content=\"1\u00a0Minute\" \/>\n<script type=\"application\/ld+json\" class=\"yoast-schema-graph\">{\"@context\":\"https:\/\/schema.org\",\"@graph\":[{\"@type\":\"Article\",\"@id\":\"https:\/\/www.m-q.ch\/en\/parliamentary-group-digital-sustainability-parldigi\/#article\",\"isPartOf\":{\"@id\":\"https:\/\/www.m-q.ch\/en\/parliamentary-group-digital-sustainability-parldigi\/\"},\"author\":{\"name\":\"galledia\",\"@id\":\"https:\/\/www.m-q.ch\/fr\/#\/schema\/person\/c0139a2c55a374db6df2cde78ec87148\"},\"headline\":\"Parlamentarische Gruppe Digitale Nachhaltigkeit \u201eParldigi\u201c\",\"datePublished\":\"2016-05-09T11:39:42+00:00\",\"dateModified\":\"2017-03-01T12:55:26+00:00\",\"mainEntityOfPage\":{\"@id\":\"https:\/\/www.m-q.ch\/en\/parliamentary-group-digital-sustainability-parldigi\/\"},\"wordCount\":237,\"commentCount\":0,\"publisher\":{\"@id\":\"https:\/\/www.m-q.ch\/fr\/#organization\"},\"image\":{\"@id\":\"https:\/\/www.m-q.ch\/en\/parliamentary-group-digital-sustainability-parldigi\/#primaryimage\"},\"thumbnailUrl\":\"https:\/\/www.m-q.ch\/wp-content\/uploads\/2016\/12\/Parlamentarische-Gruppe-Digitale-Nachhaltigkeit-Parldigi-management-und-qualitaet.jpg\",\"keywords\":[\"Personalia\"],\"articleSection\":[\"Unkategorisiert\"],\"inLanguage\":\"de\"},{\"@type\":\"WebPage\",\"@id\":\"https:\/\/www.m-q.ch\/en\/parliamentary-group-digital-sustainability-parldigi\/\",\"url\":\"https:\/\/www.m-q.ch\/en\/parliamentary-group-digital-sustainability-parldigi\/\",\"name\":\"Parlamentarische Gruppe Digitale Nachhaltigkeit \u201eParldigi\u201c - MQ Management und Qualit\u00e4t\",\"isPartOf\":{\"@id\":\"https:\/\/www.m-q.ch\/fr\/#website\"},\"primaryImageOfPage\":{\"@id\":\"https:\/\/www.m-q.ch\/en\/parliamentary-group-digital-sustainability-parldigi\/#primaryimage\"},\"image\":{\"@id\":\"https:\/\/www.m-q.ch\/en\/parliamentary-group-digital-sustainability-parldigi\/#primaryimage\"},\"thumbnailUrl\":\"https:\/\/www.m-q.ch\/wp-content\/uploads\/2016\/12\/Parlamentarische-Gruppe-Digitale-Nachhaltigkeit-Parldigi-management-und-qualitaet.jpg\",\"datePublished\":\"2016-05-09T11:39:42+00:00\",\"dateModified\":\"2017-03-01T12:55:26+00:00\",\"description\":\"Nach einem ersten Wechsel im Pr\u00e4sidium seit 7 Jahren ist Franz Gr\u00fcter (Nationalrat SVP, Luzern) neuer Co-Pr\u00e4sident von Parldigi.\",\"breadcrumb\":{\"@id\":\"https:\/\/www.m-q.ch\/en\/parliamentary-group-digital-sustainability-parldigi\/#breadcrumb\"},\"inLanguage\":\"de\",\"potentialAction\":[{\"@type\":\"ReadAction\",\"target\":[\"https:\/\/www.m-q.ch\/en\/parliamentary-group-digital-sustainability-parldigi\/\"]}]},{\"@type\":\"ImageObject\",\"inLanguage\":\"de\",\"@id\":\"https:\/\/www.m-q.ch\/en\/parliamentary-group-digital-sustainability-parldigi\/#primaryimage\",\"url\":\"https:\/\/www.m-q.ch\/wp-content\/uploads\/2016\/12\/Parlamentarische-Gruppe-Digitale-Nachhaltigkeit-Parldigi-management-und-qualitaet.jpg\",\"contentUrl\":\"https:\/\/www.m-q.ch\/wp-content\/uploads\/2016\/12\/Parlamentarische-Gruppe-Digitale-Nachhaltigkeit-Parldigi-management-und-qualitaet.jpg\",\"width\":737,\"height\":680,\"caption\":\"Franz Gr\u00fcter, Nationalrat und Pr\u00e4sident SVP Kt. Luzern\"},{\"@type\":\"BreadcrumbList\",\"@id\":\"https:\/\/www.m-q.ch\/en\/parliamentary-group-digital-sustainability-parldigi\/#breadcrumb\",\"itemListElement\":[{\"@type\":\"ListItem\",\"position\":1,\"name\":\"Unkategorisiert\",\"item\":\"https:\/\/www.m-q.ch\/it\/categoria\/senza-categoria\/\"},{\"@type\":\"ListItem\",\"position\":2,\"name\":\"Parlamentarische Gruppe Digitale Nachhaltigkeit \u201eParldigi\u201c\"}]},{\"@type\":\"WebSite\",\"@id\":\"https:\/\/www.m-q.ch\/fr\/#website\",\"url\":\"https:\/\/www.m-q.ch\/fr\/\",\"name\":\"MQ Management und Qualit\u00e4t\",\"description\":\"Plattform f\u00fcr integrierte Managementsysteme.\",\"publisher\":{\"@id\":\"https:\/\/www.m-q.ch\/fr\/#organization\"},\"potentialAction\":[{\"@type\":\"SearchAction\",\"target\":{\"@type\":\"EntryPoint\",\"urlTemplate\":\"https:\/\/www.m-q.ch\/fr\/?s={search_term_string}\"},\"query-input\":{\"@type\":\"PropertyValueSpecification\",\"valueRequired\":true,\"valueName\":\"search_term_string\"}}],\"inLanguage\":\"de\"},{\"@type\":\"Organization\",\"@id\":\"https:\/\/www.m-q.ch\/fr\/#organization\",\"name\":\"Galledia Fachmedien AG\",\"url\":\"https:\/\/www.m-q.ch\/fr\/\",\"logo\":{\"@type\":\"ImageObject\",\"inLanguage\":\"de\",\"@id\":\"https:\/\/www.m-q.ch\/fr\/#\/schema\/logo\/image\/\",\"url\":\"https:\/\/www.m-q.ch\/wp-content\/uploads\/2020\/12\/cropped-logo_small.png\",\"contentUrl\":\"https:\/\/www.m-q.ch\/wp-content\/uploads\/2020\/12\/cropped-logo_small.png\",\"width\":512,\"height\":512,\"caption\":\"Galledia Fachmedien AG\"},\"image\":{\"@id\":\"https:\/\/www.m-q.ch\/fr\/#\/schema\/logo\/image\/\"},\"sameAs\":[\"https:\/\/www.facebook.com\/ManagementUndQualitaet\",\"https:\/\/www.linkedin.com\/showcase\/17982321\/admin\/\"]},{\"@type\":\"Person\",\"@id\":\"https:\/\/www.m-q.ch\/fr\/#\/schema\/person\/c0139a2c55a374db6df2cde78ec87148\",\"name\":\"galledia\",\"image\":{\"@type\":\"ImageObject\",\"inLanguage\":\"de\",\"@id\":\"https:\/\/www.m-q.ch\/fr\/#\/schema\/person\/image\/\",\"url\":\"https:\/\/secure.gravatar.com\/avatar\/66edf527eac29e9a5eb25bcada01f61a?s=96&d=mm&r=g\",\"contentUrl\":\"https:\/\/secure.gravatar.com\/avatar\/66edf527eac29e9a5eb25bcada01f61a?s=96&d=mm&r=g\",\"caption\":\"galledia\"},\"url\":\"https:\/\/www.m-q.ch\/de\/author\/galledia\/\"}]}<\/script>\n<!-- \/ Yoast SEO plugin. -->","yoast_head_json":{"title":"Parlamentarische Gruppe Digitale Nachhaltigkeit \u201eParldigi\u201c - MQ Management und Qualit\u00e4t","description":"Nach einem ersten Wechsel im Pr\u00e4sidium seit 7 Jahren ist Franz Gr\u00fcter (Nationalrat SVP, Luzern) neuer Co-Pr\u00e4sident von Parldigi.","robots":{"index":"index","follow":"follow","max-snippet":"max-snippet:-1","max-image-preview":"max-image-preview:large","max-video-preview":"max-video-preview:-1"},"canonical":"https:\/\/www.m-q.ch\/de\/parlamentarische-gruppe-digitale-nachhaltigkeit-parldigi\/","og_locale":"de_DE","og_type":"article","og_title":"Parlamentarische Gruppe Digitale Nachhaltigkeit \u201eParldigi\u201c - MQ Management und Qualit\u00e4t","og_description":"Nach einem ersten Wechsel im Pr\u00e4sidium seit 7 Jahren ist Franz Gr\u00fcter (Nationalrat SVP, Luzern) neuer Co-Pr\u00e4sident von Parldigi.","og_url":"https:\/\/www.m-q.ch\/de\/parlamentarische-gruppe-digitale-nachhaltigkeit-parldigi\/","og_site_name":"MQ Management und Qualit\u00e4t","article_publisher":"https:\/\/www.facebook.com\/ManagementUndQualitaet","article_published_time":"2016-05-09T11:39:42+00:00","article_modified_time":"2017-03-01T12:55:26+00:00","og_image":[{"width":737,"height":680,"url":"https:\/\/www.m-q.ch\/wp-content\/uploads\/2016\/12\/Parlamentarische-Gruppe-Digitale-Nachhaltigkeit-Parldigi-management-und-qualitaet.jpg","type":"image\/jpeg"}],"author":"galledia","twitter_card":"summary_large_image","twitter_misc":{"Verfasst von":"galledia","Gesch\u00e4tzte Lesezeit":"1\u00a0Minute"},"schema":{"@context":"https:\/\/schema.org","@graph":[{"@type":"Article","@id":"https:\/\/www.m-q.ch\/en\/parliamentary-group-digital-sustainability-parldigi\/#article","isPartOf":{"@id":"https:\/\/www.m-q.ch\/en\/parliamentary-group-digital-sustainability-parldigi\/"},"author":{"name":"galledia","@id":"https:\/\/www.m-q.ch\/fr\/#\/schema\/person\/c0139a2c55a374db6df2cde78ec87148"},"headline":"Parlamentarische Gruppe Digitale Nachhaltigkeit \u201eParldigi\u201c","datePublished":"2016-05-09T11:39:42+00:00","dateModified":"2017-03-01T12:55:26+00:00","mainEntityOfPage":{"@id":"https:\/\/www.m-q.ch\/en\/parliamentary-group-digital-sustainability-parldigi\/"},"wordCount":237,"commentCount":0,"publisher":{"@id":"https:\/\/www.m-q.ch\/fr\/#organization"},"image":{"@id":"https:\/\/www.m-q.ch\/en\/parliamentary-group-digital-sustainability-parldigi\/#primaryimage"},"thumbnailUrl":"https:\/\/www.m-q.ch\/wp-content\/uploads\/2016\/12\/Parlamentarische-Gruppe-Digitale-Nachhaltigkeit-Parldigi-management-und-qualitaet.jpg","keywords":["Personalia"],"articleSection":["Unkategorisiert"],"inLanguage":"de"},{"@type":"WebPage","@id":"https:\/\/www.m-q.ch\/en\/parliamentary-group-digital-sustainability-parldigi\/","url":"https:\/\/www.m-q.ch\/en\/parliamentary-group-digital-sustainability-parldigi\/","name":"Parlamentarische Gruppe Digitale Nachhaltigkeit \u201eParldigi\u201c - MQ Management und Qualit\u00e4t","isPartOf":{"@id":"https:\/\/www.m-q.ch\/fr\/#website"},"primaryImageOfPage":{"@id":"https:\/\/www.m-q.ch\/en\/parliamentary-group-digital-sustainability-parldigi\/#primaryimage"},"image":{"@id":"https:\/\/www.m-q.ch\/en\/parliamentary-group-digital-sustainability-parldigi\/#primaryimage"},"thumbnailUrl":"https:\/\/www.m-q.ch\/wp-content\/uploads\/2016\/12\/Parlamentarische-Gruppe-Digitale-Nachhaltigkeit-Parldigi-management-und-qualitaet.jpg","datePublished":"2016-05-09T11:39:42+00:00","dateModified":"2017-03-01T12:55:26+00:00","description":"Nach einem ersten Wechsel im Pr\u00e4sidium seit 7 Jahren ist Franz Gr\u00fcter (Nationalrat SVP, Luzern) neuer Co-Pr\u00e4sident von Parldigi.","breadcrumb":{"@id":"https:\/\/www.m-q.ch\/en\/parliamentary-group-digital-sustainability-parldigi\/#breadcrumb"},"inLanguage":"de","potentialAction":[{"@type":"ReadAction","target":["https:\/\/www.m-q.ch\/en\/parliamentary-group-digital-sustainability-parldigi\/"]}]},{"@type":"ImageObject","inLanguage":"de","@id":"https:\/\/www.m-q.ch\/en\/parliamentary-group-digital-sustainability-parldigi\/#primaryimage","url":"https:\/\/www.m-q.ch\/wp-content\/uploads\/2016\/12\/Parlamentarische-Gruppe-Digitale-Nachhaltigkeit-Parldigi-management-und-qualitaet.jpg","contentUrl":"https:\/\/www.m-q.ch\/wp-content\/uploads\/2016\/12\/Parlamentarische-Gruppe-Digitale-Nachhaltigkeit-Parldigi-management-und-qualitaet.jpg","width":737,"height":680,"caption":"Franz Gr\u00fcter, Nationalrat und Pr\u00e4sident SVP Kt. Luzern"},{"@type":"BreadcrumbList","@id":"https:\/\/www.m-q.ch\/en\/parliamentary-group-digital-sustainability-parldigi\/#breadcrumb","itemListElement":[{"@type":"ListItem","position":1,"name":"Unkategorisiert","item":"https:\/\/www.m-q.ch\/it\/categoria\/senza-categoria\/"},{"@type":"ListItem","position":2,"name":"Parlamentarische Gruppe Digitale Nachhaltigkeit \u201eParldigi\u201c"}]},{"@type":"WebSite","@id":"https:\/\/www.m-q.ch\/fr\/#website","url":"https:\/\/www.m-q.ch\/fr\/","name":"MQ Management und Qualit\u00e4t","description":"Plattform f\u00fcr integrierte Managementsysteme.","publisher":{"@id":"https:\/\/www.m-q.ch\/fr\/#organization"},"potentialAction":[{"@type":"SearchAction","target":{"@type":"EntryPoint","urlTemplate":"https:\/\/www.m-q.ch\/fr\/?s={search_term_string}"},"query-input":{"@type":"PropertyValueSpecification","valueRequired":true,"valueName":"search_term_string"}}],"inLanguage":"de"},{"@type":"Organization","@id":"https:\/\/www.m-q.ch\/fr\/#organization","name":"Galledia Fachmedien AG","url":"https:\/\/www.m-q.ch\/fr\/","logo":{"@type":"ImageObject","inLanguage":"de","@id":"https:\/\/www.m-q.ch\/fr\/#\/schema\/logo\/image\/","url":"https:\/\/www.m-q.ch\/wp-content\/uploads\/2020\/12\/cropped-logo_small.png","contentUrl":"https:\/\/www.m-q.ch\/wp-content\/uploads\/2020\/12\/cropped-logo_small.png","width":512,"height":512,"caption":"Galledia Fachmedien AG"},"image":{"@id":"https:\/\/www.m-q.ch\/fr\/#\/schema\/logo\/image\/"},"sameAs":["https:\/\/www.facebook.com\/ManagementUndQualitaet","https:\/\/www.linkedin.com\/showcase\/17982321\/admin\/"]},{"@type":"Person","@id":"https:\/\/www.m-q.ch\/fr\/#\/schema\/person\/c0139a2c55a374db6df2cde78ec87148","name":"galledia","image":{"@type":"ImageObject","inLanguage":"de","@id":"https:\/\/www.m-q.ch\/fr\/#\/schema\/person\/image\/","url":"https:\/\/secure.gravatar.com\/avatar\/66edf527eac29e9a5eb25bcada01f61a?s=96&d=mm&r=g","contentUrl":"https:\/\/secure.gravatar.com\/avatar\/66edf527eac29e9a5eb25bcada01f61a?s=96&d=mm&r=g","caption":"galledia"},"url":"https:\/\/www.m-q.ch\/de\/author\/galledia\/"}]}},"_links":{"self":[{"href":"https:\/\/www.m-q.ch\/de\/wp-json\/wp\/v2\/posts\/406","targetHints":{"allow":["GET"]}}],"collection":[{"href":"https:\/\/www.m-q.ch\/de\/wp-json\/wp\/v2\/posts"}],"about":[{"href":"https:\/\/www.m-q.ch\/de\/wp-json\/wp\/v2\/types\/post"}],"author":[{"embeddable":true,"href":"https:\/\/www.m-q.ch\/de\/wp-json\/wp\/v2\/users\/1"}],"replies":[{"embeddable":true,"href":"https:\/\/www.m-q.ch\/de\/wp-json\/wp\/v2\/comments?post=406"}],"version-history":[{"count":2,"href":"https:\/\/www.m-q.ch\/de\/wp-json\/wp\/v2\/posts\/406\/revisions"}],"predecessor-version":[{"id":1142,"href":"https:\/\/www.m-q.ch\/de\/wp-json\/wp\/v2\/posts\/406\/revisions\/1142"}],"wp:featuredmedia":[{"embeddable":true,"href":"https:\/\/www.m-q.ch\/de\/wp-json\/wp\/v2\/media\/193"}],"wp:attachment":[{"href":"https:\/\/www.m-q.ch\/de\/wp-json\/wp\/v2\/media?parent=406"}],"wp:term":[{"taxonomy":"category","embeddable":true,"href":"https:\/\/www.m-q.ch\/de\/wp-json\/wp\/v2\/categories?post=406"},{"taxonomy":"post_tag","embeddable":true,"href":"https:\/\/www.m-q.ch\/de\/wp-json\/wp\/v2\/tags?post=406"}],"curies":[{"name":"wp","href":"https:\/\/api.w.org\/{rel}","templated":true}]}}