{"id":4186,"date":"2020-08-19T11:01:01","date_gmt":"2020-08-19T09:01:01","guid":{"rendered":"https:\/\/www.m-q.ch\/?p=4186"},"modified":"2020-11-05T09:32:00","modified_gmt":"2020-11-05T08:32:00","slug":"swiss-ethics-award-hat-nominierte-projekte-bekanntgegeben","status":"publish","type":"post","link":"https:\/\/www.m-q.ch\/de\/swiss-ethics-award-hat-nominierte-projekte-bekanntgegeben\/","title":{"rendered":"Swiss Ethics Award hat nominierte Projekte bekanntgegeben"},"content":{"rendered":"<figure id=\"attachment_4189\" aria-describedby=\"caption-attachment-4189\" style=\"width: 680px\" class=\"wp-caption alignnone\"><img loading=\"lazy\" decoding=\"async\" class=\"size-medium wp-image-4189\" src=\"https:\/\/www.m-q.ch\/wp-content\/uploads\/2020\/08\/A_SEF_21_20180426_KE_0047-680x453-680x453.jpg\" alt=\"\" width=\"680\" height=\"453\" srcset=\"https:\/\/www.m-q.ch\/wp-content\/uploads\/2020\/08\/A_SEF_21_20180426_KE_0047-680x453.jpg 680w, https:\/\/www.m-q.ch\/wp-content\/uploads\/2020\/08\/A_SEF_21_20180426_KE_0047-680x453-16x12.jpg 16w, https:\/\/www.m-q.ch\/wp-content\/uploads\/2020\/08\/A_SEF_21_20180426_KE_0047-680x453-263x175.jpg 263w, https:\/\/www.m-q.ch\/wp-content\/uploads\/2020\/08\/A_SEF_21_20180426_KE_0047-680x453-525x350.jpg 525w, https:\/\/www.m-q.ch\/wp-content\/uploads\/2020\/08\/A_SEF_21_20180426_KE_0047-680x453-300x200.jpg 300w, https:\/\/www.m-q.ch\/wp-content\/uploads\/2020\/08\/A_SEF_21_20180426_KE_0047-680x453-624x416.jpg 624w\" sizes=\"auto, (max-width: 680px) 100vw, 680px\" \/><figcaption id=\"caption-attachment-4189\" class=\"wp-caption-text\">Wenn weitsichtige Unternehmen Gutes tun: Impressionen vom Swiss Ethics Award 2018. Auch der Award 2020 beinhaltet einige Leuchtpunkte. (Bild: zVg)<\/figcaption><\/figure>\n<p style=\"margin: 0px; padding: 0px 0px 22px; font-size: 14px; line-height: 22px; font-family: 'Droid Serif', Georgia, Times, 'Times New Roman', serif; color: #444444; width: 678.297px; float: left; clear: left; font-style: normal; font-variant-ligatures: normal; font-variant-caps: normal; font-weight: 400; letter-spacing: normal; orphans: 2; text-align: start; text-indent: 0px; text-transform: none; white-space: normal; widows: 2; word-spacing: 0px; -webkit-text-stroke-width: 0px; background-color: #ffffff; text-decoration-style: initial; text-decoration-color: initial;\">Seit 2005 zeichnet das SWISS EXCELLENCE FORUM mit dem Swiss Ethics Award herausragende ethische Leistungen in der Wirtschaft aus. Im Fokus stehen Leistungen von Organisationen, die in besonderer Weise Verantwortung \u00fcbernehmen und sich aktiv f\u00fcr eine nachhaltige Unternehmensf\u00fchrung engagieren. F\u00fcr den Award 2020 sind f\u00fcnf herausragende Projekte nominiert:<\/p>\n<ul style=\"margin: 0px 0px 0px 20px; padding: 0px 0px 22px; list-style: inside; font-family: 'Droid Serif', Georgia, Times, 'Times New Roman', serif; font-size: 14px; color: #444444; line-height: 22px; width: auto; float: left; clear: left; font-style: normal; font-variant-ligatures: normal; font-variant-caps: normal; font-weight: 400; letter-spacing: normal; orphans: 2; text-align: start; text-indent: 0px; text-transform: none; white-space: normal; widows: 2; word-spacing: 0px; -webkit-text-stroke-width: 0px; background-color: #ffffff; text-decoration-style: initial; text-decoration-color: initial;\">\n<li>Alternative Bank Schweiz AG, Olten\u00a0 Projekt: Klima-Aktive ABS<\/li>\n<li>Arbofino AG, M\u00e4nnedorf\u00a0 Holzinvestment mit Biodiversit\u00e4tsf\u00f6rderung<\/li>\n<li>Forma Futura Invest AG, Z\u00fcrich\u00a0 \u00a0Projekt: Unabh\u00e4ngige nachhaltige Verm\u00f6gensverwaltung<\/li>\n<li>Reckhaus AG, Gais mit Insect Respect<\/li>\n<li>Vatorex AG, Wiesendangen\u00a0 mit Bee Together Bee Alive<\/li>\n<\/ul>\n<h2 style=\"margin: 0px; padding: 0px 0px 22px; font-size: 14px; line-height: 22px; font-family: 'Droid Serif', Georgia, Times, 'Times New Roman', serif; color: #444444; width: 678.297px; float: left; clear: left; font-style: normal; font-variant-ligatures: normal; font-variant-caps: normal; font-weight: 400; letter-spacing: normal; orphans: 2; text-align: start; text-indent: 0px; text-transform: none; white-space: normal; widows: 2; word-spacing: 0px; -webkit-text-stroke-width: 0px; background-color: #ffffff; text-decoration-style: initial; text-decoration-color: initial;\"><strong>Preisverleihung im Verkehrshaus Luzern<\/strong><\/h2>\n<p style=\"margin: 0px; padding: 0px 0px 22px; font-size: 14px; line-height: 22px; font-family: 'Droid Serif', Georgia, Times, 'Times New Roman', serif; color: #444444; width: 678.297px; float: left; clear: left; font-style: normal; font-variant-ligatures: normal; font-variant-caps: normal; font-weight: 400; letter-spacing: normal; orphans: 2; text-align: start; text-indent: 0px; text-transform: none; white-space: normal; widows: 2; word-spacing: 0px; -webkit-text-stroke-width: 0px; background-color: #ffffff; text-decoration-style: initial; text-decoration-color: initial;\">Die Verleihung findet am 23. September 2020 im Verkehrshaus Luzern im Rahmen eines spannenden Programms statt. Dr. Marc Holitscher, Mitglied der Gesch\u00e4ftsleitung bei Microsoft Schweiz wird \u00fcber \u201eK\u00fcnstliche Intelligenz: weshalb wir einen ethischen Kompass brauchen\u201c sprechen. Er ist Gast in der anschliessenden Podiumsdiskussion zusammen mit Dr. Regula Pfister, Unternehmerin und Verwaltungsr\u00e4tin und Dr. Michael F\u00fcrst, Head Social Innovation &amp; Strategy, Global Health &amp; Corporate Responsability bei Novartis International AG.<\/p>\n<h2 style=\"margin: 0px; padding: 0px 0px 22px; font-size: 14px; line-height: 22px; font-family: 'Droid Serif', Georgia, Times, 'Times New Roman', serif; color: #444444; width: 678.297px; float: left; clear: left; font-style: normal; font-variant-ligatures: normal; font-variant-caps: normal; font-weight: 400; letter-spacing: normal; orphans: 2; text-align: start; text-indent: 0px; text-transform: none; white-space: normal; widows: 2; word-spacing: 0px; -webkit-text-stroke-width: 0px; background-color: #ffffff; text-decoration-style: initial; text-decoration-color: initial;\"><strong>Jury des Swiss Ethics Award<\/strong><\/h2>\n<p style=\"margin: 0px; padding: 0px 0px 22px; font-size: 14px; line-height: 22px; font-family: 'Droid Serif', Georgia, Times, 'Times New Roman', serif; color: #444444; width: 678.297px; float: left; clear: left; font-style: normal; font-variant-ligatures: normal; font-variant-caps: normal; font-weight: 400; letter-spacing: normal; orphans: 2; text-align: start; text-indent: 0px; text-transform: none; white-space: normal; widows: 2; word-spacing: 0px; -webkit-text-stroke-width: 0px; background-color: #ffffff; text-decoration-style: initial; text-decoration-color: initial;\">Die Beurteilung der Projekte wird durch eine hochkar\u00e4tige Jury, bestehend aus Ethikern sowie Vertretern aus der Wirtschaft, Wissenschaft, Theologie und Politik vorgenommen:<\/p>\n<ul>\n<li style=\"width: 678.29px; color: #444444; text-transform: none; line-height: 22px; text-indent: 0px; letter-spacing: normal; clear: left; font-family: 'Droid Serif',Georgia,Times,'Times New Roman',serif; font-size: 14px; font-style: normal; font-weight: 400; word-spacing: 0px; white-space: normal; orphans: 2; widows: 2; float: left; -webkit-text-stroke-width: 0px; background-color: #ffffff;\">Stephan Baer, Baer Ammann GmbH<\/li>\n<li style=\"width: 678.29px; color: #444444; text-transform: none; line-height: 22px; text-indent: 0px; letter-spacing: normal; clear: left; font-family: 'Droid Serif',Georgia,Times,'Times New Roman',serif; font-size: 14px; font-style: normal; font-weight: 400; word-spacing: 0px; white-space: normal; orphans: 2; widows: 2; float: left; -webkit-text-stroke-width: 0px; background-color: #ffffff;\">Nationalr\u00e4tin Corina Eichenberger<\/li>\n<li style=\"width: 678.29px; color: #444444; text-transform: none; line-height: 22px; text-indent: 0px; letter-spacing: normal; clear: left; font-family: 'Droid Serif',Georgia,Times,'Times New Roman',serif; font-size: 14px; font-style: normal; font-weight: 400; word-spacing: 0px; white-space: normal; orphans: 2; widows: 2; float: left; -webkit-text-stroke-width: 0px; background-color: #ffffff;\">Paola Ghillani, Paola Ghillani &amp; Friends Ltd.<\/li>\n<li style=\"width: 678.29px; color: #444444; text-transform: none; line-height: 22px; text-indent: 0px; letter-spacing: normal; clear: left; font-family: 'Droid Serif',Georgia,Times,'Times New Roman',serif; font-size: 14px; font-style: normal; font-weight: 400; word-spacing: 0px; white-space: normal; orphans: 2; widows: 2; float: left; -webkit-text-stroke-width: 0px; background-color: #ffffff;\">Prof. Dr. Markus Huppenbauer, Zentrum f\u00fcr Religion, Wirtschaft und Politik, Universit\u00e4t Z\u00fcrich<\/li>\n<li style=\"width: 678.29px; color: #444444; text-transform: none; line-height: 22px; text-indent: 0px; letter-spacing: normal; clear: left; font-family: 'Droid Serif',Georgia,Times,'Times New Roman',serif; font-size: 14px; font-style: normal; font-weight: 400; word-spacing: 0px; white-space: normal; orphans: 2; widows: 2; float: left; -webkit-text-stroke-width: 0px; background-color: #ffffff;\">Prof. Dr. Hans Ruh, Wirtschafts- und Sozialethiker<\/li>\n<li style=\"width: 678.29px; color: #444444; text-transform: none; line-height: 22px; text-indent: 0px; letter-spacing: normal; clear: left; font-family: 'Droid Serif',Georgia,Times,'Times New Roman',serif; font-size: 14px; font-style: normal; font-weight: 400; word-spacing: 0px; white-space: normal; orphans: 2; widows: 2; float: left; -webkit-text-stroke-width: 0px; background-color: #ffffff;\">Prof. Dr. Peter Schaber, Ethik-Zentrum der Universit\u00e4t Z\u00fcrich<\/li>\n<li style=\"width: 678.29px; color: #444444; text-transform: none; line-height: 22px; text-indent: 0px; letter-spacing: normal; clear: left; font-family: 'Droid Serif',Georgia,Times,'Times New Roman',serif; font-size: 14px; font-style: normal; font-weight: 400; word-spacing: 0px; white-space: normal; orphans: 2; widows: 2; float: left; -webkit-text-stroke-width: 0px; background-color: #ffffff;\">Dr. Christoph Weber-Berg, Reformiert Landeskirche Aargau<\/li>\n<\/ul>\n<h2 style=\"margin: 0px; padding: 0px 0px 22px; font-size: 14px; line-height: 22px; font-family: 'Droid Serif', Georgia, Times, 'Times New Roman', serif; color: #444444; width: 678.297px; float: left; clear: left; font-style: normal; font-variant-ligatures: normal; font-variant-caps: normal; font-weight: 400; letter-spacing: normal; orphans: 2; text-align: start; text-indent: 0px; text-transform: none; white-space: normal; widows: 2; word-spacing: 0px; -webkit-text-stroke-width: 0px; background-color: #ffffff; text-decoration-style: initial; text-decoration-color: initial;\"><em><strong>Partner<\/strong><\/em><\/h2>\n<p style=\"margin: 0px; padding: 0px 0px 22px; font-size: 14px; line-height: 22px; font-family: 'Droid Serif', Georgia, Times, 'Times New Roman', serif; color: #444444; width: 678.297px; float: left; clear: left; font-style: normal; font-variant-ligatures: normal; font-variant-caps: normal; font-weight: 400; letter-spacing: normal; orphans: 2; text-align: start; text-indent: 0px; text-transform: none; white-space: normal; widows: 2; word-spacing: 0px; -webkit-text-stroke-width: 0px; background-color: #ffffff; text-decoration-style: initial; text-decoration-color: initial;\"><em>Der Swiss Ethics Award wird unterst\u00fctzt von der Holinger AG, Die Post, ibW H\u00f6here Fachschule S\u00fcdostschweiz, Luzerner Kantonalbank, Linkgroup AG, die Zentralbahn, dem Organisator und den Umwelt Perspektiven.<\/em><\/p>\n<p style=\"margin: 0px; padding: 0px 0px 22px; font-size: 14px; line-height: 22px; font-family: 'Droid Serif', Georgia, Times, 'Times New Roman', serif; color: #444444; width: 678.297px; float: left; clear: left; font-style: normal; font-variant-ligatures: normal; font-variant-caps: normal; font-weight: 400; letter-spacing: normal; orphans: 2; text-align: start; text-indent: 0px; text-transform: none; white-space: normal; widows: 2; word-spacing: 0px; -webkit-text-stroke-width: 0px; background-color: #ffffff; text-decoration-style: initial; text-decoration-color: initial;\"><em>F\u00fcr weitere Details kontaktieren Sie bitte:<\/em><\/p>\n<p style=\"margin: 0px; padding: 0px 0px 22px; font-size: 14px; line-height: 22px; font-family: 'Droid Serif', Georgia, Times, 'Times New Roman', serif; color: #444444; width: 678.297px; float: left; clear: left; font-style: normal; font-variant-ligatures: normal; font-variant-caps: normal; font-weight: 400; letter-spacing: normal; orphans: 2; text-align: start; text-indent: 0px; text-transform: none; white-space: normal; widows: 2; word-spacing: 0px; -webkit-text-stroke-width: 0px; background-color: #ffffff; text-decoration-style: initial; text-decoration-color: initial;\"><em>Ruth Buholzer, SWISS EXCELLENCE FORUM<\/em><\/p>\n<p style=\"margin: 0px; padding: 0px 0px 22px; font-size: 14px; line-height: 22px; font-family: 'Droid Serif', Georgia, Times, 'Times New Roman', serif; color: #444444; width: 678.297px; float: left; clear: left; font-style: normal; font-variant-ligatures: normal; font-variant-caps: normal; font-weight: 400; letter-spacing: normal; orphans: 2; text-align: start; text-indent: 0px; text-transform: none; white-space: normal; widows: 2; word-spacing: 0px; -webkit-text-stroke-width: 0px; background-color: #ffffff; text-decoration-style: initial; text-decoration-color: initial;\"><em>(<a>r.buholzer@excellence-forum.ch<\/a>)<\/em><\/p>\n<p style=\"margin: 0px; padding: 0px 0px 22px; font-size: 14px; line-height: 22px; font-family: 'Droid Serif', Georgia, Times, 'Times New Roman', serif; color: #444444; width: 678.297px; float: left; clear: left; font-style: normal; font-variant-ligatures: normal; font-variant-caps: normal; font-weight: 400; letter-spacing: normal; orphans: 2; text-align: start; text-indent: 0px; text-transform: none; white-space: normal; widows: 2; word-spacing: 0px; -webkit-text-stroke-width: 0px; background-color: #ffffff; text-decoration-style: initial; text-decoration-color: initial;\"><em><a href=\"https:\/\/www.swiss-excellence-forum.ch\/\">www.swiss-excellence-forum.ch<\/a><\/em><\/p>\n","protected":false},"excerpt":{"rendered":"<p>Seit 2005 zeichnet das SWISS EXCELLENCE FORUM mit dem Swiss Ethics Award herausragende ethische Leistungen in der Wirtschaft aus. Im Fokus stehen Leistungen von Organisationen, die in besonderer Weise Verantwortung \u00fcbernehmen und sich aktiv f\u00fcr eine nachhaltige Unternehmensf\u00fchrung engagieren. F\u00fcr den Award 2020 sind f\u00fcnf herausragende Projekte nominiert: Alternative Bank Schweiz AG, Olten\u00a0 Projekt: Klima-Aktive [&hellip;]<\/p>\n","protected":false},"author":10,"featured_media":4189,"comment_status":"closed","ping_status":"closed","sticky":false,"template":"","format":"standard","meta":{"_acf_changed":false,"footnotes":""},"categories":[5],"tags":[3529,3328,3360,3367],"class_list":["post-4186","post","type-post","status-publish","format-standard","has-post-thumbnail","hentry","category-business_excellence","tag-award","tag-business-excellence","tag-management-und-unternehmensfuehrung","tag-nachhaltige-wirtschaft"],"acf":[],"yoast_head":"<!-- This site is optimized with the Yoast SEO plugin v26.2 - https:\/\/yoast.com\/wordpress\/plugins\/seo\/ -->\n<title>Swiss Ethics Award hat nominierte Projekte bekanntgegeben - MQ Management und Qualit\u00e4t<\/title>\n<meta name=\"description\" content=\"F\u00fcnf Unternehmen sind f\u00fcr den Swiss Ethics Award nominiert, der am 23. September 2020 durch das SWISS EXCELLENCE FORUM zum 9. Mal verliehen wird.\" \/>\n<meta name=\"robots\" content=\"index, follow, max-snippet:-1, max-image-preview:large, max-video-preview:-1\" \/>\n<link rel=\"canonical\" href=\"https:\/\/www.m-q.ch\/de\/swiss-ethics-award-hat-nominierte-projekte-bekanntgegeben\/\" \/>\n<meta property=\"og:locale\" content=\"de_DE\" \/>\n<meta property=\"og:type\" content=\"article\" \/>\n<meta property=\"og:title\" content=\"Swiss Ethics Award hat nominierte Projekte bekanntgegeben\" \/>\n<meta property=\"og:description\" content=\"F\u00fcnf Unternehmen sind f\u00fcr den Swiss Ethics Award nominiert, der am 23. September 2020 durch das SWISS EXCELLENCE FORUM zum 9. Mal verliehen wird.\" \/>\n<meta property=\"og:url\" content=\"https:\/\/www.m-q.ch\/de\/swiss-ethics-award-hat-nominierte-projekte-bekanntgegeben\/\" \/>\n<meta property=\"og:site_name\" content=\"MQ Management und Qualit\u00e4t\" \/>\n<meta property=\"article:publisher\" content=\"https:\/\/www.facebook.com\/ManagementUndQualitaet\" \/>\n<meta property=\"article:published_time\" content=\"2020-08-19T09:01:01+00:00\" \/>\n<meta property=\"article:modified_time\" content=\"2020-11-05T08:32:00+00:00\" \/>\n<meta property=\"og:image\" content=\"https:\/\/www.m-q.ch\/wp-content\/uploads\/2020\/08\/A_SEF_21_20180426_KE_0047-680x453.jpg\" \/>\n<meta name=\"author\" content=\"Thomas Berner\" \/>\n<meta name=\"twitter:card\" content=\"summary_large_image\" \/>\n<meta name=\"twitter:title\" content=\"Swiss Ethics Award hat nominierte Projekte bekanntgegeben\" \/>\n<meta name=\"twitter:description\" content=\"F\u00fcnf Unternehmen sind f\u00fcr den Swiss Ethics Award nominiert, der am 23. September 2020 durch das SWISS EXCELLENCE FORUM zum 9. Mal verliehen wird.\" \/>\n<meta name=\"twitter:image\" content=\"https:\/\/www.m-q.ch\/wp-content\/uploads\/2020\/08\/A_SEF_21_20180426_KE_0047-680x453.jpg\" \/>\n<meta name=\"twitter:label1\" content=\"Verfasst von\" \/>\n\t<meta name=\"twitter:data1\" content=\"Thomas Berner\" \/>\n\t<meta name=\"twitter:label2\" content=\"Gesch\u00e4tzte Lesezeit\" \/>\n\t<meta name=\"twitter:data2\" content=\"2\u00a0Minuten\" \/>\n<script type=\"application\/ld+json\" class=\"yoast-schema-graph\">{\"@context\":\"https:\/\/schema.org\",\"@graph\":[{\"@type\":\"Article\",\"@id\":\"https:\/\/www.m-q.ch\/swiss-ethics-award-hat-nominierte-projekte-bekanntgegeben\/#article\",\"isPartOf\":{\"@id\":\"https:\/\/www.m-q.ch\/swiss-ethics-award-hat-nominierte-projekte-bekanntgegeben\/\"},\"author\":{\"name\":\"Thomas Berner\",\"@id\":\"https:\/\/www.m-q.ch\/fr\/#\/schema\/person\/a8711938b1cfb3f056dec70eaa0b42ab\"},\"headline\":\"Swiss Ethics Award hat nominierte Projekte bekanntgegeben\",\"datePublished\":\"2020-08-19T09:01:01+00:00\",\"dateModified\":\"2020-11-05T08:32:00+00:00\",\"mainEntityOfPage\":{\"@id\":\"https:\/\/www.m-q.ch\/swiss-ethics-award-hat-nominierte-projekte-bekanntgegeben\/\"},\"wordCount\":333,\"publisher\":{\"@id\":\"https:\/\/www.m-q.ch\/fr\/#organization\"},\"image\":{\"@id\":\"https:\/\/www.m-q.ch\/swiss-ethics-award-hat-nominierte-projekte-bekanntgegeben\/#primaryimage\"},\"thumbnailUrl\":\"https:\/\/www.m-q.ch\/wp-content\/uploads\/2020\/08\/A_SEF_21_20180426_KE_0047-680x453.jpg\",\"keywords\":[\"Award\",\"Business Excellence\",\"Management und Unternehmensf\u00fchrung\",\"Nachhaltige Wirtschaft\"],\"articleSection\":[\"Business Excellence\"],\"inLanguage\":\"de\"},{\"@type\":\"WebPage\",\"@id\":\"https:\/\/www.m-q.ch\/swiss-ethics-award-hat-nominierte-projekte-bekanntgegeben\/\",\"url\":\"https:\/\/www.m-q.ch\/swiss-ethics-award-hat-nominierte-projekte-bekanntgegeben\/\",\"name\":\"Swiss Ethics Award hat nominierte Projekte bekanntgegeben - MQ Management und Qualit\u00e4t\",\"isPartOf\":{\"@id\":\"https:\/\/www.m-q.ch\/fr\/#website\"},\"primaryImageOfPage\":{\"@id\":\"https:\/\/www.m-q.ch\/swiss-ethics-award-hat-nominierte-projekte-bekanntgegeben\/#primaryimage\"},\"image\":{\"@id\":\"https:\/\/www.m-q.ch\/swiss-ethics-award-hat-nominierte-projekte-bekanntgegeben\/#primaryimage\"},\"thumbnailUrl\":\"https:\/\/www.m-q.ch\/wp-content\/uploads\/2020\/08\/A_SEF_21_20180426_KE_0047-680x453.jpg\",\"datePublished\":\"2020-08-19T09:01:01+00:00\",\"dateModified\":\"2020-11-05T08:32:00+00:00\",\"description\":\"F\u00fcnf Unternehmen sind f\u00fcr den Swiss Ethics Award nominiert, der am 23. September 2020 durch das SWISS EXCELLENCE FORUM zum 9. Mal verliehen wird.\",\"breadcrumb\":{\"@id\":\"https:\/\/www.m-q.ch\/swiss-ethics-award-hat-nominierte-projekte-bekanntgegeben\/#breadcrumb\"},\"inLanguage\":\"de\",\"potentialAction\":[{\"@type\":\"ReadAction\",\"target\":[\"https:\/\/www.m-q.ch\/swiss-ethics-award-hat-nominierte-projekte-bekanntgegeben\/\"]}]},{\"@type\":\"ImageObject\",\"inLanguage\":\"de\",\"@id\":\"https:\/\/www.m-q.ch\/swiss-ethics-award-hat-nominierte-projekte-bekanntgegeben\/#primaryimage\",\"url\":\"https:\/\/www.m-q.ch\/wp-content\/uploads\/2020\/08\/A_SEF_21_20180426_KE_0047-680x453.jpg\",\"contentUrl\":\"https:\/\/www.m-q.ch\/wp-content\/uploads\/2020\/08\/A_SEF_21_20180426_KE_0047-680x453.jpg\",\"width\":680,\"height\":453,\"caption\":\"Wenn weitsichtige Unternehmen Gutes tun: Impressionen vom Swiss Ethics Award 2018. Auch der Award 2020 beinhaltet einige Leuchtpunkte. (Bild: zVg)\"},{\"@type\":\"BreadcrumbList\",\"@id\":\"https:\/\/www.m-q.ch\/swiss-ethics-award-hat-nominierte-projekte-bekanntgegeben\/#breadcrumb\",\"itemListElement\":[{\"@type\":\"ListItem\",\"position\":1,\"name\":\"Business Excellence\",\"item\":\"https:\/\/www.m-q.ch\/kategorie\/business_excellence\/\"},{\"@type\":\"ListItem\",\"position\":2,\"name\":\"Swiss Ethics Award hat nominierte Projekte bekanntgegeben\"}]},{\"@type\":\"WebSite\",\"@id\":\"https:\/\/www.m-q.ch\/fr\/#website\",\"url\":\"https:\/\/www.m-q.ch\/fr\/\",\"name\":\"MQ Management und Qualit\u00e4t\",\"description\":\"Plattform f\u00fcr integrierte Managementsysteme.\",\"publisher\":{\"@id\":\"https:\/\/www.m-q.ch\/fr\/#organization\"},\"potentialAction\":[{\"@type\":\"SearchAction\",\"target\":{\"@type\":\"EntryPoint\",\"urlTemplate\":\"https:\/\/www.m-q.ch\/fr\/?s={search_term_string}\"},\"query-input\":{\"@type\":\"PropertyValueSpecification\",\"valueRequired\":true,\"valueName\":\"search_term_string\"}}],\"inLanguage\":\"de\"},{\"@type\":\"Organization\",\"@id\":\"https:\/\/www.m-q.ch\/fr\/#organization\",\"name\":\"Galledia Fachmedien AG\",\"url\":\"https:\/\/www.m-q.ch\/fr\/\",\"logo\":{\"@type\":\"ImageObject\",\"inLanguage\":\"de\",\"@id\":\"https:\/\/www.m-q.ch\/fr\/#\/schema\/logo\/image\/\",\"url\":\"https:\/\/www.m-q.ch\/wp-content\/uploads\/2020\/12\/cropped-logo_small.png\",\"contentUrl\":\"https:\/\/www.m-q.ch\/wp-content\/uploads\/2020\/12\/cropped-logo_small.png\",\"width\":512,\"height\":512,\"caption\":\"Galledia Fachmedien AG\"},\"image\":{\"@id\":\"https:\/\/www.m-q.ch\/fr\/#\/schema\/logo\/image\/\"},\"sameAs\":[\"https:\/\/www.facebook.com\/ManagementUndQualitaet\",\"https:\/\/www.linkedin.com\/showcase\/17982321\/admin\/\"]},{\"@type\":\"Person\",\"@id\":\"https:\/\/www.m-q.ch\/fr\/#\/schema\/person\/a8711938b1cfb3f056dec70eaa0b42ab\",\"name\":\"Thomas Berner\",\"image\":{\"@type\":\"ImageObject\",\"inLanguage\":\"de\",\"@id\":\"https:\/\/www.m-q.ch\/fr\/#\/schema\/person\/image\/\",\"url\":\"https:\/\/secure.gravatar.com\/avatar\/faea7857408f70478f976d576da10f96?s=96&d=mm&r=g\",\"contentUrl\":\"https:\/\/secure.gravatar.com\/avatar\/faea7857408f70478f976d576da10f96?s=96&d=mm&r=g\",\"caption\":\"Thomas Berner\"},\"url\":\"https:\/\/www.m-q.ch\/de\/author\/thomas-berner\/\"}]}<\/script>\n<!-- \/ Yoast SEO plugin. -->","yoast_head_json":{"title":"Swiss Ethics Award hat nominierte Projekte bekanntgegeben - MQ Management und Qualit\u00e4t","description":"F\u00fcnf Unternehmen sind f\u00fcr den Swiss Ethics Award nominiert, der am 23. September 2020 durch das SWISS EXCELLENCE FORUM zum 9. Mal verliehen wird.","robots":{"index":"index","follow":"follow","max-snippet":"max-snippet:-1","max-image-preview":"max-image-preview:large","max-video-preview":"max-video-preview:-1"},"canonical":"https:\/\/www.m-q.ch\/de\/swiss-ethics-award-hat-nominierte-projekte-bekanntgegeben\/","og_locale":"de_DE","og_type":"article","og_title":"Swiss Ethics Award hat nominierte Projekte bekanntgegeben","og_description":"F\u00fcnf Unternehmen sind f\u00fcr den Swiss Ethics Award nominiert, der am 23. September 2020 durch das SWISS EXCELLENCE FORUM zum 9. Mal verliehen wird.","og_url":"https:\/\/www.m-q.ch\/de\/swiss-ethics-award-hat-nominierte-projekte-bekanntgegeben\/","og_site_name":"MQ Management und Qualit\u00e4t","article_publisher":"https:\/\/www.facebook.com\/ManagementUndQualitaet","article_published_time":"2020-08-19T09:01:01+00:00","article_modified_time":"2020-11-05T08:32:00+00:00","og_image":[{"url":"https:\/\/www.m-q.ch\/wp-content\/uploads\/2020\/08\/A_SEF_21_20180426_KE_0047-680x453.jpg","type":"","width":"","height":""}],"author":"Thomas Berner","twitter_card":"summary_large_image","twitter_title":"Swiss Ethics Award hat nominierte Projekte bekanntgegeben","twitter_description":"F\u00fcnf Unternehmen sind f\u00fcr den Swiss Ethics Award nominiert, der am 23. September 2020 durch das SWISS EXCELLENCE FORUM zum 9. Mal verliehen wird.","twitter_image":"https:\/\/www.m-q.ch\/wp-content\/uploads\/2020\/08\/A_SEF_21_20180426_KE_0047-680x453.jpg","twitter_misc":{"Verfasst von":"Thomas Berner","Gesch\u00e4tzte Lesezeit":"2\u00a0Minuten"},"schema":{"@context":"https:\/\/schema.org","@graph":[{"@type":"Article","@id":"https:\/\/www.m-q.ch\/swiss-ethics-award-hat-nominierte-projekte-bekanntgegeben\/#article","isPartOf":{"@id":"https:\/\/www.m-q.ch\/swiss-ethics-award-hat-nominierte-projekte-bekanntgegeben\/"},"author":{"name":"Thomas Berner","@id":"https:\/\/www.m-q.ch\/fr\/#\/schema\/person\/a8711938b1cfb3f056dec70eaa0b42ab"},"headline":"Swiss Ethics Award hat nominierte Projekte bekanntgegeben","datePublished":"2020-08-19T09:01:01+00:00","dateModified":"2020-11-05T08:32:00+00:00","mainEntityOfPage":{"@id":"https:\/\/www.m-q.ch\/swiss-ethics-award-hat-nominierte-projekte-bekanntgegeben\/"},"wordCount":333,"publisher":{"@id":"https:\/\/www.m-q.ch\/fr\/#organization"},"image":{"@id":"https:\/\/www.m-q.ch\/swiss-ethics-award-hat-nominierte-projekte-bekanntgegeben\/#primaryimage"},"thumbnailUrl":"https:\/\/www.m-q.ch\/wp-content\/uploads\/2020\/08\/A_SEF_21_20180426_KE_0047-680x453.jpg","keywords":["Award","Business Excellence","Management und Unternehmensf\u00fchrung","Nachhaltige Wirtschaft"],"articleSection":["Business Excellence"],"inLanguage":"de"},{"@type":"WebPage","@id":"https:\/\/www.m-q.ch\/swiss-ethics-award-hat-nominierte-projekte-bekanntgegeben\/","url":"https:\/\/www.m-q.ch\/swiss-ethics-award-hat-nominierte-projekte-bekanntgegeben\/","name":"Swiss Ethics Award hat nominierte Projekte bekanntgegeben - MQ Management und Qualit\u00e4t","isPartOf":{"@id":"https:\/\/www.m-q.ch\/fr\/#website"},"primaryImageOfPage":{"@id":"https:\/\/www.m-q.ch\/swiss-ethics-award-hat-nominierte-projekte-bekanntgegeben\/#primaryimage"},"image":{"@id":"https:\/\/www.m-q.ch\/swiss-ethics-award-hat-nominierte-projekte-bekanntgegeben\/#primaryimage"},"thumbnailUrl":"https:\/\/www.m-q.ch\/wp-content\/uploads\/2020\/08\/A_SEF_21_20180426_KE_0047-680x453.jpg","datePublished":"2020-08-19T09:01:01+00:00","dateModified":"2020-11-05T08:32:00+00:00","description":"F\u00fcnf Unternehmen sind f\u00fcr den Swiss Ethics Award nominiert, der am 23. September 2020 durch das SWISS EXCELLENCE FORUM zum 9. Mal verliehen wird.","breadcrumb":{"@id":"https:\/\/www.m-q.ch\/swiss-ethics-award-hat-nominierte-projekte-bekanntgegeben\/#breadcrumb"},"inLanguage":"de","potentialAction":[{"@type":"ReadAction","target":["https:\/\/www.m-q.ch\/swiss-ethics-award-hat-nominierte-projekte-bekanntgegeben\/"]}]},{"@type":"ImageObject","inLanguage":"de","@id":"https:\/\/www.m-q.ch\/swiss-ethics-award-hat-nominierte-projekte-bekanntgegeben\/#primaryimage","url":"https:\/\/www.m-q.ch\/wp-content\/uploads\/2020\/08\/A_SEF_21_20180426_KE_0047-680x453.jpg","contentUrl":"https:\/\/www.m-q.ch\/wp-content\/uploads\/2020\/08\/A_SEF_21_20180426_KE_0047-680x453.jpg","width":680,"height":453,"caption":"Wenn weitsichtige Unternehmen Gutes tun: Impressionen vom Swiss Ethics Award 2018. Auch der Award 2020 beinhaltet einige Leuchtpunkte. (Bild: zVg)"},{"@type":"BreadcrumbList","@id":"https:\/\/www.m-q.ch\/swiss-ethics-award-hat-nominierte-projekte-bekanntgegeben\/#breadcrumb","itemListElement":[{"@type":"ListItem","position":1,"name":"Business Excellence","item":"https:\/\/www.m-q.ch\/kategorie\/business_excellence\/"},{"@type":"ListItem","position":2,"name":"Swiss Ethics Award hat nominierte Projekte bekanntgegeben"}]},{"@type":"WebSite","@id":"https:\/\/www.m-q.ch\/fr\/#website","url":"https:\/\/www.m-q.ch\/fr\/","name":"MQ Management und Qualit\u00e4t","description":"Plattform f\u00fcr integrierte Managementsysteme.","publisher":{"@id":"https:\/\/www.m-q.ch\/fr\/#organization"},"potentialAction":[{"@type":"SearchAction","target":{"@type":"EntryPoint","urlTemplate":"https:\/\/www.m-q.ch\/fr\/?s={search_term_string}"},"query-input":{"@type":"PropertyValueSpecification","valueRequired":true,"valueName":"search_term_string"}}],"inLanguage":"de"},{"@type":"Organization","@id":"https:\/\/www.m-q.ch\/fr\/#organization","name":"Galledia Fachmedien AG","url":"https:\/\/www.m-q.ch\/fr\/","logo":{"@type":"ImageObject","inLanguage":"de","@id":"https:\/\/www.m-q.ch\/fr\/#\/schema\/logo\/image\/","url":"https:\/\/www.m-q.ch\/wp-content\/uploads\/2020\/12\/cropped-logo_small.png","contentUrl":"https:\/\/www.m-q.ch\/wp-content\/uploads\/2020\/12\/cropped-logo_small.png","width":512,"height":512,"caption":"Galledia Fachmedien AG"},"image":{"@id":"https:\/\/www.m-q.ch\/fr\/#\/schema\/logo\/image\/"},"sameAs":["https:\/\/www.facebook.com\/ManagementUndQualitaet","https:\/\/www.linkedin.com\/showcase\/17982321\/admin\/"]},{"@type":"Person","@id":"https:\/\/www.m-q.ch\/fr\/#\/schema\/person\/a8711938b1cfb3f056dec70eaa0b42ab","name":"Thomas Berner","image":{"@type":"ImageObject","inLanguage":"de","@id":"https:\/\/www.m-q.ch\/fr\/#\/schema\/person\/image\/","url":"https:\/\/secure.gravatar.com\/avatar\/faea7857408f70478f976d576da10f96?s=96&d=mm&r=g","contentUrl":"https:\/\/secure.gravatar.com\/avatar\/faea7857408f70478f976d576da10f96?s=96&d=mm&r=g","caption":"Thomas Berner"},"url":"https:\/\/www.m-q.ch\/de\/author\/thomas-berner\/"}]}},"_links":{"self":[{"href":"https:\/\/www.m-q.ch\/de\/wp-json\/wp\/v2\/posts\/4186","targetHints":{"allow":["GET"]}}],"collection":[{"href":"https:\/\/www.m-q.ch\/de\/wp-json\/wp\/v2\/posts"}],"about":[{"href":"https:\/\/www.m-q.ch\/de\/wp-json\/wp\/v2\/types\/post"}],"author":[{"embeddable":true,"href":"https:\/\/www.m-q.ch\/de\/wp-json\/wp\/v2\/users\/10"}],"replies":[{"embeddable":true,"href":"https:\/\/www.m-q.ch\/de\/wp-json\/wp\/v2\/comments?post=4186"}],"version-history":[{"count":4,"href":"https:\/\/www.m-q.ch\/de\/wp-json\/wp\/v2\/posts\/4186\/revisions"}],"predecessor-version":[{"id":4191,"href":"https:\/\/www.m-q.ch\/de\/wp-json\/wp\/v2\/posts\/4186\/revisions\/4191"}],"wp:featuredmedia":[{"embeddable":true,"href":"https:\/\/www.m-q.ch\/de\/wp-json\/wp\/v2\/media\/4189"}],"wp:attachment":[{"href":"https:\/\/www.m-q.ch\/de\/wp-json\/wp\/v2\/media?parent=4186"}],"wp:term":[{"taxonomy":"category","embeddable":true,"href":"https:\/\/www.m-q.ch\/de\/wp-json\/wp\/v2\/categories?post=4186"},{"taxonomy":"post_tag","embeddable":true,"href":"https:\/\/www.m-q.ch\/de\/wp-json\/wp\/v2\/tags?post=4186"}],"curies":[{"name":"wp","href":"https:\/\/api.w.org\/{rel}","templated":true}]}}