{"id":422,"date":"2016-05-20T13:48:10","date_gmt":"2016-05-20T11:48:10","guid":{"rendered":"http:\/\/dev.m-q.ch\/?p=422"},"modified":"2017-03-01T13:47:11","modified_gmt":"2017-03-01T12:47:11","slug":"change-nur-mit-kulturentwicklung","status":"publish","type":"post","link":"https:\/\/www.m-q.ch\/de\/change-nur-mit-kulturentwicklung\/","title":{"rendered":"Change nur mit Kulturentwicklung"},"content":{"rendered":"<p><a href=\"https:\/\/m-q.ch\/wp-content\/uploads\/2016\/12\/Change-nur-mit-Kulturentwicklung-management-und-qualitaet.jpg\"><img loading=\"lazy\" decoding=\"async\" class=\"alignnone wp-image-72 size-medium\" src=\"https:\/\/www.m-q.ch\/wp-content\/uploads\/2016\/12\/Change-nur-mit-Kulturentwicklung-management-und-qualitaet-680x382.jpg\" width=\"680\" height=\"382\" srcset=\"https:\/\/www.m-q.ch\/wp-content\/uploads\/2016\/12\/Change-nur-mit-Kulturentwicklung-management-und-qualitaet-680x382.jpg 680w, https:\/\/www.m-q.ch\/wp-content\/uploads\/2016\/12\/Change-nur-mit-Kulturentwicklung-management-und-qualitaet-768x431.jpg 768w, https:\/\/www.m-q.ch\/wp-content\/uploads\/2016\/12\/Change-nur-mit-Kulturentwicklung-management-und-qualitaet-16x9.jpg 16w, https:\/\/www.m-q.ch\/wp-content\/uploads\/2016\/12\/Change-nur-mit-Kulturentwicklung-management-und-qualitaet-312x175.jpg 312w, https:\/\/www.m-q.ch\/wp-content\/uploads\/2016\/12\/Change-nur-mit-Kulturentwicklung-management-und-qualitaet-624x350.jpg 624w, https:\/\/www.m-q.ch\/wp-content\/uploads\/2016\/12\/Change-nur-mit-Kulturentwicklung-management-und-qualitaet-300x168.jpg 300w, https:\/\/www.m-q.ch\/wp-content\/uploads\/2016\/12\/Change-nur-mit-Kulturentwicklung-management-und-qualitaet.jpg 900w\" sizes=\"auto, (max-width: 680px) 100vw, 680px\" \/><\/a><\/p>\n<p>Ver\u00e4nderungen und der Umgang damit sind heute der Alltag in den meisten Organisationen. Globalisierung, Demografie, Digitalisierung und Kostendruck sind die Treiber von st\u00e4ndig neuen Change-Prozessen. Alleine Vorstand und Gesch\u00e4ftsf\u00fchrung sind der Auffassung, dass die Kultur in Ihrem Unternehmen den Wandel mehr st\u00e4rkt als hemmt.<\/p>\n<p>Auf einer Skala von null bis zehn liegt der Wert der Chefs bei 6,4, der Durchschnitt aller bei 4,6. \u201eOft gibt es zu wenig Bewusstsein f\u00fcr die Kultur\u201c res\u00fcmiert Lorenz Forchhammer, Studienleiter und Senior Partner bei ComTeam. \u201eGewachsene Kulturen sind unter ver\u00e4nderten Umweltbedingungen mehr Sand als \u00d6l im Getriebe der Organisationen. Sie behindern den Wandel eher, als dass sie ihm Fl\u00fcgel verleihen\u201c, so Forchhammer.<\/p>\n<p>Vor allem der Umgang mit Konflikten, mit Ressourcen und Zeit sowie Macht und Hierarchie, respektive Anerkennung und Kritik als zentrale Kulturelemente ist nach Ansicht der Befragten verbesserungsw\u00fcrdig. Hier gilt es, eine Kultur zu entwickeln, in der Neues Fuss fassen kann: \u201eNeue agile Methoden erm\u00f6glichen Fortschritte, die sowohl kulturell als auch organisatorisch zukunftsfest machen. Sie bewirken nicht nur kosmetische Anpassung, sondern tiefgreifenden Wandel\u201c, erkl\u00e4rt Forchhammer zu L\u00f6sungsm\u00f6glichkeiten.<\/p>\n<p><strong>Ver\u00e4nderung braucht vor allem Geduld<\/strong><\/p>\n<p>Bei Ver\u00e4nderungen r\u00e4umen die Befragten ihren Unternehmen wenig Kompetenz ein. Auf einer Skala von 1 bis 5 liegt der Wert exakt bei 3, was nicht f\u00fcr besondere F\u00e4higkeiten spricht. In der Frage nach dem gr\u00f6ssten Lernfeld in Zusammenhang mit Change taucht, ohne Vorgaben gefragt, mit Abstand am h\u00e4ufigsten der Begriff \u201eGeduld\u201c auf. Forchhammer erg\u00e4nzt dieses Ergebnis: \u201e\u00dcberall fehlt es an Management, Methodik und Zeit. Es muss alles schnell gehen, die erforderlichen Ressourcen werden nicht aktiviert. Die soziale Komplexit\u00e4t von Ver\u00e4nderungsprojekten wird immer noch eklatant untersch\u00e4tzt.\u201c<\/p>\n<p><strong>Weniger Kompetenz als Wille zu Ver\u00e4nderungen<\/strong><\/p>\n<p>Etwas bessere Werte als bei der Ver\u00e4nderungskompetenz erreichen Organisationen beim Ver\u00e4nderungswillen, der ihnen zugeschrieben wird. Hier liegt der Durchschnittswert bei 3,26 (Skala 1 bis 5). Der Wille zu Ver\u00e4nderungen ist offensichtlich st\u00e4rker, die F\u00e4higkeit dazu jedoch eher schwach ausgepr\u00e4gt. Bei beiden Fragen sch\u00e4tzt das Top-Management sein Unternehmen jeweils deutlich positiver ein als die gesamte Belegschaft dies tut. Solche unterschiedlichen Sichtweisen von Management und Mitarbeitern hat ComTeam bereits mehrfach in Studien zum Thema F\u00fchrung, Unternehmenskultur und Ver\u00e4nderung festgestellt.<\/p>\n<p>Die Studie \u201eChangeability\u201c besch\u00e4ftigt sich ebenfalls mit der Frage, wer im Unternehmen Ver\u00e4nderungen initiiert, mit dem Aufwand, den Unternehmen in Ver\u00e4nderungsprozesse stecken, den Themen, die dabei wichtig sind, sowie den Assoziationen, die Mitarbeiter und F\u00fchrungskr\u00e4fte mit Ver\u00e4nderungen haben.<\/p>\n<p>Den Ergebnisbericht zur Umfrage gibt es zum Download unter diesem <a href=\"http:\/\/comteamgroup.com\/de\/unternehmen-und-menschen\/news-und-presse\/#c2409\" target=\"_blank\" data-cke-saved-href=\"http:\/\/comteamgroup.com\/de\/unternehmen-und-menschen\/news-und-presse\/#c2409\">Link<\/a><\/p>\n<p>&nbsp;<\/p>\n","protected":false},"excerpt":{"rendered":"<p>Ver\u00e4nderungen und der Umgang damit sind heute der Alltag in den meisten Organisationen. Globalisierung, Demografie, Digitalisierung und Kostendruck sind die Treiber von st\u00e4ndig neuen Change-Prozessen. Alleine Vorstand und Gesch\u00e4ftsf\u00fchrung sind der Auffassung, dass die Kultur in Ihrem Unternehmen den Wandel mehr st\u00e4rkt als hemmt. Auf einer Skala von null bis zehn liegt der Wert der [&hellip;]<\/p>\n","protected":false},"author":1,"featured_media":72,"comment_status":"open","ping_status":"open","sticky":false,"template":"","format":"standard","meta":{"_acf_changed":false,"footnotes":""},"categories":[5],"tags":[3360],"class_list":["post-422","post","type-post","status-publish","format-standard","has-post-thumbnail","hentry","category-business_excellence","tag-management-und-unternehmensfuehrung"],"acf":[],"yoast_head":"<!-- This site is optimized with the Yoast SEO plugin v26.2 - https:\/\/yoast.com\/wordpress\/plugins\/seo\/ -->\n<title>Change nur mit Kulturentwicklung - MQ Management und Qualit\u00e4t<\/title>\n<meta name=\"description\" content=\"Kulturentwicklung: Die Studie \u201eChangeability\u201c von ComTeam zeigt, dass die Mitarbeiter ihre Unternehmen f\u00fcr wenig kompetent halten in Sachen Ver\u00e4nderung.\" \/>\n<meta name=\"robots\" content=\"index, follow, max-snippet:-1, max-image-preview:large, max-video-preview:-1\" \/>\n<link rel=\"canonical\" href=\"https:\/\/www.m-q.ch\/de\/change-nur-mit-kulturentwicklung\/\" \/>\n<meta property=\"og:locale\" content=\"de_DE\" \/>\n<meta property=\"og:type\" content=\"article\" \/>\n<meta property=\"og:title\" content=\"Change nur mit Kulturentwicklung - MQ Management und Qualit\u00e4t\" \/>\n<meta property=\"og:description\" content=\"Kulturentwicklung: Die Studie \u201eChangeability\u201c von ComTeam zeigt, dass die Mitarbeiter ihre Unternehmen f\u00fcr wenig kompetent halten in Sachen Ver\u00e4nderung.\" \/>\n<meta property=\"og:url\" content=\"https:\/\/www.m-q.ch\/de\/change-nur-mit-kulturentwicklung\/\" \/>\n<meta property=\"og:site_name\" content=\"MQ Management und Qualit\u00e4t\" \/>\n<meta property=\"article:publisher\" content=\"https:\/\/www.facebook.com\/ManagementUndQualitaet\" \/>\n<meta property=\"article:published_time\" content=\"2016-05-20T11:48:10+00:00\" \/>\n<meta property=\"article:modified_time\" content=\"2017-03-01T12:47:11+00:00\" \/>\n<meta property=\"og:image\" content=\"https:\/\/www.m-q.ch\/wp-content\/uploads\/2016\/12\/Change-nur-mit-Kulturentwicklung-management-und-qualitaet.jpg\" \/>\n\t<meta property=\"og:image:width\" content=\"900\" \/>\n\t<meta property=\"og:image:height\" content=\"505\" \/>\n\t<meta property=\"og:image:type\" content=\"image\/jpeg\" \/>\n<meta name=\"author\" content=\"galledia\" \/>\n<meta name=\"twitter:card\" content=\"summary_large_image\" \/>\n<meta name=\"twitter:label1\" content=\"Verfasst von\" \/>\n\t<meta name=\"twitter:data1\" content=\"galledia\" \/>\n\t<meta name=\"twitter:label2\" content=\"Gesch\u00e4tzte Lesezeit\" \/>\n\t<meta name=\"twitter:data2\" content=\"2\u00a0Minuten\" \/>\n<script type=\"application\/ld+json\" class=\"yoast-schema-graph\">{\"@context\":\"https:\/\/schema.org\",\"@graph\":[{\"@type\":\"Article\",\"@id\":\"https:\/\/www.m-q.ch\/change-nur-mit-kulturentwicklung\/#article\",\"isPartOf\":{\"@id\":\"https:\/\/www.m-q.ch\/change-nur-mit-kulturentwicklung\/\"},\"author\":{\"name\":\"galledia\",\"@id\":\"https:\/\/www.m-q.ch\/fr\/#\/schema\/person\/c0139a2c55a374db6df2cde78ec87148\"},\"headline\":\"Change nur mit Kulturentwicklung\",\"datePublished\":\"2016-05-20T11:48:10+00:00\",\"dateModified\":\"2017-03-01T12:47:11+00:00\",\"mainEntityOfPage\":{\"@id\":\"https:\/\/www.m-q.ch\/change-nur-mit-kulturentwicklung\/\"},\"wordCount\":434,\"commentCount\":0,\"publisher\":{\"@id\":\"https:\/\/www.m-q.ch\/fr\/#organization\"},\"image\":{\"@id\":\"https:\/\/www.m-q.ch\/change-nur-mit-kulturentwicklung\/#primaryimage\"},\"thumbnailUrl\":\"https:\/\/www.m-q.ch\/wp-content\/uploads\/2016\/12\/Change-nur-mit-Kulturentwicklung-management-und-qualitaet.jpg\",\"keywords\":[\"Management und Unternehmensf\u00fchrung\"],\"articleSection\":[\"Business Excellence\"],\"inLanguage\":\"de\"},{\"@type\":\"WebPage\",\"@id\":\"https:\/\/www.m-q.ch\/change-nur-mit-kulturentwicklung\/\",\"url\":\"https:\/\/www.m-q.ch\/change-nur-mit-kulturentwicklung\/\",\"name\":\"Change nur mit Kulturentwicklung - MQ Management und Qualit\u00e4t\",\"isPartOf\":{\"@id\":\"https:\/\/www.m-q.ch\/fr\/#website\"},\"primaryImageOfPage\":{\"@id\":\"https:\/\/www.m-q.ch\/change-nur-mit-kulturentwicklung\/#primaryimage\"},\"image\":{\"@id\":\"https:\/\/www.m-q.ch\/change-nur-mit-kulturentwicklung\/#primaryimage\"},\"thumbnailUrl\":\"https:\/\/www.m-q.ch\/wp-content\/uploads\/2016\/12\/Change-nur-mit-Kulturentwicklung-management-und-qualitaet.jpg\",\"datePublished\":\"2016-05-20T11:48:10+00:00\",\"dateModified\":\"2017-03-01T12:47:11+00:00\",\"description\":\"Kulturentwicklung: Die Studie \u201eChangeability\u201c von ComTeam zeigt, dass die Mitarbeiter ihre Unternehmen f\u00fcr wenig kompetent halten in Sachen Ver\u00e4nderung.\",\"breadcrumb\":{\"@id\":\"https:\/\/www.m-q.ch\/change-nur-mit-kulturentwicklung\/#breadcrumb\"},\"inLanguage\":\"de\",\"potentialAction\":[{\"@type\":\"ReadAction\",\"target\":[\"https:\/\/www.m-q.ch\/change-nur-mit-kulturentwicklung\/\"]}]},{\"@type\":\"ImageObject\",\"inLanguage\":\"de\",\"@id\":\"https:\/\/www.m-q.ch\/change-nur-mit-kulturentwicklung\/#primaryimage\",\"url\":\"https:\/\/www.m-q.ch\/wp-content\/uploads\/2016\/12\/Change-nur-mit-Kulturentwicklung-management-und-qualitaet.jpg\",\"contentUrl\":\"https:\/\/www.m-q.ch\/wp-content\/uploads\/2016\/12\/Change-nur-mit-Kulturentwicklung-management-und-qualitaet.jpg\",\"width\":900,\"height\":505},{\"@type\":\"BreadcrumbList\",\"@id\":\"https:\/\/www.m-q.ch\/change-nur-mit-kulturentwicklung\/#breadcrumb\",\"itemListElement\":[{\"@type\":\"ListItem\",\"position\":1,\"name\":\"Business Excellence\",\"item\":\"https:\/\/www.m-q.ch\/kategorie\/business_excellence\/\"},{\"@type\":\"ListItem\",\"position\":2,\"name\":\"Change nur mit Kulturentwicklung\"}]},{\"@type\":\"WebSite\",\"@id\":\"https:\/\/www.m-q.ch\/fr\/#website\",\"url\":\"https:\/\/www.m-q.ch\/fr\/\",\"name\":\"MQ Management und Qualit\u00e4t\",\"description\":\"Plattform f\u00fcr integrierte Managementsysteme.\",\"publisher\":{\"@id\":\"https:\/\/www.m-q.ch\/fr\/#organization\"},\"potentialAction\":[{\"@type\":\"SearchAction\",\"target\":{\"@type\":\"EntryPoint\",\"urlTemplate\":\"https:\/\/www.m-q.ch\/fr\/?s={search_term_string}\"},\"query-input\":{\"@type\":\"PropertyValueSpecification\",\"valueRequired\":true,\"valueName\":\"search_term_string\"}}],\"inLanguage\":\"de\"},{\"@type\":\"Organization\",\"@id\":\"https:\/\/www.m-q.ch\/fr\/#organization\",\"name\":\"Galledia Fachmedien AG\",\"url\":\"https:\/\/www.m-q.ch\/fr\/\",\"logo\":{\"@type\":\"ImageObject\",\"inLanguage\":\"de\",\"@id\":\"https:\/\/www.m-q.ch\/fr\/#\/schema\/logo\/image\/\",\"url\":\"https:\/\/www.m-q.ch\/wp-content\/uploads\/2020\/12\/cropped-logo_small.png\",\"contentUrl\":\"https:\/\/www.m-q.ch\/wp-content\/uploads\/2020\/12\/cropped-logo_small.png\",\"width\":512,\"height\":512,\"caption\":\"Galledia Fachmedien AG\"},\"image\":{\"@id\":\"https:\/\/www.m-q.ch\/fr\/#\/schema\/logo\/image\/\"},\"sameAs\":[\"https:\/\/www.facebook.com\/ManagementUndQualitaet\",\"https:\/\/www.linkedin.com\/showcase\/17982321\/admin\/\"]},{\"@type\":\"Person\",\"@id\":\"https:\/\/www.m-q.ch\/fr\/#\/schema\/person\/c0139a2c55a374db6df2cde78ec87148\",\"name\":\"galledia\",\"image\":{\"@type\":\"ImageObject\",\"inLanguage\":\"de\",\"@id\":\"https:\/\/www.m-q.ch\/fr\/#\/schema\/person\/image\/\",\"url\":\"https:\/\/secure.gravatar.com\/avatar\/66edf527eac29e9a5eb25bcada01f61a?s=96&d=mm&r=g\",\"contentUrl\":\"https:\/\/secure.gravatar.com\/avatar\/66edf527eac29e9a5eb25bcada01f61a?s=96&d=mm&r=g\",\"caption\":\"galledia\"},\"url\":\"https:\/\/www.m-q.ch\/de\/author\/galledia\/\"}]}<\/script>\n<!-- \/ Yoast SEO plugin. -->","yoast_head_json":{"title":"Change nur mit Kulturentwicklung - MQ Management und Qualit\u00e4t","description":"Kulturentwicklung: Die Studie \u201eChangeability\u201c von ComTeam zeigt, dass die Mitarbeiter ihre Unternehmen f\u00fcr wenig kompetent halten in Sachen Ver\u00e4nderung.","robots":{"index":"index","follow":"follow","max-snippet":"max-snippet:-1","max-image-preview":"max-image-preview:large","max-video-preview":"max-video-preview:-1"},"canonical":"https:\/\/www.m-q.ch\/de\/change-nur-mit-kulturentwicklung\/","og_locale":"de_DE","og_type":"article","og_title":"Change nur mit Kulturentwicklung - MQ Management und Qualit\u00e4t","og_description":"Kulturentwicklung: Die Studie \u201eChangeability\u201c von ComTeam zeigt, dass die Mitarbeiter ihre Unternehmen f\u00fcr wenig kompetent halten in Sachen Ver\u00e4nderung.","og_url":"https:\/\/www.m-q.ch\/de\/change-nur-mit-kulturentwicklung\/","og_site_name":"MQ Management und Qualit\u00e4t","article_publisher":"https:\/\/www.facebook.com\/ManagementUndQualitaet","article_published_time":"2016-05-20T11:48:10+00:00","article_modified_time":"2017-03-01T12:47:11+00:00","og_image":[{"width":900,"height":505,"url":"https:\/\/www.m-q.ch\/wp-content\/uploads\/2016\/12\/Change-nur-mit-Kulturentwicklung-management-und-qualitaet.jpg","type":"image\/jpeg"}],"author":"galledia","twitter_card":"summary_large_image","twitter_misc":{"Verfasst von":"galledia","Gesch\u00e4tzte Lesezeit":"2\u00a0Minuten"},"schema":{"@context":"https:\/\/schema.org","@graph":[{"@type":"Article","@id":"https:\/\/www.m-q.ch\/change-nur-mit-kulturentwicklung\/#article","isPartOf":{"@id":"https:\/\/www.m-q.ch\/change-nur-mit-kulturentwicklung\/"},"author":{"name":"galledia","@id":"https:\/\/www.m-q.ch\/fr\/#\/schema\/person\/c0139a2c55a374db6df2cde78ec87148"},"headline":"Change nur mit Kulturentwicklung","datePublished":"2016-05-20T11:48:10+00:00","dateModified":"2017-03-01T12:47:11+00:00","mainEntityOfPage":{"@id":"https:\/\/www.m-q.ch\/change-nur-mit-kulturentwicklung\/"},"wordCount":434,"commentCount":0,"publisher":{"@id":"https:\/\/www.m-q.ch\/fr\/#organization"},"image":{"@id":"https:\/\/www.m-q.ch\/change-nur-mit-kulturentwicklung\/#primaryimage"},"thumbnailUrl":"https:\/\/www.m-q.ch\/wp-content\/uploads\/2016\/12\/Change-nur-mit-Kulturentwicklung-management-und-qualitaet.jpg","keywords":["Management und Unternehmensf\u00fchrung"],"articleSection":["Business Excellence"],"inLanguage":"de"},{"@type":"WebPage","@id":"https:\/\/www.m-q.ch\/change-nur-mit-kulturentwicklung\/","url":"https:\/\/www.m-q.ch\/change-nur-mit-kulturentwicklung\/","name":"Change nur mit Kulturentwicklung - MQ Management und Qualit\u00e4t","isPartOf":{"@id":"https:\/\/www.m-q.ch\/fr\/#website"},"primaryImageOfPage":{"@id":"https:\/\/www.m-q.ch\/change-nur-mit-kulturentwicklung\/#primaryimage"},"image":{"@id":"https:\/\/www.m-q.ch\/change-nur-mit-kulturentwicklung\/#primaryimage"},"thumbnailUrl":"https:\/\/www.m-q.ch\/wp-content\/uploads\/2016\/12\/Change-nur-mit-Kulturentwicklung-management-und-qualitaet.jpg","datePublished":"2016-05-20T11:48:10+00:00","dateModified":"2017-03-01T12:47:11+00:00","description":"Kulturentwicklung: Die Studie \u201eChangeability\u201c von ComTeam zeigt, dass die Mitarbeiter ihre Unternehmen f\u00fcr wenig kompetent halten in Sachen Ver\u00e4nderung.","breadcrumb":{"@id":"https:\/\/www.m-q.ch\/change-nur-mit-kulturentwicklung\/#breadcrumb"},"inLanguage":"de","potentialAction":[{"@type":"ReadAction","target":["https:\/\/www.m-q.ch\/change-nur-mit-kulturentwicklung\/"]}]},{"@type":"ImageObject","inLanguage":"de","@id":"https:\/\/www.m-q.ch\/change-nur-mit-kulturentwicklung\/#primaryimage","url":"https:\/\/www.m-q.ch\/wp-content\/uploads\/2016\/12\/Change-nur-mit-Kulturentwicklung-management-und-qualitaet.jpg","contentUrl":"https:\/\/www.m-q.ch\/wp-content\/uploads\/2016\/12\/Change-nur-mit-Kulturentwicklung-management-und-qualitaet.jpg","width":900,"height":505},{"@type":"BreadcrumbList","@id":"https:\/\/www.m-q.ch\/change-nur-mit-kulturentwicklung\/#breadcrumb","itemListElement":[{"@type":"ListItem","position":1,"name":"Business Excellence","item":"https:\/\/www.m-q.ch\/kategorie\/business_excellence\/"},{"@type":"ListItem","position":2,"name":"Change nur mit Kulturentwicklung"}]},{"@type":"WebSite","@id":"https:\/\/www.m-q.ch\/fr\/#website","url":"https:\/\/www.m-q.ch\/fr\/","name":"MQ Management und Qualit\u00e4t","description":"Plattform f\u00fcr integrierte Managementsysteme.","publisher":{"@id":"https:\/\/www.m-q.ch\/fr\/#organization"},"potentialAction":[{"@type":"SearchAction","target":{"@type":"EntryPoint","urlTemplate":"https:\/\/www.m-q.ch\/fr\/?s={search_term_string}"},"query-input":{"@type":"PropertyValueSpecification","valueRequired":true,"valueName":"search_term_string"}}],"inLanguage":"de"},{"@type":"Organization","@id":"https:\/\/www.m-q.ch\/fr\/#organization","name":"Galledia Fachmedien AG","url":"https:\/\/www.m-q.ch\/fr\/","logo":{"@type":"ImageObject","inLanguage":"de","@id":"https:\/\/www.m-q.ch\/fr\/#\/schema\/logo\/image\/","url":"https:\/\/www.m-q.ch\/wp-content\/uploads\/2020\/12\/cropped-logo_small.png","contentUrl":"https:\/\/www.m-q.ch\/wp-content\/uploads\/2020\/12\/cropped-logo_small.png","width":512,"height":512,"caption":"Galledia Fachmedien AG"},"image":{"@id":"https:\/\/www.m-q.ch\/fr\/#\/schema\/logo\/image\/"},"sameAs":["https:\/\/www.facebook.com\/ManagementUndQualitaet","https:\/\/www.linkedin.com\/showcase\/17982321\/admin\/"]},{"@type":"Person","@id":"https:\/\/www.m-q.ch\/fr\/#\/schema\/person\/c0139a2c55a374db6df2cde78ec87148","name":"galledia","image":{"@type":"ImageObject","inLanguage":"de","@id":"https:\/\/www.m-q.ch\/fr\/#\/schema\/person\/image\/","url":"https:\/\/secure.gravatar.com\/avatar\/66edf527eac29e9a5eb25bcada01f61a?s=96&d=mm&r=g","contentUrl":"https:\/\/secure.gravatar.com\/avatar\/66edf527eac29e9a5eb25bcada01f61a?s=96&d=mm&r=g","caption":"galledia"},"url":"https:\/\/www.m-q.ch\/de\/author\/galledia\/"}]}},"_links":{"self":[{"href":"https:\/\/www.m-q.ch\/de\/wp-json\/wp\/v2\/posts\/422","targetHints":{"allow":["GET"]}}],"collection":[{"href":"https:\/\/www.m-q.ch\/de\/wp-json\/wp\/v2\/posts"}],"about":[{"href":"https:\/\/www.m-q.ch\/de\/wp-json\/wp\/v2\/types\/post"}],"author":[{"embeddable":true,"href":"https:\/\/www.m-q.ch\/de\/wp-json\/wp\/v2\/users\/1"}],"replies":[{"embeddable":true,"href":"https:\/\/www.m-q.ch\/de\/wp-json\/wp\/v2\/comments?post=422"}],"version-history":[{"count":3,"href":"https:\/\/www.m-q.ch\/de\/wp-json\/wp\/v2\/posts\/422\/revisions"}],"predecessor-version":[{"id":1133,"href":"https:\/\/www.m-q.ch\/de\/wp-json\/wp\/v2\/posts\/422\/revisions\/1133"}],"wp:featuredmedia":[{"embeddable":true,"href":"https:\/\/www.m-q.ch\/de\/wp-json\/wp\/v2\/media\/72"}],"wp:attachment":[{"href":"https:\/\/www.m-q.ch\/de\/wp-json\/wp\/v2\/media?parent=422"}],"wp:term":[{"taxonomy":"category","embeddable":true,"href":"https:\/\/www.m-q.ch\/de\/wp-json\/wp\/v2\/categories?post=422"},{"taxonomy":"post_tag","embeddable":true,"href":"https:\/\/www.m-q.ch\/de\/wp-json\/wp\/v2\/tags?post=422"}],"curies":[{"name":"wp","href":"https:\/\/api.w.org\/{rel}","templated":true}]}}