{"id":440,"date":"2016-06-02T14:00:28","date_gmt":"2016-06-02T12:00:28","guid":{"rendered":"http:\/\/dev.m-q.ch\/?p=440"},"modified":"2017-03-01T13:36:58","modified_gmt":"2017-03-01T12:36:58","slug":"fhs-st-gallen-mit-4-sternen-ausgezeichnet","status":"publish","type":"post","link":"https:\/\/www.m-q.ch\/de\/fhs-st-gallen-mit-4-sternen-ausgezeichnet\/","title":{"rendered":"FHS St.Gallen mit 4 Sternen ausgezeichnet"},"content":{"rendered":"<figure id=\"attachment_120\" aria-describedby=\"caption-attachment-120\" style=\"width: 640px\" class=\"wp-caption alignnone\"><a href=\"https:\/\/m-q.ch\/wp-content\/uploads\/2016\/12\/FHS-St.Gallen-mit-4-Sternen-ausgezeichnet-management-und-qualitaet.jpg\"><img loading=\"lazy\" decoding=\"async\" class=\"wp-image-120 size-full\" src=\"https:\/\/www.m-q.ch\/wp-content\/uploads\/2016\/12\/FHS-St.Gallen-mit-4-Sternen-ausgezeichnet-management-und-qualitaet.jpg\" width=\"640\" height=\"427\" srcset=\"https:\/\/www.m-q.ch\/wp-content\/uploads\/2016\/12\/FHS-St.Gallen-mit-4-Sternen-ausgezeichnet-management-und-qualitaet.jpg 640w, https:\/\/www.m-q.ch\/wp-content\/uploads\/2016\/12\/FHS-St.Gallen-mit-4-Sternen-ausgezeichnet-management-und-qualitaet-16x12.jpg 16w, https:\/\/www.m-q.ch\/wp-content\/uploads\/2016\/12\/FHS-St.Gallen-mit-4-Sternen-ausgezeichnet-management-und-qualitaet-262x175.jpg 262w, https:\/\/www.m-q.ch\/wp-content\/uploads\/2016\/12\/FHS-St.Gallen-mit-4-Sternen-ausgezeichnet-management-und-qualitaet-525x350.jpg 525w, https:\/\/www.m-q.ch\/wp-content\/uploads\/2016\/12\/FHS-St.Gallen-mit-4-Sternen-ausgezeichnet-management-und-qualitaet-300x200.jpg 300w, https:\/\/www.m-q.ch\/wp-content\/uploads\/2016\/12\/FHS-St.Gallen-mit-4-Sternen-ausgezeichnet-management-und-qualitaet-624x416.jpg 624w\" sizes=\"auto, (max-width: 640px) 100vw, 640px\" \/><\/a><figcaption id=\"caption-attachment-120\" class=\"wp-caption-text\">Heinz Hunn, SAQ-Gutachter (rechts), \u00fcberreicht die Urkunde \u00abRecognised f\u00fcr Excellende 4 Stars\u00bb an FHS-Rektor Prof. Dr. Sebastian W\u00f6rwag (links).<\/figcaption><\/figure>\n<p>Der Rektor der FHS St.Gallen, Sebastian W\u00f6rwag, ist erfreut \u00fcber das gute Zeugnis, das der Fachhochschule ausgestellt wurde und sagt: \u00abWir freuen uns, dass das Qualit\u00e4tsverst\u00e4ndnis der Hochschule seinen Niederschlag in der Zertifizierung findet. Das gute Ergebnis gibt uns Recht, dass Qualit\u00e4t nicht nur ein System, sondern auch eine Kultur ist\u00bb.<\/p>\n<p><strong>Freiwilliger Entscheid<\/strong><\/p>\n<p>Die FHS St.Gallen hat sich freiwillig einer Qualit\u00e4ts\u00fcberpr\u00fcfung durch die EFQM gestellt. Hierf\u00fcr wurde intern ein 82-seitiger Selbstbeurteilungsbericht erstellt und dieser Ende April in einem externen Assessment durch zwei unabh\u00e4ngige Assessoren \u00fcberpr\u00fcft. W\u00e4hrend dreier Tage, f\u00fchrten die Assessoren 17 Gespr\u00e4che mit unterschiedlichen Mitarbeitendengruppen, Studierenden und Alumni. Die Pr\u00fcfkriterien waren F\u00fchrung; Strategie; Mitarbeitende; Partnerschaften sowie Prozesse, Produkte und Dienstleistungen der FHS und \u00fcber die hiermit erreichten Ergebnisse bei Kunden, Mitarbeitenden und der Gesellschaft.<\/p>\n<p><strong>Das EFQM-Modell<\/strong><\/p>\n<p>Das EFQM-Modell f\u00fcr Business Excellence erm\u00f6glicht eine ganzheitliche Sicht auf die Vorgehensweisen einer Organisation. Anhand der Selbst-und Fremdbewertung kann der Reifegrad eines Unternehmens bzw. einer Organisation bezogen auf andere festgestellt werden. Der Erf\u00fcllungsgrad der einzelnen EFQM-Kriterien wird durch die Assessoren anhand der Bewerbungsbrosch\u00fcre und den Vor-Ort-Gespr\u00e4chen \u00fcberpr\u00fcft. Dadurch wird ein Vergleich verschiedener Organisationen erm\u00f6glicht.<\/p>\n<p><em>Quelle: <a href=\"http:\/\/www.fhsg.ch\" target=\"_blank\" data-cke-saved-href=\"http:\/\/www.fhsg.ch\">Fachhochschule St. Gallen<\/a><\/em><\/p>\n","protected":false},"excerpt":{"rendered":"<p>Der Rektor der FHS St.Gallen, Sebastian W\u00f6rwag, ist erfreut \u00fcber das gute Zeugnis, das der Fachhochschule ausgestellt wurde und sagt: \u00abWir freuen uns, dass das Qualit\u00e4tsverst\u00e4ndnis der Hochschule seinen Niederschlag in der Zertifizierung findet. Das gute Ergebnis gibt uns Recht, dass Qualit\u00e4t nicht nur ein System, sondern auch eine Kultur ist\u00bb. Freiwilliger Entscheid Die FHS [&hellip;]<\/p>\n","protected":false},"author":1,"featured_media":120,"comment_status":"open","ping_status":"open","sticky":false,"template":"","format":"standard","meta":{"_acf_changed":false,"footnotes":""},"categories":[5],"tags":[3328],"class_list":["post-440","post","type-post","status-publish","format-standard","has-post-thumbnail","hentry","category-business_excellence","tag-business-excellence"],"acf":[],"yoast_head":"<!-- This site is optimized with the Yoast SEO plugin v26.2 - https:\/\/yoast.com\/wordpress\/plugins\/seo\/ -->\n<title>FHS St.Gallen mit 4 Sternen ausgezeichnet - MQ Management und Qualit\u00e4t<\/title>\n<meta name=\"description\" content=\"Die FHS St.Gallen hat die Anerkennungsstufe \u00abEFQM Recognised for Excellence\u00bb mit ausgezeichneten vier von f\u00fcnf Sternen erreicht.\" \/>\n<meta name=\"robots\" content=\"index, follow, max-snippet:-1, max-image-preview:large, max-video-preview:-1\" \/>\n<link rel=\"canonical\" href=\"https:\/\/www.m-q.ch\/de\/fhs-st-gallen-mit-4-sternen-ausgezeichnet\/\" \/>\n<meta property=\"og:locale\" content=\"de_DE\" \/>\n<meta property=\"og:type\" content=\"article\" \/>\n<meta property=\"og:title\" content=\"FHS St.Gallen mit 4 Sternen ausgezeichnet - MQ Management und Qualit\u00e4t\" \/>\n<meta property=\"og:description\" content=\"Die FHS St.Gallen hat die Anerkennungsstufe \u00abEFQM Recognised for Excellence\u00bb mit ausgezeichneten vier von f\u00fcnf Sternen erreicht.\" \/>\n<meta property=\"og:url\" content=\"https:\/\/www.m-q.ch\/de\/fhs-st-gallen-mit-4-sternen-ausgezeichnet\/\" \/>\n<meta property=\"og:site_name\" content=\"MQ Management und Qualit\u00e4t\" \/>\n<meta property=\"article:publisher\" content=\"https:\/\/www.facebook.com\/ManagementUndQualitaet\" \/>\n<meta property=\"article:published_time\" content=\"2016-06-02T12:00:28+00:00\" \/>\n<meta property=\"article:modified_time\" content=\"2017-03-01T12:36:58+00:00\" \/>\n<meta property=\"og:image\" content=\"https:\/\/www.m-q.ch\/wp-content\/uploads\/2016\/12\/FHS-St.Gallen-mit-4-Sternen-ausgezeichnet-management-und-qualitaet.jpg\" \/>\n\t<meta property=\"og:image:width\" content=\"640\" \/>\n\t<meta property=\"og:image:height\" content=\"427\" \/>\n\t<meta property=\"og:image:type\" content=\"image\/jpeg\" \/>\n<meta name=\"author\" content=\"galledia\" \/>\n<meta name=\"twitter:card\" content=\"summary_large_image\" \/>\n<meta name=\"twitter:label1\" content=\"Verfasst von\" \/>\n\t<meta name=\"twitter:data1\" content=\"galledia\" \/>\n\t<meta name=\"twitter:label2\" content=\"Gesch\u00e4tzte Lesezeit\" \/>\n\t<meta name=\"twitter:data2\" content=\"1\u00a0Minute\" \/>\n<script type=\"application\/ld+json\" class=\"yoast-schema-graph\">{\"@context\":\"https:\/\/schema.org\",\"@graph\":[{\"@type\":\"Article\",\"@id\":\"https:\/\/www.m-q.ch\/fhs-st-gallen-mit-4-sternen-ausgezeichnet\/#article\",\"isPartOf\":{\"@id\":\"https:\/\/www.m-q.ch\/fhs-st-gallen-mit-4-sternen-ausgezeichnet\/\"},\"author\":{\"name\":\"galledia\",\"@id\":\"https:\/\/www.m-q.ch\/fr\/#\/schema\/person\/c0139a2c55a374db6df2cde78ec87148\"},\"headline\":\"FHS St.Gallen mit 4 Sternen ausgezeichnet\",\"datePublished\":\"2016-06-02T12:00:28+00:00\",\"dateModified\":\"2017-03-01T12:36:58+00:00\",\"mainEntityOfPage\":{\"@id\":\"https:\/\/www.m-q.ch\/fhs-st-gallen-mit-4-sternen-ausgezeichnet\/\"},\"wordCount\":241,\"commentCount\":0,\"publisher\":{\"@id\":\"https:\/\/www.m-q.ch\/fr\/#organization\"},\"image\":{\"@id\":\"https:\/\/www.m-q.ch\/fhs-st-gallen-mit-4-sternen-ausgezeichnet\/#primaryimage\"},\"thumbnailUrl\":\"https:\/\/www.m-q.ch\/wp-content\/uploads\/2016\/12\/FHS-St.Gallen-mit-4-Sternen-ausgezeichnet-management-und-qualitaet.jpg\",\"keywords\":[\"Business Excellence\"],\"articleSection\":[\"Business Excellence\"],\"inLanguage\":\"de\"},{\"@type\":\"WebPage\",\"@id\":\"https:\/\/www.m-q.ch\/fhs-st-gallen-mit-4-sternen-ausgezeichnet\/\",\"url\":\"https:\/\/www.m-q.ch\/fhs-st-gallen-mit-4-sternen-ausgezeichnet\/\",\"name\":\"FHS St.Gallen mit 4 Sternen ausgezeichnet - MQ Management und Qualit\u00e4t\",\"isPartOf\":{\"@id\":\"https:\/\/www.m-q.ch\/fr\/#website\"},\"primaryImageOfPage\":{\"@id\":\"https:\/\/www.m-q.ch\/fhs-st-gallen-mit-4-sternen-ausgezeichnet\/#primaryimage\"},\"image\":{\"@id\":\"https:\/\/www.m-q.ch\/fhs-st-gallen-mit-4-sternen-ausgezeichnet\/#primaryimage\"},\"thumbnailUrl\":\"https:\/\/www.m-q.ch\/wp-content\/uploads\/2016\/12\/FHS-St.Gallen-mit-4-Sternen-ausgezeichnet-management-und-qualitaet.jpg\",\"datePublished\":\"2016-06-02T12:00:28+00:00\",\"dateModified\":\"2017-03-01T12:36:58+00:00\",\"description\":\"Die FHS St.Gallen hat die Anerkennungsstufe \u00abEFQM Recognised for Excellence\u00bb mit ausgezeichneten vier von f\u00fcnf Sternen erreicht.\",\"breadcrumb\":{\"@id\":\"https:\/\/www.m-q.ch\/fhs-st-gallen-mit-4-sternen-ausgezeichnet\/#breadcrumb\"},\"inLanguage\":\"de\",\"potentialAction\":[{\"@type\":\"ReadAction\",\"target\":[\"https:\/\/www.m-q.ch\/fhs-st-gallen-mit-4-sternen-ausgezeichnet\/\"]}]},{\"@type\":\"ImageObject\",\"inLanguage\":\"de\",\"@id\":\"https:\/\/www.m-q.ch\/fhs-st-gallen-mit-4-sternen-ausgezeichnet\/#primaryimage\",\"url\":\"https:\/\/www.m-q.ch\/wp-content\/uploads\/2016\/12\/FHS-St.Gallen-mit-4-Sternen-ausgezeichnet-management-und-qualitaet.jpg\",\"contentUrl\":\"https:\/\/www.m-q.ch\/wp-content\/uploads\/2016\/12\/FHS-St.Gallen-mit-4-Sternen-ausgezeichnet-management-und-qualitaet.jpg\",\"width\":640,\"height\":427,\"caption\":\"Heinz Hunn, SAQ-Gutachter (rechts), \u00fcberreicht die Urkunde \u00abRecognised f\u00fcr Excellende 4 Stars\u00bb an FHS-Rektor Prof. Dr. Sebastian W\u00f6rwag (links).\"},{\"@type\":\"BreadcrumbList\",\"@id\":\"https:\/\/www.m-q.ch\/fhs-st-gallen-mit-4-sternen-ausgezeichnet\/#breadcrumb\",\"itemListElement\":[{\"@type\":\"ListItem\",\"position\":1,\"name\":\"Business Excellence\",\"item\":\"https:\/\/www.m-q.ch\/kategorie\/business_excellence\/\"},{\"@type\":\"ListItem\",\"position\":2,\"name\":\"FHS St.Gallen mit 4 Sternen ausgezeichnet\"}]},{\"@type\":\"WebSite\",\"@id\":\"https:\/\/www.m-q.ch\/fr\/#website\",\"url\":\"https:\/\/www.m-q.ch\/fr\/\",\"name\":\"MQ Management und Qualit\u00e4t\",\"description\":\"Plattform f\u00fcr integrierte Managementsysteme.\",\"publisher\":{\"@id\":\"https:\/\/www.m-q.ch\/fr\/#organization\"},\"potentialAction\":[{\"@type\":\"SearchAction\",\"target\":{\"@type\":\"EntryPoint\",\"urlTemplate\":\"https:\/\/www.m-q.ch\/fr\/?s={search_term_string}\"},\"query-input\":{\"@type\":\"PropertyValueSpecification\",\"valueRequired\":true,\"valueName\":\"search_term_string\"}}],\"inLanguage\":\"de\"},{\"@type\":\"Organization\",\"@id\":\"https:\/\/www.m-q.ch\/fr\/#organization\",\"name\":\"Galledia Fachmedien AG\",\"url\":\"https:\/\/www.m-q.ch\/fr\/\",\"logo\":{\"@type\":\"ImageObject\",\"inLanguage\":\"de\",\"@id\":\"https:\/\/www.m-q.ch\/fr\/#\/schema\/logo\/image\/\",\"url\":\"https:\/\/www.m-q.ch\/wp-content\/uploads\/2020\/12\/cropped-logo_small.png\",\"contentUrl\":\"https:\/\/www.m-q.ch\/wp-content\/uploads\/2020\/12\/cropped-logo_small.png\",\"width\":512,\"height\":512,\"caption\":\"Galledia Fachmedien AG\"},\"image\":{\"@id\":\"https:\/\/www.m-q.ch\/fr\/#\/schema\/logo\/image\/\"},\"sameAs\":[\"https:\/\/www.facebook.com\/ManagementUndQualitaet\",\"https:\/\/www.linkedin.com\/showcase\/17982321\/admin\/\"]},{\"@type\":\"Person\",\"@id\":\"https:\/\/www.m-q.ch\/fr\/#\/schema\/person\/c0139a2c55a374db6df2cde78ec87148\",\"name\":\"galledia\",\"image\":{\"@type\":\"ImageObject\",\"inLanguage\":\"de\",\"@id\":\"https:\/\/www.m-q.ch\/fr\/#\/schema\/person\/image\/\",\"url\":\"https:\/\/secure.gravatar.com\/avatar\/66edf527eac29e9a5eb25bcada01f61a?s=96&d=mm&r=g\",\"contentUrl\":\"https:\/\/secure.gravatar.com\/avatar\/66edf527eac29e9a5eb25bcada01f61a?s=96&d=mm&r=g\",\"caption\":\"galledia\"},\"url\":\"https:\/\/www.m-q.ch\/de\/author\/galledia\/\"}]}<\/script>\n<!-- \/ Yoast SEO plugin. -->","yoast_head_json":{"title":"FHS St.Gallen mit 4 Sternen ausgezeichnet - MQ Management und Qualit\u00e4t","description":"Die FHS St.Gallen hat die Anerkennungsstufe \u00abEFQM Recognised for Excellence\u00bb mit ausgezeichneten vier von f\u00fcnf Sternen erreicht.","robots":{"index":"index","follow":"follow","max-snippet":"max-snippet:-1","max-image-preview":"max-image-preview:large","max-video-preview":"max-video-preview:-1"},"canonical":"https:\/\/www.m-q.ch\/de\/fhs-st-gallen-mit-4-sternen-ausgezeichnet\/","og_locale":"de_DE","og_type":"article","og_title":"FHS St.Gallen mit 4 Sternen ausgezeichnet - MQ Management und Qualit\u00e4t","og_description":"Die FHS St.Gallen hat die Anerkennungsstufe \u00abEFQM Recognised for Excellence\u00bb mit ausgezeichneten vier von f\u00fcnf Sternen erreicht.","og_url":"https:\/\/www.m-q.ch\/de\/fhs-st-gallen-mit-4-sternen-ausgezeichnet\/","og_site_name":"MQ Management und Qualit\u00e4t","article_publisher":"https:\/\/www.facebook.com\/ManagementUndQualitaet","article_published_time":"2016-06-02T12:00:28+00:00","article_modified_time":"2017-03-01T12:36:58+00:00","og_image":[{"width":640,"height":427,"url":"https:\/\/www.m-q.ch\/wp-content\/uploads\/2016\/12\/FHS-St.Gallen-mit-4-Sternen-ausgezeichnet-management-und-qualitaet.jpg","type":"image\/jpeg"}],"author":"galledia","twitter_card":"summary_large_image","twitter_misc":{"Verfasst von":"galledia","Gesch\u00e4tzte Lesezeit":"1\u00a0Minute"},"schema":{"@context":"https:\/\/schema.org","@graph":[{"@type":"Article","@id":"https:\/\/www.m-q.ch\/fhs-st-gallen-mit-4-sternen-ausgezeichnet\/#article","isPartOf":{"@id":"https:\/\/www.m-q.ch\/fhs-st-gallen-mit-4-sternen-ausgezeichnet\/"},"author":{"name":"galledia","@id":"https:\/\/www.m-q.ch\/fr\/#\/schema\/person\/c0139a2c55a374db6df2cde78ec87148"},"headline":"FHS St.Gallen mit 4 Sternen ausgezeichnet","datePublished":"2016-06-02T12:00:28+00:00","dateModified":"2017-03-01T12:36:58+00:00","mainEntityOfPage":{"@id":"https:\/\/www.m-q.ch\/fhs-st-gallen-mit-4-sternen-ausgezeichnet\/"},"wordCount":241,"commentCount":0,"publisher":{"@id":"https:\/\/www.m-q.ch\/fr\/#organization"},"image":{"@id":"https:\/\/www.m-q.ch\/fhs-st-gallen-mit-4-sternen-ausgezeichnet\/#primaryimage"},"thumbnailUrl":"https:\/\/www.m-q.ch\/wp-content\/uploads\/2016\/12\/FHS-St.Gallen-mit-4-Sternen-ausgezeichnet-management-und-qualitaet.jpg","keywords":["Business Excellence"],"articleSection":["Business Excellence"],"inLanguage":"de"},{"@type":"WebPage","@id":"https:\/\/www.m-q.ch\/fhs-st-gallen-mit-4-sternen-ausgezeichnet\/","url":"https:\/\/www.m-q.ch\/fhs-st-gallen-mit-4-sternen-ausgezeichnet\/","name":"FHS St.Gallen mit 4 Sternen ausgezeichnet - MQ Management und Qualit\u00e4t","isPartOf":{"@id":"https:\/\/www.m-q.ch\/fr\/#website"},"primaryImageOfPage":{"@id":"https:\/\/www.m-q.ch\/fhs-st-gallen-mit-4-sternen-ausgezeichnet\/#primaryimage"},"image":{"@id":"https:\/\/www.m-q.ch\/fhs-st-gallen-mit-4-sternen-ausgezeichnet\/#primaryimage"},"thumbnailUrl":"https:\/\/www.m-q.ch\/wp-content\/uploads\/2016\/12\/FHS-St.Gallen-mit-4-Sternen-ausgezeichnet-management-und-qualitaet.jpg","datePublished":"2016-06-02T12:00:28+00:00","dateModified":"2017-03-01T12:36:58+00:00","description":"Die FHS St.Gallen hat die Anerkennungsstufe \u00abEFQM Recognised for Excellence\u00bb mit ausgezeichneten vier von f\u00fcnf Sternen erreicht.","breadcrumb":{"@id":"https:\/\/www.m-q.ch\/fhs-st-gallen-mit-4-sternen-ausgezeichnet\/#breadcrumb"},"inLanguage":"de","potentialAction":[{"@type":"ReadAction","target":["https:\/\/www.m-q.ch\/fhs-st-gallen-mit-4-sternen-ausgezeichnet\/"]}]},{"@type":"ImageObject","inLanguage":"de","@id":"https:\/\/www.m-q.ch\/fhs-st-gallen-mit-4-sternen-ausgezeichnet\/#primaryimage","url":"https:\/\/www.m-q.ch\/wp-content\/uploads\/2016\/12\/FHS-St.Gallen-mit-4-Sternen-ausgezeichnet-management-und-qualitaet.jpg","contentUrl":"https:\/\/www.m-q.ch\/wp-content\/uploads\/2016\/12\/FHS-St.Gallen-mit-4-Sternen-ausgezeichnet-management-und-qualitaet.jpg","width":640,"height":427,"caption":"Heinz Hunn, SAQ-Gutachter (rechts), \u00fcberreicht die Urkunde \u00abRecognised f\u00fcr Excellende 4 Stars\u00bb an FHS-Rektor Prof. Dr. Sebastian W\u00f6rwag (links)."},{"@type":"BreadcrumbList","@id":"https:\/\/www.m-q.ch\/fhs-st-gallen-mit-4-sternen-ausgezeichnet\/#breadcrumb","itemListElement":[{"@type":"ListItem","position":1,"name":"Business Excellence","item":"https:\/\/www.m-q.ch\/kategorie\/business_excellence\/"},{"@type":"ListItem","position":2,"name":"FHS St.Gallen mit 4 Sternen ausgezeichnet"}]},{"@type":"WebSite","@id":"https:\/\/www.m-q.ch\/fr\/#website","url":"https:\/\/www.m-q.ch\/fr\/","name":"MQ Management und Qualit\u00e4t","description":"Plattform f\u00fcr integrierte Managementsysteme.","publisher":{"@id":"https:\/\/www.m-q.ch\/fr\/#organization"},"potentialAction":[{"@type":"SearchAction","target":{"@type":"EntryPoint","urlTemplate":"https:\/\/www.m-q.ch\/fr\/?s={search_term_string}"},"query-input":{"@type":"PropertyValueSpecification","valueRequired":true,"valueName":"search_term_string"}}],"inLanguage":"de"},{"@type":"Organization","@id":"https:\/\/www.m-q.ch\/fr\/#organization","name":"Galledia Fachmedien AG","url":"https:\/\/www.m-q.ch\/fr\/","logo":{"@type":"ImageObject","inLanguage":"de","@id":"https:\/\/www.m-q.ch\/fr\/#\/schema\/logo\/image\/","url":"https:\/\/www.m-q.ch\/wp-content\/uploads\/2020\/12\/cropped-logo_small.png","contentUrl":"https:\/\/www.m-q.ch\/wp-content\/uploads\/2020\/12\/cropped-logo_small.png","width":512,"height":512,"caption":"Galledia Fachmedien AG"},"image":{"@id":"https:\/\/www.m-q.ch\/fr\/#\/schema\/logo\/image\/"},"sameAs":["https:\/\/www.facebook.com\/ManagementUndQualitaet","https:\/\/www.linkedin.com\/showcase\/17982321\/admin\/"]},{"@type":"Person","@id":"https:\/\/www.m-q.ch\/fr\/#\/schema\/person\/c0139a2c55a374db6df2cde78ec87148","name":"galledia","image":{"@type":"ImageObject","inLanguage":"de","@id":"https:\/\/www.m-q.ch\/fr\/#\/schema\/person\/image\/","url":"https:\/\/secure.gravatar.com\/avatar\/66edf527eac29e9a5eb25bcada01f61a?s=96&d=mm&r=g","contentUrl":"https:\/\/secure.gravatar.com\/avatar\/66edf527eac29e9a5eb25bcada01f61a?s=96&d=mm&r=g","caption":"galledia"},"url":"https:\/\/www.m-q.ch\/de\/author\/galledia\/"}]}},"_links":{"self":[{"href":"https:\/\/www.m-q.ch\/de\/wp-json\/wp\/v2\/posts\/440","targetHints":{"allow":["GET"]}}],"collection":[{"href":"https:\/\/www.m-q.ch\/de\/wp-json\/wp\/v2\/posts"}],"about":[{"href":"https:\/\/www.m-q.ch\/de\/wp-json\/wp\/v2\/types\/post"}],"author":[{"embeddable":true,"href":"https:\/\/www.m-q.ch\/de\/wp-json\/wp\/v2\/users\/1"}],"replies":[{"embeddable":true,"href":"https:\/\/www.m-q.ch\/de\/wp-json\/wp\/v2\/comments?post=440"}],"version-history":[{"count":2,"href":"https:\/\/www.m-q.ch\/de\/wp-json\/wp\/v2\/posts\/440\/revisions"}],"predecessor-version":[{"id":1120,"href":"https:\/\/www.m-q.ch\/de\/wp-json\/wp\/v2\/posts\/440\/revisions\/1120"}],"wp:featuredmedia":[{"embeddable":true,"href":"https:\/\/www.m-q.ch\/de\/wp-json\/wp\/v2\/media\/120"}],"wp:attachment":[{"href":"https:\/\/www.m-q.ch\/de\/wp-json\/wp\/v2\/media?parent=440"}],"wp:term":[{"taxonomy":"category","embeddable":true,"href":"https:\/\/www.m-q.ch\/de\/wp-json\/wp\/v2\/categories?post=440"},{"taxonomy":"post_tag","embeddable":true,"href":"https:\/\/www.m-q.ch\/de\/wp-json\/wp\/v2\/tags?post=440"}],"curies":[{"name":"wp","href":"https:\/\/api.w.org\/{rel}","templated":true}]}}