{"id":460,"date":"2016-06-13T14:09:41","date_gmt":"2016-06-13T12:09:41","guid":{"rendered":"http:\/\/dev.m-q.ch\/?p=460"},"modified":"2017-03-01T13:27:35","modified_gmt":"2017-03-01T12:27:35","slug":"hochkaraetiges-podium-an-den-powertagen-in-der-messe-zuerich","status":"publish","type":"post","link":"https:\/\/www.m-q.ch\/de\/hochkaraetiges-podium-an-den-powertagen-in-der-messe-zuerich\/","title":{"rendered":"Hochkar\u00e4tiges Podium an den \u201ePowertagen\u201c in der Messe Z\u00fcrich"},"content":{"rendered":"<figure id=\"attachment_136\" aria-describedby=\"caption-attachment-136\" style=\"width: 680px\" class=\"wp-caption alignnone\"><a href=\"https:\/\/m-q.ch\/wp-content\/uploads\/2016\/12\/Hochkar\u00e4tiges-Podium-an-den-Powertagen-in-der-Messe-Z\u00fcrich-management-und-qualitaet.jpg\"><img loading=\"lazy\" decoding=\"async\" class=\"wp-image-136 size-medium\" src=\"https:\/\/www.m-q.ch\/wp-content\/uploads\/2016\/12\/Hochkar\u00e4tiges-Podium-an-den-Powertagen-in-der-Messe-Z\u00fcrich-management-und-qualitaet-680x383.jpg\" width=\"680\" height=\"383\" srcset=\"https:\/\/www.m-q.ch\/wp-content\/uploads\/2016\/12\/Hochkar\u00e4tiges-Podium-an-den-Powertagen-in-der-Messe-Z\u00fcrich-management-und-qualitaet-680x383.jpg 680w, https:\/\/www.m-q.ch\/wp-content\/uploads\/2016\/12\/Hochkar\u00e4tiges-Podium-an-den-Powertagen-in-der-Messe-Z\u00fcrich-management-und-qualitaet-768x432.jpg 768w, https:\/\/www.m-q.ch\/wp-content\/uploads\/2016\/12\/Hochkar\u00e4tiges-Podium-an-den-Powertagen-in-der-Messe-Z\u00fcrich-management-und-qualitaet-1536x865.jpg 1536w, https:\/\/www.m-q.ch\/wp-content\/uploads\/2016\/12\/Hochkar\u00e4tiges-Podium-an-den-Powertagen-in-der-Messe-Z\u00fcrich-management-und-qualitaet-2048x1153.jpg 2048w, https:\/\/www.m-q.ch\/wp-content\/uploads\/2016\/12\/Hochkar\u00e4tiges-Podium-an-den-Powertagen-in-der-Messe-Z\u00fcrich-management-und-qualitaet-16x9.jpg 16w, https:\/\/www.m-q.ch\/wp-content\/uploads\/2016\/12\/Hochkar\u00e4tiges-Podium-an-den-Powertagen-in-der-Messe-Z\u00fcrich-management-und-qualitaet-311x175.jpg 311w, https:\/\/www.m-q.ch\/wp-content\/uploads\/2016\/12\/Hochkar\u00e4tiges-Podium-an-den-Powertagen-in-der-Messe-Z\u00fcrich-management-und-qualitaet-622x350.jpg 622w, https:\/\/www.m-q.ch\/wp-content\/uploads\/2016\/12\/Hochkar\u00e4tiges-Podium-an-den-Powertagen-in-der-Messe-Z\u00fcrich-management-und-qualitaet-1421x800.jpg 1421w, https:\/\/www.m-q.ch\/wp-content\/uploads\/2016\/12\/Hochkar\u00e4tiges-Podium-an-den-Powertagen-in-der-Messe-Z\u00fcrich-management-und-qualitaet-920x518.jpg 920w, https:\/\/www.m-q.ch\/wp-content\/uploads\/2016\/12\/Hochkar\u00e4tiges-Podium-an-den-Powertagen-in-der-Messe-Z\u00fcrich-management-und-qualitaet-1400x788.jpg 1400w, https:\/\/www.m-q.ch\/wp-content\/uploads\/2016\/12\/Hochkar\u00e4tiges-Podium-an-den-Powertagen-in-der-Messe-Z\u00fcrich-management-und-qualitaet-300x169.jpg 300w, https:\/\/www.m-q.ch\/wp-content\/uploads\/2016\/12\/Hochkar\u00e4tiges-Podium-an-den-Powertagen-in-der-Messe-Z\u00fcrich-management-und-qualitaet-1024x576.jpg 1024w, https:\/\/www.m-q.ch\/wp-content\/uploads\/2016\/12\/Hochkar\u00e4tiges-Podium-an-den-Powertagen-in-der-Messe-Z\u00fcrich-management-und-qualitaet-624x351.jpg 624w\" sizes=\"auto, (max-width: 680px) 100vw, 680px\" \/><\/a><figcaption id=\"caption-attachment-136\" class=\"wp-caption-text\">Das Podium an den &#8222;Powertagen&#8220; unstricht: das Rennen um Marktpositionen ist im vollem Gange.<\/figcaption><\/figure>\n<p>Ein Eingangsreferat machte anschaulich klar, dass diese \u201e4. Industrielle Revolution\u201c disruptive \u00c4nderungen f\u00fcr die gesamte Sparte mit sich bringt und die Konsumenten in den Fokus der Wertsch\u00f6pfung r\u00fcckt. Ganz neue Gesch\u00e4ftsmodelle entstehen und die Versorger entwickeln sich zunehmend zu datengetriebenen Unternehmen.<\/p>\n<p>\u201eIT aus der Steckdose\u201c, respektive Cloud Computing und das \u201eInternet of Things\u201c sind die daf\u00fcr massgeblichen Technologien. Avectris bietet auf dieser Basis bereits eine Reihe fertiger L\u00f6sungen f\u00fcr Versorger an. An der nachfolgenden Podiumsdiskussion vertieften f\u00fcnf Top-Manager zusammen mit Dr. Thomas Wettstein, CEO Avectris AG, das Thema.<\/p>\n<p><strong>Podium f\u00fcr Pioniere<\/strong><\/p>\n<p>So betonte Kurt L\u00fcscher, CEO von Energie 360\u00b0, wie wichtig es ist, in Zukunft die Gesch\u00e4ftsmodelle von den Konsumenten ausgehend neu zu denken. Das Nutzererlebnis steht im Vordergrund. So beispielsweise bei einem Elektromobilit\u00e4ts-Service, der via Smartphone-App die Benutzung von Ladestationen vereinfacht. K\u00fcnftig kommt es auch nicht mehr darauf an, Assets zu besitzen, sondern diese optimal zu betreiben.<\/p>\n<p>Roger Baumer, CEO und Mitinhaber der H\u00e4lg Group, stellte fest, dass Steuerung und Optimierung der Geb\u00e4udetechnik von der Digitalisierung profitieren und signifikante Energieoptimierungen erm\u00f6glichen. Bemerkenswert ist auch, dass viele Bewohner ihre Wohnungen selbst gar nicht steuern wollen, sondern dies lieber einem Geb\u00e4udeprofi wie H\u00e4lg oder intelligenten Systemen \u00fcberlassen.<\/p>\n<p><strong>Koexistenz <\/strong><\/p>\n<p>Markus S\u00e4gesser, Direktor des Stadtwerkes Winterthur, betonte, dass mit der Digitalisierung die \u201ematerielle\u201c Welt mitnichten obsolet wird. Vielmehr wird sie neben der neuen \u201edigitalen Welt\u201c koexistieren. Mit dem damit einhergehenden Kulturwandel ist vor allem Change Management gefragt. Denn beide Welten sind grundverschieden, zum Beispiel was ihre \u00c4nderungsgeschwindigkeit anbelangt.<\/p>\n<p>Christophe Bossel, Mitglied der Konzernleitung bei BKW, erl\u00e4uterte, dass integrierte und digitalisierte Angebote eine grosse Chance f\u00fcr Versorger sind. So bietet beispielsweise BKW Photovoltaik-Anlagen, Batterien und das zugeh\u00f6rige Monitoring aus einer Hand an: f\u00fcr den Kunden online bestellbar und f\u00fcr BKW im \u201eStraight-Through-Processing\u201c effizient abzuwickeln. Luca Bortolani von IKEA beschrieb, wie Photovoltaik-Anlagen f\u00fcr grosse Teile der Bev\u00f6lkerung demokratisiert werden k\u00f6nnen. Dies demonstriert eindrucksvoll, dass neue Mitbewerber ihre Marktdurchdringung und ihren Kundenzugang f\u00fcr innovative Energieprodukte nutzen werden.<\/p>\n<p>Insgesamt bot die Veranstaltung einen faszinierenden Einblick in die digitale Energiewelt der Zukunft. Sie machte auch klar, dass das Rennen um die Marktposition von Morgen bereits in vollem Gang ist und dass etablierte Versorger mit Innovationen reagieren und ihre bestehende Wertsch\u00f6pfungskette durch digitale, kundenfokussierte Produkte erweitern m\u00fcssen. Oder salopper formuliert: Wer nicht geht mit der Zeit, geht mit der Zeit.<\/p>\n<p><a href=\"http:\/\/www.avectris.ch\" target=\"_blank\" data-cke-saved-href=\"http:\/\/www.avectris.ch\">http:\/\/www.avectris.ch<\/a><\/p>\n","protected":false},"excerpt":{"rendered":"<p>Ein Eingangsreferat machte anschaulich klar, dass diese \u201e4. Industrielle Revolution\u201c disruptive \u00c4nderungen f\u00fcr die gesamte Sparte mit sich bringt und die Konsumenten in den Fokus der Wertsch\u00f6pfung r\u00fcckt. Ganz neue Gesch\u00e4ftsmodelle entstehen und die Versorger entwickeln sich zunehmend zu datengetriebenen Unternehmen. \u201eIT aus der Steckdose\u201c, respektive Cloud Computing und das \u201eInternet of Things\u201c sind die [&hellip;]<\/p>\n","protected":false},"author":1,"featured_media":136,"comment_status":"open","ping_status":"open","sticky":false,"template":"","format":"standard","meta":{"_acf_changed":false,"footnotes":""},"categories":[1],"tags":[3372],"class_list":["post-460","post","type-post","status-publish","format-standard","has-post-thumbnail","hentry","category-unkategorisiert","tag-digitalisierung"],"acf":[],"yoast_head":"<!-- This site is optimized with the Yoast SEO plugin v26.2 - https:\/\/yoast.com\/wordpress\/plugins\/seo\/ -->\n<title>Hochkar\u00e4tiges Podium an den \u201ePowertagen\u201c in der Messe Z\u00fcrich - MQ Management und Qualit\u00e4t<\/title>\n<meta name=\"description\" content=\"Alle zwei Jahre finden in der Messe Z\u00fcrich die \u201ePowertage\u201c statt: die zukunftsweisende Plattform f\u00fcr die Schweizer Stromwirtschaft.\" \/>\n<meta name=\"robots\" content=\"index, follow, max-snippet:-1, max-image-preview:large, max-video-preview:-1\" \/>\n<link rel=\"canonical\" href=\"https:\/\/www.m-q.ch\/de\/hochkaraetiges-podium-an-den-powertagen-in-der-messe-zuerich\/\" \/>\n<meta property=\"og:locale\" content=\"de_DE\" \/>\n<meta property=\"og:type\" content=\"article\" \/>\n<meta property=\"og:title\" content=\"Hochkar\u00e4tiges Podium an den \u201ePowertagen\u201c in der Messe Z\u00fcrich - MQ Management und Qualit\u00e4t\" \/>\n<meta property=\"og:description\" content=\"Alle zwei Jahre finden in der Messe Z\u00fcrich die \u201ePowertage\u201c statt: die zukunftsweisende Plattform f\u00fcr die Schweizer Stromwirtschaft.\" \/>\n<meta property=\"og:url\" content=\"https:\/\/www.m-q.ch\/de\/hochkaraetiges-podium-an-den-powertagen-in-der-messe-zuerich\/\" \/>\n<meta property=\"og:site_name\" content=\"MQ Management und Qualit\u00e4t\" \/>\n<meta property=\"article:publisher\" content=\"https:\/\/www.facebook.com\/ManagementUndQualitaet\" \/>\n<meta property=\"article:published_time\" content=\"2016-06-13T12:09:41+00:00\" \/>\n<meta property=\"article:modified_time\" content=\"2017-03-01T12:27:35+00:00\" \/>\n<meta property=\"og:image\" content=\"https:\/\/www.m-q.ch\/wp-content\/uploads\/2016\/12\/Hochkar\u00e4tiges-Podium-an-den-Powertagen-in-der-Messe-Z\u00fcrich-management-und-qualitaet-scaled.jpg\" \/>\n\t<meta property=\"og:image:width\" content=\"2560\" \/>\n\t<meta property=\"og:image:height\" content=\"1441\" \/>\n\t<meta property=\"og:image:type\" content=\"image\/jpeg\" \/>\n<meta name=\"author\" content=\"galledia\" \/>\n<meta name=\"twitter:card\" content=\"summary_large_image\" \/>\n<meta name=\"twitter:label1\" content=\"Verfasst von\" \/>\n\t<meta name=\"twitter:data1\" content=\"galledia\" \/>\n\t<meta name=\"twitter:label2\" content=\"Gesch\u00e4tzte Lesezeit\" \/>\n\t<meta name=\"twitter:data2\" content=\"2\u00a0Minuten\" \/>\n<script type=\"application\/ld+json\" class=\"yoast-schema-graph\">{\"@context\":\"https:\/\/schema.org\",\"@graph\":[{\"@type\":\"Article\",\"@id\":\"https:\/\/www.m-q.ch\/en\/high-calibre-podium-at-the-power-days-in-the-fair-zuerich\/#article\",\"isPartOf\":{\"@id\":\"https:\/\/www.m-q.ch\/en\/high-calibre-podium-at-the-power-days-in-the-fair-zuerich\/\"},\"author\":{\"name\":\"galledia\",\"@id\":\"https:\/\/www.m-q.ch\/fr\/#\/schema\/person\/c0139a2c55a374db6df2cde78ec87148\"},\"headline\":\"Hochkar\u00e4tiges Podium an den \u201ePowertagen\u201c in der Messe Z\u00fcrich\",\"datePublished\":\"2016-06-13T12:09:41+00:00\",\"dateModified\":\"2017-03-01T12:27:35+00:00\",\"mainEntityOfPage\":{\"@id\":\"https:\/\/www.m-q.ch\/en\/high-calibre-podium-at-the-power-days-in-the-fair-zuerich\/\"},\"wordCount\":445,\"commentCount\":0,\"publisher\":{\"@id\":\"https:\/\/www.m-q.ch\/fr\/#organization\"},\"image\":{\"@id\":\"https:\/\/www.m-q.ch\/en\/high-calibre-podium-at-the-power-days-in-the-fair-zuerich\/#primaryimage\"},\"thumbnailUrl\":\"https:\/\/www.m-q.ch\/wp-content\/uploads\/2016\/12\/Hochkar\u00e4tiges-Podium-an-den-Powertagen-in-der-Messe-Z\u00fcrich-management-und-qualitaet-scaled.jpg\",\"keywords\":[\"Digitalisierung\"],\"articleSection\":[\"Unkategorisiert\"],\"inLanguage\":\"de\"},{\"@type\":\"WebPage\",\"@id\":\"https:\/\/www.m-q.ch\/en\/high-calibre-podium-at-the-power-days-in-the-fair-zuerich\/\",\"url\":\"https:\/\/www.m-q.ch\/en\/high-calibre-podium-at-the-power-days-in-the-fair-zuerich\/\",\"name\":\"Hochkar\u00e4tiges Podium an den \u201ePowertagen\u201c in der Messe Z\u00fcrich - MQ Management und Qualit\u00e4t\",\"isPartOf\":{\"@id\":\"https:\/\/www.m-q.ch\/fr\/#website\"},\"primaryImageOfPage\":{\"@id\":\"https:\/\/www.m-q.ch\/en\/high-calibre-podium-at-the-power-days-in-the-fair-zuerich\/#primaryimage\"},\"image\":{\"@id\":\"https:\/\/www.m-q.ch\/en\/high-calibre-podium-at-the-power-days-in-the-fair-zuerich\/#primaryimage\"},\"thumbnailUrl\":\"https:\/\/www.m-q.ch\/wp-content\/uploads\/2016\/12\/Hochkar\u00e4tiges-Podium-an-den-Powertagen-in-der-Messe-Z\u00fcrich-management-und-qualitaet-scaled.jpg\",\"datePublished\":\"2016-06-13T12:09:41+00:00\",\"dateModified\":\"2017-03-01T12:27:35+00:00\",\"description\":\"Alle zwei Jahre finden in der Messe Z\u00fcrich die \u201ePowertage\u201c statt: die zukunftsweisende Plattform f\u00fcr die Schweizer Stromwirtschaft.\",\"breadcrumb\":{\"@id\":\"https:\/\/www.m-q.ch\/en\/high-calibre-podium-at-the-power-days-in-the-fair-zuerich\/#breadcrumb\"},\"inLanguage\":\"de\",\"potentialAction\":[{\"@type\":\"ReadAction\",\"target\":[\"https:\/\/www.m-q.ch\/en\/high-calibre-podium-at-the-power-days-in-the-fair-zuerich\/\"]}]},{\"@type\":\"ImageObject\",\"inLanguage\":\"de\",\"@id\":\"https:\/\/www.m-q.ch\/en\/high-calibre-podium-at-the-power-days-in-the-fair-zuerich\/#primaryimage\",\"url\":\"https:\/\/www.m-q.ch\/wp-content\/uploads\/2016\/12\/Hochkar\u00e4tiges-Podium-an-den-Powertagen-in-der-Messe-Z\u00fcrich-management-und-qualitaet-scaled.jpg\",\"contentUrl\":\"https:\/\/www.m-q.ch\/wp-content\/uploads\/2016\/12\/Hochkar\u00e4tiges-Podium-an-den-Powertagen-in-der-Messe-Z\u00fcrich-management-und-qualitaet-scaled.jpg\",\"width\":2560,\"height\":1441,\"caption\":\"Das Podium an den \\\"Powertagen\\\" unstricht: das Rennen um Marktpositionen ist im vollem Gange.\"},{\"@type\":\"BreadcrumbList\",\"@id\":\"https:\/\/www.m-q.ch\/en\/high-calibre-podium-at-the-power-days-in-the-fair-zuerich\/#breadcrumb\",\"itemListElement\":[{\"@type\":\"ListItem\",\"position\":1,\"name\":\"Unkategorisiert\",\"item\":\"https:\/\/www.m-q.ch\/it\/categoria\/senza-categoria\/\"},{\"@type\":\"ListItem\",\"position\":2,\"name\":\"Hochkar\u00e4tiges Podium an den \u201ePowertagen\u201c in der Messe Z\u00fcrich\"}]},{\"@type\":\"WebSite\",\"@id\":\"https:\/\/www.m-q.ch\/fr\/#website\",\"url\":\"https:\/\/www.m-q.ch\/fr\/\",\"name\":\"MQ Management und Qualit\u00e4t\",\"description\":\"Plattform f\u00fcr integrierte Managementsysteme.\",\"publisher\":{\"@id\":\"https:\/\/www.m-q.ch\/fr\/#organization\"},\"potentialAction\":[{\"@type\":\"SearchAction\",\"target\":{\"@type\":\"EntryPoint\",\"urlTemplate\":\"https:\/\/www.m-q.ch\/fr\/?s={search_term_string}\"},\"query-input\":{\"@type\":\"PropertyValueSpecification\",\"valueRequired\":true,\"valueName\":\"search_term_string\"}}],\"inLanguage\":\"de\"},{\"@type\":\"Organization\",\"@id\":\"https:\/\/www.m-q.ch\/fr\/#organization\",\"name\":\"Galledia Fachmedien AG\",\"url\":\"https:\/\/www.m-q.ch\/fr\/\",\"logo\":{\"@type\":\"ImageObject\",\"inLanguage\":\"de\",\"@id\":\"https:\/\/www.m-q.ch\/fr\/#\/schema\/logo\/image\/\",\"url\":\"https:\/\/www.m-q.ch\/wp-content\/uploads\/2020\/12\/cropped-logo_small.png\",\"contentUrl\":\"https:\/\/www.m-q.ch\/wp-content\/uploads\/2020\/12\/cropped-logo_small.png\",\"width\":512,\"height\":512,\"caption\":\"Galledia Fachmedien AG\"},\"image\":{\"@id\":\"https:\/\/www.m-q.ch\/fr\/#\/schema\/logo\/image\/\"},\"sameAs\":[\"https:\/\/www.facebook.com\/ManagementUndQualitaet\",\"https:\/\/www.linkedin.com\/showcase\/17982321\/admin\/\"]},{\"@type\":\"Person\",\"@id\":\"https:\/\/www.m-q.ch\/fr\/#\/schema\/person\/c0139a2c55a374db6df2cde78ec87148\",\"name\":\"galledia\",\"image\":{\"@type\":\"ImageObject\",\"inLanguage\":\"de\",\"@id\":\"https:\/\/www.m-q.ch\/fr\/#\/schema\/person\/image\/\",\"url\":\"https:\/\/secure.gravatar.com\/avatar\/66edf527eac29e9a5eb25bcada01f61a?s=96&d=mm&r=g\",\"contentUrl\":\"https:\/\/secure.gravatar.com\/avatar\/66edf527eac29e9a5eb25bcada01f61a?s=96&d=mm&r=g\",\"caption\":\"galledia\"},\"url\":\"https:\/\/www.m-q.ch\/de\/author\/galledia\/\"}]}<\/script>\n<!-- \/ Yoast SEO plugin. -->","yoast_head_json":{"title":"Hochkar\u00e4tiges Podium an den \u201ePowertagen\u201c in der Messe Z\u00fcrich - MQ Management und Qualit\u00e4t","description":"Alle zwei Jahre finden in der Messe Z\u00fcrich die \u201ePowertage\u201c statt: die zukunftsweisende Plattform f\u00fcr die Schweizer Stromwirtschaft.","robots":{"index":"index","follow":"follow","max-snippet":"max-snippet:-1","max-image-preview":"max-image-preview:large","max-video-preview":"max-video-preview:-1"},"canonical":"https:\/\/www.m-q.ch\/de\/hochkaraetiges-podium-an-den-powertagen-in-der-messe-zuerich\/","og_locale":"de_DE","og_type":"article","og_title":"Hochkar\u00e4tiges Podium an den \u201ePowertagen\u201c in der Messe Z\u00fcrich - MQ Management und Qualit\u00e4t","og_description":"Alle zwei Jahre finden in der Messe Z\u00fcrich die \u201ePowertage\u201c statt: die zukunftsweisende Plattform f\u00fcr die Schweizer Stromwirtschaft.","og_url":"https:\/\/www.m-q.ch\/de\/hochkaraetiges-podium-an-den-powertagen-in-der-messe-zuerich\/","og_site_name":"MQ Management und Qualit\u00e4t","article_publisher":"https:\/\/www.facebook.com\/ManagementUndQualitaet","article_published_time":"2016-06-13T12:09:41+00:00","article_modified_time":"2017-03-01T12:27:35+00:00","og_image":[{"width":2560,"height":1441,"url":"https:\/\/www.m-q.ch\/wp-content\/uploads\/2016\/12\/Hochkar\u00e4tiges-Podium-an-den-Powertagen-in-der-Messe-Z\u00fcrich-management-und-qualitaet-scaled.jpg","type":"image\/jpeg"}],"author":"galledia","twitter_card":"summary_large_image","twitter_misc":{"Verfasst von":"galledia","Gesch\u00e4tzte Lesezeit":"2\u00a0Minuten"},"schema":{"@context":"https:\/\/schema.org","@graph":[{"@type":"Article","@id":"https:\/\/www.m-q.ch\/en\/high-calibre-podium-at-the-power-days-in-the-fair-zuerich\/#article","isPartOf":{"@id":"https:\/\/www.m-q.ch\/en\/high-calibre-podium-at-the-power-days-in-the-fair-zuerich\/"},"author":{"name":"galledia","@id":"https:\/\/www.m-q.ch\/fr\/#\/schema\/person\/c0139a2c55a374db6df2cde78ec87148"},"headline":"Hochkar\u00e4tiges Podium an den \u201ePowertagen\u201c in der Messe Z\u00fcrich","datePublished":"2016-06-13T12:09:41+00:00","dateModified":"2017-03-01T12:27:35+00:00","mainEntityOfPage":{"@id":"https:\/\/www.m-q.ch\/en\/high-calibre-podium-at-the-power-days-in-the-fair-zuerich\/"},"wordCount":445,"commentCount":0,"publisher":{"@id":"https:\/\/www.m-q.ch\/fr\/#organization"},"image":{"@id":"https:\/\/www.m-q.ch\/en\/high-calibre-podium-at-the-power-days-in-the-fair-zuerich\/#primaryimage"},"thumbnailUrl":"https:\/\/www.m-q.ch\/wp-content\/uploads\/2016\/12\/Hochkar\u00e4tiges-Podium-an-den-Powertagen-in-der-Messe-Z\u00fcrich-management-und-qualitaet-scaled.jpg","keywords":["Digitalisierung"],"articleSection":["Unkategorisiert"],"inLanguage":"de"},{"@type":"WebPage","@id":"https:\/\/www.m-q.ch\/en\/high-calibre-podium-at-the-power-days-in-the-fair-zuerich\/","url":"https:\/\/www.m-q.ch\/en\/high-calibre-podium-at-the-power-days-in-the-fair-zuerich\/","name":"Hochkar\u00e4tiges Podium an den \u201ePowertagen\u201c in der Messe Z\u00fcrich - MQ Management und Qualit\u00e4t","isPartOf":{"@id":"https:\/\/www.m-q.ch\/fr\/#website"},"primaryImageOfPage":{"@id":"https:\/\/www.m-q.ch\/en\/high-calibre-podium-at-the-power-days-in-the-fair-zuerich\/#primaryimage"},"image":{"@id":"https:\/\/www.m-q.ch\/en\/high-calibre-podium-at-the-power-days-in-the-fair-zuerich\/#primaryimage"},"thumbnailUrl":"https:\/\/www.m-q.ch\/wp-content\/uploads\/2016\/12\/Hochkar\u00e4tiges-Podium-an-den-Powertagen-in-der-Messe-Z\u00fcrich-management-und-qualitaet-scaled.jpg","datePublished":"2016-06-13T12:09:41+00:00","dateModified":"2017-03-01T12:27:35+00:00","description":"Alle zwei Jahre finden in der Messe Z\u00fcrich die \u201ePowertage\u201c statt: die zukunftsweisende Plattform f\u00fcr die Schweizer Stromwirtschaft.","breadcrumb":{"@id":"https:\/\/www.m-q.ch\/en\/high-calibre-podium-at-the-power-days-in-the-fair-zuerich\/#breadcrumb"},"inLanguage":"de","potentialAction":[{"@type":"ReadAction","target":["https:\/\/www.m-q.ch\/en\/high-calibre-podium-at-the-power-days-in-the-fair-zuerich\/"]}]},{"@type":"ImageObject","inLanguage":"de","@id":"https:\/\/www.m-q.ch\/en\/high-calibre-podium-at-the-power-days-in-the-fair-zuerich\/#primaryimage","url":"https:\/\/www.m-q.ch\/wp-content\/uploads\/2016\/12\/Hochkar\u00e4tiges-Podium-an-den-Powertagen-in-der-Messe-Z\u00fcrich-management-und-qualitaet-scaled.jpg","contentUrl":"https:\/\/www.m-q.ch\/wp-content\/uploads\/2016\/12\/Hochkar\u00e4tiges-Podium-an-den-Powertagen-in-der-Messe-Z\u00fcrich-management-und-qualitaet-scaled.jpg","width":2560,"height":1441,"caption":"Das Podium an den \"Powertagen\" unstricht: das Rennen um Marktpositionen ist im vollem Gange."},{"@type":"BreadcrumbList","@id":"https:\/\/www.m-q.ch\/en\/high-calibre-podium-at-the-power-days-in-the-fair-zuerich\/#breadcrumb","itemListElement":[{"@type":"ListItem","position":1,"name":"Unkategorisiert","item":"https:\/\/www.m-q.ch\/it\/categoria\/senza-categoria\/"},{"@type":"ListItem","position":2,"name":"Hochkar\u00e4tiges Podium an den \u201ePowertagen\u201c in der Messe Z\u00fcrich"}]},{"@type":"WebSite","@id":"https:\/\/www.m-q.ch\/fr\/#website","url":"https:\/\/www.m-q.ch\/fr\/","name":"MQ Management und Qualit\u00e4t","description":"Plattform f\u00fcr integrierte Managementsysteme.","publisher":{"@id":"https:\/\/www.m-q.ch\/fr\/#organization"},"potentialAction":[{"@type":"SearchAction","target":{"@type":"EntryPoint","urlTemplate":"https:\/\/www.m-q.ch\/fr\/?s={search_term_string}"},"query-input":{"@type":"PropertyValueSpecification","valueRequired":true,"valueName":"search_term_string"}}],"inLanguage":"de"},{"@type":"Organization","@id":"https:\/\/www.m-q.ch\/fr\/#organization","name":"Galledia Fachmedien AG","url":"https:\/\/www.m-q.ch\/fr\/","logo":{"@type":"ImageObject","inLanguage":"de","@id":"https:\/\/www.m-q.ch\/fr\/#\/schema\/logo\/image\/","url":"https:\/\/www.m-q.ch\/wp-content\/uploads\/2020\/12\/cropped-logo_small.png","contentUrl":"https:\/\/www.m-q.ch\/wp-content\/uploads\/2020\/12\/cropped-logo_small.png","width":512,"height":512,"caption":"Galledia Fachmedien AG"},"image":{"@id":"https:\/\/www.m-q.ch\/fr\/#\/schema\/logo\/image\/"},"sameAs":["https:\/\/www.facebook.com\/ManagementUndQualitaet","https:\/\/www.linkedin.com\/showcase\/17982321\/admin\/"]},{"@type":"Person","@id":"https:\/\/www.m-q.ch\/fr\/#\/schema\/person\/c0139a2c55a374db6df2cde78ec87148","name":"galledia","image":{"@type":"ImageObject","inLanguage":"de","@id":"https:\/\/www.m-q.ch\/fr\/#\/schema\/person\/image\/","url":"https:\/\/secure.gravatar.com\/avatar\/66edf527eac29e9a5eb25bcada01f61a?s=96&d=mm&r=g","contentUrl":"https:\/\/secure.gravatar.com\/avatar\/66edf527eac29e9a5eb25bcada01f61a?s=96&d=mm&r=g","caption":"galledia"},"url":"https:\/\/www.m-q.ch\/de\/author\/galledia\/"}]}},"_links":{"self":[{"href":"https:\/\/www.m-q.ch\/de\/wp-json\/wp\/v2\/posts\/460","targetHints":{"allow":["GET"]}}],"collection":[{"href":"https:\/\/www.m-q.ch\/de\/wp-json\/wp\/v2\/posts"}],"about":[{"href":"https:\/\/www.m-q.ch\/de\/wp-json\/wp\/v2\/types\/post"}],"author":[{"embeddable":true,"href":"https:\/\/www.m-q.ch\/de\/wp-json\/wp\/v2\/users\/1"}],"replies":[{"embeddable":true,"href":"https:\/\/www.m-q.ch\/de\/wp-json\/wp\/v2\/comments?post=460"}],"version-history":[{"count":2,"href":"https:\/\/www.m-q.ch\/de\/wp-json\/wp\/v2\/posts\/460\/revisions"}],"predecessor-version":[{"id":1110,"href":"https:\/\/www.m-q.ch\/de\/wp-json\/wp\/v2\/posts\/460\/revisions\/1110"}],"wp:featuredmedia":[{"embeddable":true,"href":"https:\/\/www.m-q.ch\/de\/wp-json\/wp\/v2\/media\/136"}],"wp:attachment":[{"href":"https:\/\/www.m-q.ch\/de\/wp-json\/wp\/v2\/media?parent=460"}],"wp:term":[{"taxonomy":"category","embeddable":true,"href":"https:\/\/www.m-q.ch\/de\/wp-json\/wp\/v2\/categories?post=460"},{"taxonomy":"post_tag","embeddable":true,"href":"https:\/\/www.m-q.ch\/de\/wp-json\/wp\/v2\/tags?post=460"}],"curies":[{"name":"wp","href":"https:\/\/api.w.org\/{rel}","templated":true}]}}