{"id":508,"date":"2016-07-12T15:33:15","date_gmt":"2016-07-12T13:33:15","guid":{"rendered":"http:\/\/dev.m-q.ch\/?p=508"},"modified":"2017-03-01T12:55:24","modified_gmt":"2017-03-01T11:55:24","slug":"messer-schweiz-ag-an-der-spitze","status":"publish","type":"post","link":"https:\/\/www.m-q.ch\/de\/messer-schweiz-ag-an-der-spitze\/","title":{"rendered":"Messer Schweiz AG an der Spitze"},"content":{"rendered":"<figure id=\"attachment_172\" aria-describedby=\"caption-attachment-172\" style=\"width: 680px\" class=\"wp-caption alignnone\"><a href=\"https:\/\/m-q.ch\/wp-content\/uploads\/2016\/12\/Messer-Schweiz-AG-an-der-Spitze-management-und-qualitaet.jpg\"><img loading=\"lazy\" decoding=\"async\" class=\"wp-image-172 size-medium\" src=\"https:\/\/www.m-q.ch\/wp-content\/uploads\/2016\/12\/Messer-Schweiz-AG-an-der-Spitze-management-und-qualitaet-680x468.jpg\" width=\"680\" height=\"468\" srcset=\"https:\/\/www.m-q.ch\/wp-content\/uploads\/2016\/12\/Messer-Schweiz-AG-an-der-Spitze-management-und-qualitaet-680x468.jpg 680w, https:\/\/www.m-q.ch\/wp-content\/uploads\/2016\/12\/Messer-Schweiz-AG-an-der-Spitze-management-und-qualitaet-16x12.jpg 16w, https:\/\/www.m-q.ch\/wp-content\/uploads\/2016\/12\/Messer-Schweiz-AG-an-der-Spitze-management-und-qualitaet-254x175.jpg 254w, https:\/\/www.m-q.ch\/wp-content\/uploads\/2016\/12\/Messer-Schweiz-AG-an-der-Spitze-management-und-qualitaet-508x350.jpg 508w, https:\/\/www.m-q.ch\/wp-content\/uploads\/2016\/12\/Messer-Schweiz-AG-an-der-Spitze-management-und-qualitaet-300x207.jpg 300w, https:\/\/www.m-q.ch\/wp-content\/uploads\/2016\/12\/Messer-Schweiz-AG-an-der-Spitze-management-und-qualitaet.jpg 768w, https:\/\/www.m-q.ch\/wp-content\/uploads\/2016\/12\/Messer-Schweiz-AG-an-der-Spitze-management-und-qualitaet-624x430.jpg 624w\" sizes=\"auto, (max-width: 680px) 100vw, 680px\" \/><\/a><figcaption id=\"caption-attachment-172\" class=\"wp-caption-text\">Messer heute. Die Wurzeln der Messer Schweiz AG liegen in der Suurstoffi in Lenzburg. (Bild zVg)<\/figcaption><\/figure>\n<p>Messer ist bereits heute in der Lage, 40-50 Wasserstoff-Tankstellen zu beliefern. In der Gesundheitsindustrie baut Messer die Marktf\u00fchrerschaft f\u00fcr medizinische Gase deutlich aus. \u00d6ffentliche und private Spit\u00e4ler investieren in neue Geb\u00e4ude und hausinterne Technikanlagen. Als f\u00fchrender zertifizierter Anlagenbauer (ISO13485) in der Schweiz, erlebt Messer einen regelrechten Boom bei Neubauten und der Modernisierung veralteter Rohrleitungssysteme.<\/p>\n<p>Der Umsatz des Industriegase-Spezialisten Messer ist innerhalb der letzten zehn Jahre (2005-2015) um 50 Prozent gewachsen. Die ehemalige Lenzburger \u201eSuurstoffi\u201c geh\u00f6rt heute zur Spitze der Gaslieferanten in der Schweiz und baut den Produktionsstandort Lenzburg mit neuen Abf\u00fcllanlagen und einem neuen Verwaltungsgeb\u00e4ude weiter aus. Das Unternehmen reagiert auf ver\u00e4nderte Marktverh\u00e4ltnisse mit dem Ziel, zukunftstr\u00e4chtige Marktfelder besser auszubauen. Mit Innovationen, wie etwa im Recycling von CO2, ist Messer ger\u00fcstet f\u00fcr die Zukunft.<\/p>\n<p>Mit neuen Produktlancierungen steht eine Offensive in der Pharmaindustrie an. Hier verf\u00fcgt Messer \u00fcber neue Gase, Anwendungsbereiche und Technologien, die ein nachhaltiges Wachstum beg\u00fcnstigen.<\/p>\n<p><strong>Ohne Gase steht die Schweiz still<\/strong><\/p>\n<p>Es gibt kaum ein Produkt, das nicht mit Gas in Verbindung gebracht werden kann. Praktisch bekannt sind Propan f\u00fcr den Gartengrill, Kohlenstoffdioxid im Mineralwasser, Gase zum Schweissen und Helium in den Ballonen. Als flexibler und zugleich hochspezialisierter Partner ist die Messer Schweiz AG Lieferant f\u00fcr Forschungseinrichtungen wie z.B. das Paul Scherrer Institut und die EMPA.<\/p>\n<p>Mit der eigenen Luftzerlegungsanlage auf dem Gel\u00e4nde der Lonza in Visp bekennt sich die Messer Schweiz AG ausdr\u00fccklich zum Werkplatz Schweiz.<\/p>\n<p>Diesen August 2016 feiert die Messer AG Schweiz ihr 125-j\u00e4hriges Jubil\u00e4um. Mehr Informationen finden Sie unter:<\/p>\n<p><a href=\"http:\/\/www.messer.ch\" target=\"_blank\" data-cke-saved-href=\"http:\/\/www.messer.ch\">http:\/\/www.messer.ch<\/a><\/p>\n<p>&nbsp;<\/p>\n","protected":false},"excerpt":{"rendered":"<p>Messer ist bereits heute in der Lage, 40-50 Wasserstoff-Tankstellen zu beliefern. In der Gesundheitsindustrie baut Messer die Marktf\u00fchrerschaft f\u00fcr medizinische Gase deutlich aus. \u00d6ffentliche und private Spit\u00e4ler investieren in neue Geb\u00e4ude und hausinterne Technikanlagen. Als f\u00fchrender zertifizierter Anlagenbauer (ISO13485) in der Schweiz, erlebt Messer einen regelrechten Boom bei Neubauten und der Modernisierung veralteter Rohrleitungssysteme. Der [&hellip;]<\/p>\n","protected":false},"author":1,"featured_media":172,"comment_status":"open","ping_status":"open","sticky":false,"template":"","format":"standard","meta":{"_acf_changed":false,"footnotes":""},"categories":[1],"tags":[3352],"class_list":["post-508","post","type-post","status-publish","format-standard","has-post-thumbnail","hentry","category-unkategorisiert","tag-unternehmen"],"acf":[],"yoast_head":"<!-- This site is optimized with the Yoast SEO plugin v26.2 - https:\/\/yoast.com\/wordpress\/plugins\/seo\/ -->\n<title>Messer Schweiz AG an der Spitze - MQ Management und Qualit\u00e4t<\/title>\n<meta name=\"description\" content=\"Die Messer Schweiz AG ist stark verankert in der Schweizer MEM-Industrie.\" \/>\n<meta name=\"robots\" content=\"index, follow, max-snippet:-1, max-image-preview:large, max-video-preview:-1\" \/>\n<link rel=\"canonical\" href=\"https:\/\/www.m-q.ch\/de\/messer-schweiz-ag-an-der-spitze\/\" \/>\n<meta property=\"og:locale\" content=\"de_DE\" \/>\n<meta property=\"og:type\" content=\"article\" \/>\n<meta property=\"og:title\" content=\"Messer Schweiz AG an der Spitze - MQ Management und Qualit\u00e4t\" \/>\n<meta property=\"og:description\" content=\"Die Messer Schweiz AG ist stark verankert in der Schweizer MEM-Industrie.\" \/>\n<meta property=\"og:url\" content=\"https:\/\/www.m-q.ch\/de\/messer-schweiz-ag-an-der-spitze\/\" \/>\n<meta property=\"og:site_name\" content=\"MQ Management und Qualit\u00e4t\" \/>\n<meta property=\"article:publisher\" content=\"https:\/\/www.facebook.com\/ManagementUndQualitaet\" \/>\n<meta property=\"article:published_time\" content=\"2016-07-12T13:33:15+00:00\" \/>\n<meta property=\"article:modified_time\" content=\"2017-03-01T11:55:24+00:00\" \/>\n<meta property=\"og:image\" content=\"https:\/\/www.m-q.ch\/wp-content\/uploads\/2016\/12\/Messer-Schweiz-AG-an-der-Spitze-management-und-qualitaet.jpg\" \/>\n\t<meta property=\"og:image:width\" content=\"768\" \/>\n\t<meta property=\"og:image:height\" content=\"529\" \/>\n\t<meta property=\"og:image:type\" content=\"image\/jpeg\" \/>\n<meta name=\"author\" content=\"galledia\" \/>\n<meta name=\"twitter:card\" content=\"summary_large_image\" \/>\n<meta name=\"twitter:label1\" content=\"Verfasst von\" \/>\n\t<meta name=\"twitter:data1\" content=\"galledia\" \/>\n\t<meta name=\"twitter:label2\" content=\"Gesch\u00e4tzte Lesezeit\" \/>\n\t<meta name=\"twitter:data2\" content=\"1\u00a0Minute\" \/>\n<script type=\"application\/ld+json\" class=\"yoast-schema-graph\">{\"@context\":\"https:\/\/schema.org\",\"@graph\":[{\"@type\":\"Article\",\"@id\":\"https:\/\/www.m-q.ch\/en\/knife-switzerland-ag-at-the-top\/#article\",\"isPartOf\":{\"@id\":\"https:\/\/www.m-q.ch\/en\/knife-switzerland-ag-at-the-top\/\"},\"author\":{\"name\":\"galledia\",\"@id\":\"https:\/\/www.m-q.ch\/fr\/#\/schema\/person\/c0139a2c55a374db6df2cde78ec87148\"},\"headline\":\"Messer Schweiz AG an der Spitze\",\"datePublished\":\"2016-07-12T13:33:15+00:00\",\"dateModified\":\"2017-03-01T11:55:24+00:00\",\"mainEntityOfPage\":{\"@id\":\"https:\/\/www.m-q.ch\/en\/knife-switzerland-ag-at-the-top\/\"},\"wordCount\":300,\"commentCount\":0,\"publisher\":{\"@id\":\"https:\/\/www.m-q.ch\/fr\/#organization\"},\"image\":{\"@id\":\"https:\/\/www.m-q.ch\/en\/knife-switzerland-ag-at-the-top\/#primaryimage\"},\"thumbnailUrl\":\"https:\/\/www.m-q.ch\/wp-content\/uploads\/2016\/12\/Messer-Schweiz-AG-an-der-Spitze-management-und-qualitaet.jpg\",\"keywords\":[\"Unternehmen\"],\"articleSection\":[\"Unkategorisiert\"],\"inLanguage\":\"de\"},{\"@type\":\"WebPage\",\"@id\":\"https:\/\/www.m-q.ch\/en\/knife-switzerland-ag-at-the-top\/\",\"url\":\"https:\/\/www.m-q.ch\/en\/knife-switzerland-ag-at-the-top\/\",\"name\":\"Messer Schweiz AG an der Spitze - MQ Management und Qualit\u00e4t\",\"isPartOf\":{\"@id\":\"https:\/\/www.m-q.ch\/fr\/#website\"},\"primaryImageOfPage\":{\"@id\":\"https:\/\/www.m-q.ch\/en\/knife-switzerland-ag-at-the-top\/#primaryimage\"},\"image\":{\"@id\":\"https:\/\/www.m-q.ch\/en\/knife-switzerland-ag-at-the-top\/#primaryimage\"},\"thumbnailUrl\":\"https:\/\/www.m-q.ch\/wp-content\/uploads\/2016\/12\/Messer-Schweiz-AG-an-der-Spitze-management-und-qualitaet.jpg\",\"datePublished\":\"2016-07-12T13:33:15+00:00\",\"dateModified\":\"2017-03-01T11:55:24+00:00\",\"description\":\"Die Messer Schweiz AG ist stark verankert in der Schweizer MEM-Industrie.\",\"breadcrumb\":{\"@id\":\"https:\/\/www.m-q.ch\/en\/knife-switzerland-ag-at-the-top\/#breadcrumb\"},\"inLanguage\":\"de\",\"potentialAction\":[{\"@type\":\"ReadAction\",\"target\":[\"https:\/\/www.m-q.ch\/en\/knife-switzerland-ag-at-the-top\/\"]}]},{\"@type\":\"ImageObject\",\"inLanguage\":\"de\",\"@id\":\"https:\/\/www.m-q.ch\/en\/knife-switzerland-ag-at-the-top\/#primaryimage\",\"url\":\"https:\/\/www.m-q.ch\/wp-content\/uploads\/2016\/12\/Messer-Schweiz-AG-an-der-Spitze-management-und-qualitaet.jpg\",\"contentUrl\":\"https:\/\/www.m-q.ch\/wp-content\/uploads\/2016\/12\/Messer-Schweiz-AG-an-der-Spitze-management-und-qualitaet.jpg\",\"width\":768,\"height\":529,\"caption\":\"Messer heute. Die Wurzeln der Messer Schweiz AG liegen in der Suurstoffi in Lenzburg. (Bild zVg)\"},{\"@type\":\"BreadcrumbList\",\"@id\":\"https:\/\/www.m-q.ch\/en\/knife-switzerland-ag-at-the-top\/#breadcrumb\",\"itemListElement\":[{\"@type\":\"ListItem\",\"position\":1,\"name\":\"Unkategorisiert\",\"item\":\"https:\/\/www.m-q.ch\/it\/categoria\/senza-categoria\/\"},{\"@type\":\"ListItem\",\"position\":2,\"name\":\"Messer Schweiz AG an der Spitze\"}]},{\"@type\":\"WebSite\",\"@id\":\"https:\/\/www.m-q.ch\/fr\/#website\",\"url\":\"https:\/\/www.m-q.ch\/fr\/\",\"name\":\"MQ Management und Qualit\u00e4t\",\"description\":\"Plattform f\u00fcr integrierte Managementsysteme.\",\"publisher\":{\"@id\":\"https:\/\/www.m-q.ch\/fr\/#organization\"},\"potentialAction\":[{\"@type\":\"SearchAction\",\"target\":{\"@type\":\"EntryPoint\",\"urlTemplate\":\"https:\/\/www.m-q.ch\/fr\/?s={search_term_string}\"},\"query-input\":{\"@type\":\"PropertyValueSpecification\",\"valueRequired\":true,\"valueName\":\"search_term_string\"}}],\"inLanguage\":\"de\"},{\"@type\":\"Organization\",\"@id\":\"https:\/\/www.m-q.ch\/fr\/#organization\",\"name\":\"Galledia Fachmedien AG\",\"url\":\"https:\/\/www.m-q.ch\/fr\/\",\"logo\":{\"@type\":\"ImageObject\",\"inLanguage\":\"de\",\"@id\":\"https:\/\/www.m-q.ch\/fr\/#\/schema\/logo\/image\/\",\"url\":\"https:\/\/www.m-q.ch\/wp-content\/uploads\/2020\/12\/cropped-logo_small.png\",\"contentUrl\":\"https:\/\/www.m-q.ch\/wp-content\/uploads\/2020\/12\/cropped-logo_small.png\",\"width\":512,\"height\":512,\"caption\":\"Galledia Fachmedien AG\"},\"image\":{\"@id\":\"https:\/\/www.m-q.ch\/fr\/#\/schema\/logo\/image\/\"},\"sameAs\":[\"https:\/\/www.facebook.com\/ManagementUndQualitaet\",\"https:\/\/www.linkedin.com\/showcase\/17982321\/admin\/\"]},{\"@type\":\"Person\",\"@id\":\"https:\/\/www.m-q.ch\/fr\/#\/schema\/person\/c0139a2c55a374db6df2cde78ec87148\",\"name\":\"galledia\",\"image\":{\"@type\":\"ImageObject\",\"inLanguage\":\"de\",\"@id\":\"https:\/\/www.m-q.ch\/fr\/#\/schema\/person\/image\/\",\"url\":\"https:\/\/secure.gravatar.com\/avatar\/66edf527eac29e9a5eb25bcada01f61a?s=96&d=mm&r=g\",\"contentUrl\":\"https:\/\/secure.gravatar.com\/avatar\/66edf527eac29e9a5eb25bcada01f61a?s=96&d=mm&r=g\",\"caption\":\"galledia\"},\"url\":\"https:\/\/www.m-q.ch\/de\/author\/galledia\/\"}]}<\/script>\n<!-- \/ Yoast SEO plugin. -->","yoast_head_json":{"title":"Messer Schweiz AG an der Spitze - MQ Management und Qualit\u00e4t","description":"Die Messer Schweiz AG ist stark verankert in der Schweizer MEM-Industrie.","robots":{"index":"index","follow":"follow","max-snippet":"max-snippet:-1","max-image-preview":"max-image-preview:large","max-video-preview":"max-video-preview:-1"},"canonical":"https:\/\/www.m-q.ch\/de\/messer-schweiz-ag-an-der-spitze\/","og_locale":"de_DE","og_type":"article","og_title":"Messer Schweiz AG an der Spitze - MQ Management und Qualit\u00e4t","og_description":"Die Messer Schweiz AG ist stark verankert in der Schweizer MEM-Industrie.","og_url":"https:\/\/www.m-q.ch\/de\/messer-schweiz-ag-an-der-spitze\/","og_site_name":"MQ Management und Qualit\u00e4t","article_publisher":"https:\/\/www.facebook.com\/ManagementUndQualitaet","article_published_time":"2016-07-12T13:33:15+00:00","article_modified_time":"2017-03-01T11:55:24+00:00","og_image":[{"width":768,"height":529,"url":"https:\/\/www.m-q.ch\/wp-content\/uploads\/2016\/12\/Messer-Schweiz-AG-an-der-Spitze-management-und-qualitaet.jpg","type":"image\/jpeg"}],"author":"galledia","twitter_card":"summary_large_image","twitter_misc":{"Verfasst von":"galledia","Gesch\u00e4tzte Lesezeit":"1\u00a0Minute"},"schema":{"@context":"https:\/\/schema.org","@graph":[{"@type":"Article","@id":"https:\/\/www.m-q.ch\/en\/knife-switzerland-ag-at-the-top\/#article","isPartOf":{"@id":"https:\/\/www.m-q.ch\/en\/knife-switzerland-ag-at-the-top\/"},"author":{"name":"galledia","@id":"https:\/\/www.m-q.ch\/fr\/#\/schema\/person\/c0139a2c55a374db6df2cde78ec87148"},"headline":"Messer Schweiz AG an der Spitze","datePublished":"2016-07-12T13:33:15+00:00","dateModified":"2017-03-01T11:55:24+00:00","mainEntityOfPage":{"@id":"https:\/\/www.m-q.ch\/en\/knife-switzerland-ag-at-the-top\/"},"wordCount":300,"commentCount":0,"publisher":{"@id":"https:\/\/www.m-q.ch\/fr\/#organization"},"image":{"@id":"https:\/\/www.m-q.ch\/en\/knife-switzerland-ag-at-the-top\/#primaryimage"},"thumbnailUrl":"https:\/\/www.m-q.ch\/wp-content\/uploads\/2016\/12\/Messer-Schweiz-AG-an-der-Spitze-management-und-qualitaet.jpg","keywords":["Unternehmen"],"articleSection":["Unkategorisiert"],"inLanguage":"de"},{"@type":"WebPage","@id":"https:\/\/www.m-q.ch\/en\/knife-switzerland-ag-at-the-top\/","url":"https:\/\/www.m-q.ch\/en\/knife-switzerland-ag-at-the-top\/","name":"Messer Schweiz AG an der Spitze - MQ Management und Qualit\u00e4t","isPartOf":{"@id":"https:\/\/www.m-q.ch\/fr\/#website"},"primaryImageOfPage":{"@id":"https:\/\/www.m-q.ch\/en\/knife-switzerland-ag-at-the-top\/#primaryimage"},"image":{"@id":"https:\/\/www.m-q.ch\/en\/knife-switzerland-ag-at-the-top\/#primaryimage"},"thumbnailUrl":"https:\/\/www.m-q.ch\/wp-content\/uploads\/2016\/12\/Messer-Schweiz-AG-an-der-Spitze-management-und-qualitaet.jpg","datePublished":"2016-07-12T13:33:15+00:00","dateModified":"2017-03-01T11:55:24+00:00","description":"Die Messer Schweiz AG ist stark verankert in der Schweizer MEM-Industrie.","breadcrumb":{"@id":"https:\/\/www.m-q.ch\/en\/knife-switzerland-ag-at-the-top\/#breadcrumb"},"inLanguage":"de","potentialAction":[{"@type":"ReadAction","target":["https:\/\/www.m-q.ch\/en\/knife-switzerland-ag-at-the-top\/"]}]},{"@type":"ImageObject","inLanguage":"de","@id":"https:\/\/www.m-q.ch\/en\/knife-switzerland-ag-at-the-top\/#primaryimage","url":"https:\/\/www.m-q.ch\/wp-content\/uploads\/2016\/12\/Messer-Schweiz-AG-an-der-Spitze-management-und-qualitaet.jpg","contentUrl":"https:\/\/www.m-q.ch\/wp-content\/uploads\/2016\/12\/Messer-Schweiz-AG-an-der-Spitze-management-und-qualitaet.jpg","width":768,"height":529,"caption":"Messer heute. Die Wurzeln der Messer Schweiz AG liegen in der Suurstoffi in Lenzburg. (Bild zVg)"},{"@type":"BreadcrumbList","@id":"https:\/\/www.m-q.ch\/en\/knife-switzerland-ag-at-the-top\/#breadcrumb","itemListElement":[{"@type":"ListItem","position":1,"name":"Unkategorisiert","item":"https:\/\/www.m-q.ch\/it\/categoria\/senza-categoria\/"},{"@type":"ListItem","position":2,"name":"Messer Schweiz AG an der Spitze"}]},{"@type":"WebSite","@id":"https:\/\/www.m-q.ch\/fr\/#website","url":"https:\/\/www.m-q.ch\/fr\/","name":"MQ Management und Qualit\u00e4t","description":"Plattform f\u00fcr integrierte Managementsysteme.","publisher":{"@id":"https:\/\/www.m-q.ch\/fr\/#organization"},"potentialAction":[{"@type":"SearchAction","target":{"@type":"EntryPoint","urlTemplate":"https:\/\/www.m-q.ch\/fr\/?s={search_term_string}"},"query-input":{"@type":"PropertyValueSpecification","valueRequired":true,"valueName":"search_term_string"}}],"inLanguage":"de"},{"@type":"Organization","@id":"https:\/\/www.m-q.ch\/fr\/#organization","name":"Galledia Fachmedien AG","url":"https:\/\/www.m-q.ch\/fr\/","logo":{"@type":"ImageObject","inLanguage":"de","@id":"https:\/\/www.m-q.ch\/fr\/#\/schema\/logo\/image\/","url":"https:\/\/www.m-q.ch\/wp-content\/uploads\/2020\/12\/cropped-logo_small.png","contentUrl":"https:\/\/www.m-q.ch\/wp-content\/uploads\/2020\/12\/cropped-logo_small.png","width":512,"height":512,"caption":"Galledia Fachmedien AG"},"image":{"@id":"https:\/\/www.m-q.ch\/fr\/#\/schema\/logo\/image\/"},"sameAs":["https:\/\/www.facebook.com\/ManagementUndQualitaet","https:\/\/www.linkedin.com\/showcase\/17982321\/admin\/"]},{"@type":"Person","@id":"https:\/\/www.m-q.ch\/fr\/#\/schema\/person\/c0139a2c55a374db6df2cde78ec87148","name":"galledia","image":{"@type":"ImageObject","inLanguage":"de","@id":"https:\/\/www.m-q.ch\/fr\/#\/schema\/person\/image\/","url":"https:\/\/secure.gravatar.com\/avatar\/66edf527eac29e9a5eb25bcada01f61a?s=96&d=mm&r=g","contentUrl":"https:\/\/secure.gravatar.com\/avatar\/66edf527eac29e9a5eb25bcada01f61a?s=96&d=mm&r=g","caption":"galledia"},"url":"https:\/\/www.m-q.ch\/de\/author\/galledia\/"}]}},"_links":{"self":[{"href":"https:\/\/www.m-q.ch\/de\/wp-json\/wp\/v2\/posts\/508","targetHints":{"allow":["GET"]}}],"collection":[{"href":"https:\/\/www.m-q.ch\/de\/wp-json\/wp\/v2\/posts"}],"about":[{"href":"https:\/\/www.m-q.ch\/de\/wp-json\/wp\/v2\/types\/post"}],"author":[{"embeddable":true,"href":"https:\/\/www.m-q.ch\/de\/wp-json\/wp\/v2\/users\/1"}],"replies":[{"embeddable":true,"href":"https:\/\/www.m-q.ch\/de\/wp-json\/wp\/v2\/comments?post=508"}],"version-history":[{"count":2,"href":"https:\/\/www.m-q.ch\/de\/wp-json\/wp\/v2\/posts\/508\/revisions"}],"predecessor-version":[{"id":1083,"href":"https:\/\/www.m-q.ch\/de\/wp-json\/wp\/v2\/posts\/508\/revisions\/1083"}],"wp:featuredmedia":[{"embeddable":true,"href":"https:\/\/www.m-q.ch\/de\/wp-json\/wp\/v2\/media\/172"}],"wp:attachment":[{"href":"https:\/\/www.m-q.ch\/de\/wp-json\/wp\/v2\/media?parent=508"}],"wp:term":[{"taxonomy":"category","embeddable":true,"href":"https:\/\/www.m-q.ch\/de\/wp-json\/wp\/v2\/categories?post=508"},{"taxonomy":"post_tag","embeddable":true,"href":"https:\/\/www.m-q.ch\/de\/wp-json\/wp\/v2\/tags?post=508"}],"curies":[{"name":"wp","href":"https:\/\/api.w.org\/{rel}","templated":true}]}}