{"id":524,"date":"2016-08-02T15:48:01","date_gmt":"2016-08-02T13:48:01","guid":{"rendered":"http:\/\/dev.m-q.ch\/?p=524"},"modified":"2017-03-01T10:04:49","modified_gmt":"2017-03-01T09:04:49","slug":"krisen-management-vs-teiloeffentlichkeit","status":"publish","type":"post","link":"https:\/\/www.m-q.ch\/de\/krisen-management-vs-teiloeffentlichkeit\/","title":{"rendered":"Krisen-Management vs. Teil\u00f6ffentlichkeit"},"content":{"rendered":"<figure id=\"attachment_155\" aria-describedby=\"caption-attachment-155\" style=\"width: 640px\" class=\"wp-caption alignnone\"><a href=\"https:\/\/m-q.ch\/wp-content\/uploads\/2016\/12\/Krisen-Management-vs.-Teil\u00f6ffentlichkeit-management-und-qualitaet.jpg\"><img loading=\"lazy\" decoding=\"async\" class=\"wp-image-155 size-full\" src=\"https:\/\/www.m-q.ch\/wp-content\/uploads\/2016\/12\/Krisen-Management-vs.-Teil\u00f6ffentlichkeit-management-und-qualitaet.jpg\" width=\"640\" height=\"424\" srcset=\"https:\/\/www.m-q.ch\/wp-content\/uploads\/2016\/12\/Krisen-Management-vs.-Teil\u00f6ffentlichkeit-management-und-qualitaet.jpg 640w, https:\/\/www.m-q.ch\/wp-content\/uploads\/2016\/12\/Krisen-Management-vs.-Teil\u00f6ffentlichkeit-management-und-qualitaet-16x12.jpg 16w, https:\/\/www.m-q.ch\/wp-content\/uploads\/2016\/12\/Krisen-Management-vs.-Teil\u00f6ffentlichkeit-management-und-qualitaet-264x175.jpg 264w, https:\/\/www.m-q.ch\/wp-content\/uploads\/2016\/12\/Krisen-Management-vs.-Teil\u00f6ffentlichkeit-management-und-qualitaet-528x350.jpg 528w, https:\/\/www.m-q.ch\/wp-content\/uploads\/2016\/12\/Krisen-Management-vs.-Teil\u00f6ffentlichkeit-management-und-qualitaet-300x199.jpg 300w, https:\/\/www.m-q.ch\/wp-content\/uploads\/2016\/12\/Krisen-Management-vs.-Teil\u00f6ffentlichkeit-management-und-qualitaet-624x413.jpg 624w\" sizes=\"auto, (max-width: 640px) 100vw, 640px\" \/><\/a><figcaption id=\"caption-attachment-155\" class=\"wp-caption-text\">Ansichtssache: Gehirnersch\u00fctterungen und deren Sp\u00e4tfolgen im Football. (Bild: zVg)<\/figcaption><\/figure>\n<blockquote><p>Journalisten und Marketer nutzen Twitter, \u00a0um Einfluss auf die \u00d6ffentlichkeit zu nehmen.<\/p><\/blockquote>\n<p>F\u00fcr ihre Studie haben die MU-Doktoranden Douglas Wilbur und Danielle Myers \u00fcber 1\u2018000 Tweets rund um den US-Start des Films &#8222;Ersch\u00fctternde Wahrheit&#8220; (Originaltitel: &#8222;Concussion&#8220;) untersucht. Denn der Film wirft ein negatives Licht auf das Problem von Gehirnersch\u00fctterungen in der National Football League (NFL) und deren Sp\u00e4tfolgen &#8211; ein Thema, das f\u00fcr die NFL ohnehin seit einigen Jahren eine anhaltende PR-Krise darstellt.<\/p>\n<p>&#8222;Diese Studie beleuchtet, wie sich auf Twitter grosse, relativ unorganisierte Gruppen bilden k\u00f6nnen, um bestimmte Einstellungen und Standpunkte zu Organisationen, Themen und Problemen zu entwickeln&#8220;, erkl\u00e4rt Myers.<\/p>\n<p><strong>Gehirnersch\u00fctterungs-Krise<\/strong><\/p>\n<p>Der Analyse zufolge haben sich auf Twitter ohne viel Aufwand Gruppen gebildet, die unterschiedliche Ansichten zu Gehirnersch\u00fctterungen und NFL vertreten. So beurteilten Mediziner den Film und seine Themen positiv, weil weitere Forschungsaktivit\u00e4ten zu Gehirntraumas propagiert werden. F\u00fcr Sportler war wichtig, dass der Film das Problembewusstsein f\u00f6rdert. Anw\u00e4lte wiederum haben rechtliche Fragen rund um Gehirnersch\u00fctterungen in der NFL diskutiert, w\u00e4hrend sich ein breites Laienpublikum eine sehr negative Meinung \u00fcber die NFL und eine positive \u00fcber den Film gefasst hat.<\/p>\n<p><strong>Die Teil\u00f6ffentlichkeit auf Twitter<\/strong><\/p>\n<p>Aufgrund solcher Ergebnisse empfehlen die MU-Forscher, dass Insider im Krisenfall genau auf Twitter achten. Dann sehen sie, wie verschiedene Gruppen auf die Krise reagieren und welche zugrundeliegenden Themen dabei ihre Einstellung pr\u00e4gen. Diesen Wissensvorsprung k\u00f6nnen die Kommunikatoren nutzen, um gezielt Botschaften zu entwickeln, die bei einzelnen Teil\u00f6ffentlichkeiten besser ankommen. &#8222;Journalisten und Marketer nutzen Twitter bereits f\u00fcr \u00e4hnliche Zwecke&#8220;, meint Wilbur. PR-Profis w\u00fcrden jedoch auch in Europa noch etwas hinterherhinken.<\/p>\n<p>Weitere Informationen (Text nur auf Englisch verf\u00fcgbar) \u00fcber Krisenmanagement und PR finden Sie unter diesem <a href=\"http:\/\/www.instituteforpr.org\/unorganized-publics-adopt-stances-organizations-crisis-case-nfl-concussion-movie\/\" target=\"_blank\" data-cke-saved-href=\"http:\/\/www.instituteforpr.org\/unorganized-publics-adopt-stances-organizations-crisis-case-nfl-concussion-movie\/\">Link <\/a><\/p>\n<p>&nbsp;<\/p>\n","protected":false},"excerpt":{"rendered":"<p>Journalisten und Marketer nutzen Twitter, \u00a0um Einfluss auf die \u00d6ffentlichkeit zu nehmen. F\u00fcr ihre Studie haben die MU-Doktoranden Douglas Wilbur und Danielle Myers \u00fcber 1\u2018000 Tweets rund um den US-Start des Films &#8222;Ersch\u00fctternde Wahrheit&#8220; (Originaltitel: &#8222;Concussion&#8220;) untersucht. Denn der Film wirft ein negatives Licht auf das Problem von Gehirnersch\u00fctterungen in der National Football League (NFL) [&hellip;]<\/p>\n","protected":false},"author":1,"featured_media":155,"comment_status":"open","ping_status":"open","sticky":false,"template":"","format":"standard","meta":{"_acf_changed":false,"footnotes":""},"categories":[5],"tags":[3328,3360],"class_list":["post-524","post","type-post","status-publish","format-standard","has-post-thumbnail","hentry","category-business_excellence","tag-business-excellence","tag-management-und-unternehmensfuehrung"],"acf":[],"yoast_head":"<!-- This site is optimized with the Yoast SEO plugin v26.2 - https:\/\/yoast.com\/wordpress\/plugins\/seo\/ -->\n<title>Krisen-Management vs. Teil\u00f6ffentlichkeit - MQ Management und Qualit\u00e4t<\/title>\n<meta name=\"description\" content=\"Krisen-Management: Insider, die Krisen effektiv bew\u00e4ltigen wollen, sollten genauer auf Social Media Kan\u00e4le wie beispielsweise Twitter achten.\" \/>\n<meta name=\"robots\" content=\"index, follow, max-snippet:-1, max-image-preview:large, max-video-preview:-1\" \/>\n<link rel=\"canonical\" href=\"https:\/\/www.m-q.ch\/de\/krisen-management-vs-teiloeffentlichkeit\/\" \/>\n<meta property=\"og:locale\" content=\"de_DE\" \/>\n<meta property=\"og:type\" content=\"article\" \/>\n<meta property=\"og:title\" content=\"Krisen-Management vs. Teil\u00f6ffentlichkeit - MQ Management und Qualit\u00e4t\" \/>\n<meta property=\"og:description\" content=\"Krisen-Management: Insider, die Krisen effektiv bew\u00e4ltigen wollen, sollten genauer auf Social Media Kan\u00e4le wie beispielsweise Twitter achten.\" \/>\n<meta property=\"og:url\" content=\"https:\/\/www.m-q.ch\/de\/krisen-management-vs-teiloeffentlichkeit\/\" \/>\n<meta property=\"og:site_name\" content=\"MQ Management und Qualit\u00e4t\" \/>\n<meta property=\"article:publisher\" content=\"https:\/\/www.facebook.com\/ManagementUndQualitaet\" \/>\n<meta property=\"article:published_time\" content=\"2016-08-02T13:48:01+00:00\" \/>\n<meta property=\"article:modified_time\" content=\"2017-03-01T09:04:49+00:00\" \/>\n<meta property=\"og:image\" content=\"https:\/\/www.m-q.ch\/wp-content\/uploads\/2016\/12\/Krisen-Management-vs.-Teil\u00f6ffentlichkeit-management-und-qualitaet.jpg\" \/>\n\t<meta property=\"og:image:width\" content=\"640\" \/>\n\t<meta property=\"og:image:height\" content=\"424\" \/>\n\t<meta property=\"og:image:type\" content=\"image\/jpeg\" \/>\n<meta name=\"author\" content=\"galledia\" \/>\n<meta name=\"twitter:card\" content=\"summary_large_image\" \/>\n<meta name=\"twitter:label1\" content=\"Verfasst von\" \/>\n\t<meta name=\"twitter:data1\" content=\"galledia\" \/>\n\t<meta name=\"twitter:label2\" content=\"Gesch\u00e4tzte Lesezeit\" \/>\n\t<meta name=\"twitter:data2\" content=\"2\u00a0Minuten\" \/>\n<script type=\"application\/ld+json\" class=\"yoast-schema-graph\">{\"@context\":\"https:\/\/schema.org\",\"@graph\":[{\"@type\":\"Article\",\"@id\":\"https:\/\/www.m-q.ch\/krisen-management-vs-teiloeffentlichkeit\/#article\",\"isPartOf\":{\"@id\":\"https:\/\/www.m-q.ch\/krisen-management-vs-teiloeffentlichkeit\/\"},\"author\":{\"name\":\"galledia\",\"@id\":\"https:\/\/www.m-q.ch\/fr\/#\/schema\/person\/c0139a2c55a374db6df2cde78ec87148\"},\"headline\":\"Krisen-Management vs. Teil\u00f6ffentlichkeit\",\"datePublished\":\"2016-08-02T13:48:01+00:00\",\"dateModified\":\"2017-03-01T09:04:49+00:00\",\"mainEntityOfPage\":{\"@id\":\"https:\/\/www.m-q.ch\/krisen-management-vs-teiloeffentlichkeit\/\"},\"wordCount\":312,\"commentCount\":0,\"publisher\":{\"@id\":\"https:\/\/www.m-q.ch\/fr\/#organization\"},\"image\":{\"@id\":\"https:\/\/www.m-q.ch\/krisen-management-vs-teiloeffentlichkeit\/#primaryimage\"},\"thumbnailUrl\":\"https:\/\/www.m-q.ch\/wp-content\/uploads\/2016\/12\/Krisen-Management-vs.-Teil\u00f6ffentlichkeit-management-und-qualitaet.jpg\",\"keywords\":[\"Business Excellence\",\"Management und Unternehmensf\u00fchrung\"],\"articleSection\":[\"Business Excellence\"],\"inLanguage\":\"de\"},{\"@type\":\"WebPage\",\"@id\":\"https:\/\/www.m-q.ch\/krisen-management-vs-teiloeffentlichkeit\/\",\"url\":\"https:\/\/www.m-q.ch\/krisen-management-vs-teiloeffentlichkeit\/\",\"name\":\"Krisen-Management vs. Teil\u00f6ffentlichkeit - MQ Management und Qualit\u00e4t\",\"isPartOf\":{\"@id\":\"https:\/\/www.m-q.ch\/fr\/#website\"},\"primaryImageOfPage\":{\"@id\":\"https:\/\/www.m-q.ch\/krisen-management-vs-teiloeffentlichkeit\/#primaryimage\"},\"image\":{\"@id\":\"https:\/\/www.m-q.ch\/krisen-management-vs-teiloeffentlichkeit\/#primaryimage\"},\"thumbnailUrl\":\"https:\/\/www.m-q.ch\/wp-content\/uploads\/2016\/12\/Krisen-Management-vs.-Teil\u00f6ffentlichkeit-management-und-qualitaet.jpg\",\"datePublished\":\"2016-08-02T13:48:01+00:00\",\"dateModified\":\"2017-03-01T09:04:49+00:00\",\"description\":\"Krisen-Management: Insider, die Krisen effektiv bew\u00e4ltigen wollen, sollten genauer auf Social Media Kan\u00e4le wie beispielsweise Twitter achten.\",\"breadcrumb\":{\"@id\":\"https:\/\/www.m-q.ch\/krisen-management-vs-teiloeffentlichkeit\/#breadcrumb\"},\"inLanguage\":\"de\",\"potentialAction\":[{\"@type\":\"ReadAction\",\"target\":[\"https:\/\/www.m-q.ch\/krisen-management-vs-teiloeffentlichkeit\/\"]}]},{\"@type\":\"ImageObject\",\"inLanguage\":\"de\",\"@id\":\"https:\/\/www.m-q.ch\/krisen-management-vs-teiloeffentlichkeit\/#primaryimage\",\"url\":\"https:\/\/www.m-q.ch\/wp-content\/uploads\/2016\/12\/Krisen-Management-vs.-Teil\u00f6ffentlichkeit-management-und-qualitaet.jpg\",\"contentUrl\":\"https:\/\/www.m-q.ch\/wp-content\/uploads\/2016\/12\/Krisen-Management-vs.-Teil\u00f6ffentlichkeit-management-und-qualitaet.jpg\",\"width\":640,\"height\":424,\"caption\":\"Ansichtssache: Gehirnersch\u00fctterungen und deren Sp\u00e4tfolgen im Football. (Bild: zVg)\"},{\"@type\":\"BreadcrumbList\",\"@id\":\"https:\/\/www.m-q.ch\/krisen-management-vs-teiloeffentlichkeit\/#breadcrumb\",\"itemListElement\":[{\"@type\":\"ListItem\",\"position\":1,\"name\":\"Business Excellence\",\"item\":\"https:\/\/www.m-q.ch\/kategorie\/business_excellence\/\"},{\"@type\":\"ListItem\",\"position\":2,\"name\":\"Krisen-Management vs. Teil\u00f6ffentlichkeit\"}]},{\"@type\":\"WebSite\",\"@id\":\"https:\/\/www.m-q.ch\/fr\/#website\",\"url\":\"https:\/\/www.m-q.ch\/fr\/\",\"name\":\"MQ Management und Qualit\u00e4t\",\"description\":\"Plattform f\u00fcr integrierte Managementsysteme.\",\"publisher\":{\"@id\":\"https:\/\/www.m-q.ch\/fr\/#organization\"},\"potentialAction\":[{\"@type\":\"SearchAction\",\"target\":{\"@type\":\"EntryPoint\",\"urlTemplate\":\"https:\/\/www.m-q.ch\/fr\/?s={search_term_string}\"},\"query-input\":{\"@type\":\"PropertyValueSpecification\",\"valueRequired\":true,\"valueName\":\"search_term_string\"}}],\"inLanguage\":\"de\"},{\"@type\":\"Organization\",\"@id\":\"https:\/\/www.m-q.ch\/fr\/#organization\",\"name\":\"Galledia Fachmedien AG\",\"url\":\"https:\/\/www.m-q.ch\/fr\/\",\"logo\":{\"@type\":\"ImageObject\",\"inLanguage\":\"de\",\"@id\":\"https:\/\/www.m-q.ch\/fr\/#\/schema\/logo\/image\/\",\"url\":\"https:\/\/www.m-q.ch\/wp-content\/uploads\/2020\/12\/cropped-logo_small.png\",\"contentUrl\":\"https:\/\/www.m-q.ch\/wp-content\/uploads\/2020\/12\/cropped-logo_small.png\",\"width\":512,\"height\":512,\"caption\":\"Galledia Fachmedien AG\"},\"image\":{\"@id\":\"https:\/\/www.m-q.ch\/fr\/#\/schema\/logo\/image\/\"},\"sameAs\":[\"https:\/\/www.facebook.com\/ManagementUndQualitaet\",\"https:\/\/www.linkedin.com\/showcase\/17982321\/admin\/\"]},{\"@type\":\"Person\",\"@id\":\"https:\/\/www.m-q.ch\/fr\/#\/schema\/person\/c0139a2c55a374db6df2cde78ec87148\",\"name\":\"galledia\",\"image\":{\"@type\":\"ImageObject\",\"inLanguage\":\"de\",\"@id\":\"https:\/\/www.m-q.ch\/fr\/#\/schema\/person\/image\/\",\"url\":\"https:\/\/secure.gravatar.com\/avatar\/66edf527eac29e9a5eb25bcada01f61a?s=96&d=mm&r=g\",\"contentUrl\":\"https:\/\/secure.gravatar.com\/avatar\/66edf527eac29e9a5eb25bcada01f61a?s=96&d=mm&r=g\",\"caption\":\"galledia\"},\"url\":\"https:\/\/www.m-q.ch\/de\/author\/galledia\/\"}]}<\/script>\n<!-- \/ Yoast SEO plugin. -->","yoast_head_json":{"title":"Krisen-Management vs. Teil\u00f6ffentlichkeit - MQ Management und Qualit\u00e4t","description":"Krisen-Management: Insider, die Krisen effektiv bew\u00e4ltigen wollen, sollten genauer auf Social Media Kan\u00e4le wie beispielsweise Twitter achten.","robots":{"index":"index","follow":"follow","max-snippet":"max-snippet:-1","max-image-preview":"max-image-preview:large","max-video-preview":"max-video-preview:-1"},"canonical":"https:\/\/www.m-q.ch\/de\/krisen-management-vs-teiloeffentlichkeit\/","og_locale":"de_DE","og_type":"article","og_title":"Krisen-Management vs. Teil\u00f6ffentlichkeit - MQ Management und Qualit\u00e4t","og_description":"Krisen-Management: Insider, die Krisen effektiv bew\u00e4ltigen wollen, sollten genauer auf Social Media Kan\u00e4le wie beispielsweise Twitter achten.","og_url":"https:\/\/www.m-q.ch\/de\/krisen-management-vs-teiloeffentlichkeit\/","og_site_name":"MQ Management und Qualit\u00e4t","article_publisher":"https:\/\/www.facebook.com\/ManagementUndQualitaet","article_published_time":"2016-08-02T13:48:01+00:00","article_modified_time":"2017-03-01T09:04:49+00:00","og_image":[{"width":640,"height":424,"url":"https:\/\/www.m-q.ch\/wp-content\/uploads\/2016\/12\/Krisen-Management-vs.-Teil\u00f6ffentlichkeit-management-und-qualitaet.jpg","type":"image\/jpeg"}],"author":"galledia","twitter_card":"summary_large_image","twitter_misc":{"Verfasst von":"galledia","Gesch\u00e4tzte Lesezeit":"2\u00a0Minuten"},"schema":{"@context":"https:\/\/schema.org","@graph":[{"@type":"Article","@id":"https:\/\/www.m-q.ch\/krisen-management-vs-teiloeffentlichkeit\/#article","isPartOf":{"@id":"https:\/\/www.m-q.ch\/krisen-management-vs-teiloeffentlichkeit\/"},"author":{"name":"galledia","@id":"https:\/\/www.m-q.ch\/fr\/#\/schema\/person\/c0139a2c55a374db6df2cde78ec87148"},"headline":"Krisen-Management vs. Teil\u00f6ffentlichkeit","datePublished":"2016-08-02T13:48:01+00:00","dateModified":"2017-03-01T09:04:49+00:00","mainEntityOfPage":{"@id":"https:\/\/www.m-q.ch\/krisen-management-vs-teiloeffentlichkeit\/"},"wordCount":312,"commentCount":0,"publisher":{"@id":"https:\/\/www.m-q.ch\/fr\/#organization"},"image":{"@id":"https:\/\/www.m-q.ch\/krisen-management-vs-teiloeffentlichkeit\/#primaryimage"},"thumbnailUrl":"https:\/\/www.m-q.ch\/wp-content\/uploads\/2016\/12\/Krisen-Management-vs.-Teil\u00f6ffentlichkeit-management-und-qualitaet.jpg","keywords":["Business Excellence","Management und Unternehmensf\u00fchrung"],"articleSection":["Business Excellence"],"inLanguage":"de"},{"@type":"WebPage","@id":"https:\/\/www.m-q.ch\/krisen-management-vs-teiloeffentlichkeit\/","url":"https:\/\/www.m-q.ch\/krisen-management-vs-teiloeffentlichkeit\/","name":"Krisen-Management vs. Teil\u00f6ffentlichkeit - MQ Management und Qualit\u00e4t","isPartOf":{"@id":"https:\/\/www.m-q.ch\/fr\/#website"},"primaryImageOfPage":{"@id":"https:\/\/www.m-q.ch\/krisen-management-vs-teiloeffentlichkeit\/#primaryimage"},"image":{"@id":"https:\/\/www.m-q.ch\/krisen-management-vs-teiloeffentlichkeit\/#primaryimage"},"thumbnailUrl":"https:\/\/www.m-q.ch\/wp-content\/uploads\/2016\/12\/Krisen-Management-vs.-Teil\u00f6ffentlichkeit-management-und-qualitaet.jpg","datePublished":"2016-08-02T13:48:01+00:00","dateModified":"2017-03-01T09:04:49+00:00","description":"Krisen-Management: Insider, die Krisen effektiv bew\u00e4ltigen wollen, sollten genauer auf Social Media Kan\u00e4le wie beispielsweise Twitter achten.","breadcrumb":{"@id":"https:\/\/www.m-q.ch\/krisen-management-vs-teiloeffentlichkeit\/#breadcrumb"},"inLanguage":"de","potentialAction":[{"@type":"ReadAction","target":["https:\/\/www.m-q.ch\/krisen-management-vs-teiloeffentlichkeit\/"]}]},{"@type":"ImageObject","inLanguage":"de","@id":"https:\/\/www.m-q.ch\/krisen-management-vs-teiloeffentlichkeit\/#primaryimage","url":"https:\/\/www.m-q.ch\/wp-content\/uploads\/2016\/12\/Krisen-Management-vs.-Teil\u00f6ffentlichkeit-management-und-qualitaet.jpg","contentUrl":"https:\/\/www.m-q.ch\/wp-content\/uploads\/2016\/12\/Krisen-Management-vs.-Teil\u00f6ffentlichkeit-management-und-qualitaet.jpg","width":640,"height":424,"caption":"Ansichtssache: Gehirnersch\u00fctterungen und deren Sp\u00e4tfolgen im Football. (Bild: zVg)"},{"@type":"BreadcrumbList","@id":"https:\/\/www.m-q.ch\/krisen-management-vs-teiloeffentlichkeit\/#breadcrumb","itemListElement":[{"@type":"ListItem","position":1,"name":"Business Excellence","item":"https:\/\/www.m-q.ch\/kategorie\/business_excellence\/"},{"@type":"ListItem","position":2,"name":"Krisen-Management vs. Teil\u00f6ffentlichkeit"}]},{"@type":"WebSite","@id":"https:\/\/www.m-q.ch\/fr\/#website","url":"https:\/\/www.m-q.ch\/fr\/","name":"MQ Management und Qualit\u00e4t","description":"Plattform f\u00fcr integrierte Managementsysteme.","publisher":{"@id":"https:\/\/www.m-q.ch\/fr\/#organization"},"potentialAction":[{"@type":"SearchAction","target":{"@type":"EntryPoint","urlTemplate":"https:\/\/www.m-q.ch\/fr\/?s={search_term_string}"},"query-input":{"@type":"PropertyValueSpecification","valueRequired":true,"valueName":"search_term_string"}}],"inLanguage":"de"},{"@type":"Organization","@id":"https:\/\/www.m-q.ch\/fr\/#organization","name":"Galledia Fachmedien AG","url":"https:\/\/www.m-q.ch\/fr\/","logo":{"@type":"ImageObject","inLanguage":"de","@id":"https:\/\/www.m-q.ch\/fr\/#\/schema\/logo\/image\/","url":"https:\/\/www.m-q.ch\/wp-content\/uploads\/2020\/12\/cropped-logo_small.png","contentUrl":"https:\/\/www.m-q.ch\/wp-content\/uploads\/2020\/12\/cropped-logo_small.png","width":512,"height":512,"caption":"Galledia Fachmedien AG"},"image":{"@id":"https:\/\/www.m-q.ch\/fr\/#\/schema\/logo\/image\/"},"sameAs":["https:\/\/www.facebook.com\/ManagementUndQualitaet","https:\/\/www.linkedin.com\/showcase\/17982321\/admin\/"]},{"@type":"Person","@id":"https:\/\/www.m-q.ch\/fr\/#\/schema\/person\/c0139a2c55a374db6df2cde78ec87148","name":"galledia","image":{"@type":"ImageObject","inLanguage":"de","@id":"https:\/\/www.m-q.ch\/fr\/#\/schema\/person\/image\/","url":"https:\/\/secure.gravatar.com\/avatar\/66edf527eac29e9a5eb25bcada01f61a?s=96&d=mm&r=g","contentUrl":"https:\/\/secure.gravatar.com\/avatar\/66edf527eac29e9a5eb25bcada01f61a?s=96&d=mm&r=g","caption":"galledia"},"url":"https:\/\/www.m-q.ch\/de\/author\/galledia\/"}]}},"_links":{"self":[{"href":"https:\/\/www.m-q.ch\/de\/wp-json\/wp\/v2\/posts\/524","targetHints":{"allow":["GET"]}}],"collection":[{"href":"https:\/\/www.m-q.ch\/de\/wp-json\/wp\/v2\/posts"}],"about":[{"href":"https:\/\/www.m-q.ch\/de\/wp-json\/wp\/v2\/types\/post"}],"author":[{"embeddable":true,"href":"https:\/\/www.m-q.ch\/de\/wp-json\/wp\/v2\/users\/1"}],"replies":[{"embeddable":true,"href":"https:\/\/www.m-q.ch\/de\/wp-json\/wp\/v2\/comments?post=524"}],"version-history":[{"count":2,"href":"https:\/\/www.m-q.ch\/de\/wp-json\/wp\/v2\/posts\/524\/revisions"}],"predecessor-version":[{"id":1073,"href":"https:\/\/www.m-q.ch\/de\/wp-json\/wp\/v2\/posts\/524\/revisions\/1073"}],"wp:featuredmedia":[{"embeddable":true,"href":"https:\/\/www.m-q.ch\/de\/wp-json\/wp\/v2\/media\/155"}],"wp:attachment":[{"href":"https:\/\/www.m-q.ch\/de\/wp-json\/wp\/v2\/media?parent=524"}],"wp:term":[{"taxonomy":"category","embeddable":true,"href":"https:\/\/www.m-q.ch\/de\/wp-json\/wp\/v2\/categories?post=524"},{"taxonomy":"post_tag","embeddable":true,"href":"https:\/\/www.m-q.ch\/de\/wp-json\/wp\/v2\/tags?post=524"}],"curies":[{"name":"wp","href":"https:\/\/api.w.org\/{rel}","templated":true}]}}