{"id":552,"date":"2016-09-07T08:28:19","date_gmt":"2016-09-07T06:28:19","guid":{"rendered":"http:\/\/dev.m-q.ch\/?p=552"},"modified":"2017-03-01T08:59:54","modified_gmt":"2017-03-01T07:59:54","slug":"martin-hodgson-als-executive-director-fuer-sqs-berufen","status":"publish","type":"post","link":"https:\/\/www.m-q.ch\/de\/martin-hodgson-als-executive-director-fuer-sqs-berufen\/","title":{"rendered":"Martin Hodgson als Executive Director f\u00fcr SQS berufen"},"content":{"rendered":"<figure id=\"attachment_164\" aria-describedby=\"caption-attachment-164\" style=\"width: 336px\" class=\"wp-caption alignnone\"><a href=\"https:\/\/m-q.ch\/wp-content\/uploads\/2016\/12\/Martin-Hodgson-als-Executive-Director-f\u00fcr-SQS-berufen-management-und-qualitaet.jpg\"><img loading=\"lazy\" decoding=\"async\" class=\"wp-image-164 size-full\" src=\"https:\/\/www.m-q.ch\/wp-content\/uploads\/2016\/12\/Martin-Hodgson-als-Executive-Director-f\u00fcr-SQS-berufen-management-und-qualitaet.jpg\" width=\"336\" height=\"391\" srcset=\"https:\/\/www.m-q.ch\/wp-content\/uploads\/2016\/12\/Martin-Hodgson-als-Executive-Director-f\u00fcr-SQS-berufen-management-und-qualitaet.jpg 336w, https:\/\/www.m-q.ch\/wp-content\/uploads\/2016\/12\/Martin-Hodgson-als-Executive-Director-f\u00fcr-SQS-berufen-management-und-qualitaet-10x12.jpg 10w, https:\/\/www.m-q.ch\/wp-content\/uploads\/2016\/12\/Martin-Hodgson-als-Executive-Director-f\u00fcr-SQS-berufen-management-und-qualitaet-150x175.jpg 150w, https:\/\/www.m-q.ch\/wp-content\/uploads\/2016\/12\/Martin-Hodgson-als-Executive-Director-f\u00fcr-SQS-berufen-management-und-qualitaet-301x350.jpg 301w, https:\/\/www.m-q.ch\/wp-content\/uploads\/2016\/12\/Martin-Hodgson-als-Executive-Director-f\u00fcr-SQS-berufen-management-und-qualitaet-300x349.jpg 300w\" sizes=\"auto, (max-width: 336px) 100vw, 336px\" \/><\/a><figcaption id=\"caption-attachment-164\" class=\"wp-caption-text\">Martin Hodgson als Executive Director in den Verwaltungsrat der SQS AG berufen.<\/figcaption><\/figure>\n<p>Hodgson ist ab sofort weltweit f\u00fcr alle Gesch\u00e4ftsaktivit\u00e4ten im Bereich Management Consulting bei SQS verantwortlich. In seiner neuen Position im Vorstand von SQS wird Martin Hodgson das strategische Ziel des Managements unterst\u00fctzen, f\u00fchrender Anbieter in der Qualit\u00e4tssicherung von durchg\u00e4ngigen digitalen Prozessen zu werden.<\/p>\n<p>Die neu geschaffene Vorstandsposition wird sich auf das IT-Portfolio und zugeh\u00f6rige Projektmanagement sowie die Beratung in der Business und Enterprise-Architektur sowie Prozessmodellierung f\u00fcr SQS-Kunden konzentrieren.<\/p>\n<p>\u201eMartin Hodgson hat den Bereich des Project Management Office sehr erfolgreich seit seinem Einstieg in 2015 bei uns gef\u00fchrt. Jetzt wird uns Martin dank der neu geschaffenen Position im Vorstand\u00a0 dabei helfen, die Ziele zu erreichen, die wir uns mit der 2020-Strategie des Unternehmens gesetzt haben\u201c, erkl\u00e4rt Diederik Vos, CEO der SQS AG.<\/p>\n<p><a href=\"http:\/\/www.sqs.com\" data-cke-saved-href=\"http:\/\/www.sqs.com\">http:\/\/www.sqs.com<\/a><\/p>\n<p>&nbsp;<\/p>\n","protected":false},"excerpt":{"rendered":"<p>Hodgson ist ab sofort weltweit f\u00fcr alle Gesch\u00e4ftsaktivit\u00e4ten im Bereich Management Consulting bei SQS verantwortlich. In seiner neuen Position im Vorstand von SQS wird Martin Hodgson das strategische Ziel des Managements unterst\u00fctzen, f\u00fchrender Anbieter in der Qualit\u00e4tssicherung von durchg\u00e4ngigen digitalen Prozessen zu werden. Die neu geschaffene Vorstandsposition wird sich auf das IT-Portfolio und zugeh\u00f6rige Projektmanagement [&hellip;]<\/p>\n","protected":false},"author":1,"featured_media":164,"comment_status":"open","ping_status":"open","sticky":false,"template":"","format":"standard","meta":{"_acf_changed":false,"footnotes":""},"categories":[1],"tags":[3335],"class_list":["post-552","post","type-post","status-publish","format-standard","has-post-thumbnail","hentry","category-unkategorisiert","tag-personalia"],"acf":[],"yoast_head":"<!-- This site is optimized with the Yoast SEO plugin v26.2 - https:\/\/yoast.com\/wordpress\/plugins\/seo\/ -->\n<title>Martin Hodgson als Executive Director f\u00fcr SQS berufen - MQ Management und Qualit\u00e4t<\/title>\n<meta name=\"description\" content=\"Martin Hodgson wurde als Executive Director in den Vorstand von SQS Software Quality Systems AG berufen.\" \/>\n<meta name=\"robots\" content=\"index, follow, max-snippet:-1, max-image-preview:large, max-video-preview:-1\" \/>\n<link rel=\"canonical\" href=\"https:\/\/www.m-q.ch\/de\/martin-hodgson-als-executive-director-fuer-sqs-berufen\/\" \/>\n<meta property=\"og:locale\" content=\"de_DE\" \/>\n<meta property=\"og:type\" content=\"article\" \/>\n<meta property=\"og:title\" content=\"Martin Hodgson als Executive Director f\u00fcr SQS berufen - MQ Management und Qualit\u00e4t\" \/>\n<meta property=\"og:description\" content=\"Martin Hodgson wurde als Executive Director in den Vorstand von SQS Software Quality Systems AG berufen.\" \/>\n<meta property=\"og:url\" content=\"https:\/\/www.m-q.ch\/de\/martin-hodgson-als-executive-director-fuer-sqs-berufen\/\" \/>\n<meta property=\"og:site_name\" content=\"MQ Management und Qualit\u00e4t\" \/>\n<meta property=\"article:publisher\" content=\"https:\/\/www.facebook.com\/ManagementUndQualitaet\" \/>\n<meta property=\"article:published_time\" content=\"2016-09-07T06:28:19+00:00\" \/>\n<meta property=\"article:modified_time\" content=\"2017-03-01T07:59:54+00:00\" \/>\n<meta property=\"og:image\" content=\"https:\/\/www.m-q.ch\/wp-content\/uploads\/2016\/12\/Martin-Hodgson-als-Executive-Director-f\u00fcr-SQS-berufen-management-und-qualitaet.jpg\" \/>\n\t<meta property=\"og:image:width\" content=\"336\" \/>\n\t<meta property=\"og:image:height\" content=\"391\" \/>\n\t<meta property=\"og:image:type\" content=\"image\/jpeg\" \/>\n<meta name=\"author\" content=\"galledia\" \/>\n<meta name=\"twitter:card\" content=\"summary_large_image\" \/>\n<meta name=\"twitter:label1\" content=\"Verfasst von\" \/>\n\t<meta name=\"twitter:data1\" content=\"galledia\" \/>\n\t<meta name=\"twitter:label2\" content=\"Gesch\u00e4tzte Lesezeit\" \/>\n\t<meta name=\"twitter:data2\" content=\"1\u00a0Minute\" \/>\n<script type=\"application\/ld+json\" class=\"yoast-schema-graph\">{\"@context\":\"https:\/\/schema.org\",\"@graph\":[{\"@type\":\"Article\",\"@id\":\"https:\/\/www.m-q.ch\/en\/martin-hodgson-as-executive-director-for-sqs-professions\/#article\",\"isPartOf\":{\"@id\":\"https:\/\/www.m-q.ch\/en\/martin-hodgson-as-executive-director-for-sqs-professions\/\"},\"author\":{\"name\":\"galledia\",\"@id\":\"https:\/\/www.m-q.ch\/fr\/#\/schema\/person\/c0139a2c55a374db6df2cde78ec87148\"},\"headline\":\"Martin Hodgson als Executive Director f\u00fcr SQS berufen\",\"datePublished\":\"2016-09-07T06:28:19+00:00\",\"dateModified\":\"2017-03-01T07:59:54+00:00\",\"mainEntityOfPage\":{\"@id\":\"https:\/\/www.m-q.ch\/en\/martin-hodgson-as-executive-director-for-sqs-professions\/\"},\"wordCount\":164,\"commentCount\":0,\"publisher\":{\"@id\":\"https:\/\/www.m-q.ch\/fr\/#organization\"},\"image\":{\"@id\":\"https:\/\/www.m-q.ch\/en\/martin-hodgson-as-executive-director-for-sqs-professions\/#primaryimage\"},\"thumbnailUrl\":\"https:\/\/www.m-q.ch\/wp-content\/uploads\/2016\/12\/Martin-Hodgson-als-Executive-Director-f\u00fcr-SQS-berufen-management-und-qualitaet.jpg\",\"keywords\":[\"Personalia\"],\"articleSection\":[\"Unkategorisiert\"],\"inLanguage\":\"de\"},{\"@type\":\"WebPage\",\"@id\":\"https:\/\/www.m-q.ch\/en\/martin-hodgson-as-executive-director-for-sqs-professions\/\",\"url\":\"https:\/\/www.m-q.ch\/en\/martin-hodgson-as-executive-director-for-sqs-professions\/\",\"name\":\"Martin Hodgson als Executive Director f\u00fcr SQS berufen - MQ Management und Qualit\u00e4t\",\"isPartOf\":{\"@id\":\"https:\/\/www.m-q.ch\/fr\/#website\"},\"primaryImageOfPage\":{\"@id\":\"https:\/\/www.m-q.ch\/en\/martin-hodgson-as-executive-director-for-sqs-professions\/#primaryimage\"},\"image\":{\"@id\":\"https:\/\/www.m-q.ch\/en\/martin-hodgson-as-executive-director-for-sqs-professions\/#primaryimage\"},\"thumbnailUrl\":\"https:\/\/www.m-q.ch\/wp-content\/uploads\/2016\/12\/Martin-Hodgson-als-Executive-Director-f\u00fcr-SQS-berufen-management-und-qualitaet.jpg\",\"datePublished\":\"2016-09-07T06:28:19+00:00\",\"dateModified\":\"2017-03-01T07:59:54+00:00\",\"description\":\"Martin Hodgson wurde als Executive Director in den Vorstand von SQS Software Quality Systems AG berufen.\",\"breadcrumb\":{\"@id\":\"https:\/\/www.m-q.ch\/en\/martin-hodgson-as-executive-director-for-sqs-professions\/#breadcrumb\"},\"inLanguage\":\"de\",\"potentialAction\":[{\"@type\":\"ReadAction\",\"target\":[\"https:\/\/www.m-q.ch\/en\/martin-hodgson-as-executive-director-for-sqs-professions\/\"]}]},{\"@type\":\"ImageObject\",\"inLanguage\":\"de\",\"@id\":\"https:\/\/www.m-q.ch\/en\/martin-hodgson-as-executive-director-for-sqs-professions\/#primaryimage\",\"url\":\"https:\/\/www.m-q.ch\/wp-content\/uploads\/2016\/12\/Martin-Hodgson-als-Executive-Director-f\u00fcr-SQS-berufen-management-und-qualitaet.jpg\",\"contentUrl\":\"https:\/\/www.m-q.ch\/wp-content\/uploads\/2016\/12\/Martin-Hodgson-als-Executive-Director-f\u00fcr-SQS-berufen-management-und-qualitaet.jpg\",\"width\":336,\"height\":391,\"caption\":\"Martin Hodgson als Executive Director in den Verwaltungsrat der SQS AG berufen.\"},{\"@type\":\"BreadcrumbList\",\"@id\":\"https:\/\/www.m-q.ch\/en\/martin-hodgson-as-executive-director-for-sqs-professions\/#breadcrumb\",\"itemListElement\":[{\"@type\":\"ListItem\",\"position\":1,\"name\":\"Unkategorisiert\",\"item\":\"https:\/\/www.m-q.ch\/it\/categoria\/senza-categoria\/\"},{\"@type\":\"ListItem\",\"position\":2,\"name\":\"Martin Hodgson als Executive Director f\u00fcr SQS berufen\"}]},{\"@type\":\"WebSite\",\"@id\":\"https:\/\/www.m-q.ch\/fr\/#website\",\"url\":\"https:\/\/www.m-q.ch\/fr\/\",\"name\":\"MQ Management und Qualit\u00e4t\",\"description\":\"Plattform f\u00fcr integrierte Managementsysteme.\",\"publisher\":{\"@id\":\"https:\/\/www.m-q.ch\/fr\/#organization\"},\"potentialAction\":[{\"@type\":\"SearchAction\",\"target\":{\"@type\":\"EntryPoint\",\"urlTemplate\":\"https:\/\/www.m-q.ch\/fr\/?s={search_term_string}\"},\"query-input\":{\"@type\":\"PropertyValueSpecification\",\"valueRequired\":true,\"valueName\":\"search_term_string\"}}],\"inLanguage\":\"de\"},{\"@type\":\"Organization\",\"@id\":\"https:\/\/www.m-q.ch\/fr\/#organization\",\"name\":\"Galledia Fachmedien AG\",\"url\":\"https:\/\/www.m-q.ch\/fr\/\",\"logo\":{\"@type\":\"ImageObject\",\"inLanguage\":\"de\",\"@id\":\"https:\/\/www.m-q.ch\/fr\/#\/schema\/logo\/image\/\",\"url\":\"https:\/\/www.m-q.ch\/wp-content\/uploads\/2020\/12\/cropped-logo_small.png\",\"contentUrl\":\"https:\/\/www.m-q.ch\/wp-content\/uploads\/2020\/12\/cropped-logo_small.png\",\"width\":512,\"height\":512,\"caption\":\"Galledia Fachmedien AG\"},\"image\":{\"@id\":\"https:\/\/www.m-q.ch\/fr\/#\/schema\/logo\/image\/\"},\"sameAs\":[\"https:\/\/www.facebook.com\/ManagementUndQualitaet\",\"https:\/\/www.linkedin.com\/showcase\/17982321\/admin\/\"]},{\"@type\":\"Person\",\"@id\":\"https:\/\/www.m-q.ch\/fr\/#\/schema\/person\/c0139a2c55a374db6df2cde78ec87148\",\"name\":\"galledia\",\"image\":{\"@type\":\"ImageObject\",\"inLanguage\":\"de\",\"@id\":\"https:\/\/www.m-q.ch\/fr\/#\/schema\/person\/image\/\",\"url\":\"https:\/\/secure.gravatar.com\/avatar\/66edf527eac29e9a5eb25bcada01f61a?s=96&d=mm&r=g\",\"contentUrl\":\"https:\/\/secure.gravatar.com\/avatar\/66edf527eac29e9a5eb25bcada01f61a?s=96&d=mm&r=g\",\"caption\":\"galledia\"},\"url\":\"https:\/\/www.m-q.ch\/de\/author\/galledia\/\"}]}<\/script>\n<!-- \/ Yoast SEO plugin. -->","yoast_head_json":{"title":"Martin Hodgson als Executive Director f\u00fcr SQS berufen - MQ Management und Qualit\u00e4t","description":"Martin Hodgson wurde als Executive Director in den Vorstand von SQS Software Quality Systems AG berufen.","robots":{"index":"index","follow":"follow","max-snippet":"max-snippet:-1","max-image-preview":"max-image-preview:large","max-video-preview":"max-video-preview:-1"},"canonical":"https:\/\/www.m-q.ch\/de\/martin-hodgson-als-executive-director-fuer-sqs-berufen\/","og_locale":"de_DE","og_type":"article","og_title":"Martin Hodgson als Executive Director f\u00fcr SQS berufen - MQ Management und Qualit\u00e4t","og_description":"Martin Hodgson wurde als Executive Director in den Vorstand von SQS Software Quality Systems AG berufen.","og_url":"https:\/\/www.m-q.ch\/de\/martin-hodgson-als-executive-director-fuer-sqs-berufen\/","og_site_name":"MQ Management und Qualit\u00e4t","article_publisher":"https:\/\/www.facebook.com\/ManagementUndQualitaet","article_published_time":"2016-09-07T06:28:19+00:00","article_modified_time":"2017-03-01T07:59:54+00:00","og_image":[{"width":336,"height":391,"url":"https:\/\/www.m-q.ch\/wp-content\/uploads\/2016\/12\/Martin-Hodgson-als-Executive-Director-f\u00fcr-SQS-berufen-management-und-qualitaet.jpg","type":"image\/jpeg"}],"author":"galledia","twitter_card":"summary_large_image","twitter_misc":{"Verfasst von":"galledia","Gesch\u00e4tzte Lesezeit":"1\u00a0Minute"},"schema":{"@context":"https:\/\/schema.org","@graph":[{"@type":"Article","@id":"https:\/\/www.m-q.ch\/en\/martin-hodgson-as-executive-director-for-sqs-professions\/#article","isPartOf":{"@id":"https:\/\/www.m-q.ch\/en\/martin-hodgson-as-executive-director-for-sqs-professions\/"},"author":{"name":"galledia","@id":"https:\/\/www.m-q.ch\/fr\/#\/schema\/person\/c0139a2c55a374db6df2cde78ec87148"},"headline":"Martin Hodgson als Executive Director f\u00fcr SQS berufen","datePublished":"2016-09-07T06:28:19+00:00","dateModified":"2017-03-01T07:59:54+00:00","mainEntityOfPage":{"@id":"https:\/\/www.m-q.ch\/en\/martin-hodgson-as-executive-director-for-sqs-professions\/"},"wordCount":164,"commentCount":0,"publisher":{"@id":"https:\/\/www.m-q.ch\/fr\/#organization"},"image":{"@id":"https:\/\/www.m-q.ch\/en\/martin-hodgson-as-executive-director-for-sqs-professions\/#primaryimage"},"thumbnailUrl":"https:\/\/www.m-q.ch\/wp-content\/uploads\/2016\/12\/Martin-Hodgson-als-Executive-Director-f\u00fcr-SQS-berufen-management-und-qualitaet.jpg","keywords":["Personalia"],"articleSection":["Unkategorisiert"],"inLanguage":"de"},{"@type":"WebPage","@id":"https:\/\/www.m-q.ch\/en\/martin-hodgson-as-executive-director-for-sqs-professions\/","url":"https:\/\/www.m-q.ch\/en\/martin-hodgson-as-executive-director-for-sqs-professions\/","name":"Martin Hodgson als Executive Director f\u00fcr SQS berufen - MQ Management und Qualit\u00e4t","isPartOf":{"@id":"https:\/\/www.m-q.ch\/fr\/#website"},"primaryImageOfPage":{"@id":"https:\/\/www.m-q.ch\/en\/martin-hodgson-as-executive-director-for-sqs-professions\/#primaryimage"},"image":{"@id":"https:\/\/www.m-q.ch\/en\/martin-hodgson-as-executive-director-for-sqs-professions\/#primaryimage"},"thumbnailUrl":"https:\/\/www.m-q.ch\/wp-content\/uploads\/2016\/12\/Martin-Hodgson-als-Executive-Director-f\u00fcr-SQS-berufen-management-und-qualitaet.jpg","datePublished":"2016-09-07T06:28:19+00:00","dateModified":"2017-03-01T07:59:54+00:00","description":"Martin Hodgson wurde als Executive Director in den Vorstand von SQS Software Quality Systems AG berufen.","breadcrumb":{"@id":"https:\/\/www.m-q.ch\/en\/martin-hodgson-as-executive-director-for-sqs-professions\/#breadcrumb"},"inLanguage":"de","potentialAction":[{"@type":"ReadAction","target":["https:\/\/www.m-q.ch\/en\/martin-hodgson-as-executive-director-for-sqs-professions\/"]}]},{"@type":"ImageObject","inLanguage":"de","@id":"https:\/\/www.m-q.ch\/en\/martin-hodgson-as-executive-director-for-sqs-professions\/#primaryimage","url":"https:\/\/www.m-q.ch\/wp-content\/uploads\/2016\/12\/Martin-Hodgson-als-Executive-Director-f\u00fcr-SQS-berufen-management-und-qualitaet.jpg","contentUrl":"https:\/\/www.m-q.ch\/wp-content\/uploads\/2016\/12\/Martin-Hodgson-als-Executive-Director-f\u00fcr-SQS-berufen-management-und-qualitaet.jpg","width":336,"height":391,"caption":"Martin Hodgson als Executive Director in den Verwaltungsrat der SQS AG berufen."},{"@type":"BreadcrumbList","@id":"https:\/\/www.m-q.ch\/en\/martin-hodgson-as-executive-director-for-sqs-professions\/#breadcrumb","itemListElement":[{"@type":"ListItem","position":1,"name":"Unkategorisiert","item":"https:\/\/www.m-q.ch\/it\/categoria\/senza-categoria\/"},{"@type":"ListItem","position":2,"name":"Martin Hodgson als Executive Director f\u00fcr SQS berufen"}]},{"@type":"WebSite","@id":"https:\/\/www.m-q.ch\/fr\/#website","url":"https:\/\/www.m-q.ch\/fr\/","name":"MQ Management und Qualit\u00e4t","description":"Plattform f\u00fcr integrierte Managementsysteme.","publisher":{"@id":"https:\/\/www.m-q.ch\/fr\/#organization"},"potentialAction":[{"@type":"SearchAction","target":{"@type":"EntryPoint","urlTemplate":"https:\/\/www.m-q.ch\/fr\/?s={search_term_string}"},"query-input":{"@type":"PropertyValueSpecification","valueRequired":true,"valueName":"search_term_string"}}],"inLanguage":"de"},{"@type":"Organization","@id":"https:\/\/www.m-q.ch\/fr\/#organization","name":"Galledia Fachmedien AG","url":"https:\/\/www.m-q.ch\/fr\/","logo":{"@type":"ImageObject","inLanguage":"de","@id":"https:\/\/www.m-q.ch\/fr\/#\/schema\/logo\/image\/","url":"https:\/\/www.m-q.ch\/wp-content\/uploads\/2020\/12\/cropped-logo_small.png","contentUrl":"https:\/\/www.m-q.ch\/wp-content\/uploads\/2020\/12\/cropped-logo_small.png","width":512,"height":512,"caption":"Galledia Fachmedien AG"},"image":{"@id":"https:\/\/www.m-q.ch\/fr\/#\/schema\/logo\/image\/"},"sameAs":["https:\/\/www.facebook.com\/ManagementUndQualitaet","https:\/\/www.linkedin.com\/showcase\/17982321\/admin\/"]},{"@type":"Person","@id":"https:\/\/www.m-q.ch\/fr\/#\/schema\/person\/c0139a2c55a374db6df2cde78ec87148","name":"galledia","image":{"@type":"ImageObject","inLanguage":"de","@id":"https:\/\/www.m-q.ch\/fr\/#\/schema\/person\/image\/","url":"https:\/\/secure.gravatar.com\/avatar\/66edf527eac29e9a5eb25bcada01f61a?s=96&d=mm&r=g","contentUrl":"https:\/\/secure.gravatar.com\/avatar\/66edf527eac29e9a5eb25bcada01f61a?s=96&d=mm&r=g","caption":"galledia"},"url":"https:\/\/www.m-q.ch\/de\/author\/galledia\/"}]}},"_links":{"self":[{"href":"https:\/\/www.m-q.ch\/de\/wp-json\/wp\/v2\/posts\/552","targetHints":{"allow":["GET"]}}],"collection":[{"href":"https:\/\/www.m-q.ch\/de\/wp-json\/wp\/v2\/posts"}],"about":[{"href":"https:\/\/www.m-q.ch\/de\/wp-json\/wp\/v2\/types\/post"}],"author":[{"embeddable":true,"href":"https:\/\/www.m-q.ch\/de\/wp-json\/wp\/v2\/users\/1"}],"replies":[{"embeddable":true,"href":"https:\/\/www.m-q.ch\/de\/wp-json\/wp\/v2\/comments?post=552"}],"version-history":[{"count":2,"href":"https:\/\/www.m-q.ch\/de\/wp-json\/wp\/v2\/posts\/552\/revisions"}],"predecessor-version":[{"id":1058,"href":"https:\/\/www.m-q.ch\/de\/wp-json\/wp\/v2\/posts\/552\/revisions\/1058"}],"wp:featuredmedia":[{"embeddable":true,"href":"https:\/\/www.m-q.ch\/de\/wp-json\/wp\/v2\/media\/164"}],"wp:attachment":[{"href":"https:\/\/www.m-q.ch\/de\/wp-json\/wp\/v2\/media?parent=552"}],"wp:term":[{"taxonomy":"category","embeddable":true,"href":"https:\/\/www.m-q.ch\/de\/wp-json\/wp\/v2\/categories?post=552"},{"taxonomy":"post_tag","embeddable":true,"href":"https:\/\/www.m-q.ch\/de\/wp-json\/wp\/v2\/tags?post=552"}],"curies":[{"name":"wp","href":"https:\/\/api.w.org\/{rel}","templated":true}]}}