{"id":560,"date":"2016-09-14T08:43:08","date_gmt":"2016-09-14T06:43:08","guid":{"rendered":"http:\/\/dev.m-q.ch\/?p=560"},"modified":"2017-03-01T08:56:30","modified_gmt":"2017-03-01T07:56:30","slug":"kmu-der-mem-industrie-verlieren-weiter-an-dynamik","status":"publish","type":"post","link":"https:\/\/www.m-q.ch\/de\/kmu-der-mem-industrie-verlieren-weiter-an-dynamik\/","title":{"rendered":"KMU der MEM-Industrie verlieren weiter an Dynamik"},"content":{"rendered":"<figure id=\"attachment_153\" aria-describedby=\"caption-attachment-153\" style=\"width: 448px\" class=\"wp-caption alignnone\"><a href=\"https:\/\/m-q.ch\/wp-content\/uploads\/2016\/12\/KMU-der-MEM-Industrie-verlieren-weiter-an-Dynamik-management-und-qualitaet.jpg\"><img loading=\"lazy\" decoding=\"async\" class=\"wp-image-153 size-full\" src=\"https:\/\/www.m-q.ch\/wp-content\/uploads\/2016\/12\/KMU-der-MEM-Industrie-verlieren-weiter-an-Dynamik-management-und-qualitaet.jpg\" width=\"448\" height=\"292\" srcset=\"https:\/\/www.m-q.ch\/wp-content\/uploads\/2016\/12\/KMU-der-MEM-Industrie-verlieren-weiter-an-Dynamik-management-und-qualitaet.jpg 448w, https:\/\/www.m-q.ch\/wp-content\/uploads\/2016\/12\/KMU-der-MEM-Industrie-verlieren-weiter-an-Dynamik-management-und-qualitaet-16x10.jpg 16w, https:\/\/www.m-q.ch\/wp-content\/uploads\/2016\/12\/KMU-der-MEM-Industrie-verlieren-weiter-an-Dynamik-management-und-qualitaet-268x175.jpg 268w, https:\/\/www.m-q.ch\/wp-content\/uploads\/2016\/12\/KMU-der-MEM-Industrie-verlieren-weiter-an-Dynamik-management-und-qualitaet-300x196.jpg 300w\" sizes=\"auto, (max-width: 448px) 100vw, 448px\" \/><\/a><figcaption id=\"caption-attachment-153\" class=\"wp-caption-text\">(Bild: depositphotos)<\/figcaption><\/figure>\n<p>\u00c4hnlich sieht es mit den kurzfristigen Garantien aus: Mehr als vier von zehn befragten Firmen geben an, ihre Produktion sei nicht \u00fcber vier Wochen hinaus gesichert. Insbesondere der Wiederaufschwung in der Eurozone bewirkt, dass viele Zulieferer in der Schweiz gezwungen sind, ihr Gesch\u00e4ft aufzugeben.<\/p>\n<p>Was die Besch\u00e4ftigung angeht, z\u00e4hlt Swissmechanic, dass seit der Aufhebung der Kursuntergrenze zwischen Franken und Euro schon mehr als 12&#8217;000 Vollzeitstellen gestrichen wurden. Am st\u00e4rksten betroffen sind die Bereiche Metallerzeugnisse, elektronische Ausr\u00fcstung und Maschinenbau.<\/p>\n<p>Laut dem 1&#8217;400 Mitglieder starken Dachverband erreichte der Stellenabbau bereits solche Ausmasse, dass nur noch 5% zus\u00e4tzliche Entlassungen planen. Andere Massnahmen zum Personalabbau d\u00fcrften nur bei 16% erfolgen.<\/p>\n<p>Was ausserdem aus der Studie hervorgeht: Im Hinblick auf die Gesch\u00e4ftsentwicklung klaffte die Schere zwischen den Schweizer Grossunternehmen und den kleineren Firmen im Berichtszeitraum weiter auseinander denn je. Grosse Unternehmen beurteilen ihre Gesch\u00e4ftslage als &#8222;gut&#8220;, mittelgrosse als &#8222;schlecht&#8220; und kleine als noch schlechter.<\/p>\n<p>Die ganze Studie zum Werkplatz Schweiz finden sie unter dem Titel &#8222;Tr\u00fcgerische Ruhe mit \u00fcber 12&#8217;000 Arbeitspl\u00e4tzen weniger&#8220; auf der offiziellen KMU Site des Schweizer Bundes oder <a href=\"https:\/\/www.kmu.admin.ch\/kmu\/de\/home\/aktuell\/news\/2016\/kmu-der-mem-industrie-verlieren-weiter-an-dynamik.html\" target=\"_blank\" rel=\"noreferrer\" data-cke-saved-href=\"https:\/\/www.kmu.admin.ch\/kmu\/de\/home\/aktuell\/news\/2016\/kmu-der-mem-industrie-verlieren-weiter-an-dynamik.html\">hier<\/a><\/p>\n<p>&nbsp;<\/p>\n","protected":false},"excerpt":{"rendered":"<p>\u00c4hnlich sieht es mit den kurzfristigen Garantien aus: Mehr als vier von zehn befragten Firmen geben an, ihre Produktion sei nicht \u00fcber vier Wochen hinaus gesichert. Insbesondere der Wiederaufschwung in der Eurozone bewirkt, dass viele Zulieferer in der Schweiz gezwungen sind, ihr Gesch\u00e4ft aufzugeben. Was die Besch\u00e4ftigung angeht, z\u00e4hlt Swissmechanic, dass seit der Aufhebung der [&hellip;]<\/p>\n","protected":false},"author":1,"featured_media":153,"comment_status":"open","ping_status":"open","sticky":false,"template":"","format":"standard","meta":{"_acf_changed":false,"footnotes":""},"categories":[1],"tags":[3362],"class_list":["post-560","post","type-post","status-publish","format-standard","has-post-thumbnail","hentry","category-unkategorisiert","tag-studie"],"acf":[],"yoast_head":"<!-- This site is optimized with the Yoast SEO plugin v26.2 - https:\/\/yoast.com\/wordpress\/plugins\/seo\/ -->\n<title>KMU der MEM-Industrie verlieren weiter an Dynamik - MQ Management und Qualit\u00e4t<\/title>\n<meta name=\"description\" content=\"Die MEM-Industrie (Maschinen-, Elektro- und Metallindustrie) ringt aufgrund des starken Franken weiter nach Luft.\" \/>\n<meta name=\"robots\" content=\"index, follow, max-snippet:-1, max-image-preview:large, max-video-preview:-1\" \/>\n<link rel=\"canonical\" href=\"https:\/\/www.m-q.ch\/de\/kmu-der-mem-industrie-verlieren-weiter-an-dynamik\/\" \/>\n<meta property=\"og:locale\" content=\"de_DE\" \/>\n<meta property=\"og:type\" content=\"article\" \/>\n<meta property=\"og:title\" content=\"KMU der MEM-Industrie verlieren weiter an Dynamik - MQ Management und Qualit\u00e4t\" \/>\n<meta property=\"og:description\" content=\"Die MEM-Industrie (Maschinen-, Elektro- und Metallindustrie) ringt aufgrund des starken Franken weiter nach Luft.\" \/>\n<meta property=\"og:url\" content=\"https:\/\/www.m-q.ch\/de\/kmu-der-mem-industrie-verlieren-weiter-an-dynamik\/\" \/>\n<meta property=\"og:site_name\" content=\"MQ Management und Qualit\u00e4t\" \/>\n<meta property=\"article:publisher\" content=\"https:\/\/www.facebook.com\/ManagementUndQualitaet\" \/>\n<meta property=\"article:published_time\" content=\"2016-09-14T06:43:08+00:00\" \/>\n<meta property=\"article:modified_time\" content=\"2017-03-01T07:56:30+00:00\" \/>\n<meta property=\"og:image\" content=\"https:\/\/www.m-q.ch\/wp-content\/uploads\/2016\/12\/KMU-der-MEM-Industrie-verlieren-weiter-an-Dynamik-management-und-qualitaet.jpg\" \/>\n\t<meta property=\"og:image:width\" content=\"448\" \/>\n\t<meta property=\"og:image:height\" content=\"292\" \/>\n\t<meta property=\"og:image:type\" content=\"image\/jpeg\" \/>\n<meta name=\"author\" content=\"galledia\" \/>\n<meta name=\"twitter:card\" content=\"summary_large_image\" \/>\n<meta name=\"twitter:label1\" content=\"Verfasst von\" \/>\n\t<meta name=\"twitter:data1\" content=\"galledia\" \/>\n\t<meta name=\"twitter:label2\" content=\"Gesch\u00e4tzte Lesezeit\" \/>\n\t<meta name=\"twitter:data2\" content=\"1\u00a0Minute\" \/>\n<script type=\"application\/ld+json\" class=\"yoast-schema-graph\">{\"@context\":\"https:\/\/schema.org\",\"@graph\":[{\"@type\":\"Article\",\"@id\":\"https:\/\/www.m-q.ch\/it\/le-pmi-nellindustria-della-memoria-stanno-perdendo-slancio\/#article\",\"isPartOf\":{\"@id\":\"https:\/\/www.m-q.ch\/it\/le-pmi-nellindustria-della-memoria-stanno-perdendo-slancio\/\"},\"author\":{\"name\":\"galledia\",\"@id\":\"https:\/\/www.m-q.ch\/fr\/#\/schema\/person\/c0139a2c55a374db6df2cde78ec87148\"},\"headline\":\"KMU der MEM-Industrie verlieren weiter an Dynamik\",\"datePublished\":\"2016-09-14T06:43:08+00:00\",\"dateModified\":\"2017-03-01T07:56:30+00:00\",\"mainEntityOfPage\":{\"@id\":\"https:\/\/www.m-q.ch\/it\/le-pmi-nellindustria-della-memoria-stanno-perdendo-slancio\/\"},\"wordCount\":203,\"commentCount\":0,\"publisher\":{\"@id\":\"https:\/\/www.m-q.ch\/fr\/#organization\"},\"image\":{\"@id\":\"https:\/\/www.m-q.ch\/it\/le-pmi-nellindustria-della-memoria-stanno-perdendo-slancio\/#primaryimage\"},\"thumbnailUrl\":\"https:\/\/www.m-q.ch\/wp-content\/uploads\/2016\/12\/KMU-der-MEM-Industrie-verlieren-weiter-an-Dynamik-management-und-qualitaet.jpg\",\"keywords\":[\"Studie\"],\"articleSection\":[\"Unkategorisiert\"],\"inLanguage\":\"de\"},{\"@type\":\"WebPage\",\"@id\":\"https:\/\/www.m-q.ch\/it\/le-pmi-nellindustria-della-memoria-stanno-perdendo-slancio\/\",\"url\":\"https:\/\/www.m-q.ch\/it\/le-pmi-nellindustria-della-memoria-stanno-perdendo-slancio\/\",\"name\":\"KMU der MEM-Industrie verlieren weiter an Dynamik - MQ Management und Qualit\u00e4t\",\"isPartOf\":{\"@id\":\"https:\/\/www.m-q.ch\/fr\/#website\"},\"primaryImageOfPage\":{\"@id\":\"https:\/\/www.m-q.ch\/it\/le-pmi-nellindustria-della-memoria-stanno-perdendo-slancio\/#primaryimage\"},\"image\":{\"@id\":\"https:\/\/www.m-q.ch\/it\/le-pmi-nellindustria-della-memoria-stanno-perdendo-slancio\/#primaryimage\"},\"thumbnailUrl\":\"https:\/\/www.m-q.ch\/wp-content\/uploads\/2016\/12\/KMU-der-MEM-Industrie-verlieren-weiter-an-Dynamik-management-und-qualitaet.jpg\",\"datePublished\":\"2016-09-14T06:43:08+00:00\",\"dateModified\":\"2017-03-01T07:56:30+00:00\",\"description\":\"Die MEM-Industrie (Maschinen-, Elektro- und Metallindustrie) ringt aufgrund des starken Franken weiter nach Luft.\",\"breadcrumb\":{\"@id\":\"https:\/\/www.m-q.ch\/it\/le-pmi-nellindustria-della-memoria-stanno-perdendo-slancio\/#breadcrumb\"},\"inLanguage\":\"de\",\"potentialAction\":[{\"@type\":\"ReadAction\",\"target\":[\"https:\/\/www.m-q.ch\/it\/le-pmi-nellindustria-della-memoria-stanno-perdendo-slancio\/\"]}]},{\"@type\":\"ImageObject\",\"inLanguage\":\"de\",\"@id\":\"https:\/\/www.m-q.ch\/it\/le-pmi-nellindustria-della-memoria-stanno-perdendo-slancio\/#primaryimage\",\"url\":\"https:\/\/www.m-q.ch\/wp-content\/uploads\/2016\/12\/KMU-der-MEM-Industrie-verlieren-weiter-an-Dynamik-management-und-qualitaet.jpg\",\"contentUrl\":\"https:\/\/www.m-q.ch\/wp-content\/uploads\/2016\/12\/KMU-der-MEM-Industrie-verlieren-weiter-an-Dynamik-management-und-qualitaet.jpg\",\"width\":448,\"height\":292,\"caption\":\"(Bild: depositphotos)\"},{\"@type\":\"BreadcrumbList\",\"@id\":\"https:\/\/www.m-q.ch\/it\/le-pmi-nellindustria-della-memoria-stanno-perdendo-slancio\/#breadcrumb\",\"itemListElement\":[{\"@type\":\"ListItem\",\"position\":1,\"name\":\"Unkategorisiert\",\"item\":\"https:\/\/www.m-q.ch\/it\/categoria\/senza-categoria\/\"},{\"@type\":\"ListItem\",\"position\":2,\"name\":\"KMU der MEM-Industrie verlieren weiter an Dynamik\"}]},{\"@type\":\"WebSite\",\"@id\":\"https:\/\/www.m-q.ch\/fr\/#website\",\"url\":\"https:\/\/www.m-q.ch\/fr\/\",\"name\":\"MQ Management und Qualit\u00e4t\",\"description\":\"Plattform f\u00fcr integrierte Managementsysteme.\",\"publisher\":{\"@id\":\"https:\/\/www.m-q.ch\/fr\/#organization\"},\"potentialAction\":[{\"@type\":\"SearchAction\",\"target\":{\"@type\":\"EntryPoint\",\"urlTemplate\":\"https:\/\/www.m-q.ch\/fr\/?s={search_term_string}\"},\"query-input\":{\"@type\":\"PropertyValueSpecification\",\"valueRequired\":true,\"valueName\":\"search_term_string\"}}],\"inLanguage\":\"de\"},{\"@type\":\"Organization\",\"@id\":\"https:\/\/www.m-q.ch\/fr\/#organization\",\"name\":\"Galledia Fachmedien AG\",\"url\":\"https:\/\/www.m-q.ch\/fr\/\",\"logo\":{\"@type\":\"ImageObject\",\"inLanguage\":\"de\",\"@id\":\"https:\/\/www.m-q.ch\/fr\/#\/schema\/logo\/image\/\",\"url\":\"https:\/\/www.m-q.ch\/wp-content\/uploads\/2020\/12\/cropped-logo_small.png\",\"contentUrl\":\"https:\/\/www.m-q.ch\/wp-content\/uploads\/2020\/12\/cropped-logo_small.png\",\"width\":512,\"height\":512,\"caption\":\"Galledia Fachmedien AG\"},\"image\":{\"@id\":\"https:\/\/www.m-q.ch\/fr\/#\/schema\/logo\/image\/\"},\"sameAs\":[\"https:\/\/www.facebook.com\/ManagementUndQualitaet\",\"https:\/\/www.linkedin.com\/showcase\/17982321\/admin\/\"]},{\"@type\":\"Person\",\"@id\":\"https:\/\/www.m-q.ch\/fr\/#\/schema\/person\/c0139a2c55a374db6df2cde78ec87148\",\"name\":\"galledia\",\"image\":{\"@type\":\"ImageObject\",\"inLanguage\":\"de\",\"@id\":\"https:\/\/www.m-q.ch\/fr\/#\/schema\/person\/image\/\",\"url\":\"https:\/\/secure.gravatar.com\/avatar\/66edf527eac29e9a5eb25bcada01f61a?s=96&d=mm&r=g\",\"contentUrl\":\"https:\/\/secure.gravatar.com\/avatar\/66edf527eac29e9a5eb25bcada01f61a?s=96&d=mm&r=g\",\"caption\":\"galledia\"},\"url\":\"https:\/\/www.m-q.ch\/de\/author\/galledia\/\"}]}<\/script>\n<!-- \/ Yoast SEO plugin. -->","yoast_head_json":{"title":"KMU der MEM-Industrie verlieren weiter an Dynamik - MQ Management und Qualit\u00e4t","description":"Die MEM-Industrie (Maschinen-, Elektro- und Metallindustrie) ringt aufgrund des starken Franken weiter nach Luft.","robots":{"index":"index","follow":"follow","max-snippet":"max-snippet:-1","max-image-preview":"max-image-preview:large","max-video-preview":"max-video-preview:-1"},"canonical":"https:\/\/www.m-q.ch\/de\/kmu-der-mem-industrie-verlieren-weiter-an-dynamik\/","og_locale":"de_DE","og_type":"article","og_title":"KMU der MEM-Industrie verlieren weiter an Dynamik - MQ Management und Qualit\u00e4t","og_description":"Die MEM-Industrie (Maschinen-, Elektro- und Metallindustrie) ringt aufgrund des starken Franken weiter nach Luft.","og_url":"https:\/\/www.m-q.ch\/de\/kmu-der-mem-industrie-verlieren-weiter-an-dynamik\/","og_site_name":"MQ Management und Qualit\u00e4t","article_publisher":"https:\/\/www.facebook.com\/ManagementUndQualitaet","article_published_time":"2016-09-14T06:43:08+00:00","article_modified_time":"2017-03-01T07:56:30+00:00","og_image":[{"width":448,"height":292,"url":"https:\/\/www.m-q.ch\/wp-content\/uploads\/2016\/12\/KMU-der-MEM-Industrie-verlieren-weiter-an-Dynamik-management-und-qualitaet.jpg","type":"image\/jpeg"}],"author":"galledia","twitter_card":"summary_large_image","twitter_misc":{"Verfasst von":"galledia","Gesch\u00e4tzte Lesezeit":"1\u00a0Minute"},"schema":{"@context":"https:\/\/schema.org","@graph":[{"@type":"Article","@id":"https:\/\/www.m-q.ch\/it\/le-pmi-nellindustria-della-memoria-stanno-perdendo-slancio\/#article","isPartOf":{"@id":"https:\/\/www.m-q.ch\/it\/le-pmi-nellindustria-della-memoria-stanno-perdendo-slancio\/"},"author":{"name":"galledia","@id":"https:\/\/www.m-q.ch\/fr\/#\/schema\/person\/c0139a2c55a374db6df2cde78ec87148"},"headline":"KMU der MEM-Industrie verlieren weiter an Dynamik","datePublished":"2016-09-14T06:43:08+00:00","dateModified":"2017-03-01T07:56:30+00:00","mainEntityOfPage":{"@id":"https:\/\/www.m-q.ch\/it\/le-pmi-nellindustria-della-memoria-stanno-perdendo-slancio\/"},"wordCount":203,"commentCount":0,"publisher":{"@id":"https:\/\/www.m-q.ch\/fr\/#organization"},"image":{"@id":"https:\/\/www.m-q.ch\/it\/le-pmi-nellindustria-della-memoria-stanno-perdendo-slancio\/#primaryimage"},"thumbnailUrl":"https:\/\/www.m-q.ch\/wp-content\/uploads\/2016\/12\/KMU-der-MEM-Industrie-verlieren-weiter-an-Dynamik-management-und-qualitaet.jpg","keywords":["Studie"],"articleSection":["Unkategorisiert"],"inLanguage":"de"},{"@type":"WebPage","@id":"https:\/\/www.m-q.ch\/it\/le-pmi-nellindustria-della-memoria-stanno-perdendo-slancio\/","url":"https:\/\/www.m-q.ch\/it\/le-pmi-nellindustria-della-memoria-stanno-perdendo-slancio\/","name":"KMU der MEM-Industrie verlieren weiter an Dynamik - MQ Management und Qualit\u00e4t","isPartOf":{"@id":"https:\/\/www.m-q.ch\/fr\/#website"},"primaryImageOfPage":{"@id":"https:\/\/www.m-q.ch\/it\/le-pmi-nellindustria-della-memoria-stanno-perdendo-slancio\/#primaryimage"},"image":{"@id":"https:\/\/www.m-q.ch\/it\/le-pmi-nellindustria-della-memoria-stanno-perdendo-slancio\/#primaryimage"},"thumbnailUrl":"https:\/\/www.m-q.ch\/wp-content\/uploads\/2016\/12\/KMU-der-MEM-Industrie-verlieren-weiter-an-Dynamik-management-und-qualitaet.jpg","datePublished":"2016-09-14T06:43:08+00:00","dateModified":"2017-03-01T07:56:30+00:00","description":"Die MEM-Industrie (Maschinen-, Elektro- und Metallindustrie) ringt aufgrund des starken Franken weiter nach Luft.","breadcrumb":{"@id":"https:\/\/www.m-q.ch\/it\/le-pmi-nellindustria-della-memoria-stanno-perdendo-slancio\/#breadcrumb"},"inLanguage":"de","potentialAction":[{"@type":"ReadAction","target":["https:\/\/www.m-q.ch\/it\/le-pmi-nellindustria-della-memoria-stanno-perdendo-slancio\/"]}]},{"@type":"ImageObject","inLanguage":"de","@id":"https:\/\/www.m-q.ch\/it\/le-pmi-nellindustria-della-memoria-stanno-perdendo-slancio\/#primaryimage","url":"https:\/\/www.m-q.ch\/wp-content\/uploads\/2016\/12\/KMU-der-MEM-Industrie-verlieren-weiter-an-Dynamik-management-und-qualitaet.jpg","contentUrl":"https:\/\/www.m-q.ch\/wp-content\/uploads\/2016\/12\/KMU-der-MEM-Industrie-verlieren-weiter-an-Dynamik-management-und-qualitaet.jpg","width":448,"height":292,"caption":"(Bild: depositphotos)"},{"@type":"BreadcrumbList","@id":"https:\/\/www.m-q.ch\/it\/le-pmi-nellindustria-della-memoria-stanno-perdendo-slancio\/#breadcrumb","itemListElement":[{"@type":"ListItem","position":1,"name":"Unkategorisiert","item":"https:\/\/www.m-q.ch\/it\/categoria\/senza-categoria\/"},{"@type":"ListItem","position":2,"name":"KMU der MEM-Industrie verlieren weiter an Dynamik"}]},{"@type":"WebSite","@id":"https:\/\/www.m-q.ch\/fr\/#website","url":"https:\/\/www.m-q.ch\/fr\/","name":"MQ Management und Qualit\u00e4t","description":"Plattform f\u00fcr integrierte Managementsysteme.","publisher":{"@id":"https:\/\/www.m-q.ch\/fr\/#organization"},"potentialAction":[{"@type":"SearchAction","target":{"@type":"EntryPoint","urlTemplate":"https:\/\/www.m-q.ch\/fr\/?s={search_term_string}"},"query-input":{"@type":"PropertyValueSpecification","valueRequired":true,"valueName":"search_term_string"}}],"inLanguage":"de"},{"@type":"Organization","@id":"https:\/\/www.m-q.ch\/fr\/#organization","name":"Galledia Fachmedien AG","url":"https:\/\/www.m-q.ch\/fr\/","logo":{"@type":"ImageObject","inLanguage":"de","@id":"https:\/\/www.m-q.ch\/fr\/#\/schema\/logo\/image\/","url":"https:\/\/www.m-q.ch\/wp-content\/uploads\/2020\/12\/cropped-logo_small.png","contentUrl":"https:\/\/www.m-q.ch\/wp-content\/uploads\/2020\/12\/cropped-logo_small.png","width":512,"height":512,"caption":"Galledia Fachmedien AG"},"image":{"@id":"https:\/\/www.m-q.ch\/fr\/#\/schema\/logo\/image\/"},"sameAs":["https:\/\/www.facebook.com\/ManagementUndQualitaet","https:\/\/www.linkedin.com\/showcase\/17982321\/admin\/"]},{"@type":"Person","@id":"https:\/\/www.m-q.ch\/fr\/#\/schema\/person\/c0139a2c55a374db6df2cde78ec87148","name":"galledia","image":{"@type":"ImageObject","inLanguage":"de","@id":"https:\/\/www.m-q.ch\/fr\/#\/schema\/person\/image\/","url":"https:\/\/secure.gravatar.com\/avatar\/66edf527eac29e9a5eb25bcada01f61a?s=96&d=mm&r=g","contentUrl":"https:\/\/secure.gravatar.com\/avatar\/66edf527eac29e9a5eb25bcada01f61a?s=96&d=mm&r=g","caption":"galledia"},"url":"https:\/\/www.m-q.ch\/de\/author\/galledia\/"}]}},"_links":{"self":[{"href":"https:\/\/www.m-q.ch\/de\/wp-json\/wp\/v2\/posts\/560","targetHints":{"allow":["GET"]}}],"collection":[{"href":"https:\/\/www.m-q.ch\/de\/wp-json\/wp\/v2\/posts"}],"about":[{"href":"https:\/\/www.m-q.ch\/de\/wp-json\/wp\/v2\/types\/post"}],"author":[{"embeddable":true,"href":"https:\/\/www.m-q.ch\/de\/wp-json\/wp\/v2\/users\/1"}],"replies":[{"embeddable":true,"href":"https:\/\/www.m-q.ch\/de\/wp-json\/wp\/v2\/comments?post=560"}],"version-history":[{"count":2,"href":"https:\/\/www.m-q.ch\/de\/wp-json\/wp\/v2\/posts\/560\/revisions"}],"predecessor-version":[{"id":1054,"href":"https:\/\/www.m-q.ch\/de\/wp-json\/wp\/v2\/posts\/560\/revisions\/1054"}],"wp:featuredmedia":[{"embeddable":true,"href":"https:\/\/www.m-q.ch\/de\/wp-json\/wp\/v2\/media\/153"}],"wp:attachment":[{"href":"https:\/\/www.m-q.ch\/de\/wp-json\/wp\/v2\/media?parent=560"}],"wp:term":[{"taxonomy":"category","embeddable":true,"href":"https:\/\/www.m-q.ch\/de\/wp-json\/wp\/v2\/categories?post=560"},{"taxonomy":"post_tag","embeddable":true,"href":"https:\/\/www.m-q.ch\/de\/wp-json\/wp\/v2\/tags?post=560"}],"curies":[{"name":"wp","href":"https:\/\/api.w.org\/{rel}","templated":true}]}}