{"id":571,"date":"2016-09-23T08:47:31","date_gmt":"2016-09-23T06:47:31","guid":{"rendered":"http:\/\/dev.m-q.ch\/?p=571"},"modified":"2017-03-01T08:51:09","modified_gmt":"2017-03-01T07:51:09","slug":"thomas-bachofner-wird-neuer-ceo-der-swisscom-health-ag","status":"publish","type":"post","link":"https:\/\/www.m-q.ch\/de\/thomas-bachofner-wird-neuer-ceo-der-swisscom-health-ag\/","title":{"rendered":"Thomas Bachofner wird neuer CEO der Swisscom Health AG"},"content":{"rendered":"<figure id=\"attachment_238\" aria-describedby=\"caption-attachment-238\" style=\"width: 640px\" class=\"wp-caption alignnone\"><a href=\"https:\/\/m-q.ch\/wp-content\/uploads\/2016\/12\/Thomas-Bachofner-wird-neuer-CEO-der-Swisscom-Health-AG-management-und-qualitaet.jpg\"><img loading=\"lazy\" decoding=\"async\" class=\"wp-image-238 size-full\" src=\"https:\/\/www.m-q.ch\/wp-content\/uploads\/2016\/12\/Thomas-Bachofner-wird-neuer-CEO-der-Swisscom-Health-AG-management-und-qualitaet.jpg\" width=\"640\" height=\"426\" srcset=\"https:\/\/www.m-q.ch\/wp-content\/uploads\/2016\/12\/Thomas-Bachofner-wird-neuer-CEO-der-Swisscom-Health-AG-management-und-qualitaet.jpg 640w, https:\/\/www.m-q.ch\/wp-content\/uploads\/2016\/12\/Thomas-Bachofner-wird-neuer-CEO-der-Swisscom-Health-AG-management-und-qualitaet-16x12.jpg 16w, https:\/\/www.m-q.ch\/wp-content\/uploads\/2016\/12\/Thomas-Bachofner-wird-neuer-CEO-der-Swisscom-Health-AG-management-und-qualitaet-263x175.jpg 263w, https:\/\/www.m-q.ch\/wp-content\/uploads\/2016\/12\/Thomas-Bachofner-wird-neuer-CEO-der-Swisscom-Health-AG-management-und-qualitaet-526x350.jpg 526w, https:\/\/www.m-q.ch\/wp-content\/uploads\/2016\/12\/Thomas-Bachofner-wird-neuer-CEO-der-Swisscom-Health-AG-management-und-qualitaet-300x200.jpg 300w, https:\/\/www.m-q.ch\/wp-content\/uploads\/2016\/12\/Thomas-Bachofner-wird-neuer-CEO-der-Swisscom-Health-AG-management-und-qualitaet-624x415.jpg 624w\" sizes=\"auto, (max-width: 640px) 100vw, 640px\" \/><\/a><figcaption id=\"caption-attachment-238\" class=\"wp-caption-text\">Thomas Bachofner, neuer CEO der Swisscom Health AG. (BIild: ZvG)<\/figcaption><\/figure>\n<p>Swisscom Health AG setzt sich unter dem neu ernannten CEO Thomas Bachofner auch in Zukunft f\u00fcr die Digitalisierung und Vernetzung im Gesundheitsweisen ein.<\/p>\n<p>Die eingeschlagene Strategie wird damit weiter verfolgt. In den vergangenen f\u00fcnf Jahren hat Swisscom Health AG einen Kundenstamm von 2\u2018000 \u00c4rzten, 200 Spit\u00e4lern, 70 Versicherungen, 200 Apotheken, f\u00fcnf Kantonen sowie zahlreichen Labors und R\u00f6ntgen-Instituten aufgebaut. Zudem wurde 2016 das Kompetenzzentrum f\u00fcr Krankenkassen-Outsourcing etabliert, das heute die Kern-IT von Sanitas betreibt.<\/p>\n<p>Die Digitalisierung im Gesundheitswesen reift rascher denn je und bald startet mit dem Inkrafttreten des EPDG eine wegweisende Phase. Swisscom Health AG arbeitet bereits an diversen Vernetzungsprojekten in Z\u00fcrich, Solothurn, Bern und Liechtenstein.<\/p>\n<p>Thomas Bachofner stiess 2010 als Leiter Strategie f\u00fcr das KMU-Segment zu Swisscom. Unter seiner F\u00fchrung entstand die Digitalisierungsstrategie, die er anschliessend als Verantwortlicher f\u00fcr Produktmanagement und Vermarktung in Kooperation mit den KMU-Kunden erfolgreich umsetzte. Vor seiner T\u00e4tigkeit f\u00fcr Swisscom hatte Bachofner verschiedene Management Positionen bei IBM und Accenture inne. Der 45j\u00e4hrige Z\u00fcrcher studierte an der Universit\u00e4t Bern \u00d6konomie und Politikwissenschaften. Thomas Bachofner \u00fcbernimmt die Leitung der Swisscom Health AG per 1. Dezember 2016.<\/p>\n<p><a href=\"http:\/\/www.swisscom.ch\" target=\"_blank\" rel=\"noreferrer\" data-cke-saved-href=\"http:\/\/www.swisscom.ch\">http:\/\/www.swisscom.ch<\/a><\/p>\n","protected":false},"excerpt":{"rendered":"<p>Swisscom Health AG setzt sich unter dem neu ernannten CEO Thomas Bachofner auch in Zukunft f\u00fcr die Digitalisierung und Vernetzung im Gesundheitsweisen ein. Die eingeschlagene Strategie wird damit weiter verfolgt. In den vergangenen f\u00fcnf Jahren hat Swisscom Health AG einen Kundenstamm von 2\u2018000 \u00c4rzten, 200 Spit\u00e4lern, 70 Versicherungen, 200 Apotheken, f\u00fcnf Kantonen sowie zahlreichen Labors [&hellip;]<\/p>\n","protected":false},"author":1,"featured_media":238,"comment_status":"open","ping_status":"open","sticky":false,"template":"","format":"standard","meta":{"_acf_changed":false,"footnotes":""},"categories":[1],"tags":[3335],"class_list":["post-571","post","type-post","status-publish","format-standard","has-post-thumbnail","hentry","category-unkategorisiert","tag-personalia"],"acf":[],"yoast_head":"<!-- This site is optimized with the Yoast SEO plugin v26.2 - https:\/\/yoast.com\/wordpress\/plugins\/seo\/ -->\n<title>Thomas Bachofner wird neuer CEO der Swisscom Health AG - MQ Management und Qualit\u00e4t<\/title>\n<meta name=\"description\" content=\"Swisscom ernennt Thomas Bachofner zum neuen CEO der Swisscom Health AG.\" \/>\n<meta name=\"robots\" content=\"index, follow, max-snippet:-1, max-image-preview:large, max-video-preview:-1\" \/>\n<link rel=\"canonical\" href=\"https:\/\/www.m-q.ch\/de\/thomas-bachofner-wird-neuer-ceo-der-swisscom-health-ag\/\" \/>\n<meta property=\"og:locale\" content=\"de_DE\" \/>\n<meta property=\"og:type\" content=\"article\" \/>\n<meta property=\"og:title\" content=\"Thomas Bachofner wird neuer CEO der Swisscom Health AG - MQ Management und Qualit\u00e4t\" \/>\n<meta property=\"og:description\" content=\"Swisscom ernennt Thomas Bachofner zum neuen CEO der Swisscom Health AG.\" \/>\n<meta property=\"og:url\" content=\"https:\/\/www.m-q.ch\/de\/thomas-bachofner-wird-neuer-ceo-der-swisscom-health-ag\/\" \/>\n<meta property=\"og:site_name\" content=\"MQ Management und Qualit\u00e4t\" \/>\n<meta property=\"article:publisher\" content=\"https:\/\/www.facebook.com\/ManagementUndQualitaet\" \/>\n<meta property=\"article:published_time\" content=\"2016-09-23T06:47:31+00:00\" \/>\n<meta property=\"article:modified_time\" content=\"2017-03-01T07:51:09+00:00\" \/>\n<meta property=\"og:image\" content=\"https:\/\/www.m-q.ch\/wp-content\/uploads\/2016\/12\/Thomas-Bachofner-wird-neuer-CEO-der-Swisscom-Health-AG-management-und-qualitaet.jpg\" \/>\n\t<meta property=\"og:image:width\" content=\"640\" \/>\n\t<meta property=\"og:image:height\" content=\"426\" \/>\n\t<meta property=\"og:image:type\" content=\"image\/jpeg\" \/>\n<meta name=\"author\" content=\"galledia\" \/>\n<meta name=\"twitter:card\" content=\"summary_large_image\" \/>\n<meta name=\"twitter:label1\" content=\"Verfasst von\" \/>\n\t<meta name=\"twitter:data1\" content=\"galledia\" \/>\n\t<meta name=\"twitter:label2\" content=\"Gesch\u00e4tzte Lesezeit\" \/>\n\t<meta name=\"twitter:data2\" content=\"1\u00a0Minute\" \/>\n<script type=\"application\/ld+json\" class=\"yoast-schema-graph\">{\"@context\":\"https:\/\/schema.org\",\"@graph\":[{\"@type\":\"Article\",\"@id\":\"https:\/\/www.m-q.ch\/en\/thomas-bachofner-will-new-ceo-of-swisscom-health-ag\/#article\",\"isPartOf\":{\"@id\":\"https:\/\/www.m-q.ch\/en\/thomas-bachofner-will-new-ceo-of-swisscom-health-ag\/\"},\"author\":{\"name\":\"galledia\",\"@id\":\"https:\/\/www.m-q.ch\/fr\/#\/schema\/person\/c0139a2c55a374db6df2cde78ec87148\"},\"headline\":\"Thomas Bachofner wird neuer CEO der Swisscom Health AG\",\"datePublished\":\"2016-09-23T06:47:31+00:00\",\"dateModified\":\"2017-03-01T07:51:09+00:00\",\"mainEntityOfPage\":{\"@id\":\"https:\/\/www.m-q.ch\/en\/thomas-bachofner-will-new-ceo-of-swisscom-health-ag\/\"},\"wordCount\":216,\"commentCount\":0,\"publisher\":{\"@id\":\"https:\/\/www.m-q.ch\/fr\/#organization\"},\"image\":{\"@id\":\"https:\/\/www.m-q.ch\/en\/thomas-bachofner-will-new-ceo-of-swisscom-health-ag\/#primaryimage\"},\"thumbnailUrl\":\"https:\/\/www.m-q.ch\/wp-content\/uploads\/2016\/12\/Thomas-Bachofner-wird-neuer-CEO-der-Swisscom-Health-AG-management-und-qualitaet.jpg\",\"keywords\":[\"Personalia\"],\"articleSection\":[\"Unkategorisiert\"],\"inLanguage\":\"de\"},{\"@type\":\"WebPage\",\"@id\":\"https:\/\/www.m-q.ch\/en\/thomas-bachofner-will-new-ceo-of-swisscom-health-ag\/\",\"url\":\"https:\/\/www.m-q.ch\/en\/thomas-bachofner-will-new-ceo-of-swisscom-health-ag\/\",\"name\":\"Thomas Bachofner wird neuer CEO der Swisscom Health AG - MQ Management und Qualit\u00e4t\",\"isPartOf\":{\"@id\":\"https:\/\/www.m-q.ch\/fr\/#website\"},\"primaryImageOfPage\":{\"@id\":\"https:\/\/www.m-q.ch\/en\/thomas-bachofner-will-new-ceo-of-swisscom-health-ag\/#primaryimage\"},\"image\":{\"@id\":\"https:\/\/www.m-q.ch\/en\/thomas-bachofner-will-new-ceo-of-swisscom-health-ag\/#primaryimage\"},\"thumbnailUrl\":\"https:\/\/www.m-q.ch\/wp-content\/uploads\/2016\/12\/Thomas-Bachofner-wird-neuer-CEO-der-Swisscom-Health-AG-management-und-qualitaet.jpg\",\"datePublished\":\"2016-09-23T06:47:31+00:00\",\"dateModified\":\"2017-03-01T07:51:09+00:00\",\"description\":\"Swisscom ernennt Thomas Bachofner zum neuen CEO der Swisscom Health AG.\",\"breadcrumb\":{\"@id\":\"https:\/\/www.m-q.ch\/en\/thomas-bachofner-will-new-ceo-of-swisscom-health-ag\/#breadcrumb\"},\"inLanguage\":\"de\",\"potentialAction\":[{\"@type\":\"ReadAction\",\"target\":[\"https:\/\/www.m-q.ch\/en\/thomas-bachofner-will-new-ceo-of-swisscom-health-ag\/\"]}]},{\"@type\":\"ImageObject\",\"inLanguage\":\"de\",\"@id\":\"https:\/\/www.m-q.ch\/en\/thomas-bachofner-will-new-ceo-of-swisscom-health-ag\/#primaryimage\",\"url\":\"https:\/\/www.m-q.ch\/wp-content\/uploads\/2016\/12\/Thomas-Bachofner-wird-neuer-CEO-der-Swisscom-Health-AG-management-und-qualitaet.jpg\",\"contentUrl\":\"https:\/\/www.m-q.ch\/wp-content\/uploads\/2016\/12\/Thomas-Bachofner-wird-neuer-CEO-der-Swisscom-Health-AG-management-und-qualitaet.jpg\",\"width\":640,\"height\":426,\"caption\":\"Thomas Bachofner, neuer CEO der Swisscom Health AG. (BIild: ZvG)\"},{\"@type\":\"BreadcrumbList\",\"@id\":\"https:\/\/www.m-q.ch\/en\/thomas-bachofner-will-new-ceo-of-swisscom-health-ag\/#breadcrumb\",\"itemListElement\":[{\"@type\":\"ListItem\",\"position\":1,\"name\":\"Unkategorisiert\",\"item\":\"https:\/\/www.m-q.ch\/it\/categoria\/senza-categoria\/\"},{\"@type\":\"ListItem\",\"position\":2,\"name\":\"Thomas Bachofner wird neuer CEO der Swisscom Health AG\"}]},{\"@type\":\"WebSite\",\"@id\":\"https:\/\/www.m-q.ch\/fr\/#website\",\"url\":\"https:\/\/www.m-q.ch\/fr\/\",\"name\":\"MQ Management und Qualit\u00e4t\",\"description\":\"Plattform f\u00fcr integrierte Managementsysteme.\",\"publisher\":{\"@id\":\"https:\/\/www.m-q.ch\/fr\/#organization\"},\"potentialAction\":[{\"@type\":\"SearchAction\",\"target\":{\"@type\":\"EntryPoint\",\"urlTemplate\":\"https:\/\/www.m-q.ch\/fr\/?s={search_term_string}\"},\"query-input\":{\"@type\":\"PropertyValueSpecification\",\"valueRequired\":true,\"valueName\":\"search_term_string\"}}],\"inLanguage\":\"de\"},{\"@type\":\"Organization\",\"@id\":\"https:\/\/www.m-q.ch\/fr\/#organization\",\"name\":\"Galledia Fachmedien AG\",\"url\":\"https:\/\/www.m-q.ch\/fr\/\",\"logo\":{\"@type\":\"ImageObject\",\"inLanguage\":\"de\",\"@id\":\"https:\/\/www.m-q.ch\/fr\/#\/schema\/logo\/image\/\",\"url\":\"https:\/\/www.m-q.ch\/wp-content\/uploads\/2020\/12\/cropped-logo_small.png\",\"contentUrl\":\"https:\/\/www.m-q.ch\/wp-content\/uploads\/2020\/12\/cropped-logo_small.png\",\"width\":512,\"height\":512,\"caption\":\"Galledia Fachmedien AG\"},\"image\":{\"@id\":\"https:\/\/www.m-q.ch\/fr\/#\/schema\/logo\/image\/\"},\"sameAs\":[\"https:\/\/www.facebook.com\/ManagementUndQualitaet\",\"https:\/\/www.linkedin.com\/showcase\/17982321\/admin\/\"]},{\"@type\":\"Person\",\"@id\":\"https:\/\/www.m-q.ch\/fr\/#\/schema\/person\/c0139a2c55a374db6df2cde78ec87148\",\"name\":\"galledia\",\"image\":{\"@type\":\"ImageObject\",\"inLanguage\":\"de\",\"@id\":\"https:\/\/www.m-q.ch\/fr\/#\/schema\/person\/image\/\",\"url\":\"https:\/\/secure.gravatar.com\/avatar\/66edf527eac29e9a5eb25bcada01f61a?s=96&d=mm&r=g\",\"contentUrl\":\"https:\/\/secure.gravatar.com\/avatar\/66edf527eac29e9a5eb25bcada01f61a?s=96&d=mm&r=g\",\"caption\":\"galledia\"},\"url\":\"https:\/\/www.m-q.ch\/de\/author\/galledia\/\"}]}<\/script>\n<!-- \/ Yoast SEO plugin. -->","yoast_head_json":{"title":"Thomas Bachofner wird neuer CEO der Swisscom Health AG - MQ Management und Qualit\u00e4t","description":"Swisscom ernennt Thomas Bachofner zum neuen CEO der Swisscom Health AG.","robots":{"index":"index","follow":"follow","max-snippet":"max-snippet:-1","max-image-preview":"max-image-preview:large","max-video-preview":"max-video-preview:-1"},"canonical":"https:\/\/www.m-q.ch\/de\/thomas-bachofner-wird-neuer-ceo-der-swisscom-health-ag\/","og_locale":"de_DE","og_type":"article","og_title":"Thomas Bachofner wird neuer CEO der Swisscom Health AG - MQ Management und Qualit\u00e4t","og_description":"Swisscom ernennt Thomas Bachofner zum neuen CEO der Swisscom Health AG.","og_url":"https:\/\/www.m-q.ch\/de\/thomas-bachofner-wird-neuer-ceo-der-swisscom-health-ag\/","og_site_name":"MQ Management und Qualit\u00e4t","article_publisher":"https:\/\/www.facebook.com\/ManagementUndQualitaet","article_published_time":"2016-09-23T06:47:31+00:00","article_modified_time":"2017-03-01T07:51:09+00:00","og_image":[{"width":640,"height":426,"url":"https:\/\/www.m-q.ch\/wp-content\/uploads\/2016\/12\/Thomas-Bachofner-wird-neuer-CEO-der-Swisscom-Health-AG-management-und-qualitaet.jpg","type":"image\/jpeg"}],"author":"galledia","twitter_card":"summary_large_image","twitter_misc":{"Verfasst von":"galledia","Gesch\u00e4tzte Lesezeit":"1\u00a0Minute"},"schema":{"@context":"https:\/\/schema.org","@graph":[{"@type":"Article","@id":"https:\/\/www.m-q.ch\/en\/thomas-bachofner-will-new-ceo-of-swisscom-health-ag\/#article","isPartOf":{"@id":"https:\/\/www.m-q.ch\/en\/thomas-bachofner-will-new-ceo-of-swisscom-health-ag\/"},"author":{"name":"galledia","@id":"https:\/\/www.m-q.ch\/fr\/#\/schema\/person\/c0139a2c55a374db6df2cde78ec87148"},"headline":"Thomas Bachofner wird neuer CEO der Swisscom Health AG","datePublished":"2016-09-23T06:47:31+00:00","dateModified":"2017-03-01T07:51:09+00:00","mainEntityOfPage":{"@id":"https:\/\/www.m-q.ch\/en\/thomas-bachofner-will-new-ceo-of-swisscom-health-ag\/"},"wordCount":216,"commentCount":0,"publisher":{"@id":"https:\/\/www.m-q.ch\/fr\/#organization"},"image":{"@id":"https:\/\/www.m-q.ch\/en\/thomas-bachofner-will-new-ceo-of-swisscom-health-ag\/#primaryimage"},"thumbnailUrl":"https:\/\/www.m-q.ch\/wp-content\/uploads\/2016\/12\/Thomas-Bachofner-wird-neuer-CEO-der-Swisscom-Health-AG-management-und-qualitaet.jpg","keywords":["Personalia"],"articleSection":["Unkategorisiert"],"inLanguage":"de"},{"@type":"WebPage","@id":"https:\/\/www.m-q.ch\/en\/thomas-bachofner-will-new-ceo-of-swisscom-health-ag\/","url":"https:\/\/www.m-q.ch\/en\/thomas-bachofner-will-new-ceo-of-swisscom-health-ag\/","name":"Thomas Bachofner wird neuer CEO der Swisscom Health AG - MQ Management und Qualit\u00e4t","isPartOf":{"@id":"https:\/\/www.m-q.ch\/fr\/#website"},"primaryImageOfPage":{"@id":"https:\/\/www.m-q.ch\/en\/thomas-bachofner-will-new-ceo-of-swisscom-health-ag\/#primaryimage"},"image":{"@id":"https:\/\/www.m-q.ch\/en\/thomas-bachofner-will-new-ceo-of-swisscom-health-ag\/#primaryimage"},"thumbnailUrl":"https:\/\/www.m-q.ch\/wp-content\/uploads\/2016\/12\/Thomas-Bachofner-wird-neuer-CEO-der-Swisscom-Health-AG-management-und-qualitaet.jpg","datePublished":"2016-09-23T06:47:31+00:00","dateModified":"2017-03-01T07:51:09+00:00","description":"Swisscom ernennt Thomas Bachofner zum neuen CEO der Swisscom Health AG.","breadcrumb":{"@id":"https:\/\/www.m-q.ch\/en\/thomas-bachofner-will-new-ceo-of-swisscom-health-ag\/#breadcrumb"},"inLanguage":"de","potentialAction":[{"@type":"ReadAction","target":["https:\/\/www.m-q.ch\/en\/thomas-bachofner-will-new-ceo-of-swisscom-health-ag\/"]}]},{"@type":"ImageObject","inLanguage":"de","@id":"https:\/\/www.m-q.ch\/en\/thomas-bachofner-will-new-ceo-of-swisscom-health-ag\/#primaryimage","url":"https:\/\/www.m-q.ch\/wp-content\/uploads\/2016\/12\/Thomas-Bachofner-wird-neuer-CEO-der-Swisscom-Health-AG-management-und-qualitaet.jpg","contentUrl":"https:\/\/www.m-q.ch\/wp-content\/uploads\/2016\/12\/Thomas-Bachofner-wird-neuer-CEO-der-Swisscom-Health-AG-management-und-qualitaet.jpg","width":640,"height":426,"caption":"Thomas Bachofner, neuer CEO der Swisscom Health AG. (BIild: ZvG)"},{"@type":"BreadcrumbList","@id":"https:\/\/www.m-q.ch\/en\/thomas-bachofner-will-new-ceo-of-swisscom-health-ag\/#breadcrumb","itemListElement":[{"@type":"ListItem","position":1,"name":"Unkategorisiert","item":"https:\/\/www.m-q.ch\/it\/categoria\/senza-categoria\/"},{"@type":"ListItem","position":2,"name":"Thomas Bachofner wird neuer CEO der Swisscom Health AG"}]},{"@type":"WebSite","@id":"https:\/\/www.m-q.ch\/fr\/#website","url":"https:\/\/www.m-q.ch\/fr\/","name":"MQ Management und Qualit\u00e4t","description":"Plattform f\u00fcr integrierte Managementsysteme.","publisher":{"@id":"https:\/\/www.m-q.ch\/fr\/#organization"},"potentialAction":[{"@type":"SearchAction","target":{"@type":"EntryPoint","urlTemplate":"https:\/\/www.m-q.ch\/fr\/?s={search_term_string}"},"query-input":{"@type":"PropertyValueSpecification","valueRequired":true,"valueName":"search_term_string"}}],"inLanguage":"de"},{"@type":"Organization","@id":"https:\/\/www.m-q.ch\/fr\/#organization","name":"Galledia Fachmedien AG","url":"https:\/\/www.m-q.ch\/fr\/","logo":{"@type":"ImageObject","inLanguage":"de","@id":"https:\/\/www.m-q.ch\/fr\/#\/schema\/logo\/image\/","url":"https:\/\/www.m-q.ch\/wp-content\/uploads\/2020\/12\/cropped-logo_small.png","contentUrl":"https:\/\/www.m-q.ch\/wp-content\/uploads\/2020\/12\/cropped-logo_small.png","width":512,"height":512,"caption":"Galledia Fachmedien AG"},"image":{"@id":"https:\/\/www.m-q.ch\/fr\/#\/schema\/logo\/image\/"},"sameAs":["https:\/\/www.facebook.com\/ManagementUndQualitaet","https:\/\/www.linkedin.com\/showcase\/17982321\/admin\/"]},{"@type":"Person","@id":"https:\/\/www.m-q.ch\/fr\/#\/schema\/person\/c0139a2c55a374db6df2cde78ec87148","name":"galledia","image":{"@type":"ImageObject","inLanguage":"de","@id":"https:\/\/www.m-q.ch\/fr\/#\/schema\/person\/image\/","url":"https:\/\/secure.gravatar.com\/avatar\/66edf527eac29e9a5eb25bcada01f61a?s=96&d=mm&r=g","contentUrl":"https:\/\/secure.gravatar.com\/avatar\/66edf527eac29e9a5eb25bcada01f61a?s=96&d=mm&r=g","caption":"galledia"},"url":"https:\/\/www.m-q.ch\/de\/author\/galledia\/"}]}},"_links":{"self":[{"href":"https:\/\/www.m-q.ch\/de\/wp-json\/wp\/v2\/posts\/571","targetHints":{"allow":["GET"]}}],"collection":[{"href":"https:\/\/www.m-q.ch\/de\/wp-json\/wp\/v2\/posts"}],"about":[{"href":"https:\/\/www.m-q.ch\/de\/wp-json\/wp\/v2\/types\/post"}],"author":[{"embeddable":true,"href":"https:\/\/www.m-q.ch\/de\/wp-json\/wp\/v2\/users\/1"}],"replies":[{"embeddable":true,"href":"https:\/\/www.m-q.ch\/de\/wp-json\/wp\/v2\/comments?post=571"}],"version-history":[{"count":2,"href":"https:\/\/www.m-q.ch\/de\/wp-json\/wp\/v2\/posts\/571\/revisions"}],"predecessor-version":[{"id":1049,"href":"https:\/\/www.m-q.ch\/de\/wp-json\/wp\/v2\/posts\/571\/revisions\/1049"}],"wp:featuredmedia":[{"embeddable":true,"href":"https:\/\/www.m-q.ch\/de\/wp-json\/wp\/v2\/media\/238"}],"wp:attachment":[{"href":"https:\/\/www.m-q.ch\/de\/wp-json\/wp\/v2\/media?parent=571"}],"wp:term":[{"taxonomy":"category","embeddable":true,"href":"https:\/\/www.m-q.ch\/de\/wp-json\/wp\/v2\/categories?post=571"},{"taxonomy":"post_tag","embeddable":true,"href":"https:\/\/www.m-q.ch\/de\/wp-json\/wp\/v2\/tags?post=571"}],"curies":[{"name":"wp","href":"https:\/\/api.w.org\/{rel}","templated":true}]}}