{"id":577,"date":"2016-09-27T08:49:58","date_gmt":"2016-09-27T06:49:58","guid":{"rendered":"http:\/\/dev.m-q.ch\/?p=577"},"modified":"2017-03-01T08:48:08","modified_gmt":"2017-03-01T07:48:08","slug":"wie-das-iot-unsere-gesellschaft-aendert","status":"publish","type":"post","link":"https:\/\/www.m-q.ch\/de\/wie-das-iot-unsere-gesellschaft-aendert\/","title":{"rendered":"Wie das IoT unsere Gesellschaft \u00e4ndert"},"content":{"rendered":"<figure id=\"attachment_252\" aria-describedby=\"caption-attachment-252\" style=\"width: 348px\" class=\"wp-caption alignnone\"><a href=\"https:\/\/m-q.ch\/wp-content\/uploads\/2016\/12\/Wie-das-IoT-unsere-Gesellschaft-\u00e4ndert-management-und-qualitaet.jpg\"><img loading=\"lazy\" decoding=\"async\" class=\"wp-image-252 size-full\" src=\"https:\/\/www.m-q.ch\/wp-content\/uploads\/2016\/12\/Wie-das-IoT-unsere-Gesellschaft-\u00e4ndert-management-und-qualitaet.jpg\" width=\"348\" height=\"519\" srcset=\"https:\/\/www.m-q.ch\/wp-content\/uploads\/2016\/12\/Wie-das-IoT-unsere-Gesellschaft-\u00e4ndert-management-und-qualitaet.jpg 348w, https:\/\/www.m-q.ch\/wp-content\/uploads\/2016\/12\/Wie-das-IoT-unsere-Gesellschaft-\u00e4ndert-management-und-qualitaet-8x12.jpg 8w, https:\/\/www.m-q.ch\/wp-content\/uploads\/2016\/12\/Wie-das-IoT-unsere-Gesellschaft-\u00e4ndert-management-und-qualitaet-117x175.jpg 117w, https:\/\/www.m-q.ch\/wp-content\/uploads\/2016\/12\/Wie-das-IoT-unsere-Gesellschaft-\u00e4ndert-management-und-qualitaet-235x350.jpg 235w, https:\/\/www.m-q.ch\/wp-content\/uploads\/2016\/12\/Wie-das-IoT-unsere-Gesellschaft-\u00e4ndert-management-und-qualitaet-300x447.jpg 300w\" sizes=\"auto, (max-width: 348px) 100vw, 348px\" \/><\/a><figcaption id=\"caption-attachment-252\" class=\"wp-caption-text\">(Bild: depositphoto)<\/figcaption><\/figure>\n<blockquote><p>Jedes Unternehmen muss f\u00fcr sich herausfinden, wie es von starren Wertsch\u00f6pfungsketten zu dynamischen Wertsch\u00f6pfungsnetzwerk kommt.<\/p><\/blockquote>\n<p>Das Diplomatic Council versteht das Internet of Things weit \u00fcber eine Technologie hinausgehend als einen Motor der Ver\u00e4nderung der Lebensgrundlagen der Menschheit. \u201eDas Internet of Things bildet die Br\u00fccke zwischen der Digitalisierung der Welt und der allt\u00e4glichen Realit\u00e4t und stellt damit eine fundamentale Evolution mit weitreichenden Folgen f\u00fcr die Zukunft der gesamten Zivilisation dar\u201c, erkl\u00e4rt der Sonderbeauftragte Dr. Michael Fuchs. Er verweist darauf, dass die Commission on Science and Technology der Vereinten Nationen IoT als ein Schl\u00fcsselthema in ihre Agenda bis 2030 aufgenommen hat.<\/p>\n<p><strong>Bessere Realtime Funktionen<\/strong><\/p>\n<p>Chairman Otto Schell erg\u00e4nzt: \u201eDas IoT erm\u00f6glicht eine andere Art der Zusammenarbeit durch die Transparenz und Geschwindigkeit der Technologie. F\u00fcr Unternehmen ist mit den Real-Time-Technologien und deren Verbreitung, zum Beispiel \u00fcber Smartphones oder offene Plattformen, die Markteintrittsh\u00fcrde niedriger als je zuvor. Dadurch ist der Effekt der Digitalisierung aus Marktsicht erkl\u00e4rbar. Aus Unternehmenssicht bedeutet Digitalisierung den Durchfluss von Daten zum Beispiel \u00fcber Sensoren in Gesch\u00e4ftsprozesse und in den Markt zum Beispiel \u00fcber Customer Relation. Mit anderen Worten, dass, was Digitalisierung ausmacht, ist der Durchfluss von Software in Transaktionen und Analyse.\u201c<\/p>\n<p><strong>Prinzipien, Normen, Regeln?<\/strong><\/p>\n<p>Regierungen, Privatsektor und Zivilgesellschaft sind gleichermassen gefordert, in ihren jeweiligen Rollen gemeinsame Prinzipien, Normen, Regeln und Vorgehensweisen zur Entscheidungsfindung zu erarbeiten, die die Weiterentwicklung und Nutzung der Digitalisierung bestimmen. Das Internet of Things steht f\u00fcr die Verl\u00e4ngerung des Internet in die reale Welt, so dass viele Alltagsgegenst\u00e4nde ein Teil des Internet werden. \u201eEine der Folgen ist der direkte Einfluss auf End-to-End-Gesch\u00e4ftsprozesse, also die dadurch erm\u00f6glichte durchg\u00e4ngige Automatisierung von Prozessen. In vielen Prozessketten entsteht dadurch eine Transparenz, die f\u00fcr viele Marktteilnehmer \u00fcberraschend und durchaus nicht immer erw\u00fcnscht ist\u201c, sagt DC Chairman Otto Schell.<\/p>\n<p><strong>Haupthebel der Transformation<\/strong><\/p>\n<p>DC Sonderbeauftragter Dr. Michael Fuchs erkl\u00e4rt: \u201eDie Vernetzung durch das Internet of Things wird sukzessive alle Branchen betreffen. \u00dcber den technologischen Fortschritt hinaus stehen dabei vor allem neue Gesch\u00e4ftsmodelle im Vordergrund, die durch die Vernetzung, die damit anfallenden Daten und deren Auswertung entstehen. Als die vier Hebel der digitalen Transformation gelten digitale Daten, die Automatisierung, der digitale Kundenzugang und die Vernetzung.<\/p>\n<p>Jedes Unternehmen muss f\u00fcr sich herausfinden, wie es von starren Wertsch\u00f6pfungsketten zu dynamischen Wertsch\u00f6pfungsnetzwerk kommt.<\/p>\n<p>Dies ist verbunden mit der Entwicklung neuer innovativer Gesch\u00e4ftsmodelle. Was im Umkehrschluss heisst, dass Unternehmen sich durchaus auf das jetzige Gesch\u00e4ftsmodell festlegen k\u00f6nnen mit dem Wissen, dass es befristet sein kann.\u201c<\/p>\n<p><strong>Fairer Ausgleich der Interessen<\/strong><\/p>\n<p>Das Diplomatic Council verfolgt das Ziel, dass die Chancen der Digitalisierung allen Menschen \u00fcberall auf der Welt gleichermassen zugute kommen. Das DC strebt dabei einen fairen Ausgleich der Interessen an, der m\u00f6glichst gleicherma\u00dfen allen L\u00e4ndern sowie der Zivilgesellschaft, der akademischen Welt und dem privatwirtschaftlichen Sektor rund um den Globus gerecht wird.<\/p>\n<p><em>Hierzu hat das Diplomatic Council unter <a href=\"http:\/\/www.diplomatic-council.org\" target=\"_blank\" rel=\"noreferrer\" data-cke-saved-href=\"http:\/\/www.diplomatic-council.org\">www.diplomatic-council.org<\/a> ein White Paper \u00fcber IoT (Autoren: Dr. Michael Fuchs und Otto Schell) ver\u00f6ffentlich.<\/em><\/p>\n<p><em>Es erg\u00e4nzt ein White Paper \u00fcber die Auswirkungen von Software auf Wirtschaft und Zivilgesellschaft (Autor: Andreas Espenschied), das ebenfalls unter <a href=\"http:\/\/www.diplomatic-council.org\" target=\"_blank\" rel=\"noreferrer\" data-cke-saved-href=\"http:\/\/www.diplomatic-council.org\">www.diplomatic-council.org<\/a> einsehbar ist.<\/em><\/p>\n<p>&nbsp;<\/p>\n","protected":false},"excerpt":{"rendered":"<p>Jedes Unternehmen muss f\u00fcr sich herausfinden, wie es von starren Wertsch\u00f6pfungsketten zu dynamischen Wertsch\u00f6pfungsnetzwerk kommt. Das Diplomatic Council versteht das Internet of Things weit \u00fcber eine Technologie hinausgehend als einen Motor der Ver\u00e4nderung der Lebensgrundlagen der Menschheit. \u201eDas Internet of Things bildet die Br\u00fccke zwischen der Digitalisierung der Welt und der allt\u00e4glichen Realit\u00e4t und stellt [&hellip;]<\/p>\n","protected":false},"author":1,"featured_media":252,"comment_status":"open","ping_status":"open","sticky":false,"template":"","format":"standard","meta":{"_acf_changed":false,"footnotes":""},"categories":[1],"tags":[3372],"class_list":["post-577","post","type-post","status-publish","format-standard","has-post-thumbnail","hentry","category-unkategorisiert","tag-digitalisierung"],"acf":[],"yoast_head":"<!-- This site is optimized with the Yoast SEO plugin v26.2 - https:\/\/yoast.com\/wordpress\/plugins\/seo\/ -->\n<title>Wie das IoT unsere Gesellschaft \u00e4ndert - MQ Management und Qualit\u00e4t<\/title>\n<meta name=\"description\" content=\"Das Internet der Dinge (Engl.: Internet of Things (IoT)) wird in den n\u00e4chsten Jahren das Alltagsleben von Milliarden von Menschen nachhaltig ver\u00e4ndern.\" \/>\n<meta name=\"robots\" content=\"index, follow, max-snippet:-1, max-image-preview:large, max-video-preview:-1\" \/>\n<link rel=\"canonical\" href=\"https:\/\/www.m-q.ch\/de\/wie-das-iot-unsere-gesellschaft-aendert\/\" \/>\n<meta property=\"og:locale\" content=\"de_DE\" \/>\n<meta property=\"og:type\" content=\"article\" \/>\n<meta property=\"og:title\" content=\"Wie das IoT unsere Gesellschaft \u00e4ndert - MQ Management und Qualit\u00e4t\" \/>\n<meta property=\"og:description\" content=\"Das Internet der Dinge (Engl.: Internet of Things (IoT)) wird in den n\u00e4chsten Jahren das Alltagsleben von Milliarden von Menschen nachhaltig ver\u00e4ndern.\" \/>\n<meta property=\"og:url\" content=\"https:\/\/www.m-q.ch\/de\/wie-das-iot-unsere-gesellschaft-aendert\/\" \/>\n<meta property=\"og:site_name\" content=\"MQ Management und Qualit\u00e4t\" \/>\n<meta property=\"article:publisher\" content=\"https:\/\/www.facebook.com\/ManagementUndQualitaet\" \/>\n<meta property=\"article:published_time\" content=\"2016-09-27T06:49:58+00:00\" \/>\n<meta property=\"article:modified_time\" content=\"2017-03-01T07:48:08+00:00\" \/>\n<meta property=\"og:image\" content=\"https:\/\/www.m-q.ch\/wp-content\/uploads\/2016\/12\/Wie-das-IoT-unsere-Gesellschaft-\u00e4ndert-management-und-qualitaet.jpg\" \/>\n\t<meta property=\"og:image:width\" content=\"348\" \/>\n\t<meta property=\"og:image:height\" content=\"519\" \/>\n\t<meta property=\"og:image:type\" content=\"image\/jpeg\" \/>\n<meta name=\"author\" content=\"galledia\" \/>\n<meta name=\"twitter:card\" content=\"summary_large_image\" \/>\n<meta name=\"twitter:label1\" content=\"Verfasst von\" \/>\n\t<meta name=\"twitter:data1\" content=\"galledia\" \/>\n\t<meta name=\"twitter:label2\" content=\"Gesch\u00e4tzte Lesezeit\" \/>\n\t<meta name=\"twitter:data2\" content=\"3\u00a0Minuten\" \/>\n<script type=\"application\/ld+json\" class=\"yoast-schema-graph\">{\"@context\":\"https:\/\/schema.org\",\"@graph\":[{\"@type\":\"Article\",\"@id\":\"https:\/\/www.m-q.ch\/de\/wie-das-iot-unsere-gesellschaft-aendert\/#article\",\"isPartOf\":{\"@id\":\"https:\/\/www.m-q.ch\/de\/wie-das-iot-unsere-gesellschaft-aendert\/\"},\"author\":{\"name\":\"galledia\",\"@id\":\"https:\/\/www.m-q.ch\/fr\/#\/schema\/person\/c0139a2c55a374db6df2cde78ec87148\"},\"headline\":\"Wie das IoT unsere Gesellschaft \u00e4ndert\",\"datePublished\":\"2016-09-27T06:49:58+00:00\",\"dateModified\":\"2017-03-01T07:48:08+00:00\",\"mainEntityOfPage\":{\"@id\":\"https:\/\/www.m-q.ch\/de\/wie-das-iot-unsere-gesellschaft-aendert\/\"},\"wordCount\":550,\"commentCount\":0,\"publisher\":{\"@id\":\"https:\/\/www.m-q.ch\/fr\/#organization\"},\"image\":{\"@id\":\"https:\/\/www.m-q.ch\/de\/wie-das-iot-unsere-gesellschaft-aendert\/#primaryimage\"},\"thumbnailUrl\":\"https:\/\/www.m-q.ch\/wp-content\/uploads\/2016\/12\/Wie-das-IoT-unsere-Gesellschaft-\u00e4ndert-management-und-qualitaet.jpg\",\"keywords\":[\"Digitalisierung\"],\"articleSection\":[\"Unkategorisiert\"],\"inLanguage\":\"de\"},{\"@type\":\"WebPage\",\"@id\":\"https:\/\/www.m-q.ch\/de\/wie-das-iot-unsere-gesellschaft-aendert\/\",\"url\":\"https:\/\/www.m-q.ch\/de\/wie-das-iot-unsere-gesellschaft-aendert\/\",\"name\":\"Wie das IoT unsere Gesellschaft \u00e4ndert - MQ Management und Qualit\u00e4t\",\"isPartOf\":{\"@id\":\"https:\/\/www.m-q.ch\/fr\/#website\"},\"primaryImageOfPage\":{\"@id\":\"https:\/\/www.m-q.ch\/de\/wie-das-iot-unsere-gesellschaft-aendert\/#primaryimage\"},\"image\":{\"@id\":\"https:\/\/www.m-q.ch\/de\/wie-das-iot-unsere-gesellschaft-aendert\/#primaryimage\"},\"thumbnailUrl\":\"https:\/\/www.m-q.ch\/wp-content\/uploads\/2016\/12\/Wie-das-IoT-unsere-Gesellschaft-\u00e4ndert-management-und-qualitaet.jpg\",\"datePublished\":\"2016-09-27T06:49:58+00:00\",\"dateModified\":\"2017-03-01T07:48:08+00:00\",\"description\":\"Das Internet der Dinge (Engl.: Internet of Things (IoT)) wird in den n\u00e4chsten Jahren das Alltagsleben von Milliarden von Menschen nachhaltig ver\u00e4ndern.\",\"breadcrumb\":{\"@id\":\"https:\/\/www.m-q.ch\/de\/wie-das-iot-unsere-gesellschaft-aendert\/#breadcrumb\"},\"inLanguage\":\"de\",\"potentialAction\":[{\"@type\":\"ReadAction\",\"target\":[\"https:\/\/www.m-q.ch\/de\/wie-das-iot-unsere-gesellschaft-aendert\/\"]}]},{\"@type\":\"ImageObject\",\"inLanguage\":\"de\",\"@id\":\"https:\/\/www.m-q.ch\/de\/wie-das-iot-unsere-gesellschaft-aendert\/#primaryimage\",\"url\":\"https:\/\/www.m-q.ch\/wp-content\/uploads\/2016\/12\/Wie-das-IoT-unsere-Gesellschaft-\u00e4ndert-management-und-qualitaet.jpg\",\"contentUrl\":\"https:\/\/www.m-q.ch\/wp-content\/uploads\/2016\/12\/Wie-das-IoT-unsere-Gesellschaft-\u00e4ndert-management-und-qualitaet.jpg\",\"width\":348,\"height\":519,\"caption\":\"(Bild: depositphoto)\"},{\"@type\":\"BreadcrumbList\",\"@id\":\"https:\/\/www.m-q.ch\/de\/wie-das-iot-unsere-gesellschaft-aendert\/#breadcrumb\",\"itemListElement\":[{\"@type\":\"ListItem\",\"position\":1,\"name\":\"Unkategorisiert\",\"item\":\"https:\/\/www.m-q.ch\/it\/categoria\/senza-categoria\/\"},{\"@type\":\"ListItem\",\"position\":2,\"name\":\"Wie das IoT unsere Gesellschaft \u00e4ndert\"}]},{\"@type\":\"WebSite\",\"@id\":\"https:\/\/www.m-q.ch\/fr\/#website\",\"url\":\"https:\/\/www.m-q.ch\/fr\/\",\"name\":\"MQ Management und Qualit\u00e4t\",\"description\":\"Plattform f\u00fcr integrierte Managementsysteme.\",\"publisher\":{\"@id\":\"https:\/\/www.m-q.ch\/fr\/#organization\"},\"potentialAction\":[{\"@type\":\"SearchAction\",\"target\":{\"@type\":\"EntryPoint\",\"urlTemplate\":\"https:\/\/www.m-q.ch\/fr\/?s={search_term_string}\"},\"query-input\":{\"@type\":\"PropertyValueSpecification\",\"valueRequired\":true,\"valueName\":\"search_term_string\"}}],\"inLanguage\":\"de\"},{\"@type\":\"Organization\",\"@id\":\"https:\/\/www.m-q.ch\/fr\/#organization\",\"name\":\"Galledia Fachmedien AG\",\"url\":\"https:\/\/www.m-q.ch\/fr\/\",\"logo\":{\"@type\":\"ImageObject\",\"inLanguage\":\"de\",\"@id\":\"https:\/\/www.m-q.ch\/fr\/#\/schema\/logo\/image\/\",\"url\":\"https:\/\/www.m-q.ch\/wp-content\/uploads\/2020\/12\/cropped-logo_small.png\",\"contentUrl\":\"https:\/\/www.m-q.ch\/wp-content\/uploads\/2020\/12\/cropped-logo_small.png\",\"width\":512,\"height\":512,\"caption\":\"Galledia Fachmedien AG\"},\"image\":{\"@id\":\"https:\/\/www.m-q.ch\/fr\/#\/schema\/logo\/image\/\"},\"sameAs\":[\"https:\/\/www.facebook.com\/ManagementUndQualitaet\",\"https:\/\/www.linkedin.com\/showcase\/17982321\/admin\/\"]},{\"@type\":\"Person\",\"@id\":\"https:\/\/www.m-q.ch\/fr\/#\/schema\/person\/c0139a2c55a374db6df2cde78ec87148\",\"name\":\"galledia\",\"image\":{\"@type\":\"ImageObject\",\"inLanguage\":\"de\",\"@id\":\"https:\/\/www.m-q.ch\/fr\/#\/schema\/person\/image\/\",\"url\":\"https:\/\/secure.gravatar.com\/avatar\/66edf527eac29e9a5eb25bcada01f61a?s=96&d=mm&r=g\",\"contentUrl\":\"https:\/\/secure.gravatar.com\/avatar\/66edf527eac29e9a5eb25bcada01f61a?s=96&d=mm&r=g\",\"caption\":\"galledia\"},\"url\":\"https:\/\/www.m-q.ch\/de\/author\/galledia\/\"}]}<\/script>\n<!-- \/ Yoast SEO plugin. -->","yoast_head_json":{"title":"Wie das IoT unsere Gesellschaft \u00e4ndert - MQ Management und Qualit\u00e4t","description":"Das Internet der Dinge (Engl.: Internet of Things (IoT)) wird in den n\u00e4chsten Jahren das Alltagsleben von Milliarden von Menschen nachhaltig ver\u00e4ndern.","robots":{"index":"index","follow":"follow","max-snippet":"max-snippet:-1","max-image-preview":"max-image-preview:large","max-video-preview":"max-video-preview:-1"},"canonical":"https:\/\/www.m-q.ch\/de\/wie-das-iot-unsere-gesellschaft-aendert\/","og_locale":"de_DE","og_type":"article","og_title":"Wie das IoT unsere Gesellschaft \u00e4ndert - MQ Management und Qualit\u00e4t","og_description":"Das Internet der Dinge (Engl.: Internet of Things (IoT)) wird in den n\u00e4chsten Jahren das Alltagsleben von Milliarden von Menschen nachhaltig ver\u00e4ndern.","og_url":"https:\/\/www.m-q.ch\/de\/wie-das-iot-unsere-gesellschaft-aendert\/","og_site_name":"MQ Management und Qualit\u00e4t","article_publisher":"https:\/\/www.facebook.com\/ManagementUndQualitaet","article_published_time":"2016-09-27T06:49:58+00:00","article_modified_time":"2017-03-01T07:48:08+00:00","og_image":[{"width":348,"height":519,"url":"https:\/\/www.m-q.ch\/wp-content\/uploads\/2016\/12\/Wie-das-IoT-unsere-Gesellschaft-\u00e4ndert-management-und-qualitaet.jpg","type":"image\/jpeg"}],"author":"galledia","twitter_card":"summary_large_image","twitter_misc":{"Verfasst von":"galledia","Gesch\u00e4tzte Lesezeit":"3\u00a0Minuten"},"schema":{"@context":"https:\/\/schema.org","@graph":[{"@type":"Article","@id":"https:\/\/www.m-q.ch\/de\/wie-das-iot-unsere-gesellschaft-aendert\/#article","isPartOf":{"@id":"https:\/\/www.m-q.ch\/de\/wie-das-iot-unsere-gesellschaft-aendert\/"},"author":{"name":"galledia","@id":"https:\/\/www.m-q.ch\/fr\/#\/schema\/person\/c0139a2c55a374db6df2cde78ec87148"},"headline":"Wie das IoT unsere Gesellschaft \u00e4ndert","datePublished":"2016-09-27T06:49:58+00:00","dateModified":"2017-03-01T07:48:08+00:00","mainEntityOfPage":{"@id":"https:\/\/www.m-q.ch\/de\/wie-das-iot-unsere-gesellschaft-aendert\/"},"wordCount":550,"commentCount":0,"publisher":{"@id":"https:\/\/www.m-q.ch\/fr\/#organization"},"image":{"@id":"https:\/\/www.m-q.ch\/de\/wie-das-iot-unsere-gesellschaft-aendert\/#primaryimage"},"thumbnailUrl":"https:\/\/www.m-q.ch\/wp-content\/uploads\/2016\/12\/Wie-das-IoT-unsere-Gesellschaft-\u00e4ndert-management-und-qualitaet.jpg","keywords":["Digitalisierung"],"articleSection":["Unkategorisiert"],"inLanguage":"de"},{"@type":"WebPage","@id":"https:\/\/www.m-q.ch\/de\/wie-das-iot-unsere-gesellschaft-aendert\/","url":"https:\/\/www.m-q.ch\/de\/wie-das-iot-unsere-gesellschaft-aendert\/","name":"Wie das IoT unsere Gesellschaft \u00e4ndert - MQ Management und Qualit\u00e4t","isPartOf":{"@id":"https:\/\/www.m-q.ch\/fr\/#website"},"primaryImageOfPage":{"@id":"https:\/\/www.m-q.ch\/de\/wie-das-iot-unsere-gesellschaft-aendert\/#primaryimage"},"image":{"@id":"https:\/\/www.m-q.ch\/de\/wie-das-iot-unsere-gesellschaft-aendert\/#primaryimage"},"thumbnailUrl":"https:\/\/www.m-q.ch\/wp-content\/uploads\/2016\/12\/Wie-das-IoT-unsere-Gesellschaft-\u00e4ndert-management-und-qualitaet.jpg","datePublished":"2016-09-27T06:49:58+00:00","dateModified":"2017-03-01T07:48:08+00:00","description":"Das Internet der Dinge (Engl.: Internet of Things (IoT)) wird in den n\u00e4chsten Jahren das Alltagsleben von Milliarden von Menschen nachhaltig ver\u00e4ndern.","breadcrumb":{"@id":"https:\/\/www.m-q.ch\/de\/wie-das-iot-unsere-gesellschaft-aendert\/#breadcrumb"},"inLanguage":"de","potentialAction":[{"@type":"ReadAction","target":["https:\/\/www.m-q.ch\/de\/wie-das-iot-unsere-gesellschaft-aendert\/"]}]},{"@type":"ImageObject","inLanguage":"de","@id":"https:\/\/www.m-q.ch\/de\/wie-das-iot-unsere-gesellschaft-aendert\/#primaryimage","url":"https:\/\/www.m-q.ch\/wp-content\/uploads\/2016\/12\/Wie-das-IoT-unsere-Gesellschaft-\u00e4ndert-management-und-qualitaet.jpg","contentUrl":"https:\/\/www.m-q.ch\/wp-content\/uploads\/2016\/12\/Wie-das-IoT-unsere-Gesellschaft-\u00e4ndert-management-und-qualitaet.jpg","width":348,"height":519,"caption":"(Bild: depositphoto)"},{"@type":"BreadcrumbList","@id":"https:\/\/www.m-q.ch\/de\/wie-das-iot-unsere-gesellschaft-aendert\/#breadcrumb","itemListElement":[{"@type":"ListItem","position":1,"name":"Unkategorisiert","item":"https:\/\/www.m-q.ch\/it\/categoria\/senza-categoria\/"},{"@type":"ListItem","position":2,"name":"Wie das IoT unsere Gesellschaft \u00e4ndert"}]},{"@type":"WebSite","@id":"https:\/\/www.m-q.ch\/fr\/#website","url":"https:\/\/www.m-q.ch\/fr\/","name":"MQ Management und Qualit\u00e4t","description":"Plattform f\u00fcr integrierte Managementsysteme.","publisher":{"@id":"https:\/\/www.m-q.ch\/fr\/#organization"},"potentialAction":[{"@type":"SearchAction","target":{"@type":"EntryPoint","urlTemplate":"https:\/\/www.m-q.ch\/fr\/?s={search_term_string}"},"query-input":{"@type":"PropertyValueSpecification","valueRequired":true,"valueName":"search_term_string"}}],"inLanguage":"de"},{"@type":"Organization","@id":"https:\/\/www.m-q.ch\/fr\/#organization","name":"Galledia Fachmedien AG","url":"https:\/\/www.m-q.ch\/fr\/","logo":{"@type":"ImageObject","inLanguage":"de","@id":"https:\/\/www.m-q.ch\/fr\/#\/schema\/logo\/image\/","url":"https:\/\/www.m-q.ch\/wp-content\/uploads\/2020\/12\/cropped-logo_small.png","contentUrl":"https:\/\/www.m-q.ch\/wp-content\/uploads\/2020\/12\/cropped-logo_small.png","width":512,"height":512,"caption":"Galledia Fachmedien AG"},"image":{"@id":"https:\/\/www.m-q.ch\/fr\/#\/schema\/logo\/image\/"},"sameAs":["https:\/\/www.facebook.com\/ManagementUndQualitaet","https:\/\/www.linkedin.com\/showcase\/17982321\/admin\/"]},{"@type":"Person","@id":"https:\/\/www.m-q.ch\/fr\/#\/schema\/person\/c0139a2c55a374db6df2cde78ec87148","name":"galledia","image":{"@type":"ImageObject","inLanguage":"de","@id":"https:\/\/www.m-q.ch\/fr\/#\/schema\/person\/image\/","url":"https:\/\/secure.gravatar.com\/avatar\/66edf527eac29e9a5eb25bcada01f61a?s=96&d=mm&r=g","contentUrl":"https:\/\/secure.gravatar.com\/avatar\/66edf527eac29e9a5eb25bcada01f61a?s=96&d=mm&r=g","caption":"galledia"},"url":"https:\/\/www.m-q.ch\/de\/author\/galledia\/"}]}},"_links":{"self":[{"href":"https:\/\/www.m-q.ch\/de\/wp-json\/wp\/v2\/posts\/577","targetHints":{"allow":["GET"]}}],"collection":[{"href":"https:\/\/www.m-q.ch\/de\/wp-json\/wp\/v2\/posts"}],"about":[{"href":"https:\/\/www.m-q.ch\/de\/wp-json\/wp\/v2\/types\/post"}],"author":[{"embeddable":true,"href":"https:\/\/www.m-q.ch\/de\/wp-json\/wp\/v2\/users\/1"}],"replies":[{"embeddable":true,"href":"https:\/\/www.m-q.ch\/de\/wp-json\/wp\/v2\/comments?post=577"}],"version-history":[{"count":2,"href":"https:\/\/www.m-q.ch\/de\/wp-json\/wp\/v2\/posts\/577\/revisions"}],"predecessor-version":[{"id":1046,"href":"https:\/\/www.m-q.ch\/de\/wp-json\/wp\/v2\/posts\/577\/revisions\/1046"}],"wp:featuredmedia":[{"embeddable":true,"href":"https:\/\/www.m-q.ch\/de\/wp-json\/wp\/v2\/media\/252"}],"wp:attachment":[{"href":"https:\/\/www.m-q.ch\/de\/wp-json\/wp\/v2\/media?parent=577"}],"wp:term":[{"taxonomy":"category","embeddable":true,"href":"https:\/\/www.m-q.ch\/de\/wp-json\/wp\/v2\/categories?post=577"},{"taxonomy":"post_tag","embeddable":true,"href":"https:\/\/www.m-q.ch\/de\/wp-json\/wp\/v2\/tags?post=577"}],"curies":[{"name":"wp","href":"https:\/\/api.w.org\/{rel}","templated":true}]}}