{"id":599,"date":"2016-10-12T09:13:06","date_gmt":"2016-10-12T07:13:06","guid":{"rendered":"http:\/\/dev.m-q.ch\/?p=599"},"modified":"2017-03-01T08:33:52","modified_gmt":"2017-03-01T07:33:52","slug":"gemeinsames-labordatenmanagement-zwischen-labfolder-und-max-planck-gesellschaft","status":"publish","type":"post","link":"https:\/\/www.m-q.ch\/de\/gemeinsames-labordatenmanagement-zwischen-labfolder-und-max-planck-gesellschaft\/","title":{"rendered":"Gemeinsames Labordatenmanagement zwischen labfolder und Max-Planck-Gesellschaft"},"content":{"rendered":"<figure id=\"attachment_125\" aria-describedby=\"caption-attachment-125\" style=\"width: 640px\" class=\"wp-caption alignnone\"><a href=\"https:\/\/m-q.ch\/wp-content\/uploads\/2016\/12\/Gemeinsames-Labordatenmanagement-zwischen-labfolder-und-Max-Planck-Gesellschaft-management-und-qualitaet.jpg\"><img loading=\"lazy\" decoding=\"async\" class=\"wp-image-125 size-full\" src=\"https:\/\/www.m-q.ch\/wp-content\/uploads\/2016\/12\/Gemeinsames-Labordatenmanagement-zwischen-labfolder-und-Max-Planck-Gesellschaft-management-und-qualitaet.jpg\" width=\"640\" height=\"427\" srcset=\"https:\/\/www.m-q.ch\/wp-content\/uploads\/2016\/12\/Gemeinsames-Labordatenmanagement-zwischen-labfolder-und-Max-Planck-Gesellschaft-management-und-qualitaet.jpg 640w, https:\/\/www.m-q.ch\/wp-content\/uploads\/2016\/12\/Gemeinsames-Labordatenmanagement-zwischen-labfolder-und-Max-Planck-Gesellschaft-management-und-qualitaet-16x12.jpg 16w, https:\/\/www.m-q.ch\/wp-content\/uploads\/2016\/12\/Gemeinsames-Labordatenmanagement-zwischen-labfolder-und-Max-Planck-Gesellschaft-management-und-qualitaet-262x175.jpg 262w, https:\/\/www.m-q.ch\/wp-content\/uploads\/2016\/12\/Gemeinsames-Labordatenmanagement-zwischen-labfolder-und-Max-Planck-Gesellschaft-management-und-qualitaet-525x350.jpg 525w, https:\/\/www.m-q.ch\/wp-content\/uploads\/2016\/12\/Gemeinsames-Labordatenmanagement-zwischen-labfolder-und-Max-Planck-Gesellschaft-management-und-qualitaet-300x200.jpg 300w, https:\/\/www.m-q.ch\/wp-content\/uploads\/2016\/12\/Gemeinsames-Labordatenmanagement-zwischen-labfolder-und-Max-Planck-Gesellschaft-management-und-qualitaet-624x416.jpg 624w\" sizes=\"auto, (max-width: 640px) 100vw, 640px\" \/><\/a><figcaption id=\"caption-attachment-125\" class=\"wp-caption-text\">Die Laborarbeit wird noch agiler und koordinierter. (Bild: labfolder GmbH)<\/figcaption><\/figure>\n<blockquote><p>\u201eBei den Wissenschaftlern in der Max-Planck-Gesellschaft gibt es aktuell einen enormen Bedarf nach Umstellung auf eine elektronische Laborbuchf\u00fchrung\u201c, erl\u00e4utert Dr. Frank Sander, Leiter der Max Planck Digital Library.<\/p><\/blockquote>\n<p>Damit wird weltweit erstmals ein Labordatenmanagement-Tool auf Ebene einer Forschungsorganisation \u00fcbergreifend f\u00fcr alle wissenschaftlichen Disziplinen von Physik, Chemie, Biowissenschaften bis hin zu Geisteswissenschaften bereitgestellt. Die Labordatenmanagement-Software von labfolder erlaubt Wissenschaftlern aller Fachrichtungen, wissenschaftliche Daten aus unterschiedlichen Datenquellen wie Rechner, Tablets und Laborger\u00e4ten zu erfassen, zu verkn\u00fcpfen und zu verwalten und dabei gleichzeitig Laborrichtlinien und Industriestandards einzuhalten.<\/p>\n<p><strong>Interkontinental aufgestellt \u00a0\u00a0<\/strong><\/p>\n<p>labfolder beschleunigt Forschung und Innovation und erleichtert die Datenanalyse und die Zusammenarbeit von Wissenschaftlern \u00fcber Abteilungen und Kontinente hinweg. labfolder kann auf lokalen Servern der Institute und einem zentralen Server installiert werden. Die Datenplattform von labfolder ist \u00e4usserst flexibel und kann von den Max-Planck-Wissenschaftlern selbst auf deren Bed\u00fcrfnisse angepasst werden.<\/p>\n<p>\u201eDie Lizenzvereinbarung mit der Max-Planck-Gesellschaft, eine der erfolgreichsten und renommiertesten Wissenschaftsorganisationen weltweit, ist ein wichtiger Meilenstein in der Entwicklung von labfolder\u201d, so Dr. Simon Bungers, CEO von labfolder.<\/p>\n<p>Das klassische papiergebundene Laborbuch ist f\u00fcr viele Wissenschaftler immer noch das zentrale informationstechnische Arbeitsinstrument durch dessen Eintr\u00e4ge Experimente und Hypothesen \u00fcberhaupt erst verst\u00e4ndlich und erhobene Daten interpretierbar werden. \u201eBei den Wissenschaftlern in der Max-Planck-Gesellschaft gibt es aktuell einen enormen Bedarf nach Umstellung auf eine elektronische Laborbuchf\u00fchrung\u201c, erl\u00e4utert Dr. Frank Sander, Leiter der Max Planck Digital Library, der zentralen Stelle f\u00fcr die Entwicklung und Bereitstellung von Informations- und Datenmanagementdiensten in der Max-Planck-Gesellschaft.<\/p>\n<p><strong>\u201eMedienbr\u00fcche\u201c unvorteilhaft<\/strong><\/p>\n<p>Medienbr\u00fcche bei der Verwendung einer Mischung aus Papiernotizb\u00fcchern, lokal gespeicherten Daten und Fileservern f\u00fcr das Datenmanagement haben zur Folge, dass die richtlinientreue Dokumentation, das Wiederfinden und das nachhaltige Verwerten von wissenschaftlichen Daten oft nur eingeschr\u00e4nkt m\u00f6glich sind. Zus\u00e4tzlich wachsen auch in der Wissenschaft und Medizin die Datenmengen exponentiell.<\/p>\n<p>Die Digitalisierung und Optimierung des Datenmanagements in Forschung und Klinik wird daher von Wissenschaftlern, Forschungseinrichtungen, Firmen und \u00f6ffentlichen Geldgebern und dem Gesetzgebern als richtungsweisender n\u00e4chster Schritt angesehen.<\/p>\n<p><a href=\"http:\/\/www.labfolder.com\" target=\"_blank\" rel=\"noreferrer\" data-cke-saved-href=\"http:\/\/www.labfolder.com\">www.labfolder.com<\/a><\/p>\n","protected":false},"excerpt":{"rendered":"<p>\u201eBei den Wissenschaftlern in der Max-Planck-Gesellschaft gibt es aktuell einen enormen Bedarf nach Umstellung auf eine elektronische Laborbuchf\u00fchrung\u201c, erl\u00e4utert Dr. Frank Sander, Leiter der Max Planck Digital Library. Damit wird weltweit erstmals ein Labordatenmanagement-Tool auf Ebene einer Forschungsorganisation \u00fcbergreifend f\u00fcr alle wissenschaftlichen Disziplinen von Physik, Chemie, Biowissenschaften bis hin zu Geisteswissenschaften bereitgestellt. Die Labordatenmanagement-Software von [&hellip;]<\/p>\n","protected":false},"author":1,"featured_media":125,"comment_status":"open","ping_status":"open","sticky":false,"template":"","format":"standard","meta":{"_acf_changed":false,"footnotes":""},"categories":[5],"tags":[3328,3383,3360],"class_list":["post-599","post","type-post","status-publish","format-standard","has-post-thumbnail","hentry","category-business_excellence","tag-business-excellence","tag-kooperation","tag-management-und-unternehmensfuehrung"],"acf":[],"yoast_head":"<!-- This site is optimized with the Yoast SEO plugin v26.2 - https:\/\/yoast.com\/wordpress\/plugins\/seo\/ -->\n<title>Gemeinsames Labordatenmanagement zwischen labfolder und Max-Planck-Gesellschaft - MQ Management und Qualit\u00e4t<\/title>\n<meta name=\"description\" content=\"Die labfolder GmbH und die Max-Planck-Gesellschaft geben heute die Unterzeichnung einer Lizenzvereinbarung bekannt.\" \/>\n<meta name=\"robots\" content=\"index, follow, max-snippet:-1, max-image-preview:large, max-video-preview:-1\" \/>\n<link rel=\"canonical\" href=\"https:\/\/www.m-q.ch\/de\/gemeinsames-labordatenmanagement-zwischen-labfolder-und-max-planck-gesellschaft\/\" \/>\n<meta property=\"og:locale\" content=\"de_DE\" \/>\n<meta property=\"og:type\" content=\"article\" \/>\n<meta property=\"og:title\" content=\"Gemeinsames Labordatenmanagement zwischen labfolder und Max-Planck-Gesellschaft - MQ Management und Qualit\u00e4t\" \/>\n<meta property=\"og:description\" content=\"Die labfolder GmbH und die Max-Planck-Gesellschaft geben heute die Unterzeichnung einer Lizenzvereinbarung bekannt.\" \/>\n<meta property=\"og:url\" content=\"https:\/\/www.m-q.ch\/de\/gemeinsames-labordatenmanagement-zwischen-labfolder-und-max-planck-gesellschaft\/\" \/>\n<meta property=\"og:site_name\" content=\"MQ Management und Qualit\u00e4t\" \/>\n<meta property=\"article:publisher\" content=\"https:\/\/www.facebook.com\/ManagementUndQualitaet\" \/>\n<meta property=\"article:published_time\" content=\"2016-10-12T07:13:06+00:00\" \/>\n<meta property=\"article:modified_time\" content=\"2017-03-01T07:33:52+00:00\" \/>\n<meta property=\"og:image\" content=\"https:\/\/www.m-q.ch\/wp-content\/uploads\/2016\/12\/Gemeinsames-Labordatenmanagement-zwischen-labfolder-und-Max-Planck-Gesellschaft-management-und-qualitaet.jpg\" \/>\n\t<meta property=\"og:image:width\" content=\"640\" \/>\n\t<meta property=\"og:image:height\" content=\"427\" \/>\n\t<meta property=\"og:image:type\" content=\"image\/jpeg\" \/>\n<meta name=\"author\" content=\"galledia\" \/>\n<meta name=\"twitter:card\" content=\"summary_large_image\" \/>\n<meta name=\"twitter:label1\" content=\"Verfasst von\" \/>\n\t<meta name=\"twitter:data1\" content=\"galledia\" \/>\n\t<meta name=\"twitter:label2\" content=\"Gesch\u00e4tzte Lesezeit\" \/>\n\t<meta name=\"twitter:data2\" content=\"2\u00a0Minuten\" \/>\n<script type=\"application\/ld+json\" class=\"yoast-schema-graph\">{\"@context\":\"https:\/\/schema.org\",\"@graph\":[{\"@type\":\"Article\",\"@id\":\"https:\/\/www.m-q.ch\/gemeinsames-labordatenmanagement-zwischen-labfolder-und-max-planck-gesellschaft\/#article\",\"isPartOf\":{\"@id\":\"https:\/\/www.m-q.ch\/gemeinsames-labordatenmanagement-zwischen-labfolder-und-max-planck-gesellschaft\/\"},\"author\":{\"name\":\"galledia\",\"@id\":\"https:\/\/www.m-q.ch\/fr\/#\/schema\/person\/c0139a2c55a374db6df2cde78ec87148\"},\"headline\":\"Gemeinsames Labordatenmanagement zwischen labfolder und Max-Planck-Gesellschaft\",\"datePublished\":\"2016-10-12T07:13:06+00:00\",\"dateModified\":\"2017-03-01T07:33:52+00:00\",\"mainEntityOfPage\":{\"@id\":\"https:\/\/www.m-q.ch\/gemeinsames-labordatenmanagement-zwischen-labfolder-und-max-planck-gesellschaft\/\"},\"wordCount\":358,\"commentCount\":0,\"publisher\":{\"@id\":\"https:\/\/www.m-q.ch\/fr\/#organization\"},\"image\":{\"@id\":\"https:\/\/www.m-q.ch\/gemeinsames-labordatenmanagement-zwischen-labfolder-und-max-planck-gesellschaft\/#primaryimage\"},\"thumbnailUrl\":\"https:\/\/www.m-q.ch\/wp-content\/uploads\/2016\/12\/Gemeinsames-Labordatenmanagement-zwischen-labfolder-und-Max-Planck-Gesellschaft-management-und-qualitaet.jpg\",\"keywords\":[\"Business Excellence\",\"Kooperation\",\"Management und Unternehmensf\u00fchrung\"],\"articleSection\":[\"Business Excellence\"],\"inLanguage\":\"de\"},{\"@type\":\"WebPage\",\"@id\":\"https:\/\/www.m-q.ch\/gemeinsames-labordatenmanagement-zwischen-labfolder-und-max-planck-gesellschaft\/\",\"url\":\"https:\/\/www.m-q.ch\/gemeinsames-labordatenmanagement-zwischen-labfolder-und-max-planck-gesellschaft\/\",\"name\":\"Gemeinsames Labordatenmanagement zwischen labfolder und Max-Planck-Gesellschaft - MQ Management und Qualit\u00e4t\",\"isPartOf\":{\"@id\":\"https:\/\/www.m-q.ch\/fr\/#website\"},\"primaryImageOfPage\":{\"@id\":\"https:\/\/www.m-q.ch\/gemeinsames-labordatenmanagement-zwischen-labfolder-und-max-planck-gesellschaft\/#primaryimage\"},\"image\":{\"@id\":\"https:\/\/www.m-q.ch\/gemeinsames-labordatenmanagement-zwischen-labfolder-und-max-planck-gesellschaft\/#primaryimage\"},\"thumbnailUrl\":\"https:\/\/www.m-q.ch\/wp-content\/uploads\/2016\/12\/Gemeinsames-Labordatenmanagement-zwischen-labfolder-und-Max-Planck-Gesellschaft-management-und-qualitaet.jpg\",\"datePublished\":\"2016-10-12T07:13:06+00:00\",\"dateModified\":\"2017-03-01T07:33:52+00:00\",\"description\":\"Die labfolder GmbH und die Max-Planck-Gesellschaft geben heute die Unterzeichnung einer Lizenzvereinbarung bekannt.\",\"breadcrumb\":{\"@id\":\"https:\/\/www.m-q.ch\/gemeinsames-labordatenmanagement-zwischen-labfolder-und-max-planck-gesellschaft\/#breadcrumb\"},\"inLanguage\":\"de\",\"potentialAction\":[{\"@type\":\"ReadAction\",\"target\":[\"https:\/\/www.m-q.ch\/gemeinsames-labordatenmanagement-zwischen-labfolder-und-max-planck-gesellschaft\/\"]}]},{\"@type\":\"ImageObject\",\"inLanguage\":\"de\",\"@id\":\"https:\/\/www.m-q.ch\/gemeinsames-labordatenmanagement-zwischen-labfolder-und-max-planck-gesellschaft\/#primaryimage\",\"url\":\"https:\/\/www.m-q.ch\/wp-content\/uploads\/2016\/12\/Gemeinsames-Labordatenmanagement-zwischen-labfolder-und-Max-Planck-Gesellschaft-management-und-qualitaet.jpg\",\"contentUrl\":\"https:\/\/www.m-q.ch\/wp-content\/uploads\/2016\/12\/Gemeinsames-Labordatenmanagement-zwischen-labfolder-und-Max-Planck-Gesellschaft-management-und-qualitaet.jpg\",\"width\":640,\"height\":427,\"caption\":\"Die Laborarbeit wird noch agiler und koordinierter. (Bild: labfolder GmbH)\"},{\"@type\":\"BreadcrumbList\",\"@id\":\"https:\/\/www.m-q.ch\/gemeinsames-labordatenmanagement-zwischen-labfolder-und-max-planck-gesellschaft\/#breadcrumb\",\"itemListElement\":[{\"@type\":\"ListItem\",\"position\":1,\"name\":\"Business Excellence\",\"item\":\"https:\/\/www.m-q.ch\/kategorie\/business_excellence\/\"},{\"@type\":\"ListItem\",\"position\":2,\"name\":\"Gemeinsames Labordatenmanagement zwischen labfolder und Max-Planck-Gesellschaft\"}]},{\"@type\":\"WebSite\",\"@id\":\"https:\/\/www.m-q.ch\/fr\/#website\",\"url\":\"https:\/\/www.m-q.ch\/fr\/\",\"name\":\"MQ Management und Qualit\u00e4t\",\"description\":\"Plattform f\u00fcr integrierte Managementsysteme.\",\"publisher\":{\"@id\":\"https:\/\/www.m-q.ch\/fr\/#organization\"},\"potentialAction\":[{\"@type\":\"SearchAction\",\"target\":{\"@type\":\"EntryPoint\",\"urlTemplate\":\"https:\/\/www.m-q.ch\/fr\/?s={search_term_string}\"},\"query-input\":{\"@type\":\"PropertyValueSpecification\",\"valueRequired\":true,\"valueName\":\"search_term_string\"}}],\"inLanguage\":\"de\"},{\"@type\":\"Organization\",\"@id\":\"https:\/\/www.m-q.ch\/fr\/#organization\",\"name\":\"Galledia Fachmedien AG\",\"url\":\"https:\/\/www.m-q.ch\/fr\/\",\"logo\":{\"@type\":\"ImageObject\",\"inLanguage\":\"de\",\"@id\":\"https:\/\/www.m-q.ch\/fr\/#\/schema\/logo\/image\/\",\"url\":\"https:\/\/www.m-q.ch\/wp-content\/uploads\/2020\/12\/cropped-logo_small.png\",\"contentUrl\":\"https:\/\/www.m-q.ch\/wp-content\/uploads\/2020\/12\/cropped-logo_small.png\",\"width\":512,\"height\":512,\"caption\":\"Galledia Fachmedien AG\"},\"image\":{\"@id\":\"https:\/\/www.m-q.ch\/fr\/#\/schema\/logo\/image\/\"},\"sameAs\":[\"https:\/\/www.facebook.com\/ManagementUndQualitaet\",\"https:\/\/www.linkedin.com\/showcase\/17982321\/admin\/\"]},{\"@type\":\"Person\",\"@id\":\"https:\/\/www.m-q.ch\/fr\/#\/schema\/person\/c0139a2c55a374db6df2cde78ec87148\",\"name\":\"galledia\",\"image\":{\"@type\":\"ImageObject\",\"inLanguage\":\"de\",\"@id\":\"https:\/\/www.m-q.ch\/fr\/#\/schema\/person\/image\/\",\"url\":\"https:\/\/secure.gravatar.com\/avatar\/66edf527eac29e9a5eb25bcada01f61a?s=96&d=mm&r=g\",\"contentUrl\":\"https:\/\/secure.gravatar.com\/avatar\/66edf527eac29e9a5eb25bcada01f61a?s=96&d=mm&r=g\",\"caption\":\"galledia\"},\"url\":\"https:\/\/www.m-q.ch\/de\/author\/galledia\/\"}]}<\/script>\n<!-- \/ Yoast SEO plugin. -->","yoast_head_json":{"title":"Gemeinsames Labordatenmanagement zwischen labfolder und Max-Planck-Gesellschaft - MQ Management und Qualit\u00e4t","description":"Die labfolder GmbH und die Max-Planck-Gesellschaft geben heute die Unterzeichnung einer Lizenzvereinbarung bekannt.","robots":{"index":"index","follow":"follow","max-snippet":"max-snippet:-1","max-image-preview":"max-image-preview:large","max-video-preview":"max-video-preview:-1"},"canonical":"https:\/\/www.m-q.ch\/de\/gemeinsames-labordatenmanagement-zwischen-labfolder-und-max-planck-gesellschaft\/","og_locale":"de_DE","og_type":"article","og_title":"Gemeinsames Labordatenmanagement zwischen labfolder und Max-Planck-Gesellschaft - MQ Management und Qualit\u00e4t","og_description":"Die labfolder GmbH und die Max-Planck-Gesellschaft geben heute die Unterzeichnung einer Lizenzvereinbarung bekannt.","og_url":"https:\/\/www.m-q.ch\/de\/gemeinsames-labordatenmanagement-zwischen-labfolder-und-max-planck-gesellschaft\/","og_site_name":"MQ Management und Qualit\u00e4t","article_publisher":"https:\/\/www.facebook.com\/ManagementUndQualitaet","article_published_time":"2016-10-12T07:13:06+00:00","article_modified_time":"2017-03-01T07:33:52+00:00","og_image":[{"width":640,"height":427,"url":"https:\/\/www.m-q.ch\/wp-content\/uploads\/2016\/12\/Gemeinsames-Labordatenmanagement-zwischen-labfolder-und-Max-Planck-Gesellschaft-management-und-qualitaet.jpg","type":"image\/jpeg"}],"author":"galledia","twitter_card":"summary_large_image","twitter_misc":{"Verfasst von":"galledia","Gesch\u00e4tzte Lesezeit":"2\u00a0Minuten"},"schema":{"@context":"https:\/\/schema.org","@graph":[{"@type":"Article","@id":"https:\/\/www.m-q.ch\/gemeinsames-labordatenmanagement-zwischen-labfolder-und-max-planck-gesellschaft\/#article","isPartOf":{"@id":"https:\/\/www.m-q.ch\/gemeinsames-labordatenmanagement-zwischen-labfolder-und-max-planck-gesellschaft\/"},"author":{"name":"galledia","@id":"https:\/\/www.m-q.ch\/fr\/#\/schema\/person\/c0139a2c55a374db6df2cde78ec87148"},"headline":"Gemeinsames Labordatenmanagement zwischen labfolder und Max-Planck-Gesellschaft","datePublished":"2016-10-12T07:13:06+00:00","dateModified":"2017-03-01T07:33:52+00:00","mainEntityOfPage":{"@id":"https:\/\/www.m-q.ch\/gemeinsames-labordatenmanagement-zwischen-labfolder-und-max-planck-gesellschaft\/"},"wordCount":358,"commentCount":0,"publisher":{"@id":"https:\/\/www.m-q.ch\/fr\/#organization"},"image":{"@id":"https:\/\/www.m-q.ch\/gemeinsames-labordatenmanagement-zwischen-labfolder-und-max-planck-gesellschaft\/#primaryimage"},"thumbnailUrl":"https:\/\/www.m-q.ch\/wp-content\/uploads\/2016\/12\/Gemeinsames-Labordatenmanagement-zwischen-labfolder-und-Max-Planck-Gesellschaft-management-und-qualitaet.jpg","keywords":["Business Excellence","Kooperation","Management und Unternehmensf\u00fchrung"],"articleSection":["Business Excellence"],"inLanguage":"de"},{"@type":"WebPage","@id":"https:\/\/www.m-q.ch\/gemeinsames-labordatenmanagement-zwischen-labfolder-und-max-planck-gesellschaft\/","url":"https:\/\/www.m-q.ch\/gemeinsames-labordatenmanagement-zwischen-labfolder-und-max-planck-gesellschaft\/","name":"Gemeinsames Labordatenmanagement zwischen labfolder und Max-Planck-Gesellschaft - MQ Management und Qualit\u00e4t","isPartOf":{"@id":"https:\/\/www.m-q.ch\/fr\/#website"},"primaryImageOfPage":{"@id":"https:\/\/www.m-q.ch\/gemeinsames-labordatenmanagement-zwischen-labfolder-und-max-planck-gesellschaft\/#primaryimage"},"image":{"@id":"https:\/\/www.m-q.ch\/gemeinsames-labordatenmanagement-zwischen-labfolder-und-max-planck-gesellschaft\/#primaryimage"},"thumbnailUrl":"https:\/\/www.m-q.ch\/wp-content\/uploads\/2016\/12\/Gemeinsames-Labordatenmanagement-zwischen-labfolder-und-Max-Planck-Gesellschaft-management-und-qualitaet.jpg","datePublished":"2016-10-12T07:13:06+00:00","dateModified":"2017-03-01T07:33:52+00:00","description":"Die labfolder GmbH und die Max-Planck-Gesellschaft geben heute die Unterzeichnung einer Lizenzvereinbarung bekannt.","breadcrumb":{"@id":"https:\/\/www.m-q.ch\/gemeinsames-labordatenmanagement-zwischen-labfolder-und-max-planck-gesellschaft\/#breadcrumb"},"inLanguage":"de","potentialAction":[{"@type":"ReadAction","target":["https:\/\/www.m-q.ch\/gemeinsames-labordatenmanagement-zwischen-labfolder-und-max-planck-gesellschaft\/"]}]},{"@type":"ImageObject","inLanguage":"de","@id":"https:\/\/www.m-q.ch\/gemeinsames-labordatenmanagement-zwischen-labfolder-und-max-planck-gesellschaft\/#primaryimage","url":"https:\/\/www.m-q.ch\/wp-content\/uploads\/2016\/12\/Gemeinsames-Labordatenmanagement-zwischen-labfolder-und-Max-Planck-Gesellschaft-management-und-qualitaet.jpg","contentUrl":"https:\/\/www.m-q.ch\/wp-content\/uploads\/2016\/12\/Gemeinsames-Labordatenmanagement-zwischen-labfolder-und-Max-Planck-Gesellschaft-management-und-qualitaet.jpg","width":640,"height":427,"caption":"Die Laborarbeit wird noch agiler und koordinierter. (Bild: labfolder GmbH)"},{"@type":"BreadcrumbList","@id":"https:\/\/www.m-q.ch\/gemeinsames-labordatenmanagement-zwischen-labfolder-und-max-planck-gesellschaft\/#breadcrumb","itemListElement":[{"@type":"ListItem","position":1,"name":"Business Excellence","item":"https:\/\/www.m-q.ch\/kategorie\/business_excellence\/"},{"@type":"ListItem","position":2,"name":"Gemeinsames Labordatenmanagement zwischen labfolder und Max-Planck-Gesellschaft"}]},{"@type":"WebSite","@id":"https:\/\/www.m-q.ch\/fr\/#website","url":"https:\/\/www.m-q.ch\/fr\/","name":"MQ Management und Qualit\u00e4t","description":"Plattform f\u00fcr integrierte Managementsysteme.","publisher":{"@id":"https:\/\/www.m-q.ch\/fr\/#organization"},"potentialAction":[{"@type":"SearchAction","target":{"@type":"EntryPoint","urlTemplate":"https:\/\/www.m-q.ch\/fr\/?s={search_term_string}"},"query-input":{"@type":"PropertyValueSpecification","valueRequired":true,"valueName":"search_term_string"}}],"inLanguage":"de"},{"@type":"Organization","@id":"https:\/\/www.m-q.ch\/fr\/#organization","name":"Galledia Fachmedien AG","url":"https:\/\/www.m-q.ch\/fr\/","logo":{"@type":"ImageObject","inLanguage":"de","@id":"https:\/\/www.m-q.ch\/fr\/#\/schema\/logo\/image\/","url":"https:\/\/www.m-q.ch\/wp-content\/uploads\/2020\/12\/cropped-logo_small.png","contentUrl":"https:\/\/www.m-q.ch\/wp-content\/uploads\/2020\/12\/cropped-logo_small.png","width":512,"height":512,"caption":"Galledia Fachmedien AG"},"image":{"@id":"https:\/\/www.m-q.ch\/fr\/#\/schema\/logo\/image\/"},"sameAs":["https:\/\/www.facebook.com\/ManagementUndQualitaet","https:\/\/www.linkedin.com\/showcase\/17982321\/admin\/"]},{"@type":"Person","@id":"https:\/\/www.m-q.ch\/fr\/#\/schema\/person\/c0139a2c55a374db6df2cde78ec87148","name":"galledia","image":{"@type":"ImageObject","inLanguage":"de","@id":"https:\/\/www.m-q.ch\/fr\/#\/schema\/person\/image\/","url":"https:\/\/secure.gravatar.com\/avatar\/66edf527eac29e9a5eb25bcada01f61a?s=96&d=mm&r=g","contentUrl":"https:\/\/secure.gravatar.com\/avatar\/66edf527eac29e9a5eb25bcada01f61a?s=96&d=mm&r=g","caption":"galledia"},"url":"https:\/\/www.m-q.ch\/de\/author\/galledia\/"}]}},"_links":{"self":[{"href":"https:\/\/www.m-q.ch\/de\/wp-json\/wp\/v2\/posts\/599","targetHints":{"allow":["GET"]}}],"collection":[{"href":"https:\/\/www.m-q.ch\/de\/wp-json\/wp\/v2\/posts"}],"about":[{"href":"https:\/\/www.m-q.ch\/de\/wp-json\/wp\/v2\/types\/post"}],"author":[{"embeddable":true,"href":"https:\/\/www.m-q.ch\/de\/wp-json\/wp\/v2\/users\/1"}],"replies":[{"embeddable":true,"href":"https:\/\/www.m-q.ch\/de\/wp-json\/wp\/v2\/comments?post=599"}],"version-history":[{"count":2,"href":"https:\/\/www.m-q.ch\/de\/wp-json\/wp\/v2\/posts\/599\/revisions"}],"predecessor-version":[{"id":1031,"href":"https:\/\/www.m-q.ch\/de\/wp-json\/wp\/v2\/posts\/599\/revisions\/1031"}],"wp:featuredmedia":[{"embeddable":true,"href":"https:\/\/www.m-q.ch\/de\/wp-json\/wp\/v2\/media\/125"}],"wp:attachment":[{"href":"https:\/\/www.m-q.ch\/de\/wp-json\/wp\/v2\/media?parent=599"}],"wp:term":[{"taxonomy":"category","embeddable":true,"href":"https:\/\/www.m-q.ch\/de\/wp-json\/wp\/v2\/categories?post=599"},{"taxonomy":"post_tag","embeddable":true,"href":"https:\/\/www.m-q.ch\/de\/wp-json\/wp\/v2\/tags?post=599"}],"curies":[{"name":"wp","href":"https:\/\/api.w.org\/{rel}","templated":true}]}}